
{"id":25512,"date":"2020-08-19T14:52:38","date_gmt":"2020-08-19T14:52:38","guid":{"rendered":"http:\/\/colegioarquitectos.com\/?p=25512"},"modified":"2020-09-08T14:12:11","modified_gmt":"2020-09-08T14:12:11","slug":"mejor-obra-de-arquitectura-del-ladrillo-sera-reconocida-a-traves-de-importante-premio-a-nivel-nacional","status":"publish","type":"post","link":"https:\/\/colegioarquitectos.com\/noticias\/?p=25512","title":{"rendered":"Mejor Obra de Arquitectura del Ladrillo ser\u00e1 reconocida a trav\u00e9s de importante premio a nivel nacional"},"content":{"rendered":"<p>La iniciativa \u2014organizada por la <strong>Facultad de Arquitectura y Arte de la Universidad del Desarrollo<\/strong> y <strong>Cer\u00e1mica Santiago<\/strong>\u2014, busca dar a conocer las obras en ladrillo a la vista de los mejores exponentes de la arquitectura nacional, as\u00ed como mostrar el valor arquitect\u00f3nico que tiene este recurso que forma parte de la identidad de nuestro pa\u00eds.<\/p>\n<p>La convocatoria se abrir\u00e1 el<strong> 1 de Septiembre hasta al 16 de octubre<\/strong>, y podr\u00e1n participar tanto oficinas de arquitectura, como arquitectos independientes cuyas <strong>obras est\u00e9n construidas en territorio nacional y utilicen el ladrillo como material predominante<\/strong>.<\/p>\n<p>La Mejor Obra de Arquitectura del Ladrillo contar\u00e1 con un jurado de expertos en la materia, que incluye, como presidente del jurado al decano de la Facultad de Arquitectura y Arte de la Universidad del Desarrollo, <strong>Pablo Allard<\/strong>; a la presidenta de la AOA, <strong>M\u00f3nica \u00c1lvarez de Oro<\/strong>; a la Head Of Community &amp; Partnerships de Plataforma Arquitectura \/ArchDaily, <strong>Pola Mora<\/strong>; al Presidente de la CCHC, <strong>Patricio Donoso<\/strong>; al presidente de Cer\u00e1mica Santiago, <strong>Hern\u00e1n Levy<\/strong>; al presidente del Colegio de Arquitectos, <strong>Humberto Eliash<\/strong>; y al director ejecutivo del Instituto de la Construcci\u00f3n, <strong>Carlos Alberto Urz\u00faa<\/strong>.<\/p>\n<p>Asimismo, las obras finalistas tambi\u00e9n contar\u00e1n con la votaci\u00f3n del p\u00fablico, quienes, entre el <strong>26 de octubre y el 8 de noviembre<\/strong> podr\u00e1n votar a trav\u00e9s del sitio web <a href=\"http:\/\/www.premioarquitecturadeladrillo.cl\">www.premioarquitecturadeladrillo.cl<\/a>.<\/p>\n<p>La premiaci\u00f3n se realizar\u00e1 el <strong>17 de noviembre de 2020<\/strong>, contando con 3 premios. Un primer lugar, ser\u00e1 para <strong>la Mejor Obra construida en ladrillo; una segunda menci\u00f3n a la Innovaci\u00f3n en el uso del ladrillo, y por \u00faltimo una tercera menci\u00f3n al arquitecto emergente<\/strong>.<\/p>\n<h3>Durante el 01 y el 04 de septiembre, se realizar\u00e1 la <strong>Semana del Ladrillo.<\/strong><\/h3>\n<p>La semana comenzar\u00e1 el <strong>martes 1 de septiembre, <\/strong>con la presencia del Decano de la Universidad del Desarrollo, <strong>Pablo Allard<\/strong>; el presidente de Cer\u00e1mica Santiago, <strong>Hern\u00e1n Levy<\/strong>; la Head Of Community &amp; Partnerships de Plataforma Arquitectura, <strong>Pola Mora<\/strong>; y la presidenta de AOA, <strong>M\u00f3nica \u00c1lvarez de Oro<\/strong>, quienes tendr\u00e1n un conversatorio desde los diferentes \u00e1mbitos profesionales de cada uno.<\/p>\n<p>Luego, el <strong>mi\u00e9rcoles 2 de septiembre, <\/strong>el arquitecto colombiano <strong>Daniel Moreno<\/strong>, expondr\u00e1 sobre la innovaci\u00f3n del ladrillo y la arquitectura internacional moderado por el arquitecto y curador, <strong>\u00c1lvaro Parraguez<\/strong>.<\/p>\n<p>Finalmente el <strong>jueves 3 de septiembre,<\/strong> se cerrar\u00e1 esta semana con una interesante charla de los arquitectos <strong>Humberto Eliash<\/strong> y <strong>Crist\u00f3bal Fern\u00e1ndez<\/strong> sobre la trascendencia de este material moderado por <strong>Pablo Allard<\/strong>.<\/p>\n<p><\/p>","protected":false},"excerpt":{"rendered":"<p>La iniciativa \u2014organizada por la Facultad de Arquitectura y Arte de la Universidad del Desarrollo y Cer\u00e1mica Santiago\u2014, busca dar a conocer las obras en ladrillo a la vista de los mejores exponentes de la arquitectura nacional, as\u00ed como mostrar &hellip; <a class=\"more-link\" href=\"https:\/\/colegioarquitectos.com\/noticias\/?p=25512\">ver m\u00e1s<\/a><\/p>","protected":false},"author":4,"featured_media":25584,"comment_status":"closed","ping_status":"closed","sticky":false,"template":"","format":"standard","meta":{"footnotes":""},"categories":[3],"tags":[],"class_list":["post-25512","post","type-post","status-publish","format-standard","has-post-thumbnail","hentry","category-noticias"],"yoast_head":"<!-- This site is optimized with the Yoast SEO plugin v24.2 - https:\/\/yoast.com\/wordpress\/plugins\/seo\/ -->\n<title>Mejor Obra de Arquitectura del Ladrillo ser\u00e1 reconocida a trav\u00e9s de importante premio a nivel nacional - COLEGIO DE ARQUITECTOS DE CHILE<\/title>\n<meta name=\"robots\" content=\"index, follow, max-snippet:-1, max-image-preview:large, max-video-preview:-1\" \/>\n<link rel=\"canonical\" href=\"https:\/\/colegioarquitectos.com\/noticias\/?p=25512\" \/>\n<meta property=\"og:locale\" content=\"es_ES\" \/>\n<meta property=\"og:type\" content=\"article\" \/>\n<meta property=\"og:title\" content=\"Mejor Obra de Arquitectura del Ladrillo ser\u00e1 reconocida a trav\u00e9s de importante premio a nivel nacional - COLEGIO DE ARQUITECTOS DE CHILE\" \/>\n<meta property=\"og:description\" content=\"La iniciativa \u2014organizada por la Facultad de Arquitectura y Arte de la Universidad del Desarrollo y Cer\u00e1mica Santiago\u2014, busca dar a conocer las obras en ladrillo a la vista de los mejores exponentes de la arquitectura nacional, as\u00ed como mostrar &hellip; ver m\u00e1s\" \/>\n<meta property=\"og:url\" content=\"https:\/\/colegioarquitectos.com\/noticias\/?p=25512\" \/>\n<meta property=\"og:site_name\" content=\"COLEGIO DE ARQUITECTOS DE CHILE\" \/>\n<meta property=\"article:publisher\" content=\"https:\/\/facebook.com\/Colegioarq\/\" \/>\n<meta property=\"article:published_time\" content=\"2020-08-19T14:52:38+00:00\" \/>\n<meta property=\"article:modified_time\" content=\"2020-09-08T14:12:11+00:00\" \/>\n<meta property=\"og:image\" content=\"https:\/\/colegioarquitectos.com\/noticias\/wp-content\/uploads\/2020\/08\/POSTULA-690-X-350-px.jpg\" \/>\n\t<meta property=\"og:image:width\" content=\"690\" \/>\n\t<meta property=\"og:image:height\" content=\"350\" \/>\n\t<meta property=\"og:image:type\" content=\"image\/jpeg\" \/>\n<meta name=\"author\" content=\"Colegio de Arquitectos de Chile\" \/>\n<meta name=\"twitter:card\" content=\"summary_large_image\" \/>\n<meta name=\"twitter:creator\" content=\"@colegioarq\" \/>\n<meta name=\"twitter:site\" content=\"@colegioarq\" \/>\n<meta name=\"twitter:label1\" content=\"Escrito por\" \/>\n\t<meta name=\"twitter:data1\" content=\"Colegio de Arquitectos de Chile\" \/>\n\t<meta name=\"twitter:label2\" content=\"Tiempo de lectura\" \/>\n\t<meta name=\"twitter:data2\" content=\"2 minutos\" \/>\n<script type=\"application\/ld+json\" class=\"yoast-schema-graph\">{\"@context\":\"https:\/\/schema.org\",\"@graph\":[{\"@type\":\"Article\",\"@id\":\"https:\/\/colegioarquitectos.com\/noticias\/?p=25512#article\",\"isPartOf\":{\"@id\":\"https:\/\/colegioarquitectos.com\/noticias\/?p=25512\"},\"author\":{\"name\":\"Colegio de Arquitectos de Chile\",\"@id\":\"https:\/\/colegioarquitectos.com\/noticias\/#\/schema\/person\/685cc0aad148303c5608f049af8285ad\"},\"headline\":\"Mejor Obra de Arquitectura del Ladrillo ser\u00e1 reconocida a trav\u00e9s de importante premio a nivel nacional\",\"datePublished\":\"2020-08-19T14:52:38+00:00\",\"dateModified\":\"2020-09-08T14:12:11+00:00\",\"mainEntityOfPage\":{\"@id\":\"https:\/\/colegioarquitectos.com\/noticias\/?p=25512\"},\"wordCount\":432,\"publisher\":{\"@id\":\"https:\/\/colegioarquitectos.com\/noticias\/#organization\"},\"image\":{\"@id\":\"https:\/\/colegioarquitectos.com\/noticias\/?p=25512#primaryimage\"},\"thumbnailUrl\":\"https:\/\/colegioarquitectos.com\/noticias\/wp-content\/uploads\/2020\/08\/POSTULA-690-X-350-px.jpg\",\"articleSection\":[\"Noticias\"],\"inLanguage\":\"es\"},{\"@type\":\"WebPage\",\"@id\":\"https:\/\/colegioarquitectos.com\/noticias\/?p=25512\",\"url\":\"https:\/\/colegioarquitectos.com\/noticias\/?p=25512\",\"name\":\"Mejor Obra de Arquitectura del Ladrillo ser\u00e1 reconocida a trav\u00e9s de importante premio a nivel nacional - COLEGIO DE ARQUITECTOS DE CHILE\",\"isPartOf\":{\"@id\":\"https:\/\/colegioarquitectos.com\/noticias\/#website\"},\"primaryImageOfPage\":{\"@id\":\"https:\/\/colegioarquitectos.com\/noticias\/?p=25512#primaryimage\"},\"image\":{\"@id\":\"https:\/\/colegioarquitectos.com\/noticias\/?p=25512#primaryimage\"},\"thumbnailUrl\":\"https:\/\/colegioarquitectos.com\/noticias\/wp-content\/uploads\/2020\/08\/POSTULA-690-X-350-px.jpg\",\"datePublished\":\"2020-08-19T14:52:38+00:00\",\"dateModified\":\"2020-09-08T14:12:11+00:00\",\"breadcrumb\":{\"@id\":\"https:\/\/colegioarquitectos.com\/noticias\/?p=25512#breadcrumb\"},\"inLanguage\":\"es\",\"potentialAction\":[{\"@type\":\"ReadAction\",\"target\":[\"https:\/\/colegioarquitectos.com\/noticias\/?p=25512\"]}]},{\"@type\":\"ImageObject\",\"inLanguage\":\"es\",\"@id\":\"https:\/\/colegioarquitectos.com\/noticias\/?p=25512#primaryimage\",\"url\":\"https:\/\/colegioarquitectos.com\/noticias\/wp-content\/uploads\/2020\/08\/POSTULA-690-X-350-px.jpg\",\"contentUrl\":\"https:\/\/colegioarquitectos.com\/noticias\/wp-content\/uploads\/2020\/08\/POSTULA-690-X-350-px.jpg\",\"width\":690,\"height\":350},{\"@type\":\"BreadcrumbList\",\"@id\":\"https:\/\/colegioarquitectos.com\/noticias\/?p=25512#breadcrumb\",\"itemListElement\":[{\"@type\":\"ListItem\",\"position\":1,\"name\":\"Portada\",\"item\":\"https:\/\/colegioarquitectos.com\/noticias\"},{\"@type\":\"ListItem\",\"position\":2,\"name\":\"Mejor Obra de Arquitectura del Ladrillo ser\u00e1 reconocida a trav\u00e9s de importante premio a nivel nacional\"}]},{\"@type\":\"WebSite\",\"@id\":\"https:\/\/colegioarquitectos.com\/noticias\/#website\",\"url\":\"https:\/\/colegioarquitectos.com\/noticias\/\",\"name\":\"COLEGIO DE ARQUITECTOS DE CHILE\",\"description\":\"\",\"publisher\":{\"@id\":\"https:\/\/colegioarquitectos.com\/noticias\/#organization\"},\"potentialAction\":[{\"@type\":\"SearchAction\",\"target\":{\"@type\":\"EntryPoint\",\"urlTemplate\":\"https:\/\/colegioarquitectos.com\/noticias\/?s={search_term_string}\"},\"query-input\":{\"@type\":\"PropertyValueSpecification\",\"valueRequired\":true,\"valueName\":\"search_term_string\"}}],\"inLanguage\":\"es\"},{\"@type\":\"Organization\",\"@id\":\"https:\/\/colegioarquitectos.com\/noticias\/#organization\",\"name\":\"COLEGIO DE ARQUITECTOS DE CHILE\",\"url\":\"https:\/\/colegioarquitectos.com\/noticias\/\",\"logo\":{\"@type\":\"ImageObject\",\"inLanguage\":\"es\",\"@id\":\"https:\/\/colegioarquitectos.com\/noticias\/#\/schema\/logo\/image\/\",\"url\":\"https:\/\/colegioarquitectos.com\/noticias\/wp-content\/uploads\/2021\/05\/ENCABEZADO-LOGO-CA.jpg\",\"contentUrl\":\"https:\/\/colegioarquitectos.com\/noticias\/wp-content\/uploads\/2021\/05\/ENCABEZADO-LOGO-CA.jpg\",\"width\":690,\"height\":350,\"caption\":\"COLEGIO DE ARQUITECTOS DE CHILE\"},\"image\":{\"@id\":\"https:\/\/colegioarquitectos.com\/noticias\/#\/schema\/logo\/image\/\"},\"sameAs\":[\"https:\/\/facebook.com\/Colegioarq\/\",\"https:\/\/x.com\/colegioarq\",\"https:\/\/instagram.com\/colegioarq\",\"https:\/\/youtube.com\/@ColegiodeArquitectosdeChile\"]},{\"@type\":\"Person\",\"@id\":\"https:\/\/colegioarquitectos.com\/noticias\/#\/schema\/person\/685cc0aad148303c5608f049af8285ad\",\"name\":\"Colegio de Arquitectos de Chile\",\"url\":\"https:\/\/colegioarquitectos.com\/noticias\/?author=4\"}]}<\/script>\n<!-- \/ Yoast SEO plugin. -->","yoast_head_json":{"title":"Mejor Obra de Arquitectura del Ladrillo ser\u00e1 reconocida a trav\u00e9s de importante premio a nivel nacional - COLEGIO DE ARQUITECTOS DE CHILE","robots":{"index":"index","follow":"follow","max-snippet":"max-snippet:-1","max-image-preview":"max-image-preview:large","max-video-preview":"max-video-preview:-1"},"canonical":"https:\/\/colegioarquitectos.com\/noticias\/?p=25512","og_locale":"es_ES","og_type":"article","og_title":"Mejor Obra de Arquitectura del Ladrillo ser\u00e1 reconocida a trav\u00e9s de importante premio a nivel nacional - COLEGIO DE ARQUITECTOS DE CHILE","og_description":"La iniciativa \u2014organizada por la Facultad de Arquitectura y Arte de la Universidad del Desarrollo y Cer\u00e1mica Santiago\u2014, busca dar a conocer las obras en ladrillo a la vista de los mejores exponentes de la arquitectura nacional, as\u00ed como mostrar &hellip; ver m\u00e1s","og_url":"https:\/\/colegioarquitectos.com\/noticias\/?p=25512","og_site_name":"COLEGIO DE ARQUITECTOS DE CHILE","article_publisher":"https:\/\/facebook.com\/Colegioarq\/","article_published_time":"2020-08-19T14:52:38+00:00","article_modified_time":"2020-09-08T14:12:11+00:00","og_image":[{"width":690,"height":350,"url":"https:\/\/colegioarquitectos.com\/noticias\/wp-content\/uploads\/2020\/08\/POSTULA-690-X-350-px.jpg","type":"image\/jpeg"}],"author":"Colegio de Arquitectos de Chile","twitter_card":"summary_large_image","twitter_creator":"@colegioarq","twitter_site":"@colegioarq","twitter_misc":{"Escrito por":"Colegio de Arquitectos de Chile","Tiempo de lectura":"2 minutos"},"schema":{"@context":"https:\/\/schema.org","@graph":[{"@type":"Article","@id":"https:\/\/colegioarquitectos.com\/noticias\/?p=25512#article","isPartOf":{"@id":"https:\/\/colegioarquitectos.com\/noticias\/?p=25512"},"author":{"name":"Colegio de Arquitectos de Chile","@id":"https:\/\/colegioarquitectos.com\/noticias\/#\/schema\/person\/685cc0aad148303c5608f049af8285ad"},"headline":"Mejor Obra de Arquitectura del Ladrillo ser\u00e1 reconocida a trav\u00e9s de importante premio a nivel nacional","datePublished":"2020-08-19T14:52:38+00:00","dateModified":"2020-09-08T14:12:11+00:00","mainEntityOfPage":{"@id":"https:\/\/colegioarquitectos.com\/noticias\/?p=25512"},"wordCount":432,"publisher":{"@id":"https:\/\/colegioarquitectos.com\/noticias\/#organization"},"image":{"@id":"https:\/\/colegioarquitectos.com\/noticias\/?p=25512#primaryimage"},"thumbnailUrl":"https:\/\/colegioarquitectos.com\/noticias\/wp-content\/uploads\/2020\/08\/POSTULA-690-X-350-px.jpg","articleSection":["Noticias"],"inLanguage":"es"},{"@type":"WebPage","@id":"https:\/\/colegioarquitectos.com\/noticias\/?p=25512","url":"https:\/\/colegioarquitectos.com\/noticias\/?p=25512","name":"Mejor Obra de Arquitectura del Ladrillo ser\u00e1 reconocida a trav\u00e9s de importante premio a nivel nacional - COLEGIO DE ARQUITECTOS DE CHILE","isPartOf":{"@id":"https:\/\/colegioarquitectos.com\/noticias\/#website"},"primaryImageOfPage":{"@id":"https:\/\/colegioarquitectos.com\/noticias\/?p=25512#primaryimage"},"image":{"@id":"https:\/\/colegioarquitectos.com\/noticias\/?p=25512#primaryimage"},"thumbnailUrl":"https:\/\/colegioarquitectos.com\/noticias\/wp-content\/uploads\/2020\/08\/POSTULA-690-X-350-px.jpg","datePublished":"2020-08-19T14:52:38+00:00","dateModified":"2020-09-08T14:12:11+00:00","breadcrumb":{"@id":"https:\/\/colegioarquitectos.com\/noticias\/?p=25512#breadcrumb"},"inLanguage":"es","potentialAction":[{"@type":"ReadAction","target":["https:\/\/colegioarquitectos.com\/noticias\/?p=25512"]}]},{"@type":"ImageObject","inLanguage":"es","@id":"https:\/\/colegioarquitectos.com\/noticias\/?p=25512#primaryimage","url":"https:\/\/colegioarquitectos.com\/noticias\/wp-content\/uploads\/2020\/08\/POSTULA-690-X-350-px.jpg","contentUrl":"https:\/\/colegioarquitectos.com\/noticias\/wp-content\/uploads\/2020\/08\/POSTULA-690-X-350-px.jpg","width":690,"height":350},{"@type":"BreadcrumbList","@id":"https:\/\/colegioarquitectos.com\/noticias\/?p=25512#breadcrumb","itemListElement":[{"@type":"ListItem","position":1,"name":"Portada","item":"https:\/\/colegioarquitectos.com\/noticias"},{"@type":"ListItem","position":2,"name":"Mejor Obra de Arquitectura del Ladrillo ser\u00e1 reconocida a trav\u00e9s de importante premio a nivel nacional"}]},{"@type":"WebSite","@id":"https:\/\/colegioarquitectos.com\/noticias\/#website","url":"https:\/\/colegioarquitectos.com\/noticias\/","name":"COLEGIO DE ARQUITECTOS DE CHILE","description":"","publisher":{"@id":"https:\/\/colegioarquitectos.com\/noticias\/#organization"},"potentialAction":[{"@type":"SearchAction","target":{"@type":"EntryPoint","urlTemplate":"https:\/\/colegioarquitectos.com\/noticias\/?s={search_term_string}"},"query-input":{"@type":"PropertyValueSpecification","valueRequired":true,"valueName":"search_term_string"}}],"inLanguage":"es"},{"@type":"Organization","@id":"https:\/\/colegioarquitectos.com\/noticias\/#organization","name":"COLEGIO DE ARQUITECTOS DE CHILE","url":"https:\/\/colegioarquitectos.com\/noticias\/","logo":{"@type":"ImageObject","inLanguage":"es","@id":"https:\/\/colegioarquitectos.com\/noticias\/#\/schema\/logo\/image\/","url":"https:\/\/colegioarquitectos.com\/noticias\/wp-content\/uploads\/2021\/05\/ENCABEZADO-LOGO-CA.jpg","contentUrl":"https:\/\/colegioarquitectos.com\/noticias\/wp-content\/uploads\/2021\/05\/ENCABEZADO-LOGO-CA.jpg","width":690,"height":350,"caption":"COLEGIO DE ARQUITECTOS DE CHILE"},"image":{"@id":"https:\/\/colegioarquitectos.com\/noticias\/#\/schema\/logo\/image\/"},"sameAs":["https:\/\/facebook.com\/Colegioarq\/","https:\/\/x.com\/colegioarq","https:\/\/instagram.com\/colegioarq","https:\/\/youtube.com\/@ColegiodeArquitectosdeChile"]},{"@type":"Person","@id":"https:\/\/colegioarquitectos.com\/noticias\/#\/schema\/person\/685cc0aad148303c5608f049af8285ad","name":"Colegio de Arquitectos de Chile","url":"https:\/\/colegioarquitectos.com\/noticias\/?author=4"}]}},"_links":{"self":[{"href":"https:\/\/colegioarquitectos.com\/noticias\/index.php?rest_route=\/wp\/v2\/posts\/25512","targetHints":{"allow":["GET"]}}],"collection":[{"href":"https:\/\/colegioarquitectos.com\/noticias\/index.php?rest_route=\/wp\/v2\/posts"}],"about":[{"href":"https:\/\/colegioarquitectos.com\/noticias\/index.php?rest_route=\/wp\/v2\/types\/post"}],"author":[{"embeddable":true,"href":"https:\/\/colegioarquitectos.com\/noticias\/index.php?rest_route=\/wp\/v2\/users\/4"}],"replies":[{"embeddable":true,"href":"https:\/\/colegioarquitectos.com\/noticias\/index.php?rest_route=%2Fwp%2Fv2%2Fcomments&post=25512"}],"version-history":[{"count":0,"href":"https:\/\/colegioarquitectos.com\/noticias\/index.php?rest_route=\/wp\/v2\/posts\/25512\/revisions"}],"wp:featuredmedia":[{"embeddable":true,"href":"https:\/\/colegioarquitectos.com\/noticias\/index.php?rest_route=\/wp\/v2\/media\/25584"}],"wp:attachment":[{"href":"https:\/\/colegioarquitectos.com\/noticias\/index.php?rest_route=%2Fwp%2Fv2%2Fmedia&parent=25512"}],"wp:term":[{"taxonomy":"category","embeddable":true,"href":"https:\/\/colegioarquitectos.com\/noticias\/index.php?rest_route=%2Fwp%2Fv2%2Fcategories&post=25512"},{"taxonomy":"post_tag","embeddable":true,"href":"https:\/\/colegioarquitectos.com\/noticias\/index.php?rest_route=%2Fwp%2Fv2%2Ftags&post=25512"}],"curies":[{"name":"wp","href":"https:\/\/api.w.org\/{rel}","templated":true}]}}