
{"id":25585,"date":"2020-10-06T16:48:33","date_gmt":"2020-10-06T16:48:33","guid":{"rendered":"http:\/\/colegioarquitectos.com\/?p=25585"},"modified":"2020-10-08T18:42:23","modified_gmt":"2020-10-08T18:42:23","slug":"citacion-a-asamblea-extraordinaria-9-de-octubre-de-2020","status":"publish","type":"post","link":"https:\/\/colegioarquitectos.com\/noticias\/?p=25585","title":{"rendered":"Citaci\u00f3n a Asamblea Extraordinaria: 9 de octubre de 2020"},"content":{"rendered":"<p>En virtud de lo dispuesto en el art\u00edculo 11 inciso tercero de los Estatutos vigentes, (Esto es, a solicitud por escrito al Directorio Nacional por un n\u00famero no inferior a cincuenta socios activos) el Directorio Nacional del Colegio de Arquitectos de Chile A.G., convoca a Asamblea Extraordinaria de Socios, en primera citaci\u00f3n, para el d\u00eda 09 de octubre de 2020, a las 18:00 horas y en segunda citaci\u00f3n para las 18:30 horas del mismo d\u00eda.<\/p>\n<p>La Asamblea se llevar\u00e1 a cabo v\u00eda plataforma Zoom, esto es, por medios tecnol\u00f3gicos o remotos, siguiendo las directrices del Oficio N\u00b02453 emitida por el Ministerio de Econom\u00eda, Fomento y Turismo, a prop\u00f3sito del brote mundial de SARS-CoV2. Se enviar\u00e1n en forma oportuna los datos de acceso a dicha plataforma.<\/p>\n<p>Los \u00fanicos temas a tratar en la Asamblea son los siguientes:<\/p>\n<p>&nbsp;<\/p>\n<ol>\n<li>Fijar la fecha de las pr\u00f3ximas elecciones generales.<\/li>\n<\/ol>\n<p>&nbsp;<\/p>\n<ol start=\"2\">\n<li>Nombrar una Comisi\u00f3n de Crisis que, en nombre de la Asamblea, supervise las acciones y resoluciones del Directorio Nacional, hasta su reemplazo por los nuevos miembros electos.<\/li>\n<\/ol>\n<p>&nbsp;<\/p>\n<ol start=\"3\">\n<li>Delegar en la citada Comisi\u00f3n de Crisis, en reemplazo del Directorio Nacional, las atribuciones sobre aplicar los estatutos, exigir su cumplimiento e interpretarlos en caso de dudas.<\/li>\n<\/ol>\n<p>&nbsp;<\/p>\n<ol start=\"4\">\n<li>Refrendar el ejercicio pleno de sus funciones de todos los cargos elegidos, Directorio Nacional, Mesa Directiva, Directores de Delegaciones, Tribunales de \u00c9tica, Comisi\u00f3n Calificadora de Elecciones y Comisi\u00f3n Revisora de Cuentas, vigentes al 30 de junio del 2020, hasta su reemplazo por los nuevos miembros electos.<\/li>\n<\/ol>\n<p>&nbsp;<\/p>\n<ol start=\"5\">\n<li>Mandatar a la Comisi\u00f3n de Crisis para, en caso que a su juicio ocurra un incumplimiento de los estatutos por parte del Directorio Nacional o alguno de sus miembros, convocar a una nueva Asamblea Extraordinaria para tomar las medidas atingentes, entre estas, la disoluci\u00f3n del actual Directorio<\/li>\n<\/ol>\n<p>&nbsp;<\/p>\n<p>Tendr\u00e1n derecho a participar todos los arquitectos socios que se encuentren activos en el padr\u00f3n del Colegio de Arquitectos.<\/p>\n<p>A 8 de septiembre de 2020.<\/p>\n<p>&nbsp;<\/p>\n<p><strong>EL DIRECTORIO<\/strong><\/p>\n<p>&nbsp;<\/p>\n<hr \/>\n<h3><a href=\"http:\/\/colegioarquitectos.com\/noticias\/wp-content\/uploads\/2020\/09\/Carta-al-Directorio.pdf\">&gt;&gt; Carta al Directorio Nacional &#8211; 7 de julio de 2020<\/a><\/h3>\n<hr \/>\n<h3>&gt;&gt; Inscr\u00edbete para ingresar a la sala Zoom<\/h3>\n<p><a href=\"https:\/\/us02web.zoom.us\/webinar\/register\/WN_X6ePF6tbR9W7roUUh90kQQ\">Formulario de inscripci\u00f3n &#8211; Asamblea Extraordinaria \/ 9 de octubre<\/a><\/p>\n<h5>** Si quieres participar en la Asamblea Extraordinaria, debes inscribirte ac\u00e1 para recibir tu link de entrada a la sala Zoom. Este link es \u00fanico e intransferible. La \u00fanica forma de ingresar es a trav\u00e9s de la inscripci\u00f3n. Los Colegiados o Colegiadas que se encuentren pasivos, podr\u00e1n seguir la transmisi\u00f3n en vivo de la Asamblea Extraordinaria a trav\u00e9s de FB Live en <a href=\"http:\/\/www.facebook.com\/colegioarq\">www.facebook.com\/colegioarq<\/a>.<\/h5>\n<p><\/p>","protected":false},"excerpt":{"rendered":"<p>En virtud de lo dispuesto en el art\u00edculo 11 inciso tercero de los Estatutos vigentes, (Esto es, a solicitud por escrito al Directorio Nacional por un n\u00famero no inferior a cincuenta socios activos) el Directorio Nacional del Colegio de Arquitectos &hellip; <a class=\"more-link\" href=\"https:\/\/colegioarquitectos.com\/noticias\/?p=25585\">ver m\u00e1s<\/a><\/p>","protected":false},"author":4,"featured_media":25736,"comment_status":"closed","ping_status":"closed","sticky":false,"template":"","format":"standard","meta":{"footnotes":""},"categories":[8],"tags":[],"class_list":["post-25585","post","type-post","status-publish","format-standard","has-post-thumbnail","hentry","category-colegio-de-arquitectos"],"yoast_head":"<!-- This site is optimized with the Yoast SEO plugin v24.2 - https:\/\/yoast.com\/wordpress\/plugins\/seo\/ -->\n<title>Citaci\u00f3n a Asamblea Extraordinaria: 9 de octubre de 2020 - COLEGIO DE ARQUITECTOS DE CHILE<\/title>\n<meta name=\"robots\" content=\"index, follow, max-snippet:-1, max-image-preview:large, max-video-preview:-1\" \/>\n<link rel=\"canonical\" href=\"https:\/\/colegioarquitectos.com\/noticias\/?p=25585\" \/>\n<meta property=\"og:locale\" content=\"es_ES\" \/>\n<meta property=\"og:type\" content=\"article\" \/>\n<meta property=\"og:title\" content=\"Citaci\u00f3n a Asamblea Extraordinaria: 9 de octubre de 2020 - COLEGIO DE ARQUITECTOS DE CHILE\" \/>\n<meta property=\"og:description\" content=\"En virtud de lo dispuesto en el art\u00edculo 11 inciso tercero de los Estatutos vigentes, (Esto es, a solicitud por escrito al Directorio Nacional por un n\u00famero no inferior a cincuenta socios activos) el Directorio Nacional del Colegio de Arquitectos &hellip; ver m\u00e1s\" \/>\n<meta property=\"og:url\" content=\"https:\/\/colegioarquitectos.com\/noticias\/?p=25585\" \/>\n<meta property=\"og:site_name\" content=\"COLEGIO DE ARQUITECTOS DE CHILE\" \/>\n<meta property=\"article:publisher\" content=\"https:\/\/facebook.com\/Colegioarq\/\" \/>\n<meta property=\"article:published_time\" content=\"2020-10-06T16:48:33+00:00\" \/>\n<meta property=\"article:modified_time\" content=\"2020-10-08T18:42:23+00:00\" \/>\n<meta property=\"og:image\" content=\"https:\/\/colegioarquitectos.com\/noticias\/wp-content\/uploads\/2020\/10\/enca.jpeg\" \/>\n\t<meta property=\"og:image:width\" content=\"690\" \/>\n\t<meta property=\"og:image:height\" content=\"350\" \/>\n\t<meta property=\"og:image:type\" content=\"image\/jpeg\" \/>\n<meta name=\"author\" content=\"Colegio de Arquitectos de Chile\" \/>\n<meta name=\"twitter:card\" content=\"summary_large_image\" \/>\n<meta name=\"twitter:creator\" content=\"@colegioarq\" \/>\n<meta name=\"twitter:site\" content=\"@colegioarq\" \/>\n<meta name=\"twitter:label1\" content=\"Escrito por\" \/>\n\t<meta name=\"twitter:data1\" content=\"Colegio de Arquitectos de Chile\" \/>\n\t<meta name=\"twitter:label2\" content=\"Tiempo de lectura\" \/>\n\t<meta name=\"twitter:data2\" content=\"2 minutos\" \/>\n<script type=\"application\/ld+json\" class=\"yoast-schema-graph\">{\"@context\":\"https:\/\/schema.org\",\"@graph\":[{\"@type\":\"Article\",\"@id\":\"https:\/\/colegioarquitectos.com\/noticias\/?p=25585#article\",\"isPartOf\":{\"@id\":\"https:\/\/colegioarquitectos.com\/noticias\/?p=25585\"},\"author\":{\"name\":\"Colegio de Arquitectos de Chile\",\"@id\":\"https:\/\/colegioarquitectos.com\/noticias\/#\/schema\/person\/685cc0aad148303c5608f049af8285ad\"},\"headline\":\"Citaci\u00f3n a Asamblea Extraordinaria: 9 de octubre de 2020\",\"datePublished\":\"2020-10-06T16:48:33+00:00\",\"dateModified\":\"2020-10-08T18:42:23+00:00\",\"mainEntityOfPage\":{\"@id\":\"https:\/\/colegioarquitectos.com\/noticias\/?p=25585\"},\"wordCount\":445,\"publisher\":{\"@id\":\"https:\/\/colegioarquitectos.com\/noticias\/#organization\"},\"image\":{\"@id\":\"https:\/\/colegioarquitectos.com\/noticias\/?p=25585#primaryimage\"},\"thumbnailUrl\":\"https:\/\/colegioarquitectos.com\/noticias\/wp-content\/uploads\/2020\/10\/enca.jpeg\",\"articleSection\":[\"Colegio\"],\"inLanguage\":\"es\"},{\"@type\":\"WebPage\",\"@id\":\"https:\/\/colegioarquitectos.com\/noticias\/?p=25585\",\"url\":\"https:\/\/colegioarquitectos.com\/noticias\/?p=25585\",\"name\":\"Citaci\u00f3n a Asamblea Extraordinaria: 9 de octubre de 2020 - COLEGIO DE ARQUITECTOS DE CHILE\",\"isPartOf\":{\"@id\":\"https:\/\/colegioarquitectos.com\/noticias\/#website\"},\"primaryImageOfPage\":{\"@id\":\"https:\/\/colegioarquitectos.com\/noticias\/?p=25585#primaryimage\"},\"image\":{\"@id\":\"https:\/\/colegioarquitectos.com\/noticias\/?p=25585#primaryimage\"},\"thumbnailUrl\":\"https:\/\/colegioarquitectos.com\/noticias\/wp-content\/uploads\/2020\/10\/enca.jpeg\",\"datePublished\":\"2020-10-06T16:48:33+00:00\",\"dateModified\":\"2020-10-08T18:42:23+00:00\",\"breadcrumb\":{\"@id\":\"https:\/\/colegioarquitectos.com\/noticias\/?p=25585#breadcrumb\"},\"inLanguage\":\"es\",\"potentialAction\":[{\"@type\":\"ReadAction\",\"target\":[\"https:\/\/colegioarquitectos.com\/noticias\/?p=25585\"]}]},{\"@type\":\"ImageObject\",\"inLanguage\":\"es\",\"@id\":\"https:\/\/colegioarquitectos.com\/noticias\/?p=25585#primaryimage\",\"url\":\"https:\/\/colegioarquitectos.com\/noticias\/wp-content\/uploads\/2020\/10\/enca.jpeg\",\"contentUrl\":\"https:\/\/colegioarquitectos.com\/noticias\/wp-content\/uploads\/2020\/10\/enca.jpeg\",\"width\":690,\"height\":350},{\"@type\":\"BreadcrumbList\",\"@id\":\"https:\/\/colegioarquitectos.com\/noticias\/?p=25585#breadcrumb\",\"itemListElement\":[{\"@type\":\"ListItem\",\"position\":1,\"name\":\"Portada\",\"item\":\"https:\/\/colegioarquitectos.com\/noticias\"},{\"@type\":\"ListItem\",\"position\":2,\"name\":\"Citaci\u00f3n a Asamblea Extraordinaria: 9 de octubre de 2020\"}]},{\"@type\":\"WebSite\",\"@id\":\"https:\/\/colegioarquitectos.com\/noticias\/#website\",\"url\":\"https:\/\/colegioarquitectos.com\/noticias\/\",\"name\":\"COLEGIO DE ARQUITECTOS DE CHILE\",\"description\":\"\",\"publisher\":{\"@id\":\"https:\/\/colegioarquitectos.com\/noticias\/#organization\"},\"potentialAction\":[{\"@type\":\"SearchAction\",\"target\":{\"@type\":\"EntryPoint\",\"urlTemplate\":\"https:\/\/colegioarquitectos.com\/noticias\/?s={search_term_string}\"},\"query-input\":{\"@type\":\"PropertyValueSpecification\",\"valueRequired\":true,\"valueName\":\"search_term_string\"}}],\"inLanguage\":\"es\"},{\"@type\":\"Organization\",\"@id\":\"https:\/\/colegioarquitectos.com\/noticias\/#organization\",\"name\":\"COLEGIO DE ARQUITECTOS DE CHILE\",\"url\":\"https:\/\/colegioarquitectos.com\/noticias\/\",\"logo\":{\"@type\":\"ImageObject\",\"inLanguage\":\"es\",\"@id\":\"https:\/\/colegioarquitectos.com\/noticias\/#\/schema\/logo\/image\/\",\"url\":\"https:\/\/colegioarquitectos.com\/noticias\/wp-content\/uploads\/2021\/05\/ENCABEZADO-LOGO-CA.jpg\",\"contentUrl\":\"https:\/\/colegioarquitectos.com\/noticias\/wp-content\/uploads\/2021\/05\/ENCABEZADO-LOGO-CA.jpg\",\"width\":690,\"height\":350,\"caption\":\"COLEGIO DE ARQUITECTOS DE CHILE\"},\"image\":{\"@id\":\"https:\/\/colegioarquitectos.com\/noticias\/#\/schema\/logo\/image\/\"},\"sameAs\":[\"https:\/\/facebook.com\/Colegioarq\/\",\"https:\/\/x.com\/colegioarq\",\"https:\/\/instagram.com\/colegioarq\",\"https:\/\/youtube.com\/@ColegiodeArquitectosdeChile\"]},{\"@type\":\"Person\",\"@id\":\"https:\/\/colegioarquitectos.com\/noticias\/#\/schema\/person\/685cc0aad148303c5608f049af8285ad\",\"name\":\"Colegio de Arquitectos de Chile\",\"url\":\"https:\/\/colegioarquitectos.com\/noticias\/?author=4\"}]}<\/script>\n<!-- \/ Yoast SEO plugin. -->","yoast_head_json":{"title":"Citaci\u00f3n a Asamblea Extraordinaria: 9 de octubre de 2020 - COLEGIO DE ARQUITECTOS DE CHILE","robots":{"index":"index","follow":"follow","max-snippet":"max-snippet:-1","max-image-preview":"max-image-preview:large","max-video-preview":"max-video-preview:-1"},"canonical":"https:\/\/colegioarquitectos.com\/noticias\/?p=25585","og_locale":"es_ES","og_type":"article","og_title":"Citaci\u00f3n a Asamblea Extraordinaria: 9 de octubre de 2020 - COLEGIO DE ARQUITECTOS DE CHILE","og_description":"En virtud de lo dispuesto en el art\u00edculo 11 inciso tercero de los Estatutos vigentes, (Esto es, a solicitud por escrito al Directorio Nacional por un n\u00famero no inferior a cincuenta socios activos) el Directorio Nacional del Colegio de Arquitectos &hellip; ver m\u00e1s","og_url":"https:\/\/colegioarquitectos.com\/noticias\/?p=25585","og_site_name":"COLEGIO DE ARQUITECTOS DE CHILE","article_publisher":"https:\/\/facebook.com\/Colegioarq\/","article_published_time":"2020-10-06T16:48:33+00:00","article_modified_time":"2020-10-08T18:42:23+00:00","og_image":[{"width":690,"height":350,"url":"https:\/\/colegioarquitectos.com\/noticias\/wp-content\/uploads\/2020\/10\/enca.jpeg","type":"image\/jpeg"}],"author":"Colegio de Arquitectos de Chile","twitter_card":"summary_large_image","twitter_creator":"@colegioarq","twitter_site":"@colegioarq","twitter_misc":{"Escrito por":"Colegio de Arquitectos de Chile","Tiempo de lectura":"2 minutos"},"schema":{"@context":"https:\/\/schema.org","@graph":[{"@type":"Article","@id":"https:\/\/colegioarquitectos.com\/noticias\/?p=25585#article","isPartOf":{"@id":"https:\/\/colegioarquitectos.com\/noticias\/?p=25585"},"author":{"name":"Colegio de Arquitectos de Chile","@id":"https:\/\/colegioarquitectos.com\/noticias\/#\/schema\/person\/685cc0aad148303c5608f049af8285ad"},"headline":"Citaci\u00f3n a Asamblea Extraordinaria: 9 de octubre de 2020","datePublished":"2020-10-06T16:48:33+00:00","dateModified":"2020-10-08T18:42:23+00:00","mainEntityOfPage":{"@id":"https:\/\/colegioarquitectos.com\/noticias\/?p=25585"},"wordCount":445,"publisher":{"@id":"https:\/\/colegioarquitectos.com\/noticias\/#organization"},"image":{"@id":"https:\/\/colegioarquitectos.com\/noticias\/?p=25585#primaryimage"},"thumbnailUrl":"https:\/\/colegioarquitectos.com\/noticias\/wp-content\/uploads\/2020\/10\/enca.jpeg","articleSection":["Colegio"],"inLanguage":"es"},{"@type":"WebPage","@id":"https:\/\/colegioarquitectos.com\/noticias\/?p=25585","url":"https:\/\/colegioarquitectos.com\/noticias\/?p=25585","name":"Citaci\u00f3n a Asamblea Extraordinaria: 9 de octubre de 2020 - COLEGIO DE ARQUITECTOS DE CHILE","isPartOf":{"@id":"https:\/\/colegioarquitectos.com\/noticias\/#website"},"primaryImageOfPage":{"@id":"https:\/\/colegioarquitectos.com\/noticias\/?p=25585#primaryimage"},"image":{"@id":"https:\/\/colegioarquitectos.com\/noticias\/?p=25585#primaryimage"},"thumbnailUrl":"https:\/\/colegioarquitectos.com\/noticias\/wp-content\/uploads\/2020\/10\/enca.jpeg","datePublished":"2020-10-06T16:48:33+00:00","dateModified":"2020-10-08T18:42:23+00:00","breadcrumb":{"@id":"https:\/\/colegioarquitectos.com\/noticias\/?p=25585#breadcrumb"},"inLanguage":"es","potentialAction":[{"@type":"ReadAction","target":["https:\/\/colegioarquitectos.com\/noticias\/?p=25585"]}]},{"@type":"ImageObject","inLanguage":"es","@id":"https:\/\/colegioarquitectos.com\/noticias\/?p=25585#primaryimage","url":"https:\/\/colegioarquitectos.com\/noticias\/wp-content\/uploads\/2020\/10\/enca.jpeg","contentUrl":"https:\/\/colegioarquitectos.com\/noticias\/wp-content\/uploads\/2020\/10\/enca.jpeg","width":690,"height":350},{"@type":"BreadcrumbList","@id":"https:\/\/colegioarquitectos.com\/noticias\/?p=25585#breadcrumb","itemListElement":[{"@type":"ListItem","position":1,"name":"Portada","item":"https:\/\/colegioarquitectos.com\/noticias"},{"@type":"ListItem","position":2,"name":"Citaci\u00f3n a Asamblea Extraordinaria: 9 de octubre de 2020"}]},{"@type":"WebSite","@id":"https:\/\/colegioarquitectos.com\/noticias\/#website","url":"https:\/\/colegioarquitectos.com\/noticias\/","name":"COLEGIO DE ARQUITECTOS DE CHILE","description":"","publisher":{"@id":"https:\/\/colegioarquitectos.com\/noticias\/#organization"},"potentialAction":[{"@type":"SearchAction","target":{"@type":"EntryPoint","urlTemplate":"https:\/\/colegioarquitectos.com\/noticias\/?s={search_term_string}"},"query-input":{"@type":"PropertyValueSpecification","valueRequired":true,"valueName":"search_term_string"}}],"inLanguage":"es"},{"@type":"Organization","@id":"https:\/\/colegioarquitectos.com\/noticias\/#organization","name":"COLEGIO DE ARQUITECTOS DE CHILE","url":"https:\/\/colegioarquitectos.com\/noticias\/","logo":{"@type":"ImageObject","inLanguage":"es","@id":"https:\/\/colegioarquitectos.com\/noticias\/#\/schema\/logo\/image\/","url":"https:\/\/colegioarquitectos.com\/noticias\/wp-content\/uploads\/2021\/05\/ENCABEZADO-LOGO-CA.jpg","contentUrl":"https:\/\/colegioarquitectos.com\/noticias\/wp-content\/uploads\/2021\/05\/ENCABEZADO-LOGO-CA.jpg","width":690,"height":350,"caption":"COLEGIO DE ARQUITECTOS DE CHILE"},"image":{"@id":"https:\/\/colegioarquitectos.com\/noticias\/#\/schema\/logo\/image\/"},"sameAs":["https:\/\/facebook.com\/Colegioarq\/","https:\/\/x.com\/colegioarq","https:\/\/instagram.com\/colegioarq","https:\/\/youtube.com\/@ColegiodeArquitectosdeChile"]},{"@type":"Person","@id":"https:\/\/colegioarquitectos.com\/noticias\/#\/schema\/person\/685cc0aad148303c5608f049af8285ad","name":"Colegio de Arquitectos de Chile","url":"https:\/\/colegioarquitectos.com\/noticias\/?author=4"}]}},"_links":{"self":[{"href":"https:\/\/colegioarquitectos.com\/noticias\/index.php?rest_route=\/wp\/v2\/posts\/25585","targetHints":{"allow":["GET"]}}],"collection":[{"href":"https:\/\/colegioarquitectos.com\/noticias\/index.php?rest_route=\/wp\/v2\/posts"}],"about":[{"href":"https:\/\/colegioarquitectos.com\/noticias\/index.php?rest_route=\/wp\/v2\/types\/post"}],"author":[{"embeddable":true,"href":"https:\/\/colegioarquitectos.com\/noticias\/index.php?rest_route=\/wp\/v2\/users\/4"}],"replies":[{"embeddable":true,"href":"https:\/\/colegioarquitectos.com\/noticias\/index.php?rest_route=%2Fwp%2Fv2%2Fcomments&post=25585"}],"version-history":[{"count":0,"href":"https:\/\/colegioarquitectos.com\/noticias\/index.php?rest_route=\/wp\/v2\/posts\/25585\/revisions"}],"wp:featuredmedia":[{"embeddable":true,"href":"https:\/\/colegioarquitectos.com\/noticias\/index.php?rest_route=\/wp\/v2\/media\/25736"}],"wp:attachment":[{"href":"https:\/\/colegioarquitectos.com\/noticias\/index.php?rest_route=%2Fwp%2Fv2%2Fmedia&parent=25585"}],"wp:term":[{"taxonomy":"category","embeddable":true,"href":"https:\/\/colegioarquitectos.com\/noticias\/index.php?rest_route=%2Fwp%2Fv2%2Fcategories&post=25585"},{"taxonomy":"post_tag","embeddable":true,"href":"https:\/\/colegioarquitectos.com\/noticias\/index.php?rest_route=%2Fwp%2Fv2%2Ftags&post=25585"}],"curies":[{"name":"wp","href":"https:\/\/api.w.org\/{rel}","templated":true}]}}