
{"id":25648,"date":"2020-09-21T13:30:52","date_gmt":"2020-09-21T13:30:52","guid":{"rendered":"http:\/\/colegioarquitectos.com\/?p=25648"},"modified":"2020-09-29T13:49:38","modified_gmt":"2020-09-29T13:49:38","slug":"participa-del-conversatorio-en-dialogo-urbanismo-tactico","status":"publish","type":"post","link":"https:\/\/colegioarquitectos.com\/noticias\/?p=25648","title":{"rendered":"Participa de \u00abEN DI\u00c1LOGO: Urbanismo t\u00e1ctico\u00bb"},"content":{"rendered":"<p>El pr\u00f3ximo mi\u00e9rcoles <strong>30\u00a0de septiembre<\/strong>\u00a0a las <strong>18.00 horas<\/strong> se realizar\u00e1\u00a0<strong>\u00abEN DI\u00c1LOGO: Urbanismo t\u00e1ctico\u00bb<\/strong> a trav\u00e9s de <strong>Zoom<\/strong>.<\/p>\n<p>En la instancia,\u00a0expondr\u00e1\u00a0<b>Carolina Solar<\/b>, arquitecta PUC, PhD en Arquitectura del Paisaje y Presidenta del Comit\u00e9 de Paisaje del Colegio de Arquitectos de Chile. La invitada ser\u00e1 <strong>Irene Molina<\/strong>, arquitecta UCEN y Jefa de Proyecto de Ciudad de Bolsillo.<\/p>\n<p>En tanto,<strong>\u00abEN DI\u00c1LOGO: Urbanismo t\u00e1ctico\u00bb<\/strong> ser\u00e1 moderado por <strong>Beatriz Valenzuela<\/strong>, arquitecta UCV, Premio Nacional del Patrimonio del Consejo de Monumentos Nacionales y Vicepresidenta de nuestro Comit\u00e9 de Paisaje.<\/p>\n<p>El <strong>Urbanismo t\u00e1ctico<\/strong> es un movimiento internacional que propone un m\u00e9todo alternativo para lograr la regeneraci\u00f3n urbana. Invierte en los barrios desde las comunidades, la experimentaci\u00f3n y la transferencia a distintas escalas urbanas: lugares abandonados, plazoletas, calles, bandejones, paraderos, manzanas, circuitos. Desde hace algunos a\u00f1os, se ha convertido en un instrumento de bajada para el modelo de Smart-City y recientemente cobra mucho sentido como aporte para propuestas de barrio frente al COVID-19. Actualmente podr\u00eda colaborar como dispositivo para enfrentar las elecciones en Estados Unidos. El concepto se funda en \u00abuna ciudad con todos y para todos\u00bb \u2014 <strong>Carolina Solar<\/strong>, septiembre de 2020.<\/p>\n<p>La inscripci\u00f3n es <strong>gratuita<\/strong> y debe realizarse escribiendo al correo\u00a0<a href=\"mailto:paisajeterritorio.cach@gmail.com\">paisajeterritorio.cach@gmail.com<\/a><\/p>\n<p>&nbsp;<\/p>\n<p><img loading=\"lazy\" decoding=\"async\" class=\"aligncenter size-full wp-image-25699\" src=\"http:\/\/colegioarquitectos.com\/noticias\/wp-content\/uploads\/2020\/09\/Flyer-vertical-fondo-oscuro-instagram-urbanismo-tactico_css.jpg\" alt=\"\" width=\"537\" height=\"678\" srcset=\"https:\/\/colegioarquitectos.com\/noticias\/wp-content\/uploads\/2020\/09\/Flyer-vertical-fondo-oscuro-instagram-urbanismo-tactico_css.jpg 537w, https:\/\/colegioarquitectos.com\/noticias\/wp-content\/uploads\/2020\/09\/Flyer-vertical-fondo-oscuro-instagram-urbanismo-tactico_css-238x300.jpg 238w\" sizes=\"auto, (max-width: 537px) 100vw, 537px\" \/><\/p>\n<p>&nbsp;<\/p>\n<p><\/p>","protected":false},"excerpt":{"rendered":"<p>El pr\u00f3ximo mi\u00e9rcoles 30\u00a0de septiembre\u00a0a las 18.00 horas se realizar\u00e1\u00a0\u00abEN DI\u00c1LOGO: Urbanismo t\u00e1ctico\u00bb a trav\u00e9s de Zoom. En la instancia,\u00a0expondr\u00e1\u00a0Carolina Solar, arquitecta PUC, PhD en Arquitectura del Paisaje y Presidenta del Comit\u00e9 de Paisaje del Colegio de Arquitectos de Chile. &hellip; <a class=\"more-link\" href=\"https:\/\/colegioarquitectos.com\/noticias\/?p=25648\">ver m\u00e1s<\/a><\/p>","protected":false},"author":4,"featured_media":25701,"comment_status":"closed","ping_status":"closed","sticky":false,"template":"","format":"standard","meta":{"footnotes":""},"categories":[9,76],"tags":[],"class_list":["post-25648","post","type-post","status-publish","format-standard","has-post-thumbnail","hentry","category-comites","category-covid-19"],"yoast_head":"<!-- This site is optimized with the Yoast SEO plugin v24.2 - https:\/\/yoast.com\/wordpress\/plugins\/seo\/ -->\n<title>Participa de \u00abEN DI\u00c1LOGO: Urbanismo t\u00e1ctico\u00bb - COLEGIO DE ARQUITECTOS DE CHILE<\/title>\n<meta name=\"robots\" content=\"index, follow, max-snippet:-1, max-image-preview:large, max-video-preview:-1\" \/>\n<link rel=\"canonical\" href=\"https:\/\/colegioarquitectos.com\/noticias\/?p=25648\" \/>\n<meta property=\"og:locale\" content=\"es_ES\" \/>\n<meta property=\"og:type\" content=\"article\" \/>\n<meta property=\"og:title\" content=\"Participa de \u00abEN DI\u00c1LOGO: Urbanismo t\u00e1ctico\u00bb - COLEGIO DE ARQUITECTOS DE CHILE\" \/>\n<meta property=\"og:description\" content=\"El pr\u00f3ximo mi\u00e9rcoles 30\u00a0de septiembre\u00a0a las 18.00 horas se realizar\u00e1\u00a0\u00abEN DI\u00c1LOGO: Urbanismo t\u00e1ctico\u00bb a trav\u00e9s de Zoom. En la instancia,\u00a0expondr\u00e1\u00a0Carolina Solar, arquitecta PUC, PhD en Arquitectura del Paisaje y Presidenta del Comit\u00e9 de Paisaje del Colegio de Arquitectos de Chile. &hellip; ver m\u00e1s\" \/>\n<meta property=\"og:url\" content=\"https:\/\/colegioarquitectos.com\/noticias\/?p=25648\" \/>\n<meta property=\"og:site_name\" content=\"COLEGIO DE ARQUITECTOS DE CHILE\" \/>\n<meta property=\"article:publisher\" content=\"https:\/\/facebook.com\/Colegioarq\/\" \/>\n<meta property=\"article:published_time\" content=\"2020-09-21T13:30:52+00:00\" \/>\n<meta property=\"article:modified_time\" content=\"2020-09-29T13:49:38+00:00\" \/>\n<meta property=\"og:image\" content=\"https:\/\/colegioarquitectos.com\/noticias\/wp-content\/uploads\/2020\/09\/Flyer-Horizonal-URBANISMO-TA\u0301CTICO.jpg\" \/>\n\t<meta property=\"og:image:width\" content=\"2079\" \/>\n\t<meta property=\"og:image:height\" content=\"1512\" \/>\n\t<meta property=\"og:image:type\" content=\"image\/jpeg\" \/>\n<meta name=\"author\" content=\"Colegio de Arquitectos de Chile\" \/>\n<meta name=\"twitter:card\" content=\"summary_large_image\" \/>\n<meta name=\"twitter:creator\" content=\"@colegioarq\" \/>\n<meta name=\"twitter:site\" content=\"@colegioarq\" \/>\n<meta name=\"twitter:label1\" content=\"Escrito por\" \/>\n\t<meta name=\"twitter:data1\" content=\"Colegio de Arquitectos de Chile\" \/>\n\t<meta name=\"twitter:label2\" content=\"Tiempo de lectura\" \/>\n\t<meta name=\"twitter:data2\" content=\"1 minuto\" \/>\n<script type=\"application\/ld+json\" class=\"yoast-schema-graph\">{\"@context\":\"https:\/\/schema.org\",\"@graph\":[{\"@type\":\"Article\",\"@id\":\"https:\/\/colegioarquitectos.com\/noticias\/?p=25648#article\",\"isPartOf\":{\"@id\":\"https:\/\/colegioarquitectos.com\/noticias\/?p=25648\"},\"author\":{\"name\":\"Colegio de Arquitectos de Chile\",\"@id\":\"https:\/\/colegioarquitectos.com\/noticias\/#\/schema\/person\/685cc0aad148303c5608f049af8285ad\"},\"headline\":\"Participa de \u00abEN DI\u00c1LOGO: Urbanismo t\u00e1ctico\u00bb\",\"datePublished\":\"2020-09-21T13:30:52+00:00\",\"dateModified\":\"2020-09-29T13:49:38+00:00\",\"mainEntityOfPage\":{\"@id\":\"https:\/\/colegioarquitectos.com\/noticias\/?p=25648\"},\"wordCount\":225,\"publisher\":{\"@id\":\"https:\/\/colegioarquitectos.com\/noticias\/#organization\"},\"image\":{\"@id\":\"https:\/\/colegioarquitectos.com\/noticias\/?p=25648#primaryimage\"},\"thumbnailUrl\":\"https:\/\/colegioarquitectos.com\/noticias\/wp-content\/uploads\/2020\/09\/Flyer-Horizonal-URBANISMO-TA\u0301CTICO.jpg\",\"articleSection\":[\"Comit\u00e9s\",\"COVID-19\"],\"inLanguage\":\"es\"},{\"@type\":\"WebPage\",\"@id\":\"https:\/\/colegioarquitectos.com\/noticias\/?p=25648\",\"url\":\"https:\/\/colegioarquitectos.com\/noticias\/?p=25648\",\"name\":\"Participa de \u00abEN DI\u00c1LOGO: Urbanismo t\u00e1ctico\u00bb - COLEGIO DE ARQUITECTOS DE CHILE\",\"isPartOf\":{\"@id\":\"https:\/\/colegioarquitectos.com\/noticias\/#website\"},\"primaryImageOfPage\":{\"@id\":\"https:\/\/colegioarquitectos.com\/noticias\/?p=25648#primaryimage\"},\"image\":{\"@id\":\"https:\/\/colegioarquitectos.com\/noticias\/?p=25648#primaryimage\"},\"thumbnailUrl\":\"https:\/\/colegioarquitectos.com\/noticias\/wp-content\/uploads\/2020\/09\/Flyer-Horizonal-URBANISMO-TA\u0301CTICO.jpg\",\"datePublished\":\"2020-09-21T13:30:52+00:00\",\"dateModified\":\"2020-09-29T13:49:38+00:00\",\"breadcrumb\":{\"@id\":\"https:\/\/colegioarquitectos.com\/noticias\/?p=25648#breadcrumb\"},\"inLanguage\":\"es\",\"potentialAction\":[{\"@type\":\"ReadAction\",\"target\":[\"https:\/\/colegioarquitectos.com\/noticias\/?p=25648\"]}]},{\"@type\":\"ImageObject\",\"inLanguage\":\"es\",\"@id\":\"https:\/\/colegioarquitectos.com\/noticias\/?p=25648#primaryimage\",\"url\":\"https:\/\/colegioarquitectos.com\/noticias\/wp-content\/uploads\/2020\/09\/Flyer-Horizonal-URBANISMO-TA\u0301CTICO.jpg\",\"contentUrl\":\"https:\/\/colegioarquitectos.com\/noticias\/wp-content\/uploads\/2020\/09\/Flyer-Horizonal-URBANISMO-TA\u0301CTICO.jpg\",\"width\":2079,\"height\":1512},{\"@type\":\"BreadcrumbList\",\"@id\":\"https:\/\/colegioarquitectos.com\/noticias\/?p=25648#breadcrumb\",\"itemListElement\":[{\"@type\":\"ListItem\",\"position\":1,\"name\":\"Portada\",\"item\":\"https:\/\/colegioarquitectos.com\/noticias\"},{\"@type\":\"ListItem\",\"position\":2,\"name\":\"Participa de \u00abEN DI\u00c1LOGO: Urbanismo t\u00e1ctico\u00bb\"}]},{\"@type\":\"WebSite\",\"@id\":\"https:\/\/colegioarquitectos.com\/noticias\/#website\",\"url\":\"https:\/\/colegioarquitectos.com\/noticias\/\",\"name\":\"COLEGIO DE ARQUITECTOS DE CHILE\",\"description\":\"\",\"publisher\":{\"@id\":\"https:\/\/colegioarquitectos.com\/noticias\/#organization\"},\"potentialAction\":[{\"@type\":\"SearchAction\",\"target\":{\"@type\":\"EntryPoint\",\"urlTemplate\":\"https:\/\/colegioarquitectos.com\/noticias\/?s={search_term_string}\"},\"query-input\":{\"@type\":\"PropertyValueSpecification\",\"valueRequired\":true,\"valueName\":\"search_term_string\"}}],\"inLanguage\":\"es\"},{\"@type\":\"Organization\",\"@id\":\"https:\/\/colegioarquitectos.com\/noticias\/#organization\",\"name\":\"COLEGIO DE ARQUITECTOS DE CHILE\",\"url\":\"https:\/\/colegioarquitectos.com\/noticias\/\",\"logo\":{\"@type\":\"ImageObject\",\"inLanguage\":\"es\",\"@id\":\"https:\/\/colegioarquitectos.com\/noticias\/#\/schema\/logo\/image\/\",\"url\":\"https:\/\/colegioarquitectos.com\/noticias\/wp-content\/uploads\/2021\/05\/ENCABEZADO-LOGO-CA.jpg\",\"contentUrl\":\"https:\/\/colegioarquitectos.com\/noticias\/wp-content\/uploads\/2021\/05\/ENCABEZADO-LOGO-CA.jpg\",\"width\":690,\"height\":350,\"caption\":\"COLEGIO DE ARQUITECTOS DE CHILE\"},\"image\":{\"@id\":\"https:\/\/colegioarquitectos.com\/noticias\/#\/schema\/logo\/image\/\"},\"sameAs\":[\"https:\/\/facebook.com\/Colegioarq\/\",\"https:\/\/x.com\/colegioarq\",\"https:\/\/instagram.com\/colegioarq\",\"https:\/\/youtube.com\/@ColegiodeArquitectosdeChile\"]},{\"@type\":\"Person\",\"@id\":\"https:\/\/colegioarquitectos.com\/noticias\/#\/schema\/person\/685cc0aad148303c5608f049af8285ad\",\"name\":\"Colegio de Arquitectos de Chile\",\"url\":\"https:\/\/colegioarquitectos.com\/noticias\/?author=4\"}]}<\/script>\n<!-- \/ Yoast SEO plugin. -->","yoast_head_json":{"title":"Participa de \u00abEN DI\u00c1LOGO: Urbanismo t\u00e1ctico\u00bb - COLEGIO DE ARQUITECTOS DE CHILE","robots":{"index":"index","follow":"follow","max-snippet":"max-snippet:-1","max-image-preview":"max-image-preview:large","max-video-preview":"max-video-preview:-1"},"canonical":"https:\/\/colegioarquitectos.com\/noticias\/?p=25648","og_locale":"es_ES","og_type":"article","og_title":"Participa de \u00abEN DI\u00c1LOGO: Urbanismo t\u00e1ctico\u00bb - COLEGIO DE ARQUITECTOS DE CHILE","og_description":"El pr\u00f3ximo mi\u00e9rcoles 30\u00a0de septiembre\u00a0a las 18.00 horas se realizar\u00e1\u00a0\u00abEN DI\u00c1LOGO: Urbanismo t\u00e1ctico\u00bb a trav\u00e9s de Zoom. En la instancia,\u00a0expondr\u00e1\u00a0Carolina Solar, arquitecta PUC, PhD en Arquitectura del Paisaje y Presidenta del Comit\u00e9 de Paisaje del Colegio de Arquitectos de Chile. &hellip; ver m\u00e1s","og_url":"https:\/\/colegioarquitectos.com\/noticias\/?p=25648","og_site_name":"COLEGIO DE ARQUITECTOS DE CHILE","article_publisher":"https:\/\/facebook.com\/Colegioarq\/","article_published_time":"2020-09-21T13:30:52+00:00","article_modified_time":"2020-09-29T13:49:38+00:00","og_image":[{"width":2079,"height":1512,"url":"https:\/\/colegioarquitectos.com\/noticias\/wp-content\/uploads\/2020\/09\/Flyer-Horizonal-URBANISMO-TA\u0301CTICO.jpg","type":"image\/jpeg"}],"author":"Colegio de Arquitectos de Chile","twitter_card":"summary_large_image","twitter_creator":"@colegioarq","twitter_site":"@colegioarq","twitter_misc":{"Escrito por":"Colegio de Arquitectos de Chile","Tiempo de lectura":"1 minuto"},"schema":{"@context":"https:\/\/schema.org","@graph":[{"@type":"Article","@id":"https:\/\/colegioarquitectos.com\/noticias\/?p=25648#article","isPartOf":{"@id":"https:\/\/colegioarquitectos.com\/noticias\/?p=25648"},"author":{"name":"Colegio de Arquitectos de Chile","@id":"https:\/\/colegioarquitectos.com\/noticias\/#\/schema\/person\/685cc0aad148303c5608f049af8285ad"},"headline":"Participa de \u00abEN DI\u00c1LOGO: Urbanismo t\u00e1ctico\u00bb","datePublished":"2020-09-21T13:30:52+00:00","dateModified":"2020-09-29T13:49:38+00:00","mainEntityOfPage":{"@id":"https:\/\/colegioarquitectos.com\/noticias\/?p=25648"},"wordCount":225,"publisher":{"@id":"https:\/\/colegioarquitectos.com\/noticias\/#organization"},"image":{"@id":"https:\/\/colegioarquitectos.com\/noticias\/?p=25648#primaryimage"},"thumbnailUrl":"https:\/\/colegioarquitectos.com\/noticias\/wp-content\/uploads\/2020\/09\/Flyer-Horizonal-URBANISMO-TA\u0301CTICO.jpg","articleSection":["Comit\u00e9s","COVID-19"],"inLanguage":"es"},{"@type":"WebPage","@id":"https:\/\/colegioarquitectos.com\/noticias\/?p=25648","url":"https:\/\/colegioarquitectos.com\/noticias\/?p=25648","name":"Participa de \u00abEN DI\u00c1LOGO: Urbanismo t\u00e1ctico\u00bb - COLEGIO DE ARQUITECTOS DE CHILE","isPartOf":{"@id":"https:\/\/colegioarquitectos.com\/noticias\/#website"},"primaryImageOfPage":{"@id":"https:\/\/colegioarquitectos.com\/noticias\/?p=25648#primaryimage"},"image":{"@id":"https:\/\/colegioarquitectos.com\/noticias\/?p=25648#primaryimage"},"thumbnailUrl":"https:\/\/colegioarquitectos.com\/noticias\/wp-content\/uploads\/2020\/09\/Flyer-Horizonal-URBANISMO-TA\u0301CTICO.jpg","datePublished":"2020-09-21T13:30:52+00:00","dateModified":"2020-09-29T13:49:38+00:00","breadcrumb":{"@id":"https:\/\/colegioarquitectos.com\/noticias\/?p=25648#breadcrumb"},"inLanguage":"es","potentialAction":[{"@type":"ReadAction","target":["https:\/\/colegioarquitectos.com\/noticias\/?p=25648"]}]},{"@type":"ImageObject","inLanguage":"es","@id":"https:\/\/colegioarquitectos.com\/noticias\/?p=25648#primaryimage","url":"https:\/\/colegioarquitectos.com\/noticias\/wp-content\/uploads\/2020\/09\/Flyer-Horizonal-URBANISMO-TA\u0301CTICO.jpg","contentUrl":"https:\/\/colegioarquitectos.com\/noticias\/wp-content\/uploads\/2020\/09\/Flyer-Horizonal-URBANISMO-TA\u0301CTICO.jpg","width":2079,"height":1512},{"@type":"BreadcrumbList","@id":"https:\/\/colegioarquitectos.com\/noticias\/?p=25648#breadcrumb","itemListElement":[{"@type":"ListItem","position":1,"name":"Portada","item":"https:\/\/colegioarquitectos.com\/noticias"},{"@type":"ListItem","position":2,"name":"Participa de \u00abEN DI\u00c1LOGO: Urbanismo t\u00e1ctico\u00bb"}]},{"@type":"WebSite","@id":"https:\/\/colegioarquitectos.com\/noticias\/#website","url":"https:\/\/colegioarquitectos.com\/noticias\/","name":"COLEGIO DE ARQUITECTOS DE CHILE","description":"","publisher":{"@id":"https:\/\/colegioarquitectos.com\/noticias\/#organization"},"potentialAction":[{"@type":"SearchAction","target":{"@type":"EntryPoint","urlTemplate":"https:\/\/colegioarquitectos.com\/noticias\/?s={search_term_string}"},"query-input":{"@type":"PropertyValueSpecification","valueRequired":true,"valueName":"search_term_string"}}],"inLanguage":"es"},{"@type":"Organization","@id":"https:\/\/colegioarquitectos.com\/noticias\/#organization","name":"COLEGIO DE ARQUITECTOS DE CHILE","url":"https:\/\/colegioarquitectos.com\/noticias\/","logo":{"@type":"ImageObject","inLanguage":"es","@id":"https:\/\/colegioarquitectos.com\/noticias\/#\/schema\/logo\/image\/","url":"https:\/\/colegioarquitectos.com\/noticias\/wp-content\/uploads\/2021\/05\/ENCABEZADO-LOGO-CA.jpg","contentUrl":"https:\/\/colegioarquitectos.com\/noticias\/wp-content\/uploads\/2021\/05\/ENCABEZADO-LOGO-CA.jpg","width":690,"height":350,"caption":"COLEGIO DE ARQUITECTOS DE CHILE"},"image":{"@id":"https:\/\/colegioarquitectos.com\/noticias\/#\/schema\/logo\/image\/"},"sameAs":["https:\/\/facebook.com\/Colegioarq\/","https:\/\/x.com\/colegioarq","https:\/\/instagram.com\/colegioarq","https:\/\/youtube.com\/@ColegiodeArquitectosdeChile"]},{"@type":"Person","@id":"https:\/\/colegioarquitectos.com\/noticias\/#\/schema\/person\/685cc0aad148303c5608f049af8285ad","name":"Colegio de Arquitectos de Chile","url":"https:\/\/colegioarquitectos.com\/noticias\/?author=4"}]}},"_links":{"self":[{"href":"https:\/\/colegioarquitectos.com\/noticias\/index.php?rest_route=\/wp\/v2\/posts\/25648","targetHints":{"allow":["GET"]}}],"collection":[{"href":"https:\/\/colegioarquitectos.com\/noticias\/index.php?rest_route=\/wp\/v2\/posts"}],"about":[{"href":"https:\/\/colegioarquitectos.com\/noticias\/index.php?rest_route=\/wp\/v2\/types\/post"}],"author":[{"embeddable":true,"href":"https:\/\/colegioarquitectos.com\/noticias\/index.php?rest_route=\/wp\/v2\/users\/4"}],"replies":[{"embeddable":true,"href":"https:\/\/colegioarquitectos.com\/noticias\/index.php?rest_route=%2Fwp%2Fv2%2Fcomments&post=25648"}],"version-history":[{"count":0,"href":"https:\/\/colegioarquitectos.com\/noticias\/index.php?rest_route=\/wp\/v2\/posts\/25648\/revisions"}],"wp:featuredmedia":[{"embeddable":true,"href":"https:\/\/colegioarquitectos.com\/noticias\/index.php?rest_route=\/wp\/v2\/media\/25701"}],"wp:attachment":[{"href":"https:\/\/colegioarquitectos.com\/noticias\/index.php?rest_route=%2Fwp%2Fv2%2Fmedia&parent=25648"}],"wp:term":[{"taxonomy":"category","embeddable":true,"href":"https:\/\/colegioarquitectos.com\/noticias\/index.php?rest_route=%2Fwp%2Fv2%2Fcategories&post=25648"},{"taxonomy":"post_tag","embeddable":true,"href":"https:\/\/colegioarquitectos.com\/noticias\/index.php?rest_route=%2Fwp%2Fv2%2Ftags&post=25648"}],"curies":[{"name":"wp","href":"https:\/\/api.w.org\/{rel}","templated":true}]}}