
{"id":25660,"date":"2020-09-30T08:00:49","date_gmt":"2020-09-30T08:00:49","guid":{"rendered":"http:\/\/colegioarquitectos.com\/?p=25660"},"modified":"2020-09-30T14:22:07","modified_gmt":"2020-09-30T14:22:07","slug":"dialogos-de-arquitectura-anteproyecto-museo-de-arte-contemporaneo-mac","status":"publish","type":"post","link":"https:\/\/colegioarquitectos.com\/noticias\/?p=25660","title":{"rendered":"Di\u00e1logos de arquitectura: Anteproyecto Museo de Arte Contempor\u00e1neo (MAC)"},"content":{"rendered":"<p>El pr\u00f3ximo Jueves<strong> 1 de octubre<\/strong> a las<strong> 18.00 horas<\/strong> se realizar\u00e1 el conversatorio <strong>\u00abDi\u00e1logos de arquitectura: Anteproyecto Museo de Arte Contempor\u00e1neo (MAC) de la Universidad de Chile\u00bb<\/strong>, a trav\u00e9s de FB Live en <a href=\"http:\/\/www.facebook.com\/colegioarq\"><strong>www.facebook.com\/colegioarq<\/strong><\/a>.<\/p>\n<p>En el conversatorio participar\u00e1 <strong>Gonzalo Mardones,<\/strong> arquitecto y autor del anteproyecto para un nuevo MAC; <strong>Francisco Brugnoli<\/strong>, Director del Museo de Arte Contempor\u00e1neo; <strong>Cecilia Garc\u00eda Huidobro<\/strong>, Directora del Museo Violeta Parra y Presidenta de la Asociaci\u00f3n de propietarios de Casas Hist\u00f3ricas, Jardines y Parques de Chile; <strong>Pilar Barba<\/strong>, Directora del Departamento de Arquitectura de la Facultad de Arquitectura y Urbanismo de la Universidad de Chile; y <strong>Genaro Cuadros<\/strong>, Director del Laboratorio de Ciudad y Territorio de la Facultad de Arquitectura, Arte y Dise\u00f1o de la Universidad Diego Portales.<\/p>\n<p>En tanto,\u00a0<strong>\u00abDi\u00e1logos de arquitectura: Anteproyecto Museo de Arte Contempor\u00e1neo (MAC) de la Universidad de Chile\u00bb\u00a0<\/strong>ser\u00e1 moderado por <strong>Juan Lund<\/strong>, Presidente del Comit\u00e9 de Arquitectura Institucional y encargado de Concursos del Colegio de Arquitectos de Chile.<\/p>\n<p>&nbsp;<\/p>\n<p><img loading=\"lazy\" decoding=\"async\" class=\"aligncenter size-full wp-image-25705\" src=\"http:\/\/colegioarquitectos.com\/noticias\/wp-content\/uploads\/2020\/09\/WhatsApp-Image-2020-09-30-at-10.38.00.jpeg\" alt=\"\" width=\"1280\" height=\"1280\" srcset=\"https:\/\/colegioarquitectos.com\/noticias\/wp-content\/uploads\/2020\/09\/WhatsApp-Image-2020-09-30-at-10.38.00.jpeg 1280w, https:\/\/colegioarquitectos.com\/noticias\/wp-content\/uploads\/2020\/09\/WhatsApp-Image-2020-09-30-at-10.38.00-180x180.jpeg 180w, https:\/\/colegioarquitectos.com\/noticias\/wp-content\/uploads\/2020\/09\/WhatsApp-Image-2020-09-30-at-10.38.00-300x300.jpeg 300w, https:\/\/colegioarquitectos.com\/noticias\/wp-content\/uploads\/2020\/09\/WhatsApp-Image-2020-09-30-at-10.38.00-768x768.jpeg 768w, https:\/\/colegioarquitectos.com\/noticias\/wp-content\/uploads\/2020\/09\/WhatsApp-Image-2020-09-30-at-10.38.00-1024x1024.jpeg 1024w\" sizes=\"auto, (max-width: 1280px) 100vw, 1280px\" \/><\/p>\n<p><\/p>","protected":false},"excerpt":{"rendered":"<p>El pr\u00f3ximo Jueves 1 de octubre a las 18.00 horas se realizar\u00e1 el conversatorio \u00abDi\u00e1logos de arquitectura: Anteproyecto Museo de Arte Contempor\u00e1neo (MAC) de la Universidad de Chile\u00bb, a trav\u00e9s de FB Live en www.facebook.com\/colegioarq. En el conversatorio participar\u00e1 Gonzalo &hellip; <a class=\"more-link\" href=\"https:\/\/colegioarquitectos.com\/noticias\/?p=25660\">ver m\u00e1s<\/a><\/p>","protected":false},"author":4,"featured_media":25706,"comment_status":"closed","ping_status":"closed","sticky":false,"template":"","format":"standard","meta":{"footnotes":""},"categories":[8,76],"tags":[],"class_list":["post-25660","post","type-post","status-publish","format-standard","has-post-thumbnail","hentry","category-colegio-de-arquitectos","category-covid-19"],"yoast_head":"<!-- This site is optimized with the Yoast SEO plugin v24.2 - https:\/\/yoast.com\/wordpress\/plugins\/seo\/ -->\n<title>Di\u00e1logos de arquitectura: Anteproyecto Museo de Arte Contempor\u00e1neo (MAC) - COLEGIO DE ARQUITECTOS DE CHILE<\/title>\n<meta name=\"robots\" content=\"index, follow, max-snippet:-1, max-image-preview:large, max-video-preview:-1\" \/>\n<link rel=\"canonical\" href=\"https:\/\/colegioarquitectos.com\/noticias\/?p=25660\" \/>\n<meta property=\"og:locale\" content=\"es_ES\" \/>\n<meta property=\"og:type\" content=\"article\" \/>\n<meta property=\"og:title\" content=\"Di\u00e1logos de arquitectura: Anteproyecto Museo de Arte Contempor\u00e1neo (MAC) - COLEGIO DE ARQUITECTOS DE CHILE\" \/>\n<meta property=\"og:description\" content=\"El pr\u00f3ximo Jueves 1 de octubre a las 18.00 horas se realizar\u00e1 el conversatorio \u00abDi\u00e1logos de arquitectura: Anteproyecto Museo de Arte Contempor\u00e1neo (MAC) de la Universidad de Chile\u00bb, a trav\u00e9s de FB Live en www.facebook.com\/colegioarq. En el conversatorio participar\u00e1 Gonzalo &hellip; ver m\u00e1s\" \/>\n<meta property=\"og:url\" content=\"https:\/\/colegioarquitectos.com\/noticias\/?p=25660\" \/>\n<meta property=\"og:site_name\" content=\"COLEGIO DE ARQUITECTOS DE CHILE\" \/>\n<meta property=\"article:publisher\" content=\"https:\/\/facebook.com\/Colegioarq\/\" \/>\n<meta property=\"article:published_time\" content=\"2020-09-30T08:00:49+00:00\" \/>\n<meta property=\"article:modified_time\" content=\"2020-09-30T14:22:07+00:00\" \/>\n<meta property=\"og:image\" content=\"https:\/\/colegioarquitectos.com\/noticias\/wp-content\/uploads\/2020\/09\/WhatsApp-Image-2020-09-30-at-10.38.01.jpeg\" \/>\n\t<meta property=\"og:image:width\" content=\"1280\" \/>\n\t<meta property=\"og:image:height\" content=\"720\" \/>\n\t<meta property=\"og:image:type\" content=\"image\/jpeg\" \/>\n<meta name=\"author\" content=\"Colegio de Arquitectos de Chile\" \/>\n<meta name=\"twitter:card\" content=\"summary_large_image\" \/>\n<meta name=\"twitter:creator\" content=\"@colegioarq\" \/>\n<meta name=\"twitter:site\" content=\"@colegioarq\" \/>\n<meta name=\"twitter:label1\" content=\"Escrito por\" \/>\n\t<meta name=\"twitter:data1\" content=\"Colegio de Arquitectos de Chile\" \/>\n\t<meta name=\"twitter:label2\" content=\"Tiempo de lectura\" \/>\n\t<meta name=\"twitter:data2\" content=\"1 minuto\" \/>\n<script type=\"application\/ld+json\" class=\"yoast-schema-graph\">{\"@context\":\"https:\/\/schema.org\",\"@graph\":[{\"@type\":\"Article\",\"@id\":\"https:\/\/colegioarquitectos.com\/noticias\/?p=25660#article\",\"isPartOf\":{\"@id\":\"https:\/\/colegioarquitectos.com\/noticias\/?p=25660\"},\"author\":{\"name\":\"Colegio de Arquitectos de Chile\",\"@id\":\"https:\/\/colegioarquitectos.com\/noticias\/#\/schema\/person\/685cc0aad148303c5608f049af8285ad\"},\"headline\":\"Di\u00e1logos de arquitectura: Anteproyecto Museo de Arte Contempor\u00e1neo (MAC)\",\"datePublished\":\"2020-09-30T08:00:49+00:00\",\"dateModified\":\"2020-09-30T14:22:07+00:00\",\"mainEntityOfPage\":{\"@id\":\"https:\/\/colegioarquitectos.com\/noticias\/?p=25660\"},\"wordCount\":184,\"publisher\":{\"@id\":\"https:\/\/colegioarquitectos.com\/noticias\/#organization\"},\"image\":{\"@id\":\"https:\/\/colegioarquitectos.com\/noticias\/?p=25660#primaryimage\"},\"thumbnailUrl\":\"https:\/\/colegioarquitectos.com\/noticias\/wp-content\/uploads\/2020\/09\/WhatsApp-Image-2020-09-30-at-10.38.01.jpeg\",\"articleSection\":[\"Colegio\",\"COVID-19\"],\"inLanguage\":\"es\"},{\"@type\":\"WebPage\",\"@id\":\"https:\/\/colegioarquitectos.com\/noticias\/?p=25660\",\"url\":\"https:\/\/colegioarquitectos.com\/noticias\/?p=25660\",\"name\":\"Di\u00e1logos de arquitectura: Anteproyecto Museo de Arte Contempor\u00e1neo (MAC) - COLEGIO DE ARQUITECTOS DE CHILE\",\"isPartOf\":{\"@id\":\"https:\/\/colegioarquitectos.com\/noticias\/#website\"},\"primaryImageOfPage\":{\"@id\":\"https:\/\/colegioarquitectos.com\/noticias\/?p=25660#primaryimage\"},\"image\":{\"@id\":\"https:\/\/colegioarquitectos.com\/noticias\/?p=25660#primaryimage\"},\"thumbnailUrl\":\"https:\/\/colegioarquitectos.com\/noticias\/wp-content\/uploads\/2020\/09\/WhatsApp-Image-2020-09-30-at-10.38.01.jpeg\",\"datePublished\":\"2020-09-30T08:00:49+00:00\",\"dateModified\":\"2020-09-30T14:22:07+00:00\",\"breadcrumb\":{\"@id\":\"https:\/\/colegioarquitectos.com\/noticias\/?p=25660#breadcrumb\"},\"inLanguage\":\"es\",\"potentialAction\":[{\"@type\":\"ReadAction\",\"target\":[\"https:\/\/colegioarquitectos.com\/noticias\/?p=25660\"]}]},{\"@type\":\"ImageObject\",\"inLanguage\":\"es\",\"@id\":\"https:\/\/colegioarquitectos.com\/noticias\/?p=25660#primaryimage\",\"url\":\"https:\/\/colegioarquitectos.com\/noticias\/wp-content\/uploads\/2020\/09\/WhatsApp-Image-2020-09-30-at-10.38.01.jpeg\",\"contentUrl\":\"https:\/\/colegioarquitectos.com\/noticias\/wp-content\/uploads\/2020\/09\/WhatsApp-Image-2020-09-30-at-10.38.01.jpeg\",\"width\":1280,\"height\":720},{\"@type\":\"BreadcrumbList\",\"@id\":\"https:\/\/colegioarquitectos.com\/noticias\/?p=25660#breadcrumb\",\"itemListElement\":[{\"@type\":\"ListItem\",\"position\":1,\"name\":\"Portada\",\"item\":\"https:\/\/colegioarquitectos.com\/noticias\"},{\"@type\":\"ListItem\",\"position\":2,\"name\":\"Di\u00e1logos de arquitectura: Anteproyecto Museo de Arte Contempor\u00e1neo (MAC)\"}]},{\"@type\":\"WebSite\",\"@id\":\"https:\/\/colegioarquitectos.com\/noticias\/#website\",\"url\":\"https:\/\/colegioarquitectos.com\/noticias\/\",\"name\":\"COLEGIO DE ARQUITECTOS DE CHILE\",\"description\":\"\",\"publisher\":{\"@id\":\"https:\/\/colegioarquitectos.com\/noticias\/#organization\"},\"potentialAction\":[{\"@type\":\"SearchAction\",\"target\":{\"@type\":\"EntryPoint\",\"urlTemplate\":\"https:\/\/colegioarquitectos.com\/noticias\/?s={search_term_string}\"},\"query-input\":{\"@type\":\"PropertyValueSpecification\",\"valueRequired\":true,\"valueName\":\"search_term_string\"}}],\"inLanguage\":\"es\"},{\"@type\":\"Organization\",\"@id\":\"https:\/\/colegioarquitectos.com\/noticias\/#organization\",\"name\":\"COLEGIO DE ARQUITECTOS DE CHILE\",\"url\":\"https:\/\/colegioarquitectos.com\/noticias\/\",\"logo\":{\"@type\":\"ImageObject\",\"inLanguage\":\"es\",\"@id\":\"https:\/\/colegioarquitectos.com\/noticias\/#\/schema\/logo\/image\/\",\"url\":\"https:\/\/colegioarquitectos.com\/noticias\/wp-content\/uploads\/2021\/05\/ENCABEZADO-LOGO-CA.jpg\",\"contentUrl\":\"https:\/\/colegioarquitectos.com\/noticias\/wp-content\/uploads\/2021\/05\/ENCABEZADO-LOGO-CA.jpg\",\"width\":690,\"height\":350,\"caption\":\"COLEGIO DE ARQUITECTOS DE CHILE\"},\"image\":{\"@id\":\"https:\/\/colegioarquitectos.com\/noticias\/#\/schema\/logo\/image\/\"},\"sameAs\":[\"https:\/\/facebook.com\/Colegioarq\/\",\"https:\/\/x.com\/colegioarq\",\"https:\/\/instagram.com\/colegioarq\",\"https:\/\/youtube.com\/@ColegiodeArquitectosdeChile\"]},{\"@type\":\"Person\",\"@id\":\"https:\/\/colegioarquitectos.com\/noticias\/#\/schema\/person\/685cc0aad148303c5608f049af8285ad\",\"name\":\"Colegio de Arquitectos de Chile\",\"url\":\"https:\/\/colegioarquitectos.com\/noticias\/?author=4\"}]}<\/script>\n<!-- \/ Yoast SEO plugin. -->","yoast_head_json":{"title":"Di\u00e1logos de arquitectura: Anteproyecto Museo de Arte Contempor\u00e1neo (MAC) - COLEGIO DE ARQUITECTOS DE CHILE","robots":{"index":"index","follow":"follow","max-snippet":"max-snippet:-1","max-image-preview":"max-image-preview:large","max-video-preview":"max-video-preview:-1"},"canonical":"https:\/\/colegioarquitectos.com\/noticias\/?p=25660","og_locale":"es_ES","og_type":"article","og_title":"Di\u00e1logos de arquitectura: Anteproyecto Museo de Arte Contempor\u00e1neo (MAC) - COLEGIO DE ARQUITECTOS DE CHILE","og_description":"El pr\u00f3ximo Jueves 1 de octubre a las 18.00 horas se realizar\u00e1 el conversatorio \u00abDi\u00e1logos de arquitectura: Anteproyecto Museo de Arte Contempor\u00e1neo (MAC) de la Universidad de Chile\u00bb, a trav\u00e9s de FB Live en www.facebook.com\/colegioarq. En el conversatorio participar\u00e1 Gonzalo &hellip; ver m\u00e1s","og_url":"https:\/\/colegioarquitectos.com\/noticias\/?p=25660","og_site_name":"COLEGIO DE ARQUITECTOS DE CHILE","article_publisher":"https:\/\/facebook.com\/Colegioarq\/","article_published_time":"2020-09-30T08:00:49+00:00","article_modified_time":"2020-09-30T14:22:07+00:00","og_image":[{"width":1280,"height":720,"url":"https:\/\/colegioarquitectos.com\/noticias\/wp-content\/uploads\/2020\/09\/WhatsApp-Image-2020-09-30-at-10.38.01.jpeg","type":"image\/jpeg"}],"author":"Colegio de Arquitectos de Chile","twitter_card":"summary_large_image","twitter_creator":"@colegioarq","twitter_site":"@colegioarq","twitter_misc":{"Escrito por":"Colegio de Arquitectos de Chile","Tiempo de lectura":"1 minuto"},"schema":{"@context":"https:\/\/schema.org","@graph":[{"@type":"Article","@id":"https:\/\/colegioarquitectos.com\/noticias\/?p=25660#article","isPartOf":{"@id":"https:\/\/colegioarquitectos.com\/noticias\/?p=25660"},"author":{"name":"Colegio de Arquitectos de Chile","@id":"https:\/\/colegioarquitectos.com\/noticias\/#\/schema\/person\/685cc0aad148303c5608f049af8285ad"},"headline":"Di\u00e1logos de arquitectura: Anteproyecto Museo de Arte Contempor\u00e1neo (MAC)","datePublished":"2020-09-30T08:00:49+00:00","dateModified":"2020-09-30T14:22:07+00:00","mainEntityOfPage":{"@id":"https:\/\/colegioarquitectos.com\/noticias\/?p=25660"},"wordCount":184,"publisher":{"@id":"https:\/\/colegioarquitectos.com\/noticias\/#organization"},"image":{"@id":"https:\/\/colegioarquitectos.com\/noticias\/?p=25660#primaryimage"},"thumbnailUrl":"https:\/\/colegioarquitectos.com\/noticias\/wp-content\/uploads\/2020\/09\/WhatsApp-Image-2020-09-30-at-10.38.01.jpeg","articleSection":["Colegio","COVID-19"],"inLanguage":"es"},{"@type":"WebPage","@id":"https:\/\/colegioarquitectos.com\/noticias\/?p=25660","url":"https:\/\/colegioarquitectos.com\/noticias\/?p=25660","name":"Di\u00e1logos de arquitectura: Anteproyecto Museo de Arte Contempor\u00e1neo (MAC) - COLEGIO DE ARQUITECTOS DE CHILE","isPartOf":{"@id":"https:\/\/colegioarquitectos.com\/noticias\/#website"},"primaryImageOfPage":{"@id":"https:\/\/colegioarquitectos.com\/noticias\/?p=25660#primaryimage"},"image":{"@id":"https:\/\/colegioarquitectos.com\/noticias\/?p=25660#primaryimage"},"thumbnailUrl":"https:\/\/colegioarquitectos.com\/noticias\/wp-content\/uploads\/2020\/09\/WhatsApp-Image-2020-09-30-at-10.38.01.jpeg","datePublished":"2020-09-30T08:00:49+00:00","dateModified":"2020-09-30T14:22:07+00:00","breadcrumb":{"@id":"https:\/\/colegioarquitectos.com\/noticias\/?p=25660#breadcrumb"},"inLanguage":"es","potentialAction":[{"@type":"ReadAction","target":["https:\/\/colegioarquitectos.com\/noticias\/?p=25660"]}]},{"@type":"ImageObject","inLanguage":"es","@id":"https:\/\/colegioarquitectos.com\/noticias\/?p=25660#primaryimage","url":"https:\/\/colegioarquitectos.com\/noticias\/wp-content\/uploads\/2020\/09\/WhatsApp-Image-2020-09-30-at-10.38.01.jpeg","contentUrl":"https:\/\/colegioarquitectos.com\/noticias\/wp-content\/uploads\/2020\/09\/WhatsApp-Image-2020-09-30-at-10.38.01.jpeg","width":1280,"height":720},{"@type":"BreadcrumbList","@id":"https:\/\/colegioarquitectos.com\/noticias\/?p=25660#breadcrumb","itemListElement":[{"@type":"ListItem","position":1,"name":"Portada","item":"https:\/\/colegioarquitectos.com\/noticias"},{"@type":"ListItem","position":2,"name":"Di\u00e1logos de arquitectura: Anteproyecto Museo de Arte Contempor\u00e1neo (MAC)"}]},{"@type":"WebSite","@id":"https:\/\/colegioarquitectos.com\/noticias\/#website","url":"https:\/\/colegioarquitectos.com\/noticias\/","name":"COLEGIO DE ARQUITECTOS DE CHILE","description":"","publisher":{"@id":"https:\/\/colegioarquitectos.com\/noticias\/#organization"},"potentialAction":[{"@type":"SearchAction","target":{"@type":"EntryPoint","urlTemplate":"https:\/\/colegioarquitectos.com\/noticias\/?s={search_term_string}"},"query-input":{"@type":"PropertyValueSpecification","valueRequired":true,"valueName":"search_term_string"}}],"inLanguage":"es"},{"@type":"Organization","@id":"https:\/\/colegioarquitectos.com\/noticias\/#organization","name":"COLEGIO DE ARQUITECTOS DE CHILE","url":"https:\/\/colegioarquitectos.com\/noticias\/","logo":{"@type":"ImageObject","inLanguage":"es","@id":"https:\/\/colegioarquitectos.com\/noticias\/#\/schema\/logo\/image\/","url":"https:\/\/colegioarquitectos.com\/noticias\/wp-content\/uploads\/2021\/05\/ENCABEZADO-LOGO-CA.jpg","contentUrl":"https:\/\/colegioarquitectos.com\/noticias\/wp-content\/uploads\/2021\/05\/ENCABEZADO-LOGO-CA.jpg","width":690,"height":350,"caption":"COLEGIO DE ARQUITECTOS DE CHILE"},"image":{"@id":"https:\/\/colegioarquitectos.com\/noticias\/#\/schema\/logo\/image\/"},"sameAs":["https:\/\/facebook.com\/Colegioarq\/","https:\/\/x.com\/colegioarq","https:\/\/instagram.com\/colegioarq","https:\/\/youtube.com\/@ColegiodeArquitectosdeChile"]},{"@type":"Person","@id":"https:\/\/colegioarquitectos.com\/noticias\/#\/schema\/person\/685cc0aad148303c5608f049af8285ad","name":"Colegio de Arquitectos de Chile","url":"https:\/\/colegioarquitectos.com\/noticias\/?author=4"}]}},"_links":{"self":[{"href":"https:\/\/colegioarquitectos.com\/noticias\/index.php?rest_route=\/wp\/v2\/posts\/25660","targetHints":{"allow":["GET"]}}],"collection":[{"href":"https:\/\/colegioarquitectos.com\/noticias\/index.php?rest_route=\/wp\/v2\/posts"}],"about":[{"href":"https:\/\/colegioarquitectos.com\/noticias\/index.php?rest_route=\/wp\/v2\/types\/post"}],"author":[{"embeddable":true,"href":"https:\/\/colegioarquitectos.com\/noticias\/index.php?rest_route=\/wp\/v2\/users\/4"}],"replies":[{"embeddable":true,"href":"https:\/\/colegioarquitectos.com\/noticias\/index.php?rest_route=%2Fwp%2Fv2%2Fcomments&post=25660"}],"version-history":[{"count":0,"href":"https:\/\/colegioarquitectos.com\/noticias\/index.php?rest_route=\/wp\/v2\/posts\/25660\/revisions"}],"wp:featuredmedia":[{"embeddable":true,"href":"https:\/\/colegioarquitectos.com\/noticias\/index.php?rest_route=\/wp\/v2\/media\/25706"}],"wp:attachment":[{"href":"https:\/\/colegioarquitectos.com\/noticias\/index.php?rest_route=%2Fwp%2Fv2%2Fmedia&parent=25660"}],"wp:term":[{"taxonomy":"category","embeddable":true,"href":"https:\/\/colegioarquitectos.com\/noticias\/index.php?rest_route=%2Fwp%2Fv2%2Fcategories&post=25660"},{"taxonomy":"post_tag","embeddable":true,"href":"https:\/\/colegioarquitectos.com\/noticias\/index.php?rest_route=%2Fwp%2Fv2%2Ftags&post=25660"}],"curies":[{"name":"wp","href":"https:\/\/api.w.org\/{rel}","templated":true}]}}