
{"id":25727,"date":"2020-10-06T13:08:54","date_gmt":"2020-10-06T13:08:54","guid":{"rendered":"http:\/\/colegioarquitectos.com\/?p=25727"},"modified":"2020-10-06T13:08:54","modified_gmt":"2020-10-06T13:08:54","slug":"se-constituye-el-consejo-regional-tarapaca-de-la-federacion-de-colegios-profesionales-universitarios","status":"publish","type":"post","link":"https:\/\/colegioarquitectos.com\/noticias\/?p=25727","title":{"rendered":"Se constituye el Consejo Regional Tarapac\u00e1 de la  Federaci\u00f3n de Colegios Profesionales Universitarios"},"content":{"rendered":"<p>Este mi\u00e9rcoles <strong>7 de octubre<\/strong>, a las <strong>19.00 horas<\/strong>, se realizar\u00e1 el lanzamiento formal del <strong>Consejo Regional Tarapac\u00e1<\/strong> de la <strong>Federaci\u00f3n de Colegios Profesionales Universitarios de Chile<\/strong>.<\/p>\n<p>La organizaci\u00f3n a nivel nacional cuenta con 18 Colegios Profesionales, mientras que en la regi\u00f3n de Tarapac\u00e1 partir\u00e1 su constituci\u00f3n con nueve organizaciones regionales: <strong>Psic\u00f3logos<\/strong>, <strong>Contadores<\/strong>, <strong>Trabajadores Sociales<\/strong>, <strong>Enfermeras, Matronas<\/strong>, <strong>Qu\u00edmico Farmac\u00e9uticos<\/strong>, <strong>Arquitectos<\/strong>, <strong>Kinesi\u00f3logos<\/strong> y <strong>Periodistas<\/strong>.<\/p>\n<p>El lanzamiento se realizar\u00e1 por una conexi\u00f3n en vivo por el <a href=\"https:\/\/www.facebook.com\/FEDCOLPROF\">Facebook de la Federaci\u00f3n de Colegios Profesionales Universitarios de Chile<\/a> y busca constituirse en una instancia de organizaci\u00f3n que potencie el accionar de los Colegios en la regi\u00f3n.<\/p>\n<p>La Federaci\u00f3n a nivel nacional busca \u00abliderar el trabajo de los colegios profesionales de manera que tengan una sola voz; ser garantes de la calidad de los profesionales chilenos, mediante la certificaci\u00f3n de competencias laborales que sean asumidas por todas las universidades chilenas; instalar en la sociedad chilena en general y en las universidades la importancia de los colegios profesionales; apoyar a los colegios profesionales en la creaci\u00f3n de las referencias necesarias del mercado laboral en todos sus aspectos para que tengan condiciones de trabajo dignas y una compensaci\u00f3n justa\u00bb.<\/p>\n<p>La Presidenta Nacional de la FEDCOLPROF, <strong>M\u00f3nica Varga<\/strong>s, precis\u00f3 que \u00abhace un a\u00f1o nos constituimos en la regi\u00f3n de Valparaiso y hoy queremos seguir ampliando las redes de nuestra organizaci\u00f3n, para representar a nuestras y nuestros profesionales. Estamos empe\u00f1ados en recuperar la tuici\u00f3n \u00e9tica del ejercicio profesional e instalar el tema como algo absolutamente necesario\u00bb.<\/p>\n<p>Actualmente, los Colegios Profesionales cuentan con un proyecto de Ley de 2009 enviado por la ex Presidenta Michelle Bachelet, <strong>el cual regula la \u00e9tica profesional y a la fecha s\u00f3lo ha sido aprobada por la Comisi\u00f3n de Constituci\u00f3n, Legislaci\u00f3n y Justicia de la C\u00e1mara de Diputadas y Diputados en 2006.<\/strong><\/p>\n<p>La Coordinadora del Consejo Tarapac\u00e1, psic\u00f3loga <strong>Lucila Pizarro<\/strong> se\u00f1ala que \u00abel norte tambi\u00e9n es Chile, queremos aportar a la regionalizaci\u00f3n para ir superando el centralismo, las regiones debemos jugar un rol importante en las pol\u00edticas p\u00fablicas para que estas recojan nuestras realidades\u00bb.<\/p>\n<p>\u00abLa apuesta de creaci\u00f3n de este Consejo es aunar esfuerzos y perspectivas para un actuar conjunto tanto en la defensa de nuestro ejercicio profesional como en aspectos investigativos que aporten a la comunidad\u00bb, agreg\u00f3.<\/p>\n<p><a href=\"https:\/\/www.facebook.com\/FEDCOLPROF\"><img loading=\"lazy\" decoding=\"async\" class=\"aligncenter wp-image-25729 size-full\" src=\"http:\/\/colegioarquitectos.com\/noticias\/wp-content\/uploads\/2020\/10\/image1.jpeg\" alt=\"\" width=\"748\" height=\"748\" srcset=\"https:\/\/colegioarquitectos.com\/noticias\/wp-content\/uploads\/2020\/10\/image1.jpeg 748w, https:\/\/colegioarquitectos.com\/noticias\/wp-content\/uploads\/2020\/10\/image1-180x180.jpeg 180w, https:\/\/colegioarquitectos.com\/noticias\/wp-content\/uploads\/2020\/10\/image1-300x300.jpeg 300w\" sizes=\"auto, (max-width: 748px) 100vw, 748px\" \/><\/a><\/p>\n<p><\/p>","protected":false},"excerpt":{"rendered":"<p>Este mi\u00e9rcoles 7 de octubre, a las 19.00 horas, se realizar\u00e1 el lanzamiento formal del Consejo Regional Tarapac\u00e1 de la Federaci\u00f3n de Colegios Profesionales Universitarios de Chile. La organizaci\u00f3n a nivel nacional cuenta con 18 Colegios Profesionales, mientras que en &hellip; <a class=\"more-link\" href=\"https:\/\/colegioarquitectos.com\/noticias\/?p=25727\">ver m\u00e1s<\/a><\/p>","protected":false},"author":4,"featured_media":25728,"comment_status":"closed","ping_status":"closed","sticky":false,"template":"","format":"standard","meta":{"footnotes":""},"categories":[76,10],"tags":[],"class_list":["post-25727","post","type-post","status-publish","format-standard","has-post-thumbnail","hentry","category-covid-19","category-delegaciones-zonales"],"yoast_head":"<!-- This site is optimized with the Yoast SEO plugin v24.2 - https:\/\/yoast.com\/wordpress\/plugins\/seo\/ -->\n<title>Se constituye el Consejo Regional Tarapac\u00e1 de la Federaci\u00f3n de Colegios Profesionales Universitarios - COLEGIO DE ARQUITECTOS DE CHILE<\/title>\n<meta name=\"robots\" content=\"index, follow, max-snippet:-1, max-image-preview:large, max-video-preview:-1\" \/>\n<link rel=\"canonical\" href=\"https:\/\/colegioarquitectos.com\/noticias\/?p=25727\" \/>\n<meta property=\"og:locale\" content=\"es_ES\" \/>\n<meta property=\"og:type\" content=\"article\" \/>\n<meta property=\"og:title\" content=\"Se constituye el Consejo Regional Tarapac\u00e1 de la Federaci\u00f3n de Colegios Profesionales Universitarios - COLEGIO DE ARQUITECTOS DE CHILE\" \/>\n<meta property=\"og:description\" content=\"Este mi\u00e9rcoles 7 de octubre, a las 19.00 horas, se realizar\u00e1 el lanzamiento formal del Consejo Regional Tarapac\u00e1 de la Federaci\u00f3n de Colegios Profesionales Universitarios de Chile. La organizaci\u00f3n a nivel nacional cuenta con 18 Colegios Profesionales, mientras que en &hellip; ver m\u00e1s\" \/>\n<meta property=\"og:url\" content=\"https:\/\/colegioarquitectos.com\/noticias\/?p=25727\" \/>\n<meta property=\"og:site_name\" content=\"COLEGIO DE ARQUITECTOS DE CHILE\" \/>\n<meta property=\"article:publisher\" content=\"https:\/\/facebook.com\/Colegioarq\/\" \/>\n<meta property=\"article:published_time\" content=\"2020-10-06T13:08:54+00:00\" \/>\n<meta property=\"og:image\" content=\"https:\/\/colegioarquitectos.com\/noticias\/wp-content\/uploads\/2020\/10\/ENCABEZADO-2.jpeg\" \/>\n\t<meta property=\"og:image:width\" content=\"690\" \/>\n\t<meta property=\"og:image:height\" content=\"350\" \/>\n\t<meta property=\"og:image:type\" content=\"image\/jpeg\" \/>\n<meta name=\"author\" content=\"Colegio de Arquitectos de Chile\" \/>\n<meta name=\"twitter:card\" content=\"summary_large_image\" \/>\n<meta name=\"twitter:creator\" content=\"@colegioarq\" \/>\n<meta name=\"twitter:site\" content=\"@colegioarq\" \/>\n<meta name=\"twitter:label1\" content=\"Escrito por\" \/>\n\t<meta name=\"twitter:data1\" content=\"Colegio de Arquitectos de Chile\" \/>\n\t<meta name=\"twitter:label2\" content=\"Tiempo de lectura\" \/>\n\t<meta name=\"twitter:data2\" content=\"2 minutos\" \/>\n<script type=\"application\/ld+json\" class=\"yoast-schema-graph\">{\"@context\":\"https:\/\/schema.org\",\"@graph\":[{\"@type\":\"Article\",\"@id\":\"https:\/\/colegioarquitectos.com\/noticias\/?p=25727#article\",\"isPartOf\":{\"@id\":\"https:\/\/colegioarquitectos.com\/noticias\/?p=25727\"},\"author\":{\"name\":\"Colegio de Arquitectos de Chile\",\"@id\":\"https:\/\/colegioarquitectos.com\/noticias\/#\/schema\/person\/685cc0aad148303c5608f049af8285ad\"},\"headline\":\"Se constituye el Consejo Regional Tarapac\u00e1 de la Federaci\u00f3n de Colegios Profesionales Universitarios\",\"datePublished\":\"2020-10-06T13:08:54+00:00\",\"dateModified\":\"2020-10-06T13:08:54+00:00\",\"mainEntityOfPage\":{\"@id\":\"https:\/\/colegioarquitectos.com\/noticias\/?p=25727\"},\"wordCount\":417,\"publisher\":{\"@id\":\"https:\/\/colegioarquitectos.com\/noticias\/#organization\"},\"image\":{\"@id\":\"https:\/\/colegioarquitectos.com\/noticias\/?p=25727#primaryimage\"},\"thumbnailUrl\":\"https:\/\/colegioarquitectos.com\/noticias\/wp-content\/uploads\/2020\/10\/ENCABEZADO-2.jpeg\",\"articleSection\":[\"COVID-19\",\"Delegaciones\"],\"inLanguage\":\"es\"},{\"@type\":\"WebPage\",\"@id\":\"https:\/\/colegioarquitectos.com\/noticias\/?p=25727\",\"url\":\"https:\/\/colegioarquitectos.com\/noticias\/?p=25727\",\"name\":\"Se constituye el Consejo Regional Tarapac\u00e1 de la Federaci\u00f3n de Colegios Profesionales Universitarios - COLEGIO DE ARQUITECTOS DE CHILE\",\"isPartOf\":{\"@id\":\"https:\/\/colegioarquitectos.com\/noticias\/#website\"},\"primaryImageOfPage\":{\"@id\":\"https:\/\/colegioarquitectos.com\/noticias\/?p=25727#primaryimage\"},\"image\":{\"@id\":\"https:\/\/colegioarquitectos.com\/noticias\/?p=25727#primaryimage\"},\"thumbnailUrl\":\"https:\/\/colegioarquitectos.com\/noticias\/wp-content\/uploads\/2020\/10\/ENCABEZADO-2.jpeg\",\"datePublished\":\"2020-10-06T13:08:54+00:00\",\"dateModified\":\"2020-10-06T13:08:54+00:00\",\"breadcrumb\":{\"@id\":\"https:\/\/colegioarquitectos.com\/noticias\/?p=25727#breadcrumb\"},\"inLanguage\":\"es\",\"potentialAction\":[{\"@type\":\"ReadAction\",\"target\":[\"https:\/\/colegioarquitectos.com\/noticias\/?p=25727\"]}]},{\"@type\":\"ImageObject\",\"inLanguage\":\"es\",\"@id\":\"https:\/\/colegioarquitectos.com\/noticias\/?p=25727#primaryimage\",\"url\":\"https:\/\/colegioarquitectos.com\/noticias\/wp-content\/uploads\/2020\/10\/ENCABEZADO-2.jpeg\",\"contentUrl\":\"https:\/\/colegioarquitectos.com\/noticias\/wp-content\/uploads\/2020\/10\/ENCABEZADO-2.jpeg\",\"width\":690,\"height\":350},{\"@type\":\"BreadcrumbList\",\"@id\":\"https:\/\/colegioarquitectos.com\/noticias\/?p=25727#breadcrumb\",\"itemListElement\":[{\"@type\":\"ListItem\",\"position\":1,\"name\":\"Portada\",\"item\":\"https:\/\/colegioarquitectos.com\/noticias\"},{\"@type\":\"ListItem\",\"position\":2,\"name\":\"Se constituye el Consejo Regional Tarapac\u00e1 de la Federaci\u00f3n de Colegios Profesionales Universitarios\"}]},{\"@type\":\"WebSite\",\"@id\":\"https:\/\/colegioarquitectos.com\/noticias\/#website\",\"url\":\"https:\/\/colegioarquitectos.com\/noticias\/\",\"name\":\"COLEGIO DE ARQUITECTOS DE CHILE\",\"description\":\"\",\"publisher\":{\"@id\":\"https:\/\/colegioarquitectos.com\/noticias\/#organization\"},\"potentialAction\":[{\"@type\":\"SearchAction\",\"target\":{\"@type\":\"EntryPoint\",\"urlTemplate\":\"https:\/\/colegioarquitectos.com\/noticias\/?s={search_term_string}\"},\"query-input\":{\"@type\":\"PropertyValueSpecification\",\"valueRequired\":true,\"valueName\":\"search_term_string\"}}],\"inLanguage\":\"es\"},{\"@type\":\"Organization\",\"@id\":\"https:\/\/colegioarquitectos.com\/noticias\/#organization\",\"name\":\"COLEGIO DE ARQUITECTOS DE CHILE\",\"url\":\"https:\/\/colegioarquitectos.com\/noticias\/\",\"logo\":{\"@type\":\"ImageObject\",\"inLanguage\":\"es\",\"@id\":\"https:\/\/colegioarquitectos.com\/noticias\/#\/schema\/logo\/image\/\",\"url\":\"https:\/\/colegioarquitectos.com\/noticias\/wp-content\/uploads\/2021\/05\/ENCABEZADO-LOGO-CA.jpg\",\"contentUrl\":\"https:\/\/colegioarquitectos.com\/noticias\/wp-content\/uploads\/2021\/05\/ENCABEZADO-LOGO-CA.jpg\",\"width\":690,\"height\":350,\"caption\":\"COLEGIO DE ARQUITECTOS DE CHILE\"},\"image\":{\"@id\":\"https:\/\/colegioarquitectos.com\/noticias\/#\/schema\/logo\/image\/\"},\"sameAs\":[\"https:\/\/facebook.com\/Colegioarq\/\",\"https:\/\/x.com\/colegioarq\",\"https:\/\/instagram.com\/colegioarq\",\"https:\/\/youtube.com\/@ColegiodeArquitectosdeChile\"]},{\"@type\":\"Person\",\"@id\":\"https:\/\/colegioarquitectos.com\/noticias\/#\/schema\/person\/685cc0aad148303c5608f049af8285ad\",\"name\":\"Colegio de Arquitectos de Chile\",\"url\":\"https:\/\/colegioarquitectos.com\/noticias\/?author=4\"}]}<\/script>\n<!-- \/ Yoast SEO plugin. -->","yoast_head_json":{"title":"Se constituye el Consejo Regional Tarapac\u00e1 de la Federaci\u00f3n de Colegios Profesionales Universitarios - COLEGIO DE ARQUITECTOS DE CHILE","robots":{"index":"index","follow":"follow","max-snippet":"max-snippet:-1","max-image-preview":"max-image-preview:large","max-video-preview":"max-video-preview:-1"},"canonical":"https:\/\/colegioarquitectos.com\/noticias\/?p=25727","og_locale":"es_ES","og_type":"article","og_title":"Se constituye el Consejo Regional Tarapac\u00e1 de la Federaci\u00f3n de Colegios Profesionales Universitarios - COLEGIO DE ARQUITECTOS DE CHILE","og_description":"Este mi\u00e9rcoles 7 de octubre, a las 19.00 horas, se realizar\u00e1 el lanzamiento formal del Consejo Regional Tarapac\u00e1 de la Federaci\u00f3n de Colegios Profesionales Universitarios de Chile. La organizaci\u00f3n a nivel nacional cuenta con 18 Colegios Profesionales, mientras que en &hellip; ver m\u00e1s","og_url":"https:\/\/colegioarquitectos.com\/noticias\/?p=25727","og_site_name":"COLEGIO DE ARQUITECTOS DE CHILE","article_publisher":"https:\/\/facebook.com\/Colegioarq\/","article_published_time":"2020-10-06T13:08:54+00:00","og_image":[{"width":690,"height":350,"url":"https:\/\/colegioarquitectos.com\/noticias\/wp-content\/uploads\/2020\/10\/ENCABEZADO-2.jpeg","type":"image\/jpeg"}],"author":"Colegio de Arquitectos de Chile","twitter_card":"summary_large_image","twitter_creator":"@colegioarq","twitter_site":"@colegioarq","twitter_misc":{"Escrito por":"Colegio de Arquitectos de Chile","Tiempo de lectura":"2 minutos"},"schema":{"@context":"https:\/\/schema.org","@graph":[{"@type":"Article","@id":"https:\/\/colegioarquitectos.com\/noticias\/?p=25727#article","isPartOf":{"@id":"https:\/\/colegioarquitectos.com\/noticias\/?p=25727"},"author":{"name":"Colegio de Arquitectos de Chile","@id":"https:\/\/colegioarquitectos.com\/noticias\/#\/schema\/person\/685cc0aad148303c5608f049af8285ad"},"headline":"Se constituye el Consejo Regional Tarapac\u00e1 de la Federaci\u00f3n de Colegios Profesionales Universitarios","datePublished":"2020-10-06T13:08:54+00:00","dateModified":"2020-10-06T13:08:54+00:00","mainEntityOfPage":{"@id":"https:\/\/colegioarquitectos.com\/noticias\/?p=25727"},"wordCount":417,"publisher":{"@id":"https:\/\/colegioarquitectos.com\/noticias\/#organization"},"image":{"@id":"https:\/\/colegioarquitectos.com\/noticias\/?p=25727#primaryimage"},"thumbnailUrl":"https:\/\/colegioarquitectos.com\/noticias\/wp-content\/uploads\/2020\/10\/ENCABEZADO-2.jpeg","articleSection":["COVID-19","Delegaciones"],"inLanguage":"es"},{"@type":"WebPage","@id":"https:\/\/colegioarquitectos.com\/noticias\/?p=25727","url":"https:\/\/colegioarquitectos.com\/noticias\/?p=25727","name":"Se constituye el Consejo Regional Tarapac\u00e1 de la Federaci\u00f3n de Colegios Profesionales Universitarios - COLEGIO DE ARQUITECTOS DE CHILE","isPartOf":{"@id":"https:\/\/colegioarquitectos.com\/noticias\/#website"},"primaryImageOfPage":{"@id":"https:\/\/colegioarquitectos.com\/noticias\/?p=25727#primaryimage"},"image":{"@id":"https:\/\/colegioarquitectos.com\/noticias\/?p=25727#primaryimage"},"thumbnailUrl":"https:\/\/colegioarquitectos.com\/noticias\/wp-content\/uploads\/2020\/10\/ENCABEZADO-2.jpeg","datePublished":"2020-10-06T13:08:54+00:00","dateModified":"2020-10-06T13:08:54+00:00","breadcrumb":{"@id":"https:\/\/colegioarquitectos.com\/noticias\/?p=25727#breadcrumb"},"inLanguage":"es","potentialAction":[{"@type":"ReadAction","target":["https:\/\/colegioarquitectos.com\/noticias\/?p=25727"]}]},{"@type":"ImageObject","inLanguage":"es","@id":"https:\/\/colegioarquitectos.com\/noticias\/?p=25727#primaryimage","url":"https:\/\/colegioarquitectos.com\/noticias\/wp-content\/uploads\/2020\/10\/ENCABEZADO-2.jpeg","contentUrl":"https:\/\/colegioarquitectos.com\/noticias\/wp-content\/uploads\/2020\/10\/ENCABEZADO-2.jpeg","width":690,"height":350},{"@type":"BreadcrumbList","@id":"https:\/\/colegioarquitectos.com\/noticias\/?p=25727#breadcrumb","itemListElement":[{"@type":"ListItem","position":1,"name":"Portada","item":"https:\/\/colegioarquitectos.com\/noticias"},{"@type":"ListItem","position":2,"name":"Se constituye el Consejo Regional Tarapac\u00e1 de la Federaci\u00f3n de Colegios Profesionales Universitarios"}]},{"@type":"WebSite","@id":"https:\/\/colegioarquitectos.com\/noticias\/#website","url":"https:\/\/colegioarquitectos.com\/noticias\/","name":"COLEGIO DE ARQUITECTOS DE CHILE","description":"","publisher":{"@id":"https:\/\/colegioarquitectos.com\/noticias\/#organization"},"potentialAction":[{"@type":"SearchAction","target":{"@type":"EntryPoint","urlTemplate":"https:\/\/colegioarquitectos.com\/noticias\/?s={search_term_string}"},"query-input":{"@type":"PropertyValueSpecification","valueRequired":true,"valueName":"search_term_string"}}],"inLanguage":"es"},{"@type":"Organization","@id":"https:\/\/colegioarquitectos.com\/noticias\/#organization","name":"COLEGIO DE ARQUITECTOS DE CHILE","url":"https:\/\/colegioarquitectos.com\/noticias\/","logo":{"@type":"ImageObject","inLanguage":"es","@id":"https:\/\/colegioarquitectos.com\/noticias\/#\/schema\/logo\/image\/","url":"https:\/\/colegioarquitectos.com\/noticias\/wp-content\/uploads\/2021\/05\/ENCABEZADO-LOGO-CA.jpg","contentUrl":"https:\/\/colegioarquitectos.com\/noticias\/wp-content\/uploads\/2021\/05\/ENCABEZADO-LOGO-CA.jpg","width":690,"height":350,"caption":"COLEGIO DE ARQUITECTOS DE CHILE"},"image":{"@id":"https:\/\/colegioarquitectos.com\/noticias\/#\/schema\/logo\/image\/"},"sameAs":["https:\/\/facebook.com\/Colegioarq\/","https:\/\/x.com\/colegioarq","https:\/\/instagram.com\/colegioarq","https:\/\/youtube.com\/@ColegiodeArquitectosdeChile"]},{"@type":"Person","@id":"https:\/\/colegioarquitectos.com\/noticias\/#\/schema\/person\/685cc0aad148303c5608f049af8285ad","name":"Colegio de Arquitectos de Chile","url":"https:\/\/colegioarquitectos.com\/noticias\/?author=4"}]}},"_links":{"self":[{"href":"https:\/\/colegioarquitectos.com\/noticias\/index.php?rest_route=\/wp\/v2\/posts\/25727","targetHints":{"allow":["GET"]}}],"collection":[{"href":"https:\/\/colegioarquitectos.com\/noticias\/index.php?rest_route=\/wp\/v2\/posts"}],"about":[{"href":"https:\/\/colegioarquitectos.com\/noticias\/index.php?rest_route=\/wp\/v2\/types\/post"}],"author":[{"embeddable":true,"href":"https:\/\/colegioarquitectos.com\/noticias\/index.php?rest_route=\/wp\/v2\/users\/4"}],"replies":[{"embeddable":true,"href":"https:\/\/colegioarquitectos.com\/noticias\/index.php?rest_route=%2Fwp%2Fv2%2Fcomments&post=25727"}],"version-history":[{"count":0,"href":"https:\/\/colegioarquitectos.com\/noticias\/index.php?rest_route=\/wp\/v2\/posts\/25727\/revisions"}],"wp:featuredmedia":[{"embeddable":true,"href":"https:\/\/colegioarquitectos.com\/noticias\/index.php?rest_route=\/wp\/v2\/media\/25728"}],"wp:attachment":[{"href":"https:\/\/colegioarquitectos.com\/noticias\/index.php?rest_route=%2Fwp%2Fv2%2Fmedia&parent=25727"}],"wp:term":[{"taxonomy":"category","embeddable":true,"href":"https:\/\/colegioarquitectos.com\/noticias\/index.php?rest_route=%2Fwp%2Fv2%2Fcategories&post=25727"},{"taxonomy":"post_tag","embeddable":true,"href":"https:\/\/colegioarquitectos.com\/noticias\/index.php?rest_route=%2Fwp%2Fv2%2Ftags&post=25727"}],"curies":[{"name":"wp","href":"https:\/\/api.w.org\/{rel}","templated":true}]}}