
{"id":25746,"date":"2020-10-28T08:15:34","date_gmt":"2020-10-28T08:15:34","guid":{"rendered":"http:\/\/colegioarquitectos.com\/?p=25746"},"modified":"2020-10-28T13:49:08","modified_gmt":"2020-10-28T13:49:08","slug":"lista-oficial-de-candidatos-y-candidatas-de-las-elecciones-ca-2020","status":"publish","type":"post","link":"https:\/\/colegioarquitectos.com\/noticias\/?p=25746","title":{"rendered":"Lista oficial de candidatos y candidatas de las Elecciones CA 2020"},"content":{"rendered":"<p>Ya est\u00e1n en marcha las\u00a0<a href=\"http:\/\/colegioarquitectos.com\/noticias\/?p=25615\"><strong>Elecciones CA 2020<\/strong><\/a>, proceso que el pr\u00f3ximo <strong>5 y 6 de noviembre<\/strong> renovar\u00e1 autoridades en el\u00a0<strong>Directorio Nacional<\/strong>,\u00a0<strong>Tribunal de \u00c9tica Nacional (TEN),<\/strong>\u00a0<strong>Directorios de nuestras Delegaciones Zonales y Tribunales de \u00c9tica Regionales (TER)<\/strong>\u00a0a lo largo de todo el pa\u00eds.<\/p>\n<p>Cumpliendo con el calendario electoral, a continuaci\u00f3n puedes conocer la lista oficial de candidatos y candidatas a los distintos cargos nacionales y regionales del <strong>Colegio de Arquitectos de Chile<\/strong> para el <strong>periodo 2020-2022<\/strong>.<\/p>\n<p>&nbsp;<\/p>\n<h3><img loading=\"lazy\" decoding=\"async\" class=\"size-full wp-image-25629 alignleft\" src=\"http:\/\/colegioarquitectos.com\/noticias\/wp-content\/uploads\/2020\/09\/iconwebwlwccione.png\" alt=\"\" width=\"59\" height=\"59\" \/><\/h3>\n<h3>Directorio Nacional<\/h3>\n<h3><\/h3>\n<table width=\"388\">\n<tbody>\n<tr>\n<td width=\"65\">N\u00b0<\/td>\n<td width=\"186\">Nombre Apellido<\/td>\n<td width=\"137\">ICA<\/td>\n<\/tr>\n<tr>\n<td>1<\/td>\n<td><a href=\"http:\/\/colegioarquitectos.com\/noticias\/?p=25780\">Francisco Herrera Mu\u00f1oz<\/a><\/td>\n<td>8206<\/td>\n<\/tr>\n<tr>\n<td>2<\/td>\n<td><a href=\"http:\/\/colegioarquitectos.com\/noticias\/?p=25768\">Luis Alberto Viada Ovalle (Macrozona Norte)<\/a><\/td>\n<td>5933<\/td>\n<\/tr>\n<tr>\n<td>3<\/td>\n<td><a href=\"http:\/\/colegioarquitectos.com\/noticias\/?p=25782\">Alejandra Carvajal Matis (Macrozona Sur)<\/a><\/td>\n<td>9535<\/td>\n<\/tr>\n<tr>\n<td>4<\/td>\n<td><a href=\"http:\/\/colegioarquitectos.com\/noticias\/?p=25795\">Loreto Lyon<\/a><\/td>\n<td>8341<\/td>\n<\/tr>\n<tr>\n<td>5<\/td>\n<td><a href=\"http:\/\/colegioarquitectos.com\/noticias\/?p=25778\">Claudia Regina Garcia Lima<\/a><\/td>\n<td>6774<\/td>\n<\/tr>\n<tr>\n<td>6<\/td>\n<td><a href=\"http:\/\/colegioarquitectos.com\/noticias\/?p=25789\">Juan Sabbagh Pisano<\/a><\/td>\n<td>2942<\/td>\n<\/tr>\n<tr>\n<td>7<\/td>\n<td><a href=\"http:\/\/colegioarquitectos.com\/noticias\/?p=25758\">Lorena Carolina Estai Hidalgo (Macrozona Centro)<\/a><\/td>\n<td>7594<\/td>\n<\/tr>\n<tr>\n<td>8<\/td>\n<td><a href=\"http:\/\/colegioarquitectos.com\/noticias\/?p=25797\">Mario Ter\u00e1n Pardo<\/a><\/td>\n<td>3317<\/td>\n<\/tr>\n<tr>\n<td>9<\/td>\n<td><a href=\"http:\/\/colegioarquitectos.com\/noticias\/?p=25754\">Fernando Andr\u00e9s Miranda Monsalve (Macrozona Sur)<\/a><\/td>\n<td>8598<\/td>\n<\/tr>\n<tr>\n<td>10<\/td>\n<td><a href=\"http:\/\/colegioarquitectos.com\/noticias\/?p=25793\">Crist\u00f3bal Molina Baeza<\/a><\/td>\n<td>11568<\/td>\n<\/tr>\n<tr>\n<td>11<\/td>\n<td><a href=\"http:\/\/colegioarquitectos.com\/noticias\/?p=25764\">Jadille Baza Apud<\/a><\/td>\n<td>2988<\/td>\n<\/tr>\n<tr>\n<td>12<\/td>\n<td><a href=\"http:\/\/colegioarquitectos.com\/noticias\/?p=25770\">Emile Ugarte Sironvalle (Macrozona Norte)<\/a><\/td>\n<td>3462<\/td>\n<\/tr>\n<\/tbody>\n<\/table>\n<p>&nbsp;<\/p>\n<h3><img loading=\"lazy\" decoding=\"async\" class=\"size-full wp-image-25629 alignleft\" src=\"http:\/\/colegioarquitectos.com\/noticias\/wp-content\/uploads\/2020\/09\/iconwebwlwccione.png\" alt=\"\" width=\"59\" height=\"59\" \/><\/h3>\n<h3>Tribunal de \u00c9tica Nacional (TEN)<\/h3>\n<h3><\/h3>\n<table width=\"347\">\n<tbody>\n<tr>\n<td width=\"65\">N\u00b0<\/td>\n<td width=\"186\">Nombre Apellido<\/td>\n<td width=\"96\">ICA<\/td>\n<\/tr>\n<tr>\n<td>1<\/td>\n<td><a href=\"http:\/\/colegioarquitectos.com\/noticias\/?p=25852\">Jose Antonio Piga Giles<\/a><\/td>\n<td>4144<\/td>\n<\/tr>\n<tr>\n<td>2<\/td>\n<td><a href=\"http:\/\/colegioarquitectos.com\/noticias\/?p=25868\">Fernando Sotomayor Garret\u00f3n<\/a><\/td>\n<td>3692<\/td>\n<\/tr>\n<tr>\n<td>3<\/td>\n<td><a href=\"http:\/\/colegioarquitectos.com\/noticias\/?p=25862\">Teresa Cecilia Leiva Mu\u00f1oz<\/a><\/td>\n<td>3182<\/td>\n<\/tr>\n<tr>\n<td>4<\/td>\n<td><a href=\"http:\/\/colegioarquitectos.com\/noticias\/?p=25865\">Mar\u00eda Soledad Larra\u00edn Salinas<\/a><\/td>\n<td>11263<\/td>\n<\/tr>\n<tr>\n<td>5<\/td>\n<td><a href=\"http:\/\/colegioarquitectos.com\/noticias\/?p=25855\">Juan Fernando Y\u00e1\u00f1ez Porras<\/a><\/td>\n<td>9377<\/td>\n<\/tr>\n<tr>\n<td>6<\/td>\n<td><a href=\"http:\/\/colegioarquitectos.com\/noticias\/?p=25858\">Alicia Victoria Alarc\u00f3n Ram\u00edrez<\/a><\/td>\n<td>4435<\/td>\n<\/tr>\n<\/tbody>\n<\/table>\n<p>&nbsp;<\/p>\n<h3><img loading=\"lazy\" decoding=\"async\" class=\"size-full wp-image-25629 alignleft\" src=\"http:\/\/colegioarquitectos.com\/noticias\/wp-content\/uploads\/2020\/09\/iconwebwlwccione.png\" alt=\"\" width=\"59\" height=\"59\" \/><\/h3>\n<h3>Delegaci\u00f3n Zonal Atacama<\/h3>\n<h3><\/h3>\n<table width=\"308\">\n<tbody>\n<tr>\n<td width=\"65\">N\u00b0<\/td>\n<td width=\"160\">Nombre<\/td>\n<td width=\"83\">ICA<\/td>\n<\/tr>\n<tr>\n<td>1<\/td>\n<td><a href=\"http:\/\/colegioarquitectos.com\/noticias\/?p=25919\">Billy Andr\u00e9s Araya Richards<\/a><\/td>\n<td>8857<\/td>\n<\/tr>\n<tr>\n<td>2<\/td>\n<td><a href=\"http:\/\/colegioarquitectos.com\/noticias\/?p=25925\">Mario Enrique Ardiles Funes<\/a><\/td>\n<td>4348<\/td>\n<\/tr>\n<tr>\n<td>3<\/td>\n<td><a href=\"http:\/\/colegioarquitectos.com\/noticias\/?p=25922\">Victor Juan Alvarado Rojas<\/a><\/td>\n<td>11077<\/td>\n<\/tr>\n<\/tbody>\n<\/table>\n<h3><\/h3>\n<p>&nbsp;<\/p>\n<h3><img loading=\"lazy\" decoding=\"async\" class=\"size-full wp-image-25629 alignleft\" src=\"http:\/\/colegioarquitectos.com\/noticias\/wp-content\/uploads\/2020\/09\/iconwebwlwccione.png\" alt=\"\" width=\"59\" height=\"59\" \/><\/h3>\n<h3>Delegaci\u00f3n Zonal La Serena<\/h3>\n<table width=\"369\">\n<tbody>\n<tr>\n<td width=\"69\">N\u00b0<\/td>\n<td width=\"122\">Nombre<\/td>\n<td width=\"178\">ICA<\/td>\n<\/tr>\n<tr>\n<td>1<\/td>\n<td><a href=\"http:\/\/colegioarquitectos.com\/noticias\/?p=25910\">Yerko Pinto Salazar<\/a><\/td>\n<td>11669<\/td>\n<\/tr>\n<\/tbody>\n<\/table>\n<p>&nbsp;<\/p>\n<p>&nbsp;<\/p>\n<h3><img loading=\"lazy\" decoding=\"async\" class=\"size-full wp-image-25629 alignleft\" src=\"http:\/\/colegioarquitectos.com\/noticias\/wp-content\/uploads\/2020\/09\/iconwebwlwccione.png\" alt=\"\" width=\"59\" height=\"59\" \/><\/h3>\n<h3>Delegaci\u00f3n Zonal Valpara\u00edso<\/h3>\n<h3><\/h3>\n<table width=\"328\">\n<tbody>\n<tr>\n<td width=\"65\">N\u00b0<\/td>\n<td width=\"171\">Nombre Apellido<\/td>\n<td width=\"92\">ICA<\/td>\n<\/tr>\n<tr>\n<td>1<\/td>\n<td><a href=\"http:\/\/colegioarquitectos.com\/noticias\/?p=25934\">Claudio Javier Carrasco Aldunate<\/a><\/td>\n<td>5929<\/td>\n<\/tr>\n<tr>\n<td>2<\/td>\n<td><a href=\"http:\/\/colegioarquitectos.com\/noticias\/?p=25928\">Paz Undurraga Castelblanco<\/a><\/td>\n<td>6227<\/td>\n<\/tr>\n<tr>\n<td>3<\/td>\n<td><a href=\"http:\/\/colegioarquitectos.com\/noticias\/?p=25940\">Fernando Villanueva Carmona<\/a><\/td>\n<td>2979<\/td>\n<\/tr>\n<tr>\n<td>4<\/td>\n<td><a href=\"http:\/\/colegioarquitectos.com\/noticias\/?p=25937\">Rodrigo Puentes Kamel<\/a><\/td>\n<td>11153<\/td>\n<\/tr>\n<tr>\n<td>5<\/td>\n<td><a href=\"http:\/\/colegioarquitectos.com\/noticias\/?p=25931\">Carolina Claudia Pe\u00f1aloza Pinto<\/a><\/td>\n<td>10391<\/td>\n<\/tr>\n<\/tbody>\n<\/table>\n<p>&nbsp;<\/p>\n<p>&nbsp;<\/p>\n<h3><img loading=\"lazy\" decoding=\"async\" class=\"size-full wp-image-25629 alignleft\" src=\"http:\/\/colegioarquitectos.com\/noticias\/wp-content\/uploads\/2020\/09\/iconwebwlwccione.png\" alt=\"\" width=\"59\" height=\"59\" \/><\/h3>\n<h3>Tribunal de \u00c9tica Regional (TER) &#8211; Delegaci\u00f3n Zonal Valpara\u00edso<\/h3>\n<table width=\"345\">\n<tbody>\n<tr>\n<td width=\"65\">N\u00b0<\/td>\n<td width=\"147\">Nombre<\/td>\n<td width=\"133\">ICA<\/td>\n<\/tr>\n<tr>\n<td>1<\/td>\n<td><a href=\"http:\/\/colegioarquitectos.com\/noticias\/?p=26057\">Victor Manuel Sere\u00f1o Varas<\/a><\/td>\n<td>3577<\/td>\n<\/tr>\n<tr>\n<td>2<\/td>\n<td><a href=\"http:\/\/colegioarquitectos.com\/noticias\/?p=26063\">Juan Ricardo Diaz Milovic<\/a><\/td>\n<td>3108<\/td>\n<\/tr>\n<\/tbody>\n<\/table>\n<p>&nbsp;<\/p>\n<p>&nbsp;<\/p>\n<h3><img loading=\"lazy\" decoding=\"async\" class=\"size-full wp-image-25629 alignleft\" src=\"http:\/\/colegioarquitectos.com\/noticias\/wp-content\/uploads\/2020\/09\/iconwebwlwccione.png\" alt=\"\" width=\"59\" height=\"59\" \/><\/h3>\n<h3>Delegaci\u00f3n Zonal O&#8217;Higgins<\/h3>\n<h3><\/h3>\n<table width=\"359\">\n<tbody>\n<tr>\n<td width=\"90\">N\u00b0<\/td>\n<td width=\"185\">Nombre<\/td>\n<td width=\"84\">ICA<\/td>\n<\/tr>\n<tr>\n<td>1<\/td>\n<td><a href=\"http:\/\/colegioarquitectos.com\/noticias\/?p=25950\">Maria Fernanda Alvarez Chavez<\/a><\/td>\n<td>8826<\/td>\n<\/tr>\n<tr>\n<td>2<\/td>\n<td><a href=\"http:\/\/colegioarquitectos.com\/noticias\/?p=25953\">Mauricio Alejandro Torres Gomez<\/a><\/td>\n<td>7771<\/td>\n<\/tr>\n<\/tbody>\n<\/table>\n<p>&nbsp;<\/p>\n<p>&nbsp;<\/p>\n<h3><img loading=\"lazy\" decoding=\"async\" class=\"size-full wp-image-25629 alignleft\" src=\"http:\/\/colegioarquitectos.com\/noticias\/wp-content\/uploads\/2020\/09\/iconwebwlwccione.png\" alt=\"\" width=\"59\" height=\"59\" \/><\/h3>\n<h3>Delegaci\u00f3n Zonal Maule<\/h3>\n<table width=\"389\">\n<tbody>\n<tr>\n<td width=\"69\">N\u00b0<\/td>\n<td width=\"155\">Nombre<\/td>\n<td width=\"165\">ICA<\/td>\n<\/tr>\n<tr>\n<td>1<\/td>\n<td><a href=\"http:\/\/colegioarquitectos.com\/noticias\/?p=25962\">Eduardo C\u00e1rcamo Rebolledo<\/a><\/td>\n<td>5316<\/td>\n<\/tr>\n<\/tbody>\n<\/table>\n<h3><\/h3>\n<h3><\/h3>\n<p>&nbsp;<\/p>\n<h3><img loading=\"lazy\" decoding=\"async\" class=\"size-full wp-image-25629 alignleft\" src=\"http:\/\/colegioarquitectos.com\/noticias\/wp-content\/uploads\/2020\/09\/iconwebwlwccione.png\" alt=\"\" width=\"59\" height=\"59\" \/><\/h3>\n<h3>Delegaci\u00f3n Zonal \u00d1uble<\/h3>\n<table width=\"377\">\n<tbody>\n<tr>\n<td width=\"69\">N\u00b0<\/td>\n<td width=\"122\">Nombre<\/td>\n<td width=\"186\">ICA<\/td>\n<\/tr>\n<tr>\n<td>1<\/td>\n<td><a href=\"http:\/\/colegioarquitectos.com\/noticias\/?p=25965\">Pedro Ramos Mu\u00f1oz<\/a><\/td>\n<td>5280<\/td>\n<\/tr>\n<\/tbody>\n<\/table>\n<p>&nbsp;<\/p>\n<h3><img loading=\"lazy\" decoding=\"async\" class=\"size-full wp-image-25629 alignleft\" src=\"http:\/\/colegioarquitectos.com\/noticias\/wp-content\/uploads\/2020\/09\/iconwebwlwccione.png\" alt=\"\" width=\"59\" height=\"59\" \/><\/h3>\n<h3>Delegaci\u00f3n Zonal Concepci\u00f3n<\/h3>\n<h3><\/h3>\n<table width=\"364\">\n<tbody>\n<tr>\n<td width=\"65\">N\u00b0<\/td>\n<td width=\"175\">Nombre<\/td>\n<td width=\"124\">ICA<\/td>\n<\/tr>\n<tr>\n<td>1<\/td>\n<td><a href=\"http:\/\/colegioarquitectos.com\/noticias\/?p=26010\">Maria Cecilia Poblete Arredondo<\/a><\/td>\n<td>3334<\/td>\n<\/tr>\n<tr>\n<td>2<\/td>\n<td><a href=\"http:\/\/colegioarquitectos.com\/noticias\/?p=25989\">Daniela Saavedra Clarke<\/a><\/td>\n<td>11582<\/td>\n<\/tr>\n<tr>\n<td>3<\/td>\n<td><a href=\"http:\/\/colegioarquitectos.com\/noticias\/?p=25992\">Victor Grandon Cerda<\/a><\/td>\n<td>4809<\/td>\n<\/tr>\n<tr>\n<td>4<\/td>\n<td><a href=\"http:\/\/colegioarquitectos.com\/noticias\/?p=26004\">Evelyn Andrea Narv\u00e1ez Mardones<\/a><\/td>\n<td>10938<\/td>\n<\/tr>\n<tr>\n<td>5<\/td>\n<td><a href=\"http:\/\/colegioarquitectos.com\/noticias\/?p=26007\">Claudio Arce Ayub<\/a><\/td>\n<td>5294<\/td>\n<\/tr>\n<tr>\n<td>6<\/td>\n<td><a href=\"http:\/\/colegioarquitectos.com\/noticias\/?p=25998\">Miguel Nazar Daccarett<\/a><\/td>\n<td>11169<\/td>\n<\/tr>\n<tr>\n<td>7<\/td>\n<td><a href=\"http:\/\/colegioarquitectos.com\/noticias\/?p=25995\">Carolina Beatriz Diaz Caceres<\/a><\/td>\n<td>10478<\/td>\n<\/tr>\n<\/tbody>\n<\/table>\n<h3><\/h3>\n<p>&nbsp;<\/p>\n<h3><img loading=\"lazy\" decoding=\"async\" class=\"size-full wp-image-25629 alignleft\" src=\"http:\/\/colegioarquitectos.com\/noticias\/wp-content\/uploads\/2020\/09\/iconwebwlwccione.png\" alt=\"\" width=\"59\" height=\"59\" \/><\/h3>\n<h3>Delegaci\u00f3n Zonal Los R\u00edos<\/h3>\n<table width=\"281\">\n<tbody>\n<tr>\n<td width=\"69\">N\u00b0<\/td>\n<td width=\"143\">Nombre<\/td>\n<td width=\"69\">ICA<\/td>\n<\/tr>\n<tr>\n<td>1<\/td>\n<td><a href=\"http:\/\/colegioarquitectos.com\/noticias\/?p=26085\">Juan Carlos Catril Millanao<\/a><\/td>\n<td>11311<\/td>\n<\/tr>\n<\/tbody>\n<\/table>\n<p>&nbsp;<\/p>\n<h3><img loading=\"lazy\" decoding=\"async\" class=\"size-full wp-image-25629 alignleft\" src=\"http:\/\/colegioarquitectos.com\/noticias\/wp-content\/uploads\/2020\/09\/iconwebwlwccione.png\" alt=\"\" width=\"59\" height=\"59\" \/><\/h3>\n<h3>Delegaci\u00f3n Zonal Llanquihue<\/h3>\n<table width=\"437\">\n<tbody>\n<tr>\n<td width=\"69\">N\u00b0<\/td>\n<td width=\"171\">Nombre<\/td>\n<td width=\"197\">ICA<\/td>\n<\/tr>\n<tr>\n<td>1<\/td>\n<td><a href=\"http:\/\/colegioarquitectos.com\/noticias\/?p=26019\">Andr\u00e9s Felipe Riveros Cristoffanini<\/a><\/td>\n<td>10635<\/td>\n<\/tr>\n<\/tbody>\n<\/table>\n<h3><\/h3>\n<p>&nbsp;<\/p>\n<h3><img loading=\"lazy\" decoding=\"async\" class=\"size-full wp-image-25629 alignleft\" src=\"http:\/\/colegioarquitectos.com\/noticias\/wp-content\/uploads\/2020\/09\/iconwebwlwccione.png\" alt=\"\" width=\"59\" height=\"59\" \/><\/h3>\n<h3>Delegaci\u00f3n Zonal Chilo\u00e9<\/h3>\n<h3><\/h3>\n<table width=\"327\">\n<tbody>\n<tr>\n<td width=\"65\">N\u00b0<\/td>\n<td width=\"152\">Nombre Apellido<\/td>\n<td width=\"110\">ICA<\/td>\n<\/tr>\n<tr>\n<td>1<\/td>\n<td><a href=\"http:\/\/colegioarquitectos.com\/noticias\/?p=26034\">Gelen Emilia Cabrera Nore\u00f1a<\/a><\/td>\n<td>11433<\/td>\n<\/tr>\n<tr>\n<td>2<\/td>\n<td><a href=\"http:\/\/colegioarquitectos.com\/noticias\/?p=26037\">Christian Garc\u00eda Riffo<\/a><\/td>\n<td>10388<\/td>\n<\/tr>\n<tr>\n<td>3<\/td>\n<td><a href=\"http:\/\/colegioarquitectos.com\/noticias\/?p=26040\">Paula Bast\u00edas Planzer<\/a><\/td>\n<td>7589<\/td>\n<\/tr>\n<\/tbody>\n<\/table>\n<p>&nbsp;<\/p>\n<p>&nbsp;<\/p>\n<h3><img loading=\"lazy\" decoding=\"async\" class=\"size-full wp-image-25629 alignleft\" src=\"http:\/\/colegioarquitectos.com\/noticias\/wp-content\/uploads\/2020\/09\/iconwebwlwccione.png\" alt=\"\" width=\"59\" height=\"59\" \/><\/h3>\n<h3>Delegaci\u00f3n Zonal Ays\u00e9n<\/h3>\n<h3><\/h3>\n<table width=\"323\">\n<tbody>\n<tr>\n<td width=\"65\">N\u00b0<\/td>\n<td width=\"134\">Nombre<\/td>\n<td width=\"124\">ICA<\/td>\n<\/tr>\n<tr>\n<td>1<\/td>\n<td><a href=\"http:\/\/colegioarquitectos.com\/noticias\/?p=26031\">Paula Galindo C\u00e1rcamo<\/a><\/td>\n<td>7186<\/td>\n<\/tr>\n<tr>\n<td>2<\/td>\n<td><a href=\"http:\/\/colegioarquitectos.com\/noticias\/?p=26025\">Ricardo Sol\u00e9 \u00d3rdenes<\/a><\/td>\n<td>8599<\/td>\n<\/tr>\n<tr>\n<td>3<\/td>\n<td><a href=\"http:\/\/colegioarquitectos.com\/noticias\/?p=26022\">Gisela Gonzalez Garc\u00e9s<\/a><\/td>\n<td>11000<\/td>\n<\/tr>\n<\/tbody>\n<\/table>\n<p>&nbsp;<\/p>\n<p>&nbsp;<\/p>\n<h3><img loading=\"lazy\" decoding=\"async\" class=\"size-full wp-image-25629 alignleft\" src=\"http:\/\/colegioarquitectos.com\/noticias\/wp-content\/uploads\/2020\/09\/iconwebwlwccione.png\" alt=\"\" width=\"59\" height=\"59\" \/><\/h3>\n<h3>Delegaci\u00f3n Zonal Magallanes<\/h3>\n<table width=\"375\">\n<tbody>\n<tr>\n<td width=\"65\">N\u00b0<\/td>\n<td width=\"153\">Nombre<\/td>\n<td width=\"157\">ICA<\/td>\n<\/tr>\n<tr>\n<td>1<\/td>\n<td><a href=\"http:\/\/colegioarquitectos.com\/noticias\/?p=26043\">Alejandro Parada Valencia<\/a><\/td>\n<td>11334<\/td>\n<\/tr>\n<tr>\n<td>2<\/td>\n<td><a href=\"http:\/\/colegioarquitectos.com\/noticias\/?p=26049\">C\u00e9sar Lorenzo Alvial Chand\u00eda<\/a><\/td>\n<td>9890<\/td>\n<\/tr>\n<tr>\n<td>3<\/td>\n<td><a href=\"http:\/\/colegioarquitectos.com\/noticias\/?p=26052\">Pamela Dom\u00ednguez Bastidas<\/a><\/td>\n<td>9927<\/td>\n<\/tr>\n<\/tbody>\n<\/table>\n<p>&nbsp;<\/p>\n<p><\/p>","protected":false},"excerpt":{"rendered":"<p>Ya est\u00e1n en marcha las\u00a0Elecciones CA 2020, proceso que el pr\u00f3ximo 5 y 6 de noviembre renovar\u00e1 autoridades en el\u00a0Directorio Nacional,\u00a0Tribunal de \u00c9tica Nacional (TEN),\u00a0Directorios de nuestras Delegaciones Zonales y Tribunales de \u00c9tica Regionales (TER)\u00a0a lo largo de todo el &hellip; <a class=\"more-link\" href=\"https:\/\/colegioarquitectos.com\/noticias\/?p=25746\">ver m\u00e1s<\/a><\/p>","protected":false},"author":4,"featured_media":25747,"comment_status":"closed","ping_status":"closed","sticky":false,"template":"","format":"standard","meta":{"footnotes":""},"categories":[8,78],"tags":[],"class_list":["post-25746","post","type-post","status-publish","format-standard","has-post-thumbnail","hentry","category-colegio-de-arquitectos","category-elecciones-ca-2020"],"yoast_head":"<!-- This site is optimized with the Yoast SEO plugin v24.2 - https:\/\/yoast.com\/wordpress\/plugins\/seo\/ -->\n<title>Lista oficial de candidatos y candidatas de las Elecciones CA 2020 - COLEGIO DE ARQUITECTOS DE CHILE<\/title>\n<meta name=\"robots\" content=\"index, follow, max-snippet:-1, max-image-preview:large, max-video-preview:-1\" \/>\n<link rel=\"canonical\" href=\"https:\/\/colegioarquitectos.com\/noticias\/?p=25746\" \/>\n<meta property=\"og:locale\" content=\"es_ES\" \/>\n<meta property=\"og:type\" content=\"article\" \/>\n<meta property=\"og:title\" content=\"Lista oficial de candidatos y candidatas de las Elecciones CA 2020 - COLEGIO DE ARQUITECTOS DE CHILE\" \/>\n<meta property=\"og:description\" content=\"Ya est\u00e1n en marcha las\u00a0Elecciones CA 2020, proceso que el pr\u00f3ximo 5 y 6 de noviembre renovar\u00e1 autoridades en el\u00a0Directorio Nacional,\u00a0Tribunal de \u00c9tica Nacional (TEN),\u00a0Directorios de nuestras Delegaciones Zonales y Tribunales de \u00c9tica Regionales (TER)\u00a0a lo largo de todo el &hellip; ver m\u00e1s\" \/>\n<meta property=\"og:url\" content=\"https:\/\/colegioarquitectos.com\/noticias\/?p=25746\" \/>\n<meta property=\"og:site_name\" content=\"COLEGIO DE ARQUITECTOS DE CHILE\" \/>\n<meta property=\"article:publisher\" content=\"https:\/\/facebook.com\/Colegioarq\/\" \/>\n<meta property=\"article:published_time\" content=\"2020-10-28T08:15:34+00:00\" \/>\n<meta property=\"article:modified_time\" content=\"2020-10-28T13:49:08+00:00\" \/>\n<meta property=\"og:image\" content=\"https:\/\/colegioarquitectos.com\/noticias\/wp-content\/uploads\/2020\/10\/ENCABEZADO.jpeg\" \/>\n\t<meta property=\"og:image:width\" content=\"690\" \/>\n\t<meta property=\"og:image:height\" content=\"350\" \/>\n\t<meta property=\"og:image:type\" content=\"image\/jpeg\" \/>\n<meta name=\"author\" content=\"Colegio de Arquitectos de Chile\" \/>\n<meta name=\"twitter:card\" content=\"summary_large_image\" \/>\n<meta name=\"twitter:creator\" content=\"@colegioarq\" \/>\n<meta name=\"twitter:site\" content=\"@colegioarq\" \/>\n<meta name=\"twitter:label1\" content=\"Escrito por\" \/>\n\t<meta name=\"twitter:data1\" content=\"Colegio de Arquitectos de Chile\" \/>\n\t<meta name=\"twitter:label2\" content=\"Tiempo de lectura\" \/>\n\t<meta name=\"twitter:data2\" content=\"2 minutos\" \/>\n<script type=\"application\/ld+json\" class=\"yoast-schema-graph\">{\"@context\":\"https:\/\/schema.org\",\"@graph\":[{\"@type\":\"Article\",\"@id\":\"https:\/\/colegioarquitectos.com\/noticias\/?p=25746#article\",\"isPartOf\":{\"@id\":\"https:\/\/colegioarquitectos.com\/noticias\/?p=25746\"},\"author\":{\"name\":\"Colegio de Arquitectos de Chile\",\"@id\":\"https:\/\/colegioarquitectos.com\/noticias\/#\/schema\/person\/685cc0aad148303c5608f049af8285ad\"},\"headline\":\"Lista oficial de candidatos y candidatas de las Elecciones CA 2020\",\"datePublished\":\"2020-10-28T08:15:34+00:00\",\"dateModified\":\"2020-10-28T13:49:08+00:00\",\"mainEntityOfPage\":{\"@id\":\"https:\/\/colegioarquitectos.com\/noticias\/?p=25746\"},\"wordCount\":447,\"publisher\":{\"@id\":\"https:\/\/colegioarquitectos.com\/noticias\/#organization\"},\"image\":{\"@id\":\"https:\/\/colegioarquitectos.com\/noticias\/?p=25746#primaryimage\"},\"thumbnailUrl\":\"https:\/\/colegioarquitectos.com\/noticias\/wp-content\/uploads\/2020\/10\/ENCABEZADO.jpeg\",\"articleSection\":[\"Colegio\",\"Elecciones CA 2020\"],\"inLanguage\":\"es\"},{\"@type\":\"WebPage\",\"@id\":\"https:\/\/colegioarquitectos.com\/noticias\/?p=25746\",\"url\":\"https:\/\/colegioarquitectos.com\/noticias\/?p=25746\",\"name\":\"Lista oficial de candidatos y candidatas de las Elecciones CA 2020 - COLEGIO DE ARQUITECTOS DE CHILE\",\"isPartOf\":{\"@id\":\"https:\/\/colegioarquitectos.com\/noticias\/#website\"},\"primaryImageOfPage\":{\"@id\":\"https:\/\/colegioarquitectos.com\/noticias\/?p=25746#primaryimage\"},\"image\":{\"@id\":\"https:\/\/colegioarquitectos.com\/noticias\/?p=25746#primaryimage\"},\"thumbnailUrl\":\"https:\/\/colegioarquitectos.com\/noticias\/wp-content\/uploads\/2020\/10\/ENCABEZADO.jpeg\",\"datePublished\":\"2020-10-28T08:15:34+00:00\",\"dateModified\":\"2020-10-28T13:49:08+00:00\",\"breadcrumb\":{\"@id\":\"https:\/\/colegioarquitectos.com\/noticias\/?p=25746#breadcrumb\"},\"inLanguage\":\"es\",\"potentialAction\":[{\"@type\":\"ReadAction\",\"target\":[\"https:\/\/colegioarquitectos.com\/noticias\/?p=25746\"]}]},{\"@type\":\"ImageObject\",\"inLanguage\":\"es\",\"@id\":\"https:\/\/colegioarquitectos.com\/noticias\/?p=25746#primaryimage\",\"url\":\"https:\/\/colegioarquitectos.com\/noticias\/wp-content\/uploads\/2020\/10\/ENCABEZADO.jpeg\",\"contentUrl\":\"https:\/\/colegioarquitectos.com\/noticias\/wp-content\/uploads\/2020\/10\/ENCABEZADO.jpeg\",\"width\":690,\"height\":350},{\"@type\":\"BreadcrumbList\",\"@id\":\"https:\/\/colegioarquitectos.com\/noticias\/?p=25746#breadcrumb\",\"itemListElement\":[{\"@type\":\"ListItem\",\"position\":1,\"name\":\"Portada\",\"item\":\"https:\/\/colegioarquitectos.com\/noticias\"},{\"@type\":\"ListItem\",\"position\":2,\"name\":\"Lista oficial de candidatos y candidatas de las Elecciones CA 2020\"}]},{\"@type\":\"WebSite\",\"@id\":\"https:\/\/colegioarquitectos.com\/noticias\/#website\",\"url\":\"https:\/\/colegioarquitectos.com\/noticias\/\",\"name\":\"COLEGIO DE ARQUITECTOS DE CHILE\",\"description\":\"\",\"publisher\":{\"@id\":\"https:\/\/colegioarquitectos.com\/noticias\/#organization\"},\"potentialAction\":[{\"@type\":\"SearchAction\",\"target\":{\"@type\":\"EntryPoint\",\"urlTemplate\":\"https:\/\/colegioarquitectos.com\/noticias\/?s={search_term_string}\"},\"query-input\":{\"@type\":\"PropertyValueSpecification\",\"valueRequired\":true,\"valueName\":\"search_term_string\"}}],\"inLanguage\":\"es\"},{\"@type\":\"Organization\",\"@id\":\"https:\/\/colegioarquitectos.com\/noticias\/#organization\",\"name\":\"COLEGIO DE ARQUITECTOS DE CHILE\",\"url\":\"https:\/\/colegioarquitectos.com\/noticias\/\",\"logo\":{\"@type\":\"ImageObject\",\"inLanguage\":\"es\",\"@id\":\"https:\/\/colegioarquitectos.com\/noticias\/#\/schema\/logo\/image\/\",\"url\":\"https:\/\/colegioarquitectos.com\/noticias\/wp-content\/uploads\/2021\/05\/ENCABEZADO-LOGO-CA.jpg\",\"contentUrl\":\"https:\/\/colegioarquitectos.com\/noticias\/wp-content\/uploads\/2021\/05\/ENCABEZADO-LOGO-CA.jpg\",\"width\":690,\"height\":350,\"caption\":\"COLEGIO DE ARQUITECTOS DE CHILE\"},\"image\":{\"@id\":\"https:\/\/colegioarquitectos.com\/noticias\/#\/schema\/logo\/image\/\"},\"sameAs\":[\"https:\/\/facebook.com\/Colegioarq\/\",\"https:\/\/x.com\/colegioarq\",\"https:\/\/instagram.com\/colegioarq\",\"https:\/\/youtube.com\/@ColegiodeArquitectosdeChile\"]},{\"@type\":\"Person\",\"@id\":\"https:\/\/colegioarquitectos.com\/noticias\/#\/schema\/person\/685cc0aad148303c5608f049af8285ad\",\"name\":\"Colegio de Arquitectos de Chile\",\"url\":\"https:\/\/colegioarquitectos.com\/noticias\/?author=4\"}]}<\/script>\n<!-- \/ Yoast SEO plugin. -->","yoast_head_json":{"title":"Lista oficial de candidatos y candidatas de las Elecciones CA 2020 - COLEGIO DE ARQUITECTOS DE CHILE","robots":{"index":"index","follow":"follow","max-snippet":"max-snippet:-1","max-image-preview":"max-image-preview:large","max-video-preview":"max-video-preview:-1"},"canonical":"https:\/\/colegioarquitectos.com\/noticias\/?p=25746","og_locale":"es_ES","og_type":"article","og_title":"Lista oficial de candidatos y candidatas de las Elecciones CA 2020 - COLEGIO DE ARQUITECTOS DE CHILE","og_description":"Ya est\u00e1n en marcha las\u00a0Elecciones CA 2020, proceso que el pr\u00f3ximo 5 y 6 de noviembre renovar\u00e1 autoridades en el\u00a0Directorio Nacional,\u00a0Tribunal de \u00c9tica Nacional (TEN),\u00a0Directorios de nuestras Delegaciones Zonales y Tribunales de \u00c9tica Regionales (TER)\u00a0a lo largo de todo el &hellip; ver m\u00e1s","og_url":"https:\/\/colegioarquitectos.com\/noticias\/?p=25746","og_site_name":"COLEGIO DE ARQUITECTOS DE CHILE","article_publisher":"https:\/\/facebook.com\/Colegioarq\/","article_published_time":"2020-10-28T08:15:34+00:00","article_modified_time":"2020-10-28T13:49:08+00:00","og_image":[{"width":690,"height":350,"url":"https:\/\/colegioarquitectos.com\/noticias\/wp-content\/uploads\/2020\/10\/ENCABEZADO.jpeg","type":"image\/jpeg"}],"author":"Colegio de Arquitectos de Chile","twitter_card":"summary_large_image","twitter_creator":"@colegioarq","twitter_site":"@colegioarq","twitter_misc":{"Escrito por":"Colegio de Arquitectos de Chile","Tiempo de lectura":"2 minutos"},"schema":{"@context":"https:\/\/schema.org","@graph":[{"@type":"Article","@id":"https:\/\/colegioarquitectos.com\/noticias\/?p=25746#article","isPartOf":{"@id":"https:\/\/colegioarquitectos.com\/noticias\/?p=25746"},"author":{"name":"Colegio de Arquitectos de Chile","@id":"https:\/\/colegioarquitectos.com\/noticias\/#\/schema\/person\/685cc0aad148303c5608f049af8285ad"},"headline":"Lista oficial de candidatos y candidatas de las Elecciones CA 2020","datePublished":"2020-10-28T08:15:34+00:00","dateModified":"2020-10-28T13:49:08+00:00","mainEntityOfPage":{"@id":"https:\/\/colegioarquitectos.com\/noticias\/?p=25746"},"wordCount":447,"publisher":{"@id":"https:\/\/colegioarquitectos.com\/noticias\/#organization"},"image":{"@id":"https:\/\/colegioarquitectos.com\/noticias\/?p=25746#primaryimage"},"thumbnailUrl":"https:\/\/colegioarquitectos.com\/noticias\/wp-content\/uploads\/2020\/10\/ENCABEZADO.jpeg","articleSection":["Colegio","Elecciones CA 2020"],"inLanguage":"es"},{"@type":"WebPage","@id":"https:\/\/colegioarquitectos.com\/noticias\/?p=25746","url":"https:\/\/colegioarquitectos.com\/noticias\/?p=25746","name":"Lista oficial de candidatos y candidatas de las Elecciones CA 2020 - COLEGIO DE ARQUITECTOS DE CHILE","isPartOf":{"@id":"https:\/\/colegioarquitectos.com\/noticias\/#website"},"primaryImageOfPage":{"@id":"https:\/\/colegioarquitectos.com\/noticias\/?p=25746#primaryimage"},"image":{"@id":"https:\/\/colegioarquitectos.com\/noticias\/?p=25746#primaryimage"},"thumbnailUrl":"https:\/\/colegioarquitectos.com\/noticias\/wp-content\/uploads\/2020\/10\/ENCABEZADO.jpeg","datePublished":"2020-10-28T08:15:34+00:00","dateModified":"2020-10-28T13:49:08+00:00","breadcrumb":{"@id":"https:\/\/colegioarquitectos.com\/noticias\/?p=25746#breadcrumb"},"inLanguage":"es","potentialAction":[{"@type":"ReadAction","target":["https:\/\/colegioarquitectos.com\/noticias\/?p=25746"]}]},{"@type":"ImageObject","inLanguage":"es","@id":"https:\/\/colegioarquitectos.com\/noticias\/?p=25746#primaryimage","url":"https:\/\/colegioarquitectos.com\/noticias\/wp-content\/uploads\/2020\/10\/ENCABEZADO.jpeg","contentUrl":"https:\/\/colegioarquitectos.com\/noticias\/wp-content\/uploads\/2020\/10\/ENCABEZADO.jpeg","width":690,"height":350},{"@type":"BreadcrumbList","@id":"https:\/\/colegioarquitectos.com\/noticias\/?p=25746#breadcrumb","itemListElement":[{"@type":"ListItem","position":1,"name":"Portada","item":"https:\/\/colegioarquitectos.com\/noticias"},{"@type":"ListItem","position":2,"name":"Lista oficial de candidatos y candidatas de las Elecciones CA 2020"}]},{"@type":"WebSite","@id":"https:\/\/colegioarquitectos.com\/noticias\/#website","url":"https:\/\/colegioarquitectos.com\/noticias\/","name":"COLEGIO DE ARQUITECTOS DE CHILE","description":"","publisher":{"@id":"https:\/\/colegioarquitectos.com\/noticias\/#organization"},"potentialAction":[{"@type":"SearchAction","target":{"@type":"EntryPoint","urlTemplate":"https:\/\/colegioarquitectos.com\/noticias\/?s={search_term_string}"},"query-input":{"@type":"PropertyValueSpecification","valueRequired":true,"valueName":"search_term_string"}}],"inLanguage":"es"},{"@type":"Organization","@id":"https:\/\/colegioarquitectos.com\/noticias\/#organization","name":"COLEGIO DE ARQUITECTOS DE CHILE","url":"https:\/\/colegioarquitectos.com\/noticias\/","logo":{"@type":"ImageObject","inLanguage":"es","@id":"https:\/\/colegioarquitectos.com\/noticias\/#\/schema\/logo\/image\/","url":"https:\/\/colegioarquitectos.com\/noticias\/wp-content\/uploads\/2021\/05\/ENCABEZADO-LOGO-CA.jpg","contentUrl":"https:\/\/colegioarquitectos.com\/noticias\/wp-content\/uploads\/2021\/05\/ENCABEZADO-LOGO-CA.jpg","width":690,"height":350,"caption":"COLEGIO DE ARQUITECTOS DE CHILE"},"image":{"@id":"https:\/\/colegioarquitectos.com\/noticias\/#\/schema\/logo\/image\/"},"sameAs":["https:\/\/facebook.com\/Colegioarq\/","https:\/\/x.com\/colegioarq","https:\/\/instagram.com\/colegioarq","https:\/\/youtube.com\/@ColegiodeArquitectosdeChile"]},{"@type":"Person","@id":"https:\/\/colegioarquitectos.com\/noticias\/#\/schema\/person\/685cc0aad148303c5608f049af8285ad","name":"Colegio de Arquitectos de Chile","url":"https:\/\/colegioarquitectos.com\/noticias\/?author=4"}]}},"_links":{"self":[{"href":"https:\/\/colegioarquitectos.com\/noticias\/index.php?rest_route=\/wp\/v2\/posts\/25746","targetHints":{"allow":["GET"]}}],"collection":[{"href":"https:\/\/colegioarquitectos.com\/noticias\/index.php?rest_route=\/wp\/v2\/posts"}],"about":[{"href":"https:\/\/colegioarquitectos.com\/noticias\/index.php?rest_route=\/wp\/v2\/types\/post"}],"author":[{"embeddable":true,"href":"https:\/\/colegioarquitectos.com\/noticias\/index.php?rest_route=\/wp\/v2\/users\/4"}],"replies":[{"embeddable":true,"href":"https:\/\/colegioarquitectos.com\/noticias\/index.php?rest_route=%2Fwp%2Fv2%2Fcomments&post=25746"}],"version-history":[{"count":0,"href":"https:\/\/colegioarquitectos.com\/noticias\/index.php?rest_route=\/wp\/v2\/posts\/25746\/revisions"}],"wp:featuredmedia":[{"embeddable":true,"href":"https:\/\/colegioarquitectos.com\/noticias\/index.php?rest_route=\/wp\/v2\/media\/25747"}],"wp:attachment":[{"href":"https:\/\/colegioarquitectos.com\/noticias\/index.php?rest_route=%2Fwp%2Fv2%2Fmedia&parent=25746"}],"wp:term":[{"taxonomy":"category","embeddable":true,"href":"https:\/\/colegioarquitectos.com\/noticias\/index.php?rest_route=%2Fwp%2Fv2%2Fcategories&post=25746"},{"taxonomy":"post_tag","embeddable":true,"href":"https:\/\/colegioarquitectos.com\/noticias\/index.php?rest_route=%2Fwp%2Fv2%2Ftags&post=25746"}],"curies":[{"name":"wp","href":"https:\/\/api.w.org\/{rel}","templated":true}]}}