
{"id":25754,"date":"2020-10-19T23:48:33","date_gmt":"2020-10-19T23:48:33","guid":{"rendered":"http:\/\/colegioarquitectos.com\/?p=25754"},"modified":"2020-10-19T23:48:33","modified_gmt":"2020-10-19T23:48:33","slug":"fernando-miranda-monsalve-ica-8598-2","status":"publish","type":"post","link":"https:\/\/colegioarquitectos.com\/noticias\/?p=25754","title":{"rendered":"Fernando Miranda Monsalve &#8211; ICA 8598"},"content":{"rendered":"<h3 style=\"text-align: center;\">Fernando Miranda Monsalve<\/h3>\n<h3 style=\"text-align: center;\">ICA 8598<\/h3>\n<h3 style=\"text-align: center;\">Directorio Nacional &#8211; Macrozona Sur<\/h3>\n<p><img loading=\"lazy\" decoding=\"async\" class=\"aligncenter wp-image-25803 size-medium\" src=\"http:\/\/colegioarquitectos.com\/noticias\/wp-content\/uploads\/2020\/10\/FOTO-FMM-02-Fernando-Miranda-277x300.jpg\" alt=\"\" width=\"277\" height=\"300\" srcset=\"https:\/\/colegioarquitectos.com\/noticias\/wp-content\/uploads\/2020\/10\/FOTO-FMM-02-Fernando-Miranda-277x300.jpg 277w, https:\/\/colegioarquitectos.com\/noticias\/wp-content\/uploads\/2020\/10\/FOTO-FMM-02-Fernando-Miranda-768x833.jpg 768w, https:\/\/colegioarquitectos.com\/noticias\/wp-content\/uploads\/2020\/10\/FOTO-FMM-02-Fernando-Miranda-944x1024.jpg 944w\" sizes=\"auto, (max-width: 277px) 100vw, 277px\" \/><\/p>\n<p>&nbsp;<\/p>\n<h4>Breve presentaci\u00f3n o biograf\u00eda<\/h4>\n<p>Arquitecto de 49 a\u00f1os, nacido en Santiago y viviendo en la Regi\u00f3n de Ays\u00e9n desde el a\u00f1o 2001. Casado con Maritza y padre de Pamela y Roc\u00edo. Trabajo actualmente en la Universidad de Ays\u00e9n, en la Unidad de Infraestructura. Soy Senador Universitario en representaci\u00f3n del estamento de profesionales de colaboraci\u00f3n.<\/p>\n<p>Formaci\u00f3n Acad\u00e9mica:<\/p>\n<p>\u2022 DIPLOMADO EN EFICIENCIA ENERG\u00c9TICA AVANZADO (2019) Universidad del Bio Bio<\/p>\n<p>\u2022 MAG\u00cdSTER (C) DESARROLLO RURAL (2013) Universidad Academia de Humanismo Cristiano<\/p>\n<p>\u2022 DIPLOMADO EN DESARROLLO LOCAL (2012) Universidad de La Frontera<\/p>\n<p>\u2022 MAG\u00cdSTER (E) GOBIERNO ELECTR\u00d3NICO (2008) Universidad Tecnol\u00f3gica Metropolitana<\/p>\n<p>\u2022 ARQUITECTO (2001) Universidad de Chile.<\/p>\n<p>&nbsp;<\/p>\n<h4>Ideas o propuestas para su futura gesti\u00f3n<\/h4>\n<p>Hace algunos a\u00f1os los arquitectos de la regi\u00f3n de Ays\u00e9n nos propusimos relevar el oficio de Arquitecto como agente de cambios en beneficio de la Sociedad en su conjunto. Definimos como visi\u00f3n para el Colegio lo siguiente: \u00abEl colegio ser\u00e1 un espacio de discusi\u00f3n que en un contexto \u00e9tico, de respeto y tolerancia nos permitir\u00e1, a trav\u00e9s de un trabajo creativo y colaborativo, cumplir con nuestra responsabilidad social\u00bb. En Ays\u00e9n no nos basta con alcanzar un logro, si no y m\u00e1s importante, es como llegaremos a \u00e9l: con \u00e9tica, con tolerancia, con respeto y con trabajo en equipo. Me gustar\u00eda llevar al Directorio Nacional, nuestra experiencia en el hacer desde las regiones. Volver a la solidaridad de comunidad, en la que todas nuestras tareas, grandes o peque\u00f1as las evaluemos desde lo colectivo y en el beneficio de todos.<\/p>\n<p><\/p>","protected":false},"excerpt":{"rendered":"<p>Fernando Miranda Monsalve ICA 8598 Directorio Nacional &#8211; Macrozona Sur &nbsp; Breve presentaci\u00f3n o biograf\u00eda Arquitecto de 49 a\u00f1os, nacido en Santiago y viviendo en la Regi\u00f3n de Ays\u00e9n desde el a\u00f1o 2001. Casado con Maritza y padre de Pamela &hellip; <a class=\"more-link\" href=\"https:\/\/colegioarquitectos.com\/noticias\/?p=25754\">ver m\u00e1s<\/a><\/p>","protected":false},"author":4,"featured_media":25747,"comment_status":"closed","ping_status":"closed","sticky":false,"template":"","format":"standard","meta":{"footnotes":""},"categories":[78],"tags":[],"class_list":["post-25754","post","type-post","status-publish","format-standard","has-post-thumbnail","hentry","category-elecciones-ca-2020"],"yoast_head":"<!-- This site is optimized with the Yoast SEO plugin v24.2 - https:\/\/yoast.com\/wordpress\/plugins\/seo\/ -->\n<title>Fernando Miranda Monsalve - ICA 8598 - COLEGIO DE ARQUITECTOS DE CHILE<\/title>\n<meta name=\"robots\" content=\"index, follow, max-snippet:-1, max-image-preview:large, max-video-preview:-1\" \/>\n<link rel=\"canonical\" href=\"https:\/\/colegioarquitectos.com\/noticias\/?p=25754\" \/>\n<meta property=\"og:locale\" content=\"es_ES\" \/>\n<meta property=\"og:type\" content=\"article\" \/>\n<meta property=\"og:title\" content=\"Fernando Miranda Monsalve - ICA 8598 - COLEGIO DE ARQUITECTOS DE CHILE\" \/>\n<meta property=\"og:description\" content=\"Fernando Miranda Monsalve ICA 8598 Directorio Nacional &#8211; Macrozona Sur &nbsp; Breve presentaci\u00f3n o biograf\u00eda Arquitecto de 49 a\u00f1os, nacido en Santiago y viviendo en la Regi\u00f3n de Ays\u00e9n desde el a\u00f1o 2001. Casado con Maritza y padre de Pamela &hellip; ver m\u00e1s\" \/>\n<meta property=\"og:url\" content=\"https:\/\/colegioarquitectos.com\/noticias\/?p=25754\" \/>\n<meta property=\"og:site_name\" content=\"COLEGIO DE ARQUITECTOS DE CHILE\" \/>\n<meta property=\"article:publisher\" content=\"https:\/\/facebook.com\/Colegioarq\/\" \/>\n<meta property=\"article:published_time\" content=\"2020-10-19T23:48:33+00:00\" \/>\n<meta property=\"og:image\" content=\"https:\/\/colegioarquitectos.com\/noticias\/wp-content\/uploads\/2020\/10\/ENCABEZADO.jpeg\" \/>\n\t<meta property=\"og:image:width\" content=\"690\" \/>\n\t<meta property=\"og:image:height\" content=\"350\" \/>\n\t<meta property=\"og:image:type\" content=\"image\/jpeg\" \/>\n<meta name=\"author\" content=\"Colegio de Arquitectos de Chile\" \/>\n<meta name=\"twitter:card\" content=\"summary_large_image\" \/>\n<meta name=\"twitter:creator\" content=\"@colegioarq\" \/>\n<meta name=\"twitter:site\" content=\"@colegioarq\" \/>\n<meta name=\"twitter:label1\" content=\"Escrito por\" \/>\n\t<meta name=\"twitter:data1\" content=\"Colegio de Arquitectos de Chile\" \/>\n\t<meta name=\"twitter:label2\" content=\"Tiempo de lectura\" \/>\n\t<meta name=\"twitter:data2\" content=\"1 minuto\" \/>\n<script type=\"application\/ld+json\" class=\"yoast-schema-graph\">{\"@context\":\"https:\/\/schema.org\",\"@graph\":[{\"@type\":\"Article\",\"@id\":\"https:\/\/colegioarquitectos.com\/noticias\/?p=25754#article\",\"isPartOf\":{\"@id\":\"https:\/\/colegioarquitectos.com\/noticias\/?p=25754\"},\"author\":{\"name\":\"Colegio de Arquitectos de Chile\",\"@id\":\"https:\/\/colegioarquitectos.com\/noticias\/#\/schema\/person\/685cc0aad148303c5608f049af8285ad\"},\"headline\":\"Fernando Miranda Monsalve &#8211; ICA 8598\",\"datePublished\":\"2020-10-19T23:48:33+00:00\",\"dateModified\":\"2020-10-19T23:48:33+00:00\",\"mainEntityOfPage\":{\"@id\":\"https:\/\/colegioarquitectos.com\/noticias\/?p=25754\"},\"wordCount\":280,\"publisher\":{\"@id\":\"https:\/\/colegioarquitectos.com\/noticias\/#organization\"},\"image\":{\"@id\":\"https:\/\/colegioarquitectos.com\/noticias\/?p=25754#primaryimage\"},\"thumbnailUrl\":\"https:\/\/colegioarquitectos.com\/noticias\/wp-content\/uploads\/2020\/10\/ENCABEZADO.jpeg\",\"articleSection\":[\"Elecciones CA 2020\"],\"inLanguage\":\"es\"},{\"@type\":\"WebPage\",\"@id\":\"https:\/\/colegioarquitectos.com\/noticias\/?p=25754\",\"url\":\"https:\/\/colegioarquitectos.com\/noticias\/?p=25754\",\"name\":\"Fernando Miranda Monsalve - ICA 8598 - COLEGIO DE ARQUITECTOS DE CHILE\",\"isPartOf\":{\"@id\":\"https:\/\/colegioarquitectos.com\/noticias\/#website\"},\"primaryImageOfPage\":{\"@id\":\"https:\/\/colegioarquitectos.com\/noticias\/?p=25754#primaryimage\"},\"image\":{\"@id\":\"https:\/\/colegioarquitectos.com\/noticias\/?p=25754#primaryimage\"},\"thumbnailUrl\":\"https:\/\/colegioarquitectos.com\/noticias\/wp-content\/uploads\/2020\/10\/ENCABEZADO.jpeg\",\"datePublished\":\"2020-10-19T23:48:33+00:00\",\"dateModified\":\"2020-10-19T23:48:33+00:00\",\"breadcrumb\":{\"@id\":\"https:\/\/colegioarquitectos.com\/noticias\/?p=25754#breadcrumb\"},\"inLanguage\":\"es\",\"potentialAction\":[{\"@type\":\"ReadAction\",\"target\":[\"https:\/\/colegioarquitectos.com\/noticias\/?p=25754\"]}]},{\"@type\":\"ImageObject\",\"inLanguage\":\"es\",\"@id\":\"https:\/\/colegioarquitectos.com\/noticias\/?p=25754#primaryimage\",\"url\":\"https:\/\/colegioarquitectos.com\/noticias\/wp-content\/uploads\/2020\/10\/ENCABEZADO.jpeg\",\"contentUrl\":\"https:\/\/colegioarquitectos.com\/noticias\/wp-content\/uploads\/2020\/10\/ENCABEZADO.jpeg\",\"width\":690,\"height\":350},{\"@type\":\"BreadcrumbList\",\"@id\":\"https:\/\/colegioarquitectos.com\/noticias\/?p=25754#breadcrumb\",\"itemListElement\":[{\"@type\":\"ListItem\",\"position\":1,\"name\":\"Portada\",\"item\":\"https:\/\/colegioarquitectos.com\/noticias\"},{\"@type\":\"ListItem\",\"position\":2,\"name\":\"Fernando Miranda Monsalve &#8211; ICA 8598\"}]},{\"@type\":\"WebSite\",\"@id\":\"https:\/\/colegioarquitectos.com\/noticias\/#website\",\"url\":\"https:\/\/colegioarquitectos.com\/noticias\/\",\"name\":\"COLEGIO DE ARQUITECTOS DE CHILE\",\"description\":\"\",\"publisher\":{\"@id\":\"https:\/\/colegioarquitectos.com\/noticias\/#organization\"},\"potentialAction\":[{\"@type\":\"SearchAction\",\"target\":{\"@type\":\"EntryPoint\",\"urlTemplate\":\"https:\/\/colegioarquitectos.com\/noticias\/?s={search_term_string}\"},\"query-input\":{\"@type\":\"PropertyValueSpecification\",\"valueRequired\":true,\"valueName\":\"search_term_string\"}}],\"inLanguage\":\"es\"},{\"@type\":\"Organization\",\"@id\":\"https:\/\/colegioarquitectos.com\/noticias\/#organization\",\"name\":\"COLEGIO DE ARQUITECTOS DE CHILE\",\"url\":\"https:\/\/colegioarquitectos.com\/noticias\/\",\"logo\":{\"@type\":\"ImageObject\",\"inLanguage\":\"es\",\"@id\":\"https:\/\/colegioarquitectos.com\/noticias\/#\/schema\/logo\/image\/\",\"url\":\"https:\/\/colegioarquitectos.com\/noticias\/wp-content\/uploads\/2021\/05\/ENCABEZADO-LOGO-CA.jpg\",\"contentUrl\":\"https:\/\/colegioarquitectos.com\/noticias\/wp-content\/uploads\/2021\/05\/ENCABEZADO-LOGO-CA.jpg\",\"width\":690,\"height\":350,\"caption\":\"COLEGIO DE ARQUITECTOS DE CHILE\"},\"image\":{\"@id\":\"https:\/\/colegioarquitectos.com\/noticias\/#\/schema\/logo\/image\/\"},\"sameAs\":[\"https:\/\/facebook.com\/Colegioarq\/\",\"https:\/\/x.com\/colegioarq\",\"https:\/\/instagram.com\/colegioarq\",\"https:\/\/youtube.com\/@ColegiodeArquitectosdeChile\"]},{\"@type\":\"Person\",\"@id\":\"https:\/\/colegioarquitectos.com\/noticias\/#\/schema\/person\/685cc0aad148303c5608f049af8285ad\",\"name\":\"Colegio de Arquitectos de Chile\",\"url\":\"https:\/\/colegioarquitectos.com\/noticias\/?author=4\"}]}<\/script>\n<!-- \/ Yoast SEO plugin. -->","yoast_head_json":{"title":"Fernando Miranda Monsalve - ICA 8598 - COLEGIO DE ARQUITECTOS DE CHILE","robots":{"index":"index","follow":"follow","max-snippet":"max-snippet:-1","max-image-preview":"max-image-preview:large","max-video-preview":"max-video-preview:-1"},"canonical":"https:\/\/colegioarquitectos.com\/noticias\/?p=25754","og_locale":"es_ES","og_type":"article","og_title":"Fernando Miranda Monsalve - ICA 8598 - COLEGIO DE ARQUITECTOS DE CHILE","og_description":"Fernando Miranda Monsalve ICA 8598 Directorio Nacional &#8211; Macrozona Sur &nbsp; Breve presentaci\u00f3n o biograf\u00eda Arquitecto de 49 a\u00f1os, nacido en Santiago y viviendo en la Regi\u00f3n de Ays\u00e9n desde el a\u00f1o 2001. Casado con Maritza y padre de Pamela &hellip; ver m\u00e1s","og_url":"https:\/\/colegioarquitectos.com\/noticias\/?p=25754","og_site_name":"COLEGIO DE ARQUITECTOS DE CHILE","article_publisher":"https:\/\/facebook.com\/Colegioarq\/","article_published_time":"2020-10-19T23:48:33+00:00","og_image":[{"width":690,"height":350,"url":"https:\/\/colegioarquitectos.com\/noticias\/wp-content\/uploads\/2020\/10\/ENCABEZADO.jpeg","type":"image\/jpeg"}],"author":"Colegio de Arquitectos de Chile","twitter_card":"summary_large_image","twitter_creator":"@colegioarq","twitter_site":"@colegioarq","twitter_misc":{"Escrito por":"Colegio de Arquitectos de Chile","Tiempo de lectura":"1 minuto"},"schema":{"@context":"https:\/\/schema.org","@graph":[{"@type":"Article","@id":"https:\/\/colegioarquitectos.com\/noticias\/?p=25754#article","isPartOf":{"@id":"https:\/\/colegioarquitectos.com\/noticias\/?p=25754"},"author":{"name":"Colegio de Arquitectos de Chile","@id":"https:\/\/colegioarquitectos.com\/noticias\/#\/schema\/person\/685cc0aad148303c5608f049af8285ad"},"headline":"Fernando Miranda Monsalve &#8211; ICA 8598","datePublished":"2020-10-19T23:48:33+00:00","dateModified":"2020-10-19T23:48:33+00:00","mainEntityOfPage":{"@id":"https:\/\/colegioarquitectos.com\/noticias\/?p=25754"},"wordCount":280,"publisher":{"@id":"https:\/\/colegioarquitectos.com\/noticias\/#organization"},"image":{"@id":"https:\/\/colegioarquitectos.com\/noticias\/?p=25754#primaryimage"},"thumbnailUrl":"https:\/\/colegioarquitectos.com\/noticias\/wp-content\/uploads\/2020\/10\/ENCABEZADO.jpeg","articleSection":["Elecciones CA 2020"],"inLanguage":"es"},{"@type":"WebPage","@id":"https:\/\/colegioarquitectos.com\/noticias\/?p=25754","url":"https:\/\/colegioarquitectos.com\/noticias\/?p=25754","name":"Fernando Miranda Monsalve - ICA 8598 - COLEGIO DE ARQUITECTOS DE CHILE","isPartOf":{"@id":"https:\/\/colegioarquitectos.com\/noticias\/#website"},"primaryImageOfPage":{"@id":"https:\/\/colegioarquitectos.com\/noticias\/?p=25754#primaryimage"},"image":{"@id":"https:\/\/colegioarquitectos.com\/noticias\/?p=25754#primaryimage"},"thumbnailUrl":"https:\/\/colegioarquitectos.com\/noticias\/wp-content\/uploads\/2020\/10\/ENCABEZADO.jpeg","datePublished":"2020-10-19T23:48:33+00:00","dateModified":"2020-10-19T23:48:33+00:00","breadcrumb":{"@id":"https:\/\/colegioarquitectos.com\/noticias\/?p=25754#breadcrumb"},"inLanguage":"es","potentialAction":[{"@type":"ReadAction","target":["https:\/\/colegioarquitectos.com\/noticias\/?p=25754"]}]},{"@type":"ImageObject","inLanguage":"es","@id":"https:\/\/colegioarquitectos.com\/noticias\/?p=25754#primaryimage","url":"https:\/\/colegioarquitectos.com\/noticias\/wp-content\/uploads\/2020\/10\/ENCABEZADO.jpeg","contentUrl":"https:\/\/colegioarquitectos.com\/noticias\/wp-content\/uploads\/2020\/10\/ENCABEZADO.jpeg","width":690,"height":350},{"@type":"BreadcrumbList","@id":"https:\/\/colegioarquitectos.com\/noticias\/?p=25754#breadcrumb","itemListElement":[{"@type":"ListItem","position":1,"name":"Portada","item":"https:\/\/colegioarquitectos.com\/noticias"},{"@type":"ListItem","position":2,"name":"Fernando Miranda Monsalve &#8211; ICA 8598"}]},{"@type":"WebSite","@id":"https:\/\/colegioarquitectos.com\/noticias\/#website","url":"https:\/\/colegioarquitectos.com\/noticias\/","name":"COLEGIO DE ARQUITECTOS DE CHILE","description":"","publisher":{"@id":"https:\/\/colegioarquitectos.com\/noticias\/#organization"},"potentialAction":[{"@type":"SearchAction","target":{"@type":"EntryPoint","urlTemplate":"https:\/\/colegioarquitectos.com\/noticias\/?s={search_term_string}"},"query-input":{"@type":"PropertyValueSpecification","valueRequired":true,"valueName":"search_term_string"}}],"inLanguage":"es"},{"@type":"Organization","@id":"https:\/\/colegioarquitectos.com\/noticias\/#organization","name":"COLEGIO DE ARQUITECTOS DE CHILE","url":"https:\/\/colegioarquitectos.com\/noticias\/","logo":{"@type":"ImageObject","inLanguage":"es","@id":"https:\/\/colegioarquitectos.com\/noticias\/#\/schema\/logo\/image\/","url":"https:\/\/colegioarquitectos.com\/noticias\/wp-content\/uploads\/2021\/05\/ENCABEZADO-LOGO-CA.jpg","contentUrl":"https:\/\/colegioarquitectos.com\/noticias\/wp-content\/uploads\/2021\/05\/ENCABEZADO-LOGO-CA.jpg","width":690,"height":350,"caption":"COLEGIO DE ARQUITECTOS DE CHILE"},"image":{"@id":"https:\/\/colegioarquitectos.com\/noticias\/#\/schema\/logo\/image\/"},"sameAs":["https:\/\/facebook.com\/Colegioarq\/","https:\/\/x.com\/colegioarq","https:\/\/instagram.com\/colegioarq","https:\/\/youtube.com\/@ColegiodeArquitectosdeChile"]},{"@type":"Person","@id":"https:\/\/colegioarquitectos.com\/noticias\/#\/schema\/person\/685cc0aad148303c5608f049af8285ad","name":"Colegio de Arquitectos de Chile","url":"https:\/\/colegioarquitectos.com\/noticias\/?author=4"}]}},"_links":{"self":[{"href":"https:\/\/colegioarquitectos.com\/noticias\/index.php?rest_route=\/wp\/v2\/posts\/25754","targetHints":{"allow":["GET"]}}],"collection":[{"href":"https:\/\/colegioarquitectos.com\/noticias\/index.php?rest_route=\/wp\/v2\/posts"}],"about":[{"href":"https:\/\/colegioarquitectos.com\/noticias\/index.php?rest_route=\/wp\/v2\/types\/post"}],"author":[{"embeddable":true,"href":"https:\/\/colegioarquitectos.com\/noticias\/index.php?rest_route=\/wp\/v2\/users\/4"}],"replies":[{"embeddable":true,"href":"https:\/\/colegioarquitectos.com\/noticias\/index.php?rest_route=%2Fwp%2Fv2%2Fcomments&post=25754"}],"version-history":[{"count":0,"href":"https:\/\/colegioarquitectos.com\/noticias\/index.php?rest_route=\/wp\/v2\/posts\/25754\/revisions"}],"wp:featuredmedia":[{"embeddable":true,"href":"https:\/\/colegioarquitectos.com\/noticias\/index.php?rest_route=\/wp\/v2\/media\/25747"}],"wp:attachment":[{"href":"https:\/\/colegioarquitectos.com\/noticias\/index.php?rest_route=%2Fwp%2Fv2%2Fmedia&parent=25754"}],"wp:term":[{"taxonomy":"category","embeddable":true,"href":"https:\/\/colegioarquitectos.com\/noticias\/index.php?rest_route=%2Fwp%2Fv2%2Fcategories&post=25754"},{"taxonomy":"post_tag","embeddable":true,"href":"https:\/\/colegioarquitectos.com\/noticias\/index.php?rest_route=%2Fwp%2Fv2%2Ftags&post=25754"}],"curies":[{"name":"wp","href":"https:\/\/api.w.org\/{rel}","templated":true}]}}