
{"id":25793,"date":"2020-10-19T23:49:34","date_gmt":"2020-10-19T23:49:34","guid":{"rendered":"http:\/\/colegioarquitectos.com\/?p=25793"},"modified":"2020-10-19T23:49:34","modified_gmt":"2020-10-19T23:49:34","slug":"cristobal-molina-baeza-ica-11568","status":"publish","type":"post","link":"https:\/\/colegioarquitectos.com\/noticias\/?p=25793","title":{"rendered":"Crist\u00f3bal Molina Baeza &#8211; ICA 11568"},"content":{"rendered":"<h3 style=\"text-align: center;\">Crist\u00f3bal Molina Baeza<\/h3>\n<h3 style=\"text-align: center;\">ICA 11568<\/h3>\n<h3 style=\"text-align: center;\">Directorio Nacional<\/h3>\n<p><img loading=\"lazy\" decoding=\"async\" class=\"aligncenter size-medium wp-image-25842\" src=\"http:\/\/colegioarquitectos.com\/noticias\/wp-content\/uploads\/2020\/10\/Cristo\u0301bal-Molina-Baeza-Cristo\u0301bal-Molina-Baeza-min-300x225.jpg\" alt=\"\" width=\"300\" height=\"225\" srcset=\"https:\/\/colegioarquitectos.com\/noticias\/wp-content\/uploads\/2020\/10\/Cristo\u0301bal-Molina-Baeza-Cristo\u0301bal-Molina-Baeza-min-300x225.jpg 300w, https:\/\/colegioarquitectos.com\/noticias\/wp-content\/uploads\/2020\/10\/Cristo\u0301bal-Molina-Baeza-Cristo\u0301bal-Molina-Baeza-min-768x577.jpg 768w, https:\/\/colegioarquitectos.com\/noticias\/wp-content\/uploads\/2020\/10\/Cristo\u0301bal-Molina-Baeza-Cristo\u0301bal-Molina-Baeza-min-1024x769.jpg 1024w\" sizes=\"auto, (max-width: 300px) 100vw, 300px\" \/><\/p>\n<p>&nbsp;<\/p>\n<h4>Breve presentaci\u00f3n o biograf\u00eda<\/h4>\n<p>Soy arquitecto e investigador especializado en pol\u00edticas p\u00fablicas de arquitectura y patrimonio. Tengo un doctorado en la ETSAB de Barcelona, un Bachelor in Architecture y un Master in Architecture en Tulane University en Estados Unidos. Actualmente dirijo el \u00c1rea de Arquitectura del Ministerio de las Culturas, las Artes y el Patrimonio.<\/p>\n<p>Por diez a\u00f1os fui acad\u00e9mico en la Universidad Diego Portales. Fui editor de arquitectura de la revista CA y coordinador editorial de la revista ARQ. He sido autor, co-autor y editor de distintas publicaciones.<\/p>\n<p>Fui responsable de la incorporaci\u00f3n de la arquitectura en la institucionalidad cultural e impuls\u00e9 la L\u00ednea de Arquitectura, la Pol\u00edtica de Fomento de la Arquitectura (2017-2022), una agenda de concursos, entre otras iniciativas. He sido responsable desde el 2011 de los env\u00edos de Chile a las bienales internacionales, y fui el comisario del Pabell\u00f3n de Chile que gan\u00f3 el Le\u00f3n de Plata en la 14 Bienal de Arquitectura de Venecia. El a\u00f1o 2017 recib\u00ed el premio Alfredo Johnson del Colegio de Arquitectos de Chile y la medalla Aporte institucional a la arquitectura de la AOA.<\/p>\n<p>&nbsp;<\/p>\n<div class=\"freebirdFormviewerViewItemsItemItemHeader\"><\/div>\n<div class=\"freebirdFormviewerViewItemsTextTextItemContainer\">\n<div class=\"freebirdFormviewerViewItemsTextLongText freebirdFormviewerViewItemsTextDisabledText freebirdThemedInput\">\n<h4>Ideas o propuestas para su futura gesti\u00f3n<\/h4>\n<p>Espero contribuir a que el Colegio de Arquitectos logre superar sus diferencias e inicie una nueva etapa de unidad, entendimiento y acuerdos. Veo al gremio influyendo en las transformaciones que vienen. Han sido tiempos muy dif\u00edciles y los desaf\u00edos son importantes.<\/p>\n<p>Estoy convencido que debemos fortalecer su rol en la discusi\u00f3n p\u00fablica y que sea una voz activa en el proceso constitucional. La planificaci\u00f3n de ciudades y territorios, la promoci\u00f3n de buenas arquitecturas y la labor orientada al bien com\u00fan, son \u00e1mbitos de acci\u00f3n e influencia para superar las desigualdades.<\/p>\n<p>En ese debate se jugar\u00e1 mucho del futuro de nuestras ciudades y territorios, las pol\u00edticas habitacionales, el fomento cultural y el patrimonio. Se debatir\u00e1 la institucionalidad de los colegios profesionales. Ah\u00ed debemos fortalecer nuestra instituci\u00f3n, recuperando la tuici\u00f3n del ejercicio profesional y la influencia en los concursos. No menor ser\u00e1 la discusi\u00f3n sobre la orientaci\u00f3n de las instituciones relacionadas a nuestra labor.<\/p>\n<p>Me interesa contribuir a instalar la arquitectura en el centro de los problemas p\u00fablicos.<\/p>\n<\/div>\n<\/div>\n<p><\/p>","protected":false},"excerpt":{"rendered":"<p>Crist\u00f3bal Molina Baeza ICA 11568 Directorio Nacional &nbsp; Breve presentaci\u00f3n o biograf\u00eda Soy arquitecto e investigador especializado en pol\u00edticas p\u00fablicas de arquitectura y patrimonio. Tengo un doctorado en la ETSAB de Barcelona, un Bachelor in Architecture y un Master in &hellip; <a class=\"more-link\" href=\"https:\/\/colegioarquitectos.com\/noticias\/?p=25793\">ver m\u00e1s<\/a><\/p>","protected":false},"author":4,"featured_media":25747,"comment_status":"closed","ping_status":"closed","sticky":false,"template":"","format":"standard","meta":{"footnotes":""},"categories":[78],"tags":[],"class_list":["post-25793","post","type-post","status-publish","format-standard","has-post-thumbnail","hentry","category-elecciones-ca-2020"],"yoast_head":"<!-- This site is optimized with the Yoast SEO plugin v24.2 - https:\/\/yoast.com\/wordpress\/plugins\/seo\/ -->\n<title>Crist\u00f3bal Molina Baeza - ICA 11568 - COLEGIO DE ARQUITECTOS DE CHILE<\/title>\n<meta name=\"robots\" content=\"index, follow, max-snippet:-1, max-image-preview:large, max-video-preview:-1\" \/>\n<link rel=\"canonical\" href=\"https:\/\/colegioarquitectos.com\/noticias\/?p=25793\" \/>\n<meta property=\"og:locale\" content=\"es_ES\" \/>\n<meta property=\"og:type\" content=\"article\" \/>\n<meta property=\"og:title\" content=\"Crist\u00f3bal Molina Baeza - ICA 11568 - COLEGIO DE ARQUITECTOS DE CHILE\" \/>\n<meta property=\"og:description\" content=\"Crist\u00f3bal Molina Baeza ICA 11568 Directorio Nacional &nbsp; Breve presentaci\u00f3n o biograf\u00eda Soy arquitecto e investigador especializado en pol\u00edticas p\u00fablicas de arquitectura y patrimonio. Tengo un doctorado en la ETSAB de Barcelona, un Bachelor in Architecture y un Master in &hellip; ver m\u00e1s\" \/>\n<meta property=\"og:url\" content=\"https:\/\/colegioarquitectos.com\/noticias\/?p=25793\" \/>\n<meta property=\"og:site_name\" content=\"COLEGIO DE ARQUITECTOS DE CHILE\" \/>\n<meta property=\"article:publisher\" content=\"https:\/\/facebook.com\/Colegioarq\/\" \/>\n<meta property=\"article:published_time\" content=\"2020-10-19T23:49:34+00:00\" \/>\n<meta property=\"og:image\" content=\"https:\/\/colegioarquitectos.com\/noticias\/wp-content\/uploads\/2020\/10\/ENCABEZADO.jpeg\" \/>\n\t<meta property=\"og:image:width\" content=\"690\" \/>\n\t<meta property=\"og:image:height\" content=\"350\" \/>\n\t<meta property=\"og:image:type\" content=\"image\/jpeg\" \/>\n<meta name=\"author\" content=\"Colegio de Arquitectos de Chile\" \/>\n<meta name=\"twitter:card\" content=\"summary_large_image\" \/>\n<meta name=\"twitter:creator\" content=\"@colegioarq\" \/>\n<meta name=\"twitter:site\" content=\"@colegioarq\" \/>\n<meta name=\"twitter:label1\" content=\"Escrito por\" \/>\n\t<meta name=\"twitter:data1\" content=\"Colegio de Arquitectos de Chile\" \/>\n\t<meta name=\"twitter:label2\" content=\"Tiempo de lectura\" \/>\n\t<meta name=\"twitter:data2\" content=\"2 minutos\" \/>\n<script type=\"application\/ld+json\" class=\"yoast-schema-graph\">{\"@context\":\"https:\/\/schema.org\",\"@graph\":[{\"@type\":\"Article\",\"@id\":\"https:\/\/colegioarquitectos.com\/noticias\/?p=25793#article\",\"isPartOf\":{\"@id\":\"https:\/\/colegioarquitectos.com\/noticias\/?p=25793\"},\"author\":{\"name\":\"Colegio de Arquitectos de Chile\",\"@id\":\"https:\/\/colegioarquitectos.com\/noticias\/#\/schema\/person\/685cc0aad148303c5608f049af8285ad\"},\"headline\":\"Crist\u00f3bal Molina Baeza &#8211; ICA 11568\",\"datePublished\":\"2020-10-19T23:49:34+00:00\",\"dateModified\":\"2020-10-19T23:49:34+00:00\",\"mainEntityOfPage\":{\"@id\":\"https:\/\/colegioarquitectos.com\/noticias\/?p=25793\"},\"wordCount\":397,\"publisher\":{\"@id\":\"https:\/\/colegioarquitectos.com\/noticias\/#organization\"},\"image\":{\"@id\":\"https:\/\/colegioarquitectos.com\/noticias\/?p=25793#primaryimage\"},\"thumbnailUrl\":\"https:\/\/colegioarquitectos.com\/noticias\/wp-content\/uploads\/2020\/10\/ENCABEZADO.jpeg\",\"articleSection\":[\"Elecciones CA 2020\"],\"inLanguage\":\"es\"},{\"@type\":\"WebPage\",\"@id\":\"https:\/\/colegioarquitectos.com\/noticias\/?p=25793\",\"url\":\"https:\/\/colegioarquitectos.com\/noticias\/?p=25793\",\"name\":\"Crist\u00f3bal Molina Baeza - ICA 11568 - COLEGIO DE ARQUITECTOS DE CHILE\",\"isPartOf\":{\"@id\":\"https:\/\/colegioarquitectos.com\/noticias\/#website\"},\"primaryImageOfPage\":{\"@id\":\"https:\/\/colegioarquitectos.com\/noticias\/?p=25793#primaryimage\"},\"image\":{\"@id\":\"https:\/\/colegioarquitectos.com\/noticias\/?p=25793#primaryimage\"},\"thumbnailUrl\":\"https:\/\/colegioarquitectos.com\/noticias\/wp-content\/uploads\/2020\/10\/ENCABEZADO.jpeg\",\"datePublished\":\"2020-10-19T23:49:34+00:00\",\"dateModified\":\"2020-10-19T23:49:34+00:00\",\"breadcrumb\":{\"@id\":\"https:\/\/colegioarquitectos.com\/noticias\/?p=25793#breadcrumb\"},\"inLanguage\":\"es\",\"potentialAction\":[{\"@type\":\"ReadAction\",\"target\":[\"https:\/\/colegioarquitectos.com\/noticias\/?p=25793\"]}]},{\"@type\":\"ImageObject\",\"inLanguage\":\"es\",\"@id\":\"https:\/\/colegioarquitectos.com\/noticias\/?p=25793#primaryimage\",\"url\":\"https:\/\/colegioarquitectos.com\/noticias\/wp-content\/uploads\/2020\/10\/ENCABEZADO.jpeg\",\"contentUrl\":\"https:\/\/colegioarquitectos.com\/noticias\/wp-content\/uploads\/2020\/10\/ENCABEZADO.jpeg\",\"width\":690,\"height\":350},{\"@type\":\"BreadcrumbList\",\"@id\":\"https:\/\/colegioarquitectos.com\/noticias\/?p=25793#breadcrumb\",\"itemListElement\":[{\"@type\":\"ListItem\",\"position\":1,\"name\":\"Portada\",\"item\":\"https:\/\/colegioarquitectos.com\/noticias\"},{\"@type\":\"ListItem\",\"position\":2,\"name\":\"Crist\u00f3bal Molina Baeza &#8211; ICA 11568\"}]},{\"@type\":\"WebSite\",\"@id\":\"https:\/\/colegioarquitectos.com\/noticias\/#website\",\"url\":\"https:\/\/colegioarquitectos.com\/noticias\/\",\"name\":\"COLEGIO DE ARQUITECTOS DE CHILE\",\"description\":\"\",\"publisher\":{\"@id\":\"https:\/\/colegioarquitectos.com\/noticias\/#organization\"},\"potentialAction\":[{\"@type\":\"SearchAction\",\"target\":{\"@type\":\"EntryPoint\",\"urlTemplate\":\"https:\/\/colegioarquitectos.com\/noticias\/?s={search_term_string}\"},\"query-input\":{\"@type\":\"PropertyValueSpecification\",\"valueRequired\":true,\"valueName\":\"search_term_string\"}}],\"inLanguage\":\"es\"},{\"@type\":\"Organization\",\"@id\":\"https:\/\/colegioarquitectos.com\/noticias\/#organization\",\"name\":\"COLEGIO DE ARQUITECTOS DE CHILE\",\"url\":\"https:\/\/colegioarquitectos.com\/noticias\/\",\"logo\":{\"@type\":\"ImageObject\",\"inLanguage\":\"es\",\"@id\":\"https:\/\/colegioarquitectos.com\/noticias\/#\/schema\/logo\/image\/\",\"url\":\"https:\/\/colegioarquitectos.com\/noticias\/wp-content\/uploads\/2021\/05\/ENCABEZADO-LOGO-CA.jpg\",\"contentUrl\":\"https:\/\/colegioarquitectos.com\/noticias\/wp-content\/uploads\/2021\/05\/ENCABEZADO-LOGO-CA.jpg\",\"width\":690,\"height\":350,\"caption\":\"COLEGIO DE ARQUITECTOS DE CHILE\"},\"image\":{\"@id\":\"https:\/\/colegioarquitectos.com\/noticias\/#\/schema\/logo\/image\/\"},\"sameAs\":[\"https:\/\/facebook.com\/Colegioarq\/\",\"https:\/\/x.com\/colegioarq\",\"https:\/\/instagram.com\/colegioarq\",\"https:\/\/youtube.com\/@ColegiodeArquitectosdeChile\"]},{\"@type\":\"Person\",\"@id\":\"https:\/\/colegioarquitectos.com\/noticias\/#\/schema\/person\/685cc0aad148303c5608f049af8285ad\",\"name\":\"Colegio de Arquitectos de Chile\",\"url\":\"https:\/\/colegioarquitectos.com\/noticias\/?author=4\"}]}<\/script>\n<!-- \/ Yoast SEO plugin. -->","yoast_head_json":{"title":"Crist\u00f3bal Molina Baeza - ICA 11568 - COLEGIO DE ARQUITECTOS DE CHILE","robots":{"index":"index","follow":"follow","max-snippet":"max-snippet:-1","max-image-preview":"max-image-preview:large","max-video-preview":"max-video-preview:-1"},"canonical":"https:\/\/colegioarquitectos.com\/noticias\/?p=25793","og_locale":"es_ES","og_type":"article","og_title":"Crist\u00f3bal Molina Baeza - ICA 11568 - COLEGIO DE ARQUITECTOS DE CHILE","og_description":"Crist\u00f3bal Molina Baeza ICA 11568 Directorio Nacional &nbsp; Breve presentaci\u00f3n o biograf\u00eda Soy arquitecto e investigador especializado en pol\u00edticas p\u00fablicas de arquitectura y patrimonio. Tengo un doctorado en la ETSAB de Barcelona, un Bachelor in Architecture y un Master in &hellip; ver m\u00e1s","og_url":"https:\/\/colegioarquitectos.com\/noticias\/?p=25793","og_site_name":"COLEGIO DE ARQUITECTOS DE CHILE","article_publisher":"https:\/\/facebook.com\/Colegioarq\/","article_published_time":"2020-10-19T23:49:34+00:00","og_image":[{"width":690,"height":350,"url":"https:\/\/colegioarquitectos.com\/noticias\/wp-content\/uploads\/2020\/10\/ENCABEZADO.jpeg","type":"image\/jpeg"}],"author":"Colegio de Arquitectos de Chile","twitter_card":"summary_large_image","twitter_creator":"@colegioarq","twitter_site":"@colegioarq","twitter_misc":{"Escrito por":"Colegio de Arquitectos de Chile","Tiempo de lectura":"2 minutos"},"schema":{"@context":"https:\/\/schema.org","@graph":[{"@type":"Article","@id":"https:\/\/colegioarquitectos.com\/noticias\/?p=25793#article","isPartOf":{"@id":"https:\/\/colegioarquitectos.com\/noticias\/?p=25793"},"author":{"name":"Colegio de Arquitectos de Chile","@id":"https:\/\/colegioarquitectos.com\/noticias\/#\/schema\/person\/685cc0aad148303c5608f049af8285ad"},"headline":"Crist\u00f3bal Molina Baeza &#8211; ICA 11568","datePublished":"2020-10-19T23:49:34+00:00","dateModified":"2020-10-19T23:49:34+00:00","mainEntityOfPage":{"@id":"https:\/\/colegioarquitectos.com\/noticias\/?p=25793"},"wordCount":397,"publisher":{"@id":"https:\/\/colegioarquitectos.com\/noticias\/#organization"},"image":{"@id":"https:\/\/colegioarquitectos.com\/noticias\/?p=25793#primaryimage"},"thumbnailUrl":"https:\/\/colegioarquitectos.com\/noticias\/wp-content\/uploads\/2020\/10\/ENCABEZADO.jpeg","articleSection":["Elecciones CA 2020"],"inLanguage":"es"},{"@type":"WebPage","@id":"https:\/\/colegioarquitectos.com\/noticias\/?p=25793","url":"https:\/\/colegioarquitectos.com\/noticias\/?p=25793","name":"Crist\u00f3bal Molina Baeza - ICA 11568 - COLEGIO DE ARQUITECTOS DE CHILE","isPartOf":{"@id":"https:\/\/colegioarquitectos.com\/noticias\/#website"},"primaryImageOfPage":{"@id":"https:\/\/colegioarquitectos.com\/noticias\/?p=25793#primaryimage"},"image":{"@id":"https:\/\/colegioarquitectos.com\/noticias\/?p=25793#primaryimage"},"thumbnailUrl":"https:\/\/colegioarquitectos.com\/noticias\/wp-content\/uploads\/2020\/10\/ENCABEZADO.jpeg","datePublished":"2020-10-19T23:49:34+00:00","dateModified":"2020-10-19T23:49:34+00:00","breadcrumb":{"@id":"https:\/\/colegioarquitectos.com\/noticias\/?p=25793#breadcrumb"},"inLanguage":"es","potentialAction":[{"@type":"ReadAction","target":["https:\/\/colegioarquitectos.com\/noticias\/?p=25793"]}]},{"@type":"ImageObject","inLanguage":"es","@id":"https:\/\/colegioarquitectos.com\/noticias\/?p=25793#primaryimage","url":"https:\/\/colegioarquitectos.com\/noticias\/wp-content\/uploads\/2020\/10\/ENCABEZADO.jpeg","contentUrl":"https:\/\/colegioarquitectos.com\/noticias\/wp-content\/uploads\/2020\/10\/ENCABEZADO.jpeg","width":690,"height":350},{"@type":"BreadcrumbList","@id":"https:\/\/colegioarquitectos.com\/noticias\/?p=25793#breadcrumb","itemListElement":[{"@type":"ListItem","position":1,"name":"Portada","item":"https:\/\/colegioarquitectos.com\/noticias"},{"@type":"ListItem","position":2,"name":"Crist\u00f3bal Molina Baeza &#8211; ICA 11568"}]},{"@type":"WebSite","@id":"https:\/\/colegioarquitectos.com\/noticias\/#website","url":"https:\/\/colegioarquitectos.com\/noticias\/","name":"COLEGIO DE ARQUITECTOS DE CHILE","description":"","publisher":{"@id":"https:\/\/colegioarquitectos.com\/noticias\/#organization"},"potentialAction":[{"@type":"SearchAction","target":{"@type":"EntryPoint","urlTemplate":"https:\/\/colegioarquitectos.com\/noticias\/?s={search_term_string}"},"query-input":{"@type":"PropertyValueSpecification","valueRequired":true,"valueName":"search_term_string"}}],"inLanguage":"es"},{"@type":"Organization","@id":"https:\/\/colegioarquitectos.com\/noticias\/#organization","name":"COLEGIO DE ARQUITECTOS DE CHILE","url":"https:\/\/colegioarquitectos.com\/noticias\/","logo":{"@type":"ImageObject","inLanguage":"es","@id":"https:\/\/colegioarquitectos.com\/noticias\/#\/schema\/logo\/image\/","url":"https:\/\/colegioarquitectos.com\/noticias\/wp-content\/uploads\/2021\/05\/ENCABEZADO-LOGO-CA.jpg","contentUrl":"https:\/\/colegioarquitectos.com\/noticias\/wp-content\/uploads\/2021\/05\/ENCABEZADO-LOGO-CA.jpg","width":690,"height":350,"caption":"COLEGIO DE ARQUITECTOS DE CHILE"},"image":{"@id":"https:\/\/colegioarquitectos.com\/noticias\/#\/schema\/logo\/image\/"},"sameAs":["https:\/\/facebook.com\/Colegioarq\/","https:\/\/x.com\/colegioarq","https:\/\/instagram.com\/colegioarq","https:\/\/youtube.com\/@ColegiodeArquitectosdeChile"]},{"@type":"Person","@id":"https:\/\/colegioarquitectos.com\/noticias\/#\/schema\/person\/685cc0aad148303c5608f049af8285ad","name":"Colegio de Arquitectos de Chile","url":"https:\/\/colegioarquitectos.com\/noticias\/?author=4"}]}},"_links":{"self":[{"href":"https:\/\/colegioarquitectos.com\/noticias\/index.php?rest_route=\/wp\/v2\/posts\/25793","targetHints":{"allow":["GET"]}}],"collection":[{"href":"https:\/\/colegioarquitectos.com\/noticias\/index.php?rest_route=\/wp\/v2\/posts"}],"about":[{"href":"https:\/\/colegioarquitectos.com\/noticias\/index.php?rest_route=\/wp\/v2\/types\/post"}],"author":[{"embeddable":true,"href":"https:\/\/colegioarquitectos.com\/noticias\/index.php?rest_route=\/wp\/v2\/users\/4"}],"replies":[{"embeddable":true,"href":"https:\/\/colegioarquitectos.com\/noticias\/index.php?rest_route=%2Fwp%2Fv2%2Fcomments&post=25793"}],"version-history":[{"count":0,"href":"https:\/\/colegioarquitectos.com\/noticias\/index.php?rest_route=\/wp\/v2\/posts\/25793\/revisions"}],"wp:featuredmedia":[{"embeddable":true,"href":"https:\/\/colegioarquitectos.com\/noticias\/index.php?rest_route=\/wp\/v2\/media\/25747"}],"wp:attachment":[{"href":"https:\/\/colegioarquitectos.com\/noticias\/index.php?rest_route=%2Fwp%2Fv2%2Fmedia&parent=25793"}],"wp:term":[{"taxonomy":"category","embeddable":true,"href":"https:\/\/colegioarquitectos.com\/noticias\/index.php?rest_route=%2Fwp%2Fv2%2Fcategories&post=25793"},{"taxonomy":"post_tag","embeddable":true,"href":"https:\/\/colegioarquitectos.com\/noticias\/index.php?rest_route=%2Fwp%2Fv2%2Ftags&post=25793"}],"curies":[{"name":"wp","href":"https:\/\/api.w.org\/{rel}","templated":true}]}}