
{"id":25797,"date":"2020-10-19T23:47:10","date_gmt":"2020-10-19T23:47:10","guid":{"rendered":"http:\/\/colegioarquitectos.com\/?p=25797"},"modified":"2020-10-19T23:47:10","modified_gmt":"2020-10-19T23:47:10","slug":"mario-teran-pardo-ica-3317","status":"publish","type":"post","link":"https:\/\/colegioarquitectos.com\/noticias\/?p=25797","title":{"rendered":"Mario Ter\u00e1n Pardo &#8211; ICA 3317"},"content":{"rendered":"<h3 style=\"text-align: center;\">Mario Ter\u00e1n Pardo<\/h3>\n<h3 style=\"text-align: center;\">ICA 3317<\/h3>\n<h3 style=\"text-align: center;\">Directorio Nacional<\/h3>\n<p><img loading=\"lazy\" decoding=\"async\" class=\"aligncenter size-medium wp-image-25846\" src=\"http:\/\/colegioarquitectos.com\/noticias\/wp-content\/uploads\/2020\/10\/FOTO-MARIO-TERA\u0301N-166x300.jpg\" alt=\"\" width=\"166\" height=\"300\" srcset=\"https:\/\/colegioarquitectos.com\/noticias\/wp-content\/uploads\/2020\/10\/FOTO-MARIO-TERA\u0301N-166x300.jpg 166w, https:\/\/colegioarquitectos.com\/noticias\/wp-content\/uploads\/2020\/10\/FOTO-MARIO-TERA\u0301N-768x1389.jpg 768w, https:\/\/colegioarquitectos.com\/noticias\/wp-content\/uploads\/2020\/10\/FOTO-MARIO-TERA\u0301N-566x1024.jpg 566w, https:\/\/colegioarquitectos.com\/noticias\/wp-content\/uploads\/2020\/10\/FOTO-MARIO-TERA\u0301N.jpg 846w\" sizes=\"auto, (max-width: 166px) 100vw, 166px\" \/><\/p>\n<p>&nbsp;<\/p>\n<h4>Breve presentaci\u00f3n o biograf\u00eda<\/h4>\n<p>Mario Ter\u00e1n, se gradu\u00f3 con distinci\u00f3n, de arquitecto el a\u00f1o 1977 en la Facultad de Arquitectura y Urbanismo de la Universidad de Chile.\u00a0\u00a0 Egres\u00f3 del Magister en Planificaci\u00f3n del Desarrollo Urbano y Regional en el Instituto de Planificaci\u00f3n del Desarrollo Urbano de la Pontificia Universidad Cat\u00f3lica de Chile el a\u00f1o 1980.<\/p>\n<p>El inicio de su carrera profesional la desarroll\u00f3 en Madrid Espa\u00f1a en la oficina de arquitectura TECAI y posteriormente con desarrollos privados en el mismo pa\u00eds, este per\u00edodo culmina posteriormente con la convalidaci\u00f3n de su t\u00edtulo de arquitecto por el Ministerio de Educaci\u00f3n y Ciencia en Madrid Espa\u00f1a.\u00a0\u00a0 Posteriormente, en Chile funda su oficina profesional el a\u00f1o 1986 que mantiene actualmente en la ciudad de Santiago.<\/p>\n<p>Fue Profesor Asociado de la Universidad de Chile por m\u00e1s de 30 a\u00f1os desempe\u00f1\u00e1ndose como Profesor de Taller de Dise\u00f1o Arquitect\u00f3nico y de T\u00edtulo y tambi\u00e9n entre los a\u00f1os 1981 y 1987 dictando el Curso de Teor\u00eda y An\u00e1lisis Urbano como acad\u00e9mico en la Facultad de Arquitectura de la Pontificia Universidad Cat\u00f3lica de Chile, adem\u00e1s fue profesor de Taller de T\u00edtulo en la Universidad Tecnol\u00f3gica Metropolitana UTEM.\u00a0\u00a0 Fue director del Departamento de Arquitectura de la Universidad de Chile por 2 periodos entre los a\u00f1os 2014 y 2018.<\/p>\n<p>Ha sido Par Evaluador de las carreras de arquitectura en la Agencia AADSA, del Colegio de Arquitectos de Chile A.G. y en el Instituto Internacional para el Aseguramiento de la Calidad CINDA, agencia acreditadora internacional de carreras de arquitectura.<\/p>\n<p>En el gremio, ha sido un activo miembro del Colegio de Arquitectos de Chile A.G., siendo fundador y primer presidente de la Comisi\u00f3n de Arquitectos J\u00f3venes, miembro del Tribunal de \u00c9tica Nacional en varios periodos y hasta la fecha, ha participado en el desarrollo de varias bienales.<\/p>\n<p>&nbsp;<\/p>\n<h4>Ideas o propuestas para su futura gesti\u00f3n<\/h4>\n<p>Nuestro Colegio, ha sido una instituci\u00f3n que por casi 80 a\u00f1os ha crecido ejerciendo un importante rol en la sociedad chilena, no solo desde la disciplina sino en el aporte a la creaci\u00f3n de pol\u00edticas p\u00fablicas y como garante de la vinculaci\u00f3n entre la arquitectura y la calidad de vida de los ciudadanos.<\/p>\n<p>Han pasado por su directorio destacados arquitectos y arquitectas, quienes han ido generando un clima de creciente colaboraci\u00f3n profesional y amistad en el seno del gremio.<\/p>\n<p>Su historia, sin embargo, no ha estado exenta de dificultades que ha sido capaz de sortear en diversos periodos de la historia de nuestro pa\u00eds, siempre con una mirada de realismo y futuro.<\/p>\n<p>En la actualidad tanto en la coyuntura interna como externa nuestra instituci\u00f3n, se ha visto sometida a periodos de crisis y conflictos de los cuales con seguridad y como siempre, saldr\u00e1 fortalecida.<\/p>\n<p>Hoy en el mundo y tambi\u00e9n en Chile ha ido permeando una visi\u00f3n individualista que presenta en la actualidad un gran desaf\u00edo para instituciones que en su ADN, son colectivas y participativas como nuestro Colegio.<\/p>\n<p>El pr\u00f3ximo periodo, creo, presenta un nuevo desaf\u00edo que se puede definir en dos focos:<\/p>\n<p>&nbsp;<\/p>\n<p>Internamente,<\/p>\n<p>debemos generar las condiciones para asegurar la gobernabilidad del Colegio, eso es posible primeramente a trav\u00e9s del esfuerzo por conocer la totalidad de las visiones, prioridades y esperanzas que conviven en nuestras arquitectas y arquitectos asociados al Colegio.\u00a0\u00a0 La gobernabilidad entonces, se expresa en el equilibrio necesario entre las variadas percepciones individuales, con aquella unitaria y potente que debe ser representativa de todas ellas, por tanto del Colegio de Arquitectos en la sociedad chilena.\u00a0\u00a0 Adem\u00e1s, en segundo t\u00e9rmino, se deber\u00e1 asegurar una total transparencia de manera que todos estemos interiorizados de todas y cada una de las acciones de nuestro Colegio.<\/p>\n<p>Externamente,<\/p>\n<p>deberemos entender e interpretar nuestra inserci\u00f3n como gremio y como disciplina en la sociedad chilena, la que se ha debatido en las \u00faltimas d\u00e9cadas, en una disyuntiva entre lo privado y lo p\u00fablico, caminando hacia un mejoramiento del bienestar social, pero con grandes dificultades por la poca conexi\u00f3n entre el Estado y los Privados. Nuestro gremio, tiene la oportunidad de liderar el mejoramiento de esta necesaria complementariedad, actuando como un catalizador entre los actores que representan ambos mundos, m\u00e1s la universidad y el gremio,<\/p>\n<p><\/p>","protected":false},"excerpt":{"rendered":"<p>Mario Ter\u00e1n Pardo ICA 3317 Directorio Nacional &nbsp; Breve presentaci\u00f3n o biograf\u00eda Mario Ter\u00e1n, se gradu\u00f3 con distinci\u00f3n, de arquitecto el a\u00f1o 1977 en la Facultad de Arquitectura y Urbanismo de la Universidad de Chile.\u00a0\u00a0 Egres\u00f3 del Magister en Planificaci\u00f3n &hellip; <a class=\"more-link\" href=\"https:\/\/colegioarquitectos.com\/noticias\/?p=25797\">ver m\u00e1s<\/a><\/p>","protected":false},"author":4,"featured_media":25747,"comment_status":"closed","ping_status":"closed","sticky":false,"template":"","format":"standard","meta":{"footnotes":""},"categories":[78],"tags":[],"class_list":["post-25797","post","type-post","status-publish","format-standard","has-post-thumbnail","hentry","category-elecciones-ca-2020"],"yoast_head":"<!-- This site is optimized with the Yoast SEO plugin v24.2 - https:\/\/yoast.com\/wordpress\/plugins\/seo\/ -->\n<title>Mario Ter\u00e1n Pardo - ICA 3317 - COLEGIO DE ARQUITECTOS DE CHILE<\/title>\n<meta name=\"robots\" content=\"index, follow, max-snippet:-1, max-image-preview:large, max-video-preview:-1\" \/>\n<link rel=\"canonical\" href=\"https:\/\/colegioarquitectos.com\/noticias\/?p=25797\" \/>\n<meta property=\"og:locale\" content=\"es_ES\" \/>\n<meta property=\"og:type\" content=\"article\" \/>\n<meta property=\"og:title\" content=\"Mario Ter\u00e1n Pardo - ICA 3317 - COLEGIO DE ARQUITECTOS DE CHILE\" \/>\n<meta property=\"og:description\" content=\"Mario Ter\u00e1n Pardo ICA 3317 Directorio Nacional &nbsp; Breve presentaci\u00f3n o biograf\u00eda Mario Ter\u00e1n, se gradu\u00f3 con distinci\u00f3n, de arquitecto el a\u00f1o 1977 en la Facultad de Arquitectura y Urbanismo de la Universidad de Chile.\u00a0\u00a0 Egres\u00f3 del Magister en Planificaci\u00f3n &hellip; ver m\u00e1s\" \/>\n<meta property=\"og:url\" content=\"https:\/\/colegioarquitectos.com\/noticias\/?p=25797\" \/>\n<meta property=\"og:site_name\" content=\"COLEGIO DE ARQUITECTOS DE CHILE\" \/>\n<meta property=\"article:publisher\" content=\"https:\/\/facebook.com\/Colegioarq\/\" \/>\n<meta property=\"article:published_time\" content=\"2020-10-19T23:47:10+00:00\" \/>\n<meta property=\"og:image\" content=\"https:\/\/colegioarquitectos.com\/noticias\/wp-content\/uploads\/2020\/10\/ENCABEZADO.jpeg\" \/>\n\t<meta property=\"og:image:width\" content=\"690\" \/>\n\t<meta property=\"og:image:height\" content=\"350\" \/>\n\t<meta property=\"og:image:type\" content=\"image\/jpeg\" \/>\n<meta name=\"author\" content=\"Colegio de Arquitectos de Chile\" \/>\n<meta name=\"twitter:card\" content=\"summary_large_image\" \/>\n<meta name=\"twitter:creator\" content=\"@colegioarq\" \/>\n<meta name=\"twitter:site\" content=\"@colegioarq\" \/>\n<meta name=\"twitter:label1\" content=\"Escrito por\" \/>\n\t<meta name=\"twitter:data1\" content=\"Colegio de Arquitectos de Chile\" \/>\n\t<meta name=\"twitter:label2\" content=\"Tiempo de lectura\" \/>\n\t<meta name=\"twitter:data2\" content=\"4 minutos\" \/>\n<script type=\"application\/ld+json\" class=\"yoast-schema-graph\">{\"@context\":\"https:\/\/schema.org\",\"@graph\":[{\"@type\":\"Article\",\"@id\":\"https:\/\/colegioarquitectos.com\/noticias\/?p=25797#article\",\"isPartOf\":{\"@id\":\"https:\/\/colegioarquitectos.com\/noticias\/?p=25797\"},\"author\":{\"name\":\"Colegio de Arquitectos de Chile\",\"@id\":\"https:\/\/colegioarquitectos.com\/noticias\/#\/schema\/person\/685cc0aad148303c5608f049af8285ad\"},\"headline\":\"Mario Ter\u00e1n Pardo &#8211; ICA 3317\",\"datePublished\":\"2020-10-19T23:47:10+00:00\",\"dateModified\":\"2020-10-19T23:47:10+00:00\",\"mainEntityOfPage\":{\"@id\":\"https:\/\/colegioarquitectos.com\/noticias\/?p=25797\"},\"wordCount\":748,\"publisher\":{\"@id\":\"https:\/\/colegioarquitectos.com\/noticias\/#organization\"},\"image\":{\"@id\":\"https:\/\/colegioarquitectos.com\/noticias\/?p=25797#primaryimage\"},\"thumbnailUrl\":\"https:\/\/colegioarquitectos.com\/noticias\/wp-content\/uploads\/2020\/10\/ENCABEZADO.jpeg\",\"articleSection\":[\"Elecciones CA 2020\"],\"inLanguage\":\"es\"},{\"@type\":\"WebPage\",\"@id\":\"https:\/\/colegioarquitectos.com\/noticias\/?p=25797\",\"url\":\"https:\/\/colegioarquitectos.com\/noticias\/?p=25797\",\"name\":\"Mario Ter\u00e1n Pardo - ICA 3317 - COLEGIO DE ARQUITECTOS DE CHILE\",\"isPartOf\":{\"@id\":\"https:\/\/colegioarquitectos.com\/noticias\/#website\"},\"primaryImageOfPage\":{\"@id\":\"https:\/\/colegioarquitectos.com\/noticias\/?p=25797#primaryimage\"},\"image\":{\"@id\":\"https:\/\/colegioarquitectos.com\/noticias\/?p=25797#primaryimage\"},\"thumbnailUrl\":\"https:\/\/colegioarquitectos.com\/noticias\/wp-content\/uploads\/2020\/10\/ENCABEZADO.jpeg\",\"datePublished\":\"2020-10-19T23:47:10+00:00\",\"dateModified\":\"2020-10-19T23:47:10+00:00\",\"breadcrumb\":{\"@id\":\"https:\/\/colegioarquitectos.com\/noticias\/?p=25797#breadcrumb\"},\"inLanguage\":\"es\",\"potentialAction\":[{\"@type\":\"ReadAction\",\"target\":[\"https:\/\/colegioarquitectos.com\/noticias\/?p=25797\"]}]},{\"@type\":\"ImageObject\",\"inLanguage\":\"es\",\"@id\":\"https:\/\/colegioarquitectos.com\/noticias\/?p=25797#primaryimage\",\"url\":\"https:\/\/colegioarquitectos.com\/noticias\/wp-content\/uploads\/2020\/10\/ENCABEZADO.jpeg\",\"contentUrl\":\"https:\/\/colegioarquitectos.com\/noticias\/wp-content\/uploads\/2020\/10\/ENCABEZADO.jpeg\",\"width\":690,\"height\":350},{\"@type\":\"BreadcrumbList\",\"@id\":\"https:\/\/colegioarquitectos.com\/noticias\/?p=25797#breadcrumb\",\"itemListElement\":[{\"@type\":\"ListItem\",\"position\":1,\"name\":\"Portada\",\"item\":\"https:\/\/colegioarquitectos.com\/noticias\"},{\"@type\":\"ListItem\",\"position\":2,\"name\":\"Mario Ter\u00e1n Pardo &#8211; ICA 3317\"}]},{\"@type\":\"WebSite\",\"@id\":\"https:\/\/colegioarquitectos.com\/noticias\/#website\",\"url\":\"https:\/\/colegioarquitectos.com\/noticias\/\",\"name\":\"COLEGIO DE ARQUITECTOS DE CHILE\",\"description\":\"\",\"publisher\":{\"@id\":\"https:\/\/colegioarquitectos.com\/noticias\/#organization\"},\"potentialAction\":[{\"@type\":\"SearchAction\",\"target\":{\"@type\":\"EntryPoint\",\"urlTemplate\":\"https:\/\/colegioarquitectos.com\/noticias\/?s={search_term_string}\"},\"query-input\":{\"@type\":\"PropertyValueSpecification\",\"valueRequired\":true,\"valueName\":\"search_term_string\"}}],\"inLanguage\":\"es\"},{\"@type\":\"Organization\",\"@id\":\"https:\/\/colegioarquitectos.com\/noticias\/#organization\",\"name\":\"COLEGIO DE ARQUITECTOS DE CHILE\",\"url\":\"https:\/\/colegioarquitectos.com\/noticias\/\",\"logo\":{\"@type\":\"ImageObject\",\"inLanguage\":\"es\",\"@id\":\"https:\/\/colegioarquitectos.com\/noticias\/#\/schema\/logo\/image\/\",\"url\":\"https:\/\/colegioarquitectos.com\/noticias\/wp-content\/uploads\/2021\/05\/ENCABEZADO-LOGO-CA.jpg\",\"contentUrl\":\"https:\/\/colegioarquitectos.com\/noticias\/wp-content\/uploads\/2021\/05\/ENCABEZADO-LOGO-CA.jpg\",\"width\":690,\"height\":350,\"caption\":\"COLEGIO DE ARQUITECTOS DE CHILE\"},\"image\":{\"@id\":\"https:\/\/colegioarquitectos.com\/noticias\/#\/schema\/logo\/image\/\"},\"sameAs\":[\"https:\/\/facebook.com\/Colegioarq\/\",\"https:\/\/x.com\/colegioarq\",\"https:\/\/instagram.com\/colegioarq\",\"https:\/\/youtube.com\/@ColegiodeArquitectosdeChile\"]},{\"@type\":\"Person\",\"@id\":\"https:\/\/colegioarquitectos.com\/noticias\/#\/schema\/person\/685cc0aad148303c5608f049af8285ad\",\"name\":\"Colegio de Arquitectos de Chile\",\"url\":\"https:\/\/colegioarquitectos.com\/noticias\/?author=4\"}]}<\/script>\n<!-- \/ Yoast SEO plugin. -->","yoast_head_json":{"title":"Mario Ter\u00e1n Pardo - ICA 3317 - COLEGIO DE ARQUITECTOS DE CHILE","robots":{"index":"index","follow":"follow","max-snippet":"max-snippet:-1","max-image-preview":"max-image-preview:large","max-video-preview":"max-video-preview:-1"},"canonical":"https:\/\/colegioarquitectos.com\/noticias\/?p=25797","og_locale":"es_ES","og_type":"article","og_title":"Mario Ter\u00e1n Pardo - ICA 3317 - COLEGIO DE ARQUITECTOS DE CHILE","og_description":"Mario Ter\u00e1n Pardo ICA 3317 Directorio Nacional &nbsp; Breve presentaci\u00f3n o biograf\u00eda Mario Ter\u00e1n, se gradu\u00f3 con distinci\u00f3n, de arquitecto el a\u00f1o 1977 en la Facultad de Arquitectura y Urbanismo de la Universidad de Chile.\u00a0\u00a0 Egres\u00f3 del Magister en Planificaci\u00f3n &hellip; ver m\u00e1s","og_url":"https:\/\/colegioarquitectos.com\/noticias\/?p=25797","og_site_name":"COLEGIO DE ARQUITECTOS DE CHILE","article_publisher":"https:\/\/facebook.com\/Colegioarq\/","article_published_time":"2020-10-19T23:47:10+00:00","og_image":[{"width":690,"height":350,"url":"https:\/\/colegioarquitectos.com\/noticias\/wp-content\/uploads\/2020\/10\/ENCABEZADO.jpeg","type":"image\/jpeg"}],"author":"Colegio de Arquitectos de Chile","twitter_card":"summary_large_image","twitter_creator":"@colegioarq","twitter_site":"@colegioarq","twitter_misc":{"Escrito por":"Colegio de Arquitectos de Chile","Tiempo de lectura":"4 minutos"},"schema":{"@context":"https:\/\/schema.org","@graph":[{"@type":"Article","@id":"https:\/\/colegioarquitectos.com\/noticias\/?p=25797#article","isPartOf":{"@id":"https:\/\/colegioarquitectos.com\/noticias\/?p=25797"},"author":{"name":"Colegio de Arquitectos de Chile","@id":"https:\/\/colegioarquitectos.com\/noticias\/#\/schema\/person\/685cc0aad148303c5608f049af8285ad"},"headline":"Mario Ter\u00e1n Pardo &#8211; ICA 3317","datePublished":"2020-10-19T23:47:10+00:00","dateModified":"2020-10-19T23:47:10+00:00","mainEntityOfPage":{"@id":"https:\/\/colegioarquitectos.com\/noticias\/?p=25797"},"wordCount":748,"publisher":{"@id":"https:\/\/colegioarquitectos.com\/noticias\/#organization"},"image":{"@id":"https:\/\/colegioarquitectos.com\/noticias\/?p=25797#primaryimage"},"thumbnailUrl":"https:\/\/colegioarquitectos.com\/noticias\/wp-content\/uploads\/2020\/10\/ENCABEZADO.jpeg","articleSection":["Elecciones CA 2020"],"inLanguage":"es"},{"@type":"WebPage","@id":"https:\/\/colegioarquitectos.com\/noticias\/?p=25797","url":"https:\/\/colegioarquitectos.com\/noticias\/?p=25797","name":"Mario Ter\u00e1n Pardo - ICA 3317 - COLEGIO DE ARQUITECTOS DE CHILE","isPartOf":{"@id":"https:\/\/colegioarquitectos.com\/noticias\/#website"},"primaryImageOfPage":{"@id":"https:\/\/colegioarquitectos.com\/noticias\/?p=25797#primaryimage"},"image":{"@id":"https:\/\/colegioarquitectos.com\/noticias\/?p=25797#primaryimage"},"thumbnailUrl":"https:\/\/colegioarquitectos.com\/noticias\/wp-content\/uploads\/2020\/10\/ENCABEZADO.jpeg","datePublished":"2020-10-19T23:47:10+00:00","dateModified":"2020-10-19T23:47:10+00:00","breadcrumb":{"@id":"https:\/\/colegioarquitectos.com\/noticias\/?p=25797#breadcrumb"},"inLanguage":"es","potentialAction":[{"@type":"ReadAction","target":["https:\/\/colegioarquitectos.com\/noticias\/?p=25797"]}]},{"@type":"ImageObject","inLanguage":"es","@id":"https:\/\/colegioarquitectos.com\/noticias\/?p=25797#primaryimage","url":"https:\/\/colegioarquitectos.com\/noticias\/wp-content\/uploads\/2020\/10\/ENCABEZADO.jpeg","contentUrl":"https:\/\/colegioarquitectos.com\/noticias\/wp-content\/uploads\/2020\/10\/ENCABEZADO.jpeg","width":690,"height":350},{"@type":"BreadcrumbList","@id":"https:\/\/colegioarquitectos.com\/noticias\/?p=25797#breadcrumb","itemListElement":[{"@type":"ListItem","position":1,"name":"Portada","item":"https:\/\/colegioarquitectos.com\/noticias"},{"@type":"ListItem","position":2,"name":"Mario Ter\u00e1n Pardo &#8211; ICA 3317"}]},{"@type":"WebSite","@id":"https:\/\/colegioarquitectos.com\/noticias\/#website","url":"https:\/\/colegioarquitectos.com\/noticias\/","name":"COLEGIO DE ARQUITECTOS DE CHILE","description":"","publisher":{"@id":"https:\/\/colegioarquitectos.com\/noticias\/#organization"},"potentialAction":[{"@type":"SearchAction","target":{"@type":"EntryPoint","urlTemplate":"https:\/\/colegioarquitectos.com\/noticias\/?s={search_term_string}"},"query-input":{"@type":"PropertyValueSpecification","valueRequired":true,"valueName":"search_term_string"}}],"inLanguage":"es"},{"@type":"Organization","@id":"https:\/\/colegioarquitectos.com\/noticias\/#organization","name":"COLEGIO DE ARQUITECTOS DE CHILE","url":"https:\/\/colegioarquitectos.com\/noticias\/","logo":{"@type":"ImageObject","inLanguage":"es","@id":"https:\/\/colegioarquitectos.com\/noticias\/#\/schema\/logo\/image\/","url":"https:\/\/colegioarquitectos.com\/noticias\/wp-content\/uploads\/2021\/05\/ENCABEZADO-LOGO-CA.jpg","contentUrl":"https:\/\/colegioarquitectos.com\/noticias\/wp-content\/uploads\/2021\/05\/ENCABEZADO-LOGO-CA.jpg","width":690,"height":350,"caption":"COLEGIO DE ARQUITECTOS DE CHILE"},"image":{"@id":"https:\/\/colegioarquitectos.com\/noticias\/#\/schema\/logo\/image\/"},"sameAs":["https:\/\/facebook.com\/Colegioarq\/","https:\/\/x.com\/colegioarq","https:\/\/instagram.com\/colegioarq","https:\/\/youtube.com\/@ColegiodeArquitectosdeChile"]},{"@type":"Person","@id":"https:\/\/colegioarquitectos.com\/noticias\/#\/schema\/person\/685cc0aad148303c5608f049af8285ad","name":"Colegio de Arquitectos de Chile","url":"https:\/\/colegioarquitectos.com\/noticias\/?author=4"}]}},"_links":{"self":[{"href":"https:\/\/colegioarquitectos.com\/noticias\/index.php?rest_route=\/wp\/v2\/posts\/25797","targetHints":{"allow":["GET"]}}],"collection":[{"href":"https:\/\/colegioarquitectos.com\/noticias\/index.php?rest_route=\/wp\/v2\/posts"}],"about":[{"href":"https:\/\/colegioarquitectos.com\/noticias\/index.php?rest_route=\/wp\/v2\/types\/post"}],"author":[{"embeddable":true,"href":"https:\/\/colegioarquitectos.com\/noticias\/index.php?rest_route=\/wp\/v2\/users\/4"}],"replies":[{"embeddable":true,"href":"https:\/\/colegioarquitectos.com\/noticias\/index.php?rest_route=%2Fwp%2Fv2%2Fcomments&post=25797"}],"version-history":[{"count":0,"href":"https:\/\/colegioarquitectos.com\/noticias\/index.php?rest_route=\/wp\/v2\/posts\/25797\/revisions"}],"wp:featuredmedia":[{"embeddable":true,"href":"https:\/\/colegioarquitectos.com\/noticias\/index.php?rest_route=\/wp\/v2\/media\/25747"}],"wp:attachment":[{"href":"https:\/\/colegioarquitectos.com\/noticias\/index.php?rest_route=%2Fwp%2Fv2%2Fmedia&parent=25797"}],"wp:term":[{"taxonomy":"category","embeddable":true,"href":"https:\/\/colegioarquitectos.com\/noticias\/index.php?rest_route=%2Fwp%2Fv2%2Fcategories&post=25797"},{"taxonomy":"post_tag","embeddable":true,"href":"https:\/\/colegioarquitectos.com\/noticias\/index.php?rest_route=%2Fwp%2Fv2%2Ftags&post=25797"}],"curies":[{"name":"wp","href":"https:\/\/api.w.org\/{rel}","templated":true}]}}