
{"id":25855,"date":"2020-10-19T23:56:51","date_gmt":"2020-10-19T23:56:51","guid":{"rendered":"http:\/\/colegioarquitectos.com\/?p=25855"},"modified":"2020-10-19T23:56:51","modified_gmt":"2020-10-19T23:56:51","slug":"juan-fernando-yanez-porras-ica-9377-2","status":"publish","type":"post","link":"https:\/\/colegioarquitectos.com\/noticias\/?p=25855","title":{"rendered":"Juan Fernando Y\u00e1\u00f1ez Porras &#8211; ICA 9377"},"content":{"rendered":"<h3 style=\"text-align: center;\">Juan Fernando Y\u00e1\u00f1ez Porras<\/h3>\n<h3 style=\"text-align: center;\">ICA 9377<\/h3>\n<h3 style=\"text-align: center;\">Tribunal de \u00c9tica Nacional (TEN)<\/h3>\n<p>&nbsp;<\/p>\n<p><img loading=\"lazy\" decoding=\"async\" class=\"aligncenter size-medium wp-image-25856\" src=\"http:\/\/colegioarquitectos.com\/noticias\/wp-content\/uploads\/2020\/10\/Fotografi\u0301a-Juan-Fernando-Ya\u0301n\u0303ez-2-Juan-Fernando-Yan\u0303ez-Porras-293x300.jpg\" alt=\"\" width=\"293\" height=\"300\" srcset=\"https:\/\/colegioarquitectos.com\/noticias\/wp-content\/uploads\/2020\/10\/Fotografi\u0301a-Juan-Fernando-Ya\u0301n\u0303ez-2-Juan-Fernando-Yan\u0303ez-Porras-293x300.jpg 293w, https:\/\/colegioarquitectos.com\/noticias\/wp-content\/uploads\/2020\/10\/Fotografi\u0301a-Juan-Fernando-Ya\u0301n\u0303ez-2-Juan-Fernando-Yan\u0303ez-Porras-768x788.jpg 768w, https:\/\/colegioarquitectos.com\/noticias\/wp-content\/uploads\/2020\/10\/Fotografi\u0301a-Juan-Fernando-Ya\u0301n\u0303ez-2-Juan-Fernando-Yan\u0303ez-Porras-999x1024.jpg 999w, https:\/\/colegioarquitectos.com\/noticias\/wp-content\/uploads\/2020\/10\/Fotografi\u0301a-Juan-Fernando-Ya\u0301n\u0303ez-2-Juan-Fernando-Yan\u0303ez-Porras.jpg 1181w\" sizes=\"auto, (max-width: 293px) 100vw, 293px\" \/><\/p>\n<p>&nbsp;<\/p>\n<h4>Breve presentaci\u00f3n o biograf\u00eda<\/h4>\n<p>Juan Fernando Y\u00e1\u00f1ez Porras, 46 a\u00f1os, colombiano, casado, arquitecto de la Universidad Santo Tomas de Bucaramanga en 1997.<\/p>\n<p>Profesor en la facultad de arquitectura de la Universidad Antonio Nari\u00f1o en sus sedes de C\u00facuta y Bucaramanga entre 1999 y 2003. Emigra a Chile el a\u00f1o 2004, donde ha sido profesor y coordinador acad\u00e9mico de la carrera de arquitectura de la Universidad Arcis \u2013 sede Patagonia entre 2005 y 2008; ha trabajado junto al Premio Nacional de Arquitectura, Edward Rojas desde el a\u00f1o 2004 hasta el a\u00f1o 2015; ha desarrollado el ejercicio libre de la profesi\u00f3n en su oficina dedicada al dise\u00f1o y construcci\u00f3n desde el a\u00f1o 2015 a la fecha.<\/p>\n<p>Premio Joaqu\u00edn Toesca del CA el a\u00f1o 2017<\/p>\n<p>Director para Castro de la Delegaci\u00f3n Chilo\u00e9 del Colegio de Arquitectos de Chile los a\u00f1os 2016 y 2017.<\/p>\n<p>Presidente de la Delegaci\u00f3n Chilo\u00e9 del Colegio de Arquitectos de Chile los a\u00f1os 2018, 2019 y hasta septiembre del a\u00f1o 2020.<\/p>\n<p>Conductor del programa radial \u201cAd\u00f3nde vas Chilo\u00e9 \u2013 un espacio del Colegio de Arquitectos\u201d desde el a\u00f1o 2014 al a\u00f1o 2020.<\/p>\n<p>Columnista ciudadano de El Repuertero, red de medios Mi Voz.<\/p>\n<p>&nbsp;<\/p>\n<h4>Ideas o propuestas para su futura gesti\u00f3n<\/h4>\n<p>Hoy podemos contar con asesor\u00edas t\u00e9cnicas (desde los comit\u00e9s por ejemplo), con asesor\u00edas legales, pero no existe espacio alguno de consulta sobre temas \u00e9ticos. S\u00f3lo destinamos esfuerzos a la denuncia y resoluci\u00f3n, y como gremio y sociedad nos debemos el esfuerzo para crear nuevas y mejores realidades.<\/p>\n<p>Adem\u00e1s de velar por el estricto cumplimiento de las funciones disciplinarias del TEN que los Estatutos, los Reglamentos y la Carta de \u00c9tica claramente le confieren, y por el cumplimiento de las atribuciones de rol fiscalizador en aquellos casos que se pongan en su conocimiento, mi propuesta y prop\u00f3sito de gesti\u00f3n es:<\/p>\n<p>Trabajar y avanzar hacia un futuro TEN que, adem\u00e1s de sus competencias de tribunal, garante del debido proceso, y reconoci\u00e9ndolo como el espacio de revisi\u00f3n, an\u00e1lisis, definici\u00f3n y sanci\u00f3n de la \u00e9tica profesional, se constituya tambi\u00e9n en instancia de apoyo, promoviendo la creaci\u00f3n de un sistema de consultas al Tribunal, lo cual permitir\u00eda a las arquitectas y arquitectos contar con informaci\u00f3n y asesor\u00eda previa, procurando detectar y\/o evitar posibles acciones de vulneraci\u00f3n a la \u00e9tica.<\/p>\n<p><\/p>","protected":false},"excerpt":{"rendered":"<p>Juan Fernando Y\u00e1\u00f1ez Porras ICA 9377 Tribunal de \u00c9tica Nacional (TEN) &nbsp; &nbsp; Breve presentaci\u00f3n o biograf\u00eda Juan Fernando Y\u00e1\u00f1ez Porras, 46 a\u00f1os, colombiano, casado, arquitecto de la Universidad Santo Tomas de Bucaramanga en 1997. Profesor en la facultad de &hellip; <a class=\"more-link\" href=\"https:\/\/colegioarquitectos.com\/noticias\/?p=25855\">ver m\u00e1s<\/a><\/p>","protected":false},"author":4,"featured_media":25747,"comment_status":"closed","ping_status":"closed","sticky":false,"template":"","format":"standard","meta":{"footnotes":""},"categories":[78],"tags":[],"class_list":["post-25855","post","type-post","status-publish","format-standard","has-post-thumbnail","hentry","category-elecciones-ca-2020"],"yoast_head":"<!-- This site is optimized with the Yoast SEO plugin v24.2 - https:\/\/yoast.com\/wordpress\/plugins\/seo\/ -->\n<title>Juan Fernando Y\u00e1\u00f1ez Porras - ICA 9377 - COLEGIO DE ARQUITECTOS DE CHILE<\/title>\n<meta name=\"robots\" content=\"index, follow, max-snippet:-1, max-image-preview:large, max-video-preview:-1\" \/>\n<link rel=\"canonical\" href=\"https:\/\/colegioarquitectos.com\/noticias\/?p=25855\" \/>\n<meta property=\"og:locale\" content=\"es_ES\" \/>\n<meta property=\"og:type\" content=\"article\" \/>\n<meta property=\"og:title\" content=\"Juan Fernando Y\u00e1\u00f1ez Porras - ICA 9377 - COLEGIO DE ARQUITECTOS DE CHILE\" \/>\n<meta property=\"og:description\" content=\"Juan Fernando Y\u00e1\u00f1ez Porras ICA 9377 Tribunal de \u00c9tica Nacional (TEN) &nbsp; &nbsp; Breve presentaci\u00f3n o biograf\u00eda Juan Fernando Y\u00e1\u00f1ez Porras, 46 a\u00f1os, colombiano, casado, arquitecto de la Universidad Santo Tomas de Bucaramanga en 1997. Profesor en la facultad de &hellip; ver m\u00e1s\" \/>\n<meta property=\"og:url\" content=\"https:\/\/colegioarquitectos.com\/noticias\/?p=25855\" \/>\n<meta property=\"og:site_name\" content=\"COLEGIO DE ARQUITECTOS DE CHILE\" \/>\n<meta property=\"article:publisher\" content=\"https:\/\/facebook.com\/Colegioarq\/\" \/>\n<meta property=\"article:published_time\" content=\"2020-10-19T23:56:51+00:00\" \/>\n<meta property=\"og:image\" content=\"https:\/\/colegioarquitectos.com\/noticias\/wp-content\/uploads\/2020\/10\/ENCABEZADO.jpeg\" \/>\n\t<meta property=\"og:image:width\" content=\"690\" \/>\n\t<meta property=\"og:image:height\" content=\"350\" \/>\n\t<meta property=\"og:image:type\" content=\"image\/jpeg\" \/>\n<meta name=\"author\" content=\"Colegio de Arquitectos de Chile\" \/>\n<meta name=\"twitter:card\" content=\"summary_large_image\" \/>\n<meta name=\"twitter:creator\" content=\"@colegioarq\" \/>\n<meta name=\"twitter:site\" content=\"@colegioarq\" \/>\n<meta name=\"twitter:label1\" content=\"Escrito por\" \/>\n\t<meta name=\"twitter:data1\" content=\"Colegio de Arquitectos de Chile\" \/>\n\t<meta name=\"twitter:label2\" content=\"Tiempo de lectura\" \/>\n\t<meta name=\"twitter:data2\" content=\"2 minutos\" \/>\n<script type=\"application\/ld+json\" class=\"yoast-schema-graph\">{\"@context\":\"https:\/\/schema.org\",\"@graph\":[{\"@type\":\"Article\",\"@id\":\"https:\/\/colegioarquitectos.com\/noticias\/?p=25855#article\",\"isPartOf\":{\"@id\":\"https:\/\/colegioarquitectos.com\/noticias\/?p=25855\"},\"author\":{\"name\":\"Colegio de Arquitectos de Chile\",\"@id\":\"https:\/\/colegioarquitectos.com\/noticias\/#\/schema\/person\/685cc0aad148303c5608f049af8285ad\"},\"headline\":\"Juan Fernando Y\u00e1\u00f1ez Porras &#8211; ICA 9377\",\"datePublished\":\"2020-10-19T23:56:51+00:00\",\"dateModified\":\"2020-10-19T23:56:51+00:00\",\"mainEntityOfPage\":{\"@id\":\"https:\/\/colegioarquitectos.com\/noticias\/?p=25855\"},\"wordCount\":421,\"publisher\":{\"@id\":\"https:\/\/colegioarquitectos.com\/noticias\/#organization\"},\"image\":{\"@id\":\"https:\/\/colegioarquitectos.com\/noticias\/?p=25855#primaryimage\"},\"thumbnailUrl\":\"https:\/\/colegioarquitectos.com\/noticias\/wp-content\/uploads\/2020\/10\/ENCABEZADO.jpeg\",\"articleSection\":[\"Elecciones CA 2020\"],\"inLanguage\":\"es\"},{\"@type\":\"WebPage\",\"@id\":\"https:\/\/colegioarquitectos.com\/noticias\/?p=25855\",\"url\":\"https:\/\/colegioarquitectos.com\/noticias\/?p=25855\",\"name\":\"Juan Fernando Y\u00e1\u00f1ez Porras - ICA 9377 - COLEGIO DE ARQUITECTOS DE CHILE\",\"isPartOf\":{\"@id\":\"https:\/\/colegioarquitectos.com\/noticias\/#website\"},\"primaryImageOfPage\":{\"@id\":\"https:\/\/colegioarquitectos.com\/noticias\/?p=25855#primaryimage\"},\"image\":{\"@id\":\"https:\/\/colegioarquitectos.com\/noticias\/?p=25855#primaryimage\"},\"thumbnailUrl\":\"https:\/\/colegioarquitectos.com\/noticias\/wp-content\/uploads\/2020\/10\/ENCABEZADO.jpeg\",\"datePublished\":\"2020-10-19T23:56:51+00:00\",\"dateModified\":\"2020-10-19T23:56:51+00:00\",\"breadcrumb\":{\"@id\":\"https:\/\/colegioarquitectos.com\/noticias\/?p=25855#breadcrumb\"},\"inLanguage\":\"es\",\"potentialAction\":[{\"@type\":\"ReadAction\",\"target\":[\"https:\/\/colegioarquitectos.com\/noticias\/?p=25855\"]}]},{\"@type\":\"ImageObject\",\"inLanguage\":\"es\",\"@id\":\"https:\/\/colegioarquitectos.com\/noticias\/?p=25855#primaryimage\",\"url\":\"https:\/\/colegioarquitectos.com\/noticias\/wp-content\/uploads\/2020\/10\/ENCABEZADO.jpeg\",\"contentUrl\":\"https:\/\/colegioarquitectos.com\/noticias\/wp-content\/uploads\/2020\/10\/ENCABEZADO.jpeg\",\"width\":690,\"height\":350},{\"@type\":\"BreadcrumbList\",\"@id\":\"https:\/\/colegioarquitectos.com\/noticias\/?p=25855#breadcrumb\",\"itemListElement\":[{\"@type\":\"ListItem\",\"position\":1,\"name\":\"Portada\",\"item\":\"https:\/\/colegioarquitectos.com\/noticias\"},{\"@type\":\"ListItem\",\"position\":2,\"name\":\"Juan Fernando Y\u00e1\u00f1ez Porras &#8211; ICA 9377\"}]},{\"@type\":\"WebSite\",\"@id\":\"https:\/\/colegioarquitectos.com\/noticias\/#website\",\"url\":\"https:\/\/colegioarquitectos.com\/noticias\/\",\"name\":\"COLEGIO DE ARQUITECTOS DE CHILE\",\"description\":\"\",\"publisher\":{\"@id\":\"https:\/\/colegioarquitectos.com\/noticias\/#organization\"},\"potentialAction\":[{\"@type\":\"SearchAction\",\"target\":{\"@type\":\"EntryPoint\",\"urlTemplate\":\"https:\/\/colegioarquitectos.com\/noticias\/?s={search_term_string}\"},\"query-input\":{\"@type\":\"PropertyValueSpecification\",\"valueRequired\":true,\"valueName\":\"search_term_string\"}}],\"inLanguage\":\"es\"},{\"@type\":\"Organization\",\"@id\":\"https:\/\/colegioarquitectos.com\/noticias\/#organization\",\"name\":\"COLEGIO DE ARQUITECTOS DE CHILE\",\"url\":\"https:\/\/colegioarquitectos.com\/noticias\/\",\"logo\":{\"@type\":\"ImageObject\",\"inLanguage\":\"es\",\"@id\":\"https:\/\/colegioarquitectos.com\/noticias\/#\/schema\/logo\/image\/\",\"url\":\"https:\/\/colegioarquitectos.com\/noticias\/wp-content\/uploads\/2021\/05\/ENCABEZADO-LOGO-CA.jpg\",\"contentUrl\":\"https:\/\/colegioarquitectos.com\/noticias\/wp-content\/uploads\/2021\/05\/ENCABEZADO-LOGO-CA.jpg\",\"width\":690,\"height\":350,\"caption\":\"COLEGIO DE ARQUITECTOS DE CHILE\"},\"image\":{\"@id\":\"https:\/\/colegioarquitectos.com\/noticias\/#\/schema\/logo\/image\/\"},\"sameAs\":[\"https:\/\/facebook.com\/Colegioarq\/\",\"https:\/\/x.com\/colegioarq\",\"https:\/\/instagram.com\/colegioarq\",\"https:\/\/youtube.com\/@ColegiodeArquitectosdeChile\"]},{\"@type\":\"Person\",\"@id\":\"https:\/\/colegioarquitectos.com\/noticias\/#\/schema\/person\/685cc0aad148303c5608f049af8285ad\",\"name\":\"Colegio de Arquitectos de Chile\",\"url\":\"https:\/\/colegioarquitectos.com\/noticias\/?author=4\"}]}<\/script>\n<!-- \/ Yoast SEO plugin. -->","yoast_head_json":{"title":"Juan Fernando Y\u00e1\u00f1ez Porras - ICA 9377 - COLEGIO DE ARQUITECTOS DE CHILE","robots":{"index":"index","follow":"follow","max-snippet":"max-snippet:-1","max-image-preview":"max-image-preview:large","max-video-preview":"max-video-preview:-1"},"canonical":"https:\/\/colegioarquitectos.com\/noticias\/?p=25855","og_locale":"es_ES","og_type":"article","og_title":"Juan Fernando Y\u00e1\u00f1ez Porras - ICA 9377 - COLEGIO DE ARQUITECTOS DE CHILE","og_description":"Juan Fernando Y\u00e1\u00f1ez Porras ICA 9377 Tribunal de \u00c9tica Nacional (TEN) &nbsp; &nbsp; Breve presentaci\u00f3n o biograf\u00eda Juan Fernando Y\u00e1\u00f1ez Porras, 46 a\u00f1os, colombiano, casado, arquitecto de la Universidad Santo Tomas de Bucaramanga en 1997. Profesor en la facultad de &hellip; ver m\u00e1s","og_url":"https:\/\/colegioarquitectos.com\/noticias\/?p=25855","og_site_name":"COLEGIO DE ARQUITECTOS DE CHILE","article_publisher":"https:\/\/facebook.com\/Colegioarq\/","article_published_time":"2020-10-19T23:56:51+00:00","og_image":[{"width":690,"height":350,"url":"https:\/\/colegioarquitectos.com\/noticias\/wp-content\/uploads\/2020\/10\/ENCABEZADO.jpeg","type":"image\/jpeg"}],"author":"Colegio de Arquitectos de Chile","twitter_card":"summary_large_image","twitter_creator":"@colegioarq","twitter_site":"@colegioarq","twitter_misc":{"Escrito por":"Colegio de Arquitectos de Chile","Tiempo de lectura":"2 minutos"},"schema":{"@context":"https:\/\/schema.org","@graph":[{"@type":"Article","@id":"https:\/\/colegioarquitectos.com\/noticias\/?p=25855#article","isPartOf":{"@id":"https:\/\/colegioarquitectos.com\/noticias\/?p=25855"},"author":{"name":"Colegio de Arquitectos de Chile","@id":"https:\/\/colegioarquitectos.com\/noticias\/#\/schema\/person\/685cc0aad148303c5608f049af8285ad"},"headline":"Juan Fernando Y\u00e1\u00f1ez Porras &#8211; ICA 9377","datePublished":"2020-10-19T23:56:51+00:00","dateModified":"2020-10-19T23:56:51+00:00","mainEntityOfPage":{"@id":"https:\/\/colegioarquitectos.com\/noticias\/?p=25855"},"wordCount":421,"publisher":{"@id":"https:\/\/colegioarquitectos.com\/noticias\/#organization"},"image":{"@id":"https:\/\/colegioarquitectos.com\/noticias\/?p=25855#primaryimage"},"thumbnailUrl":"https:\/\/colegioarquitectos.com\/noticias\/wp-content\/uploads\/2020\/10\/ENCABEZADO.jpeg","articleSection":["Elecciones CA 2020"],"inLanguage":"es"},{"@type":"WebPage","@id":"https:\/\/colegioarquitectos.com\/noticias\/?p=25855","url":"https:\/\/colegioarquitectos.com\/noticias\/?p=25855","name":"Juan Fernando Y\u00e1\u00f1ez Porras - ICA 9377 - COLEGIO DE ARQUITECTOS DE CHILE","isPartOf":{"@id":"https:\/\/colegioarquitectos.com\/noticias\/#website"},"primaryImageOfPage":{"@id":"https:\/\/colegioarquitectos.com\/noticias\/?p=25855#primaryimage"},"image":{"@id":"https:\/\/colegioarquitectos.com\/noticias\/?p=25855#primaryimage"},"thumbnailUrl":"https:\/\/colegioarquitectos.com\/noticias\/wp-content\/uploads\/2020\/10\/ENCABEZADO.jpeg","datePublished":"2020-10-19T23:56:51+00:00","dateModified":"2020-10-19T23:56:51+00:00","breadcrumb":{"@id":"https:\/\/colegioarquitectos.com\/noticias\/?p=25855#breadcrumb"},"inLanguage":"es","potentialAction":[{"@type":"ReadAction","target":["https:\/\/colegioarquitectos.com\/noticias\/?p=25855"]}]},{"@type":"ImageObject","inLanguage":"es","@id":"https:\/\/colegioarquitectos.com\/noticias\/?p=25855#primaryimage","url":"https:\/\/colegioarquitectos.com\/noticias\/wp-content\/uploads\/2020\/10\/ENCABEZADO.jpeg","contentUrl":"https:\/\/colegioarquitectos.com\/noticias\/wp-content\/uploads\/2020\/10\/ENCABEZADO.jpeg","width":690,"height":350},{"@type":"BreadcrumbList","@id":"https:\/\/colegioarquitectos.com\/noticias\/?p=25855#breadcrumb","itemListElement":[{"@type":"ListItem","position":1,"name":"Portada","item":"https:\/\/colegioarquitectos.com\/noticias"},{"@type":"ListItem","position":2,"name":"Juan Fernando Y\u00e1\u00f1ez Porras &#8211; ICA 9377"}]},{"@type":"WebSite","@id":"https:\/\/colegioarquitectos.com\/noticias\/#website","url":"https:\/\/colegioarquitectos.com\/noticias\/","name":"COLEGIO DE ARQUITECTOS DE CHILE","description":"","publisher":{"@id":"https:\/\/colegioarquitectos.com\/noticias\/#organization"},"potentialAction":[{"@type":"SearchAction","target":{"@type":"EntryPoint","urlTemplate":"https:\/\/colegioarquitectos.com\/noticias\/?s={search_term_string}"},"query-input":{"@type":"PropertyValueSpecification","valueRequired":true,"valueName":"search_term_string"}}],"inLanguage":"es"},{"@type":"Organization","@id":"https:\/\/colegioarquitectos.com\/noticias\/#organization","name":"COLEGIO DE ARQUITECTOS DE CHILE","url":"https:\/\/colegioarquitectos.com\/noticias\/","logo":{"@type":"ImageObject","inLanguage":"es","@id":"https:\/\/colegioarquitectos.com\/noticias\/#\/schema\/logo\/image\/","url":"https:\/\/colegioarquitectos.com\/noticias\/wp-content\/uploads\/2021\/05\/ENCABEZADO-LOGO-CA.jpg","contentUrl":"https:\/\/colegioarquitectos.com\/noticias\/wp-content\/uploads\/2021\/05\/ENCABEZADO-LOGO-CA.jpg","width":690,"height":350,"caption":"COLEGIO DE ARQUITECTOS DE CHILE"},"image":{"@id":"https:\/\/colegioarquitectos.com\/noticias\/#\/schema\/logo\/image\/"},"sameAs":["https:\/\/facebook.com\/Colegioarq\/","https:\/\/x.com\/colegioarq","https:\/\/instagram.com\/colegioarq","https:\/\/youtube.com\/@ColegiodeArquitectosdeChile"]},{"@type":"Person","@id":"https:\/\/colegioarquitectos.com\/noticias\/#\/schema\/person\/685cc0aad148303c5608f049af8285ad","name":"Colegio de Arquitectos de Chile","url":"https:\/\/colegioarquitectos.com\/noticias\/?author=4"}]}},"_links":{"self":[{"href":"https:\/\/colegioarquitectos.com\/noticias\/index.php?rest_route=\/wp\/v2\/posts\/25855","targetHints":{"allow":["GET"]}}],"collection":[{"href":"https:\/\/colegioarquitectos.com\/noticias\/index.php?rest_route=\/wp\/v2\/posts"}],"about":[{"href":"https:\/\/colegioarquitectos.com\/noticias\/index.php?rest_route=\/wp\/v2\/types\/post"}],"author":[{"embeddable":true,"href":"https:\/\/colegioarquitectos.com\/noticias\/index.php?rest_route=\/wp\/v2\/users\/4"}],"replies":[{"embeddable":true,"href":"https:\/\/colegioarquitectos.com\/noticias\/index.php?rest_route=%2Fwp%2Fv2%2Fcomments&post=25855"}],"version-history":[{"count":0,"href":"https:\/\/colegioarquitectos.com\/noticias\/index.php?rest_route=\/wp\/v2\/posts\/25855\/revisions"}],"wp:featuredmedia":[{"embeddable":true,"href":"https:\/\/colegioarquitectos.com\/noticias\/index.php?rest_route=\/wp\/v2\/media\/25747"}],"wp:attachment":[{"href":"https:\/\/colegioarquitectos.com\/noticias\/index.php?rest_route=%2Fwp%2Fv2%2Fmedia&parent=25855"}],"wp:term":[{"taxonomy":"category","embeddable":true,"href":"https:\/\/colegioarquitectos.com\/noticias\/index.php?rest_route=%2Fwp%2Fv2%2Fcategories&post=25855"},{"taxonomy":"post_tag","embeddable":true,"href":"https:\/\/colegioarquitectos.com\/noticias\/index.php?rest_route=%2Fwp%2Fv2%2Ftags&post=25855"}],"curies":[{"name":"wp","href":"https:\/\/api.w.org\/{rel}","templated":true}]}}