
{"id":25953,"date":"2020-10-20T00:07:55","date_gmt":"2020-10-20T00:07:55","guid":{"rendered":"http:\/\/colegioarquitectos.com\/?p=25953"},"modified":"2020-10-20T00:07:55","modified_gmt":"2020-10-20T00:07:55","slug":"mauricio-alejandro-torres-gomez-ica-7771","status":"publish","type":"post","link":"https:\/\/colegioarquitectos.com\/noticias\/?p=25953","title":{"rendered":"Mauricio Alejandro Torres G\u00f3mez &#8211; ICA 7771"},"content":{"rendered":"<h3 style=\"text-align: center;\">Mauricio Alejandro Torres G\u00f3mez<\/h3>\n<h3 style=\"text-align: center;\">ICA 7771<\/h3>\n<h3 style=\"text-align: center;\">Delegaci\u00f3n Zonal O&#8217;Higgins<\/h3>\n<p><img loading=\"lazy\" decoding=\"async\" class=\"aligncenter size-medium wp-image-25954\" src=\"http:\/\/colegioarquitectos.com\/noticias\/wp-content\/uploads\/2020\/10\/unnamed-Mauricio-Torres-225x300.jpg\" alt=\"\" width=\"225\" height=\"300\" srcset=\"https:\/\/colegioarquitectos.com\/noticias\/wp-content\/uploads\/2020\/10\/unnamed-Mauricio-Torres-225x300.jpg 225w, https:\/\/colegioarquitectos.com\/noticias\/wp-content\/uploads\/2020\/10\/unnamed-Mauricio-Torres-768x1024.jpg 768w\" sizes=\"auto, (max-width: 225px) 100vw, 225px\" \/><\/p>\n<p>&nbsp;<\/p>\n<h4>Breve presentaci\u00f3n o biograf\u00eda<\/h4>\n<p>Arquitecto de la Universidad de Valpara\u00edso desde el a\u00f1o 2003 y Constructor Civil del Instituto Profesional los Lagos desde el a\u00f1o 2019, Diplomado en Gesti\u00f3n Regional.<\/p>\n<p>Tengo 17 a\u00f1os de experiencia tanto en el \u00e1mbito privado como p\u00fablico, siendo en este \u00faltimo donde he desarrollado gran parte de mi carrera, como profesional de apoyo SECPLAC en la municipalidad de Machal\u00ed, Asistente T\u00e9cnico del programa Habitabilidad de FOSIS y Coordinador de la Unidad de Estudio y Fiscalizaci\u00f3n de proyectos de Obras Civiles ejecutadas bajo el financiamiento del Fondo Nacional de Desarrollo Regional (FNDR) del Gobierno Regional de O\u00b4Higgins.<\/p>\n<p>Como acciones paralelas adem\u00e1s cuento con experiencia en el desarrollo de proyectos de viviendas y espacios p\u00fablicos, Inspecciones Tecnicas de Obras, arquitecto Tasador, modelamiento REVIT BIM y socio de la oficina 3AC arquitectos.<\/p>\n<p>Mi inicio en el colegio de arquitectos se remonta al a\u00f1o 2012 desde la Delegaci\u00f3n O\u00b4Higgins, primero como colegiado participante del SAT y posteriormente a partir del a\u00f1o 2018 como Tesorero de la actual directiva.<\/p>\n<p>&nbsp;<\/p>\n<h4>Ideas o propuestas para su futura gesti\u00f3n<\/h4>\n<p>Como parte de la delegaci\u00f3n Zonal O\u00b4Higgins planteo la necesidad de involucrar a los colegas en distintas instancias de participaci\u00f3n y colaboraci\u00f3n tanto con nuestro propio gremio como con la poblaci\u00f3n. Las circunstancias actuales de emergencias sanitarias y sociales comprometen a los arquitectos a tener una participaci\u00f3n activa sobre las materias que se est\u00e1n discutiendo respecto a las futuras conformaciones de espacios habitables, cambios sobre normativas y participaci\u00f3n en la discusi\u00f3n de nuevos proyectos a desarrollarse en la regi\u00f3n.<\/p>\n<p><\/p>","protected":false},"excerpt":{"rendered":"<p>Mauricio Alejandro Torres G\u00f3mez ICA 7771 Delegaci\u00f3n Zonal O&#8217;Higgins &nbsp; Breve presentaci\u00f3n o biograf\u00eda Arquitecto de la Universidad de Valpara\u00edso desde el a\u00f1o 2003 y Constructor Civil del Instituto Profesional los Lagos desde el a\u00f1o 2019, Diplomado en Gesti\u00f3n Regional. &hellip; <a class=\"more-link\" href=\"https:\/\/colegioarquitectos.com\/noticias\/?p=25953\">ver m\u00e1s<\/a><\/p>","protected":false},"author":4,"featured_media":25747,"comment_status":"closed","ping_status":"closed","sticky":false,"template":"","format":"standard","meta":{"footnotes":""},"categories":[78],"tags":[],"class_list":["post-25953","post","type-post","status-publish","format-standard","has-post-thumbnail","hentry","category-elecciones-ca-2020"],"yoast_head":"<!-- This site is optimized with the Yoast SEO plugin v24.2 - https:\/\/yoast.com\/wordpress\/plugins\/seo\/ -->\n<title>Mauricio Alejandro Torres G\u00f3mez - ICA 7771 - COLEGIO DE ARQUITECTOS DE CHILE<\/title>\n<meta name=\"robots\" content=\"index, follow, max-snippet:-1, max-image-preview:large, max-video-preview:-1\" \/>\n<link rel=\"canonical\" href=\"https:\/\/colegioarquitectos.com\/noticias\/?p=25953\" \/>\n<meta property=\"og:locale\" content=\"es_ES\" \/>\n<meta property=\"og:type\" content=\"article\" \/>\n<meta property=\"og:title\" content=\"Mauricio Alejandro Torres G\u00f3mez - ICA 7771 - COLEGIO DE ARQUITECTOS DE CHILE\" \/>\n<meta property=\"og:description\" content=\"Mauricio Alejandro Torres G\u00f3mez ICA 7771 Delegaci\u00f3n Zonal O&#8217;Higgins &nbsp; Breve presentaci\u00f3n o biograf\u00eda Arquitecto de la Universidad de Valpara\u00edso desde el a\u00f1o 2003 y Constructor Civil del Instituto Profesional los Lagos desde el a\u00f1o 2019, Diplomado en Gesti\u00f3n Regional. &hellip; ver m\u00e1s\" \/>\n<meta property=\"og:url\" content=\"https:\/\/colegioarquitectos.com\/noticias\/?p=25953\" \/>\n<meta property=\"og:site_name\" content=\"COLEGIO DE ARQUITECTOS DE CHILE\" \/>\n<meta property=\"article:publisher\" content=\"https:\/\/facebook.com\/Colegioarq\/\" \/>\n<meta property=\"article:published_time\" content=\"2020-10-20T00:07:55+00:00\" \/>\n<meta property=\"og:image\" content=\"https:\/\/colegioarquitectos.com\/noticias\/wp-content\/uploads\/2020\/10\/ENCABEZADO.jpeg\" \/>\n\t<meta property=\"og:image:width\" content=\"690\" \/>\n\t<meta property=\"og:image:height\" content=\"350\" \/>\n\t<meta property=\"og:image:type\" content=\"image\/jpeg\" \/>\n<meta name=\"author\" content=\"Colegio de Arquitectos de Chile\" \/>\n<meta name=\"twitter:card\" content=\"summary_large_image\" \/>\n<meta name=\"twitter:creator\" content=\"@colegioarq\" \/>\n<meta name=\"twitter:site\" content=\"@colegioarq\" \/>\n<meta name=\"twitter:label1\" content=\"Escrito por\" \/>\n\t<meta name=\"twitter:data1\" content=\"Colegio de Arquitectos de Chile\" \/>\n\t<meta name=\"twitter:label2\" content=\"Tiempo de lectura\" \/>\n\t<meta name=\"twitter:data2\" content=\"1 minuto\" \/>\n<script type=\"application\/ld+json\" class=\"yoast-schema-graph\">{\"@context\":\"https:\/\/schema.org\",\"@graph\":[{\"@type\":\"Article\",\"@id\":\"https:\/\/colegioarquitectos.com\/noticias\/?p=25953#article\",\"isPartOf\":{\"@id\":\"https:\/\/colegioarquitectos.com\/noticias\/?p=25953\"},\"author\":{\"name\":\"Colegio de Arquitectos de Chile\",\"@id\":\"https:\/\/colegioarquitectos.com\/noticias\/#\/schema\/person\/685cc0aad148303c5608f049af8285ad\"},\"headline\":\"Mauricio Alejandro Torres G\u00f3mez &#8211; ICA 7771\",\"datePublished\":\"2020-10-20T00:07:55+00:00\",\"dateModified\":\"2020-10-20T00:07:55+00:00\",\"mainEntityOfPage\":{\"@id\":\"https:\/\/colegioarquitectos.com\/noticias\/?p=25953\"},\"wordCount\":298,\"publisher\":{\"@id\":\"https:\/\/colegioarquitectos.com\/noticias\/#organization\"},\"image\":{\"@id\":\"https:\/\/colegioarquitectos.com\/noticias\/?p=25953#primaryimage\"},\"thumbnailUrl\":\"https:\/\/colegioarquitectos.com\/noticias\/wp-content\/uploads\/2020\/10\/ENCABEZADO.jpeg\",\"articleSection\":[\"Elecciones CA 2020\"],\"inLanguage\":\"es\"},{\"@type\":\"WebPage\",\"@id\":\"https:\/\/colegioarquitectos.com\/noticias\/?p=25953\",\"url\":\"https:\/\/colegioarquitectos.com\/noticias\/?p=25953\",\"name\":\"Mauricio Alejandro Torres G\u00f3mez - ICA 7771 - COLEGIO DE ARQUITECTOS DE CHILE\",\"isPartOf\":{\"@id\":\"https:\/\/colegioarquitectos.com\/noticias\/#website\"},\"primaryImageOfPage\":{\"@id\":\"https:\/\/colegioarquitectos.com\/noticias\/?p=25953#primaryimage\"},\"image\":{\"@id\":\"https:\/\/colegioarquitectos.com\/noticias\/?p=25953#primaryimage\"},\"thumbnailUrl\":\"https:\/\/colegioarquitectos.com\/noticias\/wp-content\/uploads\/2020\/10\/ENCABEZADO.jpeg\",\"datePublished\":\"2020-10-20T00:07:55+00:00\",\"dateModified\":\"2020-10-20T00:07:55+00:00\",\"breadcrumb\":{\"@id\":\"https:\/\/colegioarquitectos.com\/noticias\/?p=25953#breadcrumb\"},\"inLanguage\":\"es\",\"potentialAction\":[{\"@type\":\"ReadAction\",\"target\":[\"https:\/\/colegioarquitectos.com\/noticias\/?p=25953\"]}]},{\"@type\":\"ImageObject\",\"inLanguage\":\"es\",\"@id\":\"https:\/\/colegioarquitectos.com\/noticias\/?p=25953#primaryimage\",\"url\":\"https:\/\/colegioarquitectos.com\/noticias\/wp-content\/uploads\/2020\/10\/ENCABEZADO.jpeg\",\"contentUrl\":\"https:\/\/colegioarquitectos.com\/noticias\/wp-content\/uploads\/2020\/10\/ENCABEZADO.jpeg\",\"width\":690,\"height\":350},{\"@type\":\"BreadcrumbList\",\"@id\":\"https:\/\/colegioarquitectos.com\/noticias\/?p=25953#breadcrumb\",\"itemListElement\":[{\"@type\":\"ListItem\",\"position\":1,\"name\":\"Portada\",\"item\":\"https:\/\/colegioarquitectos.com\/noticias\"},{\"@type\":\"ListItem\",\"position\":2,\"name\":\"Mauricio Alejandro Torres G\u00f3mez &#8211; ICA 7771\"}]},{\"@type\":\"WebSite\",\"@id\":\"https:\/\/colegioarquitectos.com\/noticias\/#website\",\"url\":\"https:\/\/colegioarquitectos.com\/noticias\/\",\"name\":\"COLEGIO DE ARQUITECTOS DE CHILE\",\"description\":\"\",\"publisher\":{\"@id\":\"https:\/\/colegioarquitectos.com\/noticias\/#organization\"},\"potentialAction\":[{\"@type\":\"SearchAction\",\"target\":{\"@type\":\"EntryPoint\",\"urlTemplate\":\"https:\/\/colegioarquitectos.com\/noticias\/?s={search_term_string}\"},\"query-input\":{\"@type\":\"PropertyValueSpecification\",\"valueRequired\":true,\"valueName\":\"search_term_string\"}}],\"inLanguage\":\"es\"},{\"@type\":\"Organization\",\"@id\":\"https:\/\/colegioarquitectos.com\/noticias\/#organization\",\"name\":\"COLEGIO DE ARQUITECTOS DE CHILE\",\"url\":\"https:\/\/colegioarquitectos.com\/noticias\/\",\"logo\":{\"@type\":\"ImageObject\",\"inLanguage\":\"es\",\"@id\":\"https:\/\/colegioarquitectos.com\/noticias\/#\/schema\/logo\/image\/\",\"url\":\"https:\/\/colegioarquitectos.com\/noticias\/wp-content\/uploads\/2021\/05\/ENCABEZADO-LOGO-CA.jpg\",\"contentUrl\":\"https:\/\/colegioarquitectos.com\/noticias\/wp-content\/uploads\/2021\/05\/ENCABEZADO-LOGO-CA.jpg\",\"width\":690,\"height\":350,\"caption\":\"COLEGIO DE ARQUITECTOS DE CHILE\"},\"image\":{\"@id\":\"https:\/\/colegioarquitectos.com\/noticias\/#\/schema\/logo\/image\/\"},\"sameAs\":[\"https:\/\/facebook.com\/Colegioarq\/\",\"https:\/\/x.com\/colegioarq\",\"https:\/\/instagram.com\/colegioarq\",\"https:\/\/youtube.com\/@ColegiodeArquitectosdeChile\"]},{\"@type\":\"Person\",\"@id\":\"https:\/\/colegioarquitectos.com\/noticias\/#\/schema\/person\/685cc0aad148303c5608f049af8285ad\",\"name\":\"Colegio de Arquitectos de Chile\",\"url\":\"https:\/\/colegioarquitectos.com\/noticias\/?author=4\"}]}<\/script>\n<!-- \/ Yoast SEO plugin. -->","yoast_head_json":{"title":"Mauricio Alejandro Torres G\u00f3mez - ICA 7771 - COLEGIO DE ARQUITECTOS DE CHILE","robots":{"index":"index","follow":"follow","max-snippet":"max-snippet:-1","max-image-preview":"max-image-preview:large","max-video-preview":"max-video-preview:-1"},"canonical":"https:\/\/colegioarquitectos.com\/noticias\/?p=25953","og_locale":"es_ES","og_type":"article","og_title":"Mauricio Alejandro Torres G\u00f3mez - ICA 7771 - COLEGIO DE ARQUITECTOS DE CHILE","og_description":"Mauricio Alejandro Torres G\u00f3mez ICA 7771 Delegaci\u00f3n Zonal O&#8217;Higgins &nbsp; Breve presentaci\u00f3n o biograf\u00eda Arquitecto de la Universidad de Valpara\u00edso desde el a\u00f1o 2003 y Constructor Civil del Instituto Profesional los Lagos desde el a\u00f1o 2019, Diplomado en Gesti\u00f3n Regional. &hellip; ver m\u00e1s","og_url":"https:\/\/colegioarquitectos.com\/noticias\/?p=25953","og_site_name":"COLEGIO DE ARQUITECTOS DE CHILE","article_publisher":"https:\/\/facebook.com\/Colegioarq\/","article_published_time":"2020-10-20T00:07:55+00:00","og_image":[{"width":690,"height":350,"url":"https:\/\/colegioarquitectos.com\/noticias\/wp-content\/uploads\/2020\/10\/ENCABEZADO.jpeg","type":"image\/jpeg"}],"author":"Colegio de Arquitectos de Chile","twitter_card":"summary_large_image","twitter_creator":"@colegioarq","twitter_site":"@colegioarq","twitter_misc":{"Escrito por":"Colegio de Arquitectos de Chile","Tiempo de lectura":"1 minuto"},"schema":{"@context":"https:\/\/schema.org","@graph":[{"@type":"Article","@id":"https:\/\/colegioarquitectos.com\/noticias\/?p=25953#article","isPartOf":{"@id":"https:\/\/colegioarquitectos.com\/noticias\/?p=25953"},"author":{"name":"Colegio de Arquitectos de Chile","@id":"https:\/\/colegioarquitectos.com\/noticias\/#\/schema\/person\/685cc0aad148303c5608f049af8285ad"},"headline":"Mauricio Alejandro Torres G\u00f3mez &#8211; ICA 7771","datePublished":"2020-10-20T00:07:55+00:00","dateModified":"2020-10-20T00:07:55+00:00","mainEntityOfPage":{"@id":"https:\/\/colegioarquitectos.com\/noticias\/?p=25953"},"wordCount":298,"publisher":{"@id":"https:\/\/colegioarquitectos.com\/noticias\/#organization"},"image":{"@id":"https:\/\/colegioarquitectos.com\/noticias\/?p=25953#primaryimage"},"thumbnailUrl":"https:\/\/colegioarquitectos.com\/noticias\/wp-content\/uploads\/2020\/10\/ENCABEZADO.jpeg","articleSection":["Elecciones CA 2020"],"inLanguage":"es"},{"@type":"WebPage","@id":"https:\/\/colegioarquitectos.com\/noticias\/?p=25953","url":"https:\/\/colegioarquitectos.com\/noticias\/?p=25953","name":"Mauricio Alejandro Torres G\u00f3mez - ICA 7771 - COLEGIO DE ARQUITECTOS DE CHILE","isPartOf":{"@id":"https:\/\/colegioarquitectos.com\/noticias\/#website"},"primaryImageOfPage":{"@id":"https:\/\/colegioarquitectos.com\/noticias\/?p=25953#primaryimage"},"image":{"@id":"https:\/\/colegioarquitectos.com\/noticias\/?p=25953#primaryimage"},"thumbnailUrl":"https:\/\/colegioarquitectos.com\/noticias\/wp-content\/uploads\/2020\/10\/ENCABEZADO.jpeg","datePublished":"2020-10-20T00:07:55+00:00","dateModified":"2020-10-20T00:07:55+00:00","breadcrumb":{"@id":"https:\/\/colegioarquitectos.com\/noticias\/?p=25953#breadcrumb"},"inLanguage":"es","potentialAction":[{"@type":"ReadAction","target":["https:\/\/colegioarquitectos.com\/noticias\/?p=25953"]}]},{"@type":"ImageObject","inLanguage":"es","@id":"https:\/\/colegioarquitectos.com\/noticias\/?p=25953#primaryimage","url":"https:\/\/colegioarquitectos.com\/noticias\/wp-content\/uploads\/2020\/10\/ENCABEZADO.jpeg","contentUrl":"https:\/\/colegioarquitectos.com\/noticias\/wp-content\/uploads\/2020\/10\/ENCABEZADO.jpeg","width":690,"height":350},{"@type":"BreadcrumbList","@id":"https:\/\/colegioarquitectos.com\/noticias\/?p=25953#breadcrumb","itemListElement":[{"@type":"ListItem","position":1,"name":"Portada","item":"https:\/\/colegioarquitectos.com\/noticias"},{"@type":"ListItem","position":2,"name":"Mauricio Alejandro Torres G\u00f3mez &#8211; ICA 7771"}]},{"@type":"WebSite","@id":"https:\/\/colegioarquitectos.com\/noticias\/#website","url":"https:\/\/colegioarquitectos.com\/noticias\/","name":"COLEGIO DE ARQUITECTOS DE CHILE","description":"","publisher":{"@id":"https:\/\/colegioarquitectos.com\/noticias\/#organization"},"potentialAction":[{"@type":"SearchAction","target":{"@type":"EntryPoint","urlTemplate":"https:\/\/colegioarquitectos.com\/noticias\/?s={search_term_string}"},"query-input":{"@type":"PropertyValueSpecification","valueRequired":true,"valueName":"search_term_string"}}],"inLanguage":"es"},{"@type":"Organization","@id":"https:\/\/colegioarquitectos.com\/noticias\/#organization","name":"COLEGIO DE ARQUITECTOS DE CHILE","url":"https:\/\/colegioarquitectos.com\/noticias\/","logo":{"@type":"ImageObject","inLanguage":"es","@id":"https:\/\/colegioarquitectos.com\/noticias\/#\/schema\/logo\/image\/","url":"https:\/\/colegioarquitectos.com\/noticias\/wp-content\/uploads\/2021\/05\/ENCABEZADO-LOGO-CA.jpg","contentUrl":"https:\/\/colegioarquitectos.com\/noticias\/wp-content\/uploads\/2021\/05\/ENCABEZADO-LOGO-CA.jpg","width":690,"height":350,"caption":"COLEGIO DE ARQUITECTOS DE CHILE"},"image":{"@id":"https:\/\/colegioarquitectos.com\/noticias\/#\/schema\/logo\/image\/"},"sameAs":["https:\/\/facebook.com\/Colegioarq\/","https:\/\/x.com\/colegioarq","https:\/\/instagram.com\/colegioarq","https:\/\/youtube.com\/@ColegiodeArquitectosdeChile"]},{"@type":"Person","@id":"https:\/\/colegioarquitectos.com\/noticias\/#\/schema\/person\/685cc0aad148303c5608f049af8285ad","name":"Colegio de Arquitectos de Chile","url":"https:\/\/colegioarquitectos.com\/noticias\/?author=4"}]}},"_links":{"self":[{"href":"https:\/\/colegioarquitectos.com\/noticias\/index.php?rest_route=\/wp\/v2\/posts\/25953","targetHints":{"allow":["GET"]}}],"collection":[{"href":"https:\/\/colegioarquitectos.com\/noticias\/index.php?rest_route=\/wp\/v2\/posts"}],"about":[{"href":"https:\/\/colegioarquitectos.com\/noticias\/index.php?rest_route=\/wp\/v2\/types\/post"}],"author":[{"embeddable":true,"href":"https:\/\/colegioarquitectos.com\/noticias\/index.php?rest_route=\/wp\/v2\/users\/4"}],"replies":[{"embeddable":true,"href":"https:\/\/colegioarquitectos.com\/noticias\/index.php?rest_route=%2Fwp%2Fv2%2Fcomments&post=25953"}],"version-history":[{"count":0,"href":"https:\/\/colegioarquitectos.com\/noticias\/index.php?rest_route=\/wp\/v2\/posts\/25953\/revisions"}],"wp:featuredmedia":[{"embeddable":true,"href":"https:\/\/colegioarquitectos.com\/noticias\/index.php?rest_route=\/wp\/v2\/media\/25747"}],"wp:attachment":[{"href":"https:\/\/colegioarquitectos.com\/noticias\/index.php?rest_route=%2Fwp%2Fv2%2Fmedia&parent=25953"}],"wp:term":[{"taxonomy":"category","embeddable":true,"href":"https:\/\/colegioarquitectos.com\/noticias\/index.php?rest_route=%2Fwp%2Fv2%2Fcategories&post=25953"},{"taxonomy":"post_tag","embeddable":true,"href":"https:\/\/colegioarquitectos.com\/noticias\/index.php?rest_route=%2Fwp%2Fv2%2Ftags&post=25953"}],"curies":[{"name":"wp","href":"https:\/\/api.w.org\/{rel}","templated":true}]}}