
{"id":26063,"date":"2020-10-20T00:06:08","date_gmt":"2020-10-20T00:06:08","guid":{"rendered":"http:\/\/colegioarquitectos.com\/?p=26063"},"modified":"2020-10-20T00:06:08","modified_gmt":"2020-10-20T00:06:08","slug":"juan-ricardo-diaz-milovic-ica-3108-2","status":"publish","type":"post","link":"https:\/\/colegioarquitectos.com\/noticias\/?p=26063","title":{"rendered":"Juan Ricardo D\u00edaz Milovic &#8211; ICA 3108"},"content":{"rendered":"<h3 style=\"text-align: center;\">Juan Ricardo D\u00edaz Milovic<\/h3>\n<h3 style=\"text-align: center;\">ICA 3108<\/h3>\n<h3 style=\"text-align: center;\">Tribunal de \u00c9tica Regional &#8211; DZ Valpara\u00edso<\/h3>\n<p><img loading=\"lazy\" decoding=\"async\" class=\"aligncenter size-medium wp-image-26064\" src=\"http:\/\/colegioarquitectos.com\/noticias\/wp-content\/uploads\/2020\/10\/IMG_8257-Victor-Manuel-Seren\u0303o-Varas-e1603142582106-225x300.jpg\" alt=\"\" width=\"225\" height=\"300\" srcset=\"https:\/\/colegioarquitectos.com\/noticias\/wp-content\/uploads\/2020\/10\/IMG_8257-Victor-Manuel-Seren\u0303o-Varas-e1603142582106-225x300.jpg 225w, https:\/\/colegioarquitectos.com\/noticias\/wp-content\/uploads\/2020\/10\/IMG_8257-Victor-Manuel-Seren\u0303o-Varas-e1603142582106-768x1024.jpg 768w\" sizes=\"auto, (max-width: 225px) 100vw, 225px\" \/><\/p>\n<p>&nbsp;<\/p>\n<h4><strong>Breve presentaci\u00f3n o biograf\u00eda<\/strong><\/h4>\n<p>JUAN RICARDO DIAZ MILOVIC , Arquitecto ICA 3.108. Egres\u00e9 de la Escuela de Arquitectura de la Universidad de Chile de Valpara\u00edso el a\u00f1o 1970 , me inscrib\u00ed en el Colegio de Arquitectos , sede Santiago, el a\u00f1o 1976.<\/p>\n<p>Me he desempe\u00f1ado como Arquitecto independiente durante m\u00e1s de 45 a\u00f1os tanto en el \u00e1rea del dise\u00f1o Arquitect\u00f3nico como en la Empresa de la Construcci\u00f3n , efectuando trabajos para organismos del Estado tales como Minvu, Mop, Soca, Transportes , etc. Adem\u00e1s de mis trabajos propios en distintas comunas del Pa\u00eds tales como Antofagasta, Serena, toda la Regi\u00f3n de Valpara\u00edso , Comuna de \u00d1u\u00f1oa, San Bernardo, San Fernando, Linares y otras. Adem\u00e1s he estado activo en el CAV. Durante los \u00faltimos 14 a\u00f1os , como miembro del Directorio y como miembro del Tribunal de Etica en cuatro per\u00edodos alternados<\/p>\n<p>&nbsp;<\/p>\n<h4>Ideas o propuestas para su futura gesti\u00f3n<\/h4>\n<p>Mi intenci\u00f3n al re postularme es seguir contribuyendo en el resguardo del comportamiento Etico de los colegas Colegiados e insistir ante el Congreso Nacional para que se APRUEBE definitivamente la Ley de Colegios Profesionales y as\u00ed obtener para nuestro Colegio , la fuerza legal que tanto se necesita .<\/p>\n<p><\/p>","protected":false},"excerpt":{"rendered":"<p>Juan Ricardo D\u00edaz Milovic ICA 3108 Tribunal de \u00c9tica Regional &#8211; DZ Valpara\u00edso &nbsp; Breve presentaci\u00f3n o biograf\u00eda JUAN RICARDO DIAZ MILOVIC , Arquitecto ICA 3.108. Egres\u00e9 de la Escuela de Arquitectura de la Universidad de Chile de Valpara\u00edso el &hellip; <a class=\"more-link\" href=\"https:\/\/colegioarquitectos.com\/noticias\/?p=26063\">ver m\u00e1s<\/a><\/p>","protected":false},"author":4,"featured_media":25747,"comment_status":"closed","ping_status":"closed","sticky":false,"template":"","format":"standard","meta":{"footnotes":""},"categories":[78],"tags":[],"class_list":["post-26063","post","type-post","status-publish","format-standard","has-post-thumbnail","hentry","category-elecciones-ca-2020"],"yoast_head":"<!-- This site is optimized with the Yoast SEO plugin v24.2 - https:\/\/yoast.com\/wordpress\/plugins\/seo\/ -->\n<title>Juan Ricardo D\u00edaz Milovic - ICA 3108 - COLEGIO DE ARQUITECTOS DE CHILE<\/title>\n<meta name=\"robots\" content=\"index, follow, max-snippet:-1, max-image-preview:large, max-video-preview:-1\" \/>\n<link rel=\"canonical\" href=\"https:\/\/colegioarquitectos.com\/noticias\/?p=26063\" \/>\n<meta property=\"og:locale\" content=\"es_ES\" \/>\n<meta property=\"og:type\" content=\"article\" \/>\n<meta property=\"og:title\" content=\"Juan Ricardo D\u00edaz Milovic - ICA 3108 - COLEGIO DE ARQUITECTOS DE CHILE\" \/>\n<meta property=\"og:description\" content=\"Juan Ricardo D\u00edaz Milovic ICA 3108 Tribunal de \u00c9tica Regional &#8211; DZ Valpara\u00edso &nbsp; Breve presentaci\u00f3n o biograf\u00eda JUAN RICARDO DIAZ MILOVIC , Arquitecto ICA 3.108. Egres\u00e9 de la Escuela de Arquitectura de la Universidad de Chile de Valpara\u00edso el &hellip; ver m\u00e1s\" \/>\n<meta property=\"og:url\" content=\"https:\/\/colegioarquitectos.com\/noticias\/?p=26063\" \/>\n<meta property=\"og:site_name\" content=\"COLEGIO DE ARQUITECTOS DE CHILE\" \/>\n<meta property=\"article:publisher\" content=\"https:\/\/facebook.com\/Colegioarq\/\" \/>\n<meta property=\"article:published_time\" content=\"2020-10-20T00:06:08+00:00\" \/>\n<meta property=\"og:image\" content=\"https:\/\/colegioarquitectos.com\/noticias\/wp-content\/uploads\/2020\/10\/ENCABEZADO.jpeg\" \/>\n\t<meta property=\"og:image:width\" content=\"690\" \/>\n\t<meta property=\"og:image:height\" content=\"350\" \/>\n\t<meta property=\"og:image:type\" content=\"image\/jpeg\" \/>\n<meta name=\"author\" content=\"Colegio de Arquitectos de Chile\" \/>\n<meta name=\"twitter:card\" content=\"summary_large_image\" \/>\n<meta name=\"twitter:creator\" content=\"@colegioarq\" \/>\n<meta name=\"twitter:site\" content=\"@colegioarq\" \/>\n<meta name=\"twitter:label1\" content=\"Escrito por\" \/>\n\t<meta name=\"twitter:data1\" content=\"Colegio de Arquitectos de Chile\" \/>\n\t<meta name=\"twitter:label2\" content=\"Tiempo de lectura\" \/>\n\t<meta name=\"twitter:data2\" content=\"1 minuto\" \/>\n<script type=\"application\/ld+json\" class=\"yoast-schema-graph\">{\"@context\":\"https:\/\/schema.org\",\"@graph\":[{\"@type\":\"Article\",\"@id\":\"https:\/\/colegioarquitectos.com\/noticias\/?p=26063#article\",\"isPartOf\":{\"@id\":\"https:\/\/colegioarquitectos.com\/noticias\/?p=26063\"},\"author\":{\"name\":\"Colegio de Arquitectos de Chile\",\"@id\":\"https:\/\/colegioarquitectos.com\/noticias\/#\/schema\/person\/685cc0aad148303c5608f049af8285ad\"},\"headline\":\"Juan Ricardo D\u00edaz Milovic &#8211; ICA 3108\",\"datePublished\":\"2020-10-20T00:06:08+00:00\",\"dateModified\":\"2020-10-20T00:06:08+00:00\",\"mainEntityOfPage\":{\"@id\":\"https:\/\/colegioarquitectos.com\/noticias\/?p=26063\"},\"wordCount\":226,\"publisher\":{\"@id\":\"https:\/\/colegioarquitectos.com\/noticias\/#organization\"},\"image\":{\"@id\":\"https:\/\/colegioarquitectos.com\/noticias\/?p=26063#primaryimage\"},\"thumbnailUrl\":\"https:\/\/colegioarquitectos.com\/noticias\/wp-content\/uploads\/2020\/10\/ENCABEZADO.jpeg\",\"articleSection\":[\"Elecciones CA 2020\"],\"inLanguage\":\"es\"},{\"@type\":\"WebPage\",\"@id\":\"https:\/\/colegioarquitectos.com\/noticias\/?p=26063\",\"url\":\"https:\/\/colegioarquitectos.com\/noticias\/?p=26063\",\"name\":\"Juan Ricardo D\u00edaz Milovic - ICA 3108 - COLEGIO DE ARQUITECTOS DE CHILE\",\"isPartOf\":{\"@id\":\"https:\/\/colegioarquitectos.com\/noticias\/#website\"},\"primaryImageOfPage\":{\"@id\":\"https:\/\/colegioarquitectos.com\/noticias\/?p=26063#primaryimage\"},\"image\":{\"@id\":\"https:\/\/colegioarquitectos.com\/noticias\/?p=26063#primaryimage\"},\"thumbnailUrl\":\"https:\/\/colegioarquitectos.com\/noticias\/wp-content\/uploads\/2020\/10\/ENCABEZADO.jpeg\",\"datePublished\":\"2020-10-20T00:06:08+00:00\",\"dateModified\":\"2020-10-20T00:06:08+00:00\",\"breadcrumb\":{\"@id\":\"https:\/\/colegioarquitectos.com\/noticias\/?p=26063#breadcrumb\"},\"inLanguage\":\"es\",\"potentialAction\":[{\"@type\":\"ReadAction\",\"target\":[\"https:\/\/colegioarquitectos.com\/noticias\/?p=26063\"]}]},{\"@type\":\"ImageObject\",\"inLanguage\":\"es\",\"@id\":\"https:\/\/colegioarquitectos.com\/noticias\/?p=26063#primaryimage\",\"url\":\"https:\/\/colegioarquitectos.com\/noticias\/wp-content\/uploads\/2020\/10\/ENCABEZADO.jpeg\",\"contentUrl\":\"https:\/\/colegioarquitectos.com\/noticias\/wp-content\/uploads\/2020\/10\/ENCABEZADO.jpeg\",\"width\":690,\"height\":350},{\"@type\":\"BreadcrumbList\",\"@id\":\"https:\/\/colegioarquitectos.com\/noticias\/?p=26063#breadcrumb\",\"itemListElement\":[{\"@type\":\"ListItem\",\"position\":1,\"name\":\"Portada\",\"item\":\"https:\/\/colegioarquitectos.com\/noticias\"},{\"@type\":\"ListItem\",\"position\":2,\"name\":\"Juan Ricardo D\u00edaz Milovic &#8211; ICA 3108\"}]},{\"@type\":\"WebSite\",\"@id\":\"https:\/\/colegioarquitectos.com\/noticias\/#website\",\"url\":\"https:\/\/colegioarquitectos.com\/noticias\/\",\"name\":\"COLEGIO DE ARQUITECTOS DE CHILE\",\"description\":\"\",\"publisher\":{\"@id\":\"https:\/\/colegioarquitectos.com\/noticias\/#organization\"},\"potentialAction\":[{\"@type\":\"SearchAction\",\"target\":{\"@type\":\"EntryPoint\",\"urlTemplate\":\"https:\/\/colegioarquitectos.com\/noticias\/?s={search_term_string}\"},\"query-input\":{\"@type\":\"PropertyValueSpecification\",\"valueRequired\":true,\"valueName\":\"search_term_string\"}}],\"inLanguage\":\"es\"},{\"@type\":\"Organization\",\"@id\":\"https:\/\/colegioarquitectos.com\/noticias\/#organization\",\"name\":\"COLEGIO DE ARQUITECTOS DE CHILE\",\"url\":\"https:\/\/colegioarquitectos.com\/noticias\/\",\"logo\":{\"@type\":\"ImageObject\",\"inLanguage\":\"es\",\"@id\":\"https:\/\/colegioarquitectos.com\/noticias\/#\/schema\/logo\/image\/\",\"url\":\"https:\/\/colegioarquitectos.com\/noticias\/wp-content\/uploads\/2021\/05\/ENCABEZADO-LOGO-CA.jpg\",\"contentUrl\":\"https:\/\/colegioarquitectos.com\/noticias\/wp-content\/uploads\/2021\/05\/ENCABEZADO-LOGO-CA.jpg\",\"width\":690,\"height\":350,\"caption\":\"COLEGIO DE ARQUITECTOS DE CHILE\"},\"image\":{\"@id\":\"https:\/\/colegioarquitectos.com\/noticias\/#\/schema\/logo\/image\/\"},\"sameAs\":[\"https:\/\/facebook.com\/Colegioarq\/\",\"https:\/\/x.com\/colegioarq\",\"https:\/\/instagram.com\/colegioarq\",\"https:\/\/youtube.com\/@ColegiodeArquitectosdeChile\"]},{\"@type\":\"Person\",\"@id\":\"https:\/\/colegioarquitectos.com\/noticias\/#\/schema\/person\/685cc0aad148303c5608f049af8285ad\",\"name\":\"Colegio de Arquitectos de Chile\",\"url\":\"https:\/\/colegioarquitectos.com\/noticias\/?author=4\"}]}<\/script>\n<!-- \/ Yoast SEO plugin. -->","yoast_head_json":{"title":"Juan Ricardo D\u00edaz Milovic - ICA 3108 - COLEGIO DE ARQUITECTOS DE CHILE","robots":{"index":"index","follow":"follow","max-snippet":"max-snippet:-1","max-image-preview":"max-image-preview:large","max-video-preview":"max-video-preview:-1"},"canonical":"https:\/\/colegioarquitectos.com\/noticias\/?p=26063","og_locale":"es_ES","og_type":"article","og_title":"Juan Ricardo D\u00edaz Milovic - ICA 3108 - COLEGIO DE ARQUITECTOS DE CHILE","og_description":"Juan Ricardo D\u00edaz Milovic ICA 3108 Tribunal de \u00c9tica Regional &#8211; DZ Valpara\u00edso &nbsp; Breve presentaci\u00f3n o biograf\u00eda JUAN RICARDO DIAZ MILOVIC , Arquitecto ICA 3.108. Egres\u00e9 de la Escuela de Arquitectura de la Universidad de Chile de Valpara\u00edso el &hellip; ver m\u00e1s","og_url":"https:\/\/colegioarquitectos.com\/noticias\/?p=26063","og_site_name":"COLEGIO DE ARQUITECTOS DE CHILE","article_publisher":"https:\/\/facebook.com\/Colegioarq\/","article_published_time":"2020-10-20T00:06:08+00:00","og_image":[{"width":690,"height":350,"url":"https:\/\/colegioarquitectos.com\/noticias\/wp-content\/uploads\/2020\/10\/ENCABEZADO.jpeg","type":"image\/jpeg"}],"author":"Colegio de Arquitectos de Chile","twitter_card":"summary_large_image","twitter_creator":"@colegioarq","twitter_site":"@colegioarq","twitter_misc":{"Escrito por":"Colegio de Arquitectos de Chile","Tiempo de lectura":"1 minuto"},"schema":{"@context":"https:\/\/schema.org","@graph":[{"@type":"Article","@id":"https:\/\/colegioarquitectos.com\/noticias\/?p=26063#article","isPartOf":{"@id":"https:\/\/colegioarquitectos.com\/noticias\/?p=26063"},"author":{"name":"Colegio de Arquitectos de Chile","@id":"https:\/\/colegioarquitectos.com\/noticias\/#\/schema\/person\/685cc0aad148303c5608f049af8285ad"},"headline":"Juan Ricardo D\u00edaz Milovic &#8211; ICA 3108","datePublished":"2020-10-20T00:06:08+00:00","dateModified":"2020-10-20T00:06:08+00:00","mainEntityOfPage":{"@id":"https:\/\/colegioarquitectos.com\/noticias\/?p=26063"},"wordCount":226,"publisher":{"@id":"https:\/\/colegioarquitectos.com\/noticias\/#organization"},"image":{"@id":"https:\/\/colegioarquitectos.com\/noticias\/?p=26063#primaryimage"},"thumbnailUrl":"https:\/\/colegioarquitectos.com\/noticias\/wp-content\/uploads\/2020\/10\/ENCABEZADO.jpeg","articleSection":["Elecciones CA 2020"],"inLanguage":"es"},{"@type":"WebPage","@id":"https:\/\/colegioarquitectos.com\/noticias\/?p=26063","url":"https:\/\/colegioarquitectos.com\/noticias\/?p=26063","name":"Juan Ricardo D\u00edaz Milovic - ICA 3108 - COLEGIO DE ARQUITECTOS DE CHILE","isPartOf":{"@id":"https:\/\/colegioarquitectos.com\/noticias\/#website"},"primaryImageOfPage":{"@id":"https:\/\/colegioarquitectos.com\/noticias\/?p=26063#primaryimage"},"image":{"@id":"https:\/\/colegioarquitectos.com\/noticias\/?p=26063#primaryimage"},"thumbnailUrl":"https:\/\/colegioarquitectos.com\/noticias\/wp-content\/uploads\/2020\/10\/ENCABEZADO.jpeg","datePublished":"2020-10-20T00:06:08+00:00","dateModified":"2020-10-20T00:06:08+00:00","breadcrumb":{"@id":"https:\/\/colegioarquitectos.com\/noticias\/?p=26063#breadcrumb"},"inLanguage":"es","potentialAction":[{"@type":"ReadAction","target":["https:\/\/colegioarquitectos.com\/noticias\/?p=26063"]}]},{"@type":"ImageObject","inLanguage":"es","@id":"https:\/\/colegioarquitectos.com\/noticias\/?p=26063#primaryimage","url":"https:\/\/colegioarquitectos.com\/noticias\/wp-content\/uploads\/2020\/10\/ENCABEZADO.jpeg","contentUrl":"https:\/\/colegioarquitectos.com\/noticias\/wp-content\/uploads\/2020\/10\/ENCABEZADO.jpeg","width":690,"height":350},{"@type":"BreadcrumbList","@id":"https:\/\/colegioarquitectos.com\/noticias\/?p=26063#breadcrumb","itemListElement":[{"@type":"ListItem","position":1,"name":"Portada","item":"https:\/\/colegioarquitectos.com\/noticias"},{"@type":"ListItem","position":2,"name":"Juan Ricardo D\u00edaz Milovic &#8211; ICA 3108"}]},{"@type":"WebSite","@id":"https:\/\/colegioarquitectos.com\/noticias\/#website","url":"https:\/\/colegioarquitectos.com\/noticias\/","name":"COLEGIO DE ARQUITECTOS DE CHILE","description":"","publisher":{"@id":"https:\/\/colegioarquitectos.com\/noticias\/#organization"},"potentialAction":[{"@type":"SearchAction","target":{"@type":"EntryPoint","urlTemplate":"https:\/\/colegioarquitectos.com\/noticias\/?s={search_term_string}"},"query-input":{"@type":"PropertyValueSpecification","valueRequired":true,"valueName":"search_term_string"}}],"inLanguage":"es"},{"@type":"Organization","@id":"https:\/\/colegioarquitectos.com\/noticias\/#organization","name":"COLEGIO DE ARQUITECTOS DE CHILE","url":"https:\/\/colegioarquitectos.com\/noticias\/","logo":{"@type":"ImageObject","inLanguage":"es","@id":"https:\/\/colegioarquitectos.com\/noticias\/#\/schema\/logo\/image\/","url":"https:\/\/colegioarquitectos.com\/noticias\/wp-content\/uploads\/2021\/05\/ENCABEZADO-LOGO-CA.jpg","contentUrl":"https:\/\/colegioarquitectos.com\/noticias\/wp-content\/uploads\/2021\/05\/ENCABEZADO-LOGO-CA.jpg","width":690,"height":350,"caption":"COLEGIO DE ARQUITECTOS DE CHILE"},"image":{"@id":"https:\/\/colegioarquitectos.com\/noticias\/#\/schema\/logo\/image\/"},"sameAs":["https:\/\/facebook.com\/Colegioarq\/","https:\/\/x.com\/colegioarq","https:\/\/instagram.com\/colegioarq","https:\/\/youtube.com\/@ColegiodeArquitectosdeChile"]},{"@type":"Person","@id":"https:\/\/colegioarquitectos.com\/noticias\/#\/schema\/person\/685cc0aad148303c5608f049af8285ad","name":"Colegio de Arquitectos de Chile","url":"https:\/\/colegioarquitectos.com\/noticias\/?author=4"}]}},"_links":{"self":[{"href":"https:\/\/colegioarquitectos.com\/noticias\/index.php?rest_route=\/wp\/v2\/posts\/26063","targetHints":{"allow":["GET"]}}],"collection":[{"href":"https:\/\/colegioarquitectos.com\/noticias\/index.php?rest_route=\/wp\/v2\/posts"}],"about":[{"href":"https:\/\/colegioarquitectos.com\/noticias\/index.php?rest_route=\/wp\/v2\/types\/post"}],"author":[{"embeddable":true,"href":"https:\/\/colegioarquitectos.com\/noticias\/index.php?rest_route=\/wp\/v2\/users\/4"}],"replies":[{"embeddable":true,"href":"https:\/\/colegioarquitectos.com\/noticias\/index.php?rest_route=%2Fwp%2Fv2%2Fcomments&post=26063"}],"version-history":[{"count":0,"href":"https:\/\/colegioarquitectos.com\/noticias\/index.php?rest_route=\/wp\/v2\/posts\/26063\/revisions"}],"wp:featuredmedia":[{"embeddable":true,"href":"https:\/\/colegioarquitectos.com\/noticias\/index.php?rest_route=\/wp\/v2\/media\/25747"}],"wp:attachment":[{"href":"https:\/\/colegioarquitectos.com\/noticias\/index.php?rest_route=%2Fwp%2Fv2%2Fmedia&parent=26063"}],"wp:term":[{"taxonomy":"category","embeddable":true,"href":"https:\/\/colegioarquitectos.com\/noticias\/index.php?rest_route=%2Fwp%2Fv2%2Fcategories&post=26063"},{"taxonomy":"post_tag","embeddable":true,"href":"https:\/\/colegioarquitectos.com\/noticias\/index.php?rest_route=%2Fwp%2Fv2%2Ftags&post=26063"}],"curies":[{"name":"wp","href":"https:\/\/api.w.org\/{rel}","templated":true}]}}