
{"id":26158,"date":"2023-12-14T10:00:53","date_gmt":"2023-12-14T14:00:53","guid":{"rendered":"http:\/\/colegioarquitectos.com\/?p=26158"},"modified":"2023-12-14T15:12:20","modified_gmt":"2023-12-14T19:12:20","slug":"como-votar-paso-a-paso-en-las-elecciones-ca-2020","status":"publish","type":"post","link":"https:\/\/colegioarquitectos.com\/noticias\/?p=26158","title":{"rendered":"C\u00f3mo votar: paso a paso en las Elecciones Extraordinarias CA 2023"},"content":{"rendered":"<h3><img loading=\"lazy\" decoding=\"async\" class=\"size-full wp-image-25629 alignleft\" src=\"http:\/\/colegioarquitectos.com\/noticias\/wp-content\/uploads\/2020\/09\/iconwebwlwccione.png\" alt=\"\" width=\"59\" height=\"59\" \/><\/h3>\n<p>De acuerdo a lo publicado en el\u00a0 Calendario Oficial del Proceso de Elecciones Extraordinarias CA 2023 , solo los colegiados y colegiadas con su situaci\u00f3n al d\u00eda \u2014<strong>al 27 de noviembre de 2023<\/strong>\u2014 se encuentran habilitados de participar del proceso de votaci\u00f3n online<\/p>\n<p>La votaci\u00f3n ser\u00e1 s\u00f3lo electr\u00f3nica y se llevar\u00e1 a cabo los d\u00edas<strong>\u00a0lunes 18 y martes 19 de diciembre de 2023;\u00a0<\/strong>entre las 00:00 horas del primer d\u00eda y las 23:59 horas del segundo d\u00eda.<\/p>\n<p>Cada elector podr\u00e1 marcar hasta por 1 candidato al Directorio Nacional.<\/p>\n<h3><img loading=\"lazy\" decoding=\"async\" class=\"size-full wp-image-25629 alignleft\" src=\"http:\/\/colegioarquitectos.com\/noticias\/wp-content\/uploads\/2020\/09\/iconwebwlwccione.png\" alt=\"\" width=\"59\" height=\"59\" \/><\/h3>\n<h3><\/h3>\n<h3><strong>La votaci\u00f3n electr\u00f3nica paso a paso<\/strong><\/h3>\n<hr \/>\n<p>1. Desde el\u00a0<b>14 de diciembre de 2023<\/b>\u00a0los colegiados activos \u2014con sus cuotas al d\u00eda\u2014 han recibido a trav\u00e9s de correo electr\u00f3nico \u00a0su clave secreta; adem\u00e1s la clave se puede consultar y solicitar su env\u00edo al correo electr\u00f3nico en el sitio\u00a0 <a href=\"http:\/\/consulta.colegioarquitectos.com\/\" target=\"_blank\" rel=\"noopener\"><strong>http:\/\/consulta.colegioarquitectos.com\/<\/strong><\/a> Ingresando su n\u00famero de Rut (sin puntos y con guion) e ICA para realizar la consulta.<\/p>\n<p><img loading=\"lazy\" decoding=\"async\" class=\"aligncenter size-full wp-image-31306\" src=\"https:\/\/colegioarquitectos.com\/noticias\/wp-content\/uploads\/2022\/12\/consulta2023.jpg\" alt=\"\" width=\"640\" height=\"445\" srcset=\"https:\/\/colegioarquitectos.com\/noticias\/wp-content\/uploads\/2022\/12\/consulta2023.jpg 640w, https:\/\/colegioarquitectos.com\/noticias\/wp-content\/uploads\/2022\/12\/consulta2023-300x209.jpg 300w\" sizes=\"auto, (max-width: 640px) 100vw, 640px\" \/><\/p>\n<p>&nbsp;<\/p>\n<p>Si no has actualizado tu direcci\u00f3n de email o por otra raz\u00f3n no recibiste el correo con tu contrase\u00f1a, ponte de inmediato en contacto con nosotros al correo\u00a0<b>colegiados@colegioarquitectos.com o llamando al tel\u00e9fono\u00a0+569 7218 9052 .\u00a0<\/b>\u00a0El horario de atenci\u00f3n es de lunes a jueves de 09:00 a 18:00 horas y viernes de 9:30 a 17:00 horas, incluido los d\u00edas de la votaci\u00f3n<\/p>\n<p>2. Los d\u00edas l<strong>unes 18 y martes 19 de diciembre de 2023<\/strong>\u00a0desde cualquier zona de Chile o el mundo, contando con conexi\u00f3n a Internet, podr\u00e1s votar ingresando al siguiente link:\u00a0<strong><a href=\"http:\/\/elecciones.colegioarquitectos.com\/\">elecciones.colegioarquitectos.com<\/a><\/strong><\/p>\n<p>3. Luego ingresar tu\u00a0<strong>Rut\u00a0 (sin puntos y con guion)\u00a0<\/strong>, C\u00f3digo Identificador CA (<strong>ICA<\/strong>) y la<strong>\u00a0clave<\/strong>\u00a0que recibiste por correo electr\u00f3nico.<\/p>\n<p><img loading=\"lazy\" decoding=\"async\" class=\"aligncenter size-full wp-image-31307\" src=\"https:\/\/colegioarquitectos.com\/noticias\/wp-content\/uploads\/2022\/12\/loginca2023.jpg\" alt=\"\" width=\"640\" height=\"486\" srcset=\"https:\/\/colegioarquitectos.com\/noticias\/wp-content\/uploads\/2022\/12\/loginca2023.jpg 640w, https:\/\/colegioarquitectos.com\/noticias\/wp-content\/uploads\/2022\/12\/loginca2023-300x228.jpg 300w\" sizes=\"auto, (max-width: 640px) 100vw, 640px\" \/><\/p>\n<p>&nbsp;<\/p>\n<p>4. Luego de ingresar y validar los datos solicitados, en el men\u00fa de la barra lateral derecha aparecer\u00e1n las opciones de votaci\u00f3n de este proceso eleccionario extraordinario:<\/p>\n<p>&nbsp;<\/p>\n<p>5. Para<strong>\u00a0Directorio Nacional puedes escoger hasta 1 de los\u00a0 candidatos<\/strong>, marca tus preferencias y presiona la opci\u00f3n \u00ab<strong>Votar\u00bb<\/strong>.<\/p>\n<p>&nbsp;<\/p>\n<hr \/>\n<p><strong>\u2013 Es exclusiva responsabilidad de cada elector mantener en secreto su clave.<\/strong><\/p>\n<p><strong>\u2013 El sistema electr\u00f3nico impedir\u00e1 sufragar m\u00e1s de una vez, asegurando que en ning\u00fan caso puedan conocerse las preferencias de los votantes.<\/strong><\/p>\n<p><strong>\u2013 Les aconsejamos votar con tiempo y no cerca del plazo, para evitar problemas.\u00a0<\/strong><\/p>\n<p><strong>\u2013 Responderemos todas sus dudas y consultas de lunes a jueves de 09:30 a 18:00 horas y viernes de 9:30 a 17:00 horas<\/strong><\/p>\n<hr \/>\n<p><strong>Mayor informaci\u00f3n y consultas al correo colegiados@colegioarquitectos.com<\/strong><\/p>\n<hr \/>\n<p>&nbsp;<\/p>\n<p><\/p>","protected":false},"excerpt":{"rendered":"<p>De acuerdo a lo publicado en el\u00a0 Calendario Oficial del Proceso de Elecciones Extraordinarias CA 2023 , solo los colegiados y colegiadas con su situaci\u00f3n al d\u00eda \u2014al 27 de noviembre de 2023\u2014 se encuentran habilitados de participar del proceso &hellip; <a class=\"more-link\" href=\"https:\/\/colegioarquitectos.com\/noticias\/?p=26158\">ver m\u00e1s<\/a><\/p>","protected":false},"author":1,"featured_media":31305,"comment_status":"closed","ping_status":"closed","sticky":false,"template":"","format":"standard","meta":{"footnotes":""},"categories":[8,673],"tags":[],"class_list":["post-26158","post","type-post","status-publish","format-standard","has-post-thumbnail","hentry","category-colegio-de-arquitectos","category-elecciones-extraordinarias-ca-2023"],"yoast_head":"<!-- This site is optimized with the Yoast SEO plugin v24.2 - https:\/\/yoast.com\/wordpress\/plugins\/seo\/ -->\n<title>C\u00f3mo votar: paso a paso en las Elecciones Extraordinarias CA 2023 - COLEGIO DE ARQUITECTOS DE CHILE<\/title>\n<meta name=\"robots\" content=\"index, follow, max-snippet:-1, max-image-preview:large, max-video-preview:-1\" \/>\n<link rel=\"canonical\" href=\"https:\/\/colegioarquitectos.com\/noticias\/?p=26158\" \/>\n<meta property=\"og:locale\" content=\"es_ES\" \/>\n<meta property=\"og:type\" content=\"article\" \/>\n<meta property=\"og:title\" content=\"C\u00f3mo votar: paso a paso en las Elecciones Extraordinarias CA 2023 - COLEGIO DE ARQUITECTOS DE CHILE\" \/>\n<meta property=\"og:description\" content=\"De acuerdo a lo publicado en el\u00a0 Calendario Oficial del Proceso de Elecciones Extraordinarias CA 2023 , solo los colegiados y colegiadas con su situaci\u00f3n al d\u00eda \u2014al 27 de noviembre de 2023\u2014 se encuentran habilitados de participar del proceso &hellip; ver m\u00e1s\" \/>\n<meta property=\"og:url\" content=\"https:\/\/colegioarquitectos.com\/noticias\/?p=26158\" \/>\n<meta property=\"og:site_name\" content=\"COLEGIO DE ARQUITECTOS DE CHILE\" \/>\n<meta property=\"article:publisher\" content=\"https:\/\/facebook.com\/Colegioarq\/\" \/>\n<meta property=\"article:published_time\" content=\"2023-12-14T14:00:53+00:00\" \/>\n<meta property=\"article:modified_time\" content=\"2023-12-14T19:12:20+00:00\" \/>\n<meta property=\"og:image\" content=\"https:\/\/colegioarquitectos.com\/noticias\/wp-content\/uploads\/2022\/12\/COMOVOTAR-2023.jpg\" \/>\n\t<meta property=\"og:image:width\" content=\"768\" \/>\n\t<meta property=\"og:image:height\" content=\"432\" \/>\n\t<meta property=\"og:image:type\" content=\"image\/jpeg\" \/>\n<meta name=\"author\" content=\"Gabriel Salgado S.\" \/>\n<meta name=\"twitter:card\" content=\"summary_large_image\" \/>\n<meta name=\"twitter:creator\" content=\"@colegioarq\" \/>\n<meta name=\"twitter:site\" content=\"@colegioarq\" \/>\n<meta name=\"twitter:label1\" content=\"Escrito por\" \/>\n\t<meta name=\"twitter:data1\" content=\"Gabriel Salgado S.\" \/>\n\t<meta name=\"twitter:label2\" content=\"Tiempo de lectura\" \/>\n\t<meta name=\"twitter:data2\" content=\"2 minutos\" \/>\n<script type=\"application\/ld+json\" class=\"yoast-schema-graph\">{\"@context\":\"https:\/\/schema.org\",\"@graph\":[{\"@type\":\"Article\",\"@id\":\"https:\/\/colegioarquitectos.com\/noticias\/?p=26158#article\",\"isPartOf\":{\"@id\":\"https:\/\/colegioarquitectos.com\/noticias\/?p=26158\"},\"author\":{\"name\":\"Gabriel Salgado S.\",\"@id\":\"https:\/\/colegioarquitectos.com\/noticias\/#\/schema\/person\/b6c7e912cd1283c089114093ed09741f\"},\"headline\":\"C\u00f3mo votar: paso a paso en las Elecciones Extraordinarias CA 2023\",\"datePublished\":\"2023-12-14T14:00:53+00:00\",\"dateModified\":\"2023-12-14T19:12:20+00:00\",\"mainEntityOfPage\":{\"@id\":\"https:\/\/colegioarquitectos.com\/noticias\/?p=26158\"},\"wordCount\":421,\"publisher\":{\"@id\":\"https:\/\/colegioarquitectos.com\/noticias\/#organization\"},\"image\":{\"@id\":\"https:\/\/colegioarquitectos.com\/noticias\/?p=26158#primaryimage\"},\"thumbnailUrl\":\"https:\/\/colegioarquitectos.com\/noticias\/wp-content\/uploads\/2022\/12\/COMOVOTAR-2023.jpg\",\"articleSection\":[\"Colegio\",\"Elecciones Extraordinarias CA 2023\"],\"inLanguage\":\"es\"},{\"@type\":\"WebPage\",\"@id\":\"https:\/\/colegioarquitectos.com\/noticias\/?p=26158\",\"url\":\"https:\/\/colegioarquitectos.com\/noticias\/?p=26158\",\"name\":\"C\u00f3mo votar: paso a paso en las Elecciones Extraordinarias CA 2023 - COLEGIO DE ARQUITECTOS DE CHILE\",\"isPartOf\":{\"@id\":\"https:\/\/colegioarquitectos.com\/noticias\/#website\"},\"primaryImageOfPage\":{\"@id\":\"https:\/\/colegioarquitectos.com\/noticias\/?p=26158#primaryimage\"},\"image\":{\"@id\":\"https:\/\/colegioarquitectos.com\/noticias\/?p=26158#primaryimage\"},\"thumbnailUrl\":\"https:\/\/colegioarquitectos.com\/noticias\/wp-content\/uploads\/2022\/12\/COMOVOTAR-2023.jpg\",\"datePublished\":\"2023-12-14T14:00:53+00:00\",\"dateModified\":\"2023-12-14T19:12:20+00:00\",\"breadcrumb\":{\"@id\":\"https:\/\/colegioarquitectos.com\/noticias\/?p=26158#breadcrumb\"},\"inLanguage\":\"es\",\"potentialAction\":[{\"@type\":\"ReadAction\",\"target\":[\"https:\/\/colegioarquitectos.com\/noticias\/?p=26158\"]}]},{\"@type\":\"ImageObject\",\"inLanguage\":\"es\",\"@id\":\"https:\/\/colegioarquitectos.com\/noticias\/?p=26158#primaryimage\",\"url\":\"https:\/\/colegioarquitectos.com\/noticias\/wp-content\/uploads\/2022\/12\/COMOVOTAR-2023.jpg\",\"contentUrl\":\"https:\/\/colegioarquitectos.com\/noticias\/wp-content\/uploads\/2022\/12\/COMOVOTAR-2023.jpg\",\"width\":768,\"height\":432},{\"@type\":\"BreadcrumbList\",\"@id\":\"https:\/\/colegioarquitectos.com\/noticias\/?p=26158#breadcrumb\",\"itemListElement\":[{\"@type\":\"ListItem\",\"position\":1,\"name\":\"Portada\",\"item\":\"https:\/\/colegioarquitectos.com\/noticias\"},{\"@type\":\"ListItem\",\"position\":2,\"name\":\"C\u00f3mo votar: paso a paso en las Elecciones Extraordinarias CA 2023\"}]},{\"@type\":\"WebSite\",\"@id\":\"https:\/\/colegioarquitectos.com\/noticias\/#website\",\"url\":\"https:\/\/colegioarquitectos.com\/noticias\/\",\"name\":\"COLEGIO DE ARQUITECTOS DE CHILE\",\"description\":\"\",\"publisher\":{\"@id\":\"https:\/\/colegioarquitectos.com\/noticias\/#organization\"},\"potentialAction\":[{\"@type\":\"SearchAction\",\"target\":{\"@type\":\"EntryPoint\",\"urlTemplate\":\"https:\/\/colegioarquitectos.com\/noticias\/?s={search_term_string}\"},\"query-input\":{\"@type\":\"PropertyValueSpecification\",\"valueRequired\":true,\"valueName\":\"search_term_string\"}}],\"inLanguage\":\"es\"},{\"@type\":\"Organization\",\"@id\":\"https:\/\/colegioarquitectos.com\/noticias\/#organization\",\"name\":\"COLEGIO DE ARQUITECTOS DE CHILE\",\"url\":\"https:\/\/colegioarquitectos.com\/noticias\/\",\"logo\":{\"@type\":\"ImageObject\",\"inLanguage\":\"es\",\"@id\":\"https:\/\/colegioarquitectos.com\/noticias\/#\/schema\/logo\/image\/\",\"url\":\"https:\/\/colegioarquitectos.com\/noticias\/wp-content\/uploads\/2021\/05\/ENCABEZADO-LOGO-CA.jpg\",\"contentUrl\":\"https:\/\/colegioarquitectos.com\/noticias\/wp-content\/uploads\/2021\/05\/ENCABEZADO-LOGO-CA.jpg\",\"width\":690,\"height\":350,\"caption\":\"COLEGIO DE ARQUITECTOS DE CHILE\"},\"image\":{\"@id\":\"https:\/\/colegioarquitectos.com\/noticias\/#\/schema\/logo\/image\/\"},\"sameAs\":[\"https:\/\/facebook.com\/Colegioarq\/\",\"https:\/\/x.com\/colegioarq\",\"https:\/\/instagram.com\/colegioarq\",\"https:\/\/youtube.com\/@ColegiodeArquitectosdeChile\"]},{\"@type\":\"Person\",\"@id\":\"https:\/\/colegioarquitectos.com\/noticias\/#\/schema\/person\/b6c7e912cd1283c089114093ed09741f\",\"name\":\"Gabriel Salgado S.\",\"url\":\"https:\/\/colegioarquitectos.com\/noticias\/?author=1\"}]}<\/script>\n<!-- \/ Yoast SEO plugin. -->","yoast_head_json":{"title":"C\u00f3mo votar: paso a paso en las Elecciones Extraordinarias CA 2023 - COLEGIO DE ARQUITECTOS DE CHILE","robots":{"index":"index","follow":"follow","max-snippet":"max-snippet:-1","max-image-preview":"max-image-preview:large","max-video-preview":"max-video-preview:-1"},"canonical":"https:\/\/colegioarquitectos.com\/noticias\/?p=26158","og_locale":"es_ES","og_type":"article","og_title":"C\u00f3mo votar: paso a paso en las Elecciones Extraordinarias CA 2023 - COLEGIO DE ARQUITECTOS DE CHILE","og_description":"De acuerdo a lo publicado en el\u00a0 Calendario Oficial del Proceso de Elecciones Extraordinarias CA 2023 , solo los colegiados y colegiadas con su situaci\u00f3n al d\u00eda \u2014al 27 de noviembre de 2023\u2014 se encuentran habilitados de participar del proceso &hellip; ver m\u00e1s","og_url":"https:\/\/colegioarquitectos.com\/noticias\/?p=26158","og_site_name":"COLEGIO DE ARQUITECTOS DE CHILE","article_publisher":"https:\/\/facebook.com\/Colegioarq\/","article_published_time":"2023-12-14T14:00:53+00:00","article_modified_time":"2023-12-14T19:12:20+00:00","og_image":[{"width":768,"height":432,"url":"https:\/\/colegioarquitectos.com\/noticias\/wp-content\/uploads\/2022\/12\/COMOVOTAR-2023.jpg","type":"image\/jpeg"}],"author":"Gabriel Salgado S.","twitter_card":"summary_large_image","twitter_creator":"@colegioarq","twitter_site":"@colegioarq","twitter_misc":{"Escrito por":"Gabriel Salgado S.","Tiempo de lectura":"2 minutos"},"schema":{"@context":"https:\/\/schema.org","@graph":[{"@type":"Article","@id":"https:\/\/colegioarquitectos.com\/noticias\/?p=26158#article","isPartOf":{"@id":"https:\/\/colegioarquitectos.com\/noticias\/?p=26158"},"author":{"name":"Gabriel Salgado S.","@id":"https:\/\/colegioarquitectos.com\/noticias\/#\/schema\/person\/b6c7e912cd1283c089114093ed09741f"},"headline":"C\u00f3mo votar: paso a paso en las Elecciones Extraordinarias CA 2023","datePublished":"2023-12-14T14:00:53+00:00","dateModified":"2023-12-14T19:12:20+00:00","mainEntityOfPage":{"@id":"https:\/\/colegioarquitectos.com\/noticias\/?p=26158"},"wordCount":421,"publisher":{"@id":"https:\/\/colegioarquitectos.com\/noticias\/#organization"},"image":{"@id":"https:\/\/colegioarquitectos.com\/noticias\/?p=26158#primaryimage"},"thumbnailUrl":"https:\/\/colegioarquitectos.com\/noticias\/wp-content\/uploads\/2022\/12\/COMOVOTAR-2023.jpg","articleSection":["Colegio","Elecciones Extraordinarias CA 2023"],"inLanguage":"es"},{"@type":"WebPage","@id":"https:\/\/colegioarquitectos.com\/noticias\/?p=26158","url":"https:\/\/colegioarquitectos.com\/noticias\/?p=26158","name":"C\u00f3mo votar: paso a paso en las Elecciones Extraordinarias CA 2023 - COLEGIO DE ARQUITECTOS DE CHILE","isPartOf":{"@id":"https:\/\/colegioarquitectos.com\/noticias\/#website"},"primaryImageOfPage":{"@id":"https:\/\/colegioarquitectos.com\/noticias\/?p=26158#primaryimage"},"image":{"@id":"https:\/\/colegioarquitectos.com\/noticias\/?p=26158#primaryimage"},"thumbnailUrl":"https:\/\/colegioarquitectos.com\/noticias\/wp-content\/uploads\/2022\/12\/COMOVOTAR-2023.jpg","datePublished":"2023-12-14T14:00:53+00:00","dateModified":"2023-12-14T19:12:20+00:00","breadcrumb":{"@id":"https:\/\/colegioarquitectos.com\/noticias\/?p=26158#breadcrumb"},"inLanguage":"es","potentialAction":[{"@type":"ReadAction","target":["https:\/\/colegioarquitectos.com\/noticias\/?p=26158"]}]},{"@type":"ImageObject","inLanguage":"es","@id":"https:\/\/colegioarquitectos.com\/noticias\/?p=26158#primaryimage","url":"https:\/\/colegioarquitectos.com\/noticias\/wp-content\/uploads\/2022\/12\/COMOVOTAR-2023.jpg","contentUrl":"https:\/\/colegioarquitectos.com\/noticias\/wp-content\/uploads\/2022\/12\/COMOVOTAR-2023.jpg","width":768,"height":432},{"@type":"BreadcrumbList","@id":"https:\/\/colegioarquitectos.com\/noticias\/?p=26158#breadcrumb","itemListElement":[{"@type":"ListItem","position":1,"name":"Portada","item":"https:\/\/colegioarquitectos.com\/noticias"},{"@type":"ListItem","position":2,"name":"C\u00f3mo votar: paso a paso en las Elecciones Extraordinarias CA 2023"}]},{"@type":"WebSite","@id":"https:\/\/colegioarquitectos.com\/noticias\/#website","url":"https:\/\/colegioarquitectos.com\/noticias\/","name":"COLEGIO DE ARQUITECTOS DE CHILE","description":"","publisher":{"@id":"https:\/\/colegioarquitectos.com\/noticias\/#organization"},"potentialAction":[{"@type":"SearchAction","target":{"@type":"EntryPoint","urlTemplate":"https:\/\/colegioarquitectos.com\/noticias\/?s={search_term_string}"},"query-input":{"@type":"PropertyValueSpecification","valueRequired":true,"valueName":"search_term_string"}}],"inLanguage":"es"},{"@type":"Organization","@id":"https:\/\/colegioarquitectos.com\/noticias\/#organization","name":"COLEGIO DE ARQUITECTOS DE CHILE","url":"https:\/\/colegioarquitectos.com\/noticias\/","logo":{"@type":"ImageObject","inLanguage":"es","@id":"https:\/\/colegioarquitectos.com\/noticias\/#\/schema\/logo\/image\/","url":"https:\/\/colegioarquitectos.com\/noticias\/wp-content\/uploads\/2021\/05\/ENCABEZADO-LOGO-CA.jpg","contentUrl":"https:\/\/colegioarquitectos.com\/noticias\/wp-content\/uploads\/2021\/05\/ENCABEZADO-LOGO-CA.jpg","width":690,"height":350,"caption":"COLEGIO DE ARQUITECTOS DE CHILE"},"image":{"@id":"https:\/\/colegioarquitectos.com\/noticias\/#\/schema\/logo\/image\/"},"sameAs":["https:\/\/facebook.com\/Colegioarq\/","https:\/\/x.com\/colegioarq","https:\/\/instagram.com\/colegioarq","https:\/\/youtube.com\/@ColegiodeArquitectosdeChile"]},{"@type":"Person","@id":"https:\/\/colegioarquitectos.com\/noticias\/#\/schema\/person\/b6c7e912cd1283c089114093ed09741f","name":"Gabriel Salgado S.","url":"https:\/\/colegioarquitectos.com\/noticias\/?author=1"}]}},"_links":{"self":[{"href":"https:\/\/colegioarquitectos.com\/noticias\/index.php?rest_route=\/wp\/v2\/posts\/26158","targetHints":{"allow":["GET"]}}],"collection":[{"href":"https:\/\/colegioarquitectos.com\/noticias\/index.php?rest_route=\/wp\/v2\/posts"}],"about":[{"href":"https:\/\/colegioarquitectos.com\/noticias\/index.php?rest_route=\/wp\/v2\/types\/post"}],"author":[{"embeddable":true,"href":"https:\/\/colegioarquitectos.com\/noticias\/index.php?rest_route=\/wp\/v2\/users\/1"}],"replies":[{"embeddable":true,"href":"https:\/\/colegioarquitectos.com\/noticias\/index.php?rest_route=%2Fwp%2Fv2%2Fcomments&post=26158"}],"version-history":[{"count":0,"href":"https:\/\/colegioarquitectos.com\/noticias\/index.php?rest_route=\/wp\/v2\/posts\/26158\/revisions"}],"wp:featuredmedia":[{"embeddable":true,"href":"https:\/\/colegioarquitectos.com\/noticias\/index.php?rest_route=\/wp\/v2\/media\/31305"}],"wp:attachment":[{"href":"https:\/\/colegioarquitectos.com\/noticias\/index.php?rest_route=%2Fwp%2Fv2%2Fmedia&parent=26158"}],"wp:term":[{"taxonomy":"category","embeddable":true,"href":"https:\/\/colegioarquitectos.com\/noticias\/index.php?rest_route=%2Fwp%2Fv2%2Fcategories&post=26158"},{"taxonomy":"post_tag","embeddable":true,"href":"https:\/\/colegioarquitectos.com\/noticias\/index.php?rest_route=%2Fwp%2Fv2%2Ftags&post=26158"}],"curies":[{"name":"wp","href":"https:\/\/api.w.org\/{rel}","templated":true}]}}