
{"id":2618,"date":"2012-09-03T11:00:55","date_gmt":"2012-09-03T11:00:55","guid":{"rendered":"http:\/\/colegioarquitectos.com\/noticias\/?p=2618"},"modified":"2012-09-25T14:03:05","modified_gmt":"2012-09-25T14:03:05","slug":"arquitecto-chileno-gonzalo-mardones-fue-premiado-en-los-emirates-glass-leaf-awards-en-londres","status":"publish","type":"post","link":"https:\/\/colegioarquitectos.com\/noticias\/?p=2618","title":{"rendered":"Arquitecto chileno Gonzalo Mardones fue premiado en los Emirates Glass LEAF Awards en Londres"},"content":{"rendered":"<p style=\"text-align: justify;\">El destacado arquitecto chileno Gonzalo Mardones fue premiado en Londres por el Edificio Ignacia, ubicado en Vitacura. El arquitecto fue finalista de la categor\u00eda \u201cedificios residenciales\u201d en los Premios Leaf 2012, organizados por el Leading European Architects Forum.<\/p>\n<p style=\"text-align: justify;\">Su obra fue elegida como una de las tres mejores de la categor\u00eda, junto a Reflections at Keppel Bay, en Singapur, de Daniel Libeskind, autor del proyecto de reconstrucci\u00f3n de la zona cero en Nueva York. El ganador fue SA\/Residence en Dakar, Bangladesh, del arquitecto Rafiq Azam.<\/p>\n<p style=\"text-align: justify;\">En este noveno a\u00f1o de existencia, los Emirates Glass LEAF Awards distingue a los dise\u00f1os y soluciones de arquitectos a nivel mundial que marcan el punto de referencia para la comunidad arquitect\u00f3nica internacional, celebrando este a\u00f1o lo mejor que la arquitectura global puede ofrecer.<strong><\/strong><\/p>\n<h3 style=\"text-align: justify;\"><strong><span style=\"color: #000000;\">Shortlist for LEAF Awards 2012 &#8211;<\/span> <span style=\"color: #0000ff;\"><a href=\"http:\/\/www.arena-international.com\/leafawards\/winners-and-2012-shortlist\/\"><span style=\"color: #0000ff;\">http:\/\/www.arena-international.com\/leafawards\/winners-and-2012-shortlist\/<\/span><\/a><\/span><\/strong><\/h3>\n<h1 style=\"text-align: justify;\"><\/h1>\n<h1 style=\"text-align: justify;\"><\/h1>\n<h3 style=\"text-align: justify;\"><strong><span style=\"text-decoration: underline;\">Mixed \u2013 Use Building of the year<\/span><\/strong><strong>:<\/strong><\/h3>\n<p style=\"text-align: justify;\"><strong>Steven Holl Architects, with Daeyang Gallery &amp; House, Seoul, South Korea<\/strong><\/p>\n<p style=\"text-align: justify;\">Pollard Thomas Edwards Architects, with Tidemill Academy &amp; Deptford Lounge, Deptford, UK<\/p>\n<h3 style=\"text-align: justify;\"><strong><span style=\"text-decoration: underline;\">Residential<\/span><\/strong><strong><span style=\"text-decoration: underline;\"> Building<\/span><\/strong><strong><span style=\"text-decoration: underline;\"> of the year (Single Occupancy<\/span><\/strong><strong>):<\/strong><\/h3>\n<p style=\"text-align: justify;\">Studiomk27, with Cobogo House Sao Paulo, Brazil<\/p>\n<p style=\"text-align: justify;\">Sou Fujimoto Architects, with House like a single Tree, Tokyo, Japan Architectureburo<\/p>\n<p style=\"text-align: justify;\"><strong>Govaert &amp; Vanhoutte, with House Roces, Bruges, Belgium<\/strong><\/p>\n<p style=\"text-align: justify;\">Sanjay Puri Architects, with Courtyard House, Rajasthan, India<\/p>\n<p style=\"text-align: justify;\">Peter Rose &amp; Partners, with East House, Chilmark, Massachusetts, US<\/p>\n<h3 style=\"text-align: justify;\"><strong><span style=\"text-decoration: underline;\">Residential<\/span><\/strong><strong><span style=\"text-decoration: underline;\"> Building<\/span><\/strong><strong><span style=\"text-decoration: underline;\"> of the year (Multiple Occupancy<\/span><\/strong><strong>):<\/strong><\/h3>\n<p style=\"text-align: justify;\"><strong>Rafiq Azam, with SA Residence, Dhaka, Bangladesh<\/strong><\/p>\n<p style=\"text-align: justify;\"><strong>Studio Daniel Libeskind, DCA Architects PTE Ltd, with Reflections at Keppel Bay, Singapore<\/strong><\/p>\n<p style=\"text-align: justify;\">Gonzalo Mardones Architecture Studio, with Ignacia Apartments, Santiago, Chile<\/p>\n<p style=\"text-align: justify;\">Tabanlioglu Architects Melkan Gursel &amp; Murat Tabanioglu, with Loft Gardens, Levent, Istanbul<\/p>\n<h3 style=\"text-align: justify;\"><strong><span style=\"text-decoration: underline;\">Commercial<\/span><\/strong><strong><span style=\"text-decoration: underline;\"> Building<\/span><\/strong><strong><span style=\"text-decoration: underline;\"> of the year<\/span><\/strong><strong>:<\/strong><\/h3>\n<p style=\"text-align: justify;\">Vittorio Grassi Architetto &amp; Partners, with Koa Zambon Company Restaurant, Bresso, Italy<\/p>\n<p style=\"text-align: justify;\">Mossessian &amp; Partners, with 5 Merchant Square, London, UK<\/p>\n<p style=\"text-align: justify;\">David Chipperfield Architects, with Peek &amp; Cloppenburg Flagship Store Vienna, Austria<\/p>\n<p style=\"text-align: justify;\"><strong>WOW Architects, with Vivanta Hotel, Bangalore, India<\/strong><\/p>\n<p style=\"text-align: justify;\">Tabanlioglu Architects Melkan Gursel &amp; Murat Tabanioglu, with Asmacati Shopping &amp;meeting point, Balcova, Turkey<\/p>\n<p style=\"text-align: justify;\">Peter Rose &amp; Partners, with Housing Tower at Kripalu Center for Yoga &amp; Health, Stockbridge, US<\/p>\n<h3 style=\"text-align: justify;\"><strong><span style=\"text-decoration: underline;\">International Interior Design Award<\/span><\/strong><strong>:<\/strong><\/h3>\n<p style=\"text-align: justify;\">Hironaka Ogawa &amp; Associates, with Forest Chapel, Gunma, Japan<\/p>\n<p style=\"text-align: justify;\"><strong>Billard Leece Partnership &amp; Bates Smart with HKS, with The Royal Children\u2019s Hospital, Melbourne, Australia<\/strong><\/p>\n<p style=\"text-align: justify;\">Isay Weinfeld, with Rodeio Restaurant, Sao Paulo, Brazil<\/p>\n<p style=\"text-align: justify;\">Kay Elliott, with Titanic Belfast, Belfast, UK<\/p>\n<h3 style=\"text-align: justify;\"><strong><span style=\"text-decoration: underline;\">Refurbishment of the year<\/span><\/strong><strong>:<\/strong><\/h3>\n<p style=\"text-align: justify;\"><strong>Pollard Thomas Edwards Architects, with The Granary, London, UK<\/strong><\/p>\n<p style=\"text-align: justify;\"><strong>Magma Architecture, with Masrah Al Qasba Theatre, Emirate of Sharjah, UAE<\/strong><\/p>\n<p style=\"text-align: justify;\">Pepe Gascon Arquitectura, with Sant Miquel Special Education School, Sant Feliu de Llobregat, Barcelona, Spain.<\/p>\n<p style=\"text-align: justify;\">Hugh Broughton Architects, with Maidstone Museum East Wing, Kent, UK<\/p>\n<h3 style=\"text-align: justify;\"><strong><span style=\"text-decoration: underline;\">Young Architect of the year award<\/span><\/strong><strong>:<\/strong><\/h3>\n<p style=\"text-align: justify;\">Zai Shirakawa, with Enbutsu-do Hall &amp; Eifuku-ji Temple, Ehime Prefecture, Shikoku, Japan<\/p>\n<p style=\"text-align: justify;\">Martin Gruenanger, with Green Knot, Graz, Austria<\/p>\n<p style=\"text-align: justify;\"><strong>Marco Guarnieri, with 2 Whites Grounds, London, UK<\/strong><\/p>\n<h3 style=\"text-align: justify;\"><strong><span style=\"text-decoration: underline;\">Public<\/span><\/strong><strong><span style=\"text-decoration: underline;\"> Building<\/span><\/strong><strong><span style=\"text-decoration: underline;\"> of the year<\/span><\/strong><strong>:<\/strong><\/h3>\n<p style=\"text-align: justify;\">Studio Daniel Libeskind, with Dresden Museum of Military History, Dresden, Germany<\/p>\n<p style=\"text-align: justify;\">GPY Arquitectos, with SEGAI Research Centre, University of La Laguna, Tenerife, Canary Islands, Spain<\/p>\n<p style=\"text-align: justify;\"><strong>Sou Fujimoto Architects, with Musashino Art University Museum &amp; Library, Tokyo, Japan<\/strong><\/p>\n<p style=\"text-align: justify;\">Billard Leece Partnership &amp; Bates Smart with HKS, with TheRoyal Children\u2019s Hospital, Melbourne, Australia.<\/p>\n<p style=\"text-align: justify;\"><strong>Stephen Marshall Architects, with Rothschild Foundation Archive, Waddesdon, UK<\/strong><\/p>\n<p style=\"text-align: justify;\">Isay Weinfeld, with Hotel Fasano Boa Vista, Porto Feliz, Brazil<\/p>\n<h3 style=\"text-align: justify;\"><strong><span style=\"text-decoration: underline;\">Best Sustainable Development<\/span><\/strong><strong>:<\/strong><\/h3>\n<p style=\"text-align: justify;\">Magma Architecture, with London Shooting Ranges, Woolwich, London, UK<\/p>\n<p style=\"text-align: justify;\">Iotti + Pavarani Architetti, with Domus Technica (centre for advanced training), Brescello, Italy<\/p>\n<p style=\"text-align: justify;\">Paolo Verducci Architetti, with New Headquarters for Archimede Solar Energy, Massa Martana, Italy<\/p>\n<p style=\"text-align: justify;\"><strong>Arup Associates, with Druk White Lotus School, Shey, India<\/strong><\/p>\n<h3 style=\"text-align: justify;\"><strong><span style=\"text-decoration: underline;\">Best<\/span><\/strong><strong><span style=\"text-decoration: underline;\"> Future Building<\/span><\/strong><strong>:<\/strong><\/h3>\n<p style=\"text-align: justify;\"><strong>Skidmore Owings + Merrill, with Manhattan Loft Gardens, London, UK<\/strong><\/p>\n<p style=\"text-align: justify;\">3XN Architects, with Green School Stockholm, Stockholm, Sweden<\/p>\n<p style=\"text-align: justify;\">Aedas Limited, with CX 2-1, Singapore<\/p>\n<p style=\"text-align: justify;\">Aedas Limited, with Oasis Mall, Sanya, China<\/p>\n<p style=\"text-align: justify;\">Aedas Limited, with Express Rail Link West Kowloon Terminus, Hong Kong, China<\/p>\n<p style=\"text-align: justify;\">Mossessian &amp; Partners, with Place Lalla Yeddouna, Fez, Morocco<\/p>\n<p style=\"text-align: justify;\"><strong>MZ Architects, with The Rock Stadium, Al Ain, UAE<\/strong><\/p>\n<p style=\"text-align: justify;\">Sanjay Puri Architects, with Chapel at Murcia, Murcia, Spain<\/p>\n<p style=\"text-align: justify;\">Victor Sala Bori, with Landscraper, Castelldefels, Spain<\/p>\n<h3 style=\"text-align: justify;\"><strong><span style=\"text-decoration: underline;\">Lifetime Acheivement Award<\/span><\/strong>:<\/h3>\n<p style=\"text-align: justify;\"><strong>Daniel Libeskind<\/strong><\/p>\n<h3 style=\"text-align: justify;\"><strong><span style=\"text-decoration: underline;\">Overall Winner of the LEAF Awards 2012<\/span><\/strong><strong>:<\/strong><\/h3>\n<p style=\"text-align: justify;\"><strong>Sou Fujimoto Architects, with Musashino Art University Museum &amp; Library, Tokyo, Japan<\/strong><\/p>\n<div style=\"text-align: justify;\">\n<h2><span style=\"text-decoration: underline;\"><span style=\"color: #000080; text-decoration: underline;\">El innovador edificio de Vitacura premiado en Londres<\/span><\/span><\/h2>\n<\/div>\n<h1 style=\"text-align: justify;\"><\/h1>\n<p style=\"text-align: justify;\"><strong>El Leading European Architechts Forum distingui\u00f3 una obra del arquitecto Gonzalo Mardones. <\/strong><\/p>\n<p style=\"text-align: justify;\"><span style=\"color: #000080;\"><strong>La Tercera.<\/strong><strong> 25.09.12<\/strong><\/span><\/p>\n<p style=\"text-align: justify;\">Fue un encargo de un grupo de particulares. Cuatro familias le encomendaron al arquitecto Gonzalo Mardones dise\u00f1ar un edificio de departamentos a la medida. La idea es que cada uno fuera diferente entre s\u00ed, como si se tratara de casas.<\/p>\n<p style=\"text-align: justify;\">El inmueble estuvo listo este a\u00f1o y se llama Ignacia. Est\u00e1 ubicado en la calle Francisco de Aguirre, en el sector de Nueva Costanera, Vitacura, una de las zonas residenciales m\u00e1s privilegiadas de Santiago. Tiene tres pisos, cuatro departamentos de dos y tres plantas y terrazas con abundante vegetaci\u00f3n.<\/p>\n<p style=\"text-align: justify;\">Esta construcci\u00f3n acaba de ser premiada en Europa. Fue uno de los tres finalistas de la categor\u00eda \u201cEdificio residencial del a\u00f1o\u201d de los premios Leaf 2012, que organiza el Leading European Architechts Forum. El arquitecto chileno recibi\u00f3 el galard\u00f3n el viernes, en Londres.<\/p>\n<p style=\"text-align: justify;\">\u201cEs un reconocimiento a Chile, donde muchos arquitectos se juegan la vida por realizar una arquitectura con fundamentos e ideas\u201d, sostiene Mardones.<\/p>\n<p style=\"text-align: justify;\">El ganador de la categor\u00eda fue SA\/Residence, un edificio de Rafiq Azam, ubicado en Dhaka, Bangladesh. El otro finalista es Reflections at Keppel Bay, obra de Daniel Libeskind, el arquitecto que est\u00e1 a cargo de la reconstrucci\u00f3n de la Zona Cero de Nueva York.<\/p>\n<p style=\"text-align: justify;\">\u201cSon obras muy interesantes, inmensas, de cientos de pisos. Pero a mi juicio, la arquitectura debiera producir otro tipo de emociones, m\u00e1s parecidas a la lectura de un poema en una hoja. Quiz\u00e1s estemos desafiando a la naturaleza con alturas innecesarias\u201d, se\u00f1ala Mardones, desde Londres.<\/p>\n<p style=\"text-align: justify;\"><strong>Una torre \u201cacostada\u201d<\/strong><\/p>\n<p style=\"text-align: justify;\">El Plan Regulador de Vitacura permite construir en este sector s\u00f3lo hasta tres pisos. Sin embargo, se puede incorporar un cuarto utilizando los techos como terrazas. Es lo que hizo Mardones en el Edificio Ignacia, donde la azotea est\u00e1 cubierta por vegetaci\u00f3n y piscinas.<\/p>\n<p style=\"text-align: justify;\">De hecho, la \u201cquinta fachada\u201d -la terraza- es un concepto que est\u00e1 desarrollando con fuerza esta oficina de arquitectura. En uno de los edificios que dise\u00f1aron para Ciudad Empresarial, el techo es m\u00e1s parecido a una plaza que a la azotea de una torre de oficinas, ya que cuenta con \u00e1reas verdes y mobiliario urbano.<\/p>\n<p style=\"text-align: justify;\">El arquitecto explica que \u201ccada uno de los departamentos responde a programas distintos, permitiendo a todos el uso de los techos como terrazas de expansi\u00f3n, piscinas y un simple lugar para contemplar los cerros y la cordillera. Es una torre, pero acostada, que retoma el simple y magn\u00edfico esquema del cit\u00e9\u201d. Adem\u00e1s de su valor est\u00e9tico, este tipo de azoteas cubiertas de abundante vegetaci\u00f3n permite aislar el inmueble del fr\u00edo y el calor.<\/p>\n<p style=\"text-align: justify;\">Otros elementos sustentables que lo convierten en un edificio \u201cverde\u201d son sus paneles solares, que generan importantes ahorros de energ\u00eda, y la utilizaci\u00f3n del subsuelo. Ah\u00ed, se construyeron habitaciones, las cuales se iluminan a trav\u00e9s de patios de luz.<\/p>\n<p style=\"text-align: justify;\">\u201cLa sexta fachada -el subsuelo- es otro concepto que aplicamos aqu\u00ed y que utilizamos en nuestras obras. Se trata de soterrar. Literalmente, usar y habitar el subsuelo, espacios llenos de luminosidad natural gracias al uso de patios y jardines de luz\u201d, explica el arquitecto.<\/p>\n<p style=\"text-align: justify;\">La materialidad de la construcci\u00f3n tambi\u00e9n aporta a la sustentabilidad. El edificio, de 2.600 m2, est\u00e1 hecho de hormig\u00f3n armado, sin estucar, y forrado por completo por placas de volcanita. Esto produce una buena aislaci\u00f3n t\u00e9rmica.<\/p>\n<p style=\"text-align: justify;\"><strong>Di\u00e1logo con el entorno<\/strong><\/p>\n<p style=\"text-align: justify;\"><strong><\/strong>Aunque en el sector de Vitacura donde est\u00e1 ubicado el Edificio Ignacia existe comercio y restaurantes de primer nivel (en Nueva Costanera y Alonso de C\u00f3rdova), es un barrio residencial. Ah\u00ed, la mayor\u00eda son casas, pero tambi\u00e9n existen edificios de baja altura.<\/p>\n<p style=\"text-align: justify;\">\u201cEl barrio es un privilegio. Es un lugar con mucha armon\u00eda, donde \u00e1rboles, casas y edificios se entremezclan sin da\u00f1arse, conformando una espacialidad de mucha coherencia\u201d, concluye Mardones.<\/p>\n<p>&nbsp;<\/p>\n<p>&nbsp;<\/p>\n<p style=\"text-align: justify;\"><strong>Revisar columna Arq. Gonzalo Mardones sobre el tema de la importancia de las ideas de Arquitectura:<\/strong><\/p>\n<p style=\"text-align: justify;\"><span style=\"color: #0000ff;\"><strong><a href=\"http:\/\/www.gonzalomardonesv.cl\/fotos\/escritos\/2011-08-22-8594OE431.pdf\"><span style=\"color: #0000ff;\">http:\/\/www.gonzalomardonesv.cl\/fotos\/escritos\/2011-08-22-8594OE431.pdf<\/span><\/a><\/strong><\/span><\/p>\n<p><span style=\"color: #0000ff;\">\u00a0<\/span><\/p>\n<p>&nbsp;<\/p>\n<p>&nbsp;<\/p>\n<p>&nbsp;<\/p>\n<p><\/p>","protected":false},"excerpt":{"rendered":"<p>El destacado arquitecto chileno Gonzalo Mardones fue premiado en Londres por el Edificio Ignacia, ubicado en Vitacura. El arquitecto fue finalista de la categor\u00eda \u201cedificios residenciales\u201d en los Premios Leaf 2012, organizados por el Leading European Architects Forum. Su obra &hellip; <a class=\"more-link\" href=\"https:\/\/colegioarquitectos.com\/noticias\/?p=2618\">ver m\u00e1s<\/a><\/p>","protected":false},"author":1,"featured_media":0,"comment_status":"open","ping_status":"open","sticky":false,"template":"","format":"standard","meta":{"footnotes":""},"categories":[19,30,11],"tags":[],"class_list":["post-2618","post","type-post","status-publish","format-standard","hentry","category-actividades","category-arquitectura","category-concursos"],"yoast_head":"<!-- This site is optimized with the Yoast SEO plugin v24.2 - https:\/\/yoast.com\/wordpress\/plugins\/seo\/ -->\n<title>Arquitecto chileno Gonzalo Mardones fue premiado en los Emirates Glass LEAF Awards en Londres - COLEGIO DE ARQUITECTOS DE CHILE<\/title>\n<meta name=\"robots\" content=\"index, follow, max-snippet:-1, max-image-preview:large, max-video-preview:-1\" \/>\n<link rel=\"canonical\" href=\"https:\/\/colegioarquitectos.com\/noticias\/?p=2618\" \/>\n<meta property=\"og:locale\" content=\"es_ES\" \/>\n<meta property=\"og:type\" content=\"article\" \/>\n<meta property=\"og:title\" content=\"Arquitecto chileno Gonzalo Mardones fue premiado en los Emirates Glass LEAF Awards en Londres - COLEGIO DE ARQUITECTOS DE CHILE\" \/>\n<meta property=\"og:description\" content=\"El destacado arquitecto chileno Gonzalo Mardones fue premiado en Londres por el Edificio Ignacia, ubicado en Vitacura. El arquitecto fue finalista de la categor\u00eda \u201cedificios residenciales\u201d en los Premios Leaf 2012, organizados por el Leading European Architects Forum. Su obra &hellip; ver m\u00e1s\" \/>\n<meta property=\"og:url\" content=\"https:\/\/colegioarquitectos.com\/noticias\/?p=2618\" \/>\n<meta property=\"og:site_name\" content=\"COLEGIO DE ARQUITECTOS DE CHILE\" \/>\n<meta property=\"article:publisher\" content=\"https:\/\/facebook.com\/Colegioarq\/\" \/>\n<meta property=\"article:published_time\" content=\"2012-09-03T11:00:55+00:00\" \/>\n<meta property=\"article:modified_time\" content=\"2012-09-25T14:03:05+00:00\" \/>\n<meta name=\"author\" content=\"Gabriel Salgado S.\" \/>\n<meta name=\"twitter:card\" content=\"summary_large_image\" \/>\n<meta name=\"twitter:creator\" content=\"@colegioarq\" \/>\n<meta name=\"twitter:site\" content=\"@colegioarq\" \/>\n<meta name=\"twitter:label1\" content=\"Escrito por\" \/>\n\t<meta name=\"twitter:data1\" content=\"Gabriel Salgado S.\" \/>\n\t<meta name=\"twitter:label2\" content=\"Tiempo de lectura\" \/>\n\t<meta name=\"twitter:data2\" content=\"7 minutos\" \/>\n<script type=\"application\/ld+json\" class=\"yoast-schema-graph\">{\"@context\":\"https:\/\/schema.org\",\"@graph\":[{\"@type\":\"Article\",\"@id\":\"https:\/\/colegioarquitectos.com\/noticias\/?p=2618#article\",\"isPartOf\":{\"@id\":\"https:\/\/colegioarquitectos.com\/noticias\/?p=2618\"},\"author\":{\"name\":\"Gabriel Salgado S.\",\"@id\":\"https:\/\/colegioarquitectos.com\/noticias\/#\/schema\/person\/b6c7e912cd1283c089114093ed09741f\"},\"headline\":\"Arquitecto chileno Gonzalo Mardones fue premiado en los Emirates Glass LEAF Awards en Londres\",\"datePublished\":\"2012-09-03T11:00:55+00:00\",\"dateModified\":\"2012-09-25T14:03:05+00:00\",\"mainEntityOfPage\":{\"@id\":\"https:\/\/colegioarquitectos.com\/noticias\/?p=2618\"},\"wordCount\":1415,\"commentCount\":0,\"publisher\":{\"@id\":\"https:\/\/colegioarquitectos.com\/noticias\/#organization\"},\"articleSection\":[\"Actividades\",\"Arquitectura\",\"Concursos\"],\"inLanguage\":\"es\",\"potentialAction\":[{\"@type\":\"CommentAction\",\"name\":\"Comment\",\"target\":[\"https:\/\/colegioarquitectos.com\/noticias\/?p=2618#respond\"]}]},{\"@type\":\"WebPage\",\"@id\":\"https:\/\/colegioarquitectos.com\/noticias\/?p=2618\",\"url\":\"https:\/\/colegioarquitectos.com\/noticias\/?p=2618\",\"name\":\"Arquitecto chileno Gonzalo Mardones fue premiado en los Emirates Glass LEAF Awards en Londres - COLEGIO DE ARQUITECTOS DE CHILE\",\"isPartOf\":{\"@id\":\"https:\/\/colegioarquitectos.com\/noticias\/#website\"},\"datePublished\":\"2012-09-03T11:00:55+00:00\",\"dateModified\":\"2012-09-25T14:03:05+00:00\",\"breadcrumb\":{\"@id\":\"https:\/\/colegioarquitectos.com\/noticias\/?p=2618#breadcrumb\"},\"inLanguage\":\"es\",\"potentialAction\":[{\"@type\":\"ReadAction\",\"target\":[\"https:\/\/colegioarquitectos.com\/noticias\/?p=2618\"]}]},{\"@type\":\"BreadcrumbList\",\"@id\":\"https:\/\/colegioarquitectos.com\/noticias\/?p=2618#breadcrumb\",\"itemListElement\":[{\"@type\":\"ListItem\",\"position\":1,\"name\":\"Portada\",\"item\":\"https:\/\/colegioarquitectos.com\/noticias\"},{\"@type\":\"ListItem\",\"position\":2,\"name\":\"Arquitecto chileno Gonzalo Mardones fue premiado en los Emirates Glass LEAF Awards en Londres\"}]},{\"@type\":\"WebSite\",\"@id\":\"https:\/\/colegioarquitectos.com\/noticias\/#website\",\"url\":\"https:\/\/colegioarquitectos.com\/noticias\/\",\"name\":\"COLEGIO DE ARQUITECTOS DE CHILE\",\"description\":\"\",\"publisher\":{\"@id\":\"https:\/\/colegioarquitectos.com\/noticias\/#organization\"},\"potentialAction\":[{\"@type\":\"SearchAction\",\"target\":{\"@type\":\"EntryPoint\",\"urlTemplate\":\"https:\/\/colegioarquitectos.com\/noticias\/?s={search_term_string}\"},\"query-input\":{\"@type\":\"PropertyValueSpecification\",\"valueRequired\":true,\"valueName\":\"search_term_string\"}}],\"inLanguage\":\"es\"},{\"@type\":\"Organization\",\"@id\":\"https:\/\/colegioarquitectos.com\/noticias\/#organization\",\"name\":\"COLEGIO DE ARQUITECTOS DE CHILE\",\"url\":\"https:\/\/colegioarquitectos.com\/noticias\/\",\"logo\":{\"@type\":\"ImageObject\",\"inLanguage\":\"es\",\"@id\":\"https:\/\/colegioarquitectos.com\/noticias\/#\/schema\/logo\/image\/\",\"url\":\"https:\/\/colegioarquitectos.com\/noticias\/wp-content\/uploads\/2021\/05\/ENCABEZADO-LOGO-CA.jpg\",\"contentUrl\":\"https:\/\/colegioarquitectos.com\/noticias\/wp-content\/uploads\/2021\/05\/ENCABEZADO-LOGO-CA.jpg\",\"width\":690,\"height\":350,\"caption\":\"COLEGIO DE ARQUITECTOS DE CHILE\"},\"image\":{\"@id\":\"https:\/\/colegioarquitectos.com\/noticias\/#\/schema\/logo\/image\/\"},\"sameAs\":[\"https:\/\/facebook.com\/Colegioarq\/\",\"https:\/\/x.com\/colegioarq\",\"https:\/\/instagram.com\/colegioarq\",\"https:\/\/youtube.com\/@ColegiodeArquitectosdeChile\"]},{\"@type\":\"Person\",\"@id\":\"https:\/\/colegioarquitectos.com\/noticias\/#\/schema\/person\/b6c7e912cd1283c089114093ed09741f\",\"name\":\"Gabriel Salgado S.\",\"url\":\"https:\/\/colegioarquitectos.com\/noticias\/?author=1\"}]}<\/script>\n<!-- \/ Yoast SEO plugin. -->","yoast_head_json":{"title":"Arquitecto chileno Gonzalo Mardones fue premiado en los Emirates Glass LEAF Awards en Londres - COLEGIO DE ARQUITECTOS DE CHILE","robots":{"index":"index","follow":"follow","max-snippet":"max-snippet:-1","max-image-preview":"max-image-preview:large","max-video-preview":"max-video-preview:-1"},"canonical":"https:\/\/colegioarquitectos.com\/noticias\/?p=2618","og_locale":"es_ES","og_type":"article","og_title":"Arquitecto chileno Gonzalo Mardones fue premiado en los Emirates Glass LEAF Awards en Londres - COLEGIO DE ARQUITECTOS DE CHILE","og_description":"El destacado arquitecto chileno Gonzalo Mardones fue premiado en Londres por el Edificio Ignacia, ubicado en Vitacura. El arquitecto fue finalista de la categor\u00eda \u201cedificios residenciales\u201d en los Premios Leaf 2012, organizados por el Leading European Architects Forum. Su obra &hellip; ver m\u00e1s","og_url":"https:\/\/colegioarquitectos.com\/noticias\/?p=2618","og_site_name":"COLEGIO DE ARQUITECTOS DE CHILE","article_publisher":"https:\/\/facebook.com\/Colegioarq\/","article_published_time":"2012-09-03T11:00:55+00:00","article_modified_time":"2012-09-25T14:03:05+00:00","author":"Gabriel Salgado S.","twitter_card":"summary_large_image","twitter_creator":"@colegioarq","twitter_site":"@colegioarq","twitter_misc":{"Escrito por":"Gabriel Salgado S.","Tiempo de lectura":"7 minutos"},"schema":{"@context":"https:\/\/schema.org","@graph":[{"@type":"Article","@id":"https:\/\/colegioarquitectos.com\/noticias\/?p=2618#article","isPartOf":{"@id":"https:\/\/colegioarquitectos.com\/noticias\/?p=2618"},"author":{"name":"Gabriel Salgado S.","@id":"https:\/\/colegioarquitectos.com\/noticias\/#\/schema\/person\/b6c7e912cd1283c089114093ed09741f"},"headline":"Arquitecto chileno Gonzalo Mardones fue premiado en los Emirates Glass LEAF Awards en Londres","datePublished":"2012-09-03T11:00:55+00:00","dateModified":"2012-09-25T14:03:05+00:00","mainEntityOfPage":{"@id":"https:\/\/colegioarquitectos.com\/noticias\/?p=2618"},"wordCount":1415,"commentCount":0,"publisher":{"@id":"https:\/\/colegioarquitectos.com\/noticias\/#organization"},"articleSection":["Actividades","Arquitectura","Concursos"],"inLanguage":"es","potentialAction":[{"@type":"CommentAction","name":"Comment","target":["https:\/\/colegioarquitectos.com\/noticias\/?p=2618#respond"]}]},{"@type":"WebPage","@id":"https:\/\/colegioarquitectos.com\/noticias\/?p=2618","url":"https:\/\/colegioarquitectos.com\/noticias\/?p=2618","name":"Arquitecto chileno Gonzalo Mardones fue premiado en los Emirates Glass LEAF Awards en Londres - COLEGIO DE ARQUITECTOS DE CHILE","isPartOf":{"@id":"https:\/\/colegioarquitectos.com\/noticias\/#website"},"datePublished":"2012-09-03T11:00:55+00:00","dateModified":"2012-09-25T14:03:05+00:00","breadcrumb":{"@id":"https:\/\/colegioarquitectos.com\/noticias\/?p=2618#breadcrumb"},"inLanguage":"es","potentialAction":[{"@type":"ReadAction","target":["https:\/\/colegioarquitectos.com\/noticias\/?p=2618"]}]},{"@type":"BreadcrumbList","@id":"https:\/\/colegioarquitectos.com\/noticias\/?p=2618#breadcrumb","itemListElement":[{"@type":"ListItem","position":1,"name":"Portada","item":"https:\/\/colegioarquitectos.com\/noticias"},{"@type":"ListItem","position":2,"name":"Arquitecto chileno Gonzalo Mardones fue premiado en los Emirates Glass LEAF Awards en Londres"}]},{"@type":"WebSite","@id":"https:\/\/colegioarquitectos.com\/noticias\/#website","url":"https:\/\/colegioarquitectos.com\/noticias\/","name":"COLEGIO DE ARQUITECTOS DE CHILE","description":"","publisher":{"@id":"https:\/\/colegioarquitectos.com\/noticias\/#organization"},"potentialAction":[{"@type":"SearchAction","target":{"@type":"EntryPoint","urlTemplate":"https:\/\/colegioarquitectos.com\/noticias\/?s={search_term_string}"},"query-input":{"@type":"PropertyValueSpecification","valueRequired":true,"valueName":"search_term_string"}}],"inLanguage":"es"},{"@type":"Organization","@id":"https:\/\/colegioarquitectos.com\/noticias\/#organization","name":"COLEGIO DE ARQUITECTOS DE CHILE","url":"https:\/\/colegioarquitectos.com\/noticias\/","logo":{"@type":"ImageObject","inLanguage":"es","@id":"https:\/\/colegioarquitectos.com\/noticias\/#\/schema\/logo\/image\/","url":"https:\/\/colegioarquitectos.com\/noticias\/wp-content\/uploads\/2021\/05\/ENCABEZADO-LOGO-CA.jpg","contentUrl":"https:\/\/colegioarquitectos.com\/noticias\/wp-content\/uploads\/2021\/05\/ENCABEZADO-LOGO-CA.jpg","width":690,"height":350,"caption":"COLEGIO DE ARQUITECTOS DE CHILE"},"image":{"@id":"https:\/\/colegioarquitectos.com\/noticias\/#\/schema\/logo\/image\/"},"sameAs":["https:\/\/facebook.com\/Colegioarq\/","https:\/\/x.com\/colegioarq","https:\/\/instagram.com\/colegioarq","https:\/\/youtube.com\/@ColegiodeArquitectosdeChile"]},{"@type":"Person","@id":"https:\/\/colegioarquitectos.com\/noticias\/#\/schema\/person\/b6c7e912cd1283c089114093ed09741f","name":"Gabriel Salgado S.","url":"https:\/\/colegioarquitectos.com\/noticias\/?author=1"}]}},"_links":{"self":[{"href":"https:\/\/colegioarquitectos.com\/noticias\/index.php?rest_route=\/wp\/v2\/posts\/2618","targetHints":{"allow":["GET"]}}],"collection":[{"href":"https:\/\/colegioarquitectos.com\/noticias\/index.php?rest_route=\/wp\/v2\/posts"}],"about":[{"href":"https:\/\/colegioarquitectos.com\/noticias\/index.php?rest_route=\/wp\/v2\/types\/post"}],"author":[{"embeddable":true,"href":"https:\/\/colegioarquitectos.com\/noticias\/index.php?rest_route=\/wp\/v2\/users\/1"}],"replies":[{"embeddable":true,"href":"https:\/\/colegioarquitectos.com\/noticias\/index.php?rest_route=%2Fwp%2Fv2%2Fcomments&post=2618"}],"version-history":[{"count":0,"href":"https:\/\/colegioarquitectos.com\/noticias\/index.php?rest_route=\/wp\/v2\/posts\/2618\/revisions"}],"wp:attachment":[{"href":"https:\/\/colegioarquitectos.com\/noticias\/index.php?rest_route=%2Fwp%2Fv2%2Fmedia&parent=2618"}],"wp:term":[{"taxonomy":"category","embeddable":true,"href":"https:\/\/colegioarquitectos.com\/noticias\/index.php?rest_route=%2Fwp%2Fv2%2Fcategories&post=2618"},{"taxonomy":"post_tag","embeddable":true,"href":"https:\/\/colegioarquitectos.com\/noticias\/index.php?rest_route=%2Fwp%2Fv2%2Ftags&post=2618"}],"curies":[{"name":"wp","href":"https:\/\/api.w.org\/{rel}","templated":true}]}}