
{"id":26206,"date":"2020-11-12T15:15:28","date_gmt":"2020-11-12T15:15:28","guid":{"rendered":"http:\/\/colegioarquitectos.com\/?p=26206"},"modified":"2020-11-12T15:15:28","modified_gmt":"2020-11-12T15:15:28","slug":"premio-pau-ya-tiene-16-nominados-con-obras-publicas-y-privadas-que-destacan-por-generar-un-aporte-urbano","status":"publish","type":"post","link":"https:\/\/colegioarquitectos.com\/noticias\/?p=26206","title":{"rendered":"Premio PAU ya tiene 16 nominados con obras p\u00fablicas y privadas que destacan por generar un aporte urbano"},"content":{"rendered":"<p>Una selecci\u00f3n de <strong>16 obras<\/strong> de todo Chile fueron nominadas al <strong>Premio Aporte Urbano 2020<\/strong>, reconocimiento que por sexto a\u00f1o consecutivo impulsa y promueve la C\u00e1mara Chilena de la Construcci\u00f3n, el Ministerio de Vivienda y Urbanismo, el Consejo Nacional de Desarrollo Urbano (CNDU), el Colegio de Arquitectos de Chile, la Asociaci\u00f3n de Oficinas de Arquitectos (AOA) y la Asociaci\u00f3n de Desarrolladores Inmobiliarios (ADI).<\/p>\n<p>Este a\u00f1o se presentaron<strong> 67 obras p\u00fablicas y privadas de Santiago y regiones<\/strong> para hacer sus propuestas en 5 categor\u00edas que tienen por objetivo <strong>reconocer, destacar e incentivar aquellos proyectos que constituyen un aporte de calidad de vida a los habitantes y a las ciudades chilenas.<\/strong><\/p>\n<p>En esta oportunidad destaca la nominaci\u00f3n de proyectos de <strong>Arica, Atacama, Valpara\u00edso, O\u00b4Higgins, El Maule, Bio B\u00edo, Los Lagos y Magallanes<\/strong>, lo que demuestra que en todo Chile existen proyectos que buscan contribuir activamente al entorno, al desarrollo urbano y a la construcci\u00f3n de mejores ciudades que atraigan a las personas y fomenten su permanencia.<\/p>\n<p>La premiaci\u00f3n, que se realizar\u00e1 el pr\u00f3ximo jueves <strong>19 de noviembre<\/strong>, reconocer\u00e1 a las obras en las categor\u00edas de Mejor Proyecto Inmobiliario de Densificaci\u00f3n Equilibrada, Mejor Proyecto de Integraci\u00f3n Social, Mejor Proyecto de Equipamiento o Edificio de Uso Mixto, Mejor Proyecto de Espacio de Uso P\u00fablico, Mejor Proyecto de Espacio de Uso P\u00fablico (escala comunal y escala barrial), Mejor Proyecto de Innovaci\u00f3n Social Urbana.<\/p>\n<p>&nbsp;<\/p>\n<h2>Nominados<\/h2>\n<p>&nbsp;<\/p>\n<h3>CATEGOR\u00cdA A<\/h3>\n<h3>Mejor Proyecto Inmobiliario de Densificaci\u00f3n Equilibrada<\/h3>\n<p>&nbsp;<\/p>\n<p><strong>\u00d1u\u00f1oa Vida<\/strong><\/p>\n<p>Comuna, Ciudad: \u00d1u\u00f1oa, Santiago<\/p>\n<p>Mandante: INMOBILIARIA NORTE VERDE<\/p>\n<p>Constructora: ECHEVERRIA IZQUIERDO<\/p>\n<p>Arquitecto: SERGIO PEREIRA ROJAS, FRANCISCO BASCU\u00d1AN WALKER, YAIR ARAYA, PABLO GODOY y GONZALO CASTILLO<\/p>\n<p>&nbsp;<\/p>\n<p><strong>Edificio Garc\u00eda Valenzuela<\/strong><\/p>\n<p>Comuna, Ciudad: \u00d1u\u00f1oa, Santiago<\/p>\n<p>Mandante: Inmobiliaria Arauco<\/p>\n<p>Constructora: DIMAR<\/p>\n<p>Arquitecto: Paralela<\/p>\n<p>&nbsp;<\/p>\n<p><strong>Somos<\/strong><\/p>\n<p>Comuna, Ciudad: \u00d1u\u00f1oa, Santiago<\/p>\n<p>Mandante: Inmobiliaria EXXACON<\/p>\n<p>Constructora: EBCO<\/p>\n<p>Arquitecto: ARCHIPLAN<\/p>\n<p>&nbsp;<\/p>\n<h3>CATEGOR\u00cdA B<\/h3>\n<h3>Mejor Proyecto de Integraci\u00f3n Social<\/h3>\n<p>&nbsp;<\/p>\n<p><strong>Plan Maestro Las Vi\u00f1itas<\/strong><\/p>\n<p>Comuna, Ciudad: Cerro Navia, Santiago<\/p>\n<p>Mandante: SERVIU Metropolitano<\/p>\n<p>Constructora: OVAL<\/p>\n<p>Arquitecto: Favio Salguero Ipinza<\/p>\n<p>&nbsp;<\/p>\n<p><strong>Condominio Parque Trapiche<\/strong><\/p>\n<p>Comuna, Ciudad: Rancagua<\/p>\n<p>Mandante: Isiete Grupo Inmobiliario<\/p>\n<p>Constructora: Isiete<\/p>\n<p>Arquitecto: Miguel Estay<\/p>\n<p>&nbsp;<\/p>\n<p><strong>Punta Chinchorro I y II<\/strong><\/p>\n<p>Comuna, Ciudad: Arica<\/p>\n<p>Mandante: Inmobiliaria Armas<\/p>\n<p>Constructora: Armas<\/p>\n<p>Arquitecto: Cristi\u00e1n Aravena Lepe<\/p>\n<p>&nbsp;<\/p>\n<h3>CATEGOR\u00cdA C<\/h3>\n<h3>Mejor Proyecto de Equipamiento o Edificio de Uso Mixto<\/h3>\n<p>&nbsp;<\/p>\n<p><strong>Piscina Semiol\u00edmpica de Puerto Natales<\/strong><\/p>\n<p>Comuna, Ciudad: Puerto Natales<\/p>\n<p>Mandante: Gobierno Regional de Magallanes y de la Ant\u00e1rtica Chilena \u2013 Direcci\u00f3n de Arquitectura MOP<\/p>\n<p>Constructora: SALFA<\/p>\n<p>Arquitecto: Rodrigo Vel\u00e1squez P\u00e9rez<\/p>\n<p>&nbsp;<\/p>\n<p><strong>Reposici\u00f3n Centro Educacional Eduardo de la Barra<\/strong><\/p>\n<p>Comuna, Ciudad: Pe\u00f1alol\u00e9n, Santiago<\/p>\n<p>Mandante: Corporaci\u00f3n Municipal de Pe\u00f1alol\u00e9n<\/p>\n<p>Constructora: Sudamericana Chile<\/p>\n<p>Arquitecto: Marsino Arquitectura<\/p>\n<p>&nbsp;<\/p>\n<p><strong>Escuela Rural Mariano Ega\u00f1a<\/strong><\/p>\n<p>Comuna, Ciudad: San Javier<\/p>\n<p>Mandante: Fundaci\u00f3n Desaf\u00edo Levantemos Chile<\/p>\n<p>Constructora: Ingenier\u00eda e Instalaciones J&amp;G<\/p>\n<p>Arquitecto: Land Arquitectos \/ Crist\u00f3bal Valenzuela H, \u00c1ngela Delorezo A, Javier Lorenzo<\/p>\n<p>&nbsp;<\/p>\n<h3>CATEGOR\u00cdA D1<\/h3>\n<h3>Mejor Proyecto de Espacio de Uso P\u00fablico &#8211; Escala Comunal<\/h3>\n<p>&nbsp;<\/p>\n<p><strong>Parque Kaukari<\/strong><\/p>\n<p>Comuna, Ciudad: Copiap\u00f3<\/p>\n<p>Mandante: SEREMI MINVU Regi\u00f3n Atacama<\/p>\n<p>Constructora: Valko y Brotec<\/p>\n<p>Arquitecto: Teodoro Fern\u00e1ndez Arquitectos<\/p>\n<p>&nbsp;<\/p>\n<p><strong>Parque del Carb\u00f3n de Lebu<\/strong><\/p>\n<p>Comuna, Ciudad: Lebu<\/p>\n<p>Mandante: SERVIU y SEREMI MINVU Regi\u00f3n del Biob\u00edo<\/p>\n<p>Constructora: Richard Figueroa<\/p>\n<p>Arquitecto: Karin Soto jefe de proyecto SERVIU y Consultora Moebis<\/p>\n<p>&nbsp;<\/p>\n<h3>CATEGOR\u00cdA D2<\/h3>\n<h3>Mejor Proyecto de Espacio de Uso P\u00fablico &#8211; Escala Barrial<\/h3>\n<p>&nbsp;<\/p>\n<p><strong>Parque Humedal Los Batros<\/strong><\/p>\n<p>Comuna, Ciudad: San Pedro de La Paz<\/p>\n<p>Mandante: SERVIU y SEREMI MINVU Regi\u00f3n del Biob\u00edo<\/p>\n<p>Constructora: Manzano y Asociados Limitado<\/p>\n<p>Arquitecto: Paula Molina Jeldres, jefe de proyecto SERVIU y consultora<\/p>\n<p>Christian Galvic &#8211; Jorge Heitmann<\/p>\n<p>&nbsp;<\/p>\n<p><strong>Escalera Abuelito Huenteyao<\/strong><\/p>\n<p>Comuna, Ciudad: Bah\u00eda Mansa, San Juan de la Costa<\/p>\n<p>Mandante: MINVU Regi\u00f3n Los Lagos y Municipalidad San Juan de la Costa<\/p>\n<p>Constructora: Axial<\/p>\n<p>Arquitecto: Cristi\u00e1n Gonz\u00e1lez<\/p>\n<p>&nbsp;<\/p>\n<h3>CATEGOR\u00cdA E<\/h3>\n<h3>Mejor Proyecto de Innovaci\u00f3n Social Urbana<\/h3>\n<p>&nbsp;<\/p>\n<p><strong>Sistema Peatonal Lingue Ma\u00f1io y Coihue<\/strong><\/p>\n<p>Comuna, Ciudad: Valpara\u00edso<\/p>\n<p>Mandante: SERVIU Regi\u00f3n de Valpara\u00edso<\/p>\n<p>Constructora: Rodrigo Andr\u00e9s Frez Delgado Ingenier\u00eda y Construcci\u00f3n<\/p>\n<p>Arquitecto: Equipo Urbano SERVIU, Programa Quiero Mi Barrio<\/p>\n<p>&nbsp;<\/p>\n<p><strong>Festival Hecho en Casa<\/strong><\/p>\n<p>Comuna, Ciudad: Santiago<\/p>\n<p>Mandante: Colectivo Bla!<\/p>\n<p>Constructora: Colectivo Bla!<\/p>\n<p>Arquitecto: Colectivo Bla! y Abarca Palma<\/p>\n<p>&nbsp;<\/p>\n<p><strong>Articulaci\u00f3n P\u00fablico-Privada: Dise\u00f1o y Ejecuci\u00f3n de Proyectos de Alto Impacto Social<\/strong><\/p>\n<p>Comuna, Ciudad: Santa Barbara, Quilleco, Quillaco y Antuco<\/p>\n<p>Mandante: Convenio Tripartito Municipalidades \u2013 Colb\u00fan \u2013 Huella Local<\/p>\n<p>Arquitecto: Emilio Espinoza, Michelle Shibar, Mariana Astudillo<\/p>\n<p><\/p>","protected":false},"excerpt":{"rendered":"<p>Una selecci\u00f3n de 16 obras de todo Chile fueron nominadas al Premio Aporte Urbano 2020, reconocimiento que por sexto a\u00f1o consecutivo impulsa y promueve la C\u00e1mara Chilena de la Construcci\u00f3n, el Ministerio de Vivienda y Urbanismo, el Consejo Nacional de &hellip; <a class=\"more-link\" href=\"https:\/\/colegioarquitectos.com\/noticias\/?p=26206\">ver m\u00e1s<\/a><\/p>","protected":false},"author":4,"featured_media":25496,"comment_status":"closed","ping_status":"closed","sticky":false,"template":"","format":"standard","meta":{"footnotes":""},"categories":[3],"tags":[],"class_list":["post-26206","post","type-post","status-publish","format-standard","has-post-thumbnail","hentry","category-noticias"],"yoast_head":"<!-- This site is optimized with the Yoast SEO plugin v24.2 - https:\/\/yoast.com\/wordpress\/plugins\/seo\/ -->\n<title>Premio PAU ya tiene 16 nominados con obras p\u00fablicas y privadas que destacan por generar un aporte urbano - COLEGIO DE ARQUITECTOS DE CHILE<\/title>\n<meta name=\"robots\" content=\"index, follow, max-snippet:-1, max-image-preview:large, max-video-preview:-1\" \/>\n<link rel=\"canonical\" href=\"https:\/\/colegioarquitectos.com\/noticias\/?p=26206\" \/>\n<meta property=\"og:locale\" content=\"es_ES\" \/>\n<meta property=\"og:type\" content=\"article\" \/>\n<meta property=\"og:title\" content=\"Premio PAU ya tiene 16 nominados con obras p\u00fablicas y privadas que destacan por generar un aporte urbano - COLEGIO DE ARQUITECTOS DE CHILE\" \/>\n<meta property=\"og:description\" content=\"Una selecci\u00f3n de 16 obras de todo Chile fueron nominadas al Premio Aporte Urbano 2020, reconocimiento que por sexto a\u00f1o consecutivo impulsa y promueve la C\u00e1mara Chilena de la Construcci\u00f3n, el Ministerio de Vivienda y Urbanismo, el Consejo Nacional de &hellip; ver m\u00e1s\" \/>\n<meta property=\"og:url\" content=\"https:\/\/colegioarquitectos.com\/noticias\/?p=26206\" \/>\n<meta property=\"og:site_name\" content=\"COLEGIO DE ARQUITECTOS DE CHILE\" \/>\n<meta property=\"article:publisher\" content=\"https:\/\/facebook.com\/Colegioarq\/\" \/>\n<meta property=\"article:published_time\" content=\"2020-11-12T15:15:28+00:00\" \/>\n<meta property=\"og:image\" content=\"https:\/\/colegioarquitectos.com\/noticias\/wp-content\/uploads\/2020\/08\/ENCABEZADOENCABEZADO.png\" \/>\n\t<meta property=\"og:image:width\" content=\"690\" \/>\n\t<meta property=\"og:image:height\" content=\"350\" \/>\n\t<meta property=\"og:image:type\" content=\"image\/png\" \/>\n<meta name=\"author\" content=\"Colegio de Arquitectos de Chile\" \/>\n<meta name=\"twitter:card\" content=\"summary_large_image\" \/>\n<meta name=\"twitter:creator\" content=\"@colegioarq\" \/>\n<meta name=\"twitter:site\" content=\"@colegioarq\" \/>\n<meta name=\"twitter:label1\" content=\"Escrito por\" \/>\n\t<meta name=\"twitter:data1\" content=\"Colegio de Arquitectos de Chile\" \/>\n\t<meta name=\"twitter:label2\" content=\"Tiempo de lectura\" \/>\n\t<meta name=\"twitter:data2\" content=\"4 minutos\" \/>\n<script type=\"application\/ld+json\" class=\"yoast-schema-graph\">{\"@context\":\"https:\/\/schema.org\",\"@graph\":[{\"@type\":\"Article\",\"@id\":\"https:\/\/colegioarquitectos.com\/noticias\/?p=26206#article\",\"isPartOf\":{\"@id\":\"https:\/\/colegioarquitectos.com\/noticias\/?p=26206\"},\"author\":{\"name\":\"Colegio de Arquitectos de Chile\",\"@id\":\"https:\/\/colegioarquitectos.com\/noticias\/#\/schema\/person\/685cc0aad148303c5608f049af8285ad\"},\"headline\":\"Premio PAU ya tiene 16 nominados con obras p\u00fablicas y privadas que destacan por generar un aporte urbano\",\"datePublished\":\"2020-11-12T15:15:28+00:00\",\"dateModified\":\"2020-11-12T15:15:28+00:00\",\"mainEntityOfPage\":{\"@id\":\"https:\/\/colegioarquitectos.com\/noticias\/?p=26206\"},\"wordCount\":785,\"publisher\":{\"@id\":\"https:\/\/colegioarquitectos.com\/noticias\/#organization\"},\"image\":{\"@id\":\"https:\/\/colegioarquitectos.com\/noticias\/?p=26206#primaryimage\"},\"thumbnailUrl\":\"https:\/\/colegioarquitectos.com\/noticias\/wp-content\/uploads\/2020\/08\/ENCABEZADOENCABEZADO.png\",\"articleSection\":[\"Noticias\"],\"inLanguage\":\"es\"},{\"@type\":\"WebPage\",\"@id\":\"https:\/\/colegioarquitectos.com\/noticias\/?p=26206\",\"url\":\"https:\/\/colegioarquitectos.com\/noticias\/?p=26206\",\"name\":\"Premio PAU ya tiene 16 nominados con obras p\u00fablicas y privadas que destacan por generar un aporte urbano - COLEGIO DE ARQUITECTOS DE CHILE\",\"isPartOf\":{\"@id\":\"https:\/\/colegioarquitectos.com\/noticias\/#website\"},\"primaryImageOfPage\":{\"@id\":\"https:\/\/colegioarquitectos.com\/noticias\/?p=26206#primaryimage\"},\"image\":{\"@id\":\"https:\/\/colegioarquitectos.com\/noticias\/?p=26206#primaryimage\"},\"thumbnailUrl\":\"https:\/\/colegioarquitectos.com\/noticias\/wp-content\/uploads\/2020\/08\/ENCABEZADOENCABEZADO.png\",\"datePublished\":\"2020-11-12T15:15:28+00:00\",\"dateModified\":\"2020-11-12T15:15:28+00:00\",\"breadcrumb\":{\"@id\":\"https:\/\/colegioarquitectos.com\/noticias\/?p=26206#breadcrumb\"},\"inLanguage\":\"es\",\"potentialAction\":[{\"@type\":\"ReadAction\",\"target\":[\"https:\/\/colegioarquitectos.com\/noticias\/?p=26206\"]}]},{\"@type\":\"ImageObject\",\"inLanguage\":\"es\",\"@id\":\"https:\/\/colegioarquitectos.com\/noticias\/?p=26206#primaryimage\",\"url\":\"https:\/\/colegioarquitectos.com\/noticias\/wp-content\/uploads\/2020\/08\/ENCABEZADOENCABEZADO.png\",\"contentUrl\":\"https:\/\/colegioarquitectos.com\/noticias\/wp-content\/uploads\/2020\/08\/ENCABEZADOENCABEZADO.png\",\"width\":690,\"height\":350},{\"@type\":\"BreadcrumbList\",\"@id\":\"https:\/\/colegioarquitectos.com\/noticias\/?p=26206#breadcrumb\",\"itemListElement\":[{\"@type\":\"ListItem\",\"position\":1,\"name\":\"Portada\",\"item\":\"https:\/\/colegioarquitectos.com\/noticias\"},{\"@type\":\"ListItem\",\"position\":2,\"name\":\"Premio PAU ya tiene 16 nominados con obras p\u00fablicas y privadas que destacan por generar un aporte urbano\"}]},{\"@type\":\"WebSite\",\"@id\":\"https:\/\/colegioarquitectos.com\/noticias\/#website\",\"url\":\"https:\/\/colegioarquitectos.com\/noticias\/\",\"name\":\"COLEGIO DE ARQUITECTOS DE CHILE\",\"description\":\"\",\"publisher\":{\"@id\":\"https:\/\/colegioarquitectos.com\/noticias\/#organization\"},\"potentialAction\":[{\"@type\":\"SearchAction\",\"target\":{\"@type\":\"EntryPoint\",\"urlTemplate\":\"https:\/\/colegioarquitectos.com\/noticias\/?s={search_term_string}\"},\"query-input\":{\"@type\":\"PropertyValueSpecification\",\"valueRequired\":true,\"valueName\":\"search_term_string\"}}],\"inLanguage\":\"es\"},{\"@type\":\"Organization\",\"@id\":\"https:\/\/colegioarquitectos.com\/noticias\/#organization\",\"name\":\"COLEGIO DE ARQUITECTOS DE CHILE\",\"url\":\"https:\/\/colegioarquitectos.com\/noticias\/\",\"logo\":{\"@type\":\"ImageObject\",\"inLanguage\":\"es\",\"@id\":\"https:\/\/colegioarquitectos.com\/noticias\/#\/schema\/logo\/image\/\",\"url\":\"https:\/\/colegioarquitectos.com\/noticias\/wp-content\/uploads\/2021\/05\/ENCABEZADO-LOGO-CA.jpg\",\"contentUrl\":\"https:\/\/colegioarquitectos.com\/noticias\/wp-content\/uploads\/2021\/05\/ENCABEZADO-LOGO-CA.jpg\",\"width\":690,\"height\":350,\"caption\":\"COLEGIO DE ARQUITECTOS DE CHILE\"},\"image\":{\"@id\":\"https:\/\/colegioarquitectos.com\/noticias\/#\/schema\/logo\/image\/\"},\"sameAs\":[\"https:\/\/facebook.com\/Colegioarq\/\",\"https:\/\/x.com\/colegioarq\",\"https:\/\/instagram.com\/colegioarq\",\"https:\/\/youtube.com\/@ColegiodeArquitectosdeChile\"]},{\"@type\":\"Person\",\"@id\":\"https:\/\/colegioarquitectos.com\/noticias\/#\/schema\/person\/685cc0aad148303c5608f049af8285ad\",\"name\":\"Colegio de Arquitectos de Chile\",\"url\":\"https:\/\/colegioarquitectos.com\/noticias\/?author=4\"}]}<\/script>\n<!-- \/ Yoast SEO plugin. -->","yoast_head_json":{"title":"Premio PAU ya tiene 16 nominados con obras p\u00fablicas y privadas que destacan por generar un aporte urbano - COLEGIO DE ARQUITECTOS DE CHILE","robots":{"index":"index","follow":"follow","max-snippet":"max-snippet:-1","max-image-preview":"max-image-preview:large","max-video-preview":"max-video-preview:-1"},"canonical":"https:\/\/colegioarquitectos.com\/noticias\/?p=26206","og_locale":"es_ES","og_type":"article","og_title":"Premio PAU ya tiene 16 nominados con obras p\u00fablicas y privadas que destacan por generar un aporte urbano - COLEGIO DE ARQUITECTOS DE CHILE","og_description":"Una selecci\u00f3n de 16 obras de todo Chile fueron nominadas al Premio Aporte Urbano 2020, reconocimiento que por sexto a\u00f1o consecutivo impulsa y promueve la C\u00e1mara Chilena de la Construcci\u00f3n, el Ministerio de Vivienda y Urbanismo, el Consejo Nacional de &hellip; ver m\u00e1s","og_url":"https:\/\/colegioarquitectos.com\/noticias\/?p=26206","og_site_name":"COLEGIO DE ARQUITECTOS DE CHILE","article_publisher":"https:\/\/facebook.com\/Colegioarq\/","article_published_time":"2020-11-12T15:15:28+00:00","og_image":[{"width":690,"height":350,"url":"https:\/\/colegioarquitectos.com\/noticias\/wp-content\/uploads\/2020\/08\/ENCABEZADOENCABEZADO.png","type":"image\/png"}],"author":"Colegio de Arquitectos de Chile","twitter_card":"summary_large_image","twitter_creator":"@colegioarq","twitter_site":"@colegioarq","twitter_misc":{"Escrito por":"Colegio de Arquitectos de Chile","Tiempo de lectura":"4 minutos"},"schema":{"@context":"https:\/\/schema.org","@graph":[{"@type":"Article","@id":"https:\/\/colegioarquitectos.com\/noticias\/?p=26206#article","isPartOf":{"@id":"https:\/\/colegioarquitectos.com\/noticias\/?p=26206"},"author":{"name":"Colegio de Arquitectos de Chile","@id":"https:\/\/colegioarquitectos.com\/noticias\/#\/schema\/person\/685cc0aad148303c5608f049af8285ad"},"headline":"Premio PAU ya tiene 16 nominados con obras p\u00fablicas y privadas que destacan por generar un aporte urbano","datePublished":"2020-11-12T15:15:28+00:00","dateModified":"2020-11-12T15:15:28+00:00","mainEntityOfPage":{"@id":"https:\/\/colegioarquitectos.com\/noticias\/?p=26206"},"wordCount":785,"publisher":{"@id":"https:\/\/colegioarquitectos.com\/noticias\/#organization"},"image":{"@id":"https:\/\/colegioarquitectos.com\/noticias\/?p=26206#primaryimage"},"thumbnailUrl":"https:\/\/colegioarquitectos.com\/noticias\/wp-content\/uploads\/2020\/08\/ENCABEZADOENCABEZADO.png","articleSection":["Noticias"],"inLanguage":"es"},{"@type":"WebPage","@id":"https:\/\/colegioarquitectos.com\/noticias\/?p=26206","url":"https:\/\/colegioarquitectos.com\/noticias\/?p=26206","name":"Premio PAU ya tiene 16 nominados con obras p\u00fablicas y privadas que destacan por generar un aporte urbano - COLEGIO DE ARQUITECTOS DE CHILE","isPartOf":{"@id":"https:\/\/colegioarquitectos.com\/noticias\/#website"},"primaryImageOfPage":{"@id":"https:\/\/colegioarquitectos.com\/noticias\/?p=26206#primaryimage"},"image":{"@id":"https:\/\/colegioarquitectos.com\/noticias\/?p=26206#primaryimage"},"thumbnailUrl":"https:\/\/colegioarquitectos.com\/noticias\/wp-content\/uploads\/2020\/08\/ENCABEZADOENCABEZADO.png","datePublished":"2020-11-12T15:15:28+00:00","dateModified":"2020-11-12T15:15:28+00:00","breadcrumb":{"@id":"https:\/\/colegioarquitectos.com\/noticias\/?p=26206#breadcrumb"},"inLanguage":"es","potentialAction":[{"@type":"ReadAction","target":["https:\/\/colegioarquitectos.com\/noticias\/?p=26206"]}]},{"@type":"ImageObject","inLanguage":"es","@id":"https:\/\/colegioarquitectos.com\/noticias\/?p=26206#primaryimage","url":"https:\/\/colegioarquitectos.com\/noticias\/wp-content\/uploads\/2020\/08\/ENCABEZADOENCABEZADO.png","contentUrl":"https:\/\/colegioarquitectos.com\/noticias\/wp-content\/uploads\/2020\/08\/ENCABEZADOENCABEZADO.png","width":690,"height":350},{"@type":"BreadcrumbList","@id":"https:\/\/colegioarquitectos.com\/noticias\/?p=26206#breadcrumb","itemListElement":[{"@type":"ListItem","position":1,"name":"Portada","item":"https:\/\/colegioarquitectos.com\/noticias"},{"@type":"ListItem","position":2,"name":"Premio PAU ya tiene 16 nominados con obras p\u00fablicas y privadas que destacan por generar un aporte urbano"}]},{"@type":"WebSite","@id":"https:\/\/colegioarquitectos.com\/noticias\/#website","url":"https:\/\/colegioarquitectos.com\/noticias\/","name":"COLEGIO DE ARQUITECTOS DE CHILE","description":"","publisher":{"@id":"https:\/\/colegioarquitectos.com\/noticias\/#organization"},"potentialAction":[{"@type":"SearchAction","target":{"@type":"EntryPoint","urlTemplate":"https:\/\/colegioarquitectos.com\/noticias\/?s={search_term_string}"},"query-input":{"@type":"PropertyValueSpecification","valueRequired":true,"valueName":"search_term_string"}}],"inLanguage":"es"},{"@type":"Organization","@id":"https:\/\/colegioarquitectos.com\/noticias\/#organization","name":"COLEGIO DE ARQUITECTOS DE CHILE","url":"https:\/\/colegioarquitectos.com\/noticias\/","logo":{"@type":"ImageObject","inLanguage":"es","@id":"https:\/\/colegioarquitectos.com\/noticias\/#\/schema\/logo\/image\/","url":"https:\/\/colegioarquitectos.com\/noticias\/wp-content\/uploads\/2021\/05\/ENCABEZADO-LOGO-CA.jpg","contentUrl":"https:\/\/colegioarquitectos.com\/noticias\/wp-content\/uploads\/2021\/05\/ENCABEZADO-LOGO-CA.jpg","width":690,"height":350,"caption":"COLEGIO DE ARQUITECTOS DE CHILE"},"image":{"@id":"https:\/\/colegioarquitectos.com\/noticias\/#\/schema\/logo\/image\/"},"sameAs":["https:\/\/facebook.com\/Colegioarq\/","https:\/\/x.com\/colegioarq","https:\/\/instagram.com\/colegioarq","https:\/\/youtube.com\/@ColegiodeArquitectosdeChile"]},{"@type":"Person","@id":"https:\/\/colegioarquitectos.com\/noticias\/#\/schema\/person\/685cc0aad148303c5608f049af8285ad","name":"Colegio de Arquitectos de Chile","url":"https:\/\/colegioarquitectos.com\/noticias\/?author=4"}]}},"_links":{"self":[{"href":"https:\/\/colegioarquitectos.com\/noticias\/index.php?rest_route=\/wp\/v2\/posts\/26206","targetHints":{"allow":["GET"]}}],"collection":[{"href":"https:\/\/colegioarquitectos.com\/noticias\/index.php?rest_route=\/wp\/v2\/posts"}],"about":[{"href":"https:\/\/colegioarquitectos.com\/noticias\/index.php?rest_route=\/wp\/v2\/types\/post"}],"author":[{"embeddable":true,"href":"https:\/\/colegioarquitectos.com\/noticias\/index.php?rest_route=\/wp\/v2\/users\/4"}],"replies":[{"embeddable":true,"href":"https:\/\/colegioarquitectos.com\/noticias\/index.php?rest_route=%2Fwp%2Fv2%2Fcomments&post=26206"}],"version-history":[{"count":0,"href":"https:\/\/colegioarquitectos.com\/noticias\/index.php?rest_route=\/wp\/v2\/posts\/26206\/revisions"}],"wp:featuredmedia":[{"embeddable":true,"href":"https:\/\/colegioarquitectos.com\/noticias\/index.php?rest_route=\/wp\/v2\/media\/25496"}],"wp:attachment":[{"href":"https:\/\/colegioarquitectos.com\/noticias\/index.php?rest_route=%2Fwp%2Fv2%2Fmedia&parent=26206"}],"wp:term":[{"taxonomy":"category","embeddable":true,"href":"https:\/\/colegioarquitectos.com\/noticias\/index.php?rest_route=%2Fwp%2Fv2%2Fcategories&post=26206"},{"taxonomy":"post_tag","embeddable":true,"href":"https:\/\/colegioarquitectos.com\/noticias\/index.php?rest_route=%2Fwp%2Fv2%2Ftags&post=26206"}],"curies":[{"name":"wp","href":"https:\/\/api.w.org\/{rel}","templated":true}]}}