
{"id":26210,"date":"2020-11-12T17:54:33","date_gmt":"2020-11-12T17:54:33","guid":{"rendered":"http:\/\/colegioarquitectos.com\/?p=26210"},"modified":"2020-12-28T13:53:56","modified_gmt":"2020-12-28T13:53:56","slug":"pre-venta-especial-libro-arquitectura-chile-premio-nacional","status":"publish","type":"post","link":"https:\/\/colegioarquitectos.com\/noticias\/?p=26210","title":{"rendered":"[PREVENTA AGOTADA] Libro \u00abPremio Nacional de Arquitectura &#8211; Chile. Desde 1969\u00bb"},"content":{"rendered":"<p>Inscr\u00edbete en la preventa especial del libro <em><strong>\u00abPremio Nacional de Arquitectura &#8211; Chile. Desde 1969\u00bb<\/strong><\/em>.<\/p>\n<p><strong>Precio Colegiados Activos $ 39.980<\/strong><\/p>\n<p><strong>Precio Colegiados Pasivos $ 50.000<\/strong><\/p>\n<p>* Costo de env\u00edo por separado, de acuerdo a direcci\u00f3n de entrega.<\/p>\n<h3><em><strong>\u00abPremio Nacional de Arquitectura &#8211; Chile. Desde 1969\u00bb<\/strong><\/em><\/h3>\n<p>Este libro constituye un proyecto u\u0301nico y emblema\u0301tico, ya que rescata \u2014en una edici\u00f3n biling\u00fce, tapas duras de 31x 27 cms. 384 p\u00e1ginas a todo color que potencia tanto la informacio\u0301n escrita como gra\u0301fica\u2014 lo que es la arquitectura chilena contempora\u0301nea. Es un registro completo y detallado que, junto a ser una suerte de memoria creativa de nuestro patrimonio, nos permite entender el pasado, el presente y visualizar el futuro de la arquitectura nacional. Destaca la vida y obra de los 30 arquitectos que han recibido el Premio Nacional de Arquitectura de Chile, desde Juan Mart\u00ednez en 1969 hasta Miguel Lawner en 2019. Muestra su entorno, estudios y legado, resaltando aquellos hitos que ma\u0301s los han distinguido y que los hicieron merecedores del premio.<\/p>\n<p>El estilo del libro es periodi\u0301stico, basado en un trabajo colaborativo de periodistas, arquitectos, dise\u00f1adores y fot\u00f3grafos, con el objetivo de lograr un libro que acerque la arquitectura a la ciudadan\u00eda.\u00a0<em><strong>\u00abPremio Nacional de Arquitectura &#8211; Chile. Desde 1969\u00bb <\/strong><\/em>es una iniciativa de\u00a0Ediciones Babieca junto al Colegio de Arquitectos de Chile.<\/p>\n<p>\u00a1Inscr\u00edbete a un precio especial para colegiados y colegiadas!<\/p>\n<p>&nbsp;<\/p>\n<h2><strong>PREVENTA AGOTADA\u00a0<\/strong><\/h2>\n<hr \/>\n<p><iframe loading=\"lazy\" src=\"https:\/\/docs.google.com\/forms\/d\/e\/1FAIpQLSfrDq84u3NFBhjTRuldcV1A4cXpyKpmDbQ_93rEy8m1ay-OVQ\/viewform?embedded=true\" width=\"640\" height=\"1852\" frameborder=\"0\" marginwidth=\"0\" marginheight=\"0\">Cargando\u2026<\/iframe><\/p>\n<p><\/p>","protected":false},"excerpt":{"rendered":"<p>Inscr\u00edbete en la preventa especial del libro \u00abPremio Nacional de Arquitectura &#8211; Chile. Desde 1969\u00bb. Precio Colegiados Activos $ 39.980 Precio Colegiados Pasivos $ 50.000 * Costo de env\u00edo por separado, de acuerdo a direcci\u00f3n de entrega. \u00abPremio Nacional de &hellip; <a class=\"more-link\" href=\"https:\/\/colegioarquitectos.com\/noticias\/?p=26210\">ver m\u00e1s<\/a><\/p>","protected":false},"author":1,"featured_media":26489,"comment_status":"closed","ping_status":"closed","sticky":false,"template":"","format":"standard","meta":{"footnotes":""},"categories":[8],"tags":[80],"class_list":["post-26210","post","type-post","status-publish","format-standard","has-post-thumbnail","hentry","category-colegio-de-arquitectos","tag-premionacional"],"yoast_head":"<!-- This site is optimized with the Yoast SEO plugin v24.2 - https:\/\/yoast.com\/wordpress\/plugins\/seo\/ -->\n<title>[PREVENTA AGOTADA] Libro \u00abPremio Nacional de Arquitectura - Chile. Desde 1969\u00bb - COLEGIO DE ARQUITECTOS DE CHILE<\/title>\n<meta name=\"robots\" content=\"index, follow, max-snippet:-1, max-image-preview:large, max-video-preview:-1\" \/>\n<link rel=\"canonical\" href=\"https:\/\/colegioarquitectos.com\/noticias\/?p=26210\" \/>\n<meta property=\"og:locale\" content=\"es_ES\" \/>\n<meta property=\"og:type\" content=\"article\" \/>\n<meta property=\"og:title\" content=\"[PREVENTA AGOTADA] Libro \u00abPremio Nacional de Arquitectura - Chile. Desde 1969\u00bb - COLEGIO DE ARQUITECTOS DE CHILE\" \/>\n<meta property=\"og:description\" content=\"Inscr\u00edbete en la preventa especial del libro \u00abPremio Nacional de Arquitectura &#8211; Chile. Desde 1969\u00bb. Precio Colegiados Activos $ 39.980 Precio Colegiados Pasivos $ 50.000 * Costo de env\u00edo por separado, de acuerdo a direcci\u00f3n de entrega. \u00abPremio Nacional de &hellip; ver m\u00e1s\" \/>\n<meta property=\"og:url\" content=\"https:\/\/colegioarquitectos.com\/noticias\/?p=26210\" \/>\n<meta property=\"og:site_name\" content=\"COLEGIO DE ARQUITECTOS DE CHILE\" \/>\n<meta property=\"article:publisher\" content=\"https:\/\/facebook.com\/Colegioarq\/\" \/>\n<meta property=\"article:published_time\" content=\"2020-11-12T17:54:33+00:00\" \/>\n<meta property=\"article:modified_time\" content=\"2020-12-28T13:53:56+00:00\" \/>\n<meta property=\"og:image\" content=\"https:\/\/colegioarquitectos.com\/noticias\/wp-content\/uploads\/2020\/11\/FLYER-LIBRO-PNA-DESTACADO-WEB-1-768x523-AGOTADA.jpg\" \/>\n\t<meta property=\"og:image:width\" content=\"768\" \/>\n\t<meta property=\"og:image:height\" content=\"523\" \/>\n\t<meta property=\"og:image:type\" content=\"image\/jpeg\" \/>\n<meta name=\"author\" content=\"Gabriel Salgado S.\" \/>\n<meta name=\"twitter:card\" content=\"summary_large_image\" \/>\n<meta name=\"twitter:creator\" content=\"@colegioarq\" \/>\n<meta name=\"twitter:site\" content=\"@colegioarq\" \/>\n<meta name=\"twitter:label1\" content=\"Escrito por\" \/>\n\t<meta name=\"twitter:data1\" content=\"Gabriel Salgado S.\" \/>\n\t<meta name=\"twitter:label2\" content=\"Tiempo de lectura\" \/>\n\t<meta name=\"twitter:data2\" content=\"1 minuto\" \/>\n<script type=\"application\/ld+json\" class=\"yoast-schema-graph\">{\"@context\":\"https:\/\/schema.org\",\"@graph\":[{\"@type\":\"Article\",\"@id\":\"https:\/\/colegioarquitectos.com\/noticias\/?p=26210#article\",\"isPartOf\":{\"@id\":\"https:\/\/colegioarquitectos.com\/noticias\/?p=26210\"},\"author\":{\"name\":\"Gabriel Salgado S.\",\"@id\":\"https:\/\/colegioarquitectos.com\/noticias\/#\/schema\/person\/b6c7e912cd1283c089114093ed09741f\"},\"headline\":\"[PREVENTA AGOTADA] Libro \u00abPremio Nacional de Arquitectura &#8211; Chile. Desde 1969\u00bb\",\"datePublished\":\"2020-11-12T17:54:33+00:00\",\"dateModified\":\"2020-12-28T13:53:56+00:00\",\"mainEntityOfPage\":{\"@id\":\"https:\/\/colegioarquitectos.com\/noticias\/?p=26210\"},\"wordCount\":249,\"publisher\":{\"@id\":\"https:\/\/colegioarquitectos.com\/noticias\/#organization\"},\"image\":{\"@id\":\"https:\/\/colegioarquitectos.com\/noticias\/?p=26210#primaryimage\"},\"thumbnailUrl\":\"https:\/\/colegioarquitectos.com\/noticias\/wp-content\/uploads\/2020\/11\/FLYER-LIBRO-PNA-DESTACADO-WEB-1-768x523-AGOTADA.jpg\",\"keywords\":[\"PREMIONACIONAL\"],\"articleSection\":[\"Colegio\"],\"inLanguage\":\"es\"},{\"@type\":\"WebPage\",\"@id\":\"https:\/\/colegioarquitectos.com\/noticias\/?p=26210\",\"url\":\"https:\/\/colegioarquitectos.com\/noticias\/?p=26210\",\"name\":\"[PREVENTA AGOTADA] Libro \u00abPremio Nacional de Arquitectura - Chile. Desde 1969\u00bb - COLEGIO DE ARQUITECTOS DE CHILE\",\"isPartOf\":{\"@id\":\"https:\/\/colegioarquitectos.com\/noticias\/#website\"},\"primaryImageOfPage\":{\"@id\":\"https:\/\/colegioarquitectos.com\/noticias\/?p=26210#primaryimage\"},\"image\":{\"@id\":\"https:\/\/colegioarquitectos.com\/noticias\/?p=26210#primaryimage\"},\"thumbnailUrl\":\"https:\/\/colegioarquitectos.com\/noticias\/wp-content\/uploads\/2020\/11\/FLYER-LIBRO-PNA-DESTACADO-WEB-1-768x523-AGOTADA.jpg\",\"datePublished\":\"2020-11-12T17:54:33+00:00\",\"dateModified\":\"2020-12-28T13:53:56+00:00\",\"breadcrumb\":{\"@id\":\"https:\/\/colegioarquitectos.com\/noticias\/?p=26210#breadcrumb\"},\"inLanguage\":\"es\",\"potentialAction\":[{\"@type\":\"ReadAction\",\"target\":[\"https:\/\/colegioarquitectos.com\/noticias\/?p=26210\"]}]},{\"@type\":\"ImageObject\",\"inLanguage\":\"es\",\"@id\":\"https:\/\/colegioarquitectos.com\/noticias\/?p=26210#primaryimage\",\"url\":\"https:\/\/colegioarquitectos.com\/noticias\/wp-content\/uploads\/2020\/11\/FLYER-LIBRO-PNA-DESTACADO-WEB-1-768x523-AGOTADA.jpg\",\"contentUrl\":\"https:\/\/colegioarquitectos.com\/noticias\/wp-content\/uploads\/2020\/11\/FLYER-LIBRO-PNA-DESTACADO-WEB-1-768x523-AGOTADA.jpg\",\"width\":768,\"height\":523},{\"@type\":\"BreadcrumbList\",\"@id\":\"https:\/\/colegioarquitectos.com\/noticias\/?p=26210#breadcrumb\",\"itemListElement\":[{\"@type\":\"ListItem\",\"position\":1,\"name\":\"Portada\",\"item\":\"https:\/\/colegioarquitectos.com\/noticias\"},{\"@type\":\"ListItem\",\"position\":2,\"name\":\"[PREVENTA AGOTADA] Libro \u00abPremio Nacional de Arquitectura &#8211; Chile. Desde 1969\u00bb\"}]},{\"@type\":\"WebSite\",\"@id\":\"https:\/\/colegioarquitectos.com\/noticias\/#website\",\"url\":\"https:\/\/colegioarquitectos.com\/noticias\/\",\"name\":\"COLEGIO DE ARQUITECTOS DE CHILE\",\"description\":\"\",\"publisher\":{\"@id\":\"https:\/\/colegioarquitectos.com\/noticias\/#organization\"},\"potentialAction\":[{\"@type\":\"SearchAction\",\"target\":{\"@type\":\"EntryPoint\",\"urlTemplate\":\"https:\/\/colegioarquitectos.com\/noticias\/?s={search_term_string}\"},\"query-input\":{\"@type\":\"PropertyValueSpecification\",\"valueRequired\":true,\"valueName\":\"search_term_string\"}}],\"inLanguage\":\"es\"},{\"@type\":\"Organization\",\"@id\":\"https:\/\/colegioarquitectos.com\/noticias\/#organization\",\"name\":\"COLEGIO DE ARQUITECTOS DE CHILE\",\"url\":\"https:\/\/colegioarquitectos.com\/noticias\/\",\"logo\":{\"@type\":\"ImageObject\",\"inLanguage\":\"es\",\"@id\":\"https:\/\/colegioarquitectos.com\/noticias\/#\/schema\/logo\/image\/\",\"url\":\"https:\/\/colegioarquitectos.com\/noticias\/wp-content\/uploads\/2021\/05\/ENCABEZADO-LOGO-CA.jpg\",\"contentUrl\":\"https:\/\/colegioarquitectos.com\/noticias\/wp-content\/uploads\/2021\/05\/ENCABEZADO-LOGO-CA.jpg\",\"width\":690,\"height\":350,\"caption\":\"COLEGIO DE ARQUITECTOS DE CHILE\"},\"image\":{\"@id\":\"https:\/\/colegioarquitectos.com\/noticias\/#\/schema\/logo\/image\/\"},\"sameAs\":[\"https:\/\/facebook.com\/Colegioarq\/\",\"https:\/\/x.com\/colegioarq\",\"https:\/\/instagram.com\/colegioarq\",\"https:\/\/youtube.com\/@ColegiodeArquitectosdeChile\"]},{\"@type\":\"Person\",\"@id\":\"https:\/\/colegioarquitectos.com\/noticias\/#\/schema\/person\/b6c7e912cd1283c089114093ed09741f\",\"name\":\"Gabriel Salgado S.\",\"url\":\"https:\/\/colegioarquitectos.com\/noticias\/?author=1\"}]}<\/script>\n<!-- \/ Yoast SEO plugin. -->","yoast_head_json":{"title":"[PREVENTA AGOTADA] Libro \u00abPremio Nacional de Arquitectura - Chile. Desde 1969\u00bb - COLEGIO DE ARQUITECTOS DE CHILE","robots":{"index":"index","follow":"follow","max-snippet":"max-snippet:-1","max-image-preview":"max-image-preview:large","max-video-preview":"max-video-preview:-1"},"canonical":"https:\/\/colegioarquitectos.com\/noticias\/?p=26210","og_locale":"es_ES","og_type":"article","og_title":"[PREVENTA AGOTADA] Libro \u00abPremio Nacional de Arquitectura - Chile. Desde 1969\u00bb - COLEGIO DE ARQUITECTOS DE CHILE","og_description":"Inscr\u00edbete en la preventa especial del libro \u00abPremio Nacional de Arquitectura &#8211; Chile. Desde 1969\u00bb. Precio Colegiados Activos $ 39.980 Precio Colegiados Pasivos $ 50.000 * Costo de env\u00edo por separado, de acuerdo a direcci\u00f3n de entrega. \u00abPremio Nacional de &hellip; ver m\u00e1s","og_url":"https:\/\/colegioarquitectos.com\/noticias\/?p=26210","og_site_name":"COLEGIO DE ARQUITECTOS DE CHILE","article_publisher":"https:\/\/facebook.com\/Colegioarq\/","article_published_time":"2020-11-12T17:54:33+00:00","article_modified_time":"2020-12-28T13:53:56+00:00","og_image":[{"width":768,"height":523,"url":"https:\/\/colegioarquitectos.com\/noticias\/wp-content\/uploads\/2020\/11\/FLYER-LIBRO-PNA-DESTACADO-WEB-1-768x523-AGOTADA.jpg","type":"image\/jpeg"}],"author":"Gabriel Salgado S.","twitter_card":"summary_large_image","twitter_creator":"@colegioarq","twitter_site":"@colegioarq","twitter_misc":{"Escrito por":"Gabriel Salgado S.","Tiempo de lectura":"1 minuto"},"schema":{"@context":"https:\/\/schema.org","@graph":[{"@type":"Article","@id":"https:\/\/colegioarquitectos.com\/noticias\/?p=26210#article","isPartOf":{"@id":"https:\/\/colegioarquitectos.com\/noticias\/?p=26210"},"author":{"name":"Gabriel Salgado S.","@id":"https:\/\/colegioarquitectos.com\/noticias\/#\/schema\/person\/b6c7e912cd1283c089114093ed09741f"},"headline":"[PREVENTA AGOTADA] Libro \u00abPremio Nacional de Arquitectura &#8211; Chile. Desde 1969\u00bb","datePublished":"2020-11-12T17:54:33+00:00","dateModified":"2020-12-28T13:53:56+00:00","mainEntityOfPage":{"@id":"https:\/\/colegioarquitectos.com\/noticias\/?p=26210"},"wordCount":249,"publisher":{"@id":"https:\/\/colegioarquitectos.com\/noticias\/#organization"},"image":{"@id":"https:\/\/colegioarquitectos.com\/noticias\/?p=26210#primaryimage"},"thumbnailUrl":"https:\/\/colegioarquitectos.com\/noticias\/wp-content\/uploads\/2020\/11\/FLYER-LIBRO-PNA-DESTACADO-WEB-1-768x523-AGOTADA.jpg","keywords":["PREMIONACIONAL"],"articleSection":["Colegio"],"inLanguage":"es"},{"@type":"WebPage","@id":"https:\/\/colegioarquitectos.com\/noticias\/?p=26210","url":"https:\/\/colegioarquitectos.com\/noticias\/?p=26210","name":"[PREVENTA AGOTADA] Libro \u00abPremio Nacional de Arquitectura - Chile. Desde 1969\u00bb - COLEGIO DE ARQUITECTOS DE CHILE","isPartOf":{"@id":"https:\/\/colegioarquitectos.com\/noticias\/#website"},"primaryImageOfPage":{"@id":"https:\/\/colegioarquitectos.com\/noticias\/?p=26210#primaryimage"},"image":{"@id":"https:\/\/colegioarquitectos.com\/noticias\/?p=26210#primaryimage"},"thumbnailUrl":"https:\/\/colegioarquitectos.com\/noticias\/wp-content\/uploads\/2020\/11\/FLYER-LIBRO-PNA-DESTACADO-WEB-1-768x523-AGOTADA.jpg","datePublished":"2020-11-12T17:54:33+00:00","dateModified":"2020-12-28T13:53:56+00:00","breadcrumb":{"@id":"https:\/\/colegioarquitectos.com\/noticias\/?p=26210#breadcrumb"},"inLanguage":"es","potentialAction":[{"@type":"ReadAction","target":["https:\/\/colegioarquitectos.com\/noticias\/?p=26210"]}]},{"@type":"ImageObject","inLanguage":"es","@id":"https:\/\/colegioarquitectos.com\/noticias\/?p=26210#primaryimage","url":"https:\/\/colegioarquitectos.com\/noticias\/wp-content\/uploads\/2020\/11\/FLYER-LIBRO-PNA-DESTACADO-WEB-1-768x523-AGOTADA.jpg","contentUrl":"https:\/\/colegioarquitectos.com\/noticias\/wp-content\/uploads\/2020\/11\/FLYER-LIBRO-PNA-DESTACADO-WEB-1-768x523-AGOTADA.jpg","width":768,"height":523},{"@type":"BreadcrumbList","@id":"https:\/\/colegioarquitectos.com\/noticias\/?p=26210#breadcrumb","itemListElement":[{"@type":"ListItem","position":1,"name":"Portada","item":"https:\/\/colegioarquitectos.com\/noticias"},{"@type":"ListItem","position":2,"name":"[PREVENTA AGOTADA] Libro \u00abPremio Nacional de Arquitectura &#8211; Chile. Desde 1969\u00bb"}]},{"@type":"WebSite","@id":"https:\/\/colegioarquitectos.com\/noticias\/#website","url":"https:\/\/colegioarquitectos.com\/noticias\/","name":"COLEGIO DE ARQUITECTOS DE CHILE","description":"","publisher":{"@id":"https:\/\/colegioarquitectos.com\/noticias\/#organization"},"potentialAction":[{"@type":"SearchAction","target":{"@type":"EntryPoint","urlTemplate":"https:\/\/colegioarquitectos.com\/noticias\/?s={search_term_string}"},"query-input":{"@type":"PropertyValueSpecification","valueRequired":true,"valueName":"search_term_string"}}],"inLanguage":"es"},{"@type":"Organization","@id":"https:\/\/colegioarquitectos.com\/noticias\/#organization","name":"COLEGIO DE ARQUITECTOS DE CHILE","url":"https:\/\/colegioarquitectos.com\/noticias\/","logo":{"@type":"ImageObject","inLanguage":"es","@id":"https:\/\/colegioarquitectos.com\/noticias\/#\/schema\/logo\/image\/","url":"https:\/\/colegioarquitectos.com\/noticias\/wp-content\/uploads\/2021\/05\/ENCABEZADO-LOGO-CA.jpg","contentUrl":"https:\/\/colegioarquitectos.com\/noticias\/wp-content\/uploads\/2021\/05\/ENCABEZADO-LOGO-CA.jpg","width":690,"height":350,"caption":"COLEGIO DE ARQUITECTOS DE CHILE"},"image":{"@id":"https:\/\/colegioarquitectos.com\/noticias\/#\/schema\/logo\/image\/"},"sameAs":["https:\/\/facebook.com\/Colegioarq\/","https:\/\/x.com\/colegioarq","https:\/\/instagram.com\/colegioarq","https:\/\/youtube.com\/@ColegiodeArquitectosdeChile"]},{"@type":"Person","@id":"https:\/\/colegioarquitectos.com\/noticias\/#\/schema\/person\/b6c7e912cd1283c089114093ed09741f","name":"Gabriel Salgado S.","url":"https:\/\/colegioarquitectos.com\/noticias\/?author=1"}]}},"_links":{"self":[{"href":"https:\/\/colegioarquitectos.com\/noticias\/index.php?rest_route=\/wp\/v2\/posts\/26210","targetHints":{"allow":["GET"]}}],"collection":[{"href":"https:\/\/colegioarquitectos.com\/noticias\/index.php?rest_route=\/wp\/v2\/posts"}],"about":[{"href":"https:\/\/colegioarquitectos.com\/noticias\/index.php?rest_route=\/wp\/v2\/types\/post"}],"author":[{"embeddable":true,"href":"https:\/\/colegioarquitectos.com\/noticias\/index.php?rest_route=\/wp\/v2\/users\/1"}],"replies":[{"embeddable":true,"href":"https:\/\/colegioarquitectos.com\/noticias\/index.php?rest_route=%2Fwp%2Fv2%2Fcomments&post=26210"}],"version-history":[{"count":0,"href":"https:\/\/colegioarquitectos.com\/noticias\/index.php?rest_route=\/wp\/v2\/posts\/26210\/revisions"}],"wp:featuredmedia":[{"embeddable":true,"href":"https:\/\/colegioarquitectos.com\/noticias\/index.php?rest_route=\/wp\/v2\/media\/26489"}],"wp:attachment":[{"href":"https:\/\/colegioarquitectos.com\/noticias\/index.php?rest_route=%2Fwp%2Fv2%2Fmedia&parent=26210"}],"wp:term":[{"taxonomy":"category","embeddable":true,"href":"https:\/\/colegioarquitectos.com\/noticias\/index.php?rest_route=%2Fwp%2Fv2%2Fcategories&post=26210"},{"taxonomy":"post_tag","embeddable":true,"href":"https:\/\/colegioarquitectos.com\/noticias\/index.php?rest_route=%2Fwp%2Fv2%2Ftags&post=26210"}],"curies":[{"name":"wp","href":"https:\/\/api.w.org\/{rel}","templated":true}]}}