
{"id":26291,"date":"2020-11-20T14:42:49","date_gmt":"2020-11-20T14:42:49","guid":{"rendered":"http:\/\/colegioarquitectos.com\/?p=26291"},"modified":"2020-11-20T14:42:49","modified_gmt":"2020-11-20T14:42:49","slug":"por-sexto-ano-consecutivo-el-premio-aporte-urbano-reconoce-a-siete-ganadores-por-la-contribucion-de-sus-proyectos-en-distintas-regiones-del-pais","status":"publish","type":"post","link":"https:\/\/colegioarquitectos.com\/noticias\/?p=26291","title":{"rendered":"Por sexto a\u00f1o consecutivo el Premio Aporte Urbano reconoce a siete ganadores por la contribuci\u00f3n de sus proyectos en distintas regiones del pa\u00eds"},"content":{"rendered":"<p>Obras p\u00fablicas y privadas de todo el pa\u00eds que destacaron por su contribuci\u00f3n a la calidad de vida en las categor\u00edas de <strong>Mejor Proyecto Inmobiliario de Densificaci\u00f3n Equilibrada<\/strong>, <strong>Mejor Proyecto de Integraci\u00f3n Social<\/strong>, <strong>Mejor Proyecto de Equipamiento<\/strong> o <strong>Edificio de Uso Mixto<\/strong>, <strong>Mejor Proyecto de Espacio de Uso P\u00fablico (escala comunal y barrial)<\/strong> y <strong>Mejor Proyecto de Innovaci\u00f3n Social Urbana<\/strong> fueron reconocidas por el <strong>Premio Aporte Urbano (PAU) 2020<\/strong>.<\/p>\n<p>La iniciativa que se desarrolla por sexto a\u00f1o consecutivo y que impulsa y promueve la <strong>C\u00e1mara Chilena de la Construcci\u00f3n<\/strong>, el <strong>Ministerio de Vivienda y Urbanismo<\/strong>, el <strong>Consejo Nacional de Desarrollo Urbano (CNDU),<\/strong> el <strong>Colegio de Arquitectos de Chile<\/strong>, la <strong>Asociaci\u00f3n de Oficinas de Arquitectos (AOA)<\/strong>, la <strong>Asociaci\u00f3n de Desarrolladores Inmobiliarios (ADI)<\/strong>, tiene por objetivo reconocer, destacar e incentivar aquellos proyectos que constituyen un aporte a las ciudades chilenas y a la calidad de vida de sus habitantes.<\/p>\n<p>\u00abPese a la pandemia, la buena convocatoria del PAU de este a\u00f1o nos dej\u00f3 gratamente sorprendidos. Adem\u00e1s, nos ha permitido reflexionar sobre c\u00f3mo la contingencia hace a\u00fan m\u00e1s desafiante crear proyectos que tengan una propuesta de valor enfocada en el desarrollo urbano y a la construcci\u00f3n de ciudades que brinden una mejor calidad de vida a las personas. Eso es lo que hemos motivado en estos 6 a\u00f1os de trayectoria y creemos que este prop\u00f3sito se ha ido fortaleciendo en el tiempo, porque los proyectos que postulan al PAU son cada vez m\u00e1s diversos, representativos y de mejor calidad\u00bb, se\u00f1al\u00f3 <strong>Juan Armando Vicu\u00f1a<\/strong>, vicepresidente de la CChC.<\/p>\n<p>Por su parte, <strong>Felipe Ward<\/strong>, ministro de Vivienda y Urbanismo dijo que \u00abme parece muy significativo poder premiar a quienes realizan aportes urbanos. La trayectoria del premio y obviamente quienes han participado, es tremendamente importante. Creo que pensar la ciudad, desarrollar la ciudad, construir ciudad, pensar en aumentar las garant\u00edas dentro de la ciudad para las personas a prop\u00f3sito de lo que est\u00e1 ocurriendo en el pa\u00eds es fundamental. Los premios PAU son una instancia muy importante, \u00fanica y como Ministerio de Vivienda y Urbanismo, nos sentimos tremendamente orgullosos de estar presentes en esta edici\u00f3n\u00bb.<\/p>\n<p>Los ganadores del PAU reciben el reconocimiento en su calidad de titular del proyecto y a su vez representan a todo el equipo de profesionales y las compa\u00f1\u00edas involucradas, tales como arquitectos, constructora, calculista, paisajista, entre otros.<\/p>\n<p><strong>Cabe destacar que de los 7 ganadores de este a\u00f1o hubo 5 de regiones<\/strong>, lo que demuestra la relevancia que el premio ha ganado y el entusiasmo de los equipos profesionales por postular sus proyectos p\u00fablicos y privados presentes en todo el pa\u00eds.<\/p>\n<p>&nbsp;<\/p>\n<h3>Ganadores del PAU 2020<\/h3>\n<p>&nbsp;<\/p>\n<ol>\n<li>Mejor Proyecto Inmobiliario de Densificaci\u00f3n Equilibrada: \u00d1u\u00f1oa Vida, \u00d1u\u00f1oa.<\/li>\n<\/ol>\n<p>&nbsp;<\/p>\n<ol>\n<li>Mejor Proyecto de Integraci\u00f3n Social: Plan Maestro Las Vi\u00f1itas, Cerro Navia.<\/li>\n<\/ol>\n<p>&nbsp;<\/p>\n<ol>\n<li>Mejor Proyecto de Equipamiento o Edificio de Uso Mixto: Piscina Semiol\u00edmpica de Puerto Natales, Puerto Natales.<\/li>\n<\/ol>\n<p>&nbsp;<\/p>\n<ol>\n<li>1. Mejor Proyecto de Espacio de Uso P\u00fablico &#8211; Escala Comunal: Parque Kaukari, Copiap\u00f3.<\/li>\n<\/ol>\n<p>&nbsp;<\/p>\n<ol start=\"2\">\n<li>2. Mejor Proyecto de Espacio de Uso P\u00fablico &#8211; Escala Barrial:<\/li>\n<\/ol>\n<ul>\n<li>Parque Humedal Los Batros, San Pedro de La Paz.<\/li>\n<li>Escalera Abuelito Huenteyao, San Juan de la Costa.<\/li>\n<\/ul>\n<p>&nbsp;<\/p>\n<ol>\n<li>Mejor Proyecto de Innovaci\u00f3n Social Urbana: Sistema Peatonal Lingue Ma\u00f1io y Coihue, Valpara\u00edso.<\/li>\n<\/ol>\n<p>&nbsp;<\/p>\n<p>&nbsp;<\/p>\n<p><strong>Sergio Baeriswyl<\/strong>, presidente del Consejo Nacional de Desarrollo Urbano (CNDU):<\/p>\n<p>\u00abValoramos y destacamos la alta participaci\u00f3n de postulantes y, en especial, a los proyectos ganadores. Por sexto a\u00f1o consecutivo este premio galardona obras que aportan a la construcci\u00f3n de ciudades con foco en las personas, rescatando los principios de la Pol\u00edtica Nacional de Desarrollo Urbano, como la integraci\u00f3n social, descentralizaci\u00f3n, equilibrio ambiental, patrimonio y desarrollo econ\u00f3mico. Todos \u00e1mbitos relevantes frente a los desaf\u00edos que vivimos como pa\u00eds\u00bb.<\/p>\n<p>&nbsp;<\/p>\n<p><strong>Humberto Eliash<\/strong>, presidente del Colegio de Arquitectos de Chile:<\/p>\n<p>\u00abLos proyectos ganadores perfilan nuevas tendencias en materia de proyectos de densificaci\u00f3n urbana, de integraci\u00f3n social, innovaci\u00f3n y sustentabilidad. Estamos muy conformes con estos resultados y esperamos que inspiren a otros arquitectos a seguir con esos enfoques, que nos ayudan a pensar una mejor arquitectura, pertinente social y culturalmente para nuestra gente y nuestro paisaje\u00bb.<\/p>\n<p>&nbsp;<\/p>\n<p><strong>M\u00f3nica \u00c1lvarez de Oro<\/strong>, presidenta de la Asociaci\u00f3n de Oficinas de Arquitectos (AOA):<\/p>\n<p>\u00abEn esta convocatoria, se recibieron proyectos de todo el pa\u00eds con un denominador com\u00fan: El inter\u00e9s por realizar una obra que impactara positivamente al entorno, al desarrollo urbano y a la calidad de vida de las personas. Cuando las construcciones ayudan a mejorar la vida en la ciudad, incorporando mejor equipamiento y cuidando el espacio p\u00fablico, contribuyen a la equidad e inclusi\u00f3n territorial y reconocerlos con este premio es nuestro objetivo, relevando edificaciones que enriquezcan a los n\u00facleos urbanos y sus vecinos\u00bb.<\/p>\n<p>&nbsp;<\/p>\n<p><strong>Vicente Dom\u00ednguez<\/strong>, director ejecutivo de la Asociaci\u00f3n de Desarrolladores Inmobiliarios (ADI):<\/p>\n<p>\u00abEsta edici\u00f3n de los Premios PAU demuestra que aun en las condiciones de intranquilidad social y pandemia, con sus enormes efectos para la actividad inmobiliaria, se pueden desarrollar proyectos de calidad y que sean un aporte a la ciudad. Para la ADI tienen enorme relevancia todos los premios, pero en especial los de Densificaci\u00f3n Equilibrada e innovaciones sociales urbanas, ya que confirman una vez m\u00e1s que densificaci\u00f3n y aporte urbano pueden y deben ir de la mano, para una mejor ciudad. Instamos a todos los ganadores y nominados que perseveren en esta visi\u00f3n de integrar creativamente las exigencias de crecimiento de la ciudad con el adecuado equilibrio que respete los barrios\u00bb.<\/p>\n<p>&nbsp;<\/p>\n<p><strong>Crist\u00f3bal Prado<\/strong>, director Premio Aporte Urbano (PAU):<\/p>\n<p>\u00abHemos visto con satisfacci\u00f3n que los proyectos ganadores del PAU 2020 son de gran calidad y que reflejan la potente capacidad que las obras p\u00fablicas y privadas, de las m\u00e1s variadas escalas, son capaces de hacer, aportando al entorno urbano y a la calidad de vida de las personas. Como ya es tradicional, los proyectos de regiones se han hecho notar con 5 de los 7 ganadores de esta versi\u00f3n del PAU, lo que nos motiva a seguir reconociendo iniciativas que benefician a las comunidades de todo el pa\u00eds\u00bb.<\/p>\n\n\t\t<style type=\"text\/css\">\n\t\t\t#gallery-1 {\n\t\t\t\tmargin: auto;\n\t\t\t}\n\t\t\t#gallery-1 .gallery-item {\n\t\t\t\tfloat: left;\n\t\t\t\tmargin-top: 10px;\n\t\t\t\ttext-align: center;\n\t\t\t\twidth: 33%;\n\t\t\t}\n\t\t\t#gallery-1 img {\n\t\t\t\tborder: 2px solid #cfcfcf;\n\t\t\t}\n\t\t\t#gallery-1 .gallery-caption {\n\t\t\t\tmargin-left: 0;\n\t\t\t}\n\t\t\t\/* see gallery_shortcode() in wp-includes\/media.php *\/\n\t\t<\/style>\n\t\t<div id='gallery-1' class='gallery galleryid-26291 gallery-columns-3 gallery-size-thumbnail'><dl class='gallery-item'>\n\t\t\t<dt class='gallery-icon landscape'>\n\t\t\t\t<a href='https:\/\/colegioarquitectos.com\/noticias\/?attachment_id=26294'><img loading=\"lazy\" decoding=\"async\" width=\"180\" height=\"180\" src=\"https:\/\/colegioarquitectos.com\/noticias\/wp-content\/uploads\/2020\/11\/Densificacio\u0301n-equilibrada-N\u0303un\u0303oa-Vida-180x180.jpg\" class=\"attachment-thumbnail size-thumbnail\" alt=\"\" \/><\/a>\n\t\t\t<\/dt><\/dl><dl class='gallery-item'>\n\t\t\t<dt class='gallery-icon landscape'>\n\t\t\t\t<a href='https:\/\/colegioarquitectos.com\/noticias\/?attachment_id=26295'><img loading=\"lazy\" decoding=\"async\" width=\"180\" height=\"180\" src=\"https:\/\/colegioarquitectos.com\/noticias\/wp-content\/uploads\/2020\/11\/Equipamiento-Piscina-Semioli\u0301mpica-de-Puerto-Natales-180x180.jpg\" class=\"attachment-thumbnail size-thumbnail\" alt=\"\" \/><\/a>\n\t\t\t<\/dt><\/dl><dl class='gallery-item'>\n\t\t\t<dt class='gallery-icon landscape'>\n\t\t\t\t<a href='https:\/\/colegioarquitectos.com\/noticias\/?attachment_id=26296'><img loading=\"lazy\" decoding=\"async\" width=\"180\" height=\"180\" src=\"https:\/\/colegioarquitectos.com\/noticias\/wp-content\/uploads\/2020\/11\/Espacio-de-uso-pu\u0301blico-barrial-Parque-Humedal-Los-Batros-180x180.jpg\" class=\"attachment-thumbnail size-thumbnail\" alt=\"\" \/><\/a>\n\t\t\t<\/dt><\/dl><br style=\"clear: both\" \/><dl class='gallery-item'>\n\t\t\t<dt class='gallery-icon landscape'>\n\t\t\t\t<a href='https:\/\/colegioarquitectos.com\/noticias\/?attachment_id=26297'><img loading=\"lazy\" decoding=\"async\" width=\"180\" height=\"180\" src=\"https:\/\/colegioarquitectos.com\/noticias\/wp-content\/uploads\/2020\/11\/Espacio-de-uso-pu\u0301blico-Escalera-Abuelito-Huenteyao-180x180.jpg\" class=\"attachment-thumbnail size-thumbnail\" alt=\"\" \/><\/a>\n\t\t\t<\/dt><\/dl><dl class='gallery-item'>\n\t\t\t<dt class='gallery-icon landscape'>\n\t\t\t\t<a href='https:\/\/colegioarquitectos.com\/noticias\/?attachment_id=26298'><img loading=\"lazy\" decoding=\"async\" width=\"180\" height=\"180\" src=\"https:\/\/colegioarquitectos.com\/noticias\/wp-content\/uploads\/2020\/11\/Innovacio\u0301n-Social-Urbana-Sistema-Peatonal-Lingue-Man\u0303io-y-Coihue-180x180.jpg\" class=\"attachment-thumbnail size-thumbnail\" alt=\"\" \/><\/a>\n\t\t\t<\/dt><\/dl><dl class='gallery-item'>\n\t\t\t<dt class='gallery-icon landscape'>\n\t\t\t\t<a href='https:\/\/colegioarquitectos.com\/noticias\/?attachment_id=26299'><img loading=\"lazy\" decoding=\"async\" width=\"180\" height=\"180\" src=\"https:\/\/colegioarquitectos.com\/noticias\/wp-content\/uploads\/2020\/11\/Integracio\u0301n-social-Plan-Maestro-Las-Vin\u0303itas-180x180.jpg\" class=\"attachment-thumbnail size-thumbnail\" alt=\"\" \/><\/a>\n\t\t\t<\/dt><\/dl><br style=\"clear: both\" \/><dl class='gallery-item'>\n\t\t\t<dt class='gallery-icon landscape'>\n\t\t\t\t<a href='https:\/\/colegioarquitectos.com\/noticias\/?attachment_id=26300'><img loading=\"lazy\" decoding=\"async\" width=\"180\" height=\"180\" src=\"https:\/\/colegioarquitectos.com\/noticias\/wp-content\/uploads\/2020\/11\/Uso-Pu\u0301blico-escala-comunal-Parque-Kaukari-1-180x180.jpg\" class=\"attachment-thumbnail size-thumbnail\" alt=\"\" \/><\/a>\n\t\t\t<\/dt><\/dl><dl class='gallery-item'>\n\t\t\t<dt class='gallery-icon landscape'>\n\t\t\t\t<a href='https:\/\/colegioarquitectos.com\/noticias\/?attachment_id=26301'><img loading=\"lazy\" decoding=\"async\" width=\"180\" height=\"180\" src=\"https:\/\/colegioarquitectos.com\/noticias\/wp-content\/uploads\/2020\/11\/Uso-Pu\u0301blico-escala-comunal-Parque-Kaukari-180x180.jpg\" class=\"attachment-thumbnail size-thumbnail\" alt=\"\" \/><\/a>\n\t\t\t<\/dt><\/dl>\n\t\t\t<br style='clear: both' \/>\n\t\t<\/div>\n\n<p><\/p>","protected":false},"excerpt":{"rendered":"<p>Obras p\u00fablicas y privadas de todo el pa\u00eds que destacaron por su contribuci\u00f3n a la calidad de vida en las categor\u00edas de Mejor Proyecto Inmobiliario de Densificaci\u00f3n Equilibrada, Mejor Proyecto de Integraci\u00f3n Social, Mejor Proyecto de Equipamiento o Edificio de &hellip; <a class=\"more-link\" href=\"https:\/\/colegioarquitectos.com\/noticias\/?p=26291\">ver m\u00e1s<\/a><\/p>","protected":false},"author":4,"featured_media":26292,"comment_status":"closed","ping_status":"closed","sticky":false,"template":"","format":"standard","meta":{"footnotes":""},"categories":[3],"tags":[],"class_list":["post-26291","post","type-post","status-publish","format-standard","has-post-thumbnail","hentry","category-noticias"],"yoast_head":"<!-- This site is optimized with the Yoast SEO plugin v24.2 - https:\/\/yoast.com\/wordpress\/plugins\/seo\/ -->\n<title>Por sexto a\u00f1o consecutivo el Premio Aporte Urbano reconoce a siete ganadores por la contribuci\u00f3n de sus proyectos en distintas regiones del pa\u00eds - COLEGIO DE ARQUITECTOS DE CHILE<\/title>\n<meta name=\"robots\" content=\"index, follow, max-snippet:-1, max-image-preview:large, max-video-preview:-1\" \/>\n<link rel=\"canonical\" href=\"https:\/\/colegioarquitectos.com\/noticias\/?p=26291\" \/>\n<meta property=\"og:locale\" content=\"es_ES\" \/>\n<meta property=\"og:type\" content=\"article\" \/>\n<meta property=\"og:title\" content=\"Por sexto a\u00f1o consecutivo el Premio Aporte Urbano reconoce a siete ganadores por la contribuci\u00f3n de sus proyectos en distintas regiones del pa\u00eds - COLEGIO DE ARQUITECTOS DE CHILE\" \/>\n<meta property=\"og:description\" content=\"Obras p\u00fablicas y privadas de todo el pa\u00eds que destacaron por su contribuci\u00f3n a la calidad de vida en las categor\u00edas de Mejor Proyecto Inmobiliario de Densificaci\u00f3n Equilibrada, Mejor Proyecto de Integraci\u00f3n Social, Mejor Proyecto de Equipamiento o Edificio de &hellip; ver m\u00e1s\" \/>\n<meta property=\"og:url\" content=\"https:\/\/colegioarquitectos.com\/noticias\/?p=26291\" \/>\n<meta property=\"og:site_name\" content=\"COLEGIO DE ARQUITECTOS DE CHILE\" \/>\n<meta property=\"article:publisher\" content=\"https:\/\/facebook.com\/Colegioarq\/\" \/>\n<meta property=\"article:published_time\" content=\"2020-11-20T14:42:49+00:00\" \/>\n<meta property=\"og:image\" content=\"https:\/\/colegioarquitectos.com\/noticias\/wp-content\/uploads\/2020\/11\/ENCABEZADO-ENCABEZADO-ENCABEZADO.jpg\" \/>\n\t<meta property=\"og:image:width\" content=\"690\" \/>\n\t<meta property=\"og:image:height\" content=\"350\" \/>\n\t<meta property=\"og:image:type\" content=\"image\/jpeg\" \/>\n<meta name=\"author\" content=\"Colegio de Arquitectos de Chile\" \/>\n<meta name=\"twitter:card\" content=\"summary_large_image\" \/>\n<meta name=\"twitter:creator\" content=\"@colegioarq\" \/>\n<meta name=\"twitter:site\" content=\"@colegioarq\" \/>\n<meta name=\"twitter:label1\" content=\"Escrito por\" \/>\n\t<meta name=\"twitter:data1\" content=\"Colegio de Arquitectos de Chile\" \/>\n\t<meta name=\"twitter:label2\" content=\"Tiempo de lectura\" \/>\n\t<meta name=\"twitter:data2\" content=\"5 minutos\" \/>\n<script type=\"application\/ld+json\" class=\"yoast-schema-graph\">{\"@context\":\"https:\/\/schema.org\",\"@graph\":[{\"@type\":\"Article\",\"@id\":\"https:\/\/colegioarquitectos.com\/noticias\/?p=26291#article\",\"isPartOf\":{\"@id\":\"https:\/\/colegioarquitectos.com\/noticias\/?p=26291\"},\"author\":{\"name\":\"Colegio de Arquitectos de Chile\",\"@id\":\"https:\/\/colegioarquitectos.com\/noticias\/#\/schema\/person\/685cc0aad148303c5608f049af8285ad\"},\"headline\":\"Por sexto a\u00f1o consecutivo el Premio Aporte Urbano reconoce a siete ganadores por la contribuci\u00f3n de sus proyectos en distintas regiones del pa\u00eds\",\"datePublished\":\"2020-11-20T14:42:49+00:00\",\"dateModified\":\"2020-11-20T14:42:49+00:00\",\"mainEntityOfPage\":{\"@id\":\"https:\/\/colegioarquitectos.com\/noticias\/?p=26291\"},\"wordCount\":1085,\"publisher\":{\"@id\":\"https:\/\/colegioarquitectos.com\/noticias\/#organization\"},\"image\":{\"@id\":\"https:\/\/colegioarquitectos.com\/noticias\/?p=26291#primaryimage\"},\"thumbnailUrl\":\"https:\/\/colegioarquitectos.com\/noticias\/wp-content\/uploads\/2020\/11\/ENCABEZADO-ENCABEZADO-ENCABEZADO.jpg\",\"articleSection\":[\"Noticias\"],\"inLanguage\":\"es\"},{\"@type\":\"WebPage\",\"@id\":\"https:\/\/colegioarquitectos.com\/noticias\/?p=26291\",\"url\":\"https:\/\/colegioarquitectos.com\/noticias\/?p=26291\",\"name\":\"Por sexto a\u00f1o consecutivo el Premio Aporte Urbano reconoce a siete ganadores por la contribuci\u00f3n de sus proyectos en distintas regiones del pa\u00eds - COLEGIO DE ARQUITECTOS DE CHILE\",\"isPartOf\":{\"@id\":\"https:\/\/colegioarquitectos.com\/noticias\/#website\"},\"primaryImageOfPage\":{\"@id\":\"https:\/\/colegioarquitectos.com\/noticias\/?p=26291#primaryimage\"},\"image\":{\"@id\":\"https:\/\/colegioarquitectos.com\/noticias\/?p=26291#primaryimage\"},\"thumbnailUrl\":\"https:\/\/colegioarquitectos.com\/noticias\/wp-content\/uploads\/2020\/11\/ENCABEZADO-ENCABEZADO-ENCABEZADO.jpg\",\"datePublished\":\"2020-11-20T14:42:49+00:00\",\"dateModified\":\"2020-11-20T14:42:49+00:00\",\"breadcrumb\":{\"@id\":\"https:\/\/colegioarquitectos.com\/noticias\/?p=26291#breadcrumb\"},\"inLanguage\":\"es\",\"potentialAction\":[{\"@type\":\"ReadAction\",\"target\":[\"https:\/\/colegioarquitectos.com\/noticias\/?p=26291\"]}]},{\"@type\":\"ImageObject\",\"inLanguage\":\"es\",\"@id\":\"https:\/\/colegioarquitectos.com\/noticias\/?p=26291#primaryimage\",\"url\":\"https:\/\/colegioarquitectos.com\/noticias\/wp-content\/uploads\/2020\/11\/ENCABEZADO-ENCABEZADO-ENCABEZADO.jpg\",\"contentUrl\":\"https:\/\/colegioarquitectos.com\/noticias\/wp-content\/uploads\/2020\/11\/ENCABEZADO-ENCABEZADO-ENCABEZADO.jpg\",\"width\":690,\"height\":350},{\"@type\":\"BreadcrumbList\",\"@id\":\"https:\/\/colegioarquitectos.com\/noticias\/?p=26291#breadcrumb\",\"itemListElement\":[{\"@type\":\"ListItem\",\"position\":1,\"name\":\"Portada\",\"item\":\"https:\/\/colegioarquitectos.com\/noticias\"},{\"@type\":\"ListItem\",\"position\":2,\"name\":\"Por sexto a\u00f1o consecutivo el Premio Aporte Urbano reconoce a siete ganadores por la contribuci\u00f3n de sus proyectos en distintas regiones del pa\u00eds\"}]},{\"@type\":\"WebSite\",\"@id\":\"https:\/\/colegioarquitectos.com\/noticias\/#website\",\"url\":\"https:\/\/colegioarquitectos.com\/noticias\/\",\"name\":\"COLEGIO DE ARQUITECTOS DE CHILE\",\"description\":\"\",\"publisher\":{\"@id\":\"https:\/\/colegioarquitectos.com\/noticias\/#organization\"},\"potentialAction\":[{\"@type\":\"SearchAction\",\"target\":{\"@type\":\"EntryPoint\",\"urlTemplate\":\"https:\/\/colegioarquitectos.com\/noticias\/?s={search_term_string}\"},\"query-input\":{\"@type\":\"PropertyValueSpecification\",\"valueRequired\":true,\"valueName\":\"search_term_string\"}}],\"inLanguage\":\"es\"},{\"@type\":\"Organization\",\"@id\":\"https:\/\/colegioarquitectos.com\/noticias\/#organization\",\"name\":\"COLEGIO DE ARQUITECTOS DE CHILE\",\"url\":\"https:\/\/colegioarquitectos.com\/noticias\/\",\"logo\":{\"@type\":\"ImageObject\",\"inLanguage\":\"es\",\"@id\":\"https:\/\/colegioarquitectos.com\/noticias\/#\/schema\/logo\/image\/\",\"url\":\"https:\/\/colegioarquitectos.com\/noticias\/wp-content\/uploads\/2021\/05\/ENCABEZADO-LOGO-CA.jpg\",\"contentUrl\":\"https:\/\/colegioarquitectos.com\/noticias\/wp-content\/uploads\/2021\/05\/ENCABEZADO-LOGO-CA.jpg\",\"width\":690,\"height\":350,\"caption\":\"COLEGIO DE ARQUITECTOS DE CHILE\"},\"image\":{\"@id\":\"https:\/\/colegioarquitectos.com\/noticias\/#\/schema\/logo\/image\/\"},\"sameAs\":[\"https:\/\/facebook.com\/Colegioarq\/\",\"https:\/\/x.com\/colegioarq\",\"https:\/\/instagram.com\/colegioarq\",\"https:\/\/youtube.com\/@ColegiodeArquitectosdeChile\"]},{\"@type\":\"Person\",\"@id\":\"https:\/\/colegioarquitectos.com\/noticias\/#\/schema\/person\/685cc0aad148303c5608f049af8285ad\",\"name\":\"Colegio de Arquitectos de Chile\",\"url\":\"https:\/\/colegioarquitectos.com\/noticias\/?author=4\"}]}<\/script>\n<!-- \/ Yoast SEO plugin. -->","yoast_head_json":{"title":"Por sexto a\u00f1o consecutivo el Premio Aporte Urbano reconoce a siete ganadores por la contribuci\u00f3n de sus proyectos en distintas regiones del pa\u00eds - COLEGIO DE ARQUITECTOS DE CHILE","robots":{"index":"index","follow":"follow","max-snippet":"max-snippet:-1","max-image-preview":"max-image-preview:large","max-video-preview":"max-video-preview:-1"},"canonical":"https:\/\/colegioarquitectos.com\/noticias\/?p=26291","og_locale":"es_ES","og_type":"article","og_title":"Por sexto a\u00f1o consecutivo el Premio Aporte Urbano reconoce a siete ganadores por la contribuci\u00f3n de sus proyectos en distintas regiones del pa\u00eds - COLEGIO DE ARQUITECTOS DE CHILE","og_description":"Obras p\u00fablicas y privadas de todo el pa\u00eds que destacaron por su contribuci\u00f3n a la calidad de vida en las categor\u00edas de Mejor Proyecto Inmobiliario de Densificaci\u00f3n Equilibrada, Mejor Proyecto de Integraci\u00f3n Social, Mejor Proyecto de Equipamiento o Edificio de &hellip; ver m\u00e1s","og_url":"https:\/\/colegioarquitectos.com\/noticias\/?p=26291","og_site_name":"COLEGIO DE ARQUITECTOS DE CHILE","article_publisher":"https:\/\/facebook.com\/Colegioarq\/","article_published_time":"2020-11-20T14:42:49+00:00","og_image":[{"width":690,"height":350,"url":"https:\/\/colegioarquitectos.com\/noticias\/wp-content\/uploads\/2020\/11\/ENCABEZADO-ENCABEZADO-ENCABEZADO.jpg","type":"image\/jpeg"}],"author":"Colegio de Arquitectos de Chile","twitter_card":"summary_large_image","twitter_creator":"@colegioarq","twitter_site":"@colegioarq","twitter_misc":{"Escrito por":"Colegio de Arquitectos de Chile","Tiempo de lectura":"5 minutos"},"schema":{"@context":"https:\/\/schema.org","@graph":[{"@type":"Article","@id":"https:\/\/colegioarquitectos.com\/noticias\/?p=26291#article","isPartOf":{"@id":"https:\/\/colegioarquitectos.com\/noticias\/?p=26291"},"author":{"name":"Colegio de Arquitectos de Chile","@id":"https:\/\/colegioarquitectos.com\/noticias\/#\/schema\/person\/685cc0aad148303c5608f049af8285ad"},"headline":"Por sexto a\u00f1o consecutivo el Premio Aporte Urbano reconoce a siete ganadores por la contribuci\u00f3n de sus proyectos en distintas regiones del pa\u00eds","datePublished":"2020-11-20T14:42:49+00:00","dateModified":"2020-11-20T14:42:49+00:00","mainEntityOfPage":{"@id":"https:\/\/colegioarquitectos.com\/noticias\/?p=26291"},"wordCount":1085,"publisher":{"@id":"https:\/\/colegioarquitectos.com\/noticias\/#organization"},"image":{"@id":"https:\/\/colegioarquitectos.com\/noticias\/?p=26291#primaryimage"},"thumbnailUrl":"https:\/\/colegioarquitectos.com\/noticias\/wp-content\/uploads\/2020\/11\/ENCABEZADO-ENCABEZADO-ENCABEZADO.jpg","articleSection":["Noticias"],"inLanguage":"es"},{"@type":"WebPage","@id":"https:\/\/colegioarquitectos.com\/noticias\/?p=26291","url":"https:\/\/colegioarquitectos.com\/noticias\/?p=26291","name":"Por sexto a\u00f1o consecutivo el Premio Aporte Urbano reconoce a siete ganadores por la contribuci\u00f3n de sus proyectos en distintas regiones del pa\u00eds - COLEGIO DE ARQUITECTOS DE CHILE","isPartOf":{"@id":"https:\/\/colegioarquitectos.com\/noticias\/#website"},"primaryImageOfPage":{"@id":"https:\/\/colegioarquitectos.com\/noticias\/?p=26291#primaryimage"},"image":{"@id":"https:\/\/colegioarquitectos.com\/noticias\/?p=26291#primaryimage"},"thumbnailUrl":"https:\/\/colegioarquitectos.com\/noticias\/wp-content\/uploads\/2020\/11\/ENCABEZADO-ENCABEZADO-ENCABEZADO.jpg","datePublished":"2020-11-20T14:42:49+00:00","dateModified":"2020-11-20T14:42:49+00:00","breadcrumb":{"@id":"https:\/\/colegioarquitectos.com\/noticias\/?p=26291#breadcrumb"},"inLanguage":"es","potentialAction":[{"@type":"ReadAction","target":["https:\/\/colegioarquitectos.com\/noticias\/?p=26291"]}]},{"@type":"ImageObject","inLanguage":"es","@id":"https:\/\/colegioarquitectos.com\/noticias\/?p=26291#primaryimage","url":"https:\/\/colegioarquitectos.com\/noticias\/wp-content\/uploads\/2020\/11\/ENCABEZADO-ENCABEZADO-ENCABEZADO.jpg","contentUrl":"https:\/\/colegioarquitectos.com\/noticias\/wp-content\/uploads\/2020\/11\/ENCABEZADO-ENCABEZADO-ENCABEZADO.jpg","width":690,"height":350},{"@type":"BreadcrumbList","@id":"https:\/\/colegioarquitectos.com\/noticias\/?p=26291#breadcrumb","itemListElement":[{"@type":"ListItem","position":1,"name":"Portada","item":"https:\/\/colegioarquitectos.com\/noticias"},{"@type":"ListItem","position":2,"name":"Por sexto a\u00f1o consecutivo el Premio Aporte Urbano reconoce a siete ganadores por la contribuci\u00f3n de sus proyectos en distintas regiones del pa\u00eds"}]},{"@type":"WebSite","@id":"https:\/\/colegioarquitectos.com\/noticias\/#website","url":"https:\/\/colegioarquitectos.com\/noticias\/","name":"COLEGIO DE ARQUITECTOS DE CHILE","description":"","publisher":{"@id":"https:\/\/colegioarquitectos.com\/noticias\/#organization"},"potentialAction":[{"@type":"SearchAction","target":{"@type":"EntryPoint","urlTemplate":"https:\/\/colegioarquitectos.com\/noticias\/?s={search_term_string}"},"query-input":{"@type":"PropertyValueSpecification","valueRequired":true,"valueName":"search_term_string"}}],"inLanguage":"es"},{"@type":"Organization","@id":"https:\/\/colegioarquitectos.com\/noticias\/#organization","name":"COLEGIO DE ARQUITECTOS DE CHILE","url":"https:\/\/colegioarquitectos.com\/noticias\/","logo":{"@type":"ImageObject","inLanguage":"es","@id":"https:\/\/colegioarquitectos.com\/noticias\/#\/schema\/logo\/image\/","url":"https:\/\/colegioarquitectos.com\/noticias\/wp-content\/uploads\/2021\/05\/ENCABEZADO-LOGO-CA.jpg","contentUrl":"https:\/\/colegioarquitectos.com\/noticias\/wp-content\/uploads\/2021\/05\/ENCABEZADO-LOGO-CA.jpg","width":690,"height":350,"caption":"COLEGIO DE ARQUITECTOS DE CHILE"},"image":{"@id":"https:\/\/colegioarquitectos.com\/noticias\/#\/schema\/logo\/image\/"},"sameAs":["https:\/\/facebook.com\/Colegioarq\/","https:\/\/x.com\/colegioarq","https:\/\/instagram.com\/colegioarq","https:\/\/youtube.com\/@ColegiodeArquitectosdeChile"]},{"@type":"Person","@id":"https:\/\/colegioarquitectos.com\/noticias\/#\/schema\/person\/685cc0aad148303c5608f049af8285ad","name":"Colegio de Arquitectos de Chile","url":"https:\/\/colegioarquitectos.com\/noticias\/?author=4"}]}},"_links":{"self":[{"href":"https:\/\/colegioarquitectos.com\/noticias\/index.php?rest_route=\/wp\/v2\/posts\/26291","targetHints":{"allow":["GET"]}}],"collection":[{"href":"https:\/\/colegioarquitectos.com\/noticias\/index.php?rest_route=\/wp\/v2\/posts"}],"about":[{"href":"https:\/\/colegioarquitectos.com\/noticias\/index.php?rest_route=\/wp\/v2\/types\/post"}],"author":[{"embeddable":true,"href":"https:\/\/colegioarquitectos.com\/noticias\/index.php?rest_route=\/wp\/v2\/users\/4"}],"replies":[{"embeddable":true,"href":"https:\/\/colegioarquitectos.com\/noticias\/index.php?rest_route=%2Fwp%2Fv2%2Fcomments&post=26291"}],"version-history":[{"count":0,"href":"https:\/\/colegioarquitectos.com\/noticias\/index.php?rest_route=\/wp\/v2\/posts\/26291\/revisions"}],"wp:featuredmedia":[{"embeddable":true,"href":"https:\/\/colegioarquitectos.com\/noticias\/index.php?rest_route=\/wp\/v2\/media\/26292"}],"wp:attachment":[{"href":"https:\/\/colegioarquitectos.com\/noticias\/index.php?rest_route=%2Fwp%2Fv2%2Fmedia&parent=26291"}],"wp:term":[{"taxonomy":"category","embeddable":true,"href":"https:\/\/colegioarquitectos.com\/noticias\/index.php?rest_route=%2Fwp%2Fv2%2Fcategories&post=26291"},{"taxonomy":"post_tag","embeddable":true,"href":"https:\/\/colegioarquitectos.com\/noticias\/index.php?rest_route=%2Fwp%2Fv2%2Ftags&post=26291"}],"curies":[{"name":"wp","href":"https:\/\/api.w.org\/{rel}","templated":true}]}}