
{"id":26324,"date":"2020-11-23T21:45:48","date_gmt":"2020-11-23T21:45:48","guid":{"rendered":"http:\/\/colegioarquitectos.com\/?p=26324"},"modified":"2020-12-01T17:35:03","modified_gmt":"2020-12-01T17:35:03","slug":"francisco-herrera-munoz-director-nacional","status":"publish","type":"post","link":"https:\/\/colegioarquitectos.com\/noticias\/?p=26324","title":{"rendered":"Francisco Herrera Mu\u00f1oz \u2014 Vicepresidente de Asuntos Internos"},"content":{"rendered":"<p><img loading=\"lazy\" decoding=\"async\" class=\"alignleft wp-image-25830\" src=\"http:\/\/colegioarquitectos.com\/noticias\/wp-content\/uploads\/2020\/10\/CA.Elecciones2020.FHerrera.Imagen-Francisco-Herrera-Mun\u0303oz.jpg\" alt=\"\" width=\"450\" height=\"563\" srcset=\"https:\/\/colegioarquitectos.com\/noticias\/wp-content\/uploads\/2020\/10\/CA.Elecciones2020.FHerrera.Imagen-Francisco-Herrera-Mun\u0303oz.jpg 1067w, https:\/\/colegioarquitectos.com\/noticias\/wp-content\/uploads\/2020\/10\/CA.Elecciones2020.FHerrera.Imagen-Francisco-Herrera-Mun\u0303oz-240x300.jpg 240w, https:\/\/colegioarquitectos.com\/noticias\/wp-content\/uploads\/2020\/10\/CA.Elecciones2020.FHerrera.Imagen-Francisco-Herrera-Mun\u0303oz-768x961.jpg 768w, https:\/\/colegioarquitectos.com\/noticias\/wp-content\/uploads\/2020\/10\/CA.Elecciones2020.FHerrera.Imagen-Francisco-Herrera-Mun\u0303oz-818x1024.jpg 818w\" sizes=\"auto, (max-width: 450px) 100vw, 450px\" \/>Arquitecto de la Universidad Central de Chile (2005).<\/p>\n<p>Doctor en Arquitectura y Patrimonio Cultural \u2014 Ambiental por la Universidad de Sevilla, Espa\u00f1a (2016), Maestro en Restauraci\u00f3n de Monumentos (2012) y Maestro en Urbanismo, ambos por la Universidad Polit\u00e9cnica de Catalunya, Espa\u00f1a.<\/p>\n<p>Docente, investigador, autor y coautor de diversos art\u00edculos publicados en libros y revistas en Chile y el extranjero, donde adem\u00e1s ha dictado conferencias y charlas sobre temas ligados a su especialidad.<\/p>\n<p>Consultor, asesor y gestor de proyectos vinculados con la arquitectura y su especialidad en patrimonio edificado, y desde 2018 Encargado de Patrimonio Arquitect\u00f3nico en Carabineros de Chile.<\/p>\n<p>En el Colegio de Arquitectos de Chile fue miembro del Comit\u00e9 Editor de la Revista CA (2010) y ex Presidente del Comit\u00e9 de Patrimonio Arquitect\u00f3nico y Ambiental. En tal calidad, destac\u00f3 su labor en la conformaci\u00f3n de la Red Nacional de Comit\u00e9s de Patrimonio y su rol en la participaci\u00f3n activa e influyente del Comit\u00e9 en la discusi\u00f3n de la Ley de Patrimonio Cultural.<\/p>\n<p><\/p>","protected":false},"excerpt":{"rendered":"<p>Arquitecto de la Universidad Central de Chile (2005). Doctor en Arquitectura y Patrimonio Cultural \u2014 Ambiental por la Universidad de Sevilla, Espa\u00f1a (2016), Maestro en Restauraci\u00f3n de Monumentos (2012) y Maestro en Urbanismo, ambos por la Universidad Polit\u00e9cnica de Catalunya, &hellip; <a class=\"more-link\" href=\"https:\/\/colegioarquitectos.com\/noticias\/?p=26324\">ver m\u00e1s<\/a><\/p>","protected":false},"author":4,"featured_media":0,"comment_status":"closed","ping_status":"closed","sticky":false,"template":"","format":"standard","meta":{"footnotes":""},"categories":[1],"tags":[],"class_list":["post-26324","post","type-post","status-publish","format-standard","hentry","category-sin-categoria"],"yoast_head":"<!-- This site is optimized with the Yoast SEO plugin v24.2 - https:\/\/yoast.com\/wordpress\/plugins\/seo\/ -->\n<title>Francisco Herrera Mu\u00f1oz \u2014 Vicepresidente de Asuntos Internos - COLEGIO DE ARQUITECTOS DE CHILE<\/title>\n<meta name=\"robots\" content=\"index, follow, max-snippet:-1, max-image-preview:large, max-video-preview:-1\" \/>\n<link rel=\"canonical\" href=\"https:\/\/colegioarquitectos.com\/noticias\/?p=26324\" \/>\n<meta property=\"og:locale\" content=\"es_ES\" \/>\n<meta property=\"og:type\" content=\"article\" \/>\n<meta property=\"og:title\" content=\"Francisco Herrera Mu\u00f1oz \u2014 Vicepresidente de Asuntos Internos - COLEGIO DE ARQUITECTOS DE CHILE\" \/>\n<meta property=\"og:description\" content=\"Arquitecto de la Universidad Central de Chile (2005). Doctor en Arquitectura y Patrimonio Cultural \u2014 Ambiental por la Universidad de Sevilla, Espa\u00f1a (2016), Maestro en Restauraci\u00f3n de Monumentos (2012) y Maestro en Urbanismo, ambos por la Universidad Polit\u00e9cnica de Catalunya, &hellip; ver m\u00e1s\" \/>\n<meta property=\"og:url\" content=\"https:\/\/colegioarquitectos.com\/noticias\/?p=26324\" \/>\n<meta property=\"og:site_name\" content=\"COLEGIO DE ARQUITECTOS DE CHILE\" \/>\n<meta property=\"article:publisher\" content=\"https:\/\/facebook.com\/Colegioarq\/\" \/>\n<meta property=\"article:published_time\" content=\"2020-11-23T21:45:48+00:00\" \/>\n<meta property=\"article:modified_time\" content=\"2020-12-01T17:35:03+00:00\" \/>\n<meta name=\"author\" content=\"Colegio de Arquitectos de Chile\" \/>\n<meta name=\"twitter:card\" content=\"summary_large_image\" \/>\n<meta name=\"twitter:creator\" content=\"@colegioarq\" \/>\n<meta name=\"twitter:site\" content=\"@colegioarq\" \/>\n<meta name=\"twitter:label1\" content=\"Escrito por\" \/>\n\t<meta name=\"twitter:data1\" content=\"Colegio de Arquitectos de Chile\" \/>\n\t<meta name=\"twitter:label2\" content=\"Tiempo de lectura\" \/>\n\t<meta name=\"twitter:data2\" content=\"1 minuto\" \/>\n<script type=\"application\/ld+json\" class=\"yoast-schema-graph\">{\"@context\":\"https:\/\/schema.org\",\"@graph\":[{\"@type\":\"Article\",\"@id\":\"https:\/\/colegioarquitectos.com\/noticias\/?p=26324#article\",\"isPartOf\":{\"@id\":\"https:\/\/colegioarquitectos.com\/noticias\/?p=26324\"},\"author\":{\"name\":\"Colegio de Arquitectos de Chile\",\"@id\":\"https:\/\/colegioarquitectos.com\/noticias\/#\/schema\/person\/685cc0aad148303c5608f049af8285ad\"},\"headline\":\"Francisco Herrera Mu\u00f1oz \u2014 Vicepresidente de Asuntos Internos\",\"datePublished\":\"2020-11-23T21:45:48+00:00\",\"dateModified\":\"2020-12-01T17:35:03+00:00\",\"mainEntityOfPage\":{\"@id\":\"https:\/\/colegioarquitectos.com\/noticias\/?p=26324\"},\"wordCount\":177,\"publisher\":{\"@id\":\"https:\/\/colegioarquitectos.com\/noticias\/#organization\"},\"inLanguage\":\"es\"},{\"@type\":\"WebPage\",\"@id\":\"https:\/\/colegioarquitectos.com\/noticias\/?p=26324\",\"url\":\"https:\/\/colegioarquitectos.com\/noticias\/?p=26324\",\"name\":\"Francisco Herrera Mu\u00f1oz \u2014 Vicepresidente de Asuntos Internos - COLEGIO DE ARQUITECTOS DE CHILE\",\"isPartOf\":{\"@id\":\"https:\/\/colegioarquitectos.com\/noticias\/#website\"},\"datePublished\":\"2020-11-23T21:45:48+00:00\",\"dateModified\":\"2020-12-01T17:35:03+00:00\",\"breadcrumb\":{\"@id\":\"https:\/\/colegioarquitectos.com\/noticias\/?p=26324#breadcrumb\"},\"inLanguage\":\"es\",\"potentialAction\":[{\"@type\":\"ReadAction\",\"target\":[\"https:\/\/colegioarquitectos.com\/noticias\/?p=26324\"]}]},{\"@type\":\"BreadcrumbList\",\"@id\":\"https:\/\/colegioarquitectos.com\/noticias\/?p=26324#breadcrumb\",\"itemListElement\":[{\"@type\":\"ListItem\",\"position\":1,\"name\":\"Portada\",\"item\":\"https:\/\/colegioarquitectos.com\/noticias\"},{\"@type\":\"ListItem\",\"position\":2,\"name\":\"Francisco Herrera Mu\u00f1oz \u2014 Vicepresidente de Asuntos Internos\"}]},{\"@type\":\"WebSite\",\"@id\":\"https:\/\/colegioarquitectos.com\/noticias\/#website\",\"url\":\"https:\/\/colegioarquitectos.com\/noticias\/\",\"name\":\"COLEGIO DE ARQUITECTOS DE CHILE\",\"description\":\"\",\"publisher\":{\"@id\":\"https:\/\/colegioarquitectos.com\/noticias\/#organization\"},\"potentialAction\":[{\"@type\":\"SearchAction\",\"target\":{\"@type\":\"EntryPoint\",\"urlTemplate\":\"https:\/\/colegioarquitectos.com\/noticias\/?s={search_term_string}\"},\"query-input\":{\"@type\":\"PropertyValueSpecification\",\"valueRequired\":true,\"valueName\":\"search_term_string\"}}],\"inLanguage\":\"es\"},{\"@type\":\"Organization\",\"@id\":\"https:\/\/colegioarquitectos.com\/noticias\/#organization\",\"name\":\"COLEGIO DE ARQUITECTOS DE CHILE\",\"url\":\"https:\/\/colegioarquitectos.com\/noticias\/\",\"logo\":{\"@type\":\"ImageObject\",\"inLanguage\":\"es\",\"@id\":\"https:\/\/colegioarquitectos.com\/noticias\/#\/schema\/logo\/image\/\",\"url\":\"https:\/\/colegioarquitectos.com\/noticias\/wp-content\/uploads\/2021\/05\/ENCABEZADO-LOGO-CA.jpg\",\"contentUrl\":\"https:\/\/colegioarquitectos.com\/noticias\/wp-content\/uploads\/2021\/05\/ENCABEZADO-LOGO-CA.jpg\",\"width\":690,\"height\":350,\"caption\":\"COLEGIO DE ARQUITECTOS DE CHILE\"},\"image\":{\"@id\":\"https:\/\/colegioarquitectos.com\/noticias\/#\/schema\/logo\/image\/\"},\"sameAs\":[\"https:\/\/facebook.com\/Colegioarq\/\",\"https:\/\/x.com\/colegioarq\",\"https:\/\/instagram.com\/colegioarq\",\"https:\/\/youtube.com\/@ColegiodeArquitectosdeChile\"]},{\"@type\":\"Person\",\"@id\":\"https:\/\/colegioarquitectos.com\/noticias\/#\/schema\/person\/685cc0aad148303c5608f049af8285ad\",\"name\":\"Colegio de Arquitectos de Chile\",\"url\":\"https:\/\/colegioarquitectos.com\/noticias\/?author=4\"}]}<\/script>\n<!-- \/ Yoast SEO plugin. -->","yoast_head_json":{"title":"Francisco Herrera Mu\u00f1oz \u2014 Vicepresidente de Asuntos Internos - COLEGIO DE ARQUITECTOS DE CHILE","robots":{"index":"index","follow":"follow","max-snippet":"max-snippet:-1","max-image-preview":"max-image-preview:large","max-video-preview":"max-video-preview:-1"},"canonical":"https:\/\/colegioarquitectos.com\/noticias\/?p=26324","og_locale":"es_ES","og_type":"article","og_title":"Francisco Herrera Mu\u00f1oz \u2014 Vicepresidente de Asuntos Internos - COLEGIO DE ARQUITECTOS DE CHILE","og_description":"Arquitecto de la Universidad Central de Chile (2005). Doctor en Arquitectura y Patrimonio Cultural \u2014 Ambiental por la Universidad de Sevilla, Espa\u00f1a (2016), Maestro en Restauraci\u00f3n de Monumentos (2012) y Maestro en Urbanismo, ambos por la Universidad Polit\u00e9cnica de Catalunya, &hellip; ver m\u00e1s","og_url":"https:\/\/colegioarquitectos.com\/noticias\/?p=26324","og_site_name":"COLEGIO DE ARQUITECTOS DE CHILE","article_publisher":"https:\/\/facebook.com\/Colegioarq\/","article_published_time":"2020-11-23T21:45:48+00:00","article_modified_time":"2020-12-01T17:35:03+00:00","author":"Colegio de Arquitectos de Chile","twitter_card":"summary_large_image","twitter_creator":"@colegioarq","twitter_site":"@colegioarq","twitter_misc":{"Escrito por":"Colegio de Arquitectos de Chile","Tiempo de lectura":"1 minuto"},"schema":{"@context":"https:\/\/schema.org","@graph":[{"@type":"Article","@id":"https:\/\/colegioarquitectos.com\/noticias\/?p=26324#article","isPartOf":{"@id":"https:\/\/colegioarquitectos.com\/noticias\/?p=26324"},"author":{"name":"Colegio de Arquitectos de Chile","@id":"https:\/\/colegioarquitectos.com\/noticias\/#\/schema\/person\/685cc0aad148303c5608f049af8285ad"},"headline":"Francisco Herrera Mu\u00f1oz \u2014 Vicepresidente de Asuntos Internos","datePublished":"2020-11-23T21:45:48+00:00","dateModified":"2020-12-01T17:35:03+00:00","mainEntityOfPage":{"@id":"https:\/\/colegioarquitectos.com\/noticias\/?p=26324"},"wordCount":177,"publisher":{"@id":"https:\/\/colegioarquitectos.com\/noticias\/#organization"},"inLanguage":"es"},{"@type":"WebPage","@id":"https:\/\/colegioarquitectos.com\/noticias\/?p=26324","url":"https:\/\/colegioarquitectos.com\/noticias\/?p=26324","name":"Francisco Herrera Mu\u00f1oz \u2014 Vicepresidente de Asuntos Internos - COLEGIO DE ARQUITECTOS DE CHILE","isPartOf":{"@id":"https:\/\/colegioarquitectos.com\/noticias\/#website"},"datePublished":"2020-11-23T21:45:48+00:00","dateModified":"2020-12-01T17:35:03+00:00","breadcrumb":{"@id":"https:\/\/colegioarquitectos.com\/noticias\/?p=26324#breadcrumb"},"inLanguage":"es","potentialAction":[{"@type":"ReadAction","target":["https:\/\/colegioarquitectos.com\/noticias\/?p=26324"]}]},{"@type":"BreadcrumbList","@id":"https:\/\/colegioarquitectos.com\/noticias\/?p=26324#breadcrumb","itemListElement":[{"@type":"ListItem","position":1,"name":"Portada","item":"https:\/\/colegioarquitectos.com\/noticias"},{"@type":"ListItem","position":2,"name":"Francisco Herrera Mu\u00f1oz \u2014 Vicepresidente de Asuntos Internos"}]},{"@type":"WebSite","@id":"https:\/\/colegioarquitectos.com\/noticias\/#website","url":"https:\/\/colegioarquitectos.com\/noticias\/","name":"COLEGIO DE ARQUITECTOS DE CHILE","description":"","publisher":{"@id":"https:\/\/colegioarquitectos.com\/noticias\/#organization"},"potentialAction":[{"@type":"SearchAction","target":{"@type":"EntryPoint","urlTemplate":"https:\/\/colegioarquitectos.com\/noticias\/?s={search_term_string}"},"query-input":{"@type":"PropertyValueSpecification","valueRequired":true,"valueName":"search_term_string"}}],"inLanguage":"es"},{"@type":"Organization","@id":"https:\/\/colegioarquitectos.com\/noticias\/#organization","name":"COLEGIO DE ARQUITECTOS DE CHILE","url":"https:\/\/colegioarquitectos.com\/noticias\/","logo":{"@type":"ImageObject","inLanguage":"es","@id":"https:\/\/colegioarquitectos.com\/noticias\/#\/schema\/logo\/image\/","url":"https:\/\/colegioarquitectos.com\/noticias\/wp-content\/uploads\/2021\/05\/ENCABEZADO-LOGO-CA.jpg","contentUrl":"https:\/\/colegioarquitectos.com\/noticias\/wp-content\/uploads\/2021\/05\/ENCABEZADO-LOGO-CA.jpg","width":690,"height":350,"caption":"COLEGIO DE ARQUITECTOS DE CHILE"},"image":{"@id":"https:\/\/colegioarquitectos.com\/noticias\/#\/schema\/logo\/image\/"},"sameAs":["https:\/\/facebook.com\/Colegioarq\/","https:\/\/x.com\/colegioarq","https:\/\/instagram.com\/colegioarq","https:\/\/youtube.com\/@ColegiodeArquitectosdeChile"]},{"@type":"Person","@id":"https:\/\/colegioarquitectos.com\/noticias\/#\/schema\/person\/685cc0aad148303c5608f049af8285ad","name":"Colegio de Arquitectos de Chile","url":"https:\/\/colegioarquitectos.com\/noticias\/?author=4"}]}},"_links":{"self":[{"href":"https:\/\/colegioarquitectos.com\/noticias\/index.php?rest_route=\/wp\/v2\/posts\/26324","targetHints":{"allow":["GET"]}}],"collection":[{"href":"https:\/\/colegioarquitectos.com\/noticias\/index.php?rest_route=\/wp\/v2\/posts"}],"about":[{"href":"https:\/\/colegioarquitectos.com\/noticias\/index.php?rest_route=\/wp\/v2\/types\/post"}],"author":[{"embeddable":true,"href":"https:\/\/colegioarquitectos.com\/noticias\/index.php?rest_route=\/wp\/v2\/users\/4"}],"replies":[{"embeddable":true,"href":"https:\/\/colegioarquitectos.com\/noticias\/index.php?rest_route=%2Fwp%2Fv2%2Fcomments&post=26324"}],"version-history":[{"count":0,"href":"https:\/\/colegioarquitectos.com\/noticias\/index.php?rest_route=\/wp\/v2\/posts\/26324\/revisions"}],"wp:attachment":[{"href":"https:\/\/colegioarquitectos.com\/noticias\/index.php?rest_route=%2Fwp%2Fv2%2Fmedia&parent=26324"}],"wp:term":[{"taxonomy":"category","embeddable":true,"href":"https:\/\/colegioarquitectos.com\/noticias\/index.php?rest_route=%2Fwp%2Fv2%2Fcategories&post=26324"},{"taxonomy":"post_tag","embeddable":true,"href":"https:\/\/colegioarquitectos.com\/noticias\/index.php?rest_route=%2Fwp%2Fv2%2Ftags&post=26324"}],"curies":[{"name":"wp","href":"https:\/\/api.w.org\/{rel}","templated":true}]}}