
{"id":26340,"date":"2020-11-24T15:06:57","date_gmt":"2020-11-24T15:06:57","guid":{"rendered":"http:\/\/colegioarquitectos.com\/?p=26340"},"modified":"2020-11-24T15:06:57","modified_gmt":"2020-11-24T15:06:57","slug":"fachada-y-patio-cubierto-del-campus-oriente-puc-y-edificio-lyon-son-reconocidos-como-la-mejor-obra-de-arquitectura-del-ladrillo-2020","status":"publish","type":"post","link":"https:\/\/colegioarquitectos.com\/noticias\/?p=26340","title":{"rendered":"Fachada y patio cubierto del Campus Oriente (PUC) y Edificio Lyon son reconocidos como la Mejor Obra de Arquitectura del Ladrillo 2020"},"content":{"rendered":"<p>Tras la resoluci\u00f3n de un jurado compuesto por referentes de la arquitectura nacional, sumado a la votaci\u00f3n del p\u00fablico, se dio a conocer la <strong>Mejor Obra de Arquitectura del Ladrillo 2020<\/strong>, cuyo objetivo fue reconocer a los mejores exponentes de la arquitectura nacional y sus obras en ladrillo a la vista y mostrar el valor arquitect\u00f3nico que tiene este material que forma parte de la identidad de nuestro pa\u00eds.<\/p>\n<p>En esta ocasi\u00f3n, el reconocimiento a la <strong>Mejor Obra<\/strong> se entreg\u00f3 a dos proyectos: la <strong>Fachada y patio cubierto en el nuevo Centro de Extensi\u00f3n Oriente ubicado en el Campus Oriente de la Pontificia Universidad Cat\u00f3lica de Chile<\/strong> y el <strong>Edificio Lyon<\/strong>.<\/p>\n<p>La Fachada y patio cubierto la Pontificia Universidad Cat\u00f3lica de Chile, fue realizado entre los a\u00f1os 2015 y 2020 por los arquitectos <strong>Fernando P\u00e9rez y Jos\u00e9 Quintanilla<\/strong>. Su principal concepto tiene que ver en c\u00f3mo una nueva construcci\u00f3n moderna puede relacionarse con una arquitectura neorrom\u00e1ntica de un edificio construido en los a\u00f1os 30. Bajo ese contexto, los arquitectos utilizaron un material que permit\u00eda simpat\u00eda con la obra que ya estaba en este lugar: el ladrillo, el que junto con el hormig\u00f3n, se utiliz\u00f3 en su versi\u00f3n artesanal, la misma de los viejos muros.<\/p>\n<p>Este proyecto desarrollado en dos fases, logr\u00f3 la coexistencia de lo nuevo y lo antiguo, como tambi\u00e9n la de lo abierto al p\u00fablico y lo propiamente universitario, ya que el conjunto incorpor\u00f3 piezas que permitieron reconocer los elementos del pasado que lo rodeaban.<\/p>\n<p>Respecto al Edificio Lyon ubicado en Av. Ricardo Lyon 880, fue realizado entre 1997 y 1998 por los arquitectos <strong>Raimundo Lira y Jos\u00e9 Domingo Pe\u00f1afiel<\/strong>. Este edificio de departamentos DFL-2 se materializ\u00f3 en hormig\u00f3n armado y los muros de su fachada se revistieron por completo con enchapes de ladrillo, con superficies de aperturas controladas, con el objetivo de cuidar la privacidad y la luz solar. Fue el primer proyecto que utiliz\u00f3 ladrillo quiebravista, para mantener la continuidad del material de fachada en zonas que necesitaban permeabilidad, ventilaci\u00f3n e iluminaci\u00f3n natural.<\/p>\n<p>El presidente de Cer\u00e1mica Santiago, <strong>Hern\u00e1n Levy<\/strong>, quien fue parte del jurado coment\u00f3 \u00abtuvimos un empate en la Mejor Obra, porque ambos proyectos lograron incorporar el ladrillo como un valor agregado del dise\u00f1o arquitect\u00f3nico, entregando soluciones amigables con el entorno y con t\u00e9cnicas e innovaciones que consideraban criterios sustentables\u00bb.<\/p>\n<p>Continu\u00f3 indicando que \u00abpor una parte, el edificio de la Universidad Cat\u00f3lica logr\u00f3 insertarse en forma muy arm\u00f3nica con las construcciones que ya estaban ah\u00ed y que ten\u00edan alrededor de un siglo. Por su parte el Edificio Lyon, que fue construido hace 30 a\u00f1os, a\u00fan mantiene su vigencia 100% tanto en su espectacular e interesante dise\u00f1o, como en el paso del tiempo en el cual el edificio esta exactamente igual que como fue construido, lo que muestra la longevidad del material\u00bb.<\/p>\n<p>Sobre la obra de la Universidad Cat\u00f3lica, la jurado y Head Of Community &amp; Partnerships Plataforma Arquitectura \/ArchDaily, <strong>Pola Mora<\/strong> indic\u00f3 que \u00abme sent\u00ed cautivada en este proyecto en cuanto lo vi, ya que muestra c\u00f3mo a trav\u00e9s de un lenguaje contempor\u00e1neo se le da realce a una estructura preexistente y bastante tradicional. Es maravillosa\u00bb.<\/p>\n<p>Continu\u00f3 indicando que \u00aben relaci\u00f3n al Edificio Lyon, el performance le material es algo muy importante al determinar cu\u00e1ndo es una buena arquitectura y \u00e9sta es un referente en cuanto a obras construidas en ladrillo. Ha envejecido de forma muy maravillosa y eso ayuda para que las generaciones nuevas tengan un referente al trabajar con aplicaciones en ladrillo\u00bb.<\/p>\n<p>El director del Instituto de la Construcci\u00f3n, el arquitecto <strong>Carlos Alberto Urz\u00faa<\/strong> indic\u00f3 que \u00abel edificio de la Universidad Cat\u00f3lica que fue construido en la d\u00e9cada del 20 es un homenaje al ladrillo, e incorporarle 2 proyectos nuevos a este gran conjunto no era f\u00e1cil. Lo valoramos mucho para entregar este reconocimiento, donde se respecta lo antiguo y lo nuevo, con una historia del uso del ladrillo. Respecto al Edificio Lyon, creo que hay formas de envejecer y esta es una obra que tiene muchos a\u00f1os y se mantiene muy joven. Construida con mucho cuidado y el tiempo le ha hecho bien\u00bb.<\/p>\n<p>El decano de la Facultad de Arquitectura y Arte de la Universidad del Desarrollo, <strong>Pablo Allard<\/strong> coment\u00f3 sobre la obra de la PUC que \u00abesta es una obra reciente, pero tuvo que v\u00e9rsela con un edificio patrimonial que es de ladrillo a la vista y con un lenguaje austero porque era un antiguo claustro. \u00c9sta logr\u00f3 conectar un lenguaje contempor\u00e1neo con uno antiguo y renovar y poner en valor este campus de la Universidad Cat\u00f3lica\u00bb.<\/p>\n<p>La menci\u00f3n a la categor\u00eda Arquitecto Emergente fue entregada a <strong>Sebasti\u00e1n Mej\u00edas<\/strong> por su obra,<strong> Oratorio de la Peregrina<\/strong> construida el a\u00f1o 2019. Este proyecto es una infraestructura socio-religiosa ubicada en <strong>Villa Prat, Regi\u00f3n del Maule<\/strong>, lugar cuya principal caracter\u00edstica es la inserci\u00f3n de hornos carboneros, que son parte importante de su econom\u00eda. Destaca que esta obra \u2014construida con ladrillo con barro que soporta las cargas desde la c\u00faspide hasta la fundaci\u00f3n que dan como forma al oratorio\u2014 considera la iconograf\u00eda de estos hornos carboneros y aprovecha sus cualidades espaciales y constructivas. Cabe destacar que el ladrillo permite una importante aislaci\u00f3n t\u00e9rmica y ac\u00fastica, lo que es aprovechado para el funcionamiento de este oratorio.<\/p>\n<p>Sobre esta obra, <strong>Hern\u00e1n Levy<\/strong> coment\u00f3 \u00abel trabajo del arquitecto Sebasti\u00e1n Mej\u00edas logra utilizar el paisaje exterior extremadamente simple que rodea su obra, as\u00ed como sus elementos culturales, para lograr una interioridad que refleja su entorno y la vida que hay a su alrededor\u00bb.<\/p>\n<p>Por su parte, la Head Of Community &amp; Partnerships Plataforma Arquitectura \/ArchDaily, <strong>Pola Mora<\/strong> indic\u00f3 que \u00abestuvimos conversando con el jurado y todos llegamos a la conclusi\u00f3n que esta obra es una poes\u00eda al ladrillo y que refleja una forma experencial muy rica. Emula estos hornos del valle central y por dentro se ve la innovaci\u00f3n que este arquitecto aplic\u00f3 considerando la forma en que se instala. Nos cautiv\u00f3 a todos\u00bb.<\/p>\n<p>El director del Instituto de la Construcci\u00f3n, el arquitecto <strong>Carlos Alberto Urz\u00faa<\/strong> reiter\u00f3 la comparaci\u00f3n con una poes\u00eda indicando tambi\u00e9n \u00abque est\u00e1 muy bien instalado y con espacios externos muy acompa\u00f1adores de la obra. Una obra peque\u00f1a y bella. Digna de felicitaciones\u00bb.<\/p>\n<p>El decano de la Facultad de Arquitectura y Arte de la Universidad del Desarrollo, <strong>Pablo Allard<\/strong> se\u00f1al\u00f3 que \u00abesperamos que este reconocimiento le d\u00e9 al inicio de la carrera de Sebasti\u00e1n el respaldo y energ\u00eda para seguir haciendo esta s\u00edntesis tan bella entre material, nobleza, espiritualidad y simplicidad\u00bb.<\/p>\n<p>Finalmente arquitecto <strong>Juan Agust\u00edn Soza<\/strong> obtuvo el premio en la categor\u00eda Innovaci\u00f3n en el Uso del Ladrillo con su obra <strong>Casa 4M<\/strong>, levantada entre los a\u00f1os 2006 y 2008 con ladrillo a la vista en el barrio Quinchamal\u00ed de Las Condes. Construida con entramados tradicionales en ladrillo, esta obra se integr\u00f3 a su paisaje y entorno de forma aut\u00f3noma. El paramento frontal fue definido principalmente por ladrillos traslapados de forma aleatoria permitiendo el resguardo del ruido y visual hacia la calle controlando la exposici\u00f3n del sol norte y poniente conformando por patios de luz. En t\u00e9rminos de sustentabilidad cuenta con solares, calefacci\u00f3n a pellets, sistemas de reciclaje y compost.<\/p>\n<p>Asimismo, climatizaci\u00f3n pasiva mediante emplazamiento y orientaci\u00f3n, con una correcta iluminaci\u00f3n natural, el uso de materiales locales en su construcci\u00f3n y aislaci\u00f3n t\u00e9rmica son sus atributos sustentable intr\u00ednsecos a la obra. Caracter\u00edsticos son sus muros de ladrillo con destrabados con escalerillas horizontales, verticales y entramados, los que han resistido correctamente el paso del tiempo y sismos de alta magnitud.<\/p>\n<p>\u00abBasta mirar el proyecto realizado por el arquitecto Soza para ver que es una pieza \u00fanica tanto en nuestro pa\u00eds, como en el mundo, con soluciones innovadoras e in\u00e9ditas de gran belleza\u00bb, indic\u00f3 <strong>Hern\u00e1n Levy<\/strong>.<\/p>\n<p>\u00abLa predominancia del ladrillo era fundamental para elegir una obra, y en \u00e9sta se estruja el material. Se ve en diferentes formas aplicado, con espacios muy ricos. La casa es de ladrillo por donde la mires. Fue una de las cosas que m\u00e1s valoramos como jurado\u00bb, coment\u00f3 la Head Of Community &amp; Partnerships Plataforma Arquitectura \/ArchDaily, <strong>Pola Mora<\/strong>.<\/p>\n<p>\u00abVemos muy bien empleado el ladrillo como parte de su estructura, con mucha libertad y soltura dentro del proyecto que la hace ser una obra muy interesante\u00bb, finaliz\u00f3 el director del Instituto de la Construcci\u00f3n, el arquitecto <strong>Carlos Alberto Urz\u00faa<\/strong>.<\/p>\n<p><img loading=\"lazy\" decoding=\"async\" class=\"alignleft size-full wp-image-26342\" src=\"http:\/\/colegioarquitectos.com\/noticias\/wp-content\/uploads\/2020\/11\/GANADOR-MEJOR-OBRA-2.png\" alt=\"\" width=\"1080\" height=\"1081\" srcset=\"https:\/\/colegioarquitectos.com\/noticias\/wp-content\/uploads\/2020\/11\/GANADOR-MEJOR-OBRA-2.png 1080w, https:\/\/colegioarquitectos.com\/noticias\/wp-content\/uploads\/2020\/11\/GANADOR-MEJOR-OBRA-2-180x180.png 180w, https:\/\/colegioarquitectos.com\/noticias\/wp-content\/uploads\/2020\/11\/GANADOR-MEJOR-OBRA-2-300x300.png 300w, https:\/\/colegioarquitectos.com\/noticias\/wp-content\/uploads\/2020\/11\/GANADOR-MEJOR-OBRA-2-768x769.png 768w, https:\/\/colegioarquitectos.com\/noticias\/wp-content\/uploads\/2020\/11\/GANADOR-MEJOR-OBRA-2-1024x1024.png 1024w\" sizes=\"auto, (max-width: 1080px) 100vw, 1080px\" \/> <img loading=\"lazy\" decoding=\"async\" class=\"alignleft size-full wp-image-26343\" src=\"http:\/\/colegioarquitectos.com\/noticias\/wp-content\/uploads\/2020\/11\/GANADOR-MEJOR-OBRA.png\" alt=\"\" width=\"1080\" height=\"1081\" srcset=\"https:\/\/colegioarquitectos.com\/noticias\/wp-content\/uploads\/2020\/11\/GANADOR-MEJOR-OBRA.png 1080w, https:\/\/colegioarquitectos.com\/noticias\/wp-content\/uploads\/2020\/11\/GANADOR-MEJOR-OBRA-180x180.png 180w, https:\/\/colegioarquitectos.com\/noticias\/wp-content\/uploads\/2020\/11\/GANADOR-MEJOR-OBRA-300x300.png 300w, https:\/\/colegioarquitectos.com\/noticias\/wp-content\/uploads\/2020\/11\/GANADOR-MEJOR-OBRA-768x769.png 768w, https:\/\/colegioarquitectos.com\/noticias\/wp-content\/uploads\/2020\/11\/GANADOR-MEJOR-OBRA-1024x1024.png 1024w\" sizes=\"auto, (max-width: 1080px) 100vw, 1080px\" \/> <img loading=\"lazy\" decoding=\"async\" class=\"alignleft size-full wp-image-26344\" src=\"http:\/\/colegioarquitectos.com\/noticias\/wp-content\/uploads\/2020\/11\/GANADOR-PREMIO-ARQ.-EMERGENTE.png\" alt=\"\" width=\"1080\" height=\"1081\" srcset=\"https:\/\/colegioarquitectos.com\/noticias\/wp-content\/uploads\/2020\/11\/GANADOR-PREMIO-ARQ.-EMERGENTE.png 1080w, https:\/\/colegioarquitectos.com\/noticias\/wp-content\/uploads\/2020\/11\/GANADOR-PREMIO-ARQ.-EMERGENTE-180x180.png 180w, https:\/\/colegioarquitectos.com\/noticias\/wp-content\/uploads\/2020\/11\/GANADOR-PREMIO-ARQ.-EMERGENTE-300x300.png 300w, https:\/\/colegioarquitectos.com\/noticias\/wp-content\/uploads\/2020\/11\/GANADOR-PREMIO-ARQ.-EMERGENTE-768x769.png 768w, https:\/\/colegioarquitectos.com\/noticias\/wp-content\/uploads\/2020\/11\/GANADOR-PREMIO-ARQ.-EMERGENTE-1024x1024.png 1024w\" sizes=\"auto, (max-width: 1080px) 100vw, 1080px\" \/> <img loading=\"lazy\" decoding=\"async\" class=\"alignleft size-full wp-image-26345\" src=\"http:\/\/colegioarquitectos.com\/noticias\/wp-content\/uploads\/2020\/11\/GANADOR-PREMIO-INNOVACION-EN-LADRILLO.png\" alt=\"\" width=\"1080\" height=\"1081\" srcset=\"https:\/\/colegioarquitectos.com\/noticias\/wp-content\/uploads\/2020\/11\/GANADOR-PREMIO-INNOVACION-EN-LADRILLO.png 1080w, https:\/\/colegioarquitectos.com\/noticias\/wp-content\/uploads\/2020\/11\/GANADOR-PREMIO-INNOVACION-EN-LADRILLO-180x180.png 180w, https:\/\/colegioarquitectos.com\/noticias\/wp-content\/uploads\/2020\/11\/GANADOR-PREMIO-INNOVACION-EN-LADRILLO-300x300.png 300w, https:\/\/colegioarquitectos.com\/noticias\/wp-content\/uploads\/2020\/11\/GANADOR-PREMIO-INNOVACION-EN-LADRILLO-768x769.png 768w, https:\/\/colegioarquitectos.com\/noticias\/wp-content\/uploads\/2020\/11\/GANADOR-PREMIO-INNOVACION-EN-LADRILLO-1024x1024.png 1024w\" sizes=\"auto, (max-width: 1080px) 100vw, 1080px\" \/><\/p>\n<p><\/p>","protected":false},"excerpt":{"rendered":"<p>Tras la resoluci\u00f3n de un jurado compuesto por referentes de la arquitectura nacional, sumado a la votaci\u00f3n del p\u00fablico, se dio a conocer la Mejor Obra de Arquitectura del Ladrillo 2020, cuyo objetivo fue reconocer a los mejores exponentes de &hellip; <a class=\"more-link\" href=\"https:\/\/colegioarquitectos.com\/noticias\/?p=26340\">ver m\u00e1s<\/a><\/p>","protected":false},"author":4,"featured_media":26341,"comment_status":"closed","ping_status":"closed","sticky":false,"template":"","format":"standard","meta":{"footnotes":""},"categories":[3],"tags":[],"class_list":["post-26340","post","type-post","status-publish","format-standard","has-post-thumbnail","hentry","category-noticias"],"yoast_head":"<!-- This site is optimized with the Yoast SEO plugin v24.2 - https:\/\/yoast.com\/wordpress\/plugins\/seo\/ -->\n<title>Fachada y patio cubierto del Campus Oriente (PUC) y Edificio Lyon son reconocidos como la Mejor Obra de Arquitectura del Ladrillo 2020 - COLEGIO DE ARQUITECTOS DE CHILE<\/title>\n<meta name=\"robots\" content=\"index, follow, max-snippet:-1, max-image-preview:large, max-video-preview:-1\" \/>\n<link rel=\"canonical\" href=\"https:\/\/colegioarquitectos.com\/noticias\/?p=26340\" \/>\n<meta property=\"og:locale\" content=\"es_ES\" \/>\n<meta property=\"og:type\" content=\"article\" \/>\n<meta property=\"og:title\" content=\"Fachada y patio cubierto del Campus Oriente (PUC) y Edificio Lyon son reconocidos como la Mejor Obra de Arquitectura del Ladrillo 2020 - COLEGIO DE ARQUITECTOS DE CHILE\" \/>\n<meta property=\"og:description\" content=\"Tras la resoluci\u00f3n de un jurado compuesto por referentes de la arquitectura nacional, sumado a la votaci\u00f3n del p\u00fablico, se dio a conocer la Mejor Obra de Arquitectura del Ladrillo 2020, cuyo objetivo fue reconocer a los mejores exponentes de &hellip; ver m\u00e1s\" \/>\n<meta property=\"og:url\" content=\"https:\/\/colegioarquitectos.com\/noticias\/?p=26340\" \/>\n<meta property=\"og:site_name\" content=\"COLEGIO DE ARQUITECTOS DE CHILE\" \/>\n<meta property=\"article:publisher\" content=\"https:\/\/facebook.com\/Colegioarq\/\" \/>\n<meta property=\"article:published_time\" content=\"2020-11-24T15:06:57+00:00\" \/>\n<meta property=\"og:image\" content=\"https:\/\/colegioarquitectos.com\/noticias\/wp-content\/uploads\/2020\/11\/BeFunky-collage.jpg\" \/>\n\t<meta property=\"og:image:width\" content=\"690\" \/>\n\t<meta property=\"og:image:height\" content=\"350\" \/>\n\t<meta property=\"og:image:type\" content=\"image\/jpeg\" \/>\n<meta name=\"author\" content=\"Colegio de Arquitectos de Chile\" \/>\n<meta name=\"twitter:card\" content=\"summary_large_image\" \/>\n<meta name=\"twitter:creator\" content=\"@colegioarq\" \/>\n<meta name=\"twitter:site\" content=\"@colegioarq\" \/>\n<meta name=\"twitter:label1\" content=\"Escrito por\" \/>\n\t<meta name=\"twitter:data1\" content=\"Colegio de Arquitectos de Chile\" \/>\n\t<meta name=\"twitter:label2\" content=\"Tiempo de lectura\" \/>\n\t<meta name=\"twitter:data2\" content=\"7 minutos\" \/>\n<script type=\"application\/ld+json\" class=\"yoast-schema-graph\">{\"@context\":\"https:\/\/schema.org\",\"@graph\":[{\"@type\":\"Article\",\"@id\":\"https:\/\/colegioarquitectos.com\/noticias\/?p=26340#article\",\"isPartOf\":{\"@id\":\"https:\/\/colegioarquitectos.com\/noticias\/?p=26340\"},\"author\":{\"name\":\"Colegio de Arquitectos de Chile\",\"@id\":\"https:\/\/colegioarquitectos.com\/noticias\/#\/schema\/person\/685cc0aad148303c5608f049af8285ad\"},\"headline\":\"Fachada y patio cubierto del Campus Oriente (PUC) y Edificio Lyon son reconocidos como la Mejor Obra de Arquitectura del Ladrillo 2020\",\"datePublished\":\"2020-11-24T15:06:57+00:00\",\"dateModified\":\"2020-11-24T15:06:57+00:00\",\"mainEntityOfPage\":{\"@id\":\"https:\/\/colegioarquitectos.com\/noticias\/?p=26340\"},\"wordCount\":1489,\"publisher\":{\"@id\":\"https:\/\/colegioarquitectos.com\/noticias\/#organization\"},\"image\":{\"@id\":\"https:\/\/colegioarquitectos.com\/noticias\/?p=26340#primaryimage\"},\"thumbnailUrl\":\"https:\/\/colegioarquitectos.com\/noticias\/wp-content\/uploads\/2020\/11\/BeFunky-collage.jpg\",\"articleSection\":[\"Noticias\"],\"inLanguage\":\"es\"},{\"@type\":\"WebPage\",\"@id\":\"https:\/\/colegioarquitectos.com\/noticias\/?p=26340\",\"url\":\"https:\/\/colegioarquitectos.com\/noticias\/?p=26340\",\"name\":\"Fachada y patio cubierto del Campus Oriente (PUC) y Edificio Lyon son reconocidos como la Mejor Obra de Arquitectura del Ladrillo 2020 - COLEGIO DE ARQUITECTOS DE CHILE\",\"isPartOf\":{\"@id\":\"https:\/\/colegioarquitectos.com\/noticias\/#website\"},\"primaryImageOfPage\":{\"@id\":\"https:\/\/colegioarquitectos.com\/noticias\/?p=26340#primaryimage\"},\"image\":{\"@id\":\"https:\/\/colegioarquitectos.com\/noticias\/?p=26340#primaryimage\"},\"thumbnailUrl\":\"https:\/\/colegioarquitectos.com\/noticias\/wp-content\/uploads\/2020\/11\/BeFunky-collage.jpg\",\"datePublished\":\"2020-11-24T15:06:57+00:00\",\"dateModified\":\"2020-11-24T15:06:57+00:00\",\"breadcrumb\":{\"@id\":\"https:\/\/colegioarquitectos.com\/noticias\/?p=26340#breadcrumb\"},\"inLanguage\":\"es\",\"potentialAction\":[{\"@type\":\"ReadAction\",\"target\":[\"https:\/\/colegioarquitectos.com\/noticias\/?p=26340\"]}]},{\"@type\":\"ImageObject\",\"inLanguage\":\"es\",\"@id\":\"https:\/\/colegioarquitectos.com\/noticias\/?p=26340#primaryimage\",\"url\":\"https:\/\/colegioarquitectos.com\/noticias\/wp-content\/uploads\/2020\/11\/BeFunky-collage.jpg\",\"contentUrl\":\"https:\/\/colegioarquitectos.com\/noticias\/wp-content\/uploads\/2020\/11\/BeFunky-collage.jpg\",\"width\":690,\"height\":350},{\"@type\":\"BreadcrumbList\",\"@id\":\"https:\/\/colegioarquitectos.com\/noticias\/?p=26340#breadcrumb\",\"itemListElement\":[{\"@type\":\"ListItem\",\"position\":1,\"name\":\"Portada\",\"item\":\"https:\/\/colegioarquitectos.com\/noticias\"},{\"@type\":\"ListItem\",\"position\":2,\"name\":\"Fachada y patio cubierto del Campus Oriente (PUC) y Edificio Lyon son reconocidos como la Mejor Obra de Arquitectura del Ladrillo 2020\"}]},{\"@type\":\"WebSite\",\"@id\":\"https:\/\/colegioarquitectos.com\/noticias\/#website\",\"url\":\"https:\/\/colegioarquitectos.com\/noticias\/\",\"name\":\"COLEGIO DE ARQUITECTOS DE CHILE\",\"description\":\"\",\"publisher\":{\"@id\":\"https:\/\/colegioarquitectos.com\/noticias\/#organization\"},\"potentialAction\":[{\"@type\":\"SearchAction\",\"target\":{\"@type\":\"EntryPoint\",\"urlTemplate\":\"https:\/\/colegioarquitectos.com\/noticias\/?s={search_term_string}\"},\"query-input\":{\"@type\":\"PropertyValueSpecification\",\"valueRequired\":true,\"valueName\":\"search_term_string\"}}],\"inLanguage\":\"es\"},{\"@type\":\"Organization\",\"@id\":\"https:\/\/colegioarquitectos.com\/noticias\/#organization\",\"name\":\"COLEGIO DE ARQUITECTOS DE CHILE\",\"url\":\"https:\/\/colegioarquitectos.com\/noticias\/\",\"logo\":{\"@type\":\"ImageObject\",\"inLanguage\":\"es\",\"@id\":\"https:\/\/colegioarquitectos.com\/noticias\/#\/schema\/logo\/image\/\",\"url\":\"https:\/\/colegioarquitectos.com\/noticias\/wp-content\/uploads\/2021\/05\/ENCABEZADO-LOGO-CA.jpg\",\"contentUrl\":\"https:\/\/colegioarquitectos.com\/noticias\/wp-content\/uploads\/2021\/05\/ENCABEZADO-LOGO-CA.jpg\",\"width\":690,\"height\":350,\"caption\":\"COLEGIO DE ARQUITECTOS DE CHILE\"},\"image\":{\"@id\":\"https:\/\/colegioarquitectos.com\/noticias\/#\/schema\/logo\/image\/\"},\"sameAs\":[\"https:\/\/facebook.com\/Colegioarq\/\",\"https:\/\/x.com\/colegioarq\",\"https:\/\/instagram.com\/colegioarq\",\"https:\/\/youtube.com\/@ColegiodeArquitectosdeChile\"]},{\"@type\":\"Person\",\"@id\":\"https:\/\/colegioarquitectos.com\/noticias\/#\/schema\/person\/685cc0aad148303c5608f049af8285ad\",\"name\":\"Colegio de Arquitectos de Chile\",\"url\":\"https:\/\/colegioarquitectos.com\/noticias\/?author=4\"}]}<\/script>\n<!-- \/ Yoast SEO plugin. -->","yoast_head_json":{"title":"Fachada y patio cubierto del Campus Oriente (PUC) y Edificio Lyon son reconocidos como la Mejor Obra de Arquitectura del Ladrillo 2020 - COLEGIO DE ARQUITECTOS DE CHILE","robots":{"index":"index","follow":"follow","max-snippet":"max-snippet:-1","max-image-preview":"max-image-preview:large","max-video-preview":"max-video-preview:-1"},"canonical":"https:\/\/colegioarquitectos.com\/noticias\/?p=26340","og_locale":"es_ES","og_type":"article","og_title":"Fachada y patio cubierto del Campus Oriente (PUC) y Edificio Lyon son reconocidos como la Mejor Obra de Arquitectura del Ladrillo 2020 - COLEGIO DE ARQUITECTOS DE CHILE","og_description":"Tras la resoluci\u00f3n de un jurado compuesto por referentes de la arquitectura nacional, sumado a la votaci\u00f3n del p\u00fablico, se dio a conocer la Mejor Obra de Arquitectura del Ladrillo 2020, cuyo objetivo fue reconocer a los mejores exponentes de &hellip; ver m\u00e1s","og_url":"https:\/\/colegioarquitectos.com\/noticias\/?p=26340","og_site_name":"COLEGIO DE ARQUITECTOS DE CHILE","article_publisher":"https:\/\/facebook.com\/Colegioarq\/","article_published_time":"2020-11-24T15:06:57+00:00","og_image":[{"width":690,"height":350,"url":"https:\/\/colegioarquitectos.com\/noticias\/wp-content\/uploads\/2020\/11\/BeFunky-collage.jpg","type":"image\/jpeg"}],"author":"Colegio de Arquitectos de Chile","twitter_card":"summary_large_image","twitter_creator":"@colegioarq","twitter_site":"@colegioarq","twitter_misc":{"Escrito por":"Colegio de Arquitectos de Chile","Tiempo de lectura":"7 minutos"},"schema":{"@context":"https:\/\/schema.org","@graph":[{"@type":"Article","@id":"https:\/\/colegioarquitectos.com\/noticias\/?p=26340#article","isPartOf":{"@id":"https:\/\/colegioarquitectos.com\/noticias\/?p=26340"},"author":{"name":"Colegio de Arquitectos de Chile","@id":"https:\/\/colegioarquitectos.com\/noticias\/#\/schema\/person\/685cc0aad148303c5608f049af8285ad"},"headline":"Fachada y patio cubierto del Campus Oriente (PUC) y Edificio Lyon son reconocidos como la Mejor Obra de Arquitectura del Ladrillo 2020","datePublished":"2020-11-24T15:06:57+00:00","dateModified":"2020-11-24T15:06:57+00:00","mainEntityOfPage":{"@id":"https:\/\/colegioarquitectos.com\/noticias\/?p=26340"},"wordCount":1489,"publisher":{"@id":"https:\/\/colegioarquitectos.com\/noticias\/#organization"},"image":{"@id":"https:\/\/colegioarquitectos.com\/noticias\/?p=26340#primaryimage"},"thumbnailUrl":"https:\/\/colegioarquitectos.com\/noticias\/wp-content\/uploads\/2020\/11\/BeFunky-collage.jpg","articleSection":["Noticias"],"inLanguage":"es"},{"@type":"WebPage","@id":"https:\/\/colegioarquitectos.com\/noticias\/?p=26340","url":"https:\/\/colegioarquitectos.com\/noticias\/?p=26340","name":"Fachada y patio cubierto del Campus Oriente (PUC) y Edificio Lyon son reconocidos como la Mejor Obra de Arquitectura del Ladrillo 2020 - COLEGIO DE ARQUITECTOS DE CHILE","isPartOf":{"@id":"https:\/\/colegioarquitectos.com\/noticias\/#website"},"primaryImageOfPage":{"@id":"https:\/\/colegioarquitectos.com\/noticias\/?p=26340#primaryimage"},"image":{"@id":"https:\/\/colegioarquitectos.com\/noticias\/?p=26340#primaryimage"},"thumbnailUrl":"https:\/\/colegioarquitectos.com\/noticias\/wp-content\/uploads\/2020\/11\/BeFunky-collage.jpg","datePublished":"2020-11-24T15:06:57+00:00","dateModified":"2020-11-24T15:06:57+00:00","breadcrumb":{"@id":"https:\/\/colegioarquitectos.com\/noticias\/?p=26340#breadcrumb"},"inLanguage":"es","potentialAction":[{"@type":"ReadAction","target":["https:\/\/colegioarquitectos.com\/noticias\/?p=26340"]}]},{"@type":"ImageObject","inLanguage":"es","@id":"https:\/\/colegioarquitectos.com\/noticias\/?p=26340#primaryimage","url":"https:\/\/colegioarquitectos.com\/noticias\/wp-content\/uploads\/2020\/11\/BeFunky-collage.jpg","contentUrl":"https:\/\/colegioarquitectos.com\/noticias\/wp-content\/uploads\/2020\/11\/BeFunky-collage.jpg","width":690,"height":350},{"@type":"BreadcrumbList","@id":"https:\/\/colegioarquitectos.com\/noticias\/?p=26340#breadcrumb","itemListElement":[{"@type":"ListItem","position":1,"name":"Portada","item":"https:\/\/colegioarquitectos.com\/noticias"},{"@type":"ListItem","position":2,"name":"Fachada y patio cubierto del Campus Oriente (PUC) y Edificio Lyon son reconocidos como la Mejor Obra de Arquitectura del Ladrillo 2020"}]},{"@type":"WebSite","@id":"https:\/\/colegioarquitectos.com\/noticias\/#website","url":"https:\/\/colegioarquitectos.com\/noticias\/","name":"COLEGIO DE ARQUITECTOS DE CHILE","description":"","publisher":{"@id":"https:\/\/colegioarquitectos.com\/noticias\/#organization"},"potentialAction":[{"@type":"SearchAction","target":{"@type":"EntryPoint","urlTemplate":"https:\/\/colegioarquitectos.com\/noticias\/?s={search_term_string}"},"query-input":{"@type":"PropertyValueSpecification","valueRequired":true,"valueName":"search_term_string"}}],"inLanguage":"es"},{"@type":"Organization","@id":"https:\/\/colegioarquitectos.com\/noticias\/#organization","name":"COLEGIO DE ARQUITECTOS DE CHILE","url":"https:\/\/colegioarquitectos.com\/noticias\/","logo":{"@type":"ImageObject","inLanguage":"es","@id":"https:\/\/colegioarquitectos.com\/noticias\/#\/schema\/logo\/image\/","url":"https:\/\/colegioarquitectos.com\/noticias\/wp-content\/uploads\/2021\/05\/ENCABEZADO-LOGO-CA.jpg","contentUrl":"https:\/\/colegioarquitectos.com\/noticias\/wp-content\/uploads\/2021\/05\/ENCABEZADO-LOGO-CA.jpg","width":690,"height":350,"caption":"COLEGIO DE ARQUITECTOS DE CHILE"},"image":{"@id":"https:\/\/colegioarquitectos.com\/noticias\/#\/schema\/logo\/image\/"},"sameAs":["https:\/\/facebook.com\/Colegioarq\/","https:\/\/x.com\/colegioarq","https:\/\/instagram.com\/colegioarq","https:\/\/youtube.com\/@ColegiodeArquitectosdeChile"]},{"@type":"Person","@id":"https:\/\/colegioarquitectos.com\/noticias\/#\/schema\/person\/685cc0aad148303c5608f049af8285ad","name":"Colegio de Arquitectos de Chile","url":"https:\/\/colegioarquitectos.com\/noticias\/?author=4"}]}},"_links":{"self":[{"href":"https:\/\/colegioarquitectos.com\/noticias\/index.php?rest_route=\/wp\/v2\/posts\/26340","targetHints":{"allow":["GET"]}}],"collection":[{"href":"https:\/\/colegioarquitectos.com\/noticias\/index.php?rest_route=\/wp\/v2\/posts"}],"about":[{"href":"https:\/\/colegioarquitectos.com\/noticias\/index.php?rest_route=\/wp\/v2\/types\/post"}],"author":[{"embeddable":true,"href":"https:\/\/colegioarquitectos.com\/noticias\/index.php?rest_route=\/wp\/v2\/users\/4"}],"replies":[{"embeddable":true,"href":"https:\/\/colegioarquitectos.com\/noticias\/index.php?rest_route=%2Fwp%2Fv2%2Fcomments&post=26340"}],"version-history":[{"count":0,"href":"https:\/\/colegioarquitectos.com\/noticias\/index.php?rest_route=\/wp\/v2\/posts\/26340\/revisions"}],"wp:featuredmedia":[{"embeddable":true,"href":"https:\/\/colegioarquitectos.com\/noticias\/index.php?rest_route=\/wp\/v2\/media\/26341"}],"wp:attachment":[{"href":"https:\/\/colegioarquitectos.com\/noticias\/index.php?rest_route=%2Fwp%2Fv2%2Fmedia&parent=26340"}],"wp:term":[{"taxonomy":"category","embeddable":true,"href":"https:\/\/colegioarquitectos.com\/noticias\/index.php?rest_route=%2Fwp%2Fv2%2Fcategories&post=26340"},{"taxonomy":"post_tag","embeddable":true,"href":"https:\/\/colegioarquitectos.com\/noticias\/index.php?rest_route=%2Fwp%2Fv2%2Ftags&post=26340"}],"curies":[{"name":"wp","href":"https:\/\/api.w.org\/{rel}","templated":true}]}}