
{"id":26372,"date":"2020-12-01T21:17:59","date_gmt":"2020-12-01T21:17:59","guid":{"rendered":"http:\/\/colegioarquitectos.com\/?p=26372"},"modified":"2020-12-02T15:40:54","modified_gmt":"2020-12-02T15:40:54","slug":"jadille-baza-apud-es-la-nueva-presidenta-nacional-del-colegio-de-arquitectos-de-chile","status":"publish","type":"post","link":"https:\/\/colegioarquitectos.com\/noticias\/?p=26372","title":{"rendered":"Jadille Baza Apud es la nueva Presidenta Nacional del Colegio de Arquitectos de Chile"},"content":{"rendered":"<p>Este martes 1 de diciembre de 2020 en la <strong>Sesi\u00f3n Constitutiva<\/strong> del <strong>nuevo Directorio Nacional<\/strong> elegido por nuestros colegiados y colegiadas en las <strong>Elecciones CA 2020<\/strong>, se eligi\u00f3 la nueva <strong>Mesa Directiva<\/strong> y la composici\u00f3n de los cargos del <strong>Colegio de Arquitectos de Chile<\/strong> para el periodo <strong>2020-2022<\/strong>.<\/p>\n<p>El Directorio Nacional eligi\u00f3 a <strong>Jadille Baza Apud<\/strong> como nueva Presidenta Nacional del Colegio de Arquitectos de Chile; a <strong>Francisco Herrera Mu\u00f1oz<\/strong>\u00a0 como Vicepresidente de Asuntos Internos; a<strong> Fernando Miranda Monsalve<\/strong> como Vicepresidente de Asuntos Nacionales; a <strong>Lorena Estai Hidalgo<\/strong> como Secretaria General; y a <strong>Luis Viada Ovalle<\/strong> como Tesorero.<\/p>\n<p>En tanto, <strong>Humberto Eliash D\u00edaz<\/strong>, quien se desempe\u00f1\u00f3 como Presidente Nacional entre 2018 y 2020, pasa a integrar el nuevo Directorio como Past President.<\/p>\n<p>Por otra parte, la totalidad del Directorio Nacional qued\u00f3 compuesto por <strong>Juan Sabbagh Pisano<\/strong> como Director de Desarrollo; <strong>Loreto Lyon Nu\u00f1o<\/strong> como Directora de Actividades; y <strong>Mario Ter\u00e1n Pardo<\/strong> como Director de Beneficios.<\/p>\n<p>Todos los anteriores cargos electos fueron proclamados en la <strong>Asamblea General Ordinaria<\/strong> del pasado<strong> 23 de noviembre de 2020<\/strong>.<\/p>\n<p><strong>Jadille Baza Apud<\/strong>, nueva Presidenta Nacional del Colegio de Arquitectos de Chile, se convierte en la cuarta mujer en liderar a los arquitectos y arquitectas de Chile luego de <strong>Eliana Caraball (1986-1988)<\/strong>, <strong>Isabel Tuca (2000-2002)<\/strong> y <strong>Pilar Urrejola (2015-2017)<\/strong>.<\/p>\n<p>&nbsp;<\/p>\n<h3>Jadille Baza Apud<\/h3>\n<p>Arquitecta de la Universidad de Chile. Tiene estudios en Planificaci\u00f3n y Administraci\u00f3n de la Educaci\u00f3n en Chile, M\u00e9xico y Francia. Diplomado en Pol\u00edticas P\u00fablicas, Eficiencia Energ\u00e9tica y Energ\u00eda Solar T\u00e9rmica en Edificaci\u00f3n P\u00fablica de la Universidad de Chile.<\/p>\n<p>Ingres\u00f3 al Ministerio de Educaci\u00f3n en 1976, en donde se desempe\u00f1\u00f3 como jefa del Departamento de Infraestructura y Equipamiento Educacional hasta mayo de 2020. Se desempe\u00f1\u00f3 como jefa de la componente de Infraestructura del proyecto MECE del Banco Mundial y como coordinadora t\u00e9cnica nacional del proyecto conjunto del Ministerio de Educaci\u00f3n y Unesco para el mejoramiento de la inversi\u00f3n en infraestructura educacional.<\/p>\n<p>En el Colegio de Arquitectos de Chile fue Vicepresidenta Nacional en el per\u00edodo 2002-2004. Actualmente es Consultora internacional y Asesora de la Direcci\u00f3n de Educaci\u00f3n P\u00fablica, dependiente del Ministerio de Educaci\u00f3n de Chile.<\/p>\n<p>&nbsp;<\/p>\n<h3><strong>Mesa Directiva<\/strong><\/h3>\n<p><a href=\"http:\/\/colegioarquitectos.com\/noticias\/?p=26336\"><strong>\u00a0Jadille Baza Apud<\/strong> \u2014 Presidenta Nacional<\/a><\/p>\n<p><a href=\"http:\/\/colegioarquitectos.com\/noticias\/?p=26324\"><strong>Francisco Herrera Mu\u00f1oz<\/strong> \u2014 Vicepresidente de Asuntos Internos<\/a><\/p>\n<p><a href=\"http:\/\/colegioarquitectos.com\/noticias\/?p=26326\"><strong>Fernando Miranda Monsalve<\/strong> \u2014 Vicepresidente de Asuntos Nacionales<\/a><\/p>\n<p><a href=\"http:\/\/colegioarquitectos.com\/noticias\/?p=26316\"><strong>Lorena Estai Hidalgo<\/strong> \u2014 Secretaria General<\/a><\/p>\n<p><a href=\"http:\/\/colegioarquitectos.com\/noticias\/?p=26332\"><strong>Luis Viada Ovalle<\/strong> \u2014 Tesorero<\/a><\/p>\n<p><a href=\"http:\/\/colegioarquitectos.com\/noticias\/?p=20457\"><strong>Humberto Eliash D\u00edaz<\/strong> \u2014 Past President<\/a><\/p>\n<p>&nbsp;<\/p>\n<h3><strong>Directores<\/strong><\/h3>\n<p><a href=\"http:\/\/colegioarquitectos.com\/noticias\/?p=26329\"><strong>Juan Sabbagh Pisano<\/strong> \u2014Director de Desarrollo<\/a><\/p>\n<p><a href=\"http:\/\/colegioarquitectos.com\/noticias\/?p=26322\"><strong>Loreto Lyon Nu\u00f1o<\/strong> \u2014 Directora de Actividades<\/a><\/p>\n<p><a href=\"http:\/\/colegioarquitectos.com\/noticias\/?p=26319\"><strong>Mario Ter\u00e1n Pardo<\/strong> \u2014 Director de Beneficios<\/a><\/p>\n<p>&nbsp;<\/p>\n<hr \/>\n<p>&nbsp;<\/p>\n<div id=\"attachment_26410\" style=\"width: 410px\" class=\"wp-caption aligncenter\"><img loading=\"lazy\" decoding=\"async\" aria-describedby=\"caption-attachment-26410\" class=\"wp-image-26410\" src=\"http:\/\/colegioarquitectos.com\/noticias\/wp-content\/uploads\/2020\/12\/WhatsApp-Image-2020-12-02-at-11.28.48-577x1024.jpeg\" alt=\"\" width=\"400\" height=\"710\" srcset=\"https:\/\/colegioarquitectos.com\/noticias\/wp-content\/uploads\/2020\/12\/WhatsApp-Image-2020-12-02-at-11.28.48-577x1024.jpeg 577w, https:\/\/colegioarquitectos.com\/noticias\/wp-content\/uploads\/2020\/12\/WhatsApp-Image-2020-12-02-at-11.28.48-169x300.jpeg 169w, https:\/\/colegioarquitectos.com\/noticias\/wp-content\/uploads\/2020\/12\/WhatsApp-Image-2020-12-02-at-11.28.48.jpeg 640w\" sizes=\"auto, (max-width: 400px) 100vw, 400px\" \/><p id=\"caption-attachment-26410\" class=\"wp-caption-text\">Nuestro Premio Nacional de Arquitectura 2018, Miguel Lawner, se acerc\u00f3 ayer a saludar al nuevo Directorio Nacional del Colegio de Arquitectos de Chile liderado por la Presidenta Jadille Baza.<\/p><\/div>\n<p><\/p>","protected":false},"excerpt":{"rendered":"<p>Este martes 1 de diciembre de 2020 en la Sesi\u00f3n Constitutiva del nuevo Directorio Nacional elegido por nuestros colegiados y colegiadas en las Elecciones CA 2020, se eligi\u00f3 la nueva Mesa Directiva y la composici\u00f3n de los cargos del Colegio &hellip; <a class=\"more-link\" href=\"https:\/\/colegioarquitectos.com\/noticias\/?p=26372\">ver m\u00e1s<\/a><\/p>","protected":false},"author":4,"featured_media":26408,"comment_status":"closed","ping_status":"closed","sticky":false,"template":"","format":"standard","meta":{"footnotes":""},"categories":[8],"tags":[],"class_list":["post-26372","post","type-post","status-publish","format-standard","has-post-thumbnail","hentry","category-colegio-de-arquitectos"],"yoast_head":"<!-- This site is optimized with the Yoast SEO plugin v24.2 - https:\/\/yoast.com\/wordpress\/plugins\/seo\/ -->\n<title>Jadille Baza Apud es la nueva Presidenta Nacional del Colegio de Arquitectos de Chile - COLEGIO DE ARQUITECTOS DE CHILE<\/title>\n<meta name=\"robots\" content=\"index, follow, max-snippet:-1, max-image-preview:large, max-video-preview:-1\" \/>\n<link rel=\"canonical\" href=\"https:\/\/colegioarquitectos.com\/noticias\/?p=26372\" \/>\n<meta property=\"og:locale\" content=\"es_ES\" \/>\n<meta property=\"og:type\" content=\"article\" \/>\n<meta property=\"og:title\" content=\"Jadille Baza Apud es la nueva Presidenta Nacional del Colegio de Arquitectos de Chile - COLEGIO DE ARQUITECTOS DE CHILE\" \/>\n<meta property=\"og:description\" content=\"Este martes 1 de diciembre de 2020 en la Sesi\u00f3n Constitutiva del nuevo Directorio Nacional elegido por nuestros colegiados y colegiadas en las Elecciones CA 2020, se eligi\u00f3 la nueva Mesa Directiva y la composici\u00f3n de los cargos del Colegio &hellip; ver m\u00e1s\" \/>\n<meta property=\"og:url\" content=\"https:\/\/colegioarquitectos.com\/noticias\/?p=26372\" \/>\n<meta property=\"og:site_name\" content=\"COLEGIO DE ARQUITECTOS DE CHILE\" \/>\n<meta property=\"article:publisher\" content=\"https:\/\/facebook.com\/Colegioarq\/\" \/>\n<meta property=\"article:published_time\" content=\"2020-12-01T21:17:59+00:00\" \/>\n<meta property=\"article:modified_time\" content=\"2020-12-02T15:40:54+00:00\" \/>\n<meta property=\"og:image\" content=\"https:\/\/colegioarquitectos.com\/noticias\/wp-content\/uploads\/2020\/12\/DN-2020webdestacado.jpg\" \/>\n\t<meta property=\"og:image:width\" content=\"1908\" \/>\n\t<meta property=\"og:image:height\" content=\"1300\" \/>\n\t<meta property=\"og:image:type\" content=\"image\/jpeg\" \/>\n<meta name=\"author\" content=\"Colegio de Arquitectos de Chile\" \/>\n<meta name=\"twitter:card\" content=\"summary_large_image\" \/>\n<meta name=\"twitter:creator\" content=\"@colegioarq\" \/>\n<meta name=\"twitter:site\" content=\"@colegioarq\" \/>\n<meta name=\"twitter:label1\" content=\"Escrito por\" \/>\n\t<meta name=\"twitter:data1\" content=\"Colegio de Arquitectos de Chile\" \/>\n\t<meta name=\"twitter:label2\" content=\"Tiempo de lectura\" \/>\n\t<meta name=\"twitter:data2\" content=\"2 minutos\" \/>\n<script type=\"application\/ld+json\" class=\"yoast-schema-graph\">{\"@context\":\"https:\/\/schema.org\",\"@graph\":[{\"@type\":\"Article\",\"@id\":\"https:\/\/colegioarquitectos.com\/noticias\/?p=26372#article\",\"isPartOf\":{\"@id\":\"https:\/\/colegioarquitectos.com\/noticias\/?p=26372\"},\"author\":{\"name\":\"Colegio de Arquitectos de Chile\",\"@id\":\"https:\/\/colegioarquitectos.com\/noticias\/#\/schema\/person\/685cc0aad148303c5608f049af8285ad\"},\"headline\":\"Jadille Baza Apud es la nueva Presidenta Nacional del Colegio de Arquitectos de Chile\",\"datePublished\":\"2020-12-01T21:17:59+00:00\",\"dateModified\":\"2020-12-02T15:40:54+00:00\",\"mainEntityOfPage\":{\"@id\":\"https:\/\/colegioarquitectos.com\/noticias\/?p=26372\"},\"wordCount\":478,\"publisher\":{\"@id\":\"https:\/\/colegioarquitectos.com\/noticias\/#organization\"},\"image\":{\"@id\":\"https:\/\/colegioarquitectos.com\/noticias\/?p=26372#primaryimage\"},\"thumbnailUrl\":\"https:\/\/colegioarquitectos.com\/noticias\/wp-content\/uploads\/2020\/12\/DN-2020webdestacado.jpg\",\"articleSection\":[\"Colegio\"],\"inLanguage\":\"es\"},{\"@type\":\"WebPage\",\"@id\":\"https:\/\/colegioarquitectos.com\/noticias\/?p=26372\",\"url\":\"https:\/\/colegioarquitectos.com\/noticias\/?p=26372\",\"name\":\"Jadille Baza Apud es la nueva Presidenta Nacional del Colegio de Arquitectos de Chile - COLEGIO DE ARQUITECTOS DE CHILE\",\"isPartOf\":{\"@id\":\"https:\/\/colegioarquitectos.com\/noticias\/#website\"},\"primaryImageOfPage\":{\"@id\":\"https:\/\/colegioarquitectos.com\/noticias\/?p=26372#primaryimage\"},\"image\":{\"@id\":\"https:\/\/colegioarquitectos.com\/noticias\/?p=26372#primaryimage\"},\"thumbnailUrl\":\"https:\/\/colegioarquitectos.com\/noticias\/wp-content\/uploads\/2020\/12\/DN-2020webdestacado.jpg\",\"datePublished\":\"2020-12-01T21:17:59+00:00\",\"dateModified\":\"2020-12-02T15:40:54+00:00\",\"breadcrumb\":{\"@id\":\"https:\/\/colegioarquitectos.com\/noticias\/?p=26372#breadcrumb\"},\"inLanguage\":\"es\",\"potentialAction\":[{\"@type\":\"ReadAction\",\"target\":[\"https:\/\/colegioarquitectos.com\/noticias\/?p=26372\"]}]},{\"@type\":\"ImageObject\",\"inLanguage\":\"es\",\"@id\":\"https:\/\/colegioarquitectos.com\/noticias\/?p=26372#primaryimage\",\"url\":\"https:\/\/colegioarquitectos.com\/noticias\/wp-content\/uploads\/2020\/12\/DN-2020webdestacado.jpg\",\"contentUrl\":\"https:\/\/colegioarquitectos.com\/noticias\/wp-content\/uploads\/2020\/12\/DN-2020webdestacado.jpg\",\"width\":1908,\"height\":1300},{\"@type\":\"BreadcrumbList\",\"@id\":\"https:\/\/colegioarquitectos.com\/noticias\/?p=26372#breadcrumb\",\"itemListElement\":[{\"@type\":\"ListItem\",\"position\":1,\"name\":\"Portada\",\"item\":\"https:\/\/colegioarquitectos.com\/noticias\"},{\"@type\":\"ListItem\",\"position\":2,\"name\":\"Jadille Baza Apud es la nueva Presidenta Nacional del Colegio de Arquitectos de Chile\"}]},{\"@type\":\"WebSite\",\"@id\":\"https:\/\/colegioarquitectos.com\/noticias\/#website\",\"url\":\"https:\/\/colegioarquitectos.com\/noticias\/\",\"name\":\"COLEGIO DE ARQUITECTOS DE CHILE\",\"description\":\"\",\"publisher\":{\"@id\":\"https:\/\/colegioarquitectos.com\/noticias\/#organization\"},\"potentialAction\":[{\"@type\":\"SearchAction\",\"target\":{\"@type\":\"EntryPoint\",\"urlTemplate\":\"https:\/\/colegioarquitectos.com\/noticias\/?s={search_term_string}\"},\"query-input\":{\"@type\":\"PropertyValueSpecification\",\"valueRequired\":true,\"valueName\":\"search_term_string\"}}],\"inLanguage\":\"es\"},{\"@type\":\"Organization\",\"@id\":\"https:\/\/colegioarquitectos.com\/noticias\/#organization\",\"name\":\"COLEGIO DE ARQUITECTOS DE CHILE\",\"url\":\"https:\/\/colegioarquitectos.com\/noticias\/\",\"logo\":{\"@type\":\"ImageObject\",\"inLanguage\":\"es\",\"@id\":\"https:\/\/colegioarquitectos.com\/noticias\/#\/schema\/logo\/image\/\",\"url\":\"https:\/\/colegioarquitectos.com\/noticias\/wp-content\/uploads\/2021\/05\/ENCABEZADO-LOGO-CA.jpg\",\"contentUrl\":\"https:\/\/colegioarquitectos.com\/noticias\/wp-content\/uploads\/2021\/05\/ENCABEZADO-LOGO-CA.jpg\",\"width\":690,\"height\":350,\"caption\":\"COLEGIO DE ARQUITECTOS DE CHILE\"},\"image\":{\"@id\":\"https:\/\/colegioarquitectos.com\/noticias\/#\/schema\/logo\/image\/\"},\"sameAs\":[\"https:\/\/facebook.com\/Colegioarq\/\",\"https:\/\/x.com\/colegioarq\",\"https:\/\/instagram.com\/colegioarq\",\"https:\/\/youtube.com\/@ColegiodeArquitectosdeChile\"]},{\"@type\":\"Person\",\"@id\":\"https:\/\/colegioarquitectos.com\/noticias\/#\/schema\/person\/685cc0aad148303c5608f049af8285ad\",\"name\":\"Colegio de Arquitectos de Chile\",\"url\":\"https:\/\/colegioarquitectos.com\/noticias\/?author=4\"}]}<\/script>\n<!-- \/ Yoast SEO plugin. -->","yoast_head_json":{"title":"Jadille Baza Apud es la nueva Presidenta Nacional del Colegio de Arquitectos de Chile - COLEGIO DE ARQUITECTOS DE CHILE","robots":{"index":"index","follow":"follow","max-snippet":"max-snippet:-1","max-image-preview":"max-image-preview:large","max-video-preview":"max-video-preview:-1"},"canonical":"https:\/\/colegioarquitectos.com\/noticias\/?p=26372","og_locale":"es_ES","og_type":"article","og_title":"Jadille Baza Apud es la nueva Presidenta Nacional del Colegio de Arquitectos de Chile - COLEGIO DE ARQUITECTOS DE CHILE","og_description":"Este martes 1 de diciembre de 2020 en la Sesi\u00f3n Constitutiva del nuevo Directorio Nacional elegido por nuestros colegiados y colegiadas en las Elecciones CA 2020, se eligi\u00f3 la nueva Mesa Directiva y la composici\u00f3n de los cargos del Colegio &hellip; ver m\u00e1s","og_url":"https:\/\/colegioarquitectos.com\/noticias\/?p=26372","og_site_name":"COLEGIO DE ARQUITECTOS DE CHILE","article_publisher":"https:\/\/facebook.com\/Colegioarq\/","article_published_time":"2020-12-01T21:17:59+00:00","article_modified_time":"2020-12-02T15:40:54+00:00","og_image":[{"width":1908,"height":1300,"url":"https:\/\/colegioarquitectos.com\/noticias\/wp-content\/uploads\/2020\/12\/DN-2020webdestacado.jpg","type":"image\/jpeg"}],"author":"Colegio de Arquitectos de Chile","twitter_card":"summary_large_image","twitter_creator":"@colegioarq","twitter_site":"@colegioarq","twitter_misc":{"Escrito por":"Colegio de Arquitectos de Chile","Tiempo de lectura":"2 minutos"},"schema":{"@context":"https:\/\/schema.org","@graph":[{"@type":"Article","@id":"https:\/\/colegioarquitectos.com\/noticias\/?p=26372#article","isPartOf":{"@id":"https:\/\/colegioarquitectos.com\/noticias\/?p=26372"},"author":{"name":"Colegio de Arquitectos de Chile","@id":"https:\/\/colegioarquitectos.com\/noticias\/#\/schema\/person\/685cc0aad148303c5608f049af8285ad"},"headline":"Jadille Baza Apud es la nueva Presidenta Nacional del Colegio de Arquitectos de Chile","datePublished":"2020-12-01T21:17:59+00:00","dateModified":"2020-12-02T15:40:54+00:00","mainEntityOfPage":{"@id":"https:\/\/colegioarquitectos.com\/noticias\/?p=26372"},"wordCount":478,"publisher":{"@id":"https:\/\/colegioarquitectos.com\/noticias\/#organization"},"image":{"@id":"https:\/\/colegioarquitectos.com\/noticias\/?p=26372#primaryimage"},"thumbnailUrl":"https:\/\/colegioarquitectos.com\/noticias\/wp-content\/uploads\/2020\/12\/DN-2020webdestacado.jpg","articleSection":["Colegio"],"inLanguage":"es"},{"@type":"WebPage","@id":"https:\/\/colegioarquitectos.com\/noticias\/?p=26372","url":"https:\/\/colegioarquitectos.com\/noticias\/?p=26372","name":"Jadille Baza Apud es la nueva Presidenta Nacional del Colegio de Arquitectos de Chile - COLEGIO DE ARQUITECTOS DE CHILE","isPartOf":{"@id":"https:\/\/colegioarquitectos.com\/noticias\/#website"},"primaryImageOfPage":{"@id":"https:\/\/colegioarquitectos.com\/noticias\/?p=26372#primaryimage"},"image":{"@id":"https:\/\/colegioarquitectos.com\/noticias\/?p=26372#primaryimage"},"thumbnailUrl":"https:\/\/colegioarquitectos.com\/noticias\/wp-content\/uploads\/2020\/12\/DN-2020webdestacado.jpg","datePublished":"2020-12-01T21:17:59+00:00","dateModified":"2020-12-02T15:40:54+00:00","breadcrumb":{"@id":"https:\/\/colegioarquitectos.com\/noticias\/?p=26372#breadcrumb"},"inLanguage":"es","potentialAction":[{"@type":"ReadAction","target":["https:\/\/colegioarquitectos.com\/noticias\/?p=26372"]}]},{"@type":"ImageObject","inLanguage":"es","@id":"https:\/\/colegioarquitectos.com\/noticias\/?p=26372#primaryimage","url":"https:\/\/colegioarquitectos.com\/noticias\/wp-content\/uploads\/2020\/12\/DN-2020webdestacado.jpg","contentUrl":"https:\/\/colegioarquitectos.com\/noticias\/wp-content\/uploads\/2020\/12\/DN-2020webdestacado.jpg","width":1908,"height":1300},{"@type":"BreadcrumbList","@id":"https:\/\/colegioarquitectos.com\/noticias\/?p=26372#breadcrumb","itemListElement":[{"@type":"ListItem","position":1,"name":"Portada","item":"https:\/\/colegioarquitectos.com\/noticias"},{"@type":"ListItem","position":2,"name":"Jadille Baza Apud es la nueva Presidenta Nacional del Colegio de Arquitectos de Chile"}]},{"@type":"WebSite","@id":"https:\/\/colegioarquitectos.com\/noticias\/#website","url":"https:\/\/colegioarquitectos.com\/noticias\/","name":"COLEGIO DE ARQUITECTOS DE CHILE","description":"","publisher":{"@id":"https:\/\/colegioarquitectos.com\/noticias\/#organization"},"potentialAction":[{"@type":"SearchAction","target":{"@type":"EntryPoint","urlTemplate":"https:\/\/colegioarquitectos.com\/noticias\/?s={search_term_string}"},"query-input":{"@type":"PropertyValueSpecification","valueRequired":true,"valueName":"search_term_string"}}],"inLanguage":"es"},{"@type":"Organization","@id":"https:\/\/colegioarquitectos.com\/noticias\/#organization","name":"COLEGIO DE ARQUITECTOS DE CHILE","url":"https:\/\/colegioarquitectos.com\/noticias\/","logo":{"@type":"ImageObject","inLanguage":"es","@id":"https:\/\/colegioarquitectos.com\/noticias\/#\/schema\/logo\/image\/","url":"https:\/\/colegioarquitectos.com\/noticias\/wp-content\/uploads\/2021\/05\/ENCABEZADO-LOGO-CA.jpg","contentUrl":"https:\/\/colegioarquitectos.com\/noticias\/wp-content\/uploads\/2021\/05\/ENCABEZADO-LOGO-CA.jpg","width":690,"height":350,"caption":"COLEGIO DE ARQUITECTOS DE CHILE"},"image":{"@id":"https:\/\/colegioarquitectos.com\/noticias\/#\/schema\/logo\/image\/"},"sameAs":["https:\/\/facebook.com\/Colegioarq\/","https:\/\/x.com\/colegioarq","https:\/\/instagram.com\/colegioarq","https:\/\/youtube.com\/@ColegiodeArquitectosdeChile"]},{"@type":"Person","@id":"https:\/\/colegioarquitectos.com\/noticias\/#\/schema\/person\/685cc0aad148303c5608f049af8285ad","name":"Colegio de Arquitectos de Chile","url":"https:\/\/colegioarquitectos.com\/noticias\/?author=4"}]}},"_links":{"self":[{"href":"https:\/\/colegioarquitectos.com\/noticias\/index.php?rest_route=\/wp\/v2\/posts\/26372","targetHints":{"allow":["GET"]}}],"collection":[{"href":"https:\/\/colegioarquitectos.com\/noticias\/index.php?rest_route=\/wp\/v2\/posts"}],"about":[{"href":"https:\/\/colegioarquitectos.com\/noticias\/index.php?rest_route=\/wp\/v2\/types\/post"}],"author":[{"embeddable":true,"href":"https:\/\/colegioarquitectos.com\/noticias\/index.php?rest_route=\/wp\/v2\/users\/4"}],"replies":[{"embeddable":true,"href":"https:\/\/colegioarquitectos.com\/noticias\/index.php?rest_route=%2Fwp%2Fv2%2Fcomments&post=26372"}],"version-history":[{"count":0,"href":"https:\/\/colegioarquitectos.com\/noticias\/index.php?rest_route=\/wp\/v2\/posts\/26372\/revisions"}],"wp:featuredmedia":[{"embeddable":true,"href":"https:\/\/colegioarquitectos.com\/noticias\/index.php?rest_route=\/wp\/v2\/media\/26408"}],"wp:attachment":[{"href":"https:\/\/colegioarquitectos.com\/noticias\/index.php?rest_route=%2Fwp%2Fv2%2Fmedia&parent=26372"}],"wp:term":[{"taxonomy":"category","embeddable":true,"href":"https:\/\/colegioarquitectos.com\/noticias\/index.php?rest_route=%2Fwp%2Fv2%2Fcategories&post=26372"},{"taxonomy":"post_tag","embeddable":true,"href":"https:\/\/colegioarquitectos.com\/noticias\/index.php?rest_route=%2Fwp%2Fv2%2Ftags&post=26372"}],"curies":[{"name":"wp","href":"https:\/\/api.w.org\/{rel}","templated":true}]}}