
{"id":26423,"date":"2020-12-03T16:56:16","date_gmt":"2020-12-03T16:56:16","guid":{"rendered":"http:\/\/colegioarquitectos.com\/?p=26423"},"modified":"2020-12-03T16:56:16","modified_gmt":"2020-12-03T16:56:16","slug":"festival-saranani-arquitecturas-nativas-del-mundo-para-un-habitar-mas-responsable","status":"publish","type":"post","link":"https:\/\/colegioarquitectos.com\/noticias\/?p=26423","title":{"rendered":"Festival Sara\u00f1ani! Arquitecturas nativas del mundo para un habitar m\u00e1s responsable"},"content":{"rendered":"<p>Con invitados e invitadas de Angola, Jap\u00f3n, Italia, M\u00e9xico, Bolivia, Portugal y Per\u00fa, entre otros, entre el 10 y el 12 de diciembre se realizar\u00e1 el primer <strong>Festival Sara\u00f1ani! (Caminemos!) Arkitekturas Nativas del Mundo<\/strong>, organizado por <strong>Fundaci\u00f3n Altiplano<\/strong> desde su <strong>Escuela de Conservaci\u00f3n Sara\u00f1ani! (Caminemos, en aymara)<\/strong> y que cuenta con la colaboraci\u00f3n de nuestra <strong>Delegaci\u00f3n Zonal Arica y Parinacota<\/strong>.<\/p>\n<p>El festival ofrecer\u00e1 virtualmente y en forma gratuita <strong>10 charlas maestras<\/strong>, <strong>3 mesas de dise\u00f1o<\/strong>, <strong>2 cursos de oficio<\/strong> y <strong>3 pel\u00edculas nativas<\/strong>. En total, <strong>33 especialistas<\/strong> en arquitectura y conservaci\u00f3n compartir\u00e1n saberes y experiencias sobre buenas pr\u00e1cticas, oficios tradicionales e investigaciones para promover arquitecturas m\u00e1s conectadas y contributivas.<\/p>\n<p>Entre las charlas maestras destacan <strong>\u00abArquitectura sin arquitectos\u00bb<\/strong>, que re-visita el cl\u00e1sico tema de Rudovski desde las miradas de <strong>Pedro Guedes (Australia), Rodrigo P\u00e9rez (Chile) y Andrea Bocco (Italia)<\/strong>, explorando el dise\u00f1o desde los oficios y pr\u00e1cticas constructivas tradicionales; <strong>\u00abTierra, arquitectura del futuro\u00bb<\/strong>, en la que <strong>Norma Barbacci (EE.UU.), Joao Boto Caeiro (Portugal) y Luis Guerrero (M\u00e9xico)<\/strong> compartir\u00e1n sus visiones respecto del valor y vigencia de las arquitecturas en base a tierra.<\/p>\n<p>El Festival contempla adem\u00e1s la charla <strong>\u00abSismo + Resistencia!\u00bb<\/strong>, en la que Mariano Cutipa, restaurador aymara, Magdalena Pereira, historiadora del Arte sur andino y el destacado ingeniero Julio Vargas, referencia mundial en reforzamiento de construcciones de tierra, conversar\u00e1n sobre las tecnolog\u00edas ancestrales y contempor\u00e1enas de construcci\u00f3n en tierra. La charla <strong>\u00abNueva arquitectura ind\u00edgena\u00bb<\/strong>, con el arquitecto atacame\u00f1o Robert Maizares, ser\u00e1 una reflexi\u00f3n en torno al dise\u00f1o desde el saber habitar ancestral ind\u00edgen,a acompa\u00f1ada de Phaxsi Mamani, Ever Mamani y Karla Catacora, j\u00f3venes arquitect@s andin@s Chile y Per\u00fa.<\/p>\n<p>Por otra parte, los cursos <strong>\u00abConstrucci\u00f3n en quincha\u00bb<\/strong>, sobre construcci\u00f3n de tabiques de madera y tierra, y <strong>\u00abReforzamiento de un muro de adobe\u00bb<\/strong>, con t\u00e9cnicas de drizas y geomalla, acercar\u00e1n el dise\u00f1o de arquitectura sostenible al oficio y los conocimientos pr\u00e1cticos que preservan maestros artesanos de Am\u00e9rica Sur Andina. En las Mesas de dise\u00f1o, en tanto, destaca el desaf\u00edo de <strong>\u00abVivienda rural\u00bb<\/strong>, en la que se presentar\u00e1n casos de viviendas rurales de tierra, para desafiar a los participantes a proponer gu\u00edas de dise\u00f1o para enfrentar un tema critico a nivel global, que puede aportar a un habitar m\u00e1s integral y responsable.<\/p>\n<p>Adem\u00e1s de las charlas y talleres, el Festival Sara\u00f1ani! ofrecer\u00e1 gratuitamente los documentales <strong>\u00abEn el patio de mi casa\u00bb<\/strong>, sobre la arquitectura social con materiales tradionales de \u00d3scar Hagerman; <strong>\u00abCholet: el trabajo de Freddy Mamani\u00bb<\/strong>, abordando la excepcional arquitectura contempor\u00e1nea en El Alto, La Paz, y cerrar\u00e1 con <strong>\u00abAsak\u00bb<\/strong>, documental ganador del 15 Festival Arica Nativa que retrata la sabidur\u00eda de un artesano tallador de vasijas.<\/p>\n<p>Las actividades del Festival Sara\u00f1ani! Son gratuitas y estar\u00e1n disponibles para p\u00fablico en todo el mundo, previa inscripci\u00f3n en el sitio <a href=\"http:\/\/www.fundacionaltiplano.cl\/festivalsaranani\">www.fundacionaltiplano.cl\/festivalsaranani<\/a>. Las dudas podr\u00e1n ser resueltas en el correo <a href=\"mailto:escuela@fundacionaltiplano.cl\">escuela@fundacionaltiplano.cl<\/a>.<\/p>\n<p><img loading=\"lazy\" decoding=\"async\" class=\"aligncenter wp-image-26425 size-full\" src=\"http:\/\/colegioarquitectos.com\/noticias\/wp-content\/uploads\/2020\/12\/Programa-general.png\" alt=\"\" width=\"500\" height=\"500\" srcset=\"https:\/\/colegioarquitectos.com\/noticias\/wp-content\/uploads\/2020\/12\/Programa-general.png 500w, https:\/\/colegioarquitectos.com\/noticias\/wp-content\/uploads\/2020\/12\/Programa-general-180x180.png 180w, https:\/\/colegioarquitectos.com\/noticias\/wp-content\/uploads\/2020\/12\/Programa-general-300x300.png 300w\" sizes=\"auto, (max-width: 500px) 100vw, 500px\" \/><\/p>\n<p><\/p>","protected":false},"excerpt":{"rendered":"<p>Con invitados e invitadas de Angola, Jap\u00f3n, Italia, M\u00e9xico, Bolivia, Portugal y Per\u00fa, entre otros, entre el 10 y el 12 de diciembre se realizar\u00e1 el primer Festival Sara\u00f1ani! (Caminemos!) Arkitekturas Nativas del Mundo, organizado por Fundaci\u00f3n Altiplano desde su &hellip; <a class=\"more-link\" href=\"https:\/\/colegioarquitectos.com\/noticias\/?p=26423\">ver m\u00e1s<\/a><\/p>","protected":false},"author":4,"featured_media":26424,"comment_status":"closed","ping_status":"closed","sticky":false,"template":"","format":"standard","meta":{"footnotes":""},"categories":[10],"tags":[],"class_list":["post-26423","post","type-post","status-publish","format-standard","has-post-thumbnail","hentry","category-delegaciones-zonales"],"yoast_head":"<!-- This site is optimized with the Yoast SEO plugin v24.2 - https:\/\/yoast.com\/wordpress\/plugins\/seo\/ -->\n<title>Festival Sara\u00f1ani! Arquitecturas nativas del mundo para un habitar m\u00e1s responsable - COLEGIO DE ARQUITECTOS DE CHILE<\/title>\n<meta name=\"robots\" content=\"index, follow, max-snippet:-1, max-image-preview:large, max-video-preview:-1\" \/>\n<link rel=\"canonical\" href=\"https:\/\/colegioarquitectos.com\/noticias\/?p=26423\" \/>\n<meta property=\"og:locale\" content=\"es_ES\" \/>\n<meta property=\"og:type\" content=\"article\" \/>\n<meta property=\"og:title\" content=\"Festival Sara\u00f1ani! Arquitecturas nativas del mundo para un habitar m\u00e1s responsable - COLEGIO DE ARQUITECTOS DE CHILE\" \/>\n<meta property=\"og:description\" content=\"Con invitados e invitadas de Angola, Jap\u00f3n, Italia, M\u00e9xico, Bolivia, Portugal y Per\u00fa, entre otros, entre el 10 y el 12 de diciembre se realizar\u00e1 el primer Festival Sara\u00f1ani! (Caminemos!) Arkitekturas Nativas del Mundo, organizado por Fundaci\u00f3n Altiplano desde su &hellip; ver m\u00e1s\" \/>\n<meta property=\"og:url\" content=\"https:\/\/colegioarquitectos.com\/noticias\/?p=26423\" \/>\n<meta property=\"og:site_name\" content=\"COLEGIO DE ARQUITECTOS DE CHILE\" \/>\n<meta property=\"article:publisher\" content=\"https:\/\/facebook.com\/Colegioarq\/\" \/>\n<meta property=\"article:published_time\" content=\"2020-12-03T16:56:16+00:00\" \/>\n<meta property=\"og:image\" content=\"https:\/\/colegioarquitectos.com\/noticias\/wp-content\/uploads\/2020\/12\/Ark-indi\u0301gena-7.jpg\" \/>\n\t<meta property=\"og:image:width\" content=\"690\" \/>\n\t<meta property=\"og:image:height\" content=\"350\" \/>\n\t<meta property=\"og:image:type\" content=\"image\/jpeg\" \/>\n<meta name=\"author\" content=\"Colegio de Arquitectos de Chile\" \/>\n<meta name=\"twitter:card\" content=\"summary_large_image\" \/>\n<meta name=\"twitter:creator\" content=\"@colegioarq\" \/>\n<meta name=\"twitter:site\" content=\"@colegioarq\" \/>\n<meta name=\"twitter:label1\" content=\"Escrito por\" \/>\n\t<meta name=\"twitter:data1\" content=\"Colegio de Arquitectos de Chile\" \/>\n\t<meta name=\"twitter:label2\" content=\"Tiempo de lectura\" \/>\n\t<meta name=\"twitter:data2\" content=\"3 minutos\" \/>\n<script type=\"application\/ld+json\" class=\"yoast-schema-graph\">{\"@context\":\"https:\/\/schema.org\",\"@graph\":[{\"@type\":\"Article\",\"@id\":\"https:\/\/colegioarquitectos.com\/noticias\/?p=26423#article\",\"isPartOf\":{\"@id\":\"https:\/\/colegioarquitectos.com\/noticias\/?p=26423\"},\"author\":{\"name\":\"Colegio de Arquitectos de Chile\",\"@id\":\"https:\/\/colegioarquitectos.com\/noticias\/#\/schema\/person\/685cc0aad148303c5608f049af8285ad\"},\"headline\":\"Festival Sara\u00f1ani! Arquitecturas nativas del mundo para un habitar m\u00e1s responsable\",\"datePublished\":\"2020-12-03T16:56:16+00:00\",\"dateModified\":\"2020-12-03T16:56:16+00:00\",\"mainEntityOfPage\":{\"@id\":\"https:\/\/colegioarquitectos.com\/noticias\/?p=26423\"},\"wordCount\":533,\"publisher\":{\"@id\":\"https:\/\/colegioarquitectos.com\/noticias\/#organization\"},\"image\":{\"@id\":\"https:\/\/colegioarquitectos.com\/noticias\/?p=26423#primaryimage\"},\"thumbnailUrl\":\"https:\/\/colegioarquitectos.com\/noticias\/wp-content\/uploads\/2020\/12\/Ark-indi\u0301gena-7.jpg\",\"articleSection\":[\"Delegaciones\"],\"inLanguage\":\"es\"},{\"@type\":\"WebPage\",\"@id\":\"https:\/\/colegioarquitectos.com\/noticias\/?p=26423\",\"url\":\"https:\/\/colegioarquitectos.com\/noticias\/?p=26423\",\"name\":\"Festival Sara\u00f1ani! Arquitecturas nativas del mundo para un habitar m\u00e1s responsable - COLEGIO DE ARQUITECTOS DE CHILE\",\"isPartOf\":{\"@id\":\"https:\/\/colegioarquitectos.com\/noticias\/#website\"},\"primaryImageOfPage\":{\"@id\":\"https:\/\/colegioarquitectos.com\/noticias\/?p=26423#primaryimage\"},\"image\":{\"@id\":\"https:\/\/colegioarquitectos.com\/noticias\/?p=26423#primaryimage\"},\"thumbnailUrl\":\"https:\/\/colegioarquitectos.com\/noticias\/wp-content\/uploads\/2020\/12\/Ark-indi\u0301gena-7.jpg\",\"datePublished\":\"2020-12-03T16:56:16+00:00\",\"dateModified\":\"2020-12-03T16:56:16+00:00\",\"breadcrumb\":{\"@id\":\"https:\/\/colegioarquitectos.com\/noticias\/?p=26423#breadcrumb\"},\"inLanguage\":\"es\",\"potentialAction\":[{\"@type\":\"ReadAction\",\"target\":[\"https:\/\/colegioarquitectos.com\/noticias\/?p=26423\"]}]},{\"@type\":\"ImageObject\",\"inLanguage\":\"es\",\"@id\":\"https:\/\/colegioarquitectos.com\/noticias\/?p=26423#primaryimage\",\"url\":\"https:\/\/colegioarquitectos.com\/noticias\/wp-content\/uploads\/2020\/12\/Ark-indi\u0301gena-7.jpg\",\"contentUrl\":\"https:\/\/colegioarquitectos.com\/noticias\/wp-content\/uploads\/2020\/12\/Ark-indi\u0301gena-7.jpg\",\"width\":690,\"height\":350},{\"@type\":\"BreadcrumbList\",\"@id\":\"https:\/\/colegioarquitectos.com\/noticias\/?p=26423#breadcrumb\",\"itemListElement\":[{\"@type\":\"ListItem\",\"position\":1,\"name\":\"Portada\",\"item\":\"https:\/\/colegioarquitectos.com\/noticias\"},{\"@type\":\"ListItem\",\"position\":2,\"name\":\"Festival Sara\u00f1ani! Arquitecturas nativas del mundo para un habitar m\u00e1s responsable\"}]},{\"@type\":\"WebSite\",\"@id\":\"https:\/\/colegioarquitectos.com\/noticias\/#website\",\"url\":\"https:\/\/colegioarquitectos.com\/noticias\/\",\"name\":\"COLEGIO DE ARQUITECTOS DE CHILE\",\"description\":\"\",\"publisher\":{\"@id\":\"https:\/\/colegioarquitectos.com\/noticias\/#organization\"},\"potentialAction\":[{\"@type\":\"SearchAction\",\"target\":{\"@type\":\"EntryPoint\",\"urlTemplate\":\"https:\/\/colegioarquitectos.com\/noticias\/?s={search_term_string}\"},\"query-input\":{\"@type\":\"PropertyValueSpecification\",\"valueRequired\":true,\"valueName\":\"search_term_string\"}}],\"inLanguage\":\"es\"},{\"@type\":\"Organization\",\"@id\":\"https:\/\/colegioarquitectos.com\/noticias\/#organization\",\"name\":\"COLEGIO DE ARQUITECTOS DE CHILE\",\"url\":\"https:\/\/colegioarquitectos.com\/noticias\/\",\"logo\":{\"@type\":\"ImageObject\",\"inLanguage\":\"es\",\"@id\":\"https:\/\/colegioarquitectos.com\/noticias\/#\/schema\/logo\/image\/\",\"url\":\"https:\/\/colegioarquitectos.com\/noticias\/wp-content\/uploads\/2021\/05\/ENCABEZADO-LOGO-CA.jpg\",\"contentUrl\":\"https:\/\/colegioarquitectos.com\/noticias\/wp-content\/uploads\/2021\/05\/ENCABEZADO-LOGO-CA.jpg\",\"width\":690,\"height\":350,\"caption\":\"COLEGIO DE ARQUITECTOS DE CHILE\"},\"image\":{\"@id\":\"https:\/\/colegioarquitectos.com\/noticias\/#\/schema\/logo\/image\/\"},\"sameAs\":[\"https:\/\/facebook.com\/Colegioarq\/\",\"https:\/\/x.com\/colegioarq\",\"https:\/\/instagram.com\/colegioarq\",\"https:\/\/youtube.com\/@ColegiodeArquitectosdeChile\"]},{\"@type\":\"Person\",\"@id\":\"https:\/\/colegioarquitectos.com\/noticias\/#\/schema\/person\/685cc0aad148303c5608f049af8285ad\",\"name\":\"Colegio de Arquitectos de Chile\",\"url\":\"https:\/\/colegioarquitectos.com\/noticias\/?author=4\"}]}<\/script>\n<!-- \/ Yoast SEO plugin. -->","yoast_head_json":{"title":"Festival Sara\u00f1ani! Arquitecturas nativas del mundo para un habitar m\u00e1s responsable - COLEGIO DE ARQUITECTOS DE CHILE","robots":{"index":"index","follow":"follow","max-snippet":"max-snippet:-1","max-image-preview":"max-image-preview:large","max-video-preview":"max-video-preview:-1"},"canonical":"https:\/\/colegioarquitectos.com\/noticias\/?p=26423","og_locale":"es_ES","og_type":"article","og_title":"Festival Sara\u00f1ani! Arquitecturas nativas del mundo para un habitar m\u00e1s responsable - COLEGIO DE ARQUITECTOS DE CHILE","og_description":"Con invitados e invitadas de Angola, Jap\u00f3n, Italia, M\u00e9xico, Bolivia, Portugal y Per\u00fa, entre otros, entre el 10 y el 12 de diciembre se realizar\u00e1 el primer Festival Sara\u00f1ani! (Caminemos!) Arkitekturas Nativas del Mundo, organizado por Fundaci\u00f3n Altiplano desde su &hellip; ver m\u00e1s","og_url":"https:\/\/colegioarquitectos.com\/noticias\/?p=26423","og_site_name":"COLEGIO DE ARQUITECTOS DE CHILE","article_publisher":"https:\/\/facebook.com\/Colegioarq\/","article_published_time":"2020-12-03T16:56:16+00:00","og_image":[{"width":690,"height":350,"url":"https:\/\/colegioarquitectos.com\/noticias\/wp-content\/uploads\/2020\/12\/Ark-indi\u0301gena-7.jpg","type":"image\/jpeg"}],"author":"Colegio de Arquitectos de Chile","twitter_card":"summary_large_image","twitter_creator":"@colegioarq","twitter_site":"@colegioarq","twitter_misc":{"Escrito por":"Colegio de Arquitectos de Chile","Tiempo de lectura":"3 minutos"},"schema":{"@context":"https:\/\/schema.org","@graph":[{"@type":"Article","@id":"https:\/\/colegioarquitectos.com\/noticias\/?p=26423#article","isPartOf":{"@id":"https:\/\/colegioarquitectos.com\/noticias\/?p=26423"},"author":{"name":"Colegio de Arquitectos de Chile","@id":"https:\/\/colegioarquitectos.com\/noticias\/#\/schema\/person\/685cc0aad148303c5608f049af8285ad"},"headline":"Festival Sara\u00f1ani! Arquitecturas nativas del mundo para un habitar m\u00e1s responsable","datePublished":"2020-12-03T16:56:16+00:00","dateModified":"2020-12-03T16:56:16+00:00","mainEntityOfPage":{"@id":"https:\/\/colegioarquitectos.com\/noticias\/?p=26423"},"wordCount":533,"publisher":{"@id":"https:\/\/colegioarquitectos.com\/noticias\/#organization"},"image":{"@id":"https:\/\/colegioarquitectos.com\/noticias\/?p=26423#primaryimage"},"thumbnailUrl":"https:\/\/colegioarquitectos.com\/noticias\/wp-content\/uploads\/2020\/12\/Ark-indi\u0301gena-7.jpg","articleSection":["Delegaciones"],"inLanguage":"es"},{"@type":"WebPage","@id":"https:\/\/colegioarquitectos.com\/noticias\/?p=26423","url":"https:\/\/colegioarquitectos.com\/noticias\/?p=26423","name":"Festival Sara\u00f1ani! Arquitecturas nativas del mundo para un habitar m\u00e1s responsable - COLEGIO DE ARQUITECTOS DE CHILE","isPartOf":{"@id":"https:\/\/colegioarquitectos.com\/noticias\/#website"},"primaryImageOfPage":{"@id":"https:\/\/colegioarquitectos.com\/noticias\/?p=26423#primaryimage"},"image":{"@id":"https:\/\/colegioarquitectos.com\/noticias\/?p=26423#primaryimage"},"thumbnailUrl":"https:\/\/colegioarquitectos.com\/noticias\/wp-content\/uploads\/2020\/12\/Ark-indi\u0301gena-7.jpg","datePublished":"2020-12-03T16:56:16+00:00","dateModified":"2020-12-03T16:56:16+00:00","breadcrumb":{"@id":"https:\/\/colegioarquitectos.com\/noticias\/?p=26423#breadcrumb"},"inLanguage":"es","potentialAction":[{"@type":"ReadAction","target":["https:\/\/colegioarquitectos.com\/noticias\/?p=26423"]}]},{"@type":"ImageObject","inLanguage":"es","@id":"https:\/\/colegioarquitectos.com\/noticias\/?p=26423#primaryimage","url":"https:\/\/colegioarquitectos.com\/noticias\/wp-content\/uploads\/2020\/12\/Ark-indi\u0301gena-7.jpg","contentUrl":"https:\/\/colegioarquitectos.com\/noticias\/wp-content\/uploads\/2020\/12\/Ark-indi\u0301gena-7.jpg","width":690,"height":350},{"@type":"BreadcrumbList","@id":"https:\/\/colegioarquitectos.com\/noticias\/?p=26423#breadcrumb","itemListElement":[{"@type":"ListItem","position":1,"name":"Portada","item":"https:\/\/colegioarquitectos.com\/noticias"},{"@type":"ListItem","position":2,"name":"Festival Sara\u00f1ani! Arquitecturas nativas del mundo para un habitar m\u00e1s responsable"}]},{"@type":"WebSite","@id":"https:\/\/colegioarquitectos.com\/noticias\/#website","url":"https:\/\/colegioarquitectos.com\/noticias\/","name":"COLEGIO DE ARQUITECTOS DE CHILE","description":"","publisher":{"@id":"https:\/\/colegioarquitectos.com\/noticias\/#organization"},"potentialAction":[{"@type":"SearchAction","target":{"@type":"EntryPoint","urlTemplate":"https:\/\/colegioarquitectos.com\/noticias\/?s={search_term_string}"},"query-input":{"@type":"PropertyValueSpecification","valueRequired":true,"valueName":"search_term_string"}}],"inLanguage":"es"},{"@type":"Organization","@id":"https:\/\/colegioarquitectos.com\/noticias\/#organization","name":"COLEGIO DE ARQUITECTOS DE CHILE","url":"https:\/\/colegioarquitectos.com\/noticias\/","logo":{"@type":"ImageObject","inLanguage":"es","@id":"https:\/\/colegioarquitectos.com\/noticias\/#\/schema\/logo\/image\/","url":"https:\/\/colegioarquitectos.com\/noticias\/wp-content\/uploads\/2021\/05\/ENCABEZADO-LOGO-CA.jpg","contentUrl":"https:\/\/colegioarquitectos.com\/noticias\/wp-content\/uploads\/2021\/05\/ENCABEZADO-LOGO-CA.jpg","width":690,"height":350,"caption":"COLEGIO DE ARQUITECTOS DE CHILE"},"image":{"@id":"https:\/\/colegioarquitectos.com\/noticias\/#\/schema\/logo\/image\/"},"sameAs":["https:\/\/facebook.com\/Colegioarq\/","https:\/\/x.com\/colegioarq","https:\/\/instagram.com\/colegioarq","https:\/\/youtube.com\/@ColegiodeArquitectosdeChile"]},{"@type":"Person","@id":"https:\/\/colegioarquitectos.com\/noticias\/#\/schema\/person\/685cc0aad148303c5608f049af8285ad","name":"Colegio de Arquitectos de Chile","url":"https:\/\/colegioarquitectos.com\/noticias\/?author=4"}]}},"_links":{"self":[{"href":"https:\/\/colegioarquitectos.com\/noticias\/index.php?rest_route=\/wp\/v2\/posts\/26423","targetHints":{"allow":["GET"]}}],"collection":[{"href":"https:\/\/colegioarquitectos.com\/noticias\/index.php?rest_route=\/wp\/v2\/posts"}],"about":[{"href":"https:\/\/colegioarquitectos.com\/noticias\/index.php?rest_route=\/wp\/v2\/types\/post"}],"author":[{"embeddable":true,"href":"https:\/\/colegioarquitectos.com\/noticias\/index.php?rest_route=\/wp\/v2\/users\/4"}],"replies":[{"embeddable":true,"href":"https:\/\/colegioarquitectos.com\/noticias\/index.php?rest_route=%2Fwp%2Fv2%2Fcomments&post=26423"}],"version-history":[{"count":0,"href":"https:\/\/colegioarquitectos.com\/noticias\/index.php?rest_route=\/wp\/v2\/posts\/26423\/revisions"}],"wp:featuredmedia":[{"embeddable":true,"href":"https:\/\/colegioarquitectos.com\/noticias\/index.php?rest_route=\/wp\/v2\/media\/26424"}],"wp:attachment":[{"href":"https:\/\/colegioarquitectos.com\/noticias\/index.php?rest_route=%2Fwp%2Fv2%2Fmedia&parent=26423"}],"wp:term":[{"taxonomy":"category","embeddable":true,"href":"https:\/\/colegioarquitectos.com\/noticias\/index.php?rest_route=%2Fwp%2Fv2%2Fcategories&post=26423"},{"taxonomy":"post_tag","embeddable":true,"href":"https:\/\/colegioarquitectos.com\/noticias\/index.php?rest_route=%2Fwp%2Fv2%2Ftags&post=26423"}],"curies":[{"name":"wp","href":"https:\/\/api.w.org\/{rel}","templated":true}]}}