
{"id":2648,"date":"2012-09-03T10:00:44","date_gmt":"2012-09-03T10:00:44","guid":{"rendered":"http:\/\/colegioarquitectos.com\/noticias\/?p=2648"},"modified":"2012-09-28T15:16:07","modified_gmt":"2012-09-28T15:16:07","slug":"jueves-27-de-septiembre-eleccion-premio-nacional-de-arquitectura-2012-colegio-de-arquitectos","status":"publish","type":"post","link":"https:\/\/colegioarquitectos.com\/noticias\/?p=2648","title":{"rendered":"Jueves 27 de septiembre. ELECCI\u00d3N PREMIO NACIONAL DE ARQUITECTURA 2012 &#8211; Colegio de Arquitectos"},"content":{"rendered":"<p style=\"text-align: justify;\">El jueves 27 de septiembre del presente, el Directorio Nacional del Colegio de Arquitectos de Chile se re\u00fane en forma extraordinaria para dirimir al galardonado que recibir\u00e1 el Premio Nacional de Arquitectura 2012.<\/p>\n<p style=\"text-align: justify;\">\u00a0Este Premio, otorgado cada dos a\u00f1os en forma simult\u00e1nea a las Bienales de Arquitectura, es la m\u00e1xima distinci\u00f3n que se entrega a los profesionales de la Arquitectura, siendo el \u00fanico galard\u00f3n nacional entregado por una instituci\u00f3n externa al Estado de Chile.<\/p>\n<p style=\"text-align: justify;\">Para la elecci\u00f3n de los postulantes se conform\u00f3 un Comit\u00e9 de B\u00fasqueda, compuesto por cinco miembros de car\u00e1cter reservado, quienes tuvieron la encomienda de seleccionar, entre todos los nominados, una terna de profesionales especialmente destacados por su trabajo y trayectoria. Seg\u00fan especifica el Reglamento de Premios y Distinciones del Colegio de Arquitectos, el Premio Nacional ser\u00e1 otorgado <em>\u201cal arquitecto, o equipo de arquitectos, cuya trayectoria y desempe\u00f1o \u00e9tico haya marcado un ejemplo para todos los arquitectos, en cualquiera de las manifestaciones del ejercicio profesional, especialmente en el campo de la ejecuci\u00f3n de obras de arquitectura. Preferentemente tal ejemplo abarcar\u00e1, adem\u00e1s, una destacada labor acad\u00e9mica, gremial, y de participaci\u00f3n en la gesti\u00f3n p\u00fablica\u201d.<\/em><\/p>\n<p style=\"text-align: justify;\">En la presente ocasi\u00f3n, el Comit\u00e9 conocer\u00e1 la presentaci\u00f3n de cada uno de los tres profesionales nominados, la que estar\u00e1 a cargo de un representante especialmente designado por cada seleccionado. Una vez realizadas las presentaciones, el Directorio Nacional proceder\u00e1 a una votaci\u00f3n secreta y efectuar\u00e1 el nombramiento oficial del Premio Nacional de Arquitectura.<\/p>\n<p style=\"text-align: justify;\">Este preciado galard\u00f3n ser\u00e1 entregado en el marco de la XVIII Bienal de Arquitectura y Territorio 2012, instancia donde el Arquitecto ganador expondr\u00e1 su obra y ofrecer\u00e1 una Conferencia Magistral de su trayectoria y trabajo profesional.<\/p>\n<p>&nbsp;<\/p>\n<p><\/p>","protected":false},"excerpt":{"rendered":"<p>El jueves 27 de septiembre del presente, el Directorio Nacional del Colegio de Arquitectos de Chile se re\u00fane en forma extraordinaria para dirimir al galardonado que recibir\u00e1 el Premio Nacional de Arquitectura 2012. \u00a0Este Premio, otorgado cada dos a\u00f1os en &hellip; <a class=\"more-link\" href=\"https:\/\/colegioarquitectos.com\/noticias\/?p=2648\">ver m\u00e1s<\/a><\/p>","protected":false},"author":1,"featured_media":0,"comment_status":"open","ping_status":"open","sticky":false,"template":"","format":"standard","meta":{"footnotes":""},"categories":[19,8],"tags":[],"class_list":["post-2648","post","type-post","status-publish","format-standard","hentry","category-actividades","category-colegio-de-arquitectos"],"yoast_head":"<!-- This site is optimized with the Yoast SEO plugin v24.2 - https:\/\/yoast.com\/wordpress\/plugins\/seo\/ -->\n<title>Jueves 27 de septiembre. ELECCI\u00d3N PREMIO NACIONAL DE ARQUITECTURA 2012 - Colegio de Arquitectos - COLEGIO DE ARQUITECTOS DE CHILE<\/title>\n<meta name=\"robots\" content=\"index, follow, max-snippet:-1, max-image-preview:large, max-video-preview:-1\" \/>\n<link rel=\"canonical\" href=\"https:\/\/colegioarquitectos.com\/noticias\/?p=2648\" \/>\n<meta property=\"og:locale\" content=\"es_ES\" \/>\n<meta property=\"og:type\" content=\"article\" \/>\n<meta property=\"og:title\" content=\"Jueves 27 de septiembre. ELECCI\u00d3N PREMIO NACIONAL DE ARQUITECTURA 2012 - Colegio de Arquitectos - COLEGIO DE ARQUITECTOS DE CHILE\" \/>\n<meta property=\"og:description\" content=\"El jueves 27 de septiembre del presente, el Directorio Nacional del Colegio de Arquitectos de Chile se re\u00fane en forma extraordinaria para dirimir al galardonado que recibir\u00e1 el Premio Nacional de Arquitectura 2012. \u00a0Este Premio, otorgado cada dos a\u00f1os en &hellip; ver m\u00e1s\" \/>\n<meta property=\"og:url\" content=\"https:\/\/colegioarquitectos.com\/noticias\/?p=2648\" \/>\n<meta property=\"og:site_name\" content=\"COLEGIO DE ARQUITECTOS DE CHILE\" \/>\n<meta property=\"article:publisher\" content=\"https:\/\/facebook.com\/Colegioarq\/\" \/>\n<meta property=\"article:published_time\" content=\"2012-09-03T10:00:44+00:00\" \/>\n<meta property=\"article:modified_time\" content=\"2012-09-28T15:16:07+00:00\" \/>\n<meta name=\"author\" content=\"Gabriel Salgado S.\" \/>\n<meta name=\"twitter:card\" content=\"summary_large_image\" \/>\n<meta name=\"twitter:creator\" content=\"@colegioarq\" \/>\n<meta name=\"twitter:site\" content=\"@colegioarq\" \/>\n<meta name=\"twitter:label1\" content=\"Escrito por\" \/>\n\t<meta name=\"twitter:data1\" content=\"Gabriel Salgado S.\" \/>\n\t<meta name=\"twitter:label2\" content=\"Tiempo de lectura\" \/>\n\t<meta name=\"twitter:data2\" content=\"1 minuto\" \/>\n<script type=\"application\/ld+json\" class=\"yoast-schema-graph\">{\"@context\":\"https:\/\/schema.org\",\"@graph\":[{\"@type\":\"Article\",\"@id\":\"https:\/\/colegioarquitectos.com\/noticias\/?p=2648#article\",\"isPartOf\":{\"@id\":\"https:\/\/colegioarquitectos.com\/noticias\/?p=2648\"},\"author\":{\"name\":\"Gabriel Salgado S.\",\"@id\":\"https:\/\/colegioarquitectos.com\/noticias\/#\/schema\/person\/b6c7e912cd1283c089114093ed09741f\"},\"headline\":\"Jueves 27 de septiembre. ELECCI\u00d3N PREMIO NACIONAL DE ARQUITECTURA 2012 &#8211; Colegio de Arquitectos\",\"datePublished\":\"2012-09-03T10:00:44+00:00\",\"dateModified\":\"2012-09-28T15:16:07+00:00\",\"mainEntityOfPage\":{\"@id\":\"https:\/\/colegioarquitectos.com\/noticias\/?p=2648\"},\"wordCount\":308,\"commentCount\":0,\"publisher\":{\"@id\":\"https:\/\/colegioarquitectos.com\/noticias\/#organization\"},\"articleSection\":[\"Actividades\",\"Colegio\"],\"inLanguage\":\"es\",\"potentialAction\":[{\"@type\":\"CommentAction\",\"name\":\"Comment\",\"target\":[\"https:\/\/colegioarquitectos.com\/noticias\/?p=2648#respond\"]}]},{\"@type\":\"WebPage\",\"@id\":\"https:\/\/colegioarquitectos.com\/noticias\/?p=2648\",\"url\":\"https:\/\/colegioarquitectos.com\/noticias\/?p=2648\",\"name\":\"Jueves 27 de septiembre. ELECCI\u00d3N PREMIO NACIONAL DE ARQUITECTURA 2012 - Colegio de Arquitectos - COLEGIO DE ARQUITECTOS DE CHILE\",\"isPartOf\":{\"@id\":\"https:\/\/colegioarquitectos.com\/noticias\/#website\"},\"datePublished\":\"2012-09-03T10:00:44+00:00\",\"dateModified\":\"2012-09-28T15:16:07+00:00\",\"breadcrumb\":{\"@id\":\"https:\/\/colegioarquitectos.com\/noticias\/?p=2648#breadcrumb\"},\"inLanguage\":\"es\",\"potentialAction\":[{\"@type\":\"ReadAction\",\"target\":[\"https:\/\/colegioarquitectos.com\/noticias\/?p=2648\"]}]},{\"@type\":\"BreadcrumbList\",\"@id\":\"https:\/\/colegioarquitectos.com\/noticias\/?p=2648#breadcrumb\",\"itemListElement\":[{\"@type\":\"ListItem\",\"position\":1,\"name\":\"Portada\",\"item\":\"https:\/\/colegioarquitectos.com\/noticias\"},{\"@type\":\"ListItem\",\"position\":2,\"name\":\"Jueves 27 de septiembre. ELECCI\u00d3N PREMIO NACIONAL DE ARQUITECTURA 2012 &#8211; Colegio de Arquitectos\"}]},{\"@type\":\"WebSite\",\"@id\":\"https:\/\/colegioarquitectos.com\/noticias\/#website\",\"url\":\"https:\/\/colegioarquitectos.com\/noticias\/\",\"name\":\"COLEGIO DE ARQUITECTOS DE CHILE\",\"description\":\"\",\"publisher\":{\"@id\":\"https:\/\/colegioarquitectos.com\/noticias\/#organization\"},\"potentialAction\":[{\"@type\":\"SearchAction\",\"target\":{\"@type\":\"EntryPoint\",\"urlTemplate\":\"https:\/\/colegioarquitectos.com\/noticias\/?s={search_term_string}\"},\"query-input\":{\"@type\":\"PropertyValueSpecification\",\"valueRequired\":true,\"valueName\":\"search_term_string\"}}],\"inLanguage\":\"es\"},{\"@type\":\"Organization\",\"@id\":\"https:\/\/colegioarquitectos.com\/noticias\/#organization\",\"name\":\"COLEGIO DE ARQUITECTOS DE CHILE\",\"url\":\"https:\/\/colegioarquitectos.com\/noticias\/\",\"logo\":{\"@type\":\"ImageObject\",\"inLanguage\":\"es\",\"@id\":\"https:\/\/colegioarquitectos.com\/noticias\/#\/schema\/logo\/image\/\",\"url\":\"https:\/\/colegioarquitectos.com\/noticias\/wp-content\/uploads\/2021\/05\/ENCABEZADO-LOGO-CA.jpg\",\"contentUrl\":\"https:\/\/colegioarquitectos.com\/noticias\/wp-content\/uploads\/2021\/05\/ENCABEZADO-LOGO-CA.jpg\",\"width\":690,\"height\":350,\"caption\":\"COLEGIO DE ARQUITECTOS DE CHILE\"},\"image\":{\"@id\":\"https:\/\/colegioarquitectos.com\/noticias\/#\/schema\/logo\/image\/\"},\"sameAs\":[\"https:\/\/facebook.com\/Colegioarq\/\",\"https:\/\/x.com\/colegioarq\",\"https:\/\/instagram.com\/colegioarq\",\"https:\/\/youtube.com\/@ColegiodeArquitectosdeChile\"]},{\"@type\":\"Person\",\"@id\":\"https:\/\/colegioarquitectos.com\/noticias\/#\/schema\/person\/b6c7e912cd1283c089114093ed09741f\",\"name\":\"Gabriel Salgado S.\",\"url\":\"https:\/\/colegioarquitectos.com\/noticias\/?author=1\"}]}<\/script>\n<!-- \/ Yoast SEO plugin. -->","yoast_head_json":{"title":"Jueves 27 de septiembre. ELECCI\u00d3N PREMIO NACIONAL DE ARQUITECTURA 2012 - Colegio de Arquitectos - COLEGIO DE ARQUITECTOS DE CHILE","robots":{"index":"index","follow":"follow","max-snippet":"max-snippet:-1","max-image-preview":"max-image-preview:large","max-video-preview":"max-video-preview:-1"},"canonical":"https:\/\/colegioarquitectos.com\/noticias\/?p=2648","og_locale":"es_ES","og_type":"article","og_title":"Jueves 27 de septiembre. ELECCI\u00d3N PREMIO NACIONAL DE ARQUITECTURA 2012 - Colegio de Arquitectos - COLEGIO DE ARQUITECTOS DE CHILE","og_description":"El jueves 27 de septiembre del presente, el Directorio Nacional del Colegio de Arquitectos de Chile se re\u00fane en forma extraordinaria para dirimir al galardonado que recibir\u00e1 el Premio Nacional de Arquitectura 2012. \u00a0Este Premio, otorgado cada dos a\u00f1os en &hellip; ver m\u00e1s","og_url":"https:\/\/colegioarquitectos.com\/noticias\/?p=2648","og_site_name":"COLEGIO DE ARQUITECTOS DE CHILE","article_publisher":"https:\/\/facebook.com\/Colegioarq\/","article_published_time":"2012-09-03T10:00:44+00:00","article_modified_time":"2012-09-28T15:16:07+00:00","author":"Gabriel Salgado S.","twitter_card":"summary_large_image","twitter_creator":"@colegioarq","twitter_site":"@colegioarq","twitter_misc":{"Escrito por":"Gabriel Salgado S.","Tiempo de lectura":"1 minuto"},"schema":{"@context":"https:\/\/schema.org","@graph":[{"@type":"Article","@id":"https:\/\/colegioarquitectos.com\/noticias\/?p=2648#article","isPartOf":{"@id":"https:\/\/colegioarquitectos.com\/noticias\/?p=2648"},"author":{"name":"Gabriel Salgado S.","@id":"https:\/\/colegioarquitectos.com\/noticias\/#\/schema\/person\/b6c7e912cd1283c089114093ed09741f"},"headline":"Jueves 27 de septiembre. ELECCI\u00d3N PREMIO NACIONAL DE ARQUITECTURA 2012 &#8211; Colegio de Arquitectos","datePublished":"2012-09-03T10:00:44+00:00","dateModified":"2012-09-28T15:16:07+00:00","mainEntityOfPage":{"@id":"https:\/\/colegioarquitectos.com\/noticias\/?p=2648"},"wordCount":308,"commentCount":0,"publisher":{"@id":"https:\/\/colegioarquitectos.com\/noticias\/#organization"},"articleSection":["Actividades","Colegio"],"inLanguage":"es","potentialAction":[{"@type":"CommentAction","name":"Comment","target":["https:\/\/colegioarquitectos.com\/noticias\/?p=2648#respond"]}]},{"@type":"WebPage","@id":"https:\/\/colegioarquitectos.com\/noticias\/?p=2648","url":"https:\/\/colegioarquitectos.com\/noticias\/?p=2648","name":"Jueves 27 de septiembre. ELECCI\u00d3N PREMIO NACIONAL DE ARQUITECTURA 2012 - Colegio de Arquitectos - COLEGIO DE ARQUITECTOS DE CHILE","isPartOf":{"@id":"https:\/\/colegioarquitectos.com\/noticias\/#website"},"datePublished":"2012-09-03T10:00:44+00:00","dateModified":"2012-09-28T15:16:07+00:00","breadcrumb":{"@id":"https:\/\/colegioarquitectos.com\/noticias\/?p=2648#breadcrumb"},"inLanguage":"es","potentialAction":[{"@type":"ReadAction","target":["https:\/\/colegioarquitectos.com\/noticias\/?p=2648"]}]},{"@type":"BreadcrumbList","@id":"https:\/\/colegioarquitectos.com\/noticias\/?p=2648#breadcrumb","itemListElement":[{"@type":"ListItem","position":1,"name":"Portada","item":"https:\/\/colegioarquitectos.com\/noticias"},{"@type":"ListItem","position":2,"name":"Jueves 27 de septiembre. ELECCI\u00d3N PREMIO NACIONAL DE ARQUITECTURA 2012 &#8211; Colegio de Arquitectos"}]},{"@type":"WebSite","@id":"https:\/\/colegioarquitectos.com\/noticias\/#website","url":"https:\/\/colegioarquitectos.com\/noticias\/","name":"COLEGIO DE ARQUITECTOS DE CHILE","description":"","publisher":{"@id":"https:\/\/colegioarquitectos.com\/noticias\/#organization"},"potentialAction":[{"@type":"SearchAction","target":{"@type":"EntryPoint","urlTemplate":"https:\/\/colegioarquitectos.com\/noticias\/?s={search_term_string}"},"query-input":{"@type":"PropertyValueSpecification","valueRequired":true,"valueName":"search_term_string"}}],"inLanguage":"es"},{"@type":"Organization","@id":"https:\/\/colegioarquitectos.com\/noticias\/#organization","name":"COLEGIO DE ARQUITECTOS DE CHILE","url":"https:\/\/colegioarquitectos.com\/noticias\/","logo":{"@type":"ImageObject","inLanguage":"es","@id":"https:\/\/colegioarquitectos.com\/noticias\/#\/schema\/logo\/image\/","url":"https:\/\/colegioarquitectos.com\/noticias\/wp-content\/uploads\/2021\/05\/ENCABEZADO-LOGO-CA.jpg","contentUrl":"https:\/\/colegioarquitectos.com\/noticias\/wp-content\/uploads\/2021\/05\/ENCABEZADO-LOGO-CA.jpg","width":690,"height":350,"caption":"COLEGIO DE ARQUITECTOS DE CHILE"},"image":{"@id":"https:\/\/colegioarquitectos.com\/noticias\/#\/schema\/logo\/image\/"},"sameAs":["https:\/\/facebook.com\/Colegioarq\/","https:\/\/x.com\/colegioarq","https:\/\/instagram.com\/colegioarq","https:\/\/youtube.com\/@ColegiodeArquitectosdeChile"]},{"@type":"Person","@id":"https:\/\/colegioarquitectos.com\/noticias\/#\/schema\/person\/b6c7e912cd1283c089114093ed09741f","name":"Gabriel Salgado S.","url":"https:\/\/colegioarquitectos.com\/noticias\/?author=1"}]}},"_links":{"self":[{"href":"https:\/\/colegioarquitectos.com\/noticias\/index.php?rest_route=\/wp\/v2\/posts\/2648","targetHints":{"allow":["GET"]}}],"collection":[{"href":"https:\/\/colegioarquitectos.com\/noticias\/index.php?rest_route=\/wp\/v2\/posts"}],"about":[{"href":"https:\/\/colegioarquitectos.com\/noticias\/index.php?rest_route=\/wp\/v2\/types\/post"}],"author":[{"embeddable":true,"href":"https:\/\/colegioarquitectos.com\/noticias\/index.php?rest_route=\/wp\/v2\/users\/1"}],"replies":[{"embeddable":true,"href":"https:\/\/colegioarquitectos.com\/noticias\/index.php?rest_route=%2Fwp%2Fv2%2Fcomments&post=2648"}],"version-history":[{"count":0,"href":"https:\/\/colegioarquitectos.com\/noticias\/index.php?rest_route=\/wp\/v2\/posts\/2648\/revisions"}],"wp:attachment":[{"href":"https:\/\/colegioarquitectos.com\/noticias\/index.php?rest_route=%2Fwp%2Fv2%2Fmedia&parent=2648"}],"wp:term":[{"taxonomy":"category","embeddable":true,"href":"https:\/\/colegioarquitectos.com\/noticias\/index.php?rest_route=%2Fwp%2Fv2%2Fcategories&post=2648"},{"taxonomy":"post_tag","embeddable":true,"href":"https:\/\/colegioarquitectos.com\/noticias\/index.php?rest_route=%2Fwp%2Fv2%2Ftags&post=2648"}],"curies":[{"name":"wp","href":"https:\/\/api.w.org\/{rel}","templated":true}]}}