
{"id":265,"date":"2012-01-05T08:45:19","date_gmt":"2012-01-05T08:45:19","guid":{"rendered":"http:\/\/colegioarquitectos.com\/noticias\/?p=265"},"modified":"2012-01-12T14:58:08","modified_gmt":"2012-01-12T14:58:08","slug":"fallece-destacado-arquitecto-iquiqueno-patricio-advis-vitaglich","status":"publish","type":"post","link":"https:\/\/colegioarquitectos.com\/noticias\/?p=265","title":{"rendered":"Fallece destacado Arquitecto iquique\u00f1o, Patricio Advis Vitaglich"},"content":{"rendered":"<p style=\"text-align: justify;\"><strong>Muri\u00f3 el destacado arquitecto Patricio Advis Vitaglich<\/strong><\/p>\n<p><span style=\"color: #000080;\"><em><strong>Fuente: Diario 21<\/strong><\/em><\/span><\/p>\n<p>Profundo pesar caus\u00f3 en la comunidad iquique\u00f1a la muerte del arquitecto Patricio Advis Vitaglich, perteneciente a una connotada familia de esta ciudad. Arquitecto por profesi\u00f3n, educador se interioriz\u00f3 en lo acontecido especialmente en la regi\u00f3n de Tarapac\u00e1, con diferentes estudios y publicaciones.<\/p>\n<p>Su deceso ocurri\u00f3 despu\u00e9s de soportar una larga enfermedad, sin embargo, nunca perdi\u00f3 el inter\u00e9s y pasi\u00f3n por seguir descubriendo eventos hist\u00f3ricos registrados en Iquique y Tarapac\u00e1, desconocidos porque no los contemplaba la historia oficial o estaban muy perdidos en el tiempo.<br \/>\nLa noticia de su muerte caus\u00f3 profundo dolor entre sus amigos que lo apreciaban por su singular estilo de ver la vida.<\/p>\n<p>Durante su vida escribi\u00f3 varios libros, dise\u00f1\u00f3 varios edificios y siempre fue un apasionado en la defensa del patrimonio arquitect\u00f3nico de la ciudad y de los pueblos del interior, los cuales conoc\u00eda y recorr\u00eda con sus amigos, llegando a conocerlos como la palma de su mano.<\/p>\n<p>Afortunadamente, el trabajo y dedicaci\u00f3n a su profesi\u00f3n de arquitecto, escritor y profesor universitario fue reconocido en vida, siendo nombrado Ciudadano Ilustre por la Municipalidad de Iquique.<\/p>\n<p>Una de sus \u00faltimas obras trataba el interesante recorrido de Diego de Almagro. Un libro que titul\u00f3: El desierto conmovido. Paso de la hueste de Almagro por el norte de Chile.<\/p>\n<p>La historia de Am\u00e9rica Latina, es como un gran tapiz o arpillera que vista en su conjunto nos entrega los diferentes per\u00edodos que ha sobrevivido. Los de ese Norte Grande que aman el desierto, \u201cla calor\u201d y el \u201cpenetro\u201d de la madrugada se preocupan de articular los peque\u00f1os retazos de la arpillera con los sucesos ocurridos en sus entornos. Patricio Advis era uno de ellos.<\/p>\n<p><strong>La Estrella de Iquique: <span style=\"color: #0000ff;\">http:\/\/edicionimpresa.soychile.cl\/iquique\/?fp=20120105&amp;pag=11<\/span><\/strong><\/p>\n<p><\/p>","protected":false},"excerpt":{"rendered":"<p>Muri\u00f3 el destacado arquitecto Patricio Advis Vitaglich Fuente: Diario 21 Profundo pesar caus\u00f3 en la comunidad iquique\u00f1a la muerte del arquitecto Patricio Advis Vitaglich, perteneciente a una connotada familia de esta ciudad. Arquitecto por profesi\u00f3n, educador se interioriz\u00f3 en lo &hellip; <a class=\"more-link\" href=\"https:\/\/colegioarquitectos.com\/noticias\/?p=265\">ver m\u00e1s<\/a><\/p>","protected":false},"author":1,"featured_media":0,"comment_status":"open","ping_status":"open","sticky":false,"template":"","format":"standard","meta":{"footnotes":""},"categories":[3],"tags":[],"class_list":["post-265","post","type-post","status-publish","format-standard","hentry","category-noticias"],"yoast_head":"<!-- This site is optimized with the Yoast SEO plugin v24.2 - https:\/\/yoast.com\/wordpress\/plugins\/seo\/ -->\n<title>Fallece destacado Arquitecto iquique\u00f1o, Patricio Advis Vitaglich - COLEGIO DE ARQUITECTOS DE CHILE<\/title>\n<meta name=\"robots\" content=\"index, follow, max-snippet:-1, max-image-preview:large, max-video-preview:-1\" \/>\n<link rel=\"canonical\" href=\"https:\/\/colegioarquitectos.com\/noticias\/?p=265\" \/>\n<meta property=\"og:locale\" content=\"es_ES\" \/>\n<meta property=\"og:type\" content=\"article\" \/>\n<meta property=\"og:title\" content=\"Fallece destacado Arquitecto iquique\u00f1o, Patricio Advis Vitaglich - COLEGIO DE ARQUITECTOS DE CHILE\" \/>\n<meta property=\"og:description\" content=\"Muri\u00f3 el destacado arquitecto Patricio Advis Vitaglich Fuente: Diario 21 Profundo pesar caus\u00f3 en la comunidad iquique\u00f1a la muerte del arquitecto Patricio Advis Vitaglich, perteneciente a una connotada familia de esta ciudad. Arquitecto por profesi\u00f3n, educador se interioriz\u00f3 en lo &hellip; ver m\u00e1s\" \/>\n<meta property=\"og:url\" content=\"https:\/\/colegioarquitectos.com\/noticias\/?p=265\" \/>\n<meta property=\"og:site_name\" content=\"COLEGIO DE ARQUITECTOS DE CHILE\" \/>\n<meta property=\"article:publisher\" content=\"https:\/\/facebook.com\/Colegioarq\/\" \/>\n<meta property=\"article:published_time\" content=\"2012-01-05T08:45:19+00:00\" \/>\n<meta property=\"article:modified_time\" content=\"2012-01-12T14:58:08+00:00\" \/>\n<meta name=\"author\" content=\"Gabriel Salgado S.\" \/>\n<meta name=\"twitter:card\" content=\"summary_large_image\" \/>\n<meta name=\"twitter:creator\" content=\"@colegioarq\" \/>\n<meta name=\"twitter:site\" content=\"@colegioarq\" \/>\n<meta name=\"twitter:label1\" content=\"Escrito por\" \/>\n\t<meta name=\"twitter:data1\" content=\"Gabriel Salgado S.\" \/>\n\t<meta name=\"twitter:label2\" content=\"Tiempo de lectura\" \/>\n\t<meta name=\"twitter:data2\" content=\"2 minutos\" \/>\n<script type=\"application\/ld+json\" class=\"yoast-schema-graph\">{\"@context\":\"https:\/\/schema.org\",\"@graph\":[{\"@type\":\"Article\",\"@id\":\"https:\/\/colegioarquitectos.com\/noticias\/?p=265#article\",\"isPartOf\":{\"@id\":\"https:\/\/colegioarquitectos.com\/noticias\/?p=265\"},\"author\":{\"name\":\"Gabriel Salgado S.\",\"@id\":\"https:\/\/colegioarquitectos.com\/noticias\/#\/schema\/person\/b6c7e912cd1283c089114093ed09741f\"},\"headline\":\"Fallece destacado Arquitecto iquique\u00f1o, Patricio Advis Vitaglich\",\"datePublished\":\"2012-01-05T08:45:19+00:00\",\"dateModified\":\"2012-01-12T14:58:08+00:00\",\"mainEntityOfPage\":{\"@id\":\"https:\/\/colegioarquitectos.com\/noticias\/?p=265\"},\"wordCount\":319,\"commentCount\":0,\"publisher\":{\"@id\":\"https:\/\/colegioarquitectos.com\/noticias\/#organization\"},\"articleSection\":[\"Noticias\"],\"inLanguage\":\"es\",\"potentialAction\":[{\"@type\":\"CommentAction\",\"name\":\"Comment\",\"target\":[\"https:\/\/colegioarquitectos.com\/noticias\/?p=265#respond\"]}]},{\"@type\":\"WebPage\",\"@id\":\"https:\/\/colegioarquitectos.com\/noticias\/?p=265\",\"url\":\"https:\/\/colegioarquitectos.com\/noticias\/?p=265\",\"name\":\"Fallece destacado Arquitecto iquique\u00f1o, Patricio Advis Vitaglich - COLEGIO DE ARQUITECTOS DE CHILE\",\"isPartOf\":{\"@id\":\"https:\/\/colegioarquitectos.com\/noticias\/#website\"},\"datePublished\":\"2012-01-05T08:45:19+00:00\",\"dateModified\":\"2012-01-12T14:58:08+00:00\",\"breadcrumb\":{\"@id\":\"https:\/\/colegioarquitectos.com\/noticias\/?p=265#breadcrumb\"},\"inLanguage\":\"es\",\"potentialAction\":[{\"@type\":\"ReadAction\",\"target\":[\"https:\/\/colegioarquitectos.com\/noticias\/?p=265\"]}]},{\"@type\":\"BreadcrumbList\",\"@id\":\"https:\/\/colegioarquitectos.com\/noticias\/?p=265#breadcrumb\",\"itemListElement\":[{\"@type\":\"ListItem\",\"position\":1,\"name\":\"Portada\",\"item\":\"https:\/\/colegioarquitectos.com\/noticias\"},{\"@type\":\"ListItem\",\"position\":2,\"name\":\"Fallece destacado Arquitecto iquique\u00f1o, Patricio Advis Vitaglich\"}]},{\"@type\":\"WebSite\",\"@id\":\"https:\/\/colegioarquitectos.com\/noticias\/#website\",\"url\":\"https:\/\/colegioarquitectos.com\/noticias\/\",\"name\":\"COLEGIO DE ARQUITECTOS DE CHILE\",\"description\":\"\",\"publisher\":{\"@id\":\"https:\/\/colegioarquitectos.com\/noticias\/#organization\"},\"potentialAction\":[{\"@type\":\"SearchAction\",\"target\":{\"@type\":\"EntryPoint\",\"urlTemplate\":\"https:\/\/colegioarquitectos.com\/noticias\/?s={search_term_string}\"},\"query-input\":{\"@type\":\"PropertyValueSpecification\",\"valueRequired\":true,\"valueName\":\"search_term_string\"}}],\"inLanguage\":\"es\"},{\"@type\":\"Organization\",\"@id\":\"https:\/\/colegioarquitectos.com\/noticias\/#organization\",\"name\":\"COLEGIO DE ARQUITECTOS DE CHILE\",\"url\":\"https:\/\/colegioarquitectos.com\/noticias\/\",\"logo\":{\"@type\":\"ImageObject\",\"inLanguage\":\"es\",\"@id\":\"https:\/\/colegioarquitectos.com\/noticias\/#\/schema\/logo\/image\/\",\"url\":\"https:\/\/colegioarquitectos.com\/noticias\/wp-content\/uploads\/2021\/05\/ENCABEZADO-LOGO-CA.jpg\",\"contentUrl\":\"https:\/\/colegioarquitectos.com\/noticias\/wp-content\/uploads\/2021\/05\/ENCABEZADO-LOGO-CA.jpg\",\"width\":690,\"height\":350,\"caption\":\"COLEGIO DE ARQUITECTOS DE CHILE\"},\"image\":{\"@id\":\"https:\/\/colegioarquitectos.com\/noticias\/#\/schema\/logo\/image\/\"},\"sameAs\":[\"https:\/\/facebook.com\/Colegioarq\/\",\"https:\/\/x.com\/colegioarq\",\"https:\/\/instagram.com\/colegioarq\",\"https:\/\/youtube.com\/@ColegiodeArquitectosdeChile\"]},{\"@type\":\"Person\",\"@id\":\"https:\/\/colegioarquitectos.com\/noticias\/#\/schema\/person\/b6c7e912cd1283c089114093ed09741f\",\"name\":\"Gabriel Salgado S.\",\"url\":\"https:\/\/colegioarquitectos.com\/noticias\/?author=1\"}]}<\/script>\n<!-- \/ Yoast SEO plugin. -->","yoast_head_json":{"title":"Fallece destacado Arquitecto iquique\u00f1o, Patricio Advis Vitaglich - COLEGIO DE ARQUITECTOS DE CHILE","robots":{"index":"index","follow":"follow","max-snippet":"max-snippet:-1","max-image-preview":"max-image-preview:large","max-video-preview":"max-video-preview:-1"},"canonical":"https:\/\/colegioarquitectos.com\/noticias\/?p=265","og_locale":"es_ES","og_type":"article","og_title":"Fallece destacado Arquitecto iquique\u00f1o, Patricio Advis Vitaglich - COLEGIO DE ARQUITECTOS DE CHILE","og_description":"Muri\u00f3 el destacado arquitecto Patricio Advis Vitaglich Fuente: Diario 21 Profundo pesar caus\u00f3 en la comunidad iquique\u00f1a la muerte del arquitecto Patricio Advis Vitaglich, perteneciente a una connotada familia de esta ciudad. Arquitecto por profesi\u00f3n, educador se interioriz\u00f3 en lo &hellip; ver m\u00e1s","og_url":"https:\/\/colegioarquitectos.com\/noticias\/?p=265","og_site_name":"COLEGIO DE ARQUITECTOS DE CHILE","article_publisher":"https:\/\/facebook.com\/Colegioarq\/","article_published_time":"2012-01-05T08:45:19+00:00","article_modified_time":"2012-01-12T14:58:08+00:00","author":"Gabriel Salgado S.","twitter_card":"summary_large_image","twitter_creator":"@colegioarq","twitter_site":"@colegioarq","twitter_misc":{"Escrito por":"Gabriel Salgado S.","Tiempo de lectura":"2 minutos"},"schema":{"@context":"https:\/\/schema.org","@graph":[{"@type":"Article","@id":"https:\/\/colegioarquitectos.com\/noticias\/?p=265#article","isPartOf":{"@id":"https:\/\/colegioarquitectos.com\/noticias\/?p=265"},"author":{"name":"Gabriel Salgado S.","@id":"https:\/\/colegioarquitectos.com\/noticias\/#\/schema\/person\/b6c7e912cd1283c089114093ed09741f"},"headline":"Fallece destacado Arquitecto iquique\u00f1o, Patricio Advis Vitaglich","datePublished":"2012-01-05T08:45:19+00:00","dateModified":"2012-01-12T14:58:08+00:00","mainEntityOfPage":{"@id":"https:\/\/colegioarquitectos.com\/noticias\/?p=265"},"wordCount":319,"commentCount":0,"publisher":{"@id":"https:\/\/colegioarquitectos.com\/noticias\/#organization"},"articleSection":["Noticias"],"inLanguage":"es","potentialAction":[{"@type":"CommentAction","name":"Comment","target":["https:\/\/colegioarquitectos.com\/noticias\/?p=265#respond"]}]},{"@type":"WebPage","@id":"https:\/\/colegioarquitectos.com\/noticias\/?p=265","url":"https:\/\/colegioarquitectos.com\/noticias\/?p=265","name":"Fallece destacado Arquitecto iquique\u00f1o, Patricio Advis Vitaglich - COLEGIO DE ARQUITECTOS DE CHILE","isPartOf":{"@id":"https:\/\/colegioarquitectos.com\/noticias\/#website"},"datePublished":"2012-01-05T08:45:19+00:00","dateModified":"2012-01-12T14:58:08+00:00","breadcrumb":{"@id":"https:\/\/colegioarquitectos.com\/noticias\/?p=265#breadcrumb"},"inLanguage":"es","potentialAction":[{"@type":"ReadAction","target":["https:\/\/colegioarquitectos.com\/noticias\/?p=265"]}]},{"@type":"BreadcrumbList","@id":"https:\/\/colegioarquitectos.com\/noticias\/?p=265#breadcrumb","itemListElement":[{"@type":"ListItem","position":1,"name":"Portada","item":"https:\/\/colegioarquitectos.com\/noticias"},{"@type":"ListItem","position":2,"name":"Fallece destacado Arquitecto iquique\u00f1o, Patricio Advis Vitaglich"}]},{"@type":"WebSite","@id":"https:\/\/colegioarquitectos.com\/noticias\/#website","url":"https:\/\/colegioarquitectos.com\/noticias\/","name":"COLEGIO DE ARQUITECTOS DE CHILE","description":"","publisher":{"@id":"https:\/\/colegioarquitectos.com\/noticias\/#organization"},"potentialAction":[{"@type":"SearchAction","target":{"@type":"EntryPoint","urlTemplate":"https:\/\/colegioarquitectos.com\/noticias\/?s={search_term_string}"},"query-input":{"@type":"PropertyValueSpecification","valueRequired":true,"valueName":"search_term_string"}}],"inLanguage":"es"},{"@type":"Organization","@id":"https:\/\/colegioarquitectos.com\/noticias\/#organization","name":"COLEGIO DE ARQUITECTOS DE CHILE","url":"https:\/\/colegioarquitectos.com\/noticias\/","logo":{"@type":"ImageObject","inLanguage":"es","@id":"https:\/\/colegioarquitectos.com\/noticias\/#\/schema\/logo\/image\/","url":"https:\/\/colegioarquitectos.com\/noticias\/wp-content\/uploads\/2021\/05\/ENCABEZADO-LOGO-CA.jpg","contentUrl":"https:\/\/colegioarquitectos.com\/noticias\/wp-content\/uploads\/2021\/05\/ENCABEZADO-LOGO-CA.jpg","width":690,"height":350,"caption":"COLEGIO DE ARQUITECTOS DE CHILE"},"image":{"@id":"https:\/\/colegioarquitectos.com\/noticias\/#\/schema\/logo\/image\/"},"sameAs":["https:\/\/facebook.com\/Colegioarq\/","https:\/\/x.com\/colegioarq","https:\/\/instagram.com\/colegioarq","https:\/\/youtube.com\/@ColegiodeArquitectosdeChile"]},{"@type":"Person","@id":"https:\/\/colegioarquitectos.com\/noticias\/#\/schema\/person\/b6c7e912cd1283c089114093ed09741f","name":"Gabriel Salgado S.","url":"https:\/\/colegioarquitectos.com\/noticias\/?author=1"}]}},"_links":{"self":[{"href":"https:\/\/colegioarquitectos.com\/noticias\/index.php?rest_route=\/wp\/v2\/posts\/265","targetHints":{"allow":["GET"]}}],"collection":[{"href":"https:\/\/colegioarquitectos.com\/noticias\/index.php?rest_route=\/wp\/v2\/posts"}],"about":[{"href":"https:\/\/colegioarquitectos.com\/noticias\/index.php?rest_route=\/wp\/v2\/types\/post"}],"author":[{"embeddable":true,"href":"https:\/\/colegioarquitectos.com\/noticias\/index.php?rest_route=\/wp\/v2\/users\/1"}],"replies":[{"embeddable":true,"href":"https:\/\/colegioarquitectos.com\/noticias\/index.php?rest_route=%2Fwp%2Fv2%2Fcomments&post=265"}],"version-history":[{"count":0,"href":"https:\/\/colegioarquitectos.com\/noticias\/index.php?rest_route=\/wp\/v2\/posts\/265\/revisions"}],"wp:attachment":[{"href":"https:\/\/colegioarquitectos.com\/noticias\/index.php?rest_route=%2Fwp%2Fv2%2Fmedia&parent=265"}],"wp:term":[{"taxonomy":"category","embeddable":true,"href":"https:\/\/colegioarquitectos.com\/noticias\/index.php?rest_route=%2Fwp%2Fv2%2Fcategories&post=265"},{"taxonomy":"post_tag","embeddable":true,"href":"https:\/\/colegioarquitectos.com\/noticias\/index.php?rest_route=%2Fwp%2Fv2%2Ftags&post=265"}],"curies":[{"name":"wp","href":"https:\/\/api.w.org\/{rel}","templated":true}]}}