
{"id":26523,"date":"2020-12-21T16:14:35","date_gmt":"2020-12-21T16:14:35","guid":{"rendered":"http:\/\/colegioarquitectos.com\/?p=26523"},"modified":"2020-12-21T16:14:35","modified_gmt":"2020-12-21T16:14:35","slug":"en-muy-personal-de-revista-masdeco-entrevista-a-la-presidenta-jadille-baza","status":"publish","type":"post","link":"https:\/\/colegioarquitectos.com\/noticias\/?p=26523","title":{"rendered":"En \u00abMuy personal\u00bb de Revista M\u00e1sDeco: Entrevista a la Presidenta Jadille Baza"},"content":{"rendered":"<p>En la edici\u00f3n del pasado\u00a0<strong>s\u00e1bado 19 de diciembre<\/strong> de la revista <strong>M\u00e1sDeco<\/strong> del diario <strong>La Tercera<\/strong>, nuestra <strong>Presidenta Nacional Jadille Baza<\/strong> fue entrevistada en la secci\u00f3n <strong>\u00abMuy personal\u00bb<\/strong> por el periodista <strong>Pablo Andulce<\/strong>.<\/p>\n<p>En la entrevista abord\u00f3 la importancia de la arquitectura asociada a la educaci\u00f3n en su carrera y\u00a0los principales desaf\u00edos que tendr\u00e1 liderando el <strong>Colegio de Arquitectos de Chile<\/strong>.<\/p>\n<p>\u00abOrientar\u00e9 mi trabajo para que todas y todos los arquitectos se sientan representados por el Colegio de Arquitectos de Chile, recuperando no s\u00f3lo a quienes se han alejado desencantados, sino a los j\u00f3venes que no sienten un espacio que de cuenta de sus preocupaciones. Junto a ello, mi sello ser\u00e1 llevar la opini\u00f3n y las propuestas del Colegio de Arquitectos a todas las instancias relacionadas con nuestra profesi\u00f3n y en todo \u00e1mbito en que nos desempe\u00f1amos, sea este p\u00fablico o privado, incorporando nuestra mirada en la nueva Constituci\u00f3n\u00bb, fue una de las respuestas de la <strong>Presidenta Jadille Baza<\/strong>.<\/p>\n<p>Puedes leer la entrevista completa presionando la siguiente imagen:<\/p>\n<p><a href=\"https:\/\/www.latercera.com\/masdeco\/jadille-baza\/\"><img loading=\"lazy\" decoding=\"async\" class=\"aligncenter size-full wp-image-26524\" src=\"http:\/\/colegioarquitectos.com\/noticias\/wp-content\/uploads\/2020\/12\/Post-Instagram.jpg\" alt=\"\" width=\"1080\" height=\"1080\" srcset=\"https:\/\/colegioarquitectos.com\/noticias\/wp-content\/uploads\/2020\/12\/Post-Instagram.jpg 1080w, https:\/\/colegioarquitectos.com\/noticias\/wp-content\/uploads\/2020\/12\/Post-Instagram-180x180.jpg 180w, https:\/\/colegioarquitectos.com\/noticias\/wp-content\/uploads\/2020\/12\/Post-Instagram-300x300.jpg 300w, https:\/\/colegioarquitectos.com\/noticias\/wp-content\/uploads\/2020\/12\/Post-Instagram-768x768.jpg 768w, https:\/\/colegioarquitectos.com\/noticias\/wp-content\/uploads\/2020\/12\/Post-Instagram-1024x1024.jpg 1024w\" sizes=\"auto, (max-width: 1080px) 100vw, 1080px\" \/><\/a><\/p>\n<p><\/p>","protected":false},"excerpt":{"rendered":"<p>En la edici\u00f3n del pasado\u00a0s\u00e1bado 19 de diciembre de la revista M\u00e1sDeco del diario La Tercera, nuestra Presidenta Nacional Jadille Baza fue entrevistada en la secci\u00f3n \u00abMuy personal\u00bb por el periodista Pablo Andulce. En la entrevista abord\u00f3 la importancia de &hellip; <a class=\"more-link\" href=\"https:\/\/colegioarquitectos.com\/noticias\/?p=26523\">ver m\u00e1s<\/a><\/p>","protected":false},"author":4,"featured_media":26525,"comment_status":"closed","ping_status":"closed","sticky":false,"template":"","format":"standard","meta":{"footnotes":""},"categories":[8,81],"tags":[],"class_list":["post-26523","post","type-post","status-publish","format-standard","has-post-thumbnail","hentry","category-colegio-de-arquitectos","category-sala-de-prensa"],"yoast_head":"<!-- This site is optimized with the Yoast SEO plugin v24.2 - https:\/\/yoast.com\/wordpress\/plugins\/seo\/ -->\n<title>En \u00abMuy personal\u00bb de Revista M\u00e1sDeco: Entrevista a la Presidenta Jadille Baza - COLEGIO DE ARQUITECTOS DE CHILE<\/title>\n<meta name=\"robots\" content=\"index, follow, max-snippet:-1, max-image-preview:large, max-video-preview:-1\" \/>\n<link rel=\"canonical\" href=\"https:\/\/colegioarquitectos.com\/noticias\/?p=26523\" \/>\n<meta property=\"og:locale\" content=\"es_ES\" \/>\n<meta property=\"og:type\" content=\"article\" \/>\n<meta property=\"og:title\" content=\"En \u00abMuy personal\u00bb de Revista M\u00e1sDeco: Entrevista a la Presidenta Jadille Baza - COLEGIO DE ARQUITECTOS DE CHILE\" \/>\n<meta property=\"og:description\" content=\"En la edici\u00f3n del pasado\u00a0s\u00e1bado 19 de diciembre de la revista M\u00e1sDeco del diario La Tercera, nuestra Presidenta Nacional Jadille Baza fue entrevistada en la secci\u00f3n \u00abMuy personal\u00bb por el periodista Pablo Andulce. En la entrevista abord\u00f3 la importancia de &hellip; ver m\u00e1s\" \/>\n<meta property=\"og:url\" content=\"https:\/\/colegioarquitectos.com\/noticias\/?p=26523\" \/>\n<meta property=\"og:site_name\" content=\"COLEGIO DE ARQUITECTOS DE CHILE\" \/>\n<meta property=\"article:publisher\" content=\"https:\/\/facebook.com\/Colegioarq\/\" \/>\n<meta property=\"article:published_time\" content=\"2020-12-21T16:14:35+00:00\" \/>\n<meta property=\"og:image\" content=\"https:\/\/colegioarquitectos.com\/noticias\/wp-content\/uploads\/2020\/12\/BeFunky-collageENCABEZADO.jpg\" \/>\n\t<meta property=\"og:image:width\" content=\"690\" \/>\n\t<meta property=\"og:image:height\" content=\"350\" \/>\n\t<meta property=\"og:image:type\" content=\"image\/jpeg\" \/>\n<meta name=\"author\" content=\"Colegio de Arquitectos de Chile\" \/>\n<meta name=\"twitter:card\" content=\"summary_large_image\" \/>\n<meta name=\"twitter:creator\" content=\"@colegioarq\" \/>\n<meta name=\"twitter:site\" content=\"@colegioarq\" \/>\n<meta name=\"twitter:label1\" content=\"Escrito por\" \/>\n\t<meta name=\"twitter:data1\" content=\"Colegio de Arquitectos de Chile\" \/>\n\t<meta name=\"twitter:label2\" content=\"Tiempo de lectura\" \/>\n\t<meta name=\"twitter:data2\" content=\"1 minuto\" \/>\n<script type=\"application\/ld+json\" class=\"yoast-schema-graph\">{\"@context\":\"https:\/\/schema.org\",\"@graph\":[{\"@type\":\"Article\",\"@id\":\"https:\/\/colegioarquitectos.com\/noticias\/?p=26523#article\",\"isPartOf\":{\"@id\":\"https:\/\/colegioarquitectos.com\/noticias\/?p=26523\"},\"author\":{\"name\":\"Colegio de Arquitectos de Chile\",\"@id\":\"https:\/\/colegioarquitectos.com\/noticias\/#\/schema\/person\/685cc0aad148303c5608f049af8285ad\"},\"headline\":\"En \u00abMuy personal\u00bb de Revista M\u00e1sDeco: Entrevista a la Presidenta Jadille Baza\",\"datePublished\":\"2020-12-21T16:14:35+00:00\",\"dateModified\":\"2020-12-21T16:14:35+00:00\",\"mainEntityOfPage\":{\"@id\":\"https:\/\/colegioarquitectos.com\/noticias\/?p=26523\"},\"wordCount\":195,\"publisher\":{\"@id\":\"https:\/\/colegioarquitectos.com\/noticias\/#organization\"},\"image\":{\"@id\":\"https:\/\/colegioarquitectos.com\/noticias\/?p=26523#primaryimage\"},\"thumbnailUrl\":\"https:\/\/colegioarquitectos.com\/noticias\/wp-content\/uploads\/2020\/12\/BeFunky-collageENCABEZADO.jpg\",\"articleSection\":[\"Colegio\",\"Sala de Prensa\"],\"inLanguage\":\"es\"},{\"@type\":\"WebPage\",\"@id\":\"https:\/\/colegioarquitectos.com\/noticias\/?p=26523\",\"url\":\"https:\/\/colegioarquitectos.com\/noticias\/?p=26523\",\"name\":\"En \u00abMuy personal\u00bb de Revista M\u00e1sDeco: Entrevista a la Presidenta Jadille Baza - COLEGIO DE ARQUITECTOS DE CHILE\",\"isPartOf\":{\"@id\":\"https:\/\/colegioarquitectos.com\/noticias\/#website\"},\"primaryImageOfPage\":{\"@id\":\"https:\/\/colegioarquitectos.com\/noticias\/?p=26523#primaryimage\"},\"image\":{\"@id\":\"https:\/\/colegioarquitectos.com\/noticias\/?p=26523#primaryimage\"},\"thumbnailUrl\":\"https:\/\/colegioarquitectos.com\/noticias\/wp-content\/uploads\/2020\/12\/BeFunky-collageENCABEZADO.jpg\",\"datePublished\":\"2020-12-21T16:14:35+00:00\",\"dateModified\":\"2020-12-21T16:14:35+00:00\",\"breadcrumb\":{\"@id\":\"https:\/\/colegioarquitectos.com\/noticias\/?p=26523#breadcrumb\"},\"inLanguage\":\"es\",\"potentialAction\":[{\"@type\":\"ReadAction\",\"target\":[\"https:\/\/colegioarquitectos.com\/noticias\/?p=26523\"]}]},{\"@type\":\"ImageObject\",\"inLanguage\":\"es\",\"@id\":\"https:\/\/colegioarquitectos.com\/noticias\/?p=26523#primaryimage\",\"url\":\"https:\/\/colegioarquitectos.com\/noticias\/wp-content\/uploads\/2020\/12\/BeFunky-collageENCABEZADO.jpg\",\"contentUrl\":\"https:\/\/colegioarquitectos.com\/noticias\/wp-content\/uploads\/2020\/12\/BeFunky-collageENCABEZADO.jpg\",\"width\":690,\"height\":350},{\"@type\":\"BreadcrumbList\",\"@id\":\"https:\/\/colegioarquitectos.com\/noticias\/?p=26523#breadcrumb\",\"itemListElement\":[{\"@type\":\"ListItem\",\"position\":1,\"name\":\"Portada\",\"item\":\"https:\/\/colegioarquitectos.com\/noticias\"},{\"@type\":\"ListItem\",\"position\":2,\"name\":\"En \u00abMuy personal\u00bb de Revista M\u00e1sDeco: Entrevista a la Presidenta Jadille Baza\"}]},{\"@type\":\"WebSite\",\"@id\":\"https:\/\/colegioarquitectos.com\/noticias\/#website\",\"url\":\"https:\/\/colegioarquitectos.com\/noticias\/\",\"name\":\"COLEGIO DE ARQUITECTOS DE CHILE\",\"description\":\"\",\"publisher\":{\"@id\":\"https:\/\/colegioarquitectos.com\/noticias\/#organization\"},\"potentialAction\":[{\"@type\":\"SearchAction\",\"target\":{\"@type\":\"EntryPoint\",\"urlTemplate\":\"https:\/\/colegioarquitectos.com\/noticias\/?s={search_term_string}\"},\"query-input\":{\"@type\":\"PropertyValueSpecification\",\"valueRequired\":true,\"valueName\":\"search_term_string\"}}],\"inLanguage\":\"es\"},{\"@type\":\"Organization\",\"@id\":\"https:\/\/colegioarquitectos.com\/noticias\/#organization\",\"name\":\"COLEGIO DE ARQUITECTOS DE CHILE\",\"url\":\"https:\/\/colegioarquitectos.com\/noticias\/\",\"logo\":{\"@type\":\"ImageObject\",\"inLanguage\":\"es\",\"@id\":\"https:\/\/colegioarquitectos.com\/noticias\/#\/schema\/logo\/image\/\",\"url\":\"https:\/\/colegioarquitectos.com\/noticias\/wp-content\/uploads\/2021\/05\/ENCABEZADO-LOGO-CA.jpg\",\"contentUrl\":\"https:\/\/colegioarquitectos.com\/noticias\/wp-content\/uploads\/2021\/05\/ENCABEZADO-LOGO-CA.jpg\",\"width\":690,\"height\":350,\"caption\":\"COLEGIO DE ARQUITECTOS DE CHILE\"},\"image\":{\"@id\":\"https:\/\/colegioarquitectos.com\/noticias\/#\/schema\/logo\/image\/\"},\"sameAs\":[\"https:\/\/facebook.com\/Colegioarq\/\",\"https:\/\/x.com\/colegioarq\",\"https:\/\/instagram.com\/colegioarq\",\"https:\/\/youtube.com\/@ColegiodeArquitectosdeChile\"]},{\"@type\":\"Person\",\"@id\":\"https:\/\/colegioarquitectos.com\/noticias\/#\/schema\/person\/685cc0aad148303c5608f049af8285ad\",\"name\":\"Colegio de Arquitectos de Chile\",\"url\":\"https:\/\/colegioarquitectos.com\/noticias\/?author=4\"}]}<\/script>\n<!-- \/ Yoast SEO plugin. -->","yoast_head_json":{"title":"En \u00abMuy personal\u00bb de Revista M\u00e1sDeco: Entrevista a la Presidenta Jadille Baza - COLEGIO DE ARQUITECTOS DE CHILE","robots":{"index":"index","follow":"follow","max-snippet":"max-snippet:-1","max-image-preview":"max-image-preview:large","max-video-preview":"max-video-preview:-1"},"canonical":"https:\/\/colegioarquitectos.com\/noticias\/?p=26523","og_locale":"es_ES","og_type":"article","og_title":"En \u00abMuy personal\u00bb de Revista M\u00e1sDeco: Entrevista a la Presidenta Jadille Baza - COLEGIO DE ARQUITECTOS DE CHILE","og_description":"En la edici\u00f3n del pasado\u00a0s\u00e1bado 19 de diciembre de la revista M\u00e1sDeco del diario La Tercera, nuestra Presidenta Nacional Jadille Baza fue entrevistada en la secci\u00f3n \u00abMuy personal\u00bb por el periodista Pablo Andulce. En la entrevista abord\u00f3 la importancia de &hellip; ver m\u00e1s","og_url":"https:\/\/colegioarquitectos.com\/noticias\/?p=26523","og_site_name":"COLEGIO DE ARQUITECTOS DE CHILE","article_publisher":"https:\/\/facebook.com\/Colegioarq\/","article_published_time":"2020-12-21T16:14:35+00:00","og_image":[{"width":690,"height":350,"url":"https:\/\/colegioarquitectos.com\/noticias\/wp-content\/uploads\/2020\/12\/BeFunky-collageENCABEZADO.jpg","type":"image\/jpeg"}],"author":"Colegio de Arquitectos de Chile","twitter_card":"summary_large_image","twitter_creator":"@colegioarq","twitter_site":"@colegioarq","twitter_misc":{"Escrito por":"Colegio de Arquitectos de Chile","Tiempo de lectura":"1 minuto"},"schema":{"@context":"https:\/\/schema.org","@graph":[{"@type":"Article","@id":"https:\/\/colegioarquitectos.com\/noticias\/?p=26523#article","isPartOf":{"@id":"https:\/\/colegioarquitectos.com\/noticias\/?p=26523"},"author":{"name":"Colegio de Arquitectos de Chile","@id":"https:\/\/colegioarquitectos.com\/noticias\/#\/schema\/person\/685cc0aad148303c5608f049af8285ad"},"headline":"En \u00abMuy personal\u00bb de Revista M\u00e1sDeco: Entrevista a la Presidenta Jadille Baza","datePublished":"2020-12-21T16:14:35+00:00","dateModified":"2020-12-21T16:14:35+00:00","mainEntityOfPage":{"@id":"https:\/\/colegioarquitectos.com\/noticias\/?p=26523"},"wordCount":195,"publisher":{"@id":"https:\/\/colegioarquitectos.com\/noticias\/#organization"},"image":{"@id":"https:\/\/colegioarquitectos.com\/noticias\/?p=26523#primaryimage"},"thumbnailUrl":"https:\/\/colegioarquitectos.com\/noticias\/wp-content\/uploads\/2020\/12\/BeFunky-collageENCABEZADO.jpg","articleSection":["Colegio","Sala de Prensa"],"inLanguage":"es"},{"@type":"WebPage","@id":"https:\/\/colegioarquitectos.com\/noticias\/?p=26523","url":"https:\/\/colegioarquitectos.com\/noticias\/?p=26523","name":"En \u00abMuy personal\u00bb de Revista M\u00e1sDeco: Entrevista a la Presidenta Jadille Baza - COLEGIO DE ARQUITECTOS DE CHILE","isPartOf":{"@id":"https:\/\/colegioarquitectos.com\/noticias\/#website"},"primaryImageOfPage":{"@id":"https:\/\/colegioarquitectos.com\/noticias\/?p=26523#primaryimage"},"image":{"@id":"https:\/\/colegioarquitectos.com\/noticias\/?p=26523#primaryimage"},"thumbnailUrl":"https:\/\/colegioarquitectos.com\/noticias\/wp-content\/uploads\/2020\/12\/BeFunky-collageENCABEZADO.jpg","datePublished":"2020-12-21T16:14:35+00:00","dateModified":"2020-12-21T16:14:35+00:00","breadcrumb":{"@id":"https:\/\/colegioarquitectos.com\/noticias\/?p=26523#breadcrumb"},"inLanguage":"es","potentialAction":[{"@type":"ReadAction","target":["https:\/\/colegioarquitectos.com\/noticias\/?p=26523"]}]},{"@type":"ImageObject","inLanguage":"es","@id":"https:\/\/colegioarquitectos.com\/noticias\/?p=26523#primaryimage","url":"https:\/\/colegioarquitectos.com\/noticias\/wp-content\/uploads\/2020\/12\/BeFunky-collageENCABEZADO.jpg","contentUrl":"https:\/\/colegioarquitectos.com\/noticias\/wp-content\/uploads\/2020\/12\/BeFunky-collageENCABEZADO.jpg","width":690,"height":350},{"@type":"BreadcrumbList","@id":"https:\/\/colegioarquitectos.com\/noticias\/?p=26523#breadcrumb","itemListElement":[{"@type":"ListItem","position":1,"name":"Portada","item":"https:\/\/colegioarquitectos.com\/noticias"},{"@type":"ListItem","position":2,"name":"En \u00abMuy personal\u00bb de Revista M\u00e1sDeco: Entrevista a la Presidenta Jadille Baza"}]},{"@type":"WebSite","@id":"https:\/\/colegioarquitectos.com\/noticias\/#website","url":"https:\/\/colegioarquitectos.com\/noticias\/","name":"COLEGIO DE ARQUITECTOS DE CHILE","description":"","publisher":{"@id":"https:\/\/colegioarquitectos.com\/noticias\/#organization"},"potentialAction":[{"@type":"SearchAction","target":{"@type":"EntryPoint","urlTemplate":"https:\/\/colegioarquitectos.com\/noticias\/?s={search_term_string}"},"query-input":{"@type":"PropertyValueSpecification","valueRequired":true,"valueName":"search_term_string"}}],"inLanguage":"es"},{"@type":"Organization","@id":"https:\/\/colegioarquitectos.com\/noticias\/#organization","name":"COLEGIO DE ARQUITECTOS DE CHILE","url":"https:\/\/colegioarquitectos.com\/noticias\/","logo":{"@type":"ImageObject","inLanguage":"es","@id":"https:\/\/colegioarquitectos.com\/noticias\/#\/schema\/logo\/image\/","url":"https:\/\/colegioarquitectos.com\/noticias\/wp-content\/uploads\/2021\/05\/ENCABEZADO-LOGO-CA.jpg","contentUrl":"https:\/\/colegioarquitectos.com\/noticias\/wp-content\/uploads\/2021\/05\/ENCABEZADO-LOGO-CA.jpg","width":690,"height":350,"caption":"COLEGIO DE ARQUITECTOS DE CHILE"},"image":{"@id":"https:\/\/colegioarquitectos.com\/noticias\/#\/schema\/logo\/image\/"},"sameAs":["https:\/\/facebook.com\/Colegioarq\/","https:\/\/x.com\/colegioarq","https:\/\/instagram.com\/colegioarq","https:\/\/youtube.com\/@ColegiodeArquitectosdeChile"]},{"@type":"Person","@id":"https:\/\/colegioarquitectos.com\/noticias\/#\/schema\/person\/685cc0aad148303c5608f049af8285ad","name":"Colegio de Arquitectos de Chile","url":"https:\/\/colegioarquitectos.com\/noticias\/?author=4"}]}},"_links":{"self":[{"href":"https:\/\/colegioarquitectos.com\/noticias\/index.php?rest_route=\/wp\/v2\/posts\/26523","targetHints":{"allow":["GET"]}}],"collection":[{"href":"https:\/\/colegioarquitectos.com\/noticias\/index.php?rest_route=\/wp\/v2\/posts"}],"about":[{"href":"https:\/\/colegioarquitectos.com\/noticias\/index.php?rest_route=\/wp\/v2\/types\/post"}],"author":[{"embeddable":true,"href":"https:\/\/colegioarquitectos.com\/noticias\/index.php?rest_route=\/wp\/v2\/users\/4"}],"replies":[{"embeddable":true,"href":"https:\/\/colegioarquitectos.com\/noticias\/index.php?rest_route=%2Fwp%2Fv2%2Fcomments&post=26523"}],"version-history":[{"count":0,"href":"https:\/\/colegioarquitectos.com\/noticias\/index.php?rest_route=\/wp\/v2\/posts\/26523\/revisions"}],"wp:featuredmedia":[{"embeddable":true,"href":"https:\/\/colegioarquitectos.com\/noticias\/index.php?rest_route=\/wp\/v2\/media\/26525"}],"wp:attachment":[{"href":"https:\/\/colegioarquitectos.com\/noticias\/index.php?rest_route=%2Fwp%2Fv2%2Fmedia&parent=26523"}],"wp:term":[{"taxonomy":"category","embeddable":true,"href":"https:\/\/colegioarquitectos.com\/noticias\/index.php?rest_route=%2Fwp%2Fv2%2Fcategories&post=26523"},{"taxonomy":"post_tag","embeddable":true,"href":"https:\/\/colegioarquitectos.com\/noticias\/index.php?rest_route=%2Fwp%2Fv2%2Ftags&post=26523"}],"curies":[{"name":"wp","href":"https:\/\/api.w.org\/{rel}","templated":true}]}}