
{"id":26545,"date":"2021-01-04T13:50:00","date_gmt":"2021-01-04T13:50:00","guid":{"rendered":"http:\/\/colegioarquitectos.com\/?p=26545"},"modified":"2021-01-04T13:52:22","modified_gmt":"2021-01-04T13:52:22","slug":"delegacion-zonal-tarapaca-manifesto-su-sorpresa-y-descontento-por-retiro-de-plan-intercomunal-regional-pri","status":"publish","type":"post","link":"https:\/\/colegioarquitectos.com\/noticias\/?p=26545","title":{"rendered":"Delegaci\u00f3n Zonal Tarapac\u00e1  manifest\u00f3 su \u00absorpresa y descontento\u00bb por retiro de Plan Intercomunal Regional (PRI)"},"content":{"rendered":"<p>Preocupaci\u00f3n ha generado en la <strong>Regi\u00f3n de Tarapac\u00e1<\/strong> el retiro del <strong>Plan Intercomunal Regional (PRI)<\/strong> por parte del <strong>Intendente Miguel \u00c1ngel Quezada<\/strong>, el pasado <strong>21 de diciembre de 2020<\/strong>.<\/p>\n<p>El Plan Intercomunal Regional, que estaba listo para la toma de raz\u00f3n por parte de la Contralor\u00eda, <strong>plantea una edificaci\u00f3n de 800 habitantes por hect\u00e1rea, para edificios con baja altura<\/strong>.<\/p>\n<p>Frente a la decisi\u00f3n, el alcalde de Iquique, <strong>Mauricio Soria<\/strong>, y de Alto Hospicio, <strong>Patricio Ferreira<\/strong>, aseguraron no haber sido informados por el Intendente. Por su parte, el Gobierno Regional coment\u00f3 a trav\u00e9s de un comunicado que <strong>\u00abel documento fue retirado por la Contralor\u00eda para complementar antecedentes de dicha resoluci\u00f3n\u00bb<\/strong>. En tanto, el presidente del Consejo Regional, Rub\u00e9n Berrios, <strong>inform\u00f3 que se ofici\u00f3 al Intendente \u00abpara que de una informaci\u00f3n oficial de su proceder\u00bb<\/strong>.<\/p>\n<p>Nuestra <strong>Delegaci\u00f3n Zonal Tarapac\u00e1<\/strong>, a trav\u00e9s de una Declaraci\u00f3n p\u00fablica manifest\u00f3 su <strong>\u00absorpresa y descontento por la decisi\u00f3n de la autoridad de retirar desde contralor\u00eda el PRI\u00bb<\/strong>.<\/p>\n<p>\u00ab<strong>Esta es una decisi\u00f3n sin precedente en la historia de la Regi\u00f3n<\/strong>, nunca se hab\u00eda retirado un instrumento de planificaci\u00f3n de una forma arbitraria por parte de alg\u00fan Intendente\u00bb, agrega.<\/p>\n<p>La declaraci\u00f3n p\u00fablica de nuestra DZ Tarapac\u00e1 tambi\u00e9n cuestiona: \u00abLa Regi\u00f3n necesita un ordenamiento territorial urgente. Este retiro del sistema es adem\u00e1s una merma de recursos destinado por largo tiempo al desarrollo efectivo de una planificaci\u00f3n.<\/p>\n<p>Siendo un hecho que consideramos grave exigimos saber, como gremio y colegio especialista en temas de orden territorial, cu\u00e1les fueron los motivos, argumentos, observaciones t\u00e9cnicas que define esta decisi\u00f3n.<\/p>\n<p><strong>\u00bfQu\u00e9 organismo especialista fue consultado?, \u00bfqui\u00e9n se hace cargo de esta decisi\u00f3n t\u00e9cnica ?, \u00bfd\u00f3nde est\u00e1 la observaci\u00f3n formal ingresada de este particular para objetar alg\u00fan punto del PRI?<\/strong><\/p>\n<p>El PRI es un instrumento que permite redise\u00f1arse y tener modificaciones, cualquier alcance u observaci\u00f3n que precise una revisi\u00f3n puede hacerse con un PRI aprobado, por tanto, no se comprende este retiro\u00bb.<\/p>\n<p>Ante la pol\u00e9mica generada, el Consejero regional y Presidente de la Comisi\u00f3n de Vivienda y Ordenamiento Territorial, <strong>Rub\u00e9n L\u00f3pez<\/strong>, cit\u00f3 a la primera sesi\u00f3n de 2021 de la citada Comisi\u00f3n este <strong>mi\u00e9rcoles 6 de enero<\/strong> a las <strong>09.30 horas<\/strong> a una serie de autoridades involucradas.<\/p>\n<p>Fueron invitados a la Sesi\u00f3n el Intendente <strong>Miguel \u00c1ngel Quezada<\/strong>; y la Contralora Regional, <strong>Sandra Estay<\/strong>. Tambi\u00e9n fueron citados, a modo de invitaci\u00f3n, el alcalde de Iquique, <strong>Mauricio Soria<\/strong>; el alcalde de Alto Hospicio, <strong>Patricio Ferreira<\/strong>; y el alcalde de Huara, <strong>Jos\u00e9 Bartolo<\/strong>.<\/p>\n<p>Adem\u00e1s de convoc\u00f3 a la Seremi de Bienes Nacionales, <strong>Pilar Barrientos<\/strong>; y a la jefa de la DIPLAD del GORE, <strong>Daniela Solari<\/strong>. Por otra parte, tambi\u00e9n estar\u00e1 presente el <strong>Presidente de nuestra Delegaci\u00f3n Zonal Tarapac\u00e1, Francisco Mart\u00ednez Segovia<\/strong>.<\/p>\n<p>Puedes revisar la Declaraci\u00f3n p\u00fablica completa de nuestra Delegaci\u00f3n Zonal Tarapac\u00e1:<\/p>\n<p>&nbsp;<\/p>\n<p><img loading=\"lazy\" decoding=\"async\" class=\"aligncenter size-full wp-image-26546\" src=\"http:\/\/colegioarquitectos.com\/noticias\/wp-content\/uploads\/2021\/01\/Declaracio\u0301n-DZ-Tarapaca\u0301.png\" alt=\"\" width=\"836\" height=\"1362\" srcset=\"https:\/\/colegioarquitectos.com\/noticias\/wp-content\/uploads\/2021\/01\/Declaracio\u0301n-DZ-Tarapaca\u0301.png 836w, https:\/\/colegioarquitectos.com\/noticias\/wp-content\/uploads\/2021\/01\/Declaracio\u0301n-DZ-Tarapaca\u0301-184x300.png 184w, https:\/\/colegioarquitectos.com\/noticias\/wp-content\/uploads\/2021\/01\/Declaracio\u0301n-DZ-Tarapaca\u0301-768x1251.png 768w, https:\/\/colegioarquitectos.com\/noticias\/wp-content\/uploads\/2021\/01\/Declaracio\u0301n-DZ-Tarapaca\u0301-629x1024.png 629w\" sizes=\"auto, (max-width: 836px) 100vw, 836px\" \/><\/p>\n<p><\/p>","protected":false},"excerpt":{"rendered":"<p>Preocupaci\u00f3n ha generado en la Regi\u00f3n de Tarapac\u00e1 el retiro del Plan Intercomunal Regional (PRI) por parte del Intendente Miguel \u00c1ngel Quezada, el pasado 21 de diciembre de 2020. El Plan Intercomunal Regional, que estaba listo para la toma de &hellip; <a class=\"more-link\" href=\"https:\/\/colegioarquitectos.com\/noticias\/?p=26545\">ver m\u00e1s<\/a><\/p>","protected":false},"author":4,"featured_media":26548,"comment_status":"closed","ping_status":"closed","sticky":false,"template":"","format":"standard","meta":{"footnotes":""},"categories":[10],"tags":[],"class_list":["post-26545","post","type-post","status-publish","format-standard","has-post-thumbnail","hentry","category-delegaciones-zonales"],"yoast_head":"<!-- This site is optimized with the Yoast SEO plugin v24.2 - https:\/\/yoast.com\/wordpress\/plugins\/seo\/ -->\n<title>Delegaci\u00f3n Zonal Tarapac\u00e1 manifest\u00f3 su \u00absorpresa y descontento\u00bb por retiro de Plan Intercomunal Regional (PRI) - COLEGIO DE ARQUITECTOS DE CHILE<\/title>\n<meta name=\"robots\" content=\"index, follow, max-snippet:-1, max-image-preview:large, max-video-preview:-1\" \/>\n<link rel=\"canonical\" href=\"https:\/\/colegioarquitectos.com\/noticias\/?p=26545\" \/>\n<meta property=\"og:locale\" content=\"es_ES\" \/>\n<meta property=\"og:type\" content=\"article\" \/>\n<meta property=\"og:title\" content=\"Delegaci\u00f3n Zonal Tarapac\u00e1 manifest\u00f3 su \u00absorpresa y descontento\u00bb por retiro de Plan Intercomunal Regional (PRI) - COLEGIO DE ARQUITECTOS DE CHILE\" \/>\n<meta property=\"og:description\" content=\"Preocupaci\u00f3n ha generado en la Regi\u00f3n de Tarapac\u00e1 el retiro del Plan Intercomunal Regional (PRI) por parte del Intendente Miguel \u00c1ngel Quezada, el pasado 21 de diciembre de 2020. El Plan Intercomunal Regional, que estaba listo para la toma de &hellip; ver m\u00e1s\" \/>\n<meta property=\"og:url\" content=\"https:\/\/colegioarquitectos.com\/noticias\/?p=26545\" \/>\n<meta property=\"og:site_name\" content=\"COLEGIO DE ARQUITECTOS DE CHILE\" \/>\n<meta property=\"article:publisher\" content=\"https:\/\/facebook.com\/Colegioarq\/\" \/>\n<meta property=\"article:published_time\" content=\"2021-01-04T13:50:00+00:00\" \/>\n<meta property=\"article:modified_time\" content=\"2021-01-04T13:52:22+00:00\" \/>\n<meta property=\"og:image\" content=\"https:\/\/colegioarquitectos.com\/noticias\/wp-content\/uploads\/2021\/01\/iquique.jpg\" \/>\n\t<meta property=\"og:image:width\" content=\"690\" \/>\n\t<meta property=\"og:image:height\" content=\"350\" \/>\n\t<meta property=\"og:image:type\" content=\"image\/jpeg\" \/>\n<meta name=\"author\" content=\"Colegio de Arquitectos de Chile\" \/>\n<meta name=\"twitter:card\" content=\"summary_large_image\" \/>\n<meta name=\"twitter:creator\" content=\"@colegioarq\" \/>\n<meta name=\"twitter:site\" content=\"@colegioarq\" \/>\n<meta name=\"twitter:label1\" content=\"Escrito por\" \/>\n\t<meta name=\"twitter:data1\" content=\"Colegio de Arquitectos de Chile\" \/>\n\t<meta name=\"twitter:label2\" content=\"Tiempo de lectura\" \/>\n\t<meta name=\"twitter:data2\" content=\"3 minutos\" \/>\n<script type=\"application\/ld+json\" class=\"yoast-schema-graph\">{\"@context\":\"https:\/\/schema.org\",\"@graph\":[{\"@type\":\"Article\",\"@id\":\"https:\/\/colegioarquitectos.com\/noticias\/?p=26545#article\",\"isPartOf\":{\"@id\":\"https:\/\/colegioarquitectos.com\/noticias\/?p=26545\"},\"author\":{\"name\":\"Colegio de Arquitectos de Chile\",\"@id\":\"https:\/\/colegioarquitectos.com\/noticias\/#\/schema\/person\/685cc0aad148303c5608f049af8285ad\"},\"headline\":\"Delegaci\u00f3n Zonal Tarapac\u00e1 manifest\u00f3 su \u00absorpresa y descontento\u00bb por retiro de Plan Intercomunal Regional (PRI)\",\"datePublished\":\"2021-01-04T13:50:00+00:00\",\"dateModified\":\"2021-01-04T13:52:22+00:00\",\"mainEntityOfPage\":{\"@id\":\"https:\/\/colegioarquitectos.com\/noticias\/?p=26545\"},\"wordCount\":521,\"publisher\":{\"@id\":\"https:\/\/colegioarquitectos.com\/noticias\/#organization\"},\"image\":{\"@id\":\"https:\/\/colegioarquitectos.com\/noticias\/?p=26545#primaryimage\"},\"thumbnailUrl\":\"https:\/\/colegioarquitectos.com\/noticias\/wp-content\/uploads\/2021\/01\/iquique.jpg\",\"articleSection\":[\"Delegaciones\"],\"inLanguage\":\"es\"},{\"@type\":\"WebPage\",\"@id\":\"https:\/\/colegioarquitectos.com\/noticias\/?p=26545\",\"url\":\"https:\/\/colegioarquitectos.com\/noticias\/?p=26545\",\"name\":\"Delegaci\u00f3n Zonal Tarapac\u00e1 manifest\u00f3 su \u00absorpresa y descontento\u00bb por retiro de Plan Intercomunal Regional (PRI) - COLEGIO DE ARQUITECTOS DE CHILE\",\"isPartOf\":{\"@id\":\"https:\/\/colegioarquitectos.com\/noticias\/#website\"},\"primaryImageOfPage\":{\"@id\":\"https:\/\/colegioarquitectos.com\/noticias\/?p=26545#primaryimage\"},\"image\":{\"@id\":\"https:\/\/colegioarquitectos.com\/noticias\/?p=26545#primaryimage\"},\"thumbnailUrl\":\"https:\/\/colegioarquitectos.com\/noticias\/wp-content\/uploads\/2021\/01\/iquique.jpg\",\"datePublished\":\"2021-01-04T13:50:00+00:00\",\"dateModified\":\"2021-01-04T13:52:22+00:00\",\"breadcrumb\":{\"@id\":\"https:\/\/colegioarquitectos.com\/noticias\/?p=26545#breadcrumb\"},\"inLanguage\":\"es\",\"potentialAction\":[{\"@type\":\"ReadAction\",\"target\":[\"https:\/\/colegioarquitectos.com\/noticias\/?p=26545\"]}]},{\"@type\":\"ImageObject\",\"inLanguage\":\"es\",\"@id\":\"https:\/\/colegioarquitectos.com\/noticias\/?p=26545#primaryimage\",\"url\":\"https:\/\/colegioarquitectos.com\/noticias\/wp-content\/uploads\/2021\/01\/iquique.jpg\",\"contentUrl\":\"https:\/\/colegioarquitectos.com\/noticias\/wp-content\/uploads\/2021\/01\/iquique.jpg\",\"width\":690,\"height\":350},{\"@type\":\"BreadcrumbList\",\"@id\":\"https:\/\/colegioarquitectos.com\/noticias\/?p=26545#breadcrumb\",\"itemListElement\":[{\"@type\":\"ListItem\",\"position\":1,\"name\":\"Portada\",\"item\":\"https:\/\/colegioarquitectos.com\/noticias\"},{\"@type\":\"ListItem\",\"position\":2,\"name\":\"Delegaci\u00f3n Zonal Tarapac\u00e1 manifest\u00f3 su \u00absorpresa y descontento\u00bb por retiro de Plan Intercomunal Regional (PRI)\"}]},{\"@type\":\"WebSite\",\"@id\":\"https:\/\/colegioarquitectos.com\/noticias\/#website\",\"url\":\"https:\/\/colegioarquitectos.com\/noticias\/\",\"name\":\"COLEGIO DE ARQUITECTOS DE CHILE\",\"description\":\"\",\"publisher\":{\"@id\":\"https:\/\/colegioarquitectos.com\/noticias\/#organization\"},\"potentialAction\":[{\"@type\":\"SearchAction\",\"target\":{\"@type\":\"EntryPoint\",\"urlTemplate\":\"https:\/\/colegioarquitectos.com\/noticias\/?s={search_term_string}\"},\"query-input\":{\"@type\":\"PropertyValueSpecification\",\"valueRequired\":true,\"valueName\":\"search_term_string\"}}],\"inLanguage\":\"es\"},{\"@type\":\"Organization\",\"@id\":\"https:\/\/colegioarquitectos.com\/noticias\/#organization\",\"name\":\"COLEGIO DE ARQUITECTOS DE CHILE\",\"url\":\"https:\/\/colegioarquitectos.com\/noticias\/\",\"logo\":{\"@type\":\"ImageObject\",\"inLanguage\":\"es\",\"@id\":\"https:\/\/colegioarquitectos.com\/noticias\/#\/schema\/logo\/image\/\",\"url\":\"https:\/\/colegioarquitectos.com\/noticias\/wp-content\/uploads\/2021\/05\/ENCABEZADO-LOGO-CA.jpg\",\"contentUrl\":\"https:\/\/colegioarquitectos.com\/noticias\/wp-content\/uploads\/2021\/05\/ENCABEZADO-LOGO-CA.jpg\",\"width\":690,\"height\":350,\"caption\":\"COLEGIO DE ARQUITECTOS DE CHILE\"},\"image\":{\"@id\":\"https:\/\/colegioarquitectos.com\/noticias\/#\/schema\/logo\/image\/\"},\"sameAs\":[\"https:\/\/facebook.com\/Colegioarq\/\",\"https:\/\/x.com\/colegioarq\",\"https:\/\/instagram.com\/colegioarq\",\"https:\/\/youtube.com\/@ColegiodeArquitectosdeChile\"]},{\"@type\":\"Person\",\"@id\":\"https:\/\/colegioarquitectos.com\/noticias\/#\/schema\/person\/685cc0aad148303c5608f049af8285ad\",\"name\":\"Colegio de Arquitectos de Chile\",\"url\":\"https:\/\/colegioarquitectos.com\/noticias\/?author=4\"}]}<\/script>\n<!-- \/ Yoast SEO plugin. -->","yoast_head_json":{"title":"Delegaci\u00f3n Zonal Tarapac\u00e1 manifest\u00f3 su \u00absorpresa y descontento\u00bb por retiro de Plan Intercomunal Regional (PRI) - COLEGIO DE ARQUITECTOS DE CHILE","robots":{"index":"index","follow":"follow","max-snippet":"max-snippet:-1","max-image-preview":"max-image-preview:large","max-video-preview":"max-video-preview:-1"},"canonical":"https:\/\/colegioarquitectos.com\/noticias\/?p=26545","og_locale":"es_ES","og_type":"article","og_title":"Delegaci\u00f3n Zonal Tarapac\u00e1 manifest\u00f3 su \u00absorpresa y descontento\u00bb por retiro de Plan Intercomunal Regional (PRI) - COLEGIO DE ARQUITECTOS DE CHILE","og_description":"Preocupaci\u00f3n ha generado en la Regi\u00f3n de Tarapac\u00e1 el retiro del Plan Intercomunal Regional (PRI) por parte del Intendente Miguel \u00c1ngel Quezada, el pasado 21 de diciembre de 2020. El Plan Intercomunal Regional, que estaba listo para la toma de &hellip; ver m\u00e1s","og_url":"https:\/\/colegioarquitectos.com\/noticias\/?p=26545","og_site_name":"COLEGIO DE ARQUITECTOS DE CHILE","article_publisher":"https:\/\/facebook.com\/Colegioarq\/","article_published_time":"2021-01-04T13:50:00+00:00","article_modified_time":"2021-01-04T13:52:22+00:00","og_image":[{"width":690,"height":350,"url":"https:\/\/colegioarquitectos.com\/noticias\/wp-content\/uploads\/2021\/01\/iquique.jpg","type":"image\/jpeg"}],"author":"Colegio de Arquitectos de Chile","twitter_card":"summary_large_image","twitter_creator":"@colegioarq","twitter_site":"@colegioarq","twitter_misc":{"Escrito por":"Colegio de Arquitectos de Chile","Tiempo de lectura":"3 minutos"},"schema":{"@context":"https:\/\/schema.org","@graph":[{"@type":"Article","@id":"https:\/\/colegioarquitectos.com\/noticias\/?p=26545#article","isPartOf":{"@id":"https:\/\/colegioarquitectos.com\/noticias\/?p=26545"},"author":{"name":"Colegio de Arquitectos de Chile","@id":"https:\/\/colegioarquitectos.com\/noticias\/#\/schema\/person\/685cc0aad148303c5608f049af8285ad"},"headline":"Delegaci\u00f3n Zonal Tarapac\u00e1 manifest\u00f3 su \u00absorpresa y descontento\u00bb por retiro de Plan Intercomunal Regional (PRI)","datePublished":"2021-01-04T13:50:00+00:00","dateModified":"2021-01-04T13:52:22+00:00","mainEntityOfPage":{"@id":"https:\/\/colegioarquitectos.com\/noticias\/?p=26545"},"wordCount":521,"publisher":{"@id":"https:\/\/colegioarquitectos.com\/noticias\/#organization"},"image":{"@id":"https:\/\/colegioarquitectos.com\/noticias\/?p=26545#primaryimage"},"thumbnailUrl":"https:\/\/colegioarquitectos.com\/noticias\/wp-content\/uploads\/2021\/01\/iquique.jpg","articleSection":["Delegaciones"],"inLanguage":"es"},{"@type":"WebPage","@id":"https:\/\/colegioarquitectos.com\/noticias\/?p=26545","url":"https:\/\/colegioarquitectos.com\/noticias\/?p=26545","name":"Delegaci\u00f3n Zonal Tarapac\u00e1 manifest\u00f3 su \u00absorpresa y descontento\u00bb por retiro de Plan Intercomunal Regional (PRI) - COLEGIO DE ARQUITECTOS DE CHILE","isPartOf":{"@id":"https:\/\/colegioarquitectos.com\/noticias\/#website"},"primaryImageOfPage":{"@id":"https:\/\/colegioarquitectos.com\/noticias\/?p=26545#primaryimage"},"image":{"@id":"https:\/\/colegioarquitectos.com\/noticias\/?p=26545#primaryimage"},"thumbnailUrl":"https:\/\/colegioarquitectos.com\/noticias\/wp-content\/uploads\/2021\/01\/iquique.jpg","datePublished":"2021-01-04T13:50:00+00:00","dateModified":"2021-01-04T13:52:22+00:00","breadcrumb":{"@id":"https:\/\/colegioarquitectos.com\/noticias\/?p=26545#breadcrumb"},"inLanguage":"es","potentialAction":[{"@type":"ReadAction","target":["https:\/\/colegioarquitectos.com\/noticias\/?p=26545"]}]},{"@type":"ImageObject","inLanguage":"es","@id":"https:\/\/colegioarquitectos.com\/noticias\/?p=26545#primaryimage","url":"https:\/\/colegioarquitectos.com\/noticias\/wp-content\/uploads\/2021\/01\/iquique.jpg","contentUrl":"https:\/\/colegioarquitectos.com\/noticias\/wp-content\/uploads\/2021\/01\/iquique.jpg","width":690,"height":350},{"@type":"BreadcrumbList","@id":"https:\/\/colegioarquitectos.com\/noticias\/?p=26545#breadcrumb","itemListElement":[{"@type":"ListItem","position":1,"name":"Portada","item":"https:\/\/colegioarquitectos.com\/noticias"},{"@type":"ListItem","position":2,"name":"Delegaci\u00f3n Zonal Tarapac\u00e1 manifest\u00f3 su \u00absorpresa y descontento\u00bb por retiro de Plan Intercomunal Regional (PRI)"}]},{"@type":"WebSite","@id":"https:\/\/colegioarquitectos.com\/noticias\/#website","url":"https:\/\/colegioarquitectos.com\/noticias\/","name":"COLEGIO DE ARQUITECTOS DE CHILE","description":"","publisher":{"@id":"https:\/\/colegioarquitectos.com\/noticias\/#organization"},"potentialAction":[{"@type":"SearchAction","target":{"@type":"EntryPoint","urlTemplate":"https:\/\/colegioarquitectos.com\/noticias\/?s={search_term_string}"},"query-input":{"@type":"PropertyValueSpecification","valueRequired":true,"valueName":"search_term_string"}}],"inLanguage":"es"},{"@type":"Organization","@id":"https:\/\/colegioarquitectos.com\/noticias\/#organization","name":"COLEGIO DE ARQUITECTOS DE CHILE","url":"https:\/\/colegioarquitectos.com\/noticias\/","logo":{"@type":"ImageObject","inLanguage":"es","@id":"https:\/\/colegioarquitectos.com\/noticias\/#\/schema\/logo\/image\/","url":"https:\/\/colegioarquitectos.com\/noticias\/wp-content\/uploads\/2021\/05\/ENCABEZADO-LOGO-CA.jpg","contentUrl":"https:\/\/colegioarquitectos.com\/noticias\/wp-content\/uploads\/2021\/05\/ENCABEZADO-LOGO-CA.jpg","width":690,"height":350,"caption":"COLEGIO DE ARQUITECTOS DE CHILE"},"image":{"@id":"https:\/\/colegioarquitectos.com\/noticias\/#\/schema\/logo\/image\/"},"sameAs":["https:\/\/facebook.com\/Colegioarq\/","https:\/\/x.com\/colegioarq","https:\/\/instagram.com\/colegioarq","https:\/\/youtube.com\/@ColegiodeArquitectosdeChile"]},{"@type":"Person","@id":"https:\/\/colegioarquitectos.com\/noticias\/#\/schema\/person\/685cc0aad148303c5608f049af8285ad","name":"Colegio de Arquitectos de Chile","url":"https:\/\/colegioarquitectos.com\/noticias\/?author=4"}]}},"_links":{"self":[{"href":"https:\/\/colegioarquitectos.com\/noticias\/index.php?rest_route=\/wp\/v2\/posts\/26545","targetHints":{"allow":["GET"]}}],"collection":[{"href":"https:\/\/colegioarquitectos.com\/noticias\/index.php?rest_route=\/wp\/v2\/posts"}],"about":[{"href":"https:\/\/colegioarquitectos.com\/noticias\/index.php?rest_route=\/wp\/v2\/types\/post"}],"author":[{"embeddable":true,"href":"https:\/\/colegioarquitectos.com\/noticias\/index.php?rest_route=\/wp\/v2\/users\/4"}],"replies":[{"embeddable":true,"href":"https:\/\/colegioarquitectos.com\/noticias\/index.php?rest_route=%2Fwp%2Fv2%2Fcomments&post=26545"}],"version-history":[{"count":0,"href":"https:\/\/colegioarquitectos.com\/noticias\/index.php?rest_route=\/wp\/v2\/posts\/26545\/revisions"}],"wp:featuredmedia":[{"embeddable":true,"href":"https:\/\/colegioarquitectos.com\/noticias\/index.php?rest_route=\/wp\/v2\/media\/26548"}],"wp:attachment":[{"href":"https:\/\/colegioarquitectos.com\/noticias\/index.php?rest_route=%2Fwp%2Fv2%2Fmedia&parent=26545"}],"wp:term":[{"taxonomy":"category","embeddable":true,"href":"https:\/\/colegioarquitectos.com\/noticias\/index.php?rest_route=%2Fwp%2Fv2%2Fcategories&post=26545"},{"taxonomy":"post_tag","embeddable":true,"href":"https:\/\/colegioarquitectos.com\/noticias\/index.php?rest_route=%2Fwp%2Fv2%2Ftags&post=26545"}],"curies":[{"name":"wp","href":"https:\/\/api.w.org\/{rel}","templated":true}]}}