
{"id":26551,"date":"2021-01-04T19:33:08","date_gmt":"2021-01-04T19:33:08","guid":{"rendered":"http:\/\/colegioarquitectos.com\/?p=26551"},"modified":"2021-01-05T14:38:00","modified_gmt":"2021-01-05T14:38:00","slug":"dialogos-de-arquitectura-ca-invalidaciones-administrativas-y-ajustes-normativos-impacto-y-alcance-en-el-ejercicio-profesional-de-la-arquitectura","status":"publish","type":"post","link":"https:\/\/colegioarquitectos.com\/noticias\/?p=26551","title":{"rendered":"Di\u00e1logos de arquitectura CA: Invalidaciones administrativas y ajustes normativos. Impacto y alcance en el ejercicio profesional de la arquitectura"},"content":{"rendered":"<p>Este <strong>jueves 7 de enero<\/strong> a las <strong>13.30 horas<\/strong> se realizar\u00e1 el conversatorio <strong>\u00abInvalidaciones administrativas y ajustes normativos. Impacto y alcance en el ejercicio profesional de la arquitectura\u00bb<\/strong>, en el marco del ciclo <strong>Di\u00e1logos de arquitectura CA<\/strong>.<\/p>\n<p>En \u00abInvalidaciones administrativas y ajustes normativos\u00bb participar\u00e1 <strong>Marco Rodr\u00edguez<\/strong>, Presidente del Comit\u00e9 de H\u00e1bitat y Vivienda; <strong>Julio Alegr\u00eda<\/strong>, Presidente del Comit\u00e9 de Desarrollo Urbano; <strong>Liliana Vergara<\/strong>, Presidenta del Comit\u00e9 de Leyes y Ordenanzas; <strong>Enrique Barba<\/strong>, Presidente del Comit\u00e9 de Revisores Independientes; y <strong>Gonzalo Mart\u00ednez<\/strong>, Presidente Comit\u00e9 de Gesti\u00f3n Inmobiliaria, quien tambi\u00e9n ser\u00e1 el moderador.<\/p>\n<p>A trav\u00e9s de<strong> Di\u00e1logos de arquitectura CA<\/strong>, el Colegio de Arquitectos de Chile inicia un espacio de conversaci\u00f3n y discusi\u00f3n sobre temas propios de nuestro gremio que puedan ayudar a mejorar nuestro Colegio y a profundizar nuestro aporte a la sociedad chilena.<\/p>\n<p><strong>\u00abInvalidaciones administrativas y ajustes normativos. Impacto y alcance en el ejercicio profesional de la arquitectura\u00bb<\/strong> ser\u00e1 transmitido en vivo a trav\u00e9s de <strong>FB Live<\/strong> en <strong><a href=\"https:\/\/www.facebook.com\/Colegioarq\">www.facebook.com\/colegioarq<\/a><\/strong>.<\/p>\n<p><a href=\"https:\/\/www.facebook.com\/Colegioarq\"><img loading=\"lazy\" decoding=\"async\" class=\"aligncenter wp-image-26553 size-full\" src=\"http:\/\/colegioarquitectos.com\/noticias\/wp-content\/uploads\/2021\/01\/Conversatorio-CA.jpeg\" alt=\"\" width=\"1080\" height=\"1080\" srcset=\"https:\/\/colegioarquitectos.com\/noticias\/wp-content\/uploads\/2021\/01\/Conversatorio-CA.jpeg 1080w, https:\/\/colegioarquitectos.com\/noticias\/wp-content\/uploads\/2021\/01\/Conversatorio-CA-180x180.jpeg 180w, https:\/\/colegioarquitectos.com\/noticias\/wp-content\/uploads\/2021\/01\/Conversatorio-CA-300x300.jpeg 300w, https:\/\/colegioarquitectos.com\/noticias\/wp-content\/uploads\/2021\/01\/Conversatorio-CA-768x768.jpeg 768w, https:\/\/colegioarquitectos.com\/noticias\/wp-content\/uploads\/2021\/01\/Conversatorio-CA-1024x1024.jpeg 1024w\" sizes=\"auto, (max-width: 1080px) 100vw, 1080px\" \/><\/a><\/p>\n<p><\/p>","protected":false},"excerpt":{"rendered":"<p>Este jueves 7 de enero a las 13.30 horas se realizar\u00e1 el conversatorio \u00abInvalidaciones administrativas y ajustes normativos. Impacto y alcance en el ejercicio profesional de la arquitectura\u00bb, en el marco del ciclo Di\u00e1logos de arquitectura CA. En \u00abInvalidaciones administrativas &hellip; <a class=\"more-link\" href=\"https:\/\/colegioarquitectos.com\/noticias\/?p=26551\">ver m\u00e1s<\/a><\/p>","protected":false},"author":4,"featured_media":26556,"comment_status":"closed","ping_status":"closed","sticky":false,"template":"","format":"standard","meta":{"footnotes":""},"categories":[8],"tags":[],"class_list":["post-26551","post","type-post","status-publish","format-standard","has-post-thumbnail","hentry","category-colegio-de-arquitectos"],"yoast_head":"<!-- This site is optimized with the Yoast SEO plugin v24.2 - https:\/\/yoast.com\/wordpress\/plugins\/seo\/ -->\n<title>Di\u00e1logos de arquitectura CA: Invalidaciones administrativas y ajustes normativos. Impacto y alcance en el ejercicio profesional de la arquitectura - COLEGIO DE ARQUITECTOS DE CHILE<\/title>\n<meta name=\"robots\" content=\"index, follow, max-snippet:-1, max-image-preview:large, max-video-preview:-1\" \/>\n<link rel=\"canonical\" href=\"https:\/\/colegioarquitectos.com\/noticias\/?p=26551\" \/>\n<meta property=\"og:locale\" content=\"es_ES\" \/>\n<meta property=\"og:type\" content=\"article\" \/>\n<meta property=\"og:title\" content=\"Di\u00e1logos de arquitectura CA: Invalidaciones administrativas y ajustes normativos. Impacto y alcance en el ejercicio profesional de la arquitectura - COLEGIO DE ARQUITECTOS DE CHILE\" \/>\n<meta property=\"og:description\" content=\"Este jueves 7 de enero a las 13.30 horas se realizar\u00e1 el conversatorio \u00abInvalidaciones administrativas y ajustes normativos. Impacto y alcance en el ejercicio profesional de la arquitectura\u00bb, en el marco del ciclo Di\u00e1logos de arquitectura CA. En \u00abInvalidaciones administrativas &hellip; ver m\u00e1s\" \/>\n<meta property=\"og:url\" content=\"https:\/\/colegioarquitectos.com\/noticias\/?p=26551\" \/>\n<meta property=\"og:site_name\" content=\"COLEGIO DE ARQUITECTOS DE CHILE\" \/>\n<meta property=\"article:publisher\" content=\"https:\/\/facebook.com\/Colegioarq\/\" \/>\n<meta property=\"article:published_time\" content=\"2021-01-04T19:33:08+00:00\" \/>\n<meta property=\"article:modified_time\" content=\"2021-01-05T14:38:00+00:00\" \/>\n<meta property=\"og:image\" content=\"https:\/\/colegioarquitectos.com\/noticias\/wp-content\/uploads\/2021\/01\/WhatsApp-Image-2021-01-04-at-17.01.26.jpeg\" \/>\n\t<meta property=\"og:image:width\" content=\"1280\" \/>\n\t<meta property=\"og:image:height\" content=\"649\" \/>\n\t<meta property=\"og:image:type\" content=\"image\/jpeg\" \/>\n<meta name=\"author\" content=\"Colegio de Arquitectos de Chile\" \/>\n<meta name=\"twitter:card\" content=\"summary_large_image\" \/>\n<meta name=\"twitter:creator\" content=\"@colegioarq\" \/>\n<meta name=\"twitter:site\" content=\"@colegioarq\" \/>\n<meta name=\"twitter:label1\" content=\"Escrito por\" \/>\n\t<meta name=\"twitter:data1\" content=\"Colegio de Arquitectos de Chile\" \/>\n\t<meta name=\"twitter:label2\" content=\"Tiempo de lectura\" \/>\n\t<meta name=\"twitter:data2\" content=\"1 minuto\" \/>\n<script type=\"application\/ld+json\" class=\"yoast-schema-graph\">{\"@context\":\"https:\/\/schema.org\",\"@graph\":[{\"@type\":\"Article\",\"@id\":\"https:\/\/colegioarquitectos.com\/noticias\/?p=26551#article\",\"isPartOf\":{\"@id\":\"https:\/\/colegioarquitectos.com\/noticias\/?p=26551\"},\"author\":{\"name\":\"Colegio de Arquitectos de Chile\",\"@id\":\"https:\/\/colegioarquitectos.com\/noticias\/#\/schema\/person\/685cc0aad148303c5608f049af8285ad\"},\"headline\":\"Di\u00e1logos de arquitectura CA: Invalidaciones administrativas y ajustes normativos. Impacto y alcance en el ejercicio profesional de la arquitectura\",\"datePublished\":\"2021-01-04T19:33:08+00:00\",\"dateModified\":\"2021-01-05T14:38:00+00:00\",\"mainEntityOfPage\":{\"@id\":\"https:\/\/colegioarquitectos.com\/noticias\/?p=26551\"},\"wordCount\":192,\"publisher\":{\"@id\":\"https:\/\/colegioarquitectos.com\/noticias\/#organization\"},\"image\":{\"@id\":\"https:\/\/colegioarquitectos.com\/noticias\/?p=26551#primaryimage\"},\"thumbnailUrl\":\"https:\/\/colegioarquitectos.com\/noticias\/wp-content\/uploads\/2021\/01\/WhatsApp-Image-2021-01-04-at-17.01.26.jpeg\",\"articleSection\":[\"Colegio\"],\"inLanguage\":\"es\"},{\"@type\":\"WebPage\",\"@id\":\"https:\/\/colegioarquitectos.com\/noticias\/?p=26551\",\"url\":\"https:\/\/colegioarquitectos.com\/noticias\/?p=26551\",\"name\":\"Di\u00e1logos de arquitectura CA: Invalidaciones administrativas y ajustes normativos. Impacto y alcance en el ejercicio profesional de la arquitectura - COLEGIO DE ARQUITECTOS DE CHILE\",\"isPartOf\":{\"@id\":\"https:\/\/colegioarquitectos.com\/noticias\/#website\"},\"primaryImageOfPage\":{\"@id\":\"https:\/\/colegioarquitectos.com\/noticias\/?p=26551#primaryimage\"},\"image\":{\"@id\":\"https:\/\/colegioarquitectos.com\/noticias\/?p=26551#primaryimage\"},\"thumbnailUrl\":\"https:\/\/colegioarquitectos.com\/noticias\/wp-content\/uploads\/2021\/01\/WhatsApp-Image-2021-01-04-at-17.01.26.jpeg\",\"datePublished\":\"2021-01-04T19:33:08+00:00\",\"dateModified\":\"2021-01-05T14:38:00+00:00\",\"breadcrumb\":{\"@id\":\"https:\/\/colegioarquitectos.com\/noticias\/?p=26551#breadcrumb\"},\"inLanguage\":\"es\",\"potentialAction\":[{\"@type\":\"ReadAction\",\"target\":[\"https:\/\/colegioarquitectos.com\/noticias\/?p=26551\"]}]},{\"@type\":\"ImageObject\",\"inLanguage\":\"es\",\"@id\":\"https:\/\/colegioarquitectos.com\/noticias\/?p=26551#primaryimage\",\"url\":\"https:\/\/colegioarquitectos.com\/noticias\/wp-content\/uploads\/2021\/01\/WhatsApp-Image-2021-01-04-at-17.01.26.jpeg\",\"contentUrl\":\"https:\/\/colegioarquitectos.com\/noticias\/wp-content\/uploads\/2021\/01\/WhatsApp-Image-2021-01-04-at-17.01.26.jpeg\",\"width\":1280,\"height\":649},{\"@type\":\"BreadcrumbList\",\"@id\":\"https:\/\/colegioarquitectos.com\/noticias\/?p=26551#breadcrumb\",\"itemListElement\":[{\"@type\":\"ListItem\",\"position\":1,\"name\":\"Portada\",\"item\":\"https:\/\/colegioarquitectos.com\/noticias\"},{\"@type\":\"ListItem\",\"position\":2,\"name\":\"Di\u00e1logos de arquitectura CA: Invalidaciones administrativas y ajustes normativos. Impacto y alcance en el ejercicio profesional de la arquitectura\"}]},{\"@type\":\"WebSite\",\"@id\":\"https:\/\/colegioarquitectos.com\/noticias\/#website\",\"url\":\"https:\/\/colegioarquitectos.com\/noticias\/\",\"name\":\"COLEGIO DE ARQUITECTOS DE CHILE\",\"description\":\"\",\"publisher\":{\"@id\":\"https:\/\/colegioarquitectos.com\/noticias\/#organization\"},\"potentialAction\":[{\"@type\":\"SearchAction\",\"target\":{\"@type\":\"EntryPoint\",\"urlTemplate\":\"https:\/\/colegioarquitectos.com\/noticias\/?s={search_term_string}\"},\"query-input\":{\"@type\":\"PropertyValueSpecification\",\"valueRequired\":true,\"valueName\":\"search_term_string\"}}],\"inLanguage\":\"es\"},{\"@type\":\"Organization\",\"@id\":\"https:\/\/colegioarquitectos.com\/noticias\/#organization\",\"name\":\"COLEGIO DE ARQUITECTOS DE CHILE\",\"url\":\"https:\/\/colegioarquitectos.com\/noticias\/\",\"logo\":{\"@type\":\"ImageObject\",\"inLanguage\":\"es\",\"@id\":\"https:\/\/colegioarquitectos.com\/noticias\/#\/schema\/logo\/image\/\",\"url\":\"https:\/\/colegioarquitectos.com\/noticias\/wp-content\/uploads\/2021\/05\/ENCABEZADO-LOGO-CA.jpg\",\"contentUrl\":\"https:\/\/colegioarquitectos.com\/noticias\/wp-content\/uploads\/2021\/05\/ENCABEZADO-LOGO-CA.jpg\",\"width\":690,\"height\":350,\"caption\":\"COLEGIO DE ARQUITECTOS DE CHILE\"},\"image\":{\"@id\":\"https:\/\/colegioarquitectos.com\/noticias\/#\/schema\/logo\/image\/\"},\"sameAs\":[\"https:\/\/facebook.com\/Colegioarq\/\",\"https:\/\/x.com\/colegioarq\",\"https:\/\/instagram.com\/colegioarq\",\"https:\/\/youtube.com\/@ColegiodeArquitectosdeChile\"]},{\"@type\":\"Person\",\"@id\":\"https:\/\/colegioarquitectos.com\/noticias\/#\/schema\/person\/685cc0aad148303c5608f049af8285ad\",\"name\":\"Colegio de Arquitectos de Chile\",\"url\":\"https:\/\/colegioarquitectos.com\/noticias\/?author=4\"}]}<\/script>\n<!-- \/ Yoast SEO plugin. -->","yoast_head_json":{"title":"Di\u00e1logos de arquitectura CA: Invalidaciones administrativas y ajustes normativos. Impacto y alcance en el ejercicio profesional de la arquitectura - COLEGIO DE ARQUITECTOS DE CHILE","robots":{"index":"index","follow":"follow","max-snippet":"max-snippet:-1","max-image-preview":"max-image-preview:large","max-video-preview":"max-video-preview:-1"},"canonical":"https:\/\/colegioarquitectos.com\/noticias\/?p=26551","og_locale":"es_ES","og_type":"article","og_title":"Di\u00e1logos de arquitectura CA: Invalidaciones administrativas y ajustes normativos. Impacto y alcance en el ejercicio profesional de la arquitectura - COLEGIO DE ARQUITECTOS DE CHILE","og_description":"Este jueves 7 de enero a las 13.30 horas se realizar\u00e1 el conversatorio \u00abInvalidaciones administrativas y ajustes normativos. Impacto y alcance en el ejercicio profesional de la arquitectura\u00bb, en el marco del ciclo Di\u00e1logos de arquitectura CA. En \u00abInvalidaciones administrativas &hellip; ver m\u00e1s","og_url":"https:\/\/colegioarquitectos.com\/noticias\/?p=26551","og_site_name":"COLEGIO DE ARQUITECTOS DE CHILE","article_publisher":"https:\/\/facebook.com\/Colegioarq\/","article_published_time":"2021-01-04T19:33:08+00:00","article_modified_time":"2021-01-05T14:38:00+00:00","og_image":[{"width":1280,"height":649,"url":"https:\/\/colegioarquitectos.com\/noticias\/wp-content\/uploads\/2021\/01\/WhatsApp-Image-2021-01-04-at-17.01.26.jpeg","type":"image\/jpeg"}],"author":"Colegio de Arquitectos de Chile","twitter_card":"summary_large_image","twitter_creator":"@colegioarq","twitter_site":"@colegioarq","twitter_misc":{"Escrito por":"Colegio de Arquitectos de Chile","Tiempo de lectura":"1 minuto"},"schema":{"@context":"https:\/\/schema.org","@graph":[{"@type":"Article","@id":"https:\/\/colegioarquitectos.com\/noticias\/?p=26551#article","isPartOf":{"@id":"https:\/\/colegioarquitectos.com\/noticias\/?p=26551"},"author":{"name":"Colegio de Arquitectos de Chile","@id":"https:\/\/colegioarquitectos.com\/noticias\/#\/schema\/person\/685cc0aad148303c5608f049af8285ad"},"headline":"Di\u00e1logos de arquitectura CA: Invalidaciones administrativas y ajustes normativos. Impacto y alcance en el ejercicio profesional de la arquitectura","datePublished":"2021-01-04T19:33:08+00:00","dateModified":"2021-01-05T14:38:00+00:00","mainEntityOfPage":{"@id":"https:\/\/colegioarquitectos.com\/noticias\/?p=26551"},"wordCount":192,"publisher":{"@id":"https:\/\/colegioarquitectos.com\/noticias\/#organization"},"image":{"@id":"https:\/\/colegioarquitectos.com\/noticias\/?p=26551#primaryimage"},"thumbnailUrl":"https:\/\/colegioarquitectos.com\/noticias\/wp-content\/uploads\/2021\/01\/WhatsApp-Image-2021-01-04-at-17.01.26.jpeg","articleSection":["Colegio"],"inLanguage":"es"},{"@type":"WebPage","@id":"https:\/\/colegioarquitectos.com\/noticias\/?p=26551","url":"https:\/\/colegioarquitectos.com\/noticias\/?p=26551","name":"Di\u00e1logos de arquitectura CA: Invalidaciones administrativas y ajustes normativos. Impacto y alcance en el ejercicio profesional de la arquitectura - COLEGIO DE ARQUITECTOS DE CHILE","isPartOf":{"@id":"https:\/\/colegioarquitectos.com\/noticias\/#website"},"primaryImageOfPage":{"@id":"https:\/\/colegioarquitectos.com\/noticias\/?p=26551#primaryimage"},"image":{"@id":"https:\/\/colegioarquitectos.com\/noticias\/?p=26551#primaryimage"},"thumbnailUrl":"https:\/\/colegioarquitectos.com\/noticias\/wp-content\/uploads\/2021\/01\/WhatsApp-Image-2021-01-04-at-17.01.26.jpeg","datePublished":"2021-01-04T19:33:08+00:00","dateModified":"2021-01-05T14:38:00+00:00","breadcrumb":{"@id":"https:\/\/colegioarquitectos.com\/noticias\/?p=26551#breadcrumb"},"inLanguage":"es","potentialAction":[{"@type":"ReadAction","target":["https:\/\/colegioarquitectos.com\/noticias\/?p=26551"]}]},{"@type":"ImageObject","inLanguage":"es","@id":"https:\/\/colegioarquitectos.com\/noticias\/?p=26551#primaryimage","url":"https:\/\/colegioarquitectos.com\/noticias\/wp-content\/uploads\/2021\/01\/WhatsApp-Image-2021-01-04-at-17.01.26.jpeg","contentUrl":"https:\/\/colegioarquitectos.com\/noticias\/wp-content\/uploads\/2021\/01\/WhatsApp-Image-2021-01-04-at-17.01.26.jpeg","width":1280,"height":649},{"@type":"BreadcrumbList","@id":"https:\/\/colegioarquitectos.com\/noticias\/?p=26551#breadcrumb","itemListElement":[{"@type":"ListItem","position":1,"name":"Portada","item":"https:\/\/colegioarquitectos.com\/noticias"},{"@type":"ListItem","position":2,"name":"Di\u00e1logos de arquitectura CA: Invalidaciones administrativas y ajustes normativos. Impacto y alcance en el ejercicio profesional de la arquitectura"}]},{"@type":"WebSite","@id":"https:\/\/colegioarquitectos.com\/noticias\/#website","url":"https:\/\/colegioarquitectos.com\/noticias\/","name":"COLEGIO DE ARQUITECTOS DE CHILE","description":"","publisher":{"@id":"https:\/\/colegioarquitectos.com\/noticias\/#organization"},"potentialAction":[{"@type":"SearchAction","target":{"@type":"EntryPoint","urlTemplate":"https:\/\/colegioarquitectos.com\/noticias\/?s={search_term_string}"},"query-input":{"@type":"PropertyValueSpecification","valueRequired":true,"valueName":"search_term_string"}}],"inLanguage":"es"},{"@type":"Organization","@id":"https:\/\/colegioarquitectos.com\/noticias\/#organization","name":"COLEGIO DE ARQUITECTOS DE CHILE","url":"https:\/\/colegioarquitectos.com\/noticias\/","logo":{"@type":"ImageObject","inLanguage":"es","@id":"https:\/\/colegioarquitectos.com\/noticias\/#\/schema\/logo\/image\/","url":"https:\/\/colegioarquitectos.com\/noticias\/wp-content\/uploads\/2021\/05\/ENCABEZADO-LOGO-CA.jpg","contentUrl":"https:\/\/colegioarquitectos.com\/noticias\/wp-content\/uploads\/2021\/05\/ENCABEZADO-LOGO-CA.jpg","width":690,"height":350,"caption":"COLEGIO DE ARQUITECTOS DE CHILE"},"image":{"@id":"https:\/\/colegioarquitectos.com\/noticias\/#\/schema\/logo\/image\/"},"sameAs":["https:\/\/facebook.com\/Colegioarq\/","https:\/\/x.com\/colegioarq","https:\/\/instagram.com\/colegioarq","https:\/\/youtube.com\/@ColegiodeArquitectosdeChile"]},{"@type":"Person","@id":"https:\/\/colegioarquitectos.com\/noticias\/#\/schema\/person\/685cc0aad148303c5608f049af8285ad","name":"Colegio de Arquitectos de Chile","url":"https:\/\/colegioarquitectos.com\/noticias\/?author=4"}]}},"_links":{"self":[{"href":"https:\/\/colegioarquitectos.com\/noticias\/index.php?rest_route=\/wp\/v2\/posts\/26551","targetHints":{"allow":["GET"]}}],"collection":[{"href":"https:\/\/colegioarquitectos.com\/noticias\/index.php?rest_route=\/wp\/v2\/posts"}],"about":[{"href":"https:\/\/colegioarquitectos.com\/noticias\/index.php?rest_route=\/wp\/v2\/types\/post"}],"author":[{"embeddable":true,"href":"https:\/\/colegioarquitectos.com\/noticias\/index.php?rest_route=\/wp\/v2\/users\/4"}],"replies":[{"embeddable":true,"href":"https:\/\/colegioarquitectos.com\/noticias\/index.php?rest_route=%2Fwp%2Fv2%2Fcomments&post=26551"}],"version-history":[{"count":0,"href":"https:\/\/colegioarquitectos.com\/noticias\/index.php?rest_route=\/wp\/v2\/posts\/26551\/revisions"}],"wp:featuredmedia":[{"embeddable":true,"href":"https:\/\/colegioarquitectos.com\/noticias\/index.php?rest_route=\/wp\/v2\/media\/26556"}],"wp:attachment":[{"href":"https:\/\/colegioarquitectos.com\/noticias\/index.php?rest_route=%2Fwp%2Fv2%2Fmedia&parent=26551"}],"wp:term":[{"taxonomy":"category","embeddable":true,"href":"https:\/\/colegioarquitectos.com\/noticias\/index.php?rest_route=%2Fwp%2Fv2%2Fcategories&post=26551"},{"taxonomy":"post_tag","embeddable":true,"href":"https:\/\/colegioarquitectos.com\/noticias\/index.php?rest_route=%2Fwp%2Fv2%2Ftags&post=26551"}],"curies":[{"name":"wp","href":"https:\/\/api.w.org\/{rel}","templated":true}]}}