
{"id":2658,"date":"2012-09-03T11:25:45","date_gmt":"2012-09-03T11:25:45","guid":{"rendered":"http:\/\/colegioarquitectos.com\/noticias\/?p=2658"},"modified":"2012-09-27T13:32:13","modified_gmt":"2012-09-27T13:32:13","slug":"fondos-cultura-2013-arquitectura-nueva-linea-de-fomento-de-la-arquitectura-en-consejo-nacional-de-la-culturas-y-las-artes","status":"publish","type":"post","link":"https:\/\/colegioarquitectos.com\/noticias\/?p=2658","title":{"rendered":"Fondos Cultura 2013 \u2013 Arquitectura \/ Nueva L\u00ednea de Fomento de la Arquitectura en Consejo Nacional de la Cultura y las Artes"},"content":{"rendered":"<p>&nbsp;<\/p>\n<p><strong><span style=\"text-decoration: underline;\">FONDOS CULTURA 2013 \u2013 ARQUITECTURA<\/span><\/strong><\/p>\n<p style=\"text-align: justify;\">Les informamos que ya se encuentran disponibles las nuevas bases del concurso p\u00fablico Fondo Nacional de Desarrollo Cultural y las Artes (FONDART) 2013 en la siguiente p\u00e1gina web:<\/p>\n<p style=\"text-align: justify;\"><span style=\"color: #0000ff;\"><strong><a href=\"http:\/\/www.fondosdecultura.gob.cl\/fondos\/fondart\/\"><span style=\"color: #0000ff;\">http:\/\/www.fondosdecultura.gob.cl\/fondos\/fondart\/<\/span><\/a><\/strong><\/span><\/p>\n<p style=\"text-align: justify;\">En esta edici\u00f3n, le damos a conocer la nueva <strong><span style=\"text-decoration: underline;\">L\u00ednea de Fomento de la Arquitectura<\/span><\/strong><span style=\"color: #0000ff;\"><span style=\"color: #000000;\">, en el FONDART \u00c1mbito Nacional dirigido a personas naturales y\/o jur\u00eddicas que tiene por objeto entregar financiamiento parcial para proyectos de dise\u00f1o y producci\u00f3n o s\u00f3lo producci\u00f3n de concursos de anteproyectos de Arquitectura y Urbanismo que tengan impacto p\u00fablico y aporten al desarrollo cultural y al fomento de la calidad de estas disciplinas en nuestro pa\u00eds<\/span> (<a href=\"http:\/\/www.fondosdecultura.gob.cl\/wp-content\/files_mf\/arquitectura_fondart_nacional.pdf\"><span style=\"color: #0000ff;\">http:\/\/www.fondosdecultura.gob.cl\/wp-content\/files_mf\/arquitectura_fondart_nacional.pdf<\/span><\/a>).<\/span><\/p>\n<p style=\"text-align: justify;\">El CNCA cofinanciar\u00e1 un monto m\u00e1ximo de $30.000.000 para cada proyecto presentado en esta L\u00ednea, exigi\u00e9ndose un monto m\u00ednimo de cofinanciamiento del 25% sobre el total del monto solicitado.<\/p>\n<p style=\"text-align: justify;\">Los proyectos recibidos en esta nueva L\u00ednea de Fomento de la Arquitectura ser\u00e1n evaluados y adjudicados por un Comit\u00e9 de Especialistas provenientes exclusivamente del \u00e1mbito de la Arquitectura.<\/p>\n<p style=\"text-align: justify;\">Por otra parte y al igual que en el concurso del a\u00f1o anterior, se mantendr\u00e1 abierto el concurso para proyectos en Arquitectura en la <strong><span style=\"text-decoration: underline;\">L\u00ednea<\/span><\/strong><strong><span style=\"text-decoration: underline;\"> de Formaci\u00f3n (Becas y Pasant\u00edas, Actividades Formativas),<\/span><\/strong> <strong><span style=\"text-decoration: underline;\">L\u00ednea de Investigaci\u00f3n<\/span><\/strong> (Modalidad \u00danica), <strong><span style=\"text-decoration: underline;\">L\u00ednea de Fomento del Mercado para las Artes (Difusi\u00f3n y Comercializaci\u00f3n, Circulaci\u00f3n, Emprendimiento)<\/span>, L\u00ednea de Fomento de Infraestructura Cultural <\/strong>(Modalidad \u00danica) y <strong><span style=\"text-decoration: underline;\">L\u00ednea de Apoyo a Organizaciones Culturales <\/span><\/strong>(Modalidad \u00danica), compitiendo en esos \u00e1mbitos con el resto de la disciplinas que agrupa el FONDART.<\/p>\n<p style=\"text-align: justify;\">Los proyectos recibidos en estas l\u00edneas ser\u00e1n evaluados y seleccionados por \u00f3rganos colegiados, conformados por integrantes de las diferentes disciplinas que agrupa el FONDART.<\/p>\n<p style=\"text-align: justify;\">Del mismo modo le informamos que el Fondo del Libro y la Lectura mantiene su L\u00ednea de Fomento a la Industria del Libro (Apoyo a Ediciones, Emprendimiento y Nuevas Tecnolog\u00edas).<\/p>\n<p style=\"text-align: justify;\"><strong><span style=\"text-decoration: underline;\">El plazo de entrega de las postulaciones vence el 8 de octubre (todo el d\u00eda).<\/span><\/strong><\/p>\n<p style=\"text-align: justify;\">En caso de cualquier consulta no dude en escribirnos al siguiente correo electr\u00f3nico:<span style=\"color: #0000ff;\"> <a title=\"mailto:arquitectura@cultura.gob.cl\" href=\"mailto:arquitectura@cultura.gob.cl\"><span style=\"color: #0000ff;\">arquitectura@cultura.gob.cl<\/span><\/a><\/span><\/p>\n<p style=\"text-align: justify;\"><strong>\u00a0<\/strong><\/p>\n<p><\/p>","protected":false},"excerpt":{"rendered":"<p>&nbsp; FONDOS CULTURA 2013 \u2013 ARQUITECTURA Les informamos que ya se encuentran disponibles las nuevas bases del concurso p\u00fablico Fondo Nacional de Desarrollo Cultural y las Artes (FONDART) 2013 en la siguiente p\u00e1gina web: http:\/\/www.fondosdecultura.gob.cl\/fondos\/fondart\/ En esta edici\u00f3n, le damos &hellip; <a class=\"more-link\" href=\"https:\/\/colegioarquitectos.com\/noticias\/?p=2658\">ver m\u00e1s<\/a><\/p>","protected":false},"author":1,"featured_media":0,"comment_status":"open","ping_status":"open","sticky":false,"template":"","format":"standard","meta":{"footnotes":""},"categories":[19,30,11],"tags":[],"class_list":["post-2658","post","type-post","status-publish","format-standard","hentry","category-actividades","category-arquitectura","category-concursos"],"yoast_head":"<!-- This site is optimized with the Yoast SEO plugin v24.2 - https:\/\/yoast.com\/wordpress\/plugins\/seo\/ -->\n<title>Fondos Cultura 2013 \u2013 Arquitectura \/ Nueva L\u00ednea de Fomento de la Arquitectura en Consejo Nacional de la Cultura y las Artes - COLEGIO DE ARQUITECTOS DE CHILE<\/title>\n<meta name=\"robots\" content=\"index, follow, max-snippet:-1, max-image-preview:large, max-video-preview:-1\" \/>\n<link rel=\"canonical\" href=\"https:\/\/colegioarquitectos.com\/noticias\/?p=2658\" \/>\n<meta property=\"og:locale\" content=\"es_ES\" \/>\n<meta property=\"og:type\" content=\"article\" \/>\n<meta property=\"og:title\" content=\"Fondos Cultura 2013 \u2013 Arquitectura \/ Nueva L\u00ednea de Fomento de la Arquitectura en Consejo Nacional de la Cultura y las Artes - COLEGIO DE ARQUITECTOS DE CHILE\" \/>\n<meta property=\"og:description\" content=\"&nbsp; FONDOS CULTURA 2013 \u2013 ARQUITECTURA Les informamos que ya se encuentran disponibles las nuevas bases del concurso p\u00fablico Fondo Nacional de Desarrollo Cultural y las Artes (FONDART) 2013 en la siguiente p\u00e1gina web: http:\/\/www.fondosdecultura.gob.cl\/fondos\/fondart\/ En esta edici\u00f3n, le damos &hellip; ver m\u00e1s\" \/>\n<meta property=\"og:url\" content=\"https:\/\/colegioarquitectos.com\/noticias\/?p=2658\" \/>\n<meta property=\"og:site_name\" content=\"COLEGIO DE ARQUITECTOS DE CHILE\" \/>\n<meta property=\"article:publisher\" content=\"https:\/\/facebook.com\/Colegioarq\/\" \/>\n<meta property=\"article:published_time\" content=\"2012-09-03T11:25:45+00:00\" \/>\n<meta property=\"article:modified_time\" content=\"2012-09-27T13:32:13+00:00\" \/>\n<meta name=\"author\" content=\"Gabriel Salgado S.\" \/>\n<meta name=\"twitter:card\" content=\"summary_large_image\" \/>\n<meta name=\"twitter:creator\" content=\"@colegioarq\" \/>\n<meta name=\"twitter:site\" content=\"@colegioarq\" \/>\n<meta name=\"twitter:label1\" content=\"Escrito por\" \/>\n\t<meta name=\"twitter:data1\" content=\"Gabriel Salgado S.\" \/>\n\t<meta name=\"twitter:label2\" content=\"Tiempo de lectura\" \/>\n\t<meta name=\"twitter:data2\" content=\"2 minutos\" \/>\n<script type=\"application\/ld+json\" class=\"yoast-schema-graph\">{\"@context\":\"https:\/\/schema.org\",\"@graph\":[{\"@type\":\"Article\",\"@id\":\"https:\/\/colegioarquitectos.com\/noticias\/?p=2658#article\",\"isPartOf\":{\"@id\":\"https:\/\/colegioarquitectos.com\/noticias\/?p=2658\"},\"author\":{\"name\":\"Gabriel Salgado S.\",\"@id\":\"https:\/\/colegioarquitectos.com\/noticias\/#\/schema\/person\/b6c7e912cd1283c089114093ed09741f\"},\"headline\":\"Fondos Cultura 2013 \u2013 Arquitectura \/ Nueva L\u00ednea de Fomento de la Arquitectura en Consejo Nacional de la Cultura y las Artes\",\"datePublished\":\"2012-09-03T11:25:45+00:00\",\"dateModified\":\"2012-09-27T13:32:13+00:00\",\"mainEntityOfPage\":{\"@id\":\"https:\/\/colegioarquitectos.com\/noticias\/?p=2658\"},\"wordCount\":398,\"commentCount\":0,\"publisher\":{\"@id\":\"https:\/\/colegioarquitectos.com\/noticias\/#organization\"},\"articleSection\":[\"Actividades\",\"Arquitectura\",\"Concursos\"],\"inLanguage\":\"es\",\"potentialAction\":[{\"@type\":\"CommentAction\",\"name\":\"Comment\",\"target\":[\"https:\/\/colegioarquitectos.com\/noticias\/?p=2658#respond\"]}]},{\"@type\":\"WebPage\",\"@id\":\"https:\/\/colegioarquitectos.com\/noticias\/?p=2658\",\"url\":\"https:\/\/colegioarquitectos.com\/noticias\/?p=2658\",\"name\":\"Fondos Cultura 2013 \u2013 Arquitectura \/ Nueva L\u00ednea de Fomento de la Arquitectura en Consejo Nacional de la Cultura y las Artes - COLEGIO DE ARQUITECTOS DE CHILE\",\"isPartOf\":{\"@id\":\"https:\/\/colegioarquitectos.com\/noticias\/#website\"},\"datePublished\":\"2012-09-03T11:25:45+00:00\",\"dateModified\":\"2012-09-27T13:32:13+00:00\",\"breadcrumb\":{\"@id\":\"https:\/\/colegioarquitectos.com\/noticias\/?p=2658#breadcrumb\"},\"inLanguage\":\"es\",\"potentialAction\":[{\"@type\":\"ReadAction\",\"target\":[\"https:\/\/colegioarquitectos.com\/noticias\/?p=2658\"]}]},{\"@type\":\"BreadcrumbList\",\"@id\":\"https:\/\/colegioarquitectos.com\/noticias\/?p=2658#breadcrumb\",\"itemListElement\":[{\"@type\":\"ListItem\",\"position\":1,\"name\":\"Portada\",\"item\":\"https:\/\/colegioarquitectos.com\/noticias\"},{\"@type\":\"ListItem\",\"position\":2,\"name\":\"Fondos Cultura 2013 \u2013 Arquitectura \/ Nueva L\u00ednea de Fomento de la Arquitectura en Consejo Nacional de la Cultura y las Artes\"}]},{\"@type\":\"WebSite\",\"@id\":\"https:\/\/colegioarquitectos.com\/noticias\/#website\",\"url\":\"https:\/\/colegioarquitectos.com\/noticias\/\",\"name\":\"COLEGIO DE ARQUITECTOS DE CHILE\",\"description\":\"\",\"publisher\":{\"@id\":\"https:\/\/colegioarquitectos.com\/noticias\/#organization\"},\"potentialAction\":[{\"@type\":\"SearchAction\",\"target\":{\"@type\":\"EntryPoint\",\"urlTemplate\":\"https:\/\/colegioarquitectos.com\/noticias\/?s={search_term_string}\"},\"query-input\":{\"@type\":\"PropertyValueSpecification\",\"valueRequired\":true,\"valueName\":\"search_term_string\"}}],\"inLanguage\":\"es\"},{\"@type\":\"Organization\",\"@id\":\"https:\/\/colegioarquitectos.com\/noticias\/#organization\",\"name\":\"COLEGIO DE ARQUITECTOS DE CHILE\",\"url\":\"https:\/\/colegioarquitectos.com\/noticias\/\",\"logo\":{\"@type\":\"ImageObject\",\"inLanguage\":\"es\",\"@id\":\"https:\/\/colegioarquitectos.com\/noticias\/#\/schema\/logo\/image\/\",\"url\":\"https:\/\/colegioarquitectos.com\/noticias\/wp-content\/uploads\/2021\/05\/ENCABEZADO-LOGO-CA.jpg\",\"contentUrl\":\"https:\/\/colegioarquitectos.com\/noticias\/wp-content\/uploads\/2021\/05\/ENCABEZADO-LOGO-CA.jpg\",\"width\":690,\"height\":350,\"caption\":\"COLEGIO DE ARQUITECTOS DE CHILE\"},\"image\":{\"@id\":\"https:\/\/colegioarquitectos.com\/noticias\/#\/schema\/logo\/image\/\"},\"sameAs\":[\"https:\/\/facebook.com\/Colegioarq\/\",\"https:\/\/x.com\/colegioarq\",\"https:\/\/instagram.com\/colegioarq\",\"https:\/\/youtube.com\/@ColegiodeArquitectosdeChile\"]},{\"@type\":\"Person\",\"@id\":\"https:\/\/colegioarquitectos.com\/noticias\/#\/schema\/person\/b6c7e912cd1283c089114093ed09741f\",\"name\":\"Gabriel Salgado S.\",\"url\":\"https:\/\/colegioarquitectos.com\/noticias\/?author=1\"}]}<\/script>\n<!-- \/ Yoast SEO plugin. -->","yoast_head_json":{"title":"Fondos Cultura 2013 \u2013 Arquitectura \/ Nueva L\u00ednea de Fomento de la Arquitectura en Consejo Nacional de la Cultura y las Artes - COLEGIO DE ARQUITECTOS DE CHILE","robots":{"index":"index","follow":"follow","max-snippet":"max-snippet:-1","max-image-preview":"max-image-preview:large","max-video-preview":"max-video-preview:-1"},"canonical":"https:\/\/colegioarquitectos.com\/noticias\/?p=2658","og_locale":"es_ES","og_type":"article","og_title":"Fondos Cultura 2013 \u2013 Arquitectura \/ Nueva L\u00ednea de Fomento de la Arquitectura en Consejo Nacional de la Cultura y las Artes - COLEGIO DE ARQUITECTOS DE CHILE","og_description":"&nbsp; FONDOS CULTURA 2013 \u2013 ARQUITECTURA Les informamos que ya se encuentran disponibles las nuevas bases del concurso p\u00fablico Fondo Nacional de Desarrollo Cultural y las Artes (FONDART) 2013 en la siguiente p\u00e1gina web: http:\/\/www.fondosdecultura.gob.cl\/fondos\/fondart\/ En esta edici\u00f3n, le damos &hellip; ver m\u00e1s","og_url":"https:\/\/colegioarquitectos.com\/noticias\/?p=2658","og_site_name":"COLEGIO DE ARQUITECTOS DE CHILE","article_publisher":"https:\/\/facebook.com\/Colegioarq\/","article_published_time":"2012-09-03T11:25:45+00:00","article_modified_time":"2012-09-27T13:32:13+00:00","author":"Gabriel Salgado S.","twitter_card":"summary_large_image","twitter_creator":"@colegioarq","twitter_site":"@colegioarq","twitter_misc":{"Escrito por":"Gabriel Salgado S.","Tiempo de lectura":"2 minutos"},"schema":{"@context":"https:\/\/schema.org","@graph":[{"@type":"Article","@id":"https:\/\/colegioarquitectos.com\/noticias\/?p=2658#article","isPartOf":{"@id":"https:\/\/colegioarquitectos.com\/noticias\/?p=2658"},"author":{"name":"Gabriel Salgado S.","@id":"https:\/\/colegioarquitectos.com\/noticias\/#\/schema\/person\/b6c7e912cd1283c089114093ed09741f"},"headline":"Fondos Cultura 2013 \u2013 Arquitectura \/ Nueva L\u00ednea de Fomento de la Arquitectura en Consejo Nacional de la Cultura y las Artes","datePublished":"2012-09-03T11:25:45+00:00","dateModified":"2012-09-27T13:32:13+00:00","mainEntityOfPage":{"@id":"https:\/\/colegioarquitectos.com\/noticias\/?p=2658"},"wordCount":398,"commentCount":0,"publisher":{"@id":"https:\/\/colegioarquitectos.com\/noticias\/#organization"},"articleSection":["Actividades","Arquitectura","Concursos"],"inLanguage":"es","potentialAction":[{"@type":"CommentAction","name":"Comment","target":["https:\/\/colegioarquitectos.com\/noticias\/?p=2658#respond"]}]},{"@type":"WebPage","@id":"https:\/\/colegioarquitectos.com\/noticias\/?p=2658","url":"https:\/\/colegioarquitectos.com\/noticias\/?p=2658","name":"Fondos Cultura 2013 \u2013 Arquitectura \/ Nueva L\u00ednea de Fomento de la Arquitectura en Consejo Nacional de la Cultura y las Artes - COLEGIO DE ARQUITECTOS DE CHILE","isPartOf":{"@id":"https:\/\/colegioarquitectos.com\/noticias\/#website"},"datePublished":"2012-09-03T11:25:45+00:00","dateModified":"2012-09-27T13:32:13+00:00","breadcrumb":{"@id":"https:\/\/colegioarquitectos.com\/noticias\/?p=2658#breadcrumb"},"inLanguage":"es","potentialAction":[{"@type":"ReadAction","target":["https:\/\/colegioarquitectos.com\/noticias\/?p=2658"]}]},{"@type":"BreadcrumbList","@id":"https:\/\/colegioarquitectos.com\/noticias\/?p=2658#breadcrumb","itemListElement":[{"@type":"ListItem","position":1,"name":"Portada","item":"https:\/\/colegioarquitectos.com\/noticias"},{"@type":"ListItem","position":2,"name":"Fondos Cultura 2013 \u2013 Arquitectura \/ Nueva L\u00ednea de Fomento de la Arquitectura en Consejo Nacional de la Cultura y las Artes"}]},{"@type":"WebSite","@id":"https:\/\/colegioarquitectos.com\/noticias\/#website","url":"https:\/\/colegioarquitectos.com\/noticias\/","name":"COLEGIO DE ARQUITECTOS DE CHILE","description":"","publisher":{"@id":"https:\/\/colegioarquitectos.com\/noticias\/#organization"},"potentialAction":[{"@type":"SearchAction","target":{"@type":"EntryPoint","urlTemplate":"https:\/\/colegioarquitectos.com\/noticias\/?s={search_term_string}"},"query-input":{"@type":"PropertyValueSpecification","valueRequired":true,"valueName":"search_term_string"}}],"inLanguage":"es"},{"@type":"Organization","@id":"https:\/\/colegioarquitectos.com\/noticias\/#organization","name":"COLEGIO DE ARQUITECTOS DE CHILE","url":"https:\/\/colegioarquitectos.com\/noticias\/","logo":{"@type":"ImageObject","inLanguage":"es","@id":"https:\/\/colegioarquitectos.com\/noticias\/#\/schema\/logo\/image\/","url":"https:\/\/colegioarquitectos.com\/noticias\/wp-content\/uploads\/2021\/05\/ENCABEZADO-LOGO-CA.jpg","contentUrl":"https:\/\/colegioarquitectos.com\/noticias\/wp-content\/uploads\/2021\/05\/ENCABEZADO-LOGO-CA.jpg","width":690,"height":350,"caption":"COLEGIO DE ARQUITECTOS DE CHILE"},"image":{"@id":"https:\/\/colegioarquitectos.com\/noticias\/#\/schema\/logo\/image\/"},"sameAs":["https:\/\/facebook.com\/Colegioarq\/","https:\/\/x.com\/colegioarq","https:\/\/instagram.com\/colegioarq","https:\/\/youtube.com\/@ColegiodeArquitectosdeChile"]},{"@type":"Person","@id":"https:\/\/colegioarquitectos.com\/noticias\/#\/schema\/person\/b6c7e912cd1283c089114093ed09741f","name":"Gabriel Salgado S.","url":"https:\/\/colegioarquitectos.com\/noticias\/?author=1"}]}},"_links":{"self":[{"href":"https:\/\/colegioarquitectos.com\/noticias\/index.php?rest_route=\/wp\/v2\/posts\/2658","targetHints":{"allow":["GET"]}}],"collection":[{"href":"https:\/\/colegioarquitectos.com\/noticias\/index.php?rest_route=\/wp\/v2\/posts"}],"about":[{"href":"https:\/\/colegioarquitectos.com\/noticias\/index.php?rest_route=\/wp\/v2\/types\/post"}],"author":[{"embeddable":true,"href":"https:\/\/colegioarquitectos.com\/noticias\/index.php?rest_route=\/wp\/v2\/users\/1"}],"replies":[{"embeddable":true,"href":"https:\/\/colegioarquitectos.com\/noticias\/index.php?rest_route=%2Fwp%2Fv2%2Fcomments&post=2658"}],"version-history":[{"count":0,"href":"https:\/\/colegioarquitectos.com\/noticias\/index.php?rest_route=\/wp\/v2\/posts\/2658\/revisions"}],"wp:attachment":[{"href":"https:\/\/colegioarquitectos.com\/noticias\/index.php?rest_route=%2Fwp%2Fv2%2Fmedia&parent=2658"}],"wp:term":[{"taxonomy":"category","embeddable":true,"href":"https:\/\/colegioarquitectos.com\/noticias\/index.php?rest_route=%2Fwp%2Fv2%2Fcategories&post=2658"},{"taxonomy":"post_tag","embeddable":true,"href":"https:\/\/colegioarquitectos.com\/noticias\/index.php?rest_route=%2Fwp%2Fv2%2Ftags&post=2658"}],"curies":[{"name":"wp","href":"https:\/\/api.w.org\/{rel}","templated":true}]}}