
{"id":26648,"date":"2021-01-28T20:49:58","date_gmt":"2021-01-28T20:49:58","guid":{"rendered":"http:\/\/colegioarquitectos.com\/?p=26648"},"modified":"2021-01-28T20:49:58","modified_gmt":"2021-01-28T20:49:58","slug":"declaracion-publica-territorios-y-paisajes-periurbanos-hacia-una-discusion-constitucional","status":"publish","type":"post","link":"https:\/\/colegioarquitectos.com\/noticias\/?p=26648","title":{"rendered":"Declaraci\u00f3n p\u00fablica: \u00abTerritorios y paisajes periurbanos: hacia una discusi\u00f3n constitucional\u00bb"},"content":{"rendered":"<p>Ante los lamentables incendios que arrasaron con el Bosque Escler\u00f3filo de los entornos urbanos de Placilla y Quilpu\u00e9, en la regi\u00f3n de Valpara\u00edso, a mediados del mes de enero del a\u00f1o 2021 los comit\u00e9s asesores firmantes del Colegio de Arquitectos de Chile declaramos:<\/p>\n<p>Han sido graves los recientes incendios de 4200 hect\u00e1reas que se quemaron en 3 d\u00edas, afectando a numerosas familias que perdieron su vivienda. Adem\u00e1s, estos hechos son un atentado a los eco sistemas que forman parte de nuestro bosque escler\u00f3filo en torno a la Reserva Forestal del Lago Pe\u00f1uelas.<\/p>\n<p>Muchas familias residentes en la comuna de Valpara\u00edso, en torno al tranque La Luz, eligieron este lugar para vivir atra\u00eddos por el paisaje del Lago Pe\u00f1uelas, tranques y lagunas. Sin embargo, hace a\u00f1os que ocurren incendios forestales que han provocado da\u00f1os al sistema natural, su flora y fauna.<\/p>\n<p>Esperamos que la Fiscal\u00eda encuentre y juzgue a los responsables de este eco desastre en los territorios periurbanos de alto valor paisaj\u00edstico y ambiental de la regi\u00f3n de Valpara\u00edso. Sin duda es un da\u00f1o ambiental.<\/p>\n<p>Ante tales hechos, hacemos un llamado, tanto a municipios como a las instituciones responsables de la planificaci\u00f3n y ordenamiento territorial, a que realicen una revisi\u00f3n y perfeccionamiento de normas, incentivos y procedimientos para el resguardo de atributos ambientales de \u00e1reas de valor natural.<\/p>\n<p>La actualizaci\u00f3n de instrumentos de planificaci\u00f3n territorial, en su correspondiente escala, con el objeto de evaluar, adecuar y precisar las normas de car\u00e1cter \u201ctransitorio\u201d del PREMVAL por aquellas definitivas en PRC, regulando de manera efectiva estos sectores e incluy\u00e9ndolos en la planificaci\u00f3n comunal. Si bien disponemos de Instrumentos de planificaci\u00f3n territorial con normas vigentes, \u00e9stas no acompa\u00f1an las expectativas de un desarrollo sustentable y planificado; el cual resulta muchas veces forzado por el incentivo para adquisici\u00f3n de terrenos agr\u00edcolas o forestales con fines inmobiliarios, evitando as\u00ed un Plan de Manejo o Declaraci\u00f3n de Impacto Ambiental para proyectos localizados en esas \u00e1reas, procedimiento que requiere con urgencia un cambio que garantice la permanencia del destino agr\u00edcola o forestal.<\/p>\n<p>Sin duda la integraci\u00f3n vinculante de planes de desarrollo y ordenamiento territorial interurbano con todos los actores p\u00fablicos (Municipio, Minvu, Medio Ambiente, Conaf y Agricultura) por parte del Estado debiera ser una prioridad pol\u00edtica coordinada desde el Gobierno Regional de Valpara\u00edso. Y el GORE debe invertir todos los recursos para prevenir da\u00f1os ambientales provocados por incendios u otras acciones. La autoridad debe integrar la participaci\u00f3n de la ciudadan\u00eda hacia un proceso de desarrollo m\u00e1s sustentable, que ponga el paisaje y sus valores eco culturales en primer plano en el desarrollo de Chile.<\/p>\n<p>Esta mirada se hace a\u00fan m\u00e1s urgente en un contexto\u00a0\u00a0 acelerado de cambio clim\u00e1tico, con su consiguiente calentamiento global y p\u00e9rdida de biodiversidad; Este proceso nos compromete como sociedad, en todas las escalas del territorio. Durante la emergencia se hace tambi\u00e9n necesario contar con planes de evacuaci\u00f3n que integren a todas las personas, especialmente a personas con discapacidad y grupos vulnerables, que muchas veces son olvidados o no considerados con sus necesidades propias ante las cat\u00e1strofes como estas.<\/p>\n<p>Es prioritario considerar la planificaci\u00f3n del territorio con mirada a largo plazo bajo enfoques ambientales como la econom\u00eda circular. Creemos que, de manera simult\u00e1nea es urgente actualizar no s\u00f3lo los instrumentos de planificaci\u00f3n en regiones con amenaza de incendios permanente, sino tambi\u00e9n reformar nuestro sistema de planificaci\u00f3n completo dando cabida as\u00ed a mecanismos m\u00e1s eficientes para el resguardo de \u00e1reas periurbanas que se encuentran vulnerables. Temas trascendentales que deben estar presente en la discusi\u00f3n de la nueva Constituci\u00f3n.<\/p>\n<p>&nbsp;<\/p>\n<p><strong>COMIT\u00c9 PAISAJE<\/strong><\/p>\n<p>Beatriz Valenzuela van Treek, Presidenta<\/p>\n<p>Carolina Solar, Vice Presidenta<\/p>\n<p>Rosario Gomez, Secretaria<\/p>\n<p>Alfredo Schilling , Jadille Mussa, Juan Carlos Olivares, Juan Pedro Jamarme, Amanda Valenzuela, Eduardo Brito<\/p>\n<p>&nbsp;<\/p>\n<p><strong>COMIT\u00c9 DE ARQUITECTOS Y ARQUITECTAS JOVENES<\/strong><\/p>\n<p>Maritza Villalobos, Presidenta \/ Francisco Jim\u00e9nez , Vice presidente \/ Ana Paz Casimino, Secretaria<\/p>\n<p>&nbsp;<\/p>\n<p><strong>COMIT\u00c9 DE COORDINACION DE ACCESIBILIDAD UNIVERSAL<\/strong><\/p>\n<p>Cecilia Leiva, Presidenta\/ Consuelo Ripolles, Vice presidenta \/ Luz Helena Guzm\u00e1n, Secretaria<\/p>\n<p>&nbsp;<\/p>\n<p><strong>COMIT\u00c9 ARQUITECTURAS PARA LA SALUD<\/strong><\/p>\n<p>Fernando Palma, Presidente<\/p>\n<p>&nbsp;<\/p>\n<p><strong>DELEGACION ZONAL VALPARAISO<\/strong><\/p>\n<p>Directiva DZ Valparaiso<\/p>\n<p>&nbsp;<\/p>\n<h3><a href=\"http:\/\/colegioarquitectos.com\/noticias\/wp-content\/uploads\/2021\/01\/Declaracio\u0301n-Pu\u0301blica-incendios-CA.pdf\">Declaraci\u00f3n p\u00fablica:\u00a0\u00abTerritorios y paisajes periurbanos: hacia una discusi\u00f3n constitucional\u00bb<\/a><\/h3>\n<p><\/p>","protected":false},"excerpt":{"rendered":"<p>Ante los lamentables incendios que arrasaron con el Bosque Escler\u00f3filo de los entornos urbanos de Placilla y Quilpu\u00e9, en la regi\u00f3n de Valpara\u00edso, a mediados del mes de enero del a\u00f1o 2021 los comit\u00e9s asesores firmantes del Colegio de Arquitectos &hellip; <a class=\"more-link\" href=\"https:\/\/colegioarquitectos.com\/noticias\/?p=26648\">ver m\u00e1s<\/a><\/p>","protected":false},"author":4,"featured_media":26571,"comment_status":"closed","ping_status":"closed","sticky":false,"template":"","format":"standard","meta":{"footnotes":""},"categories":[9,82],"tags":[],"class_list":["post-26648","post","type-post","status-publish","format-standard","has-post-thumbnail","hentry","category-comites","category-declaraciones-publicas"],"yoast_head":"<!-- This site is optimized with the Yoast SEO plugin v24.2 - https:\/\/yoast.com\/wordpress\/plugins\/seo\/ -->\n<title>Declaraci\u00f3n p\u00fablica: \u00abTerritorios y paisajes periurbanos: hacia una discusi\u00f3n constitucional\u00bb - COLEGIO DE ARQUITECTOS DE CHILE<\/title>\n<meta name=\"robots\" content=\"index, follow, max-snippet:-1, max-image-preview:large, max-video-preview:-1\" \/>\n<link rel=\"canonical\" href=\"https:\/\/colegioarquitectos.com\/noticias\/?p=26648\" \/>\n<meta property=\"og:locale\" content=\"es_ES\" \/>\n<meta property=\"og:type\" content=\"article\" \/>\n<meta property=\"og:title\" content=\"Declaraci\u00f3n p\u00fablica: \u00abTerritorios y paisajes periurbanos: hacia una discusi\u00f3n constitucional\u00bb - COLEGIO DE ARQUITECTOS DE CHILE\" \/>\n<meta property=\"og:description\" content=\"Ante los lamentables incendios que arrasaron con el Bosque Escler\u00f3filo de los entornos urbanos de Placilla y Quilpu\u00e9, en la regi\u00f3n de Valpara\u00edso, a mediados del mes de enero del a\u00f1o 2021 los comit\u00e9s asesores firmantes del Colegio de Arquitectos &hellip; ver m\u00e1s\" \/>\n<meta property=\"og:url\" content=\"https:\/\/colegioarquitectos.com\/noticias\/?p=26648\" \/>\n<meta property=\"og:site_name\" content=\"COLEGIO DE ARQUITECTOS DE CHILE\" \/>\n<meta property=\"article:publisher\" content=\"https:\/\/facebook.com\/Colegioarq\/\" \/>\n<meta property=\"article:published_time\" content=\"2021-01-28T20:49:58+00:00\" \/>\n<meta property=\"og:image\" content=\"https:\/\/colegioarquitectos.com\/noticias\/wp-content\/uploads\/2021\/01\/ENCABEZADO-LOGO-CA.jpg\" \/>\n\t<meta property=\"og:image:width\" content=\"690\" \/>\n\t<meta property=\"og:image:height\" content=\"350\" \/>\n\t<meta property=\"og:image:type\" content=\"image\/jpeg\" \/>\n<meta name=\"author\" content=\"Colegio de Arquitectos de Chile\" \/>\n<meta name=\"twitter:card\" content=\"summary_large_image\" \/>\n<meta name=\"twitter:creator\" content=\"@colegioarq\" \/>\n<meta name=\"twitter:site\" content=\"@colegioarq\" \/>\n<meta name=\"twitter:label1\" content=\"Escrito por\" \/>\n\t<meta name=\"twitter:data1\" content=\"Colegio de Arquitectos de Chile\" \/>\n\t<meta name=\"twitter:label2\" content=\"Tiempo de lectura\" \/>\n\t<meta name=\"twitter:data2\" content=\"4 minutos\" \/>\n<script type=\"application\/ld+json\" class=\"yoast-schema-graph\">{\"@context\":\"https:\/\/schema.org\",\"@graph\":[{\"@type\":\"Article\",\"@id\":\"https:\/\/colegioarquitectos.com\/noticias\/?p=26648#article\",\"isPartOf\":{\"@id\":\"https:\/\/colegioarquitectos.com\/noticias\/?p=26648\"},\"author\":{\"name\":\"Colegio de Arquitectos de Chile\",\"@id\":\"https:\/\/colegioarquitectos.com\/noticias\/#\/schema\/person\/685cc0aad148303c5608f049af8285ad\"},\"headline\":\"Declaraci\u00f3n p\u00fablica: \u00abTerritorios y paisajes periurbanos: hacia una discusi\u00f3n constitucional\u00bb\",\"datePublished\":\"2021-01-28T20:49:58+00:00\",\"dateModified\":\"2021-01-28T20:49:58+00:00\",\"mainEntityOfPage\":{\"@id\":\"https:\/\/colegioarquitectos.com\/noticias\/?p=26648\"},\"wordCount\":748,\"publisher\":{\"@id\":\"https:\/\/colegioarquitectos.com\/noticias\/#organization\"},\"image\":{\"@id\":\"https:\/\/colegioarquitectos.com\/noticias\/?p=26648#primaryimage\"},\"thumbnailUrl\":\"https:\/\/colegioarquitectos.com\/noticias\/wp-content\/uploads\/2021\/01\/ENCABEZADO-LOGO-CA.jpg\",\"articleSection\":[\"Comit\u00e9s\",\"Declaraciones p\u00fablicas\"],\"inLanguage\":\"es\"},{\"@type\":\"WebPage\",\"@id\":\"https:\/\/colegioarquitectos.com\/noticias\/?p=26648\",\"url\":\"https:\/\/colegioarquitectos.com\/noticias\/?p=26648\",\"name\":\"Declaraci\u00f3n p\u00fablica: \u00abTerritorios y paisajes periurbanos: hacia una discusi\u00f3n constitucional\u00bb - COLEGIO DE ARQUITECTOS DE CHILE\",\"isPartOf\":{\"@id\":\"https:\/\/colegioarquitectos.com\/noticias\/#website\"},\"primaryImageOfPage\":{\"@id\":\"https:\/\/colegioarquitectos.com\/noticias\/?p=26648#primaryimage\"},\"image\":{\"@id\":\"https:\/\/colegioarquitectos.com\/noticias\/?p=26648#primaryimage\"},\"thumbnailUrl\":\"https:\/\/colegioarquitectos.com\/noticias\/wp-content\/uploads\/2021\/01\/ENCABEZADO-LOGO-CA.jpg\",\"datePublished\":\"2021-01-28T20:49:58+00:00\",\"dateModified\":\"2021-01-28T20:49:58+00:00\",\"breadcrumb\":{\"@id\":\"https:\/\/colegioarquitectos.com\/noticias\/?p=26648#breadcrumb\"},\"inLanguage\":\"es\",\"potentialAction\":[{\"@type\":\"ReadAction\",\"target\":[\"https:\/\/colegioarquitectos.com\/noticias\/?p=26648\"]}]},{\"@type\":\"ImageObject\",\"inLanguage\":\"es\",\"@id\":\"https:\/\/colegioarquitectos.com\/noticias\/?p=26648#primaryimage\",\"url\":\"https:\/\/colegioarquitectos.com\/noticias\/wp-content\/uploads\/2021\/01\/ENCABEZADO-LOGO-CA.jpg\",\"contentUrl\":\"https:\/\/colegioarquitectos.com\/noticias\/wp-content\/uploads\/2021\/01\/ENCABEZADO-LOGO-CA.jpg\",\"width\":690,\"height\":350},{\"@type\":\"BreadcrumbList\",\"@id\":\"https:\/\/colegioarquitectos.com\/noticias\/?p=26648#breadcrumb\",\"itemListElement\":[{\"@type\":\"ListItem\",\"position\":1,\"name\":\"Portada\",\"item\":\"https:\/\/colegioarquitectos.com\/noticias\"},{\"@type\":\"ListItem\",\"position\":2,\"name\":\"Declaraci\u00f3n p\u00fablica: \u00abTerritorios y paisajes periurbanos: hacia una discusi\u00f3n constitucional\u00bb\"}]},{\"@type\":\"WebSite\",\"@id\":\"https:\/\/colegioarquitectos.com\/noticias\/#website\",\"url\":\"https:\/\/colegioarquitectos.com\/noticias\/\",\"name\":\"COLEGIO DE ARQUITECTOS DE CHILE\",\"description\":\"\",\"publisher\":{\"@id\":\"https:\/\/colegioarquitectos.com\/noticias\/#organization\"},\"potentialAction\":[{\"@type\":\"SearchAction\",\"target\":{\"@type\":\"EntryPoint\",\"urlTemplate\":\"https:\/\/colegioarquitectos.com\/noticias\/?s={search_term_string}\"},\"query-input\":{\"@type\":\"PropertyValueSpecification\",\"valueRequired\":true,\"valueName\":\"search_term_string\"}}],\"inLanguage\":\"es\"},{\"@type\":\"Organization\",\"@id\":\"https:\/\/colegioarquitectos.com\/noticias\/#organization\",\"name\":\"COLEGIO DE ARQUITECTOS DE CHILE\",\"url\":\"https:\/\/colegioarquitectos.com\/noticias\/\",\"logo\":{\"@type\":\"ImageObject\",\"inLanguage\":\"es\",\"@id\":\"https:\/\/colegioarquitectos.com\/noticias\/#\/schema\/logo\/image\/\",\"url\":\"https:\/\/colegioarquitectos.com\/noticias\/wp-content\/uploads\/2021\/05\/ENCABEZADO-LOGO-CA.jpg\",\"contentUrl\":\"https:\/\/colegioarquitectos.com\/noticias\/wp-content\/uploads\/2021\/05\/ENCABEZADO-LOGO-CA.jpg\",\"width\":690,\"height\":350,\"caption\":\"COLEGIO DE ARQUITECTOS DE CHILE\"},\"image\":{\"@id\":\"https:\/\/colegioarquitectos.com\/noticias\/#\/schema\/logo\/image\/\"},\"sameAs\":[\"https:\/\/facebook.com\/Colegioarq\/\",\"https:\/\/x.com\/colegioarq\",\"https:\/\/instagram.com\/colegioarq\",\"https:\/\/youtube.com\/@ColegiodeArquitectosdeChile\"]},{\"@type\":\"Person\",\"@id\":\"https:\/\/colegioarquitectos.com\/noticias\/#\/schema\/person\/685cc0aad148303c5608f049af8285ad\",\"name\":\"Colegio de Arquitectos de Chile\",\"url\":\"https:\/\/colegioarquitectos.com\/noticias\/?author=4\"}]}<\/script>\n<!-- \/ Yoast SEO plugin. -->","yoast_head_json":{"title":"Declaraci\u00f3n p\u00fablica: \u00abTerritorios y paisajes periurbanos: hacia una discusi\u00f3n constitucional\u00bb - COLEGIO DE ARQUITECTOS DE CHILE","robots":{"index":"index","follow":"follow","max-snippet":"max-snippet:-1","max-image-preview":"max-image-preview:large","max-video-preview":"max-video-preview:-1"},"canonical":"https:\/\/colegioarquitectos.com\/noticias\/?p=26648","og_locale":"es_ES","og_type":"article","og_title":"Declaraci\u00f3n p\u00fablica: \u00abTerritorios y paisajes periurbanos: hacia una discusi\u00f3n constitucional\u00bb - COLEGIO DE ARQUITECTOS DE CHILE","og_description":"Ante los lamentables incendios que arrasaron con el Bosque Escler\u00f3filo de los entornos urbanos de Placilla y Quilpu\u00e9, en la regi\u00f3n de Valpara\u00edso, a mediados del mes de enero del a\u00f1o 2021 los comit\u00e9s asesores firmantes del Colegio de Arquitectos &hellip; ver m\u00e1s","og_url":"https:\/\/colegioarquitectos.com\/noticias\/?p=26648","og_site_name":"COLEGIO DE ARQUITECTOS DE CHILE","article_publisher":"https:\/\/facebook.com\/Colegioarq\/","article_published_time":"2021-01-28T20:49:58+00:00","og_image":[{"width":690,"height":350,"url":"https:\/\/colegioarquitectos.com\/noticias\/wp-content\/uploads\/2021\/01\/ENCABEZADO-LOGO-CA.jpg","type":"image\/jpeg"}],"author":"Colegio de Arquitectos de Chile","twitter_card":"summary_large_image","twitter_creator":"@colegioarq","twitter_site":"@colegioarq","twitter_misc":{"Escrito por":"Colegio de Arquitectos de Chile","Tiempo de lectura":"4 minutos"},"schema":{"@context":"https:\/\/schema.org","@graph":[{"@type":"Article","@id":"https:\/\/colegioarquitectos.com\/noticias\/?p=26648#article","isPartOf":{"@id":"https:\/\/colegioarquitectos.com\/noticias\/?p=26648"},"author":{"name":"Colegio de Arquitectos de Chile","@id":"https:\/\/colegioarquitectos.com\/noticias\/#\/schema\/person\/685cc0aad148303c5608f049af8285ad"},"headline":"Declaraci\u00f3n p\u00fablica: \u00abTerritorios y paisajes periurbanos: hacia una discusi\u00f3n constitucional\u00bb","datePublished":"2021-01-28T20:49:58+00:00","dateModified":"2021-01-28T20:49:58+00:00","mainEntityOfPage":{"@id":"https:\/\/colegioarquitectos.com\/noticias\/?p=26648"},"wordCount":748,"publisher":{"@id":"https:\/\/colegioarquitectos.com\/noticias\/#organization"},"image":{"@id":"https:\/\/colegioarquitectos.com\/noticias\/?p=26648#primaryimage"},"thumbnailUrl":"https:\/\/colegioarquitectos.com\/noticias\/wp-content\/uploads\/2021\/01\/ENCABEZADO-LOGO-CA.jpg","articleSection":["Comit\u00e9s","Declaraciones p\u00fablicas"],"inLanguage":"es"},{"@type":"WebPage","@id":"https:\/\/colegioarquitectos.com\/noticias\/?p=26648","url":"https:\/\/colegioarquitectos.com\/noticias\/?p=26648","name":"Declaraci\u00f3n p\u00fablica: \u00abTerritorios y paisajes periurbanos: hacia una discusi\u00f3n constitucional\u00bb - COLEGIO DE ARQUITECTOS DE CHILE","isPartOf":{"@id":"https:\/\/colegioarquitectos.com\/noticias\/#website"},"primaryImageOfPage":{"@id":"https:\/\/colegioarquitectos.com\/noticias\/?p=26648#primaryimage"},"image":{"@id":"https:\/\/colegioarquitectos.com\/noticias\/?p=26648#primaryimage"},"thumbnailUrl":"https:\/\/colegioarquitectos.com\/noticias\/wp-content\/uploads\/2021\/01\/ENCABEZADO-LOGO-CA.jpg","datePublished":"2021-01-28T20:49:58+00:00","dateModified":"2021-01-28T20:49:58+00:00","breadcrumb":{"@id":"https:\/\/colegioarquitectos.com\/noticias\/?p=26648#breadcrumb"},"inLanguage":"es","potentialAction":[{"@type":"ReadAction","target":["https:\/\/colegioarquitectos.com\/noticias\/?p=26648"]}]},{"@type":"ImageObject","inLanguage":"es","@id":"https:\/\/colegioarquitectos.com\/noticias\/?p=26648#primaryimage","url":"https:\/\/colegioarquitectos.com\/noticias\/wp-content\/uploads\/2021\/01\/ENCABEZADO-LOGO-CA.jpg","contentUrl":"https:\/\/colegioarquitectos.com\/noticias\/wp-content\/uploads\/2021\/01\/ENCABEZADO-LOGO-CA.jpg","width":690,"height":350},{"@type":"BreadcrumbList","@id":"https:\/\/colegioarquitectos.com\/noticias\/?p=26648#breadcrumb","itemListElement":[{"@type":"ListItem","position":1,"name":"Portada","item":"https:\/\/colegioarquitectos.com\/noticias"},{"@type":"ListItem","position":2,"name":"Declaraci\u00f3n p\u00fablica: \u00abTerritorios y paisajes periurbanos: hacia una discusi\u00f3n constitucional\u00bb"}]},{"@type":"WebSite","@id":"https:\/\/colegioarquitectos.com\/noticias\/#website","url":"https:\/\/colegioarquitectos.com\/noticias\/","name":"COLEGIO DE ARQUITECTOS DE CHILE","description":"","publisher":{"@id":"https:\/\/colegioarquitectos.com\/noticias\/#organization"},"potentialAction":[{"@type":"SearchAction","target":{"@type":"EntryPoint","urlTemplate":"https:\/\/colegioarquitectos.com\/noticias\/?s={search_term_string}"},"query-input":{"@type":"PropertyValueSpecification","valueRequired":true,"valueName":"search_term_string"}}],"inLanguage":"es"},{"@type":"Organization","@id":"https:\/\/colegioarquitectos.com\/noticias\/#organization","name":"COLEGIO DE ARQUITECTOS DE CHILE","url":"https:\/\/colegioarquitectos.com\/noticias\/","logo":{"@type":"ImageObject","inLanguage":"es","@id":"https:\/\/colegioarquitectos.com\/noticias\/#\/schema\/logo\/image\/","url":"https:\/\/colegioarquitectos.com\/noticias\/wp-content\/uploads\/2021\/05\/ENCABEZADO-LOGO-CA.jpg","contentUrl":"https:\/\/colegioarquitectos.com\/noticias\/wp-content\/uploads\/2021\/05\/ENCABEZADO-LOGO-CA.jpg","width":690,"height":350,"caption":"COLEGIO DE ARQUITECTOS DE CHILE"},"image":{"@id":"https:\/\/colegioarquitectos.com\/noticias\/#\/schema\/logo\/image\/"},"sameAs":["https:\/\/facebook.com\/Colegioarq\/","https:\/\/x.com\/colegioarq","https:\/\/instagram.com\/colegioarq","https:\/\/youtube.com\/@ColegiodeArquitectosdeChile"]},{"@type":"Person","@id":"https:\/\/colegioarquitectos.com\/noticias\/#\/schema\/person\/685cc0aad148303c5608f049af8285ad","name":"Colegio de Arquitectos de Chile","url":"https:\/\/colegioarquitectos.com\/noticias\/?author=4"}]}},"_links":{"self":[{"href":"https:\/\/colegioarquitectos.com\/noticias\/index.php?rest_route=\/wp\/v2\/posts\/26648","targetHints":{"allow":["GET"]}}],"collection":[{"href":"https:\/\/colegioarquitectos.com\/noticias\/index.php?rest_route=\/wp\/v2\/posts"}],"about":[{"href":"https:\/\/colegioarquitectos.com\/noticias\/index.php?rest_route=\/wp\/v2\/types\/post"}],"author":[{"embeddable":true,"href":"https:\/\/colegioarquitectos.com\/noticias\/index.php?rest_route=\/wp\/v2\/users\/4"}],"replies":[{"embeddable":true,"href":"https:\/\/colegioarquitectos.com\/noticias\/index.php?rest_route=%2Fwp%2Fv2%2Fcomments&post=26648"}],"version-history":[{"count":0,"href":"https:\/\/colegioarquitectos.com\/noticias\/index.php?rest_route=\/wp\/v2\/posts\/26648\/revisions"}],"wp:featuredmedia":[{"embeddable":true,"href":"https:\/\/colegioarquitectos.com\/noticias\/index.php?rest_route=\/wp\/v2\/media\/26571"}],"wp:attachment":[{"href":"https:\/\/colegioarquitectos.com\/noticias\/index.php?rest_route=%2Fwp%2Fv2%2Fmedia&parent=26648"}],"wp:term":[{"taxonomy":"category","embeddable":true,"href":"https:\/\/colegioarquitectos.com\/noticias\/index.php?rest_route=%2Fwp%2Fv2%2Fcategories&post=26648"},{"taxonomy":"post_tag","embeddable":true,"href":"https:\/\/colegioarquitectos.com\/noticias\/index.php?rest_route=%2Fwp%2Fv2%2Ftags&post=26648"}],"curies":[{"name":"wp","href":"https:\/\/api.w.org\/{rel}","templated":true}]}}