
{"id":26716,"date":"2021-03-04T19:08:52","date_gmt":"2021-03-04T19:08:52","guid":{"rendered":"http:\/\/colegioarquitectos.com\/?p=26716"},"modified":"2021-03-04T19:29:57","modified_gmt":"2021-03-04T19:29:57","slug":"minvu-convoca-al-primer-proceso-2021-para-la-acreditacion-de-evaluadores-energeticos-de-la-calificacion-energetica-de-viviendas-cev","status":"publish","type":"post","link":"https:\/\/colegioarquitectos.com\/noticias\/?p=26716","title":{"rendered":"Minvu convoca al primer proceso 2021 para la acreditaci\u00f3n de evaluadores energ\u00e9ticos de la Calificaci\u00f3n Energ\u00e9tica de Viviendas (CEV)"},"content":{"rendered":"<p>El <strong>Ministerio de Vivienda y Urbanismo<\/strong> abri\u00f3 la convocatoria para postular al llamado nacional de profesionales interesados en acreditarse como evaluadores energ\u00e9ticos de la <strong>Calificaci\u00f3n Energ\u00e9tica de Viviendas (CEV)<\/strong>, instrumento impulsado por esta cartera de Estado junto al <strong>Ministerio de Energ\u00eda<\/strong>.<\/p>\n<p>Para participar en el proceso, los interesados deber\u00e1n cumplir los requisitos definidos por el Minvu en la Resoluci\u00f3n Exenta Minvu N\u00b0162 del 12 de febrero de 2021 y completar el formulario de inscripci\u00f3n disponible\u00a0<a href=\"http:\/\/calificacionenergetica.minvu.cl\/proceso-de-acreditacion-de-evaluadores\/\"><strong>ac\u00e1<\/strong><\/a>.<\/p>\n<p>El llamado de acreditaci\u00f3n est\u00e1 dirigido a<strong> arquitectos, ingenieros y constructores civiles<\/strong>, que cumplan con los requisitos descritos en la resoluci\u00f3n N\u00b0 162. Los postulantes debidamente inscritos ser\u00e1n seleccionados para rendir una prueba de conocimientos m\u00ednimos habilitante para el siguiente paso del proceso. El resultado de la etapa de inscripci\u00f3n se publicar\u00e1 el <strong>9 de abril de 2021<\/strong> en la p\u00e1gina web de la Calificaci\u00f3n Energ\u00e9tica de Viviendas: <strong><a href=\"http:\/\/www.calificacionenergetica.cl\">http:\/\/www.calificacionenergetica.cl<\/a><\/strong><\/p>\n<p>&nbsp;<\/p>\n<h4>Calificaci\u00f3n Energ\u00e9tica de Viviendas<\/h4>\n<p>La <strong>Calificaci\u00f3n Energ\u00e9tica de Viviendas (CEV)<\/strong> es un instrumento disponible para uso voluntario desde el a\u00f1o 2012, que permite realizar una evaluaci\u00f3n objetiva y estandarizada para estimar y clasificar el requerimiento energ\u00e9tico de casas y departamentos para lograr una temperatura considerada como apropiada para sus usuarios.<\/p>\n<p>La CEV eval\u00faa la eficiencia energ\u00e9tica de las viviendas en su etapa de uso considerando el desempe\u00f1o de su envolvente, el aporte de energ\u00edas renovables y el consumo de energ\u00eda para obtener agua caliente sanitaria, iluminaci\u00f3n y calefacci\u00f3n. El resultado de dicha evaluaci\u00f3n se materializa en una etiqueta que muestra el porcentaje de ahorro en la demanda de energ\u00eda y la cantidad de energ\u00eda necesaria para calefacci\u00f3n y enfriamiento.<\/p>\n<p>&nbsp;<\/p>\n<h4><strong>Nueva Ley de Eficiencia Energ\u00e9tica: M\u00e1s calidad para las viviendas<\/strong><\/h4>\n<p><img loading=\"lazy\" decoding=\"async\" class=\"size-full wp-image-26717 alignleft\" src=\"http:\/\/colegioarquitectos.com\/noticias\/wp-content\/uploads\/2021\/03\/01.png\" alt=\"\" width=\"496\" height=\"761\" srcset=\"https:\/\/colegioarquitectos.com\/noticias\/wp-content\/uploads\/2021\/03\/01.png 496w, https:\/\/colegioarquitectos.com\/noticias\/wp-content\/uploads\/2021\/03\/01-196x300.png 196w\" sizes=\"auto, (max-width: 496px) 100vw, 496px\" \/>Respecto de este instrumento de medici\u00f3n, el ministro de Vivienda y Urbanismo, Felipe Ward, expres\u00f3 que: \u00abcomo Ministerio, estamos incorporando criterios de eficiencia energ\u00e9tica en nuestros programas y proyectos, porque estamos convencidos de que este tipo de iniciativas, junto con disminuir el consumo energ\u00e9tico de las viviendas, permiten optimizar la temperatura en el interior y dar una mejor calidad de vida a las familias. Con esto, reducimos al mismo tiempo la emisi\u00f3n de gases de efecto invernadero, lo que va en la l\u00ednea de lo que estamos impulsando en el Minvu: est\u00e1ndares de construcci\u00f3n m\u00e1s sustentables y comprometidos con el medio ambiente\u00bb.<\/p>\n<p>Por su parte, Erwin Navarrete, jefe de la Divisi\u00f3n T\u00e9cnica de Estudio y Fomento Habitacional (Ditec) del Minvu, a\u00f1adi\u00f3 que: \u00abLa informaci\u00f3n que proporciona la CEV es relevante en muchos sentidos, pero, por sobre todo, para los usuarios finales, ya que una vivienda energ\u00e9ticamente eficiente, no s\u00f3lo involucra un menor gasto energ\u00e9tico, sino tambi\u00e9n tiene un impacto directo en la calidad de vida de las familias y en la vida \u00fatil y plusval\u00eda de la vivienda\u00bb.<\/p>\n<p>Asimismo, relev\u00f3 que: \u00abLa CEV fomenta la edificaci\u00f3n de viviendas m\u00e1s eficientes, aportando en la introducci\u00f3n de un gran cambio en la forma en que se dise\u00f1an y construyen las viviendas en nuestro pa\u00eds, al concebir las medidas de sustentabilidad desde la g\u00e9nesis de los proyectos y no como elementos anexos\u201d y agreg\u00f3 que estamos trabajando para que la eficiencia energ\u00e9tica sea un atributo que influya al momento de adquirir una vivienda, ya que no solo mejora la calidad de vida de las familias que viven en ellas, sino que tambi\u00e9n es un importante atributo de calidad que las hace m\u00e1s competitivas, tal como ocurre en mercados m\u00e1s desarrollados. En esta tarea es fundamental el rol de evaluadores energ\u00e9ticos, que son los profesionales acreditados para aplicar la calificaci\u00f3n; por esta raz\u00f3n abrimos una nueva convocatoria para sumar nuevos evaluadores a los 1.051 que ya operan a lo largo del pa\u00eds\u00bb.<\/p>\n<p>\u00abUn hito crucial en este \u00e1mbito se relaciona con la reciente promulgaci\u00f3n de la Ley de Eficiencia Energ\u00e9tica \u2013agreg\u00f3 Erwin Navarrete\u2013, que hace obligatorio mostrar la CEV en toda publicidad de proyectos inmobiliarios y la recepci\u00f3n municipal definitiva de viviendas desde el 2023. Este nuevo escenario generar\u00e1 un alza en la demanda de evaluaciones, la que requerir\u00e1 una mayor masa cr\u00edtica de evaluadores energ\u00e9ticos de los ya existentes, por lo cual seguimos trabajando en mejorar los procesos de acreditaci\u00f3n de nuevos evaluadores\u00bb, precis\u00f3.<\/p>\n<p>Las principales fechas del primer proceso de acreditaci\u00f3n de 2021 son las siguientes:<\/p>\n<p>&nbsp;<\/p>\n<p><a href=\"http:\/\/www.calificacionenergetica.cl\"><img loading=\"lazy\" decoding=\"async\" class=\"aligncenter wp-image-26719 size-full\" src=\"http:\/\/colegioarquitectos.com\/noticias\/wp-content\/uploads\/2021\/03\/AFICHE-CEV-2021_page-0001.jpg\" alt=\"\" width=\"1275\" height=\"1650\" srcset=\"https:\/\/colegioarquitectos.com\/noticias\/wp-content\/uploads\/2021\/03\/AFICHE-CEV-2021_page-0001.jpg 1275w, https:\/\/colegioarquitectos.com\/noticias\/wp-content\/uploads\/2021\/03\/AFICHE-CEV-2021_page-0001-232x300.jpg 232w, https:\/\/colegioarquitectos.com\/noticias\/wp-content\/uploads\/2021\/03\/AFICHE-CEV-2021_page-0001-768x994.jpg 768w, https:\/\/colegioarquitectos.com\/noticias\/wp-content\/uploads\/2021\/03\/AFICHE-CEV-2021_page-0001-791x1024.jpg 791w\" sizes=\"auto, (max-width: 1275px) 100vw, 1275px\" \/><\/a><\/p>\n<h4>Avances en la Calificaci\u00f3n Energ\u00e9tica de Viviendas<\/h4>\n<p>La calificaci\u00f3n energ\u00e9tica est\u00e1 vigente desde 2012. Al 31 de diciembre de 2020, y a lo largo de todo el pa\u00eds, se han realizado m\u00e1s de 76 mil evaluaciones y se han acreditado como evaluadores energ\u00e9ticos de la CEV 1.051 profesionales.<\/p>\n<p>En 2015 ya se hab\u00eda logrado un gran avance en la instalaci\u00f3n de capacidades para el uso masivo de la CEV, lo que permiti\u00f3 recoger la experiencia de distintos actores de los sectores acad\u00e9mico, industrial y gubernamental, adem\u00e1s de la retroalimentaci\u00f3n que aportaron los evaluadores energ\u00e9ticos de distintas regiones a lo largo del pa\u00eds. A partir de esta informaci\u00f3n se desarroll\u00f3 la actualizaci\u00f3n de la CEV que entr\u00f3 en vigencia el 21 de abril de 2018, y que afina el proceso de c\u00e1lculo, incorporando nuevas variables que incluyen los cambios introducidos en la reglamentaci\u00f3n t\u00e9rmica (4.1.10 Bis de la OGUC), y entrega resultados m\u00e1s detallados y \u00fatiles, tales como la demanda de enfriamiento y horas fuera de la temperatura confortable.<\/p>\n<p>En los primeros a\u00f1os de operaci\u00f3n fue necesario realizar importantes esfuerzos para instalar capacidades a lo largo del pa\u00eds y comunicar los atributos de la CEV a los mandantes de proyectos. Este trabajo se puede ver en el progreso de las evaluaciones de viviendas desarrolladas por inmobiliarias privadas, que, al principio, fue discreta, pero que en 2019 mostr\u00f3 una evoluci\u00f3n muy significativa, sobrepasando el volumen de evaluaciones anuales hist\u00f3ricas realizadas a viviendas sociales (ver gr\u00e1fico).<\/p>\n<p><img loading=\"lazy\" decoding=\"async\" class=\"aligncenter size-full wp-image-26724\" src=\"http:\/\/colegioarquitectos.com\/noticias\/wp-content\/uploads\/2021\/03\/Captura-de-pantalla-2021-03-04-a-las-16.29.59.png\" alt=\"\" width=\"503\" height=\"298\" srcset=\"https:\/\/colegioarquitectos.com\/noticias\/wp-content\/uploads\/2021\/03\/Captura-de-pantalla-2021-03-04-a-las-16.29.59.png 503w, https:\/\/colegioarquitectos.com\/noticias\/wp-content\/uploads\/2021\/03\/Captura-de-pantalla-2021-03-04-a-las-16.29.59-300x178.png 300w\" sizes=\"auto, (max-width: 503px) 100vw, 503px\" \/><\/p>\n<p>Ante cualquier duda o dificultad, nuestros colegiados y colegiadas pueden escribir a\u00a0<a href=\"mailto:calificacionenergetica@minvu.cl\" target=\"_blank\" rel=\"noopener\">calificacionenergetica@minvu.<wbr \/>cl<\/a>\u00a0o visitar la p\u00e1gina web <a href=\"http:\/\/www.calificacionenergetica.cl\">http:\/\/www.calificacionenergetica.cl<\/a>.<\/p>\n<p><\/p>","protected":false},"excerpt":{"rendered":"<p>El Ministerio de Vivienda y Urbanismo abri\u00f3 la convocatoria para postular al llamado nacional de profesionales interesados en acreditarse como evaluadores energ\u00e9ticos de la Calificaci\u00f3n Energ\u00e9tica de Viviendas (CEV), instrumento impulsado por esta cartera de Estado junto al Ministerio de &hellip; <a class=\"more-link\" href=\"https:\/\/colegioarquitectos.com\/noticias\/?p=26716\">ver m\u00e1s<\/a><\/p>","protected":false},"author":4,"featured_media":26718,"comment_status":"closed","ping_status":"closed","sticky":false,"template":"","format":"standard","meta":{"footnotes":""},"categories":[3],"tags":[],"class_list":["post-26716","post","type-post","status-publish","format-standard","has-post-thumbnail","hentry","category-noticias"],"yoast_head":"<!-- This site is optimized with the Yoast SEO plugin v24.2 - https:\/\/yoast.com\/wordpress\/plugins\/seo\/ -->\n<title>Minvu convoca al primer proceso 2021 para la acreditaci\u00f3n de evaluadores energ\u00e9ticos de la Calificaci\u00f3n Energ\u00e9tica de Viviendas (CEV) - COLEGIO DE ARQUITECTOS DE CHILE<\/title>\n<meta name=\"robots\" content=\"index, follow, max-snippet:-1, max-image-preview:large, max-video-preview:-1\" \/>\n<link rel=\"canonical\" href=\"https:\/\/colegioarquitectos.com\/noticias\/?p=26716\" \/>\n<meta property=\"og:locale\" content=\"es_ES\" \/>\n<meta property=\"og:type\" content=\"article\" \/>\n<meta property=\"og:title\" content=\"Minvu convoca al primer proceso 2021 para la acreditaci\u00f3n de evaluadores energ\u00e9ticos de la Calificaci\u00f3n Energ\u00e9tica de Viviendas (CEV) - COLEGIO DE ARQUITECTOS DE CHILE\" \/>\n<meta property=\"og:description\" content=\"El Ministerio de Vivienda y Urbanismo abri\u00f3 la convocatoria para postular al llamado nacional de profesionales interesados en acreditarse como evaluadores energ\u00e9ticos de la Calificaci\u00f3n Energ\u00e9tica de Viviendas (CEV), instrumento impulsado por esta cartera de Estado junto al Ministerio de &hellip; ver m\u00e1s\" \/>\n<meta property=\"og:url\" content=\"https:\/\/colegioarquitectos.com\/noticias\/?p=26716\" \/>\n<meta property=\"og:site_name\" content=\"COLEGIO DE ARQUITECTOS DE CHILE\" \/>\n<meta property=\"article:publisher\" content=\"https:\/\/facebook.com\/Colegioarq\/\" \/>\n<meta property=\"article:published_time\" content=\"2021-03-04T19:08:52+00:00\" \/>\n<meta property=\"article:modified_time\" content=\"2021-03-04T19:29:57+00:00\" \/>\n<meta property=\"og:image\" content=\"https:\/\/colegioarquitectos.com\/noticias\/wp-content\/uploads\/2021\/03\/ENCABEZADO-CEV.jpg\" \/>\n\t<meta property=\"og:image:width\" content=\"690\" \/>\n\t<meta property=\"og:image:height\" content=\"350\" \/>\n\t<meta property=\"og:image:type\" content=\"image\/jpeg\" \/>\n<meta name=\"author\" content=\"Colegio de Arquitectos de Chile\" \/>\n<meta name=\"twitter:card\" content=\"summary_large_image\" \/>\n<meta name=\"twitter:creator\" content=\"@colegioarq\" \/>\n<meta name=\"twitter:site\" content=\"@colegioarq\" \/>\n<meta name=\"twitter:label1\" content=\"Escrito por\" \/>\n\t<meta name=\"twitter:data1\" content=\"Colegio de Arquitectos de Chile\" \/>\n\t<meta name=\"twitter:label2\" content=\"Tiempo de lectura\" \/>\n\t<meta name=\"twitter:data2\" content=\"5 minutos\" \/>\n<script type=\"application\/ld+json\" class=\"yoast-schema-graph\">{\"@context\":\"https:\/\/schema.org\",\"@graph\":[{\"@type\":\"Article\",\"@id\":\"https:\/\/colegioarquitectos.com\/noticias\/?p=26716#article\",\"isPartOf\":{\"@id\":\"https:\/\/colegioarquitectos.com\/noticias\/?p=26716\"},\"author\":{\"name\":\"Colegio de Arquitectos de Chile\",\"@id\":\"https:\/\/colegioarquitectos.com\/noticias\/#\/schema\/person\/685cc0aad148303c5608f049af8285ad\"},\"headline\":\"Minvu convoca al primer proceso 2021 para la acreditaci\u00f3n de evaluadores energ\u00e9ticos de la Calificaci\u00f3n Energ\u00e9tica de Viviendas (CEV)\",\"datePublished\":\"2021-03-04T19:08:52+00:00\",\"dateModified\":\"2021-03-04T19:29:57+00:00\",\"mainEntityOfPage\":{\"@id\":\"https:\/\/colegioarquitectos.com\/noticias\/?p=26716\"},\"wordCount\":1074,\"publisher\":{\"@id\":\"https:\/\/colegioarquitectos.com\/noticias\/#organization\"},\"image\":{\"@id\":\"https:\/\/colegioarquitectos.com\/noticias\/?p=26716#primaryimage\"},\"thumbnailUrl\":\"https:\/\/colegioarquitectos.com\/noticias\/wp-content\/uploads\/2021\/03\/ENCABEZADO-CEV.jpg\",\"articleSection\":[\"Noticias\"],\"inLanguage\":\"es\"},{\"@type\":\"WebPage\",\"@id\":\"https:\/\/colegioarquitectos.com\/noticias\/?p=26716\",\"url\":\"https:\/\/colegioarquitectos.com\/noticias\/?p=26716\",\"name\":\"Minvu convoca al primer proceso 2021 para la acreditaci\u00f3n de evaluadores energ\u00e9ticos de la Calificaci\u00f3n Energ\u00e9tica de Viviendas (CEV) - COLEGIO DE ARQUITECTOS DE CHILE\",\"isPartOf\":{\"@id\":\"https:\/\/colegioarquitectos.com\/noticias\/#website\"},\"primaryImageOfPage\":{\"@id\":\"https:\/\/colegioarquitectos.com\/noticias\/?p=26716#primaryimage\"},\"image\":{\"@id\":\"https:\/\/colegioarquitectos.com\/noticias\/?p=26716#primaryimage\"},\"thumbnailUrl\":\"https:\/\/colegioarquitectos.com\/noticias\/wp-content\/uploads\/2021\/03\/ENCABEZADO-CEV.jpg\",\"datePublished\":\"2021-03-04T19:08:52+00:00\",\"dateModified\":\"2021-03-04T19:29:57+00:00\",\"breadcrumb\":{\"@id\":\"https:\/\/colegioarquitectos.com\/noticias\/?p=26716#breadcrumb\"},\"inLanguage\":\"es\",\"potentialAction\":[{\"@type\":\"ReadAction\",\"target\":[\"https:\/\/colegioarquitectos.com\/noticias\/?p=26716\"]}]},{\"@type\":\"ImageObject\",\"inLanguage\":\"es\",\"@id\":\"https:\/\/colegioarquitectos.com\/noticias\/?p=26716#primaryimage\",\"url\":\"https:\/\/colegioarquitectos.com\/noticias\/wp-content\/uploads\/2021\/03\/ENCABEZADO-CEV.jpg\",\"contentUrl\":\"https:\/\/colegioarquitectos.com\/noticias\/wp-content\/uploads\/2021\/03\/ENCABEZADO-CEV.jpg\",\"width\":690,\"height\":350},{\"@type\":\"BreadcrumbList\",\"@id\":\"https:\/\/colegioarquitectos.com\/noticias\/?p=26716#breadcrumb\",\"itemListElement\":[{\"@type\":\"ListItem\",\"position\":1,\"name\":\"Portada\",\"item\":\"https:\/\/colegioarquitectos.com\/noticias\"},{\"@type\":\"ListItem\",\"position\":2,\"name\":\"Minvu convoca al primer proceso 2021 para la acreditaci\u00f3n de evaluadores energ\u00e9ticos de la Calificaci\u00f3n Energ\u00e9tica de Viviendas (CEV)\"}]},{\"@type\":\"WebSite\",\"@id\":\"https:\/\/colegioarquitectos.com\/noticias\/#website\",\"url\":\"https:\/\/colegioarquitectos.com\/noticias\/\",\"name\":\"COLEGIO DE ARQUITECTOS DE CHILE\",\"description\":\"\",\"publisher\":{\"@id\":\"https:\/\/colegioarquitectos.com\/noticias\/#organization\"},\"potentialAction\":[{\"@type\":\"SearchAction\",\"target\":{\"@type\":\"EntryPoint\",\"urlTemplate\":\"https:\/\/colegioarquitectos.com\/noticias\/?s={search_term_string}\"},\"query-input\":{\"@type\":\"PropertyValueSpecification\",\"valueRequired\":true,\"valueName\":\"search_term_string\"}}],\"inLanguage\":\"es\"},{\"@type\":\"Organization\",\"@id\":\"https:\/\/colegioarquitectos.com\/noticias\/#organization\",\"name\":\"COLEGIO DE ARQUITECTOS DE CHILE\",\"url\":\"https:\/\/colegioarquitectos.com\/noticias\/\",\"logo\":{\"@type\":\"ImageObject\",\"inLanguage\":\"es\",\"@id\":\"https:\/\/colegioarquitectos.com\/noticias\/#\/schema\/logo\/image\/\",\"url\":\"https:\/\/colegioarquitectos.com\/noticias\/wp-content\/uploads\/2021\/05\/ENCABEZADO-LOGO-CA.jpg\",\"contentUrl\":\"https:\/\/colegioarquitectos.com\/noticias\/wp-content\/uploads\/2021\/05\/ENCABEZADO-LOGO-CA.jpg\",\"width\":690,\"height\":350,\"caption\":\"COLEGIO DE ARQUITECTOS DE CHILE\"},\"image\":{\"@id\":\"https:\/\/colegioarquitectos.com\/noticias\/#\/schema\/logo\/image\/\"},\"sameAs\":[\"https:\/\/facebook.com\/Colegioarq\/\",\"https:\/\/x.com\/colegioarq\",\"https:\/\/instagram.com\/colegioarq\",\"https:\/\/youtube.com\/@ColegiodeArquitectosdeChile\"]},{\"@type\":\"Person\",\"@id\":\"https:\/\/colegioarquitectos.com\/noticias\/#\/schema\/person\/685cc0aad148303c5608f049af8285ad\",\"name\":\"Colegio de Arquitectos de Chile\",\"url\":\"https:\/\/colegioarquitectos.com\/noticias\/?author=4\"}]}<\/script>\n<!-- \/ Yoast SEO plugin. -->","yoast_head_json":{"title":"Minvu convoca al primer proceso 2021 para la acreditaci\u00f3n de evaluadores energ\u00e9ticos de la Calificaci\u00f3n Energ\u00e9tica de Viviendas (CEV) - COLEGIO DE ARQUITECTOS DE CHILE","robots":{"index":"index","follow":"follow","max-snippet":"max-snippet:-1","max-image-preview":"max-image-preview:large","max-video-preview":"max-video-preview:-1"},"canonical":"https:\/\/colegioarquitectos.com\/noticias\/?p=26716","og_locale":"es_ES","og_type":"article","og_title":"Minvu convoca al primer proceso 2021 para la acreditaci\u00f3n de evaluadores energ\u00e9ticos de la Calificaci\u00f3n Energ\u00e9tica de Viviendas (CEV) - COLEGIO DE ARQUITECTOS DE CHILE","og_description":"El Ministerio de Vivienda y Urbanismo abri\u00f3 la convocatoria para postular al llamado nacional de profesionales interesados en acreditarse como evaluadores energ\u00e9ticos de la Calificaci\u00f3n Energ\u00e9tica de Viviendas (CEV), instrumento impulsado por esta cartera de Estado junto al Ministerio de &hellip; ver m\u00e1s","og_url":"https:\/\/colegioarquitectos.com\/noticias\/?p=26716","og_site_name":"COLEGIO DE ARQUITECTOS DE CHILE","article_publisher":"https:\/\/facebook.com\/Colegioarq\/","article_published_time":"2021-03-04T19:08:52+00:00","article_modified_time":"2021-03-04T19:29:57+00:00","og_image":[{"width":690,"height":350,"url":"https:\/\/colegioarquitectos.com\/noticias\/wp-content\/uploads\/2021\/03\/ENCABEZADO-CEV.jpg","type":"image\/jpeg"}],"author":"Colegio de Arquitectos de Chile","twitter_card":"summary_large_image","twitter_creator":"@colegioarq","twitter_site":"@colegioarq","twitter_misc":{"Escrito por":"Colegio de Arquitectos de Chile","Tiempo de lectura":"5 minutos"},"schema":{"@context":"https:\/\/schema.org","@graph":[{"@type":"Article","@id":"https:\/\/colegioarquitectos.com\/noticias\/?p=26716#article","isPartOf":{"@id":"https:\/\/colegioarquitectos.com\/noticias\/?p=26716"},"author":{"name":"Colegio de Arquitectos de Chile","@id":"https:\/\/colegioarquitectos.com\/noticias\/#\/schema\/person\/685cc0aad148303c5608f049af8285ad"},"headline":"Minvu convoca al primer proceso 2021 para la acreditaci\u00f3n de evaluadores energ\u00e9ticos de la Calificaci\u00f3n Energ\u00e9tica de Viviendas (CEV)","datePublished":"2021-03-04T19:08:52+00:00","dateModified":"2021-03-04T19:29:57+00:00","mainEntityOfPage":{"@id":"https:\/\/colegioarquitectos.com\/noticias\/?p=26716"},"wordCount":1074,"publisher":{"@id":"https:\/\/colegioarquitectos.com\/noticias\/#organization"},"image":{"@id":"https:\/\/colegioarquitectos.com\/noticias\/?p=26716#primaryimage"},"thumbnailUrl":"https:\/\/colegioarquitectos.com\/noticias\/wp-content\/uploads\/2021\/03\/ENCABEZADO-CEV.jpg","articleSection":["Noticias"],"inLanguage":"es"},{"@type":"WebPage","@id":"https:\/\/colegioarquitectos.com\/noticias\/?p=26716","url":"https:\/\/colegioarquitectos.com\/noticias\/?p=26716","name":"Minvu convoca al primer proceso 2021 para la acreditaci\u00f3n de evaluadores energ\u00e9ticos de la Calificaci\u00f3n Energ\u00e9tica de Viviendas (CEV) - COLEGIO DE ARQUITECTOS DE CHILE","isPartOf":{"@id":"https:\/\/colegioarquitectos.com\/noticias\/#website"},"primaryImageOfPage":{"@id":"https:\/\/colegioarquitectos.com\/noticias\/?p=26716#primaryimage"},"image":{"@id":"https:\/\/colegioarquitectos.com\/noticias\/?p=26716#primaryimage"},"thumbnailUrl":"https:\/\/colegioarquitectos.com\/noticias\/wp-content\/uploads\/2021\/03\/ENCABEZADO-CEV.jpg","datePublished":"2021-03-04T19:08:52+00:00","dateModified":"2021-03-04T19:29:57+00:00","breadcrumb":{"@id":"https:\/\/colegioarquitectos.com\/noticias\/?p=26716#breadcrumb"},"inLanguage":"es","potentialAction":[{"@type":"ReadAction","target":["https:\/\/colegioarquitectos.com\/noticias\/?p=26716"]}]},{"@type":"ImageObject","inLanguage":"es","@id":"https:\/\/colegioarquitectos.com\/noticias\/?p=26716#primaryimage","url":"https:\/\/colegioarquitectos.com\/noticias\/wp-content\/uploads\/2021\/03\/ENCABEZADO-CEV.jpg","contentUrl":"https:\/\/colegioarquitectos.com\/noticias\/wp-content\/uploads\/2021\/03\/ENCABEZADO-CEV.jpg","width":690,"height":350},{"@type":"BreadcrumbList","@id":"https:\/\/colegioarquitectos.com\/noticias\/?p=26716#breadcrumb","itemListElement":[{"@type":"ListItem","position":1,"name":"Portada","item":"https:\/\/colegioarquitectos.com\/noticias"},{"@type":"ListItem","position":2,"name":"Minvu convoca al primer proceso 2021 para la acreditaci\u00f3n de evaluadores energ\u00e9ticos de la Calificaci\u00f3n Energ\u00e9tica de Viviendas (CEV)"}]},{"@type":"WebSite","@id":"https:\/\/colegioarquitectos.com\/noticias\/#website","url":"https:\/\/colegioarquitectos.com\/noticias\/","name":"COLEGIO DE ARQUITECTOS DE CHILE","description":"","publisher":{"@id":"https:\/\/colegioarquitectos.com\/noticias\/#organization"},"potentialAction":[{"@type":"SearchAction","target":{"@type":"EntryPoint","urlTemplate":"https:\/\/colegioarquitectos.com\/noticias\/?s={search_term_string}"},"query-input":{"@type":"PropertyValueSpecification","valueRequired":true,"valueName":"search_term_string"}}],"inLanguage":"es"},{"@type":"Organization","@id":"https:\/\/colegioarquitectos.com\/noticias\/#organization","name":"COLEGIO DE ARQUITECTOS DE CHILE","url":"https:\/\/colegioarquitectos.com\/noticias\/","logo":{"@type":"ImageObject","inLanguage":"es","@id":"https:\/\/colegioarquitectos.com\/noticias\/#\/schema\/logo\/image\/","url":"https:\/\/colegioarquitectos.com\/noticias\/wp-content\/uploads\/2021\/05\/ENCABEZADO-LOGO-CA.jpg","contentUrl":"https:\/\/colegioarquitectos.com\/noticias\/wp-content\/uploads\/2021\/05\/ENCABEZADO-LOGO-CA.jpg","width":690,"height":350,"caption":"COLEGIO DE ARQUITECTOS DE CHILE"},"image":{"@id":"https:\/\/colegioarquitectos.com\/noticias\/#\/schema\/logo\/image\/"},"sameAs":["https:\/\/facebook.com\/Colegioarq\/","https:\/\/x.com\/colegioarq","https:\/\/instagram.com\/colegioarq","https:\/\/youtube.com\/@ColegiodeArquitectosdeChile"]},{"@type":"Person","@id":"https:\/\/colegioarquitectos.com\/noticias\/#\/schema\/person\/685cc0aad148303c5608f049af8285ad","name":"Colegio de Arquitectos de Chile","url":"https:\/\/colegioarquitectos.com\/noticias\/?author=4"}]}},"_links":{"self":[{"href":"https:\/\/colegioarquitectos.com\/noticias\/index.php?rest_route=\/wp\/v2\/posts\/26716","targetHints":{"allow":["GET"]}}],"collection":[{"href":"https:\/\/colegioarquitectos.com\/noticias\/index.php?rest_route=\/wp\/v2\/posts"}],"about":[{"href":"https:\/\/colegioarquitectos.com\/noticias\/index.php?rest_route=\/wp\/v2\/types\/post"}],"author":[{"embeddable":true,"href":"https:\/\/colegioarquitectos.com\/noticias\/index.php?rest_route=\/wp\/v2\/users\/4"}],"replies":[{"embeddable":true,"href":"https:\/\/colegioarquitectos.com\/noticias\/index.php?rest_route=%2Fwp%2Fv2%2Fcomments&post=26716"}],"version-history":[{"count":0,"href":"https:\/\/colegioarquitectos.com\/noticias\/index.php?rest_route=\/wp\/v2\/posts\/26716\/revisions"}],"wp:featuredmedia":[{"embeddable":true,"href":"https:\/\/colegioarquitectos.com\/noticias\/index.php?rest_route=\/wp\/v2\/media\/26718"}],"wp:attachment":[{"href":"https:\/\/colegioarquitectos.com\/noticias\/index.php?rest_route=%2Fwp%2Fv2%2Fmedia&parent=26716"}],"wp:term":[{"taxonomy":"category","embeddable":true,"href":"https:\/\/colegioarquitectos.com\/noticias\/index.php?rest_route=%2Fwp%2Fv2%2Fcategories&post=26716"},{"taxonomy":"post_tag","embeddable":true,"href":"https:\/\/colegioarquitectos.com\/noticias\/index.php?rest_route=%2Fwp%2Fv2%2Ftags&post=26716"}],"curies":[{"name":"wp","href":"https:\/\/api.w.org\/{rel}","templated":true}]}}