
{"id":26783,"date":"2021-03-12T20:04:03","date_gmt":"2021-03-12T20:04:03","guid":{"rendered":"http:\/\/colegioarquitectos.com\/?p=26783"},"modified":"2021-03-12T20:09:58","modified_gmt":"2021-03-12T20:09:58","slug":"lina-bo-bardi-obtiene-el-leon-de-oro-a-la-trayectoria-en-la-bienal-de-venecia-2021-in-memoriam","status":"publish","type":"post","link":"https:\/\/colegioarquitectos.com\/noticias\/?p=26783","title":{"rendered":"Lina Bo Bardi obtiene el Le\u00f3n de Oro a la trayectoria in memoriam en la Bienal de Venecia 2021"},"content":{"rendered":"<p>La arquitecta italo-brasile\u00f1a <strong>Lina Bo Bardi<\/strong> fue elegida ganadora del <strong>Le\u00f3n de Oro a la trayectoria\u00a0<em>in memoriam<\/em><\/strong> en la <strong>Bienal de Venecia 2021<\/strong>, evento que tendr\u00e1 su inauguraci\u00f3n el pr\u00f3ximo <strong>22 de mayo<\/strong>.<\/p>\n<p>Como <strong>Colegio de Arquitectos de Chile<\/strong> queremos destacar su rol de mujer y arquitecta durante tiempos dif\u00edciles, ya sea en medio de la guerra o viviendo un proceso de inmigraci\u00f3n; y como, a pesar del contexto, <strong>logr\u00f3 construir una obra robusta y creativa que es valida y contempor\u00e1nea hasta el d\u00eda de hoy<\/strong>.<\/p>\n<p>El premio fue aprobado por la Junta Directiva luego de que Bo Bardi fuese postulada por <strong>Hashim Sarkis<\/strong>, curador de la muestra, quien justific\u00f3 su recomendaci\u00f3n: \u00abSi hay una arquitecta que mejor encarna el tema central de la Biennale Architettura 2021, esa es Lina Bo Bardi. Su carrera como dise\u00f1adora, editora, curadora y activista nos recuerda el papel del arquitecto y arquitecta como personas convocantes y, lo que es m\u00e1s importante, como constructores y constructoras de visiones colectivas\u00bb<\/p>\n<p>\u00abLina Bo Bardi tambi\u00e9n ejemplifica la perseverancia de la arquitecta en tiempos dif\u00edciles, ya sean guerras, conflictos pol\u00edticos o inmigraci\u00f3n, y su capacidad para seguir siendo creativa, generosa y optimista en todo momento (\u2026) Sobre todo, son sus poderosos edificios los que destacan en su dise\u00f1o y en la forma en que unen arquitectura, naturaleza, vida y comunidad. En sus manos, la arquitectura se convierte realmente en un arte social convocante\u00bb, agreg\u00f3 el curador de la muestra cuyo tema es <strong>\u00ab\u00bfC\u00f3mo viviremos juntos?\u00bb<\/strong>.<\/p>\n<p><strong>Lina Bo Bardi<\/strong> naci\u00f3 en Roma el<strong> 5 de diciembre de 1914<\/strong>. Estudi\u00f3 en la Facultad de Arquitectura de la Universidad de Roma durante la d\u00e9cada de 1930. Tras graduarse se traslad\u00f3 a Mil\u00e1n, donde trabaj\u00f3 para <strong>Gi\u00f2 Ponti<\/strong>, editor de la revista <strong>Quaderni di Domus<\/strong>, de la cual lleg\u00f3 a ser editora.<\/p>\n<p>Durante la II Guerra Mundial, su estudio result\u00f3 destruido en 1943 tras un bombardeo a\u00e9reo. En esos a\u00f1os conoci\u00f3 al arquitecto y cr\u00edtico de cine italiano <strong>Bruno Zevi<\/strong>, con qui\u00e9n fund\u00f3 la publicaci\u00f3n semanal <strong>A Cultura della Vita<\/strong>. Bo Bardi tambi\u00e9n particip\u00f3 de la resistencia a la ocupaci\u00f3n nazi como militante del Partido Comunista Italiano.<\/p>\n<p>En 1946, luego del fin de la guerra, se cas\u00f3 con el periodista <strong>Pietro Maria Bardi<\/strong>, con quien decidieron radicarse en Brasil, pa\u00eds del cual obtuvo la ciudadan\u00eda en 1951.<\/p>\n<p>En Brasil, Bo Bardi comenz\u00f3 a nutrirse de nuevas influencias y se vio desbordada por la cultura brasile\u00f1a desde una esquina antropol\u00f3gica, que se fue permeando por sus estad\u00edas en <strong>R\u00edo de Janeiro, S\u00e3o Paulo<\/strong> y <strong>Salvador<\/strong>.<\/p>\n<p>Esa b\u00fasqueda se reflej\u00f3 en los proyectos emblem\u00e1ticos que dise\u00f1\u00f3, que van desde la <strong>Casa de Cristal<\/strong> hasta el <strong>Museo de Arte de Sao Paulo (MASP)<\/strong>, donde suspendi\u00f3 el edificio sobre una plaza de 70 metros de largo, pasando por la restauraci\u00f3n del <strong>Solar do Unh\u00e3o<\/strong>, la <strong>Casa Chame-Chame<\/strong>, el <strong>Sesc Pomp\u00e9ia<\/strong> y el <strong>Teatro Oficina<\/strong>.<\/p>\n<p>En Brasil, Bo Bardi tambi\u00e9n cre\u00f3 la revista <strong>H\u00e1bitat<\/strong> y despleg\u00f3 una profunda admiraci\u00f3n por la cultura popular iniciando entonces su gran colecci\u00f3n de arte popular brasile\u00f1o. En su producci\u00f3n siempre convivi\u00f3 esa dualidad: un di\u00e1logo intenso entre lo moderno y lo popular.<\/p>\n<p>A\u00fan activa y con cursando muchos proyectos, falleci\u00f3 el <strong>20 de marzo de 1992<\/strong> en <strong>Sao Paulo<\/strong>.<\/p>\n<p>El <strong>Premio Le\u00f3n de Oro a la trayectoria <em>in memoriam<\/em><\/strong> a <strong>Lina Bo Bardi<\/strong> se celebrar\u00e1 el s\u00e1bado <strong>22 mayo<\/strong> durante la ceremonia de inauguraci\u00f3n de la <strong>Bienal de Venecia 2021<\/strong>. Anteriormente, en 2010, este reconocimiento <em>in memoriam<\/em> fue otorgado al arquitecto japon\u00e9s <strong>Kazuo Shinohara<\/strong>.<\/p>\n<p>https:\/\/www.instagram.com\/p\/B68XTyip_MR\/?igshid=sbl136xqw3a7<\/p>\n<p><\/p>","protected":false},"excerpt":{"rendered":"<p>La arquitecta italo-brasile\u00f1a Lina Bo Bardi fue elegida ganadora del Le\u00f3n de Oro a la trayectoria\u00a0in memoriam en la Bienal de Venecia 2021, evento que tendr\u00e1 su inauguraci\u00f3n el pr\u00f3ximo 22 de mayo. Como Colegio de Arquitectos de Chile queremos &hellip; <a class=\"more-link\" href=\"https:\/\/colegioarquitectos.com\/noticias\/?p=26783\">ver m\u00e1s<\/a><\/p>","protected":false},"author":4,"featured_media":26784,"comment_status":"closed","ping_status":"closed","sticky":false,"template":"","format":"standard","meta":{"footnotes":""},"categories":[3],"tags":[],"class_list":["post-26783","post","type-post","status-publish","format-standard","has-post-thumbnail","hentry","category-noticias"],"yoast_head":"<!-- This site is optimized with the Yoast SEO plugin v24.2 - https:\/\/yoast.com\/wordpress\/plugins\/seo\/ -->\n<title>Lina Bo Bardi obtiene el Le\u00f3n de Oro a la trayectoria in memoriam en la Bienal de Venecia 2021 - COLEGIO DE ARQUITECTOS DE CHILE<\/title>\n<meta name=\"robots\" content=\"index, follow, max-snippet:-1, max-image-preview:large, max-video-preview:-1\" \/>\n<link rel=\"canonical\" href=\"https:\/\/colegioarquitectos.com\/noticias\/?p=26783\" \/>\n<meta property=\"og:locale\" content=\"es_ES\" \/>\n<meta property=\"og:type\" content=\"article\" \/>\n<meta property=\"og:title\" content=\"Lina Bo Bardi obtiene el Le\u00f3n de Oro a la trayectoria in memoriam en la Bienal de Venecia 2021 - COLEGIO DE ARQUITECTOS DE CHILE\" \/>\n<meta property=\"og:description\" content=\"La arquitecta italo-brasile\u00f1a Lina Bo Bardi fue elegida ganadora del Le\u00f3n de Oro a la trayectoria\u00a0in memoriam en la Bienal de Venecia 2021, evento que tendr\u00e1 su inauguraci\u00f3n el pr\u00f3ximo 22 de mayo. Como Colegio de Arquitectos de Chile queremos &hellip; ver m\u00e1s\" \/>\n<meta property=\"og:url\" content=\"https:\/\/colegioarquitectos.com\/noticias\/?p=26783\" \/>\n<meta property=\"og:site_name\" content=\"COLEGIO DE ARQUITECTOS DE CHILE\" \/>\n<meta property=\"article:publisher\" content=\"https:\/\/facebook.com\/Colegioarq\/\" \/>\n<meta property=\"article:published_time\" content=\"2021-03-12T20:04:03+00:00\" \/>\n<meta property=\"article:modified_time\" content=\"2021-03-12T20:09:58+00:00\" \/>\n<meta property=\"og:image\" content=\"https:\/\/colegioarquitectos.com\/noticias\/wp-content\/uploads\/2021\/03\/WhatsApp-Image-2021-03-12-at-11.18.03.jpeg\" \/>\n\t<meta property=\"og:image:width\" content=\"1280\" \/>\n\t<meta property=\"og:image:height\" content=\"649\" \/>\n\t<meta property=\"og:image:type\" content=\"image\/jpeg\" \/>\n<meta name=\"author\" content=\"Colegio de Arquitectos de Chile\" \/>\n<meta name=\"twitter:card\" content=\"summary_large_image\" \/>\n<meta name=\"twitter:creator\" content=\"@colegioarq\" \/>\n<meta name=\"twitter:site\" content=\"@colegioarq\" \/>\n<meta name=\"twitter:label1\" content=\"Escrito por\" \/>\n\t<meta name=\"twitter:data1\" content=\"Colegio de Arquitectos de Chile\" \/>\n\t<meta name=\"twitter:label2\" content=\"Tiempo de lectura\" \/>\n\t<meta name=\"twitter:data2\" content=\"3 minutos\" \/>\n<script type=\"application\/ld+json\" class=\"yoast-schema-graph\">{\"@context\":\"https:\/\/schema.org\",\"@graph\":[{\"@type\":\"Article\",\"@id\":\"https:\/\/colegioarquitectos.com\/noticias\/?p=26783#article\",\"isPartOf\":{\"@id\":\"https:\/\/colegioarquitectos.com\/noticias\/?p=26783\"},\"author\":{\"name\":\"Colegio de Arquitectos de Chile\",\"@id\":\"https:\/\/colegioarquitectos.com\/noticias\/#\/schema\/person\/685cc0aad148303c5608f049af8285ad\"},\"headline\":\"Lina Bo Bardi obtiene el Le\u00f3n de Oro a la trayectoria in memoriam en la Bienal de Venecia 2021\",\"datePublished\":\"2021-03-12T20:04:03+00:00\",\"dateModified\":\"2021-03-12T20:09:58+00:00\",\"mainEntityOfPage\":{\"@id\":\"https:\/\/colegioarquitectos.com\/noticias\/?p=26783\"},\"wordCount\":649,\"publisher\":{\"@id\":\"https:\/\/colegioarquitectos.com\/noticias\/#organization\"},\"image\":{\"@id\":\"https:\/\/colegioarquitectos.com\/noticias\/?p=26783#primaryimage\"},\"thumbnailUrl\":\"https:\/\/colegioarquitectos.com\/noticias\/wp-content\/uploads\/2021\/03\/WhatsApp-Image-2021-03-12-at-11.18.03.jpeg\",\"articleSection\":[\"Noticias\"],\"inLanguage\":\"es\"},{\"@type\":\"WebPage\",\"@id\":\"https:\/\/colegioarquitectos.com\/noticias\/?p=26783\",\"url\":\"https:\/\/colegioarquitectos.com\/noticias\/?p=26783\",\"name\":\"Lina Bo Bardi obtiene el Le\u00f3n de Oro a la trayectoria in memoriam en la Bienal de Venecia 2021 - COLEGIO DE ARQUITECTOS DE CHILE\",\"isPartOf\":{\"@id\":\"https:\/\/colegioarquitectos.com\/noticias\/#website\"},\"primaryImageOfPage\":{\"@id\":\"https:\/\/colegioarquitectos.com\/noticias\/?p=26783#primaryimage\"},\"image\":{\"@id\":\"https:\/\/colegioarquitectos.com\/noticias\/?p=26783#primaryimage\"},\"thumbnailUrl\":\"https:\/\/colegioarquitectos.com\/noticias\/wp-content\/uploads\/2021\/03\/WhatsApp-Image-2021-03-12-at-11.18.03.jpeg\",\"datePublished\":\"2021-03-12T20:04:03+00:00\",\"dateModified\":\"2021-03-12T20:09:58+00:00\",\"breadcrumb\":{\"@id\":\"https:\/\/colegioarquitectos.com\/noticias\/?p=26783#breadcrumb\"},\"inLanguage\":\"es\",\"potentialAction\":[{\"@type\":\"ReadAction\",\"target\":[\"https:\/\/colegioarquitectos.com\/noticias\/?p=26783\"]}]},{\"@type\":\"ImageObject\",\"inLanguage\":\"es\",\"@id\":\"https:\/\/colegioarquitectos.com\/noticias\/?p=26783#primaryimage\",\"url\":\"https:\/\/colegioarquitectos.com\/noticias\/wp-content\/uploads\/2021\/03\/WhatsApp-Image-2021-03-12-at-11.18.03.jpeg\",\"contentUrl\":\"https:\/\/colegioarquitectos.com\/noticias\/wp-content\/uploads\/2021\/03\/WhatsApp-Image-2021-03-12-at-11.18.03.jpeg\",\"width\":1280,\"height\":649},{\"@type\":\"BreadcrumbList\",\"@id\":\"https:\/\/colegioarquitectos.com\/noticias\/?p=26783#breadcrumb\",\"itemListElement\":[{\"@type\":\"ListItem\",\"position\":1,\"name\":\"Portada\",\"item\":\"https:\/\/colegioarquitectos.com\/noticias\"},{\"@type\":\"ListItem\",\"position\":2,\"name\":\"Lina Bo Bardi obtiene el Le\u00f3n de Oro a la trayectoria in memoriam en la Bienal de Venecia 2021\"}]},{\"@type\":\"WebSite\",\"@id\":\"https:\/\/colegioarquitectos.com\/noticias\/#website\",\"url\":\"https:\/\/colegioarquitectos.com\/noticias\/\",\"name\":\"COLEGIO DE ARQUITECTOS DE CHILE\",\"description\":\"\",\"publisher\":{\"@id\":\"https:\/\/colegioarquitectos.com\/noticias\/#organization\"},\"potentialAction\":[{\"@type\":\"SearchAction\",\"target\":{\"@type\":\"EntryPoint\",\"urlTemplate\":\"https:\/\/colegioarquitectos.com\/noticias\/?s={search_term_string}\"},\"query-input\":{\"@type\":\"PropertyValueSpecification\",\"valueRequired\":true,\"valueName\":\"search_term_string\"}}],\"inLanguage\":\"es\"},{\"@type\":\"Organization\",\"@id\":\"https:\/\/colegioarquitectos.com\/noticias\/#organization\",\"name\":\"COLEGIO DE ARQUITECTOS DE CHILE\",\"url\":\"https:\/\/colegioarquitectos.com\/noticias\/\",\"logo\":{\"@type\":\"ImageObject\",\"inLanguage\":\"es\",\"@id\":\"https:\/\/colegioarquitectos.com\/noticias\/#\/schema\/logo\/image\/\",\"url\":\"https:\/\/colegioarquitectos.com\/noticias\/wp-content\/uploads\/2021\/05\/ENCABEZADO-LOGO-CA.jpg\",\"contentUrl\":\"https:\/\/colegioarquitectos.com\/noticias\/wp-content\/uploads\/2021\/05\/ENCABEZADO-LOGO-CA.jpg\",\"width\":690,\"height\":350,\"caption\":\"COLEGIO DE ARQUITECTOS DE CHILE\"},\"image\":{\"@id\":\"https:\/\/colegioarquitectos.com\/noticias\/#\/schema\/logo\/image\/\"},\"sameAs\":[\"https:\/\/facebook.com\/Colegioarq\/\",\"https:\/\/x.com\/colegioarq\",\"https:\/\/instagram.com\/colegioarq\",\"https:\/\/youtube.com\/@ColegiodeArquitectosdeChile\"]},{\"@type\":\"Person\",\"@id\":\"https:\/\/colegioarquitectos.com\/noticias\/#\/schema\/person\/685cc0aad148303c5608f049af8285ad\",\"name\":\"Colegio de Arquitectos de Chile\",\"url\":\"https:\/\/colegioarquitectos.com\/noticias\/?author=4\"}]}<\/script>\n<!-- \/ Yoast SEO plugin. -->","yoast_head_json":{"title":"Lina Bo Bardi obtiene el Le\u00f3n de Oro a la trayectoria in memoriam en la Bienal de Venecia 2021 - COLEGIO DE ARQUITECTOS DE CHILE","robots":{"index":"index","follow":"follow","max-snippet":"max-snippet:-1","max-image-preview":"max-image-preview:large","max-video-preview":"max-video-preview:-1"},"canonical":"https:\/\/colegioarquitectos.com\/noticias\/?p=26783","og_locale":"es_ES","og_type":"article","og_title":"Lina Bo Bardi obtiene el Le\u00f3n de Oro a la trayectoria in memoriam en la Bienal de Venecia 2021 - COLEGIO DE ARQUITECTOS DE CHILE","og_description":"La arquitecta italo-brasile\u00f1a Lina Bo Bardi fue elegida ganadora del Le\u00f3n de Oro a la trayectoria\u00a0in memoriam en la Bienal de Venecia 2021, evento que tendr\u00e1 su inauguraci\u00f3n el pr\u00f3ximo 22 de mayo. Como Colegio de Arquitectos de Chile queremos &hellip; ver m\u00e1s","og_url":"https:\/\/colegioarquitectos.com\/noticias\/?p=26783","og_site_name":"COLEGIO DE ARQUITECTOS DE CHILE","article_publisher":"https:\/\/facebook.com\/Colegioarq\/","article_published_time":"2021-03-12T20:04:03+00:00","article_modified_time":"2021-03-12T20:09:58+00:00","og_image":[{"width":1280,"height":649,"url":"https:\/\/colegioarquitectos.com\/noticias\/wp-content\/uploads\/2021\/03\/WhatsApp-Image-2021-03-12-at-11.18.03.jpeg","type":"image\/jpeg"}],"author":"Colegio de Arquitectos de Chile","twitter_card":"summary_large_image","twitter_creator":"@colegioarq","twitter_site":"@colegioarq","twitter_misc":{"Escrito por":"Colegio de Arquitectos de Chile","Tiempo de lectura":"3 minutos"},"schema":{"@context":"https:\/\/schema.org","@graph":[{"@type":"Article","@id":"https:\/\/colegioarquitectos.com\/noticias\/?p=26783#article","isPartOf":{"@id":"https:\/\/colegioarquitectos.com\/noticias\/?p=26783"},"author":{"name":"Colegio de Arquitectos de Chile","@id":"https:\/\/colegioarquitectos.com\/noticias\/#\/schema\/person\/685cc0aad148303c5608f049af8285ad"},"headline":"Lina Bo Bardi obtiene el Le\u00f3n de Oro a la trayectoria in memoriam en la Bienal de Venecia 2021","datePublished":"2021-03-12T20:04:03+00:00","dateModified":"2021-03-12T20:09:58+00:00","mainEntityOfPage":{"@id":"https:\/\/colegioarquitectos.com\/noticias\/?p=26783"},"wordCount":649,"publisher":{"@id":"https:\/\/colegioarquitectos.com\/noticias\/#organization"},"image":{"@id":"https:\/\/colegioarquitectos.com\/noticias\/?p=26783#primaryimage"},"thumbnailUrl":"https:\/\/colegioarquitectos.com\/noticias\/wp-content\/uploads\/2021\/03\/WhatsApp-Image-2021-03-12-at-11.18.03.jpeg","articleSection":["Noticias"],"inLanguage":"es"},{"@type":"WebPage","@id":"https:\/\/colegioarquitectos.com\/noticias\/?p=26783","url":"https:\/\/colegioarquitectos.com\/noticias\/?p=26783","name":"Lina Bo Bardi obtiene el Le\u00f3n de Oro a la trayectoria in memoriam en la Bienal de Venecia 2021 - COLEGIO DE ARQUITECTOS DE CHILE","isPartOf":{"@id":"https:\/\/colegioarquitectos.com\/noticias\/#website"},"primaryImageOfPage":{"@id":"https:\/\/colegioarquitectos.com\/noticias\/?p=26783#primaryimage"},"image":{"@id":"https:\/\/colegioarquitectos.com\/noticias\/?p=26783#primaryimage"},"thumbnailUrl":"https:\/\/colegioarquitectos.com\/noticias\/wp-content\/uploads\/2021\/03\/WhatsApp-Image-2021-03-12-at-11.18.03.jpeg","datePublished":"2021-03-12T20:04:03+00:00","dateModified":"2021-03-12T20:09:58+00:00","breadcrumb":{"@id":"https:\/\/colegioarquitectos.com\/noticias\/?p=26783#breadcrumb"},"inLanguage":"es","potentialAction":[{"@type":"ReadAction","target":["https:\/\/colegioarquitectos.com\/noticias\/?p=26783"]}]},{"@type":"ImageObject","inLanguage":"es","@id":"https:\/\/colegioarquitectos.com\/noticias\/?p=26783#primaryimage","url":"https:\/\/colegioarquitectos.com\/noticias\/wp-content\/uploads\/2021\/03\/WhatsApp-Image-2021-03-12-at-11.18.03.jpeg","contentUrl":"https:\/\/colegioarquitectos.com\/noticias\/wp-content\/uploads\/2021\/03\/WhatsApp-Image-2021-03-12-at-11.18.03.jpeg","width":1280,"height":649},{"@type":"BreadcrumbList","@id":"https:\/\/colegioarquitectos.com\/noticias\/?p=26783#breadcrumb","itemListElement":[{"@type":"ListItem","position":1,"name":"Portada","item":"https:\/\/colegioarquitectos.com\/noticias"},{"@type":"ListItem","position":2,"name":"Lina Bo Bardi obtiene el Le\u00f3n de Oro a la trayectoria in memoriam en la Bienal de Venecia 2021"}]},{"@type":"WebSite","@id":"https:\/\/colegioarquitectos.com\/noticias\/#website","url":"https:\/\/colegioarquitectos.com\/noticias\/","name":"COLEGIO DE ARQUITECTOS DE CHILE","description":"","publisher":{"@id":"https:\/\/colegioarquitectos.com\/noticias\/#organization"},"potentialAction":[{"@type":"SearchAction","target":{"@type":"EntryPoint","urlTemplate":"https:\/\/colegioarquitectos.com\/noticias\/?s={search_term_string}"},"query-input":{"@type":"PropertyValueSpecification","valueRequired":true,"valueName":"search_term_string"}}],"inLanguage":"es"},{"@type":"Organization","@id":"https:\/\/colegioarquitectos.com\/noticias\/#organization","name":"COLEGIO DE ARQUITECTOS DE CHILE","url":"https:\/\/colegioarquitectos.com\/noticias\/","logo":{"@type":"ImageObject","inLanguage":"es","@id":"https:\/\/colegioarquitectos.com\/noticias\/#\/schema\/logo\/image\/","url":"https:\/\/colegioarquitectos.com\/noticias\/wp-content\/uploads\/2021\/05\/ENCABEZADO-LOGO-CA.jpg","contentUrl":"https:\/\/colegioarquitectos.com\/noticias\/wp-content\/uploads\/2021\/05\/ENCABEZADO-LOGO-CA.jpg","width":690,"height":350,"caption":"COLEGIO DE ARQUITECTOS DE CHILE"},"image":{"@id":"https:\/\/colegioarquitectos.com\/noticias\/#\/schema\/logo\/image\/"},"sameAs":["https:\/\/facebook.com\/Colegioarq\/","https:\/\/x.com\/colegioarq","https:\/\/instagram.com\/colegioarq","https:\/\/youtube.com\/@ColegiodeArquitectosdeChile"]},{"@type":"Person","@id":"https:\/\/colegioarquitectos.com\/noticias\/#\/schema\/person\/685cc0aad148303c5608f049af8285ad","name":"Colegio de Arquitectos de Chile","url":"https:\/\/colegioarquitectos.com\/noticias\/?author=4"}]}},"_links":{"self":[{"href":"https:\/\/colegioarquitectos.com\/noticias\/index.php?rest_route=\/wp\/v2\/posts\/26783","targetHints":{"allow":["GET"]}}],"collection":[{"href":"https:\/\/colegioarquitectos.com\/noticias\/index.php?rest_route=\/wp\/v2\/posts"}],"about":[{"href":"https:\/\/colegioarquitectos.com\/noticias\/index.php?rest_route=\/wp\/v2\/types\/post"}],"author":[{"embeddable":true,"href":"https:\/\/colegioarquitectos.com\/noticias\/index.php?rest_route=\/wp\/v2\/users\/4"}],"replies":[{"embeddable":true,"href":"https:\/\/colegioarquitectos.com\/noticias\/index.php?rest_route=%2Fwp%2Fv2%2Fcomments&post=26783"}],"version-history":[{"count":0,"href":"https:\/\/colegioarquitectos.com\/noticias\/index.php?rest_route=\/wp\/v2\/posts\/26783\/revisions"}],"wp:featuredmedia":[{"embeddable":true,"href":"https:\/\/colegioarquitectos.com\/noticias\/index.php?rest_route=\/wp\/v2\/media\/26784"}],"wp:attachment":[{"href":"https:\/\/colegioarquitectos.com\/noticias\/index.php?rest_route=%2Fwp%2Fv2%2Fmedia&parent=26783"}],"wp:term":[{"taxonomy":"category","embeddable":true,"href":"https:\/\/colegioarquitectos.com\/noticias\/index.php?rest_route=%2Fwp%2Fv2%2Fcategories&post=26783"},{"taxonomy":"post_tag","embeddable":true,"href":"https:\/\/colegioarquitectos.com\/noticias\/index.php?rest_route=%2Fwp%2Fv2%2Ftags&post=26783"}],"curies":[{"name":"wp","href":"https:\/\/api.w.org\/{rel}","templated":true}]}}