
{"id":2684,"date":"2012-09-03T11:18:22","date_gmt":"2012-09-03T11:18:22","guid":{"rendered":"http:\/\/colegioarquitectos.com\/noticias\/?p=2684"},"modified":"2012-09-28T19:40:05","modified_gmt":"2012-09-28T19:40:05","slug":"congreso-de-habitat-popular-e-inclusion-social-ciudades-de-la-gente-del-15-al-17-de-octubre-rio-de-janeiro-brasil","status":"publish","type":"post","link":"https:\/\/colegioarquitectos.com\/noticias\/?p=2684","title":{"rendered":"Congreso de H\u00e1bitat Popular e Inclusi\u00f3n Social Ciudades de la Gente, del 15 al 17 de octubre \/ R\u00edo de Janeiro, Brasil"},"content":{"rendered":"<p>&nbsp;<\/p>\n<p style=\"text-align: justify;\">El Grupo de Trabajo H\u00e1bitat Popular e Inclusi\u00f3n Social de Clacso llevar\u00e1 a cabo el\u00a0Congreso de H\u00e1bitat Popular e Inclusi\u00f3n Social \u00abCiudades de la Gente\u00bb. Este encuentro\u00a0tiene por objetivo proporcionar una plataforma de encuentro y debate sobre los desaf\u00edos para la integraci\u00f3n y concertaci\u00f3n latinoamericana a partir de:<\/p>\n<p style=\"text-align: justify;\">\u2022\u00a0Los impactos de las grandes intervenciones urbanas en las ciudades latinoamericanas.<\/p>\n<p style=\"text-align: justify;\">\u2022\u00a0La producci\u00f3n masiva de vivienda popular en Am\u00e9rica Latina.<\/p>\n<p style=\"text-align: justify;\">\u2022\u00a0Las dimensiones de la (re)producci\u00f3n (y destrucci\u00f3n) del h\u00e1bitat popular latinoamericano.<\/p>\n<p style=\"text-align: justify;\">\u2022\u00a0La urbanizaci\u00f3n popular de Am\u00e9rica Latina: infraestructura, servicios y sostenibilidad.<\/p>\n<p style=\"text-align: justify;\">Se han organizado 24 sesiones tem\u00e1ticas, dos conferencias y tres mesas magistrales sobre los ejes tem\u00e1ticos que nos convocar\u00e1n; todos estos eventos se desarrollar\u00e1n de 09h00 a 19h00 horas. Participar\u00e1n profesores y profesoras, profesionales, investigadoras\/es y estudiantes de post-grado de los estudios de las ciudades y disciplinas afines que est\u00e9n trabajando en temas sobre Am\u00e9rica Latina, que residen en la regi\u00f3n o fuera de ella.<\/p>\n<p style=\"text-align: justify;\"><strong><br \/>\nPatrocinan:\u00a0<\/strong>Caixa Econ\u00f4mica Federal (Caixa), Minist\u00e9rio das Cidades, del Governo Federal do Brasil, Secretaria Municipal de Habita\u00e7\u00e3o Prefeitura do Rio (SMH), Instituto de Arquitetos do Rio de Janeiro (IAB-RJ), Programa de Pol\u00edtica Urbana del Instituto de Altos Estudios Nacionales de Ecuador (Pro.Polis-IAEN), Instituto de Pesquisa e Planejamiento Urbano e Regional de la Universidades Federal do Rio de Janeiro (Ippur-UFRJ), Funda\u00e7\u00e3o de Amparo \u00e0 Pesquisa do Estado do Rio de Janeiro (Faperj) y el Consejo Latinoamericano de Ciencias Sociales (Clacso).<\/p>\n<p style=\"text-align: justify;\"><strong>Apoyan: <\/strong>Universidad Central de Venezuela (UCV), Flacso sede Ecuador y la Berkeley University of California.<\/p>\n<p style=\"text-align: justify;\"><strong>Fecha y lugar:<\/strong> del 15 al 17 de octubre, en la sede del Instituto de Arquitectos de Brasil (IAB), en la ciudad de R\u00edo de Janeiro, Brasil.<\/p>\n<p style=\"text-align: justify;\"><strong>Contacto:\u00a0<span style=\"color: #0000ff;\"><a title=\"mailto:j.erazoespinosa@gmail.com\" href=\"mailto:j.erazoespinosa@gmail.com\"><span style=\"color: #0000ff;\">j.erazoespinosa@gmail.com<\/span><\/a><\/span><\/strong><\/p>\n<p><strong>Ver Programa Congreso en:<\/strong><\/p>\n<p><span style=\"color: #0000ff;\"><strong><a href=\"http:\/\/www.cebem.org\/cmsfiles\/articulos\/Programa_Congreso_Ciudades_de_la_Gente_Rio_2012_-para_difusion-.pdf\"><span style=\"color: #0000ff;\">http:\/\/www.cebem.org\/cmsfiles\/articulos\/Programa_Congreso_Ciudades_de_la_Gente_Rio_2012_-para_difusion-.pdf<\/span><\/a><\/strong><\/span><\/p>\n<p>&nbsp;<\/p>\n<p><a href=\"http:\/\/colegioarquitectos.com\/noticias\/wp-content\/uploads\/2012\/09\/Afiche.jpg\"><img loading=\"lazy\" decoding=\"async\" class=\"alignnone size-full wp-image-2686\" title=\"Afiche\" src=\"http:\/\/colegioarquitectos.com\/noticias\/wp-content\/uploads\/2012\/09\/Afiche.jpg\" alt=\"\" width=\"550\" height=\"367\" srcset=\"https:\/\/colegioarquitectos.com\/noticias\/wp-content\/uploads\/2012\/09\/Afiche.jpg 550w, https:\/\/colegioarquitectos.com\/noticias\/wp-content\/uploads\/2012\/09\/Afiche-300x200.jpg 300w\" sizes=\"auto, (max-width: 550px) 100vw, 550px\" \/><\/a><\/p>\n<p><\/p>","protected":false},"excerpt":{"rendered":"<p>&nbsp; El Grupo de Trabajo H\u00e1bitat Popular e Inclusi\u00f3n Social de Clacso llevar\u00e1 a cabo el\u00a0Congreso de H\u00e1bitat Popular e Inclusi\u00f3n Social \u00abCiudades de la Gente\u00bb. Este encuentro\u00a0tiene por objetivo proporcionar una plataforma de encuentro y debate sobre los desaf\u00edos &hellip; <a class=\"more-link\" href=\"https:\/\/colegioarquitectos.com\/noticias\/?p=2684\">ver m\u00e1s<\/a><\/p>","protected":false},"author":1,"featured_media":0,"comment_status":"open","ping_status":"open","sticky":false,"template":"","format":"standard","meta":{"footnotes":""},"categories":[19,21],"tags":[],"class_list":["post-2684","post","type-post","status-publish","format-standard","hentry","category-actividades","category-ferias-congresos"],"yoast_head":"<!-- This site is optimized with the Yoast SEO plugin v24.2 - https:\/\/yoast.com\/wordpress\/plugins\/seo\/ -->\n<title>Congreso de H\u00e1bitat Popular e Inclusi\u00f3n Social Ciudades de la Gente, del 15 al 17 de octubre \/ R\u00edo de Janeiro, Brasil - COLEGIO DE ARQUITECTOS DE CHILE<\/title>\n<meta name=\"robots\" content=\"index, follow, max-snippet:-1, max-image-preview:large, max-video-preview:-1\" \/>\n<link rel=\"canonical\" href=\"https:\/\/colegioarquitectos.com\/noticias\/?p=2684\" \/>\n<meta property=\"og:locale\" content=\"es_ES\" \/>\n<meta property=\"og:type\" content=\"article\" \/>\n<meta property=\"og:title\" content=\"Congreso de H\u00e1bitat Popular e Inclusi\u00f3n Social Ciudades de la Gente, del 15 al 17 de octubre \/ R\u00edo de Janeiro, Brasil - COLEGIO DE ARQUITECTOS DE CHILE\" \/>\n<meta property=\"og:description\" content=\"&nbsp; El Grupo de Trabajo H\u00e1bitat Popular e Inclusi\u00f3n Social de Clacso llevar\u00e1 a cabo el\u00a0Congreso de H\u00e1bitat Popular e Inclusi\u00f3n Social \u00abCiudades de la Gente\u00bb. Este encuentro\u00a0tiene por objetivo proporcionar una plataforma de encuentro y debate sobre los desaf\u00edos &hellip; ver m\u00e1s\" \/>\n<meta property=\"og:url\" content=\"https:\/\/colegioarquitectos.com\/noticias\/?p=2684\" \/>\n<meta property=\"og:site_name\" content=\"COLEGIO DE ARQUITECTOS DE CHILE\" \/>\n<meta property=\"article:publisher\" content=\"https:\/\/facebook.com\/Colegioarq\/\" \/>\n<meta property=\"article:published_time\" content=\"2012-09-03T11:18:22+00:00\" \/>\n<meta property=\"article:modified_time\" content=\"2012-09-28T19:40:05+00:00\" \/>\n<meta property=\"og:image\" content=\"https:\/\/colegioarquitectos.com\/noticias\/wp-content\/uploads\/2012\/09\/Afiche.jpg\" \/>\n\t<meta property=\"og:image:width\" content=\"550\" \/>\n\t<meta property=\"og:image:height\" content=\"367\" \/>\n\t<meta property=\"og:image:type\" content=\"image\/jpeg\" \/>\n<meta name=\"author\" content=\"Gabriel Salgado S.\" \/>\n<meta name=\"twitter:card\" content=\"summary_large_image\" \/>\n<meta name=\"twitter:creator\" content=\"@colegioarq\" \/>\n<meta name=\"twitter:site\" content=\"@colegioarq\" \/>\n<meta name=\"twitter:label1\" content=\"Escrito por\" \/>\n\t<meta name=\"twitter:data1\" content=\"Gabriel Salgado S.\" \/>\n\t<meta name=\"twitter:label2\" content=\"Tiempo de lectura\" \/>\n\t<meta name=\"twitter:data2\" content=\"2 minutos\" \/>\n<script type=\"application\/ld+json\" class=\"yoast-schema-graph\">{\"@context\":\"https:\/\/schema.org\",\"@graph\":[{\"@type\":\"Article\",\"@id\":\"https:\/\/colegioarquitectos.com\/noticias\/?p=2684#article\",\"isPartOf\":{\"@id\":\"https:\/\/colegioarquitectos.com\/noticias\/?p=2684\"},\"author\":{\"name\":\"Gabriel Salgado S.\",\"@id\":\"https:\/\/colegioarquitectos.com\/noticias\/#\/schema\/person\/b6c7e912cd1283c089114093ed09741f\"},\"headline\":\"Congreso de H\u00e1bitat Popular e Inclusi\u00f3n Social Ciudades de la Gente, del 15 al 17 de octubre \/ R\u00edo de Janeiro, Brasil\",\"datePublished\":\"2012-09-03T11:18:22+00:00\",\"dateModified\":\"2012-09-28T19:40:05+00:00\",\"mainEntityOfPage\":{\"@id\":\"https:\/\/colegioarquitectos.com\/noticias\/?p=2684\"},\"wordCount\":353,\"commentCount\":0,\"publisher\":{\"@id\":\"https:\/\/colegioarquitectos.com\/noticias\/#organization\"},\"image\":{\"@id\":\"https:\/\/colegioarquitectos.com\/noticias\/?p=2684#primaryimage\"},\"thumbnailUrl\":\"http:\/\/colegioarquitectos.com\/noticias\/wp-content\/uploads\/2012\/09\/Afiche.jpg\",\"articleSection\":[\"Actividades\",\"Ferias \/ Congresos\"],\"inLanguage\":\"es\",\"potentialAction\":[{\"@type\":\"CommentAction\",\"name\":\"Comment\",\"target\":[\"https:\/\/colegioarquitectos.com\/noticias\/?p=2684#respond\"]}]},{\"@type\":\"WebPage\",\"@id\":\"https:\/\/colegioarquitectos.com\/noticias\/?p=2684\",\"url\":\"https:\/\/colegioarquitectos.com\/noticias\/?p=2684\",\"name\":\"Congreso de H\u00e1bitat Popular e Inclusi\u00f3n Social Ciudades de la Gente, del 15 al 17 de octubre \/ R\u00edo de Janeiro, Brasil - COLEGIO DE ARQUITECTOS DE CHILE\",\"isPartOf\":{\"@id\":\"https:\/\/colegioarquitectos.com\/noticias\/#website\"},\"primaryImageOfPage\":{\"@id\":\"https:\/\/colegioarquitectos.com\/noticias\/?p=2684#primaryimage\"},\"image\":{\"@id\":\"https:\/\/colegioarquitectos.com\/noticias\/?p=2684#primaryimage\"},\"thumbnailUrl\":\"http:\/\/colegioarquitectos.com\/noticias\/wp-content\/uploads\/2012\/09\/Afiche.jpg\",\"datePublished\":\"2012-09-03T11:18:22+00:00\",\"dateModified\":\"2012-09-28T19:40:05+00:00\",\"breadcrumb\":{\"@id\":\"https:\/\/colegioarquitectos.com\/noticias\/?p=2684#breadcrumb\"},\"inLanguage\":\"es\",\"potentialAction\":[{\"@type\":\"ReadAction\",\"target\":[\"https:\/\/colegioarquitectos.com\/noticias\/?p=2684\"]}]},{\"@type\":\"ImageObject\",\"inLanguage\":\"es\",\"@id\":\"https:\/\/colegioarquitectos.com\/noticias\/?p=2684#primaryimage\",\"url\":\"http:\/\/colegioarquitectos.com\/noticias\/wp-content\/uploads\/2012\/09\/Afiche.jpg\",\"contentUrl\":\"http:\/\/colegioarquitectos.com\/noticias\/wp-content\/uploads\/2012\/09\/Afiche.jpg\"},{\"@type\":\"BreadcrumbList\",\"@id\":\"https:\/\/colegioarquitectos.com\/noticias\/?p=2684#breadcrumb\",\"itemListElement\":[{\"@type\":\"ListItem\",\"position\":1,\"name\":\"Portada\",\"item\":\"https:\/\/colegioarquitectos.com\/noticias\"},{\"@type\":\"ListItem\",\"position\":2,\"name\":\"Congreso de H\u00e1bitat Popular e Inclusi\u00f3n Social Ciudades de la Gente, del 15 al 17 de octubre \/ R\u00edo de Janeiro, Brasil\"}]},{\"@type\":\"WebSite\",\"@id\":\"https:\/\/colegioarquitectos.com\/noticias\/#website\",\"url\":\"https:\/\/colegioarquitectos.com\/noticias\/\",\"name\":\"COLEGIO DE ARQUITECTOS DE CHILE\",\"description\":\"\",\"publisher\":{\"@id\":\"https:\/\/colegioarquitectos.com\/noticias\/#organization\"},\"potentialAction\":[{\"@type\":\"SearchAction\",\"target\":{\"@type\":\"EntryPoint\",\"urlTemplate\":\"https:\/\/colegioarquitectos.com\/noticias\/?s={search_term_string}\"},\"query-input\":{\"@type\":\"PropertyValueSpecification\",\"valueRequired\":true,\"valueName\":\"search_term_string\"}}],\"inLanguage\":\"es\"},{\"@type\":\"Organization\",\"@id\":\"https:\/\/colegioarquitectos.com\/noticias\/#organization\",\"name\":\"COLEGIO DE ARQUITECTOS DE CHILE\",\"url\":\"https:\/\/colegioarquitectos.com\/noticias\/\",\"logo\":{\"@type\":\"ImageObject\",\"inLanguage\":\"es\",\"@id\":\"https:\/\/colegioarquitectos.com\/noticias\/#\/schema\/logo\/image\/\",\"url\":\"https:\/\/colegioarquitectos.com\/noticias\/wp-content\/uploads\/2021\/05\/ENCABEZADO-LOGO-CA.jpg\",\"contentUrl\":\"https:\/\/colegioarquitectos.com\/noticias\/wp-content\/uploads\/2021\/05\/ENCABEZADO-LOGO-CA.jpg\",\"width\":690,\"height\":350,\"caption\":\"COLEGIO DE ARQUITECTOS DE CHILE\"},\"image\":{\"@id\":\"https:\/\/colegioarquitectos.com\/noticias\/#\/schema\/logo\/image\/\"},\"sameAs\":[\"https:\/\/facebook.com\/Colegioarq\/\",\"https:\/\/x.com\/colegioarq\",\"https:\/\/instagram.com\/colegioarq\",\"https:\/\/youtube.com\/@ColegiodeArquitectosdeChile\"]},{\"@type\":\"Person\",\"@id\":\"https:\/\/colegioarquitectos.com\/noticias\/#\/schema\/person\/b6c7e912cd1283c089114093ed09741f\",\"name\":\"Gabriel Salgado S.\",\"url\":\"https:\/\/colegioarquitectos.com\/noticias\/?author=1\"}]}<\/script>\n<!-- \/ Yoast SEO plugin. -->","yoast_head_json":{"title":"Congreso de H\u00e1bitat Popular e Inclusi\u00f3n Social Ciudades de la Gente, del 15 al 17 de octubre \/ R\u00edo de Janeiro, Brasil - COLEGIO DE ARQUITECTOS DE CHILE","robots":{"index":"index","follow":"follow","max-snippet":"max-snippet:-1","max-image-preview":"max-image-preview:large","max-video-preview":"max-video-preview:-1"},"canonical":"https:\/\/colegioarquitectos.com\/noticias\/?p=2684","og_locale":"es_ES","og_type":"article","og_title":"Congreso de H\u00e1bitat Popular e Inclusi\u00f3n Social Ciudades de la Gente, del 15 al 17 de octubre \/ R\u00edo de Janeiro, Brasil - COLEGIO DE ARQUITECTOS DE CHILE","og_description":"&nbsp; El Grupo de Trabajo H\u00e1bitat Popular e Inclusi\u00f3n Social de Clacso llevar\u00e1 a cabo el\u00a0Congreso de H\u00e1bitat Popular e Inclusi\u00f3n Social \u00abCiudades de la Gente\u00bb. Este encuentro\u00a0tiene por objetivo proporcionar una plataforma de encuentro y debate sobre los desaf\u00edos &hellip; ver m\u00e1s","og_url":"https:\/\/colegioarquitectos.com\/noticias\/?p=2684","og_site_name":"COLEGIO DE ARQUITECTOS DE CHILE","article_publisher":"https:\/\/facebook.com\/Colegioarq\/","article_published_time":"2012-09-03T11:18:22+00:00","article_modified_time":"2012-09-28T19:40:05+00:00","og_image":[{"width":550,"height":367,"url":"https:\/\/colegioarquitectos.com\/noticias\/wp-content\/uploads\/2012\/09\/Afiche.jpg","type":"image\/jpeg"}],"author":"Gabriel Salgado S.","twitter_card":"summary_large_image","twitter_creator":"@colegioarq","twitter_site":"@colegioarq","twitter_misc":{"Escrito por":"Gabriel Salgado S.","Tiempo de lectura":"2 minutos"},"schema":{"@context":"https:\/\/schema.org","@graph":[{"@type":"Article","@id":"https:\/\/colegioarquitectos.com\/noticias\/?p=2684#article","isPartOf":{"@id":"https:\/\/colegioarquitectos.com\/noticias\/?p=2684"},"author":{"name":"Gabriel Salgado S.","@id":"https:\/\/colegioarquitectos.com\/noticias\/#\/schema\/person\/b6c7e912cd1283c089114093ed09741f"},"headline":"Congreso de H\u00e1bitat Popular e Inclusi\u00f3n Social Ciudades de la Gente, del 15 al 17 de octubre \/ R\u00edo de Janeiro, Brasil","datePublished":"2012-09-03T11:18:22+00:00","dateModified":"2012-09-28T19:40:05+00:00","mainEntityOfPage":{"@id":"https:\/\/colegioarquitectos.com\/noticias\/?p=2684"},"wordCount":353,"commentCount":0,"publisher":{"@id":"https:\/\/colegioarquitectos.com\/noticias\/#organization"},"image":{"@id":"https:\/\/colegioarquitectos.com\/noticias\/?p=2684#primaryimage"},"thumbnailUrl":"http:\/\/colegioarquitectos.com\/noticias\/wp-content\/uploads\/2012\/09\/Afiche.jpg","articleSection":["Actividades","Ferias \/ Congresos"],"inLanguage":"es","potentialAction":[{"@type":"CommentAction","name":"Comment","target":["https:\/\/colegioarquitectos.com\/noticias\/?p=2684#respond"]}]},{"@type":"WebPage","@id":"https:\/\/colegioarquitectos.com\/noticias\/?p=2684","url":"https:\/\/colegioarquitectos.com\/noticias\/?p=2684","name":"Congreso de H\u00e1bitat Popular e Inclusi\u00f3n Social Ciudades de la Gente, del 15 al 17 de octubre \/ R\u00edo de Janeiro, Brasil - COLEGIO DE ARQUITECTOS DE CHILE","isPartOf":{"@id":"https:\/\/colegioarquitectos.com\/noticias\/#website"},"primaryImageOfPage":{"@id":"https:\/\/colegioarquitectos.com\/noticias\/?p=2684#primaryimage"},"image":{"@id":"https:\/\/colegioarquitectos.com\/noticias\/?p=2684#primaryimage"},"thumbnailUrl":"http:\/\/colegioarquitectos.com\/noticias\/wp-content\/uploads\/2012\/09\/Afiche.jpg","datePublished":"2012-09-03T11:18:22+00:00","dateModified":"2012-09-28T19:40:05+00:00","breadcrumb":{"@id":"https:\/\/colegioarquitectos.com\/noticias\/?p=2684#breadcrumb"},"inLanguage":"es","potentialAction":[{"@type":"ReadAction","target":["https:\/\/colegioarquitectos.com\/noticias\/?p=2684"]}]},{"@type":"ImageObject","inLanguage":"es","@id":"https:\/\/colegioarquitectos.com\/noticias\/?p=2684#primaryimage","url":"http:\/\/colegioarquitectos.com\/noticias\/wp-content\/uploads\/2012\/09\/Afiche.jpg","contentUrl":"http:\/\/colegioarquitectos.com\/noticias\/wp-content\/uploads\/2012\/09\/Afiche.jpg"},{"@type":"BreadcrumbList","@id":"https:\/\/colegioarquitectos.com\/noticias\/?p=2684#breadcrumb","itemListElement":[{"@type":"ListItem","position":1,"name":"Portada","item":"https:\/\/colegioarquitectos.com\/noticias"},{"@type":"ListItem","position":2,"name":"Congreso de H\u00e1bitat Popular e Inclusi\u00f3n Social Ciudades de la Gente, del 15 al 17 de octubre \/ R\u00edo de Janeiro, Brasil"}]},{"@type":"WebSite","@id":"https:\/\/colegioarquitectos.com\/noticias\/#website","url":"https:\/\/colegioarquitectos.com\/noticias\/","name":"COLEGIO DE ARQUITECTOS DE CHILE","description":"","publisher":{"@id":"https:\/\/colegioarquitectos.com\/noticias\/#organization"},"potentialAction":[{"@type":"SearchAction","target":{"@type":"EntryPoint","urlTemplate":"https:\/\/colegioarquitectos.com\/noticias\/?s={search_term_string}"},"query-input":{"@type":"PropertyValueSpecification","valueRequired":true,"valueName":"search_term_string"}}],"inLanguage":"es"},{"@type":"Organization","@id":"https:\/\/colegioarquitectos.com\/noticias\/#organization","name":"COLEGIO DE ARQUITECTOS DE CHILE","url":"https:\/\/colegioarquitectos.com\/noticias\/","logo":{"@type":"ImageObject","inLanguage":"es","@id":"https:\/\/colegioarquitectos.com\/noticias\/#\/schema\/logo\/image\/","url":"https:\/\/colegioarquitectos.com\/noticias\/wp-content\/uploads\/2021\/05\/ENCABEZADO-LOGO-CA.jpg","contentUrl":"https:\/\/colegioarquitectos.com\/noticias\/wp-content\/uploads\/2021\/05\/ENCABEZADO-LOGO-CA.jpg","width":690,"height":350,"caption":"COLEGIO DE ARQUITECTOS DE CHILE"},"image":{"@id":"https:\/\/colegioarquitectos.com\/noticias\/#\/schema\/logo\/image\/"},"sameAs":["https:\/\/facebook.com\/Colegioarq\/","https:\/\/x.com\/colegioarq","https:\/\/instagram.com\/colegioarq","https:\/\/youtube.com\/@ColegiodeArquitectosdeChile"]},{"@type":"Person","@id":"https:\/\/colegioarquitectos.com\/noticias\/#\/schema\/person\/b6c7e912cd1283c089114093ed09741f","name":"Gabriel Salgado S.","url":"https:\/\/colegioarquitectos.com\/noticias\/?author=1"}]}},"_links":{"self":[{"href":"https:\/\/colegioarquitectos.com\/noticias\/index.php?rest_route=\/wp\/v2\/posts\/2684","targetHints":{"allow":["GET"]}}],"collection":[{"href":"https:\/\/colegioarquitectos.com\/noticias\/index.php?rest_route=\/wp\/v2\/posts"}],"about":[{"href":"https:\/\/colegioarquitectos.com\/noticias\/index.php?rest_route=\/wp\/v2\/types\/post"}],"author":[{"embeddable":true,"href":"https:\/\/colegioarquitectos.com\/noticias\/index.php?rest_route=\/wp\/v2\/users\/1"}],"replies":[{"embeddable":true,"href":"https:\/\/colegioarquitectos.com\/noticias\/index.php?rest_route=%2Fwp%2Fv2%2Fcomments&post=2684"}],"version-history":[{"count":0,"href":"https:\/\/colegioarquitectos.com\/noticias\/index.php?rest_route=\/wp\/v2\/posts\/2684\/revisions"}],"wp:attachment":[{"href":"https:\/\/colegioarquitectos.com\/noticias\/index.php?rest_route=%2Fwp%2Fv2%2Fmedia&parent=2684"}],"wp:term":[{"taxonomy":"category","embeddable":true,"href":"https:\/\/colegioarquitectos.com\/noticias\/index.php?rest_route=%2Fwp%2Fv2%2Fcategories&post=2684"},{"taxonomy":"post_tag","embeddable":true,"href":"https:\/\/colegioarquitectos.com\/noticias\/index.php?rest_route=%2Fwp%2Fv2%2Ftags&post=2684"}],"curies":[{"name":"wp","href":"https:\/\/api.w.org\/{rel}","templated":true}]}}