
{"id":27220,"date":"2021-05-27T13:15:57","date_gmt":"2021-05-27T13:15:57","guid":{"rendered":"https:\/\/colegioarquitectos.com\/?p=27220"},"modified":"2021-05-31T13:56:50","modified_gmt":"2021-05-31T13:56:50","slug":"exposicion-de-proyecto-de-titulo-regeneracion-y-densificacion-poblacion-lo-valledor-norte","status":"publish","type":"post","link":"https:\/\/colegioarquitectos.com\/noticias\/?p=27220","title":{"rendered":"Exposici\u00f3n de proyecto de t\u00edtulo \u2014 Regeneraci\u00f3n y densificaci\u00f3n. Poblaci\u00f3n Lo Valledor Norte"},"content":{"rendered":"<p>Este <strong>lunes 31 de mayo<\/strong> desde las <strong>12.00 horas<\/strong> a trav\u00e9s de <strong>FB Live<\/strong> se realizar\u00e1 la exposici\u00f3n del proyecto de t\u00edtulo <strong>\u00abRegeneraci\u00f3n y densificaci\u00f3n. Poblaci\u00f3n Lo Valledor Norte. Propuestas habitacionales de micro-radicaci\u00f3n en el pericentro de Santiago\u00bb<\/strong>.<\/p>\n<p>En el marco de la exposici\u00f3n, de autor\u00eda de la arquitecta <strong>Daniela Caniu\u00f1ir Sanhueza<\/strong>, participar\u00e1n como invitados <strong>Marco Jorquera<\/strong>, vecino de la Poblaci\u00f3n San Gregorio; la arquitecta <strong>Marisa Carmona<\/strong>; la arquitecta <strong>Ana Sugranyes<\/strong>; el arquitecto <strong>Francisco Molina<\/strong>; y el tambi\u00e9n arquitecto <strong>Sebasti\u00e1n Gray<\/strong>.<\/p>\n<p>La exposici\u00f3n del proyecto de t\u00edtulo \u00abRegeneraci\u00f3n y densificaci\u00f3n. Poblaci\u00f3n Lo Valledor Norte. Propuestas habitacionales de micro-radicaci\u00f3n en el pericentro de Santiago\u00bb es organizada por el <strong>Comit\u00e9 de H\u00e1bitat y Vivienda<\/strong>, el <strong>Comit\u00e9 de Desarrollo Urbano<\/strong>, el <strong>movimiento Arquitectas y arquitectos por un Chile digno<\/strong> y el <strong>Taller de Vivienda P\u00fablica FAU<\/strong>.<\/p>\n<p>La instancia ser\u00e1 moderada por<strong> M\u00f3nica Bustos<\/strong>, arquitecta y acad\u00e9mica del Instituto de Vivienda de la Universidad de Chile (INVI).<\/p>\n<p>Podr\u00e1s ver en vivo la exposici\u00f3n del proyecto de t\u00edtulo <strong>\u00abRegeneraci\u00f3n y densificaci\u00f3n. Poblaci\u00f3n Lo Valledor Norte. Propuestas habitacionales de micro-radicaci\u00f3n en el pericentro de Santiago\u00bb<\/strong> este <strong>lunes 31 de mayo<\/strong> desde las <strong>12.00 horas<\/strong> a trav\u00e9s de <strong>FB Live<\/strong> en <strong><a href=\"http:\/\/www.facebook.com\/colegioarq\">www.facebook.com\/colegioarq<\/a><\/strong>.<\/p>\n<p><\/p>","protected":false},"excerpt":{"rendered":"<p>Este lunes 31 de mayo desde las 12.00 horas a trav\u00e9s de FB Live se realizar\u00e1 la exposici\u00f3n del proyecto de t\u00edtulo \u00abRegeneraci\u00f3n y densificaci\u00f3n. Poblaci\u00f3n Lo Valledor Norte. Propuestas habitacionales de micro-radicaci\u00f3n en el pericentro de Santiago\u00bb. En el &hellip; <a class=\"more-link\" href=\"https:\/\/colegioarquitectos.com\/noticias\/?p=27220\">ver m\u00e1s<\/a><\/p>","protected":false},"author":4,"featured_media":27221,"comment_status":"closed","ping_status":"closed","sticky":false,"template":"","format":"standard","meta":{"footnotes":""},"categories":[9],"tags":[],"class_list":["post-27220","post","type-post","status-publish","format-standard","has-post-thumbnail","hentry","category-comites"],"yoast_head":"<!-- This site is optimized with the Yoast SEO plugin v24.2 - https:\/\/yoast.com\/wordpress\/plugins\/seo\/ -->\n<title>Exposici\u00f3n de proyecto de t\u00edtulo \u2014 Regeneraci\u00f3n y densificaci\u00f3n. Poblaci\u00f3n Lo Valledor Norte - COLEGIO DE ARQUITECTOS DE CHILE<\/title>\n<meta name=\"robots\" content=\"index, follow, max-snippet:-1, max-image-preview:large, max-video-preview:-1\" \/>\n<link rel=\"canonical\" href=\"https:\/\/colegioarquitectos.com\/noticias\/?p=27220\" \/>\n<meta property=\"og:locale\" content=\"es_ES\" \/>\n<meta property=\"og:type\" content=\"article\" \/>\n<meta property=\"og:title\" content=\"Exposici\u00f3n de proyecto de t\u00edtulo \u2014 Regeneraci\u00f3n y densificaci\u00f3n. Poblaci\u00f3n Lo Valledor Norte - COLEGIO DE ARQUITECTOS DE CHILE\" \/>\n<meta property=\"og:description\" content=\"Este lunes 31 de mayo desde las 12.00 horas a trav\u00e9s de FB Live se realizar\u00e1 la exposici\u00f3n del proyecto de t\u00edtulo \u00abRegeneraci\u00f3n y densificaci\u00f3n. Poblaci\u00f3n Lo Valledor Norte. Propuestas habitacionales de micro-radicaci\u00f3n en el pericentro de Santiago\u00bb. En el &hellip; ver m\u00e1s\" \/>\n<meta property=\"og:url\" content=\"https:\/\/colegioarquitectos.com\/noticias\/?p=27220\" \/>\n<meta property=\"og:site_name\" content=\"COLEGIO DE ARQUITECTOS DE CHILE\" \/>\n<meta property=\"article:publisher\" content=\"https:\/\/facebook.com\/Colegioarq\/\" \/>\n<meta property=\"article:published_time\" content=\"2021-05-27T13:15:57+00:00\" \/>\n<meta property=\"article:modified_time\" content=\"2021-05-31T13:56:50+00:00\" \/>\n<meta property=\"og:image\" content=\"https:\/\/colegioarquitectos.com\/noticias\/wp-content\/uploads\/2021\/05\/WhatsApp-Image-2021-05-26-at-12.33.13.jpeg\" \/>\n\t<meta property=\"og:image:width\" content=\"1280\" \/>\n\t<meta property=\"og:image:height\" content=\"649\" \/>\n\t<meta property=\"og:image:type\" content=\"image\/jpeg\" \/>\n<meta name=\"author\" content=\"Colegio de Arquitectos de Chile\" \/>\n<meta name=\"twitter:card\" content=\"summary_large_image\" \/>\n<meta name=\"twitter:creator\" content=\"@colegioarq\" \/>\n<meta name=\"twitter:site\" content=\"@colegioarq\" \/>\n<meta name=\"twitter:label1\" content=\"Escrito por\" \/>\n\t<meta name=\"twitter:data1\" content=\"Colegio de Arquitectos de Chile\" \/>\n\t<meta name=\"twitter:label2\" content=\"Tiempo de lectura\" \/>\n\t<meta name=\"twitter:data2\" content=\"1 minuto\" \/>\n<script type=\"application\/ld+json\" class=\"yoast-schema-graph\">{\"@context\":\"https:\/\/schema.org\",\"@graph\":[{\"@type\":\"Article\",\"@id\":\"https:\/\/colegioarquitectos.com\/noticias\/?p=27220#article\",\"isPartOf\":{\"@id\":\"https:\/\/colegioarquitectos.com\/noticias\/?p=27220\"},\"author\":{\"name\":\"Colegio de Arquitectos de Chile\",\"@id\":\"https:\/\/colegioarquitectos.com\/noticias\/#\/schema\/person\/685cc0aad148303c5608f049af8285ad\"},\"headline\":\"Exposici\u00f3n de proyecto de t\u00edtulo \u2014 Regeneraci\u00f3n y densificaci\u00f3n. Poblaci\u00f3n Lo Valledor Norte\",\"datePublished\":\"2021-05-27T13:15:57+00:00\",\"dateModified\":\"2021-05-31T13:56:50+00:00\",\"mainEntityOfPage\":{\"@id\":\"https:\/\/colegioarquitectos.com\/noticias\/?p=27220\"},\"wordCount\":243,\"publisher\":{\"@id\":\"https:\/\/colegioarquitectos.com\/noticias\/#organization\"},\"image\":{\"@id\":\"https:\/\/colegioarquitectos.com\/noticias\/?p=27220#primaryimage\"},\"thumbnailUrl\":\"https:\/\/colegioarquitectos.com\/noticias\/wp-content\/uploads\/2021\/05\/WhatsApp-Image-2021-05-26-at-12.33.13.jpeg\",\"articleSection\":[\"Comit\u00e9s\"],\"inLanguage\":\"es\"},{\"@type\":\"WebPage\",\"@id\":\"https:\/\/colegioarquitectos.com\/noticias\/?p=27220\",\"url\":\"https:\/\/colegioarquitectos.com\/noticias\/?p=27220\",\"name\":\"Exposici\u00f3n de proyecto de t\u00edtulo \u2014 Regeneraci\u00f3n y densificaci\u00f3n. Poblaci\u00f3n Lo Valledor Norte - COLEGIO DE ARQUITECTOS DE CHILE\",\"isPartOf\":{\"@id\":\"https:\/\/colegioarquitectos.com\/noticias\/#website\"},\"primaryImageOfPage\":{\"@id\":\"https:\/\/colegioarquitectos.com\/noticias\/?p=27220#primaryimage\"},\"image\":{\"@id\":\"https:\/\/colegioarquitectos.com\/noticias\/?p=27220#primaryimage\"},\"thumbnailUrl\":\"https:\/\/colegioarquitectos.com\/noticias\/wp-content\/uploads\/2021\/05\/WhatsApp-Image-2021-05-26-at-12.33.13.jpeg\",\"datePublished\":\"2021-05-27T13:15:57+00:00\",\"dateModified\":\"2021-05-31T13:56:50+00:00\",\"breadcrumb\":{\"@id\":\"https:\/\/colegioarquitectos.com\/noticias\/?p=27220#breadcrumb\"},\"inLanguage\":\"es\",\"potentialAction\":[{\"@type\":\"ReadAction\",\"target\":[\"https:\/\/colegioarquitectos.com\/noticias\/?p=27220\"]}]},{\"@type\":\"ImageObject\",\"inLanguage\":\"es\",\"@id\":\"https:\/\/colegioarquitectos.com\/noticias\/?p=27220#primaryimage\",\"url\":\"https:\/\/colegioarquitectos.com\/noticias\/wp-content\/uploads\/2021\/05\/WhatsApp-Image-2021-05-26-at-12.33.13.jpeg\",\"contentUrl\":\"https:\/\/colegioarquitectos.com\/noticias\/wp-content\/uploads\/2021\/05\/WhatsApp-Image-2021-05-26-at-12.33.13.jpeg\",\"width\":1280,\"height\":649},{\"@type\":\"BreadcrumbList\",\"@id\":\"https:\/\/colegioarquitectos.com\/noticias\/?p=27220#breadcrumb\",\"itemListElement\":[{\"@type\":\"ListItem\",\"position\":1,\"name\":\"Portada\",\"item\":\"https:\/\/colegioarquitectos.com\/noticias\"},{\"@type\":\"ListItem\",\"position\":2,\"name\":\"Exposici\u00f3n de proyecto de t\u00edtulo \u2014 Regeneraci\u00f3n y densificaci\u00f3n. Poblaci\u00f3n Lo Valledor Norte\"}]},{\"@type\":\"WebSite\",\"@id\":\"https:\/\/colegioarquitectos.com\/noticias\/#website\",\"url\":\"https:\/\/colegioarquitectos.com\/noticias\/\",\"name\":\"COLEGIO DE ARQUITECTOS DE CHILE\",\"description\":\"\",\"publisher\":{\"@id\":\"https:\/\/colegioarquitectos.com\/noticias\/#organization\"},\"potentialAction\":[{\"@type\":\"SearchAction\",\"target\":{\"@type\":\"EntryPoint\",\"urlTemplate\":\"https:\/\/colegioarquitectos.com\/noticias\/?s={search_term_string}\"},\"query-input\":{\"@type\":\"PropertyValueSpecification\",\"valueRequired\":true,\"valueName\":\"search_term_string\"}}],\"inLanguage\":\"es\"},{\"@type\":\"Organization\",\"@id\":\"https:\/\/colegioarquitectos.com\/noticias\/#organization\",\"name\":\"COLEGIO DE ARQUITECTOS DE CHILE\",\"url\":\"https:\/\/colegioarquitectos.com\/noticias\/\",\"logo\":{\"@type\":\"ImageObject\",\"inLanguage\":\"es\",\"@id\":\"https:\/\/colegioarquitectos.com\/noticias\/#\/schema\/logo\/image\/\",\"url\":\"https:\/\/colegioarquitectos.com\/noticias\/wp-content\/uploads\/2021\/05\/ENCABEZADO-LOGO-CA.jpg\",\"contentUrl\":\"https:\/\/colegioarquitectos.com\/noticias\/wp-content\/uploads\/2021\/05\/ENCABEZADO-LOGO-CA.jpg\",\"width\":690,\"height\":350,\"caption\":\"COLEGIO DE ARQUITECTOS DE CHILE\"},\"image\":{\"@id\":\"https:\/\/colegioarquitectos.com\/noticias\/#\/schema\/logo\/image\/\"},\"sameAs\":[\"https:\/\/facebook.com\/Colegioarq\/\",\"https:\/\/x.com\/colegioarq\",\"https:\/\/instagram.com\/colegioarq\",\"https:\/\/youtube.com\/@ColegiodeArquitectosdeChile\"]},{\"@type\":\"Person\",\"@id\":\"https:\/\/colegioarquitectos.com\/noticias\/#\/schema\/person\/685cc0aad148303c5608f049af8285ad\",\"name\":\"Colegio de Arquitectos de Chile\",\"url\":\"https:\/\/colegioarquitectos.com\/noticias\/?author=4\"}]}<\/script>\n<!-- \/ Yoast SEO plugin. -->","yoast_head_json":{"title":"Exposici\u00f3n de proyecto de t\u00edtulo \u2014 Regeneraci\u00f3n y densificaci\u00f3n. Poblaci\u00f3n Lo Valledor Norte - COLEGIO DE ARQUITECTOS DE CHILE","robots":{"index":"index","follow":"follow","max-snippet":"max-snippet:-1","max-image-preview":"max-image-preview:large","max-video-preview":"max-video-preview:-1"},"canonical":"https:\/\/colegioarquitectos.com\/noticias\/?p=27220","og_locale":"es_ES","og_type":"article","og_title":"Exposici\u00f3n de proyecto de t\u00edtulo \u2014 Regeneraci\u00f3n y densificaci\u00f3n. Poblaci\u00f3n Lo Valledor Norte - COLEGIO DE ARQUITECTOS DE CHILE","og_description":"Este lunes 31 de mayo desde las 12.00 horas a trav\u00e9s de FB Live se realizar\u00e1 la exposici\u00f3n del proyecto de t\u00edtulo \u00abRegeneraci\u00f3n y densificaci\u00f3n. Poblaci\u00f3n Lo Valledor Norte. Propuestas habitacionales de micro-radicaci\u00f3n en el pericentro de Santiago\u00bb. En el &hellip; ver m\u00e1s","og_url":"https:\/\/colegioarquitectos.com\/noticias\/?p=27220","og_site_name":"COLEGIO DE ARQUITECTOS DE CHILE","article_publisher":"https:\/\/facebook.com\/Colegioarq\/","article_published_time":"2021-05-27T13:15:57+00:00","article_modified_time":"2021-05-31T13:56:50+00:00","og_image":[{"width":1280,"height":649,"url":"https:\/\/colegioarquitectos.com\/noticias\/wp-content\/uploads\/2021\/05\/WhatsApp-Image-2021-05-26-at-12.33.13.jpeg","type":"image\/jpeg"}],"author":"Colegio de Arquitectos de Chile","twitter_card":"summary_large_image","twitter_creator":"@colegioarq","twitter_site":"@colegioarq","twitter_misc":{"Escrito por":"Colegio de Arquitectos de Chile","Tiempo de lectura":"1 minuto"},"schema":{"@context":"https:\/\/schema.org","@graph":[{"@type":"Article","@id":"https:\/\/colegioarquitectos.com\/noticias\/?p=27220#article","isPartOf":{"@id":"https:\/\/colegioarquitectos.com\/noticias\/?p=27220"},"author":{"name":"Colegio de Arquitectos de Chile","@id":"https:\/\/colegioarquitectos.com\/noticias\/#\/schema\/person\/685cc0aad148303c5608f049af8285ad"},"headline":"Exposici\u00f3n de proyecto de t\u00edtulo \u2014 Regeneraci\u00f3n y densificaci\u00f3n. Poblaci\u00f3n Lo Valledor Norte","datePublished":"2021-05-27T13:15:57+00:00","dateModified":"2021-05-31T13:56:50+00:00","mainEntityOfPage":{"@id":"https:\/\/colegioarquitectos.com\/noticias\/?p=27220"},"wordCount":243,"publisher":{"@id":"https:\/\/colegioarquitectos.com\/noticias\/#organization"},"image":{"@id":"https:\/\/colegioarquitectos.com\/noticias\/?p=27220#primaryimage"},"thumbnailUrl":"https:\/\/colegioarquitectos.com\/noticias\/wp-content\/uploads\/2021\/05\/WhatsApp-Image-2021-05-26-at-12.33.13.jpeg","articleSection":["Comit\u00e9s"],"inLanguage":"es"},{"@type":"WebPage","@id":"https:\/\/colegioarquitectos.com\/noticias\/?p=27220","url":"https:\/\/colegioarquitectos.com\/noticias\/?p=27220","name":"Exposici\u00f3n de proyecto de t\u00edtulo \u2014 Regeneraci\u00f3n y densificaci\u00f3n. Poblaci\u00f3n Lo Valledor Norte - COLEGIO DE ARQUITECTOS DE CHILE","isPartOf":{"@id":"https:\/\/colegioarquitectos.com\/noticias\/#website"},"primaryImageOfPage":{"@id":"https:\/\/colegioarquitectos.com\/noticias\/?p=27220#primaryimage"},"image":{"@id":"https:\/\/colegioarquitectos.com\/noticias\/?p=27220#primaryimage"},"thumbnailUrl":"https:\/\/colegioarquitectos.com\/noticias\/wp-content\/uploads\/2021\/05\/WhatsApp-Image-2021-05-26-at-12.33.13.jpeg","datePublished":"2021-05-27T13:15:57+00:00","dateModified":"2021-05-31T13:56:50+00:00","breadcrumb":{"@id":"https:\/\/colegioarquitectos.com\/noticias\/?p=27220#breadcrumb"},"inLanguage":"es","potentialAction":[{"@type":"ReadAction","target":["https:\/\/colegioarquitectos.com\/noticias\/?p=27220"]}]},{"@type":"ImageObject","inLanguage":"es","@id":"https:\/\/colegioarquitectos.com\/noticias\/?p=27220#primaryimage","url":"https:\/\/colegioarquitectos.com\/noticias\/wp-content\/uploads\/2021\/05\/WhatsApp-Image-2021-05-26-at-12.33.13.jpeg","contentUrl":"https:\/\/colegioarquitectos.com\/noticias\/wp-content\/uploads\/2021\/05\/WhatsApp-Image-2021-05-26-at-12.33.13.jpeg","width":1280,"height":649},{"@type":"BreadcrumbList","@id":"https:\/\/colegioarquitectos.com\/noticias\/?p=27220#breadcrumb","itemListElement":[{"@type":"ListItem","position":1,"name":"Portada","item":"https:\/\/colegioarquitectos.com\/noticias"},{"@type":"ListItem","position":2,"name":"Exposici\u00f3n de proyecto de t\u00edtulo \u2014 Regeneraci\u00f3n y densificaci\u00f3n. Poblaci\u00f3n Lo Valledor Norte"}]},{"@type":"WebSite","@id":"https:\/\/colegioarquitectos.com\/noticias\/#website","url":"https:\/\/colegioarquitectos.com\/noticias\/","name":"COLEGIO DE ARQUITECTOS DE CHILE","description":"","publisher":{"@id":"https:\/\/colegioarquitectos.com\/noticias\/#organization"},"potentialAction":[{"@type":"SearchAction","target":{"@type":"EntryPoint","urlTemplate":"https:\/\/colegioarquitectos.com\/noticias\/?s={search_term_string}"},"query-input":{"@type":"PropertyValueSpecification","valueRequired":true,"valueName":"search_term_string"}}],"inLanguage":"es"},{"@type":"Organization","@id":"https:\/\/colegioarquitectos.com\/noticias\/#organization","name":"COLEGIO DE ARQUITECTOS DE CHILE","url":"https:\/\/colegioarquitectos.com\/noticias\/","logo":{"@type":"ImageObject","inLanguage":"es","@id":"https:\/\/colegioarquitectos.com\/noticias\/#\/schema\/logo\/image\/","url":"https:\/\/colegioarquitectos.com\/noticias\/wp-content\/uploads\/2021\/05\/ENCABEZADO-LOGO-CA.jpg","contentUrl":"https:\/\/colegioarquitectos.com\/noticias\/wp-content\/uploads\/2021\/05\/ENCABEZADO-LOGO-CA.jpg","width":690,"height":350,"caption":"COLEGIO DE ARQUITECTOS DE CHILE"},"image":{"@id":"https:\/\/colegioarquitectos.com\/noticias\/#\/schema\/logo\/image\/"},"sameAs":["https:\/\/facebook.com\/Colegioarq\/","https:\/\/x.com\/colegioarq","https:\/\/instagram.com\/colegioarq","https:\/\/youtube.com\/@ColegiodeArquitectosdeChile"]},{"@type":"Person","@id":"https:\/\/colegioarquitectos.com\/noticias\/#\/schema\/person\/685cc0aad148303c5608f049af8285ad","name":"Colegio de Arquitectos de Chile","url":"https:\/\/colegioarquitectos.com\/noticias\/?author=4"}]}},"_links":{"self":[{"href":"https:\/\/colegioarquitectos.com\/noticias\/index.php?rest_route=\/wp\/v2\/posts\/27220","targetHints":{"allow":["GET"]}}],"collection":[{"href":"https:\/\/colegioarquitectos.com\/noticias\/index.php?rest_route=\/wp\/v2\/posts"}],"about":[{"href":"https:\/\/colegioarquitectos.com\/noticias\/index.php?rest_route=\/wp\/v2\/types\/post"}],"author":[{"embeddable":true,"href":"https:\/\/colegioarquitectos.com\/noticias\/index.php?rest_route=\/wp\/v2\/users\/4"}],"replies":[{"embeddable":true,"href":"https:\/\/colegioarquitectos.com\/noticias\/index.php?rest_route=%2Fwp%2Fv2%2Fcomments&post=27220"}],"version-history":[{"count":0,"href":"https:\/\/colegioarquitectos.com\/noticias\/index.php?rest_route=\/wp\/v2\/posts\/27220\/revisions"}],"wp:featuredmedia":[{"embeddable":true,"href":"https:\/\/colegioarquitectos.com\/noticias\/index.php?rest_route=\/wp\/v2\/media\/27221"}],"wp:attachment":[{"href":"https:\/\/colegioarquitectos.com\/noticias\/index.php?rest_route=%2Fwp%2Fv2%2Fmedia&parent=27220"}],"wp:term":[{"taxonomy":"category","embeddable":true,"href":"https:\/\/colegioarquitectos.com\/noticias\/index.php?rest_route=%2Fwp%2Fv2%2Fcategories&post=27220"},{"taxonomy":"post_tag","embeddable":true,"href":"https:\/\/colegioarquitectos.com\/noticias\/index.php?rest_route=%2Fwp%2Fv2%2Ftags&post=27220"}],"curies":[{"name":"wp","href":"https:\/\/api.w.org\/{rel}","templated":true}]}}