
{"id":27378,"date":"2021-06-25T13:43:17","date_gmt":"2021-06-25T13:43:17","guid":{"rendered":"https:\/\/colegioarquitectos.com\/?p=27378"},"modified":"2021-06-30T18:16:02","modified_gmt":"2021-06-30T18:16:02","slug":"conversatorio-bim-diseno-parametrico-y-fabricacion-digital","status":"publish","type":"post","link":"https:\/\/colegioarquitectos.com\/noticias\/?p=27378","title":{"rendered":"Conversatorio BIM \u2014 \u00abDise\u00f1o param\u00e9trico y fabricaci\u00f3n digital\u00bb"},"content":{"rendered":"<p>Este <strong>s\u00e1bado 26 de junio<\/strong> a las <strong>11.30 horas<\/strong> se realizar\u00e1 a trav\u00e9s de <strong>Zoom<\/strong> el <strong>conversatorio BIM \u00abDise\u00f1o param\u00e9trico y fabricaci\u00f3n digital\u00bb<\/strong>, organizado por nuestro <strong>Comit\u00e9 BIM y TI<\/strong>.<\/p>\n<p>En el conversatorio participar\u00e1 <strong>Alberto Fern\u00e1ndez Gonz\u00e1lez<\/strong>, arquitecto, acad\u00e9mico e investigador de la Universidad de Chile, m\u00e1ster en arquitectura del University College de Londres, ex Director de Escuela en la Facultad de Arquitectura y Urbanismo de la Universidad de Chile, ex Director BIM F\u00f3rum Chile; y los <strong>socios de GT2P<\/strong>, <strong>Guillermo Parada<\/strong> y <strong>Sebasti\u00e1n Rozas<\/strong>, estudio involucrado en proyectos de arquitectura, arte y dise\u00f1o, el cual basa su pr\u00e1ctica en la investigaci\u00f3n y experimentaci\u00f3n digital, establecido en Santiago de Chile<\/p>\n<p>Puedes participar del <strong>conversatorio BIM \u00abDise\u00f1o param\u00e9trico y fabricaci\u00f3n digital\u00bb<\/strong> este <strong>s\u00e1bado 26 de junio<\/strong> a las <strong>11.30 horas<\/strong>, en una sala cerrada de Zoom, con el<strong> Comit\u00e9 BIM y TI<\/strong>.<\/p>\n<p>&nbsp;<\/p>\n<h4>Inscripci\u00f3n<\/h4>\n<hr \/>\n<p>Inscr\u00edbete en el conversatorio BIM <strong><a href=\"https:\/\/zoom.us\/meeting\/register\/tJwkcOGprzIpH9NSZ-vGclgtvxe-rbV_lCey?_x_zm_rtaid=BnB8MtbCSreHySRY1EdOZw.1624467287541.e55212169773b8ae36df6f8636ea8fed&amp;_x_zm_rhtaid=793\">ac\u00e1<\/a><\/strong>.<\/p>\n<p><\/p>","protected":false},"excerpt":{"rendered":"<p>Este s\u00e1bado 26 de junio a las 11.30 horas se realizar\u00e1 a trav\u00e9s de Zoom el conversatorio BIM \u00abDise\u00f1o param\u00e9trico y fabricaci\u00f3n digital\u00bb, organizado por nuestro Comit\u00e9 BIM y TI. En el conversatorio participar\u00e1 Alberto Fern\u00e1ndez Gonz\u00e1lez, arquitecto, acad\u00e9mico e &hellip; <a class=\"more-link\" href=\"https:\/\/colegioarquitectos.com\/noticias\/?p=27378\">ver m\u00e1s<\/a><\/p>","protected":false},"author":4,"featured_media":27379,"comment_status":"closed","ping_status":"closed","sticky":false,"template":"","format":"standard","meta":{"footnotes":""},"categories":[1],"tags":[],"class_list":["post-27378","post","type-post","status-publish","format-standard","has-post-thumbnail","hentry","category-sin-categoria"],"yoast_head":"<!-- This site is optimized with the Yoast SEO plugin v24.2 - https:\/\/yoast.com\/wordpress\/plugins\/seo\/ -->\n<title>Conversatorio BIM \u2014 \u00abDise\u00f1o param\u00e9trico y fabricaci\u00f3n digital\u00bb - COLEGIO DE ARQUITECTOS DE CHILE<\/title>\n<meta name=\"robots\" content=\"index, follow, max-snippet:-1, max-image-preview:large, max-video-preview:-1\" \/>\n<link rel=\"canonical\" href=\"https:\/\/colegioarquitectos.com\/noticias\/?p=27378\" \/>\n<meta property=\"og:locale\" content=\"es_ES\" \/>\n<meta property=\"og:type\" content=\"article\" \/>\n<meta property=\"og:title\" content=\"Conversatorio BIM \u2014 \u00abDise\u00f1o param\u00e9trico y fabricaci\u00f3n digital\u00bb - COLEGIO DE ARQUITECTOS DE CHILE\" \/>\n<meta property=\"og:description\" content=\"Este s\u00e1bado 26 de junio a las 11.30 horas se realizar\u00e1 a trav\u00e9s de Zoom el conversatorio BIM \u00abDise\u00f1o param\u00e9trico y fabricaci\u00f3n digital\u00bb, organizado por nuestro Comit\u00e9 BIM y TI. En el conversatorio participar\u00e1 Alberto Fern\u00e1ndez Gonz\u00e1lez, arquitecto, acad\u00e9mico e &hellip; ver m\u00e1s\" \/>\n<meta property=\"og:url\" content=\"https:\/\/colegioarquitectos.com\/noticias\/?p=27378\" \/>\n<meta property=\"og:site_name\" content=\"COLEGIO DE ARQUITECTOS DE CHILE\" \/>\n<meta property=\"article:publisher\" content=\"https:\/\/facebook.com\/Colegioarq\/\" \/>\n<meta property=\"article:published_time\" content=\"2021-06-25T13:43:17+00:00\" \/>\n<meta property=\"article:modified_time\" content=\"2021-06-30T18:16:02+00:00\" \/>\n<meta property=\"og:image\" content=\"https:\/\/colegioarquitectos.com\/noticias\/wp-content\/uploads\/2021\/06\/imagen-Pieza-1.jpeg\" \/>\n\t<meta property=\"og:image:width\" content=\"1280\" \/>\n\t<meta property=\"og:image:height\" content=\"668\" \/>\n\t<meta property=\"og:image:type\" content=\"image\/jpeg\" \/>\n<meta name=\"author\" content=\"Colegio de Arquitectos de Chile\" \/>\n<meta name=\"twitter:card\" content=\"summary_large_image\" \/>\n<meta name=\"twitter:creator\" content=\"@colegioarq\" \/>\n<meta name=\"twitter:site\" content=\"@colegioarq\" \/>\n<meta name=\"twitter:label1\" content=\"Escrito por\" \/>\n\t<meta name=\"twitter:data1\" content=\"Colegio de Arquitectos de Chile\" \/>\n\t<meta name=\"twitter:label2\" content=\"Tiempo de lectura\" \/>\n\t<meta name=\"twitter:data2\" content=\"1 minuto\" \/>\n<script type=\"application\/ld+json\" class=\"yoast-schema-graph\">{\"@context\":\"https:\/\/schema.org\",\"@graph\":[{\"@type\":\"Article\",\"@id\":\"https:\/\/colegioarquitectos.com\/noticias\/?p=27378#article\",\"isPartOf\":{\"@id\":\"https:\/\/colegioarquitectos.com\/noticias\/?p=27378\"},\"author\":{\"name\":\"Colegio de Arquitectos de Chile\",\"@id\":\"https:\/\/colegioarquitectos.com\/noticias\/#\/schema\/person\/685cc0aad148303c5608f049af8285ad\"},\"headline\":\"Conversatorio BIM \u2014 \u00abDise\u00f1o param\u00e9trico y fabricaci\u00f3n digital\u00bb\",\"datePublished\":\"2021-06-25T13:43:17+00:00\",\"dateModified\":\"2021-06-30T18:16:02+00:00\",\"mainEntityOfPage\":{\"@id\":\"https:\/\/colegioarquitectos.com\/noticias\/?p=27378\"},\"wordCount\":177,\"publisher\":{\"@id\":\"https:\/\/colegioarquitectos.com\/noticias\/#organization\"},\"image\":{\"@id\":\"https:\/\/colegioarquitectos.com\/noticias\/?p=27378#primaryimage\"},\"thumbnailUrl\":\"https:\/\/colegioarquitectos.com\/noticias\/wp-content\/uploads\/2021\/06\/imagen-Pieza-1.jpeg\",\"inLanguage\":\"es\"},{\"@type\":\"WebPage\",\"@id\":\"https:\/\/colegioarquitectos.com\/noticias\/?p=27378\",\"url\":\"https:\/\/colegioarquitectos.com\/noticias\/?p=27378\",\"name\":\"Conversatorio BIM \u2014 \u00abDise\u00f1o param\u00e9trico y fabricaci\u00f3n digital\u00bb - COLEGIO DE ARQUITECTOS DE CHILE\",\"isPartOf\":{\"@id\":\"https:\/\/colegioarquitectos.com\/noticias\/#website\"},\"primaryImageOfPage\":{\"@id\":\"https:\/\/colegioarquitectos.com\/noticias\/?p=27378#primaryimage\"},\"image\":{\"@id\":\"https:\/\/colegioarquitectos.com\/noticias\/?p=27378#primaryimage\"},\"thumbnailUrl\":\"https:\/\/colegioarquitectos.com\/noticias\/wp-content\/uploads\/2021\/06\/imagen-Pieza-1.jpeg\",\"datePublished\":\"2021-06-25T13:43:17+00:00\",\"dateModified\":\"2021-06-30T18:16:02+00:00\",\"breadcrumb\":{\"@id\":\"https:\/\/colegioarquitectos.com\/noticias\/?p=27378#breadcrumb\"},\"inLanguage\":\"es\",\"potentialAction\":[{\"@type\":\"ReadAction\",\"target\":[\"https:\/\/colegioarquitectos.com\/noticias\/?p=27378\"]}]},{\"@type\":\"ImageObject\",\"inLanguage\":\"es\",\"@id\":\"https:\/\/colegioarquitectos.com\/noticias\/?p=27378#primaryimage\",\"url\":\"https:\/\/colegioarquitectos.com\/noticias\/wp-content\/uploads\/2021\/06\/imagen-Pieza-1.jpeg\",\"contentUrl\":\"https:\/\/colegioarquitectos.com\/noticias\/wp-content\/uploads\/2021\/06\/imagen-Pieza-1.jpeg\",\"width\":1280,\"height\":668},{\"@type\":\"BreadcrumbList\",\"@id\":\"https:\/\/colegioarquitectos.com\/noticias\/?p=27378#breadcrumb\",\"itemListElement\":[{\"@type\":\"ListItem\",\"position\":1,\"name\":\"Portada\",\"item\":\"https:\/\/colegioarquitectos.com\/noticias\"},{\"@type\":\"ListItem\",\"position\":2,\"name\":\"Conversatorio BIM \u2014 \u00abDise\u00f1o param\u00e9trico y fabricaci\u00f3n digital\u00bb\"}]},{\"@type\":\"WebSite\",\"@id\":\"https:\/\/colegioarquitectos.com\/noticias\/#website\",\"url\":\"https:\/\/colegioarquitectos.com\/noticias\/\",\"name\":\"COLEGIO DE ARQUITECTOS DE CHILE\",\"description\":\"\",\"publisher\":{\"@id\":\"https:\/\/colegioarquitectos.com\/noticias\/#organization\"},\"potentialAction\":[{\"@type\":\"SearchAction\",\"target\":{\"@type\":\"EntryPoint\",\"urlTemplate\":\"https:\/\/colegioarquitectos.com\/noticias\/?s={search_term_string}\"},\"query-input\":{\"@type\":\"PropertyValueSpecification\",\"valueRequired\":true,\"valueName\":\"search_term_string\"}}],\"inLanguage\":\"es\"},{\"@type\":\"Organization\",\"@id\":\"https:\/\/colegioarquitectos.com\/noticias\/#organization\",\"name\":\"COLEGIO DE ARQUITECTOS DE CHILE\",\"url\":\"https:\/\/colegioarquitectos.com\/noticias\/\",\"logo\":{\"@type\":\"ImageObject\",\"inLanguage\":\"es\",\"@id\":\"https:\/\/colegioarquitectos.com\/noticias\/#\/schema\/logo\/image\/\",\"url\":\"https:\/\/colegioarquitectos.com\/noticias\/wp-content\/uploads\/2021\/05\/ENCABEZADO-LOGO-CA.jpg\",\"contentUrl\":\"https:\/\/colegioarquitectos.com\/noticias\/wp-content\/uploads\/2021\/05\/ENCABEZADO-LOGO-CA.jpg\",\"width\":690,\"height\":350,\"caption\":\"COLEGIO DE ARQUITECTOS DE CHILE\"},\"image\":{\"@id\":\"https:\/\/colegioarquitectos.com\/noticias\/#\/schema\/logo\/image\/\"},\"sameAs\":[\"https:\/\/facebook.com\/Colegioarq\/\",\"https:\/\/x.com\/colegioarq\",\"https:\/\/instagram.com\/colegioarq\",\"https:\/\/youtube.com\/@ColegiodeArquitectosdeChile\"]},{\"@type\":\"Person\",\"@id\":\"https:\/\/colegioarquitectos.com\/noticias\/#\/schema\/person\/685cc0aad148303c5608f049af8285ad\",\"name\":\"Colegio de Arquitectos de Chile\",\"url\":\"https:\/\/colegioarquitectos.com\/noticias\/?author=4\"}]}<\/script>\n<!-- \/ Yoast SEO plugin. -->","yoast_head_json":{"title":"Conversatorio BIM \u2014 \u00abDise\u00f1o param\u00e9trico y fabricaci\u00f3n digital\u00bb - COLEGIO DE ARQUITECTOS DE CHILE","robots":{"index":"index","follow":"follow","max-snippet":"max-snippet:-1","max-image-preview":"max-image-preview:large","max-video-preview":"max-video-preview:-1"},"canonical":"https:\/\/colegioarquitectos.com\/noticias\/?p=27378","og_locale":"es_ES","og_type":"article","og_title":"Conversatorio BIM \u2014 \u00abDise\u00f1o param\u00e9trico y fabricaci\u00f3n digital\u00bb - COLEGIO DE ARQUITECTOS DE CHILE","og_description":"Este s\u00e1bado 26 de junio a las 11.30 horas se realizar\u00e1 a trav\u00e9s de Zoom el conversatorio BIM \u00abDise\u00f1o param\u00e9trico y fabricaci\u00f3n digital\u00bb, organizado por nuestro Comit\u00e9 BIM y TI. En el conversatorio participar\u00e1 Alberto Fern\u00e1ndez Gonz\u00e1lez, arquitecto, acad\u00e9mico e &hellip; ver m\u00e1s","og_url":"https:\/\/colegioarquitectos.com\/noticias\/?p=27378","og_site_name":"COLEGIO DE ARQUITECTOS DE CHILE","article_publisher":"https:\/\/facebook.com\/Colegioarq\/","article_published_time":"2021-06-25T13:43:17+00:00","article_modified_time":"2021-06-30T18:16:02+00:00","og_image":[{"width":1280,"height":668,"url":"https:\/\/colegioarquitectos.com\/noticias\/wp-content\/uploads\/2021\/06\/imagen-Pieza-1.jpeg","type":"image\/jpeg"}],"author":"Colegio de Arquitectos de Chile","twitter_card":"summary_large_image","twitter_creator":"@colegioarq","twitter_site":"@colegioarq","twitter_misc":{"Escrito por":"Colegio de Arquitectos de Chile","Tiempo de lectura":"1 minuto"},"schema":{"@context":"https:\/\/schema.org","@graph":[{"@type":"Article","@id":"https:\/\/colegioarquitectos.com\/noticias\/?p=27378#article","isPartOf":{"@id":"https:\/\/colegioarquitectos.com\/noticias\/?p=27378"},"author":{"name":"Colegio de Arquitectos de Chile","@id":"https:\/\/colegioarquitectos.com\/noticias\/#\/schema\/person\/685cc0aad148303c5608f049af8285ad"},"headline":"Conversatorio BIM \u2014 \u00abDise\u00f1o param\u00e9trico y fabricaci\u00f3n digital\u00bb","datePublished":"2021-06-25T13:43:17+00:00","dateModified":"2021-06-30T18:16:02+00:00","mainEntityOfPage":{"@id":"https:\/\/colegioarquitectos.com\/noticias\/?p=27378"},"wordCount":177,"publisher":{"@id":"https:\/\/colegioarquitectos.com\/noticias\/#organization"},"image":{"@id":"https:\/\/colegioarquitectos.com\/noticias\/?p=27378#primaryimage"},"thumbnailUrl":"https:\/\/colegioarquitectos.com\/noticias\/wp-content\/uploads\/2021\/06\/imagen-Pieza-1.jpeg","inLanguage":"es"},{"@type":"WebPage","@id":"https:\/\/colegioarquitectos.com\/noticias\/?p=27378","url":"https:\/\/colegioarquitectos.com\/noticias\/?p=27378","name":"Conversatorio BIM \u2014 \u00abDise\u00f1o param\u00e9trico y fabricaci\u00f3n digital\u00bb - COLEGIO DE ARQUITECTOS DE CHILE","isPartOf":{"@id":"https:\/\/colegioarquitectos.com\/noticias\/#website"},"primaryImageOfPage":{"@id":"https:\/\/colegioarquitectos.com\/noticias\/?p=27378#primaryimage"},"image":{"@id":"https:\/\/colegioarquitectos.com\/noticias\/?p=27378#primaryimage"},"thumbnailUrl":"https:\/\/colegioarquitectos.com\/noticias\/wp-content\/uploads\/2021\/06\/imagen-Pieza-1.jpeg","datePublished":"2021-06-25T13:43:17+00:00","dateModified":"2021-06-30T18:16:02+00:00","breadcrumb":{"@id":"https:\/\/colegioarquitectos.com\/noticias\/?p=27378#breadcrumb"},"inLanguage":"es","potentialAction":[{"@type":"ReadAction","target":["https:\/\/colegioarquitectos.com\/noticias\/?p=27378"]}]},{"@type":"ImageObject","inLanguage":"es","@id":"https:\/\/colegioarquitectos.com\/noticias\/?p=27378#primaryimage","url":"https:\/\/colegioarquitectos.com\/noticias\/wp-content\/uploads\/2021\/06\/imagen-Pieza-1.jpeg","contentUrl":"https:\/\/colegioarquitectos.com\/noticias\/wp-content\/uploads\/2021\/06\/imagen-Pieza-1.jpeg","width":1280,"height":668},{"@type":"BreadcrumbList","@id":"https:\/\/colegioarquitectos.com\/noticias\/?p=27378#breadcrumb","itemListElement":[{"@type":"ListItem","position":1,"name":"Portada","item":"https:\/\/colegioarquitectos.com\/noticias"},{"@type":"ListItem","position":2,"name":"Conversatorio BIM \u2014 \u00abDise\u00f1o param\u00e9trico y fabricaci\u00f3n digital\u00bb"}]},{"@type":"WebSite","@id":"https:\/\/colegioarquitectos.com\/noticias\/#website","url":"https:\/\/colegioarquitectos.com\/noticias\/","name":"COLEGIO DE ARQUITECTOS DE CHILE","description":"","publisher":{"@id":"https:\/\/colegioarquitectos.com\/noticias\/#organization"},"potentialAction":[{"@type":"SearchAction","target":{"@type":"EntryPoint","urlTemplate":"https:\/\/colegioarquitectos.com\/noticias\/?s={search_term_string}"},"query-input":{"@type":"PropertyValueSpecification","valueRequired":true,"valueName":"search_term_string"}}],"inLanguage":"es"},{"@type":"Organization","@id":"https:\/\/colegioarquitectos.com\/noticias\/#organization","name":"COLEGIO DE ARQUITECTOS DE CHILE","url":"https:\/\/colegioarquitectos.com\/noticias\/","logo":{"@type":"ImageObject","inLanguage":"es","@id":"https:\/\/colegioarquitectos.com\/noticias\/#\/schema\/logo\/image\/","url":"https:\/\/colegioarquitectos.com\/noticias\/wp-content\/uploads\/2021\/05\/ENCABEZADO-LOGO-CA.jpg","contentUrl":"https:\/\/colegioarquitectos.com\/noticias\/wp-content\/uploads\/2021\/05\/ENCABEZADO-LOGO-CA.jpg","width":690,"height":350,"caption":"COLEGIO DE ARQUITECTOS DE CHILE"},"image":{"@id":"https:\/\/colegioarquitectos.com\/noticias\/#\/schema\/logo\/image\/"},"sameAs":["https:\/\/facebook.com\/Colegioarq\/","https:\/\/x.com\/colegioarq","https:\/\/instagram.com\/colegioarq","https:\/\/youtube.com\/@ColegiodeArquitectosdeChile"]},{"@type":"Person","@id":"https:\/\/colegioarquitectos.com\/noticias\/#\/schema\/person\/685cc0aad148303c5608f049af8285ad","name":"Colegio de Arquitectos de Chile","url":"https:\/\/colegioarquitectos.com\/noticias\/?author=4"}]}},"_links":{"self":[{"href":"https:\/\/colegioarquitectos.com\/noticias\/index.php?rest_route=\/wp\/v2\/posts\/27378","targetHints":{"allow":["GET"]}}],"collection":[{"href":"https:\/\/colegioarquitectos.com\/noticias\/index.php?rest_route=\/wp\/v2\/posts"}],"about":[{"href":"https:\/\/colegioarquitectos.com\/noticias\/index.php?rest_route=\/wp\/v2\/types\/post"}],"author":[{"embeddable":true,"href":"https:\/\/colegioarquitectos.com\/noticias\/index.php?rest_route=\/wp\/v2\/users\/4"}],"replies":[{"embeddable":true,"href":"https:\/\/colegioarquitectos.com\/noticias\/index.php?rest_route=%2Fwp%2Fv2%2Fcomments&post=27378"}],"version-history":[{"count":0,"href":"https:\/\/colegioarquitectos.com\/noticias\/index.php?rest_route=\/wp\/v2\/posts\/27378\/revisions"}],"wp:featuredmedia":[{"embeddable":true,"href":"https:\/\/colegioarquitectos.com\/noticias\/index.php?rest_route=\/wp\/v2\/media\/27379"}],"wp:attachment":[{"href":"https:\/\/colegioarquitectos.com\/noticias\/index.php?rest_route=%2Fwp%2Fv2%2Fmedia&parent=27378"}],"wp:term":[{"taxonomy":"category","embeddable":true,"href":"https:\/\/colegioarquitectos.com\/noticias\/index.php?rest_route=%2Fwp%2Fv2%2Fcategories&post=27378"},{"taxonomy":"post_tag","embeddable":true,"href":"https:\/\/colegioarquitectos.com\/noticias\/index.php?rest_route=%2Fwp%2Fv2%2Ftags&post=27378"}],"curies":[{"name":"wp","href":"https:\/\/api.w.org\/{rel}","templated":true}]}}