
{"id":27393,"date":"2021-07-01T13:06:51","date_gmt":"2021-07-01T13:06:51","guid":{"rendered":"https:\/\/colegioarquitectos.com\/?p=27393"},"modified":"2021-07-01T13:07:36","modified_gmt":"2021-07-01T13:07:36","slug":"dialogo-nacional-por-la-vivienda-y-la-ciudad-cierra-sus-mesas-de-trabajo-presentando-un-plan-de-accion-con-20-medidas-concretas","status":"publish","type":"post","link":"https:\/\/colegioarquitectos.com\/noticias\/?p=27393","title":{"rendered":"\u00abDi\u00e1logo Nacional por la Vivienda y la Ciudad\u00bb cierra sus mesas de trabajo presentando un Plan de Acci\u00f3n con 20 medidas concretas"},"content":{"rendered":"<p>El pasado 29 de abril, el <strong>Ministerio de Vivienda y Urbanismo<\/strong> convoc\u00f3 a un <strong>\u00abDi\u00e1logo Nacional por la Vivienda y la Ciudad\u00bb<\/strong> con el prop\u00f3sito\u00a0 de atender el <strong>d\u00e9ficit habitacional y urbano que vive nuestro pa\u00eds, profundizado por el aumento de tomas y campamentos<\/strong>.<\/p>\n<p>Luego de <strong>60 d\u00edas<\/strong>, <strong>8 sesiones<\/strong> y <strong>200 horas de trabajo<\/strong>, los <strong>m\u00e1s de 50 representantes de 25 instituciones<\/strong> de la academia, gremios, dirigentes sociales, sociedad civil, parlamentarios, fundaciones y centros de estudios, cerraron las mesas de trabajo y<strong> presentaron este mi\u00e9rcoles 30 de junio un Plan de Acci\u00f3n con 20 medidas concretas para aplicar en el corto y mediano plazo<\/strong>.<\/p>\n<div id=\"attachment_27394\" style=\"width: 2890px\" class=\"wp-caption aligncenter\"><img loading=\"lazy\" decoding=\"async\" aria-describedby=\"caption-attachment-27394\" class=\"size-full wp-image-27394\" src=\"https:\/\/colegioarquitectos.com\/noticias\/wp-content\/uploads\/2021\/07\/Screen-Shot-2021-06-30-at-11.29.10-AM.jpg\" alt=\"Nuestra Presidenta Nacional, Jadille Baza; y el Vicepresidente de Asuntos Internos, Francisco Herrera, participaron del cierre de las mesas de trabajo y presentaci\u00f3n del Plan de Acci\u00f3n con 20 medidas concretas para aplicar en el corto y mediano plazo.\" width=\"2880\" height=\"1800\" srcset=\"https:\/\/colegioarquitectos.com\/noticias\/wp-content\/uploads\/2021\/07\/Screen-Shot-2021-06-30-at-11.29.10-AM.jpg 2880w, https:\/\/colegioarquitectos.com\/noticias\/wp-content\/uploads\/2021\/07\/Screen-Shot-2021-06-30-at-11.29.10-AM-300x188.jpg 300w, https:\/\/colegioarquitectos.com\/noticias\/wp-content\/uploads\/2021\/07\/Screen-Shot-2021-06-30-at-11.29.10-AM-768x480.jpg 768w, https:\/\/colegioarquitectos.com\/noticias\/wp-content\/uploads\/2021\/07\/Screen-Shot-2021-06-30-at-11.29.10-AM-1024x640.jpg 1024w, https:\/\/colegioarquitectos.com\/noticias\/wp-content\/uploads\/2021\/07\/Screen-Shot-2021-06-30-at-11.29.10-AM-400x250.jpg 400w\" sizes=\"auto, (max-width: 2880px) 100vw, 2880px\" \/><p id=\"caption-attachment-27394\" class=\"wp-caption-text\">Nuestra Presidenta Nacional, Jadille Baza; y el Vicepresidente de Asuntos Internos, Francisco Herrera, participaron del cierre de las mesas de trabajo y presentaci\u00f3n del Plan de Acci\u00f3n con 20 medidas concretas para aplicar en el corto y mediano plazo.<\/p><\/div>\n<p><strong>El \u00abDi\u00e1logo Nacional por Vivienda y la Ciudad\u00bb naci\u00f3 como una respuesta al llamado hecho por el Senado a un gran acuerdo por la vivienda, el que cont\u00f3 con apoyo pol\u00edtico transversal<\/strong>. Las 20 medidas levantadas por sus integrantes de manera consensuada, contemplan acciones concretas para agilizar y facilitar el acceso a la vivienda mediante el fortalecimiento y aumento de programas habitacionales, la reducci\u00f3n de tiempos, la modernizaci\u00f3n de los procesos y la promoci\u00f3n de criterios de integraci\u00f3n social y sostenibilidad en la construcci\u00f3n de las ciudades.<\/p>\n<p>Durante los 60 d\u00edas de trabajo, participaron en representaci\u00f3n del <strong>Colegio de Arquitectos de Chile<\/strong> nuestra Presidenta Nacional, <strong>Jadille Baza<\/strong>; el Vicepresidente de Asuntos Internos, <strong>Francisco Herrera<\/strong>; la Directora de Actividades, <strong>Loreto Lyon<\/strong>; y el Presidente del Comit\u00e9 de Desarrollo Urbano, <strong>Julio Alegr\u00eda<\/strong>.<\/p>\n<p>A continuaci\u00f3n, puedes revisar el Plan de Acci\u00f3n con 20 medidas concretas para aplicar en el corto y mediano plazo generado por el \u00abDi\u00e1logo Nacional por la Vivienda y la Ciudad\u00bb.<\/p>\n<p>&nbsp;<\/p>\n<h4>Medidas de planificaci\u00f3n urbana<\/h4>\n<hr \/>\n<p><strong>01.-<\/strong> Desarrollar Planes Estrat\u00e9gicos de Vivienda por ciudad, que caractericen y territorialicen el d\u00e9ficit en todas las ciudades de Chile, con metas, plazos y definici\u00f3n de herramientas para alcanzar dichos objetivos.<\/p>\n<p><strong>02.-<\/strong> Avanzar en un parque de vivienda p\u00fablica adquiriendo directamente al mercado para facilitar el acceso al arriendo protegido.<\/p>\n<p><strong>03.-<\/strong> Desarrollar Concursos P\u00fablicos para resolver definiciones respecto a la arquitectura y el dise\u00f1o urbano, a trav\u00e9s de equipos interdisciplinarios que aseguren la mejor calidad para la obra planteada.<\/p>\n<p><strong>04.-<\/strong> Fortalecer la micro radicaci\u00f3n flexibilizando normativa urbana, postulaci\u00f3n y asignando mayores recursos para su aplicaci\u00f3n.<\/p>\n<p><strong>05.-<\/strong> Acelerar los pilotos de urbanizaci\u00f3n progresiva. Utilizar la vivienda incremental para reducir la brecha entre el est\u00e1ndar de vivienda de clase media y la vivienda de emergencia, entregando aquella parte de la vivienda que las familias no pueden construir de manera segura.<\/p>\n<p>&nbsp;<\/p>\n<h4>Medidas de gesti\u00f3n de suelo y financiamiento<\/h4>\n<hr \/>\n<p><strong>06.-<\/strong> Fortalecer el Programa del Fondo Solidario para la Vivienda a trav\u00e9s de la adquisici\u00f3n de suelo a corto plazo, incorporando a los comit\u00e9s de vivienda y avanzando en la configuraci\u00f3n de Bancos de Suelos Comunales y Regionales<\/p>\n<p><strong>07.-<\/strong> Implementar un programa piloto en terrenos fiscales para la construcci\u00f3n de vivienda p\u00fablica con arriendo protegido.<\/p>\n<p><strong>08.-<\/strong> Fortalecer el banco de suelo p\u00fablico del MINVU, mediante el traspaso de terrenos fiscales y la compra directa de terrenos privados, de manera de ampliar la oferta de suelo disponible para proyectos de vivienda subsidiada.<\/p>\n<p><strong>09.-<\/strong> Potenciar y aumentar los subsidios de arriendo, fortaleciendo la herramienta de arriendo mediante un programa que llegue a m\u00e1s personas. Aumentar al n\u00famero y variedad de subsidios ofrecidos, mejorar la organizaci\u00f3n e incentivos a la oferta.<\/p>\n<p><strong>10.-<\/strong> Generar incentivos para facilitar el acceso al financiamiento de la vivienda para sectores medios.<\/p>\n<p>&nbsp;<\/p>\n<h4>Medidas de normativa, institucionalidad y reducci\u00f3n de tiempos<\/h4>\n<hr \/>\n<p><strong>11.-<\/strong> Acortar los tiempos de revisi\u00f3n en SERVIU, permitiendo que DOM revisen cuadros normativos. Establecer norma que d\u00e9 prioridad a proyectos de vivienda social.<\/p>\n<p><strong>12.-<\/strong> Avanzar con un mecanismo que permita la contrataci\u00f3n de obras para vivienda simult\u00e1neamente con el dise\u00f1o y la ejecuci\u00f3n en suelo p\u00fablico, sin la necesidad un subsidio, para agilizar el proceso.<\/p>\n<p><strong>13.-<\/strong> Implementar la aplicaci\u00f3n de la Ley 20.741 que faculta a MINVU en conjunto con municipios en dar atribuciones de normas urban\u00edsticas para proyectos de integraci\u00f3n social.<\/p>\n<p><strong>14.-<\/strong> Potenciar programas existentes y disminuir los plazos de ejecuci\u00f3n. Disponibilizar suelo y simplificar procesos de calificaci\u00f3n al interior de SERVIU.<\/p>\n<p><strong>15.-<\/strong> Permitir la postulaci\u00f3n de proyectos con familias ya adscritas al DS19.<\/p>\n<p>&nbsp;<\/p>\n<h4>Medidas de integraci\u00f3n y equidad urbana<\/h4>\n<hr \/>\n<p><strong>16.-<\/strong> Desarrollar y fortalecer los programas existentes de acompa\u00f1amiento social para la organizaci\u00f3n y convivencia de las familias como principal elemento de sostenibilidad de viviendas, barrios y ciudad.<\/p>\n<p><strong>17.-<\/strong> Incluir el domicilio de transici\u00f3n para familias de campamentos durante el proceso de construcci\u00f3n de las viviendas.<\/p>\n<p><strong>18.-<\/strong> Implementar una Operaci\u00f3n Invierno para proteger a las familias de campamentos, a trav\u00e9s de la creaci\u00f3n de Centros C\u00edvicos que entreguen equipamiento y servicios b\u00e1sicos durante el 2021.<\/p>\n<p><strong>19.-<\/strong> Agilizar la regularizaci\u00f3n de los t\u00edtulos de dominio de las familias vulnerables para favorecer la postulaci\u00f3n a subsidios de construcci\u00f3n y mejoramiento.<\/p>\n<p><strong>20.-<\/strong> Trabajar y despachar el proyecto de Ley de Integraci\u00f3n Social y Urbana.<\/p>\n<p>&nbsp;<\/p>\n<p>Puedes descargar las principales conclusiones del <strong>\u00abDi\u00e1logo Nacional por la Vivienda y la Ciudad\u00bb<\/strong> entregadas por el <strong>Ministerio de Vivienda y Urbanismo<\/strong> <a href=\"https:\/\/colegioarquitectos.com\/noticias\/wp-content\/uploads\/2021\/07\/DNVC_sintesis-20-medidas_minvu-1.pdf\">ac\u00e1<\/a>.<\/p>\n<p><\/p>","protected":false},"excerpt":{"rendered":"<p>El pasado 29 de abril, el Ministerio de Vivienda y Urbanismo convoc\u00f3 a un \u00abDi\u00e1logo Nacional por la Vivienda y la Ciudad\u00bb con el prop\u00f3sito\u00a0 de atender el d\u00e9ficit habitacional y urbano que vive nuestro pa\u00eds, profundizado por el aumento &hellip; <a class=\"more-link\" href=\"https:\/\/colegioarquitectos.com\/noticias\/?p=27393\">ver m\u00e1s<\/a><\/p>","protected":false},"author":4,"featured_media":27395,"comment_status":"closed","ping_status":"closed","sticky":false,"template":"","format":"standard","meta":{"footnotes":""},"categories":[8],"tags":[],"class_list":["post-27393","post","type-post","status-publish","format-standard","has-post-thumbnail","hentry","category-colegio-de-arquitectos"],"yoast_head":"<!-- This site is optimized with the Yoast SEO plugin v24.2 - https:\/\/yoast.com\/wordpress\/plugins\/seo\/ -->\n<title>\u00abDi\u00e1logo Nacional por la Vivienda y la Ciudad\u00bb cierra sus mesas de trabajo presentando un Plan de Acci\u00f3n con 20 medidas concretas - COLEGIO DE ARQUITECTOS DE CHILE<\/title>\n<meta name=\"robots\" content=\"index, follow, max-snippet:-1, max-image-preview:large, max-video-preview:-1\" \/>\n<link rel=\"canonical\" href=\"https:\/\/colegioarquitectos.com\/noticias\/?p=27393\" \/>\n<meta property=\"og:locale\" content=\"es_ES\" \/>\n<meta property=\"og:type\" content=\"article\" \/>\n<meta property=\"og:title\" content=\"\u00abDi\u00e1logo Nacional por la Vivienda y la Ciudad\u00bb cierra sus mesas de trabajo presentando un Plan de Acci\u00f3n con 20 medidas concretas - COLEGIO DE ARQUITECTOS DE CHILE\" \/>\n<meta property=\"og:description\" content=\"El pasado 29 de abril, el Ministerio de Vivienda y Urbanismo convoc\u00f3 a un \u00abDi\u00e1logo Nacional por la Vivienda y la Ciudad\u00bb con el prop\u00f3sito\u00a0 de atender el d\u00e9ficit habitacional y urbano que vive nuestro pa\u00eds, profundizado por el aumento &hellip; ver m\u00e1s\" \/>\n<meta property=\"og:url\" content=\"https:\/\/colegioarquitectos.com\/noticias\/?p=27393\" \/>\n<meta property=\"og:site_name\" content=\"COLEGIO DE ARQUITECTOS DE CHILE\" \/>\n<meta property=\"article:publisher\" content=\"https:\/\/facebook.com\/Colegioarq\/\" \/>\n<meta property=\"article:published_time\" content=\"2021-07-01T13:06:51+00:00\" \/>\n<meta property=\"article:modified_time\" content=\"2021-07-01T13:07:36+00:00\" \/>\n<meta property=\"og:image\" content=\"https:\/\/colegioarquitectos.com\/noticias\/wp-content\/uploads\/2021\/07\/Nuevo-proyecto.jpg\" \/>\n\t<meta property=\"og:image:width\" content=\"1380\" \/>\n\t<meta property=\"og:image:height\" content=\"720\" \/>\n\t<meta property=\"og:image:type\" content=\"image\/jpeg\" \/>\n<meta name=\"author\" content=\"Colegio de Arquitectos de Chile\" \/>\n<meta name=\"twitter:card\" content=\"summary_large_image\" \/>\n<meta name=\"twitter:creator\" content=\"@colegioarq\" \/>\n<meta name=\"twitter:site\" content=\"@colegioarq\" \/>\n<meta name=\"twitter:label1\" content=\"Escrito por\" \/>\n\t<meta name=\"twitter:data1\" content=\"Colegio de Arquitectos de Chile\" \/>\n\t<meta name=\"twitter:label2\" content=\"Tiempo de lectura\" \/>\n\t<meta name=\"twitter:data2\" content=\"5 minutos\" \/>\n<script type=\"application\/ld+json\" class=\"yoast-schema-graph\">{\"@context\":\"https:\/\/schema.org\",\"@graph\":[{\"@type\":\"Article\",\"@id\":\"https:\/\/colegioarquitectos.com\/noticias\/?p=27393#article\",\"isPartOf\":{\"@id\":\"https:\/\/colegioarquitectos.com\/noticias\/?p=27393\"},\"author\":{\"name\":\"Colegio de Arquitectos de Chile\",\"@id\":\"https:\/\/colegioarquitectos.com\/noticias\/#\/schema\/person\/685cc0aad148303c5608f049af8285ad\"},\"headline\":\"\u00abDi\u00e1logo Nacional por la Vivienda y la Ciudad\u00bb cierra sus mesas de trabajo presentando un Plan de Acci\u00f3n con 20 medidas concretas\",\"datePublished\":\"2021-07-01T13:06:51+00:00\",\"dateModified\":\"2021-07-01T13:07:36+00:00\",\"mainEntityOfPage\":{\"@id\":\"https:\/\/colegioarquitectos.com\/noticias\/?p=27393\"},\"wordCount\":958,\"publisher\":{\"@id\":\"https:\/\/colegioarquitectos.com\/noticias\/#organization\"},\"image\":{\"@id\":\"https:\/\/colegioarquitectos.com\/noticias\/?p=27393#primaryimage\"},\"thumbnailUrl\":\"https:\/\/colegioarquitectos.com\/noticias\/wp-content\/uploads\/2021\/07\/Nuevo-proyecto.jpg\",\"articleSection\":[\"Colegio\"],\"inLanguage\":\"es\"},{\"@type\":\"WebPage\",\"@id\":\"https:\/\/colegioarquitectos.com\/noticias\/?p=27393\",\"url\":\"https:\/\/colegioarquitectos.com\/noticias\/?p=27393\",\"name\":\"\u00abDi\u00e1logo Nacional por la Vivienda y la Ciudad\u00bb cierra sus mesas de trabajo presentando un Plan de Acci\u00f3n con 20 medidas concretas - COLEGIO DE ARQUITECTOS DE CHILE\",\"isPartOf\":{\"@id\":\"https:\/\/colegioarquitectos.com\/noticias\/#website\"},\"primaryImageOfPage\":{\"@id\":\"https:\/\/colegioarquitectos.com\/noticias\/?p=27393#primaryimage\"},\"image\":{\"@id\":\"https:\/\/colegioarquitectos.com\/noticias\/?p=27393#primaryimage\"},\"thumbnailUrl\":\"https:\/\/colegioarquitectos.com\/noticias\/wp-content\/uploads\/2021\/07\/Nuevo-proyecto.jpg\",\"datePublished\":\"2021-07-01T13:06:51+00:00\",\"dateModified\":\"2021-07-01T13:07:36+00:00\",\"breadcrumb\":{\"@id\":\"https:\/\/colegioarquitectos.com\/noticias\/?p=27393#breadcrumb\"},\"inLanguage\":\"es\",\"potentialAction\":[{\"@type\":\"ReadAction\",\"target\":[\"https:\/\/colegioarquitectos.com\/noticias\/?p=27393\"]}]},{\"@type\":\"ImageObject\",\"inLanguage\":\"es\",\"@id\":\"https:\/\/colegioarquitectos.com\/noticias\/?p=27393#primaryimage\",\"url\":\"https:\/\/colegioarquitectos.com\/noticias\/wp-content\/uploads\/2021\/07\/Nuevo-proyecto.jpg\",\"contentUrl\":\"https:\/\/colegioarquitectos.com\/noticias\/wp-content\/uploads\/2021\/07\/Nuevo-proyecto.jpg\",\"width\":1380,\"height\":720},{\"@type\":\"BreadcrumbList\",\"@id\":\"https:\/\/colegioarquitectos.com\/noticias\/?p=27393#breadcrumb\",\"itemListElement\":[{\"@type\":\"ListItem\",\"position\":1,\"name\":\"Portada\",\"item\":\"https:\/\/colegioarquitectos.com\/noticias\"},{\"@type\":\"ListItem\",\"position\":2,\"name\":\"\u00abDi\u00e1logo Nacional por la Vivienda y la Ciudad\u00bb cierra sus mesas de trabajo presentando un Plan de Acci\u00f3n con 20 medidas concretas\"}]},{\"@type\":\"WebSite\",\"@id\":\"https:\/\/colegioarquitectos.com\/noticias\/#website\",\"url\":\"https:\/\/colegioarquitectos.com\/noticias\/\",\"name\":\"COLEGIO DE ARQUITECTOS DE CHILE\",\"description\":\"\",\"publisher\":{\"@id\":\"https:\/\/colegioarquitectos.com\/noticias\/#organization\"},\"potentialAction\":[{\"@type\":\"SearchAction\",\"target\":{\"@type\":\"EntryPoint\",\"urlTemplate\":\"https:\/\/colegioarquitectos.com\/noticias\/?s={search_term_string}\"},\"query-input\":{\"@type\":\"PropertyValueSpecification\",\"valueRequired\":true,\"valueName\":\"search_term_string\"}}],\"inLanguage\":\"es\"},{\"@type\":\"Organization\",\"@id\":\"https:\/\/colegioarquitectos.com\/noticias\/#organization\",\"name\":\"COLEGIO DE ARQUITECTOS DE CHILE\",\"url\":\"https:\/\/colegioarquitectos.com\/noticias\/\",\"logo\":{\"@type\":\"ImageObject\",\"inLanguage\":\"es\",\"@id\":\"https:\/\/colegioarquitectos.com\/noticias\/#\/schema\/logo\/image\/\",\"url\":\"https:\/\/colegioarquitectos.com\/noticias\/wp-content\/uploads\/2021\/05\/ENCABEZADO-LOGO-CA.jpg\",\"contentUrl\":\"https:\/\/colegioarquitectos.com\/noticias\/wp-content\/uploads\/2021\/05\/ENCABEZADO-LOGO-CA.jpg\",\"width\":690,\"height\":350,\"caption\":\"COLEGIO DE ARQUITECTOS DE CHILE\"},\"image\":{\"@id\":\"https:\/\/colegioarquitectos.com\/noticias\/#\/schema\/logo\/image\/\"},\"sameAs\":[\"https:\/\/facebook.com\/Colegioarq\/\",\"https:\/\/x.com\/colegioarq\",\"https:\/\/instagram.com\/colegioarq\",\"https:\/\/youtube.com\/@ColegiodeArquitectosdeChile\"]},{\"@type\":\"Person\",\"@id\":\"https:\/\/colegioarquitectos.com\/noticias\/#\/schema\/person\/685cc0aad148303c5608f049af8285ad\",\"name\":\"Colegio de Arquitectos de Chile\",\"url\":\"https:\/\/colegioarquitectos.com\/noticias\/?author=4\"}]}<\/script>\n<!-- \/ Yoast SEO plugin. -->","yoast_head_json":{"title":"\u00abDi\u00e1logo Nacional por la Vivienda y la Ciudad\u00bb cierra sus mesas de trabajo presentando un Plan de Acci\u00f3n con 20 medidas concretas - COLEGIO DE ARQUITECTOS DE CHILE","robots":{"index":"index","follow":"follow","max-snippet":"max-snippet:-1","max-image-preview":"max-image-preview:large","max-video-preview":"max-video-preview:-1"},"canonical":"https:\/\/colegioarquitectos.com\/noticias\/?p=27393","og_locale":"es_ES","og_type":"article","og_title":"\u00abDi\u00e1logo Nacional por la Vivienda y la Ciudad\u00bb cierra sus mesas de trabajo presentando un Plan de Acci\u00f3n con 20 medidas concretas - COLEGIO DE ARQUITECTOS DE CHILE","og_description":"El pasado 29 de abril, el Ministerio de Vivienda y Urbanismo convoc\u00f3 a un \u00abDi\u00e1logo Nacional por la Vivienda y la Ciudad\u00bb con el prop\u00f3sito\u00a0 de atender el d\u00e9ficit habitacional y urbano que vive nuestro pa\u00eds, profundizado por el aumento &hellip; ver m\u00e1s","og_url":"https:\/\/colegioarquitectos.com\/noticias\/?p=27393","og_site_name":"COLEGIO DE ARQUITECTOS DE CHILE","article_publisher":"https:\/\/facebook.com\/Colegioarq\/","article_published_time":"2021-07-01T13:06:51+00:00","article_modified_time":"2021-07-01T13:07:36+00:00","og_image":[{"width":1380,"height":720,"url":"https:\/\/colegioarquitectos.com\/noticias\/wp-content\/uploads\/2021\/07\/Nuevo-proyecto.jpg","type":"image\/jpeg"}],"author":"Colegio de Arquitectos de Chile","twitter_card":"summary_large_image","twitter_creator":"@colegioarq","twitter_site":"@colegioarq","twitter_misc":{"Escrito por":"Colegio de Arquitectos de Chile","Tiempo de lectura":"5 minutos"},"schema":{"@context":"https:\/\/schema.org","@graph":[{"@type":"Article","@id":"https:\/\/colegioarquitectos.com\/noticias\/?p=27393#article","isPartOf":{"@id":"https:\/\/colegioarquitectos.com\/noticias\/?p=27393"},"author":{"name":"Colegio de Arquitectos de Chile","@id":"https:\/\/colegioarquitectos.com\/noticias\/#\/schema\/person\/685cc0aad148303c5608f049af8285ad"},"headline":"\u00abDi\u00e1logo Nacional por la Vivienda y la Ciudad\u00bb cierra sus mesas de trabajo presentando un Plan de Acci\u00f3n con 20 medidas concretas","datePublished":"2021-07-01T13:06:51+00:00","dateModified":"2021-07-01T13:07:36+00:00","mainEntityOfPage":{"@id":"https:\/\/colegioarquitectos.com\/noticias\/?p=27393"},"wordCount":958,"publisher":{"@id":"https:\/\/colegioarquitectos.com\/noticias\/#organization"},"image":{"@id":"https:\/\/colegioarquitectos.com\/noticias\/?p=27393#primaryimage"},"thumbnailUrl":"https:\/\/colegioarquitectos.com\/noticias\/wp-content\/uploads\/2021\/07\/Nuevo-proyecto.jpg","articleSection":["Colegio"],"inLanguage":"es"},{"@type":"WebPage","@id":"https:\/\/colegioarquitectos.com\/noticias\/?p=27393","url":"https:\/\/colegioarquitectos.com\/noticias\/?p=27393","name":"\u00abDi\u00e1logo Nacional por la Vivienda y la Ciudad\u00bb cierra sus mesas de trabajo presentando un Plan de Acci\u00f3n con 20 medidas concretas - COLEGIO DE ARQUITECTOS DE CHILE","isPartOf":{"@id":"https:\/\/colegioarquitectos.com\/noticias\/#website"},"primaryImageOfPage":{"@id":"https:\/\/colegioarquitectos.com\/noticias\/?p=27393#primaryimage"},"image":{"@id":"https:\/\/colegioarquitectos.com\/noticias\/?p=27393#primaryimage"},"thumbnailUrl":"https:\/\/colegioarquitectos.com\/noticias\/wp-content\/uploads\/2021\/07\/Nuevo-proyecto.jpg","datePublished":"2021-07-01T13:06:51+00:00","dateModified":"2021-07-01T13:07:36+00:00","breadcrumb":{"@id":"https:\/\/colegioarquitectos.com\/noticias\/?p=27393#breadcrumb"},"inLanguage":"es","potentialAction":[{"@type":"ReadAction","target":["https:\/\/colegioarquitectos.com\/noticias\/?p=27393"]}]},{"@type":"ImageObject","inLanguage":"es","@id":"https:\/\/colegioarquitectos.com\/noticias\/?p=27393#primaryimage","url":"https:\/\/colegioarquitectos.com\/noticias\/wp-content\/uploads\/2021\/07\/Nuevo-proyecto.jpg","contentUrl":"https:\/\/colegioarquitectos.com\/noticias\/wp-content\/uploads\/2021\/07\/Nuevo-proyecto.jpg","width":1380,"height":720},{"@type":"BreadcrumbList","@id":"https:\/\/colegioarquitectos.com\/noticias\/?p=27393#breadcrumb","itemListElement":[{"@type":"ListItem","position":1,"name":"Portada","item":"https:\/\/colegioarquitectos.com\/noticias"},{"@type":"ListItem","position":2,"name":"\u00abDi\u00e1logo Nacional por la Vivienda y la Ciudad\u00bb cierra sus mesas de trabajo presentando un Plan de Acci\u00f3n con 20 medidas concretas"}]},{"@type":"WebSite","@id":"https:\/\/colegioarquitectos.com\/noticias\/#website","url":"https:\/\/colegioarquitectos.com\/noticias\/","name":"COLEGIO DE ARQUITECTOS DE CHILE","description":"","publisher":{"@id":"https:\/\/colegioarquitectos.com\/noticias\/#organization"},"potentialAction":[{"@type":"SearchAction","target":{"@type":"EntryPoint","urlTemplate":"https:\/\/colegioarquitectos.com\/noticias\/?s={search_term_string}"},"query-input":{"@type":"PropertyValueSpecification","valueRequired":true,"valueName":"search_term_string"}}],"inLanguage":"es"},{"@type":"Organization","@id":"https:\/\/colegioarquitectos.com\/noticias\/#organization","name":"COLEGIO DE ARQUITECTOS DE CHILE","url":"https:\/\/colegioarquitectos.com\/noticias\/","logo":{"@type":"ImageObject","inLanguage":"es","@id":"https:\/\/colegioarquitectos.com\/noticias\/#\/schema\/logo\/image\/","url":"https:\/\/colegioarquitectos.com\/noticias\/wp-content\/uploads\/2021\/05\/ENCABEZADO-LOGO-CA.jpg","contentUrl":"https:\/\/colegioarquitectos.com\/noticias\/wp-content\/uploads\/2021\/05\/ENCABEZADO-LOGO-CA.jpg","width":690,"height":350,"caption":"COLEGIO DE ARQUITECTOS DE CHILE"},"image":{"@id":"https:\/\/colegioarquitectos.com\/noticias\/#\/schema\/logo\/image\/"},"sameAs":["https:\/\/facebook.com\/Colegioarq\/","https:\/\/x.com\/colegioarq","https:\/\/instagram.com\/colegioarq","https:\/\/youtube.com\/@ColegiodeArquitectosdeChile"]},{"@type":"Person","@id":"https:\/\/colegioarquitectos.com\/noticias\/#\/schema\/person\/685cc0aad148303c5608f049af8285ad","name":"Colegio de Arquitectos de Chile","url":"https:\/\/colegioarquitectos.com\/noticias\/?author=4"}]}},"_links":{"self":[{"href":"https:\/\/colegioarquitectos.com\/noticias\/index.php?rest_route=\/wp\/v2\/posts\/27393","targetHints":{"allow":["GET"]}}],"collection":[{"href":"https:\/\/colegioarquitectos.com\/noticias\/index.php?rest_route=\/wp\/v2\/posts"}],"about":[{"href":"https:\/\/colegioarquitectos.com\/noticias\/index.php?rest_route=\/wp\/v2\/types\/post"}],"author":[{"embeddable":true,"href":"https:\/\/colegioarquitectos.com\/noticias\/index.php?rest_route=\/wp\/v2\/users\/4"}],"replies":[{"embeddable":true,"href":"https:\/\/colegioarquitectos.com\/noticias\/index.php?rest_route=%2Fwp%2Fv2%2Fcomments&post=27393"}],"version-history":[{"count":0,"href":"https:\/\/colegioarquitectos.com\/noticias\/index.php?rest_route=\/wp\/v2\/posts\/27393\/revisions"}],"wp:featuredmedia":[{"embeddable":true,"href":"https:\/\/colegioarquitectos.com\/noticias\/index.php?rest_route=\/wp\/v2\/media\/27395"}],"wp:attachment":[{"href":"https:\/\/colegioarquitectos.com\/noticias\/index.php?rest_route=%2Fwp%2Fv2%2Fmedia&parent=27393"}],"wp:term":[{"taxonomy":"category","embeddable":true,"href":"https:\/\/colegioarquitectos.com\/noticias\/index.php?rest_route=%2Fwp%2Fv2%2Fcategories&post=27393"},{"taxonomy":"post_tag","embeddable":true,"href":"https:\/\/colegioarquitectos.com\/noticias\/index.php?rest_route=%2Fwp%2Fv2%2Ftags&post=27393"}],"curies":[{"name":"wp","href":"https:\/\/api.w.org\/{rel}","templated":true}]}}