
{"id":27449,"date":"2021-07-12T14:21:20","date_gmt":"2021-07-12T14:21:20","guid":{"rendered":"https:\/\/colegioarquitectos.com\/?p=27449"},"modified":"2021-07-13T14:21:40","modified_gmt":"2021-07-13T14:21:40","slug":"ciclo-mirar-y-pensar-el-paisaje-conferencia-habitando-la-tierra-condominio-los-litres","status":"publish","type":"post","link":"https:\/\/colegioarquitectos.com\/noticias\/?p=27449","title":{"rendered":"Ciclo \u00abMirar y pensar el paisaje\u00bb \u2014 Conferencia \u00abHabitando la tierra \/ Condominio Los Litres\u00bb"},"content":{"rendered":"<p>Este <strong>mi\u00e9rcoles 14 de julio<\/strong> a las <strong>18.00 horas<\/strong> se realizar\u00e1 a trav\u00e9s de FB Live la conferencia <strong>\u00abHabitando la tierra \/ Condominio Los Litres\u00bb<\/strong>, organizada por nuestro <strong>Comit\u00e9 de Paisaje<\/strong> en el marco del ciclo <strong>\u00abMirar y pensar el paisaje\u00bb<\/strong>.<\/p>\n<p>La charla ser\u00e1 dictada por <strong>Jorge Broughton<\/strong>,\u00a0 arquitecto bioconstructor y Premio Ferm\u00edn Vivaceta\u00a0 (2019) del Colegio de Arquitectos de Chile. Por otra, la moderaci\u00f3n de la instancia estar\u00e1 a cargo de Germ\u00e1n Aravena, arquitecto especialista en eficiencia energ\u00e9tica y sustentabilidad.<\/p>\n<p>Puedes seguir la conferencia <strong>\u00abHabitando la tierra \/ Condominio Los Litres\u00bb<\/strong> este <strong>mi\u00e9rcoles 14 de julio<\/strong> a las <strong>18.00 horas<\/strong> a trav\u00e9s de FB Live en <a href=\"http:\/\/www.facebook.com\/Colegioarq\">www.facebook.com\/Colegioarq<\/a>.<\/p>\n<p>&nbsp;<\/p>\n<h4>Expositor<\/h4>\n<hr \/>\n<p><strong>Jorge Broughton<\/strong><\/p>\n<p>Arquitecto de la Pontificia Universidad Cat\u00f3lica de Valpara\u00edso y bioconstructor. Ha desarrollado en Chile por m\u00e1s de 25 a\u00f1os el sistema constructivo en base a fardos de paja y tierra cruda, logrando una depuraci\u00f3n y \u00abbiolog\u00eda\u00bb en el m\u00e9todo de ejecuci\u00f3n. Hasta la fecha ha construido m\u00e1s de 30 viviendas con esta t\u00e9cnica calculadas s\u00edsmicamente \u2014gran parte de ellas antes del terremoto del 27 de febrero de 2010\u00ad\u2014, las cuales no han presentado ning\u00fan da\u00f1o a lo largo del tiempo. Su labor ha sido reconocida por sus pares, obteniendo en 2019 el Premio Ferm\u00edn Vivaceta Rupio del Colegio de Arquitectos, el cual se otorga al arquitecto o arquitecta que se haya destacado por su labor profesional en el \u00e1mbito de la tecnolog\u00eda aplicada a la arquitectura.<\/p>\n<p>&nbsp;<\/p>\n<h4>Moderador<\/h4>\n<hr \/>\n<p><strong>Germ\u00e1n Aravena<\/strong><\/p>\n<p>Arquitecto de la Universidad de Talca. Diplomado en Eficiencia Energ\u00e9tica de la Pontificia Universidad Cat\u00f3lica de Chile. Candidato a Magister en Medio ambiente y arquitectura bioclim\u00e1tica de la Universidad Polit\u00e9cnica de Madrid. Calificador energ\u00e9tico de viviendas CEV. Consultor en Desarrollo de Proyectos Patrimoniales en el marco del Plan de Reconstrucci\u00f3n MINVU.<\/p>\n<p><\/p>","protected":false},"excerpt":{"rendered":"<p>Este mi\u00e9rcoles 14 de julio a las 18.00 horas se realizar\u00e1 a trav\u00e9s de FB Live la conferencia \u00abHabitando la tierra \/ Condominio Los Litres\u00bb, organizada por nuestro Comit\u00e9 de Paisaje en el marco del ciclo \u00abMirar y pensar el &hellip; <a class=\"more-link\" href=\"https:\/\/colegioarquitectos.com\/noticias\/?p=27449\">ver m\u00e1s<\/a><\/p>","protected":false},"author":4,"featured_media":27450,"comment_status":"closed","ping_status":"closed","sticky":false,"template":"","format":"standard","meta":{"footnotes":""},"categories":[9],"tags":[],"class_list":["post-27449","post","type-post","status-publish","format-standard","has-post-thumbnail","hentry","category-comites"],"yoast_head":"<!-- This site is optimized with the Yoast SEO plugin v24.2 - https:\/\/yoast.com\/wordpress\/plugins\/seo\/ -->\n<title>Ciclo \u00abMirar y pensar el paisaje\u00bb \u2014 Conferencia \u00abHabitando la tierra \/ Condominio Los Litres\u00bb - COLEGIO DE ARQUITECTOS DE CHILE<\/title>\n<meta name=\"robots\" content=\"index, follow, max-snippet:-1, max-image-preview:large, max-video-preview:-1\" \/>\n<link rel=\"canonical\" href=\"https:\/\/colegioarquitectos.com\/noticias\/?p=27449\" \/>\n<meta property=\"og:locale\" content=\"es_ES\" \/>\n<meta property=\"og:type\" content=\"article\" \/>\n<meta property=\"og:title\" content=\"Ciclo \u00abMirar y pensar el paisaje\u00bb \u2014 Conferencia \u00abHabitando la tierra \/ Condominio Los Litres\u00bb - COLEGIO DE ARQUITECTOS DE CHILE\" \/>\n<meta property=\"og:description\" content=\"Este mi\u00e9rcoles 14 de julio a las 18.00 horas se realizar\u00e1 a trav\u00e9s de FB Live la conferencia \u00abHabitando la tierra \/ Condominio Los Litres\u00bb, organizada por nuestro Comit\u00e9 de Paisaje en el marco del ciclo \u00abMirar y pensar el &hellip; ver m\u00e1s\" \/>\n<meta property=\"og:url\" content=\"https:\/\/colegioarquitectos.com\/noticias\/?p=27449\" \/>\n<meta property=\"og:site_name\" content=\"COLEGIO DE ARQUITECTOS DE CHILE\" \/>\n<meta property=\"article:publisher\" content=\"https:\/\/facebook.com\/Colegioarq\/\" \/>\n<meta property=\"article:published_time\" content=\"2021-07-12T14:21:20+00:00\" \/>\n<meta property=\"article:modified_time\" content=\"2021-07-13T14:21:40+00:00\" \/>\n<meta property=\"og:image\" content=\"https:\/\/colegioarquitectos.com\/noticias\/wp-content\/uploads\/2021\/07\/Nuevo-proyecto-4.jpg\" \/>\n\t<meta property=\"og:image:width\" content=\"1380\" \/>\n\t<meta property=\"og:image:height\" content=\"720\" \/>\n\t<meta property=\"og:image:type\" content=\"image\/jpeg\" \/>\n<meta name=\"author\" content=\"Colegio de Arquitectos de Chile\" \/>\n<meta name=\"twitter:card\" content=\"summary_large_image\" \/>\n<meta name=\"twitter:creator\" content=\"@colegioarq\" \/>\n<meta name=\"twitter:site\" content=\"@colegioarq\" \/>\n<meta name=\"twitter:label1\" content=\"Escrito por\" \/>\n\t<meta name=\"twitter:data1\" content=\"Colegio de Arquitectos de Chile\" \/>\n\t<meta name=\"twitter:label2\" content=\"Tiempo de lectura\" \/>\n\t<meta name=\"twitter:data2\" content=\"2 minutos\" \/>\n<script type=\"application\/ld+json\" class=\"yoast-schema-graph\">{\"@context\":\"https:\/\/schema.org\",\"@graph\":[{\"@type\":\"Article\",\"@id\":\"https:\/\/colegioarquitectos.com\/noticias\/?p=27449#article\",\"isPartOf\":{\"@id\":\"https:\/\/colegioarquitectos.com\/noticias\/?p=27449\"},\"author\":{\"name\":\"Colegio de Arquitectos de Chile\",\"@id\":\"https:\/\/colegioarquitectos.com\/noticias\/#\/schema\/person\/685cc0aad148303c5608f049af8285ad\"},\"headline\":\"Ciclo \u00abMirar y pensar el paisaje\u00bb \u2014 Conferencia \u00abHabitando la tierra \/ Condominio Los Litres\u00bb\",\"datePublished\":\"2021-07-12T14:21:20+00:00\",\"dateModified\":\"2021-07-13T14:21:40+00:00\",\"mainEntityOfPage\":{\"@id\":\"https:\/\/colegioarquitectos.com\/noticias\/?p=27449\"},\"wordCount\":327,\"publisher\":{\"@id\":\"https:\/\/colegioarquitectos.com\/noticias\/#organization\"},\"image\":{\"@id\":\"https:\/\/colegioarquitectos.com\/noticias\/?p=27449#primaryimage\"},\"thumbnailUrl\":\"https:\/\/colegioarquitectos.com\/noticias\/wp-content\/uploads\/2021\/07\/Nuevo-proyecto-4.jpg\",\"articleSection\":[\"Comit\u00e9s\"],\"inLanguage\":\"es\"},{\"@type\":\"WebPage\",\"@id\":\"https:\/\/colegioarquitectos.com\/noticias\/?p=27449\",\"url\":\"https:\/\/colegioarquitectos.com\/noticias\/?p=27449\",\"name\":\"Ciclo \u00abMirar y pensar el paisaje\u00bb \u2014 Conferencia \u00abHabitando la tierra \/ Condominio Los Litres\u00bb - COLEGIO DE ARQUITECTOS DE CHILE\",\"isPartOf\":{\"@id\":\"https:\/\/colegioarquitectos.com\/noticias\/#website\"},\"primaryImageOfPage\":{\"@id\":\"https:\/\/colegioarquitectos.com\/noticias\/?p=27449#primaryimage\"},\"image\":{\"@id\":\"https:\/\/colegioarquitectos.com\/noticias\/?p=27449#primaryimage\"},\"thumbnailUrl\":\"https:\/\/colegioarquitectos.com\/noticias\/wp-content\/uploads\/2021\/07\/Nuevo-proyecto-4.jpg\",\"datePublished\":\"2021-07-12T14:21:20+00:00\",\"dateModified\":\"2021-07-13T14:21:40+00:00\",\"breadcrumb\":{\"@id\":\"https:\/\/colegioarquitectos.com\/noticias\/?p=27449#breadcrumb\"},\"inLanguage\":\"es\",\"potentialAction\":[{\"@type\":\"ReadAction\",\"target\":[\"https:\/\/colegioarquitectos.com\/noticias\/?p=27449\"]}]},{\"@type\":\"ImageObject\",\"inLanguage\":\"es\",\"@id\":\"https:\/\/colegioarquitectos.com\/noticias\/?p=27449#primaryimage\",\"url\":\"https:\/\/colegioarquitectos.com\/noticias\/wp-content\/uploads\/2021\/07\/Nuevo-proyecto-4.jpg\",\"contentUrl\":\"https:\/\/colegioarquitectos.com\/noticias\/wp-content\/uploads\/2021\/07\/Nuevo-proyecto-4.jpg\",\"width\":1380,\"height\":720},{\"@type\":\"BreadcrumbList\",\"@id\":\"https:\/\/colegioarquitectos.com\/noticias\/?p=27449#breadcrumb\",\"itemListElement\":[{\"@type\":\"ListItem\",\"position\":1,\"name\":\"Portada\",\"item\":\"https:\/\/colegioarquitectos.com\/noticias\"},{\"@type\":\"ListItem\",\"position\":2,\"name\":\"Ciclo \u00abMirar y pensar el paisaje\u00bb \u2014 Conferencia \u00abHabitando la tierra \/ Condominio Los Litres\u00bb\"}]},{\"@type\":\"WebSite\",\"@id\":\"https:\/\/colegioarquitectos.com\/noticias\/#website\",\"url\":\"https:\/\/colegioarquitectos.com\/noticias\/\",\"name\":\"COLEGIO DE ARQUITECTOS DE CHILE\",\"description\":\"\",\"publisher\":{\"@id\":\"https:\/\/colegioarquitectos.com\/noticias\/#organization\"},\"potentialAction\":[{\"@type\":\"SearchAction\",\"target\":{\"@type\":\"EntryPoint\",\"urlTemplate\":\"https:\/\/colegioarquitectos.com\/noticias\/?s={search_term_string}\"},\"query-input\":{\"@type\":\"PropertyValueSpecification\",\"valueRequired\":true,\"valueName\":\"search_term_string\"}}],\"inLanguage\":\"es\"},{\"@type\":\"Organization\",\"@id\":\"https:\/\/colegioarquitectos.com\/noticias\/#organization\",\"name\":\"COLEGIO DE ARQUITECTOS DE CHILE\",\"url\":\"https:\/\/colegioarquitectos.com\/noticias\/\",\"logo\":{\"@type\":\"ImageObject\",\"inLanguage\":\"es\",\"@id\":\"https:\/\/colegioarquitectos.com\/noticias\/#\/schema\/logo\/image\/\",\"url\":\"https:\/\/colegioarquitectos.com\/noticias\/wp-content\/uploads\/2021\/05\/ENCABEZADO-LOGO-CA.jpg\",\"contentUrl\":\"https:\/\/colegioarquitectos.com\/noticias\/wp-content\/uploads\/2021\/05\/ENCABEZADO-LOGO-CA.jpg\",\"width\":690,\"height\":350,\"caption\":\"COLEGIO DE ARQUITECTOS DE CHILE\"},\"image\":{\"@id\":\"https:\/\/colegioarquitectos.com\/noticias\/#\/schema\/logo\/image\/\"},\"sameAs\":[\"https:\/\/facebook.com\/Colegioarq\/\",\"https:\/\/x.com\/colegioarq\",\"https:\/\/instagram.com\/colegioarq\",\"https:\/\/youtube.com\/@ColegiodeArquitectosdeChile\"]},{\"@type\":\"Person\",\"@id\":\"https:\/\/colegioarquitectos.com\/noticias\/#\/schema\/person\/685cc0aad148303c5608f049af8285ad\",\"name\":\"Colegio de Arquitectos de Chile\",\"url\":\"https:\/\/colegioarquitectos.com\/noticias\/?author=4\"}]}<\/script>\n<!-- \/ Yoast SEO plugin. -->","yoast_head_json":{"title":"Ciclo \u00abMirar y pensar el paisaje\u00bb \u2014 Conferencia \u00abHabitando la tierra \/ Condominio Los Litres\u00bb - COLEGIO DE ARQUITECTOS DE CHILE","robots":{"index":"index","follow":"follow","max-snippet":"max-snippet:-1","max-image-preview":"max-image-preview:large","max-video-preview":"max-video-preview:-1"},"canonical":"https:\/\/colegioarquitectos.com\/noticias\/?p=27449","og_locale":"es_ES","og_type":"article","og_title":"Ciclo \u00abMirar y pensar el paisaje\u00bb \u2014 Conferencia \u00abHabitando la tierra \/ Condominio Los Litres\u00bb - COLEGIO DE ARQUITECTOS DE CHILE","og_description":"Este mi\u00e9rcoles 14 de julio a las 18.00 horas se realizar\u00e1 a trav\u00e9s de FB Live la conferencia \u00abHabitando la tierra \/ Condominio Los Litres\u00bb, organizada por nuestro Comit\u00e9 de Paisaje en el marco del ciclo \u00abMirar y pensar el &hellip; ver m\u00e1s","og_url":"https:\/\/colegioarquitectos.com\/noticias\/?p=27449","og_site_name":"COLEGIO DE ARQUITECTOS DE CHILE","article_publisher":"https:\/\/facebook.com\/Colegioarq\/","article_published_time":"2021-07-12T14:21:20+00:00","article_modified_time":"2021-07-13T14:21:40+00:00","og_image":[{"width":1380,"height":720,"url":"https:\/\/colegioarquitectos.com\/noticias\/wp-content\/uploads\/2021\/07\/Nuevo-proyecto-4.jpg","type":"image\/jpeg"}],"author":"Colegio de Arquitectos de Chile","twitter_card":"summary_large_image","twitter_creator":"@colegioarq","twitter_site":"@colegioarq","twitter_misc":{"Escrito por":"Colegio de Arquitectos de Chile","Tiempo de lectura":"2 minutos"},"schema":{"@context":"https:\/\/schema.org","@graph":[{"@type":"Article","@id":"https:\/\/colegioarquitectos.com\/noticias\/?p=27449#article","isPartOf":{"@id":"https:\/\/colegioarquitectos.com\/noticias\/?p=27449"},"author":{"name":"Colegio de Arquitectos de Chile","@id":"https:\/\/colegioarquitectos.com\/noticias\/#\/schema\/person\/685cc0aad148303c5608f049af8285ad"},"headline":"Ciclo \u00abMirar y pensar el paisaje\u00bb \u2014 Conferencia \u00abHabitando la tierra \/ Condominio Los Litres\u00bb","datePublished":"2021-07-12T14:21:20+00:00","dateModified":"2021-07-13T14:21:40+00:00","mainEntityOfPage":{"@id":"https:\/\/colegioarquitectos.com\/noticias\/?p=27449"},"wordCount":327,"publisher":{"@id":"https:\/\/colegioarquitectos.com\/noticias\/#organization"},"image":{"@id":"https:\/\/colegioarquitectos.com\/noticias\/?p=27449#primaryimage"},"thumbnailUrl":"https:\/\/colegioarquitectos.com\/noticias\/wp-content\/uploads\/2021\/07\/Nuevo-proyecto-4.jpg","articleSection":["Comit\u00e9s"],"inLanguage":"es"},{"@type":"WebPage","@id":"https:\/\/colegioarquitectos.com\/noticias\/?p=27449","url":"https:\/\/colegioarquitectos.com\/noticias\/?p=27449","name":"Ciclo \u00abMirar y pensar el paisaje\u00bb \u2014 Conferencia \u00abHabitando la tierra \/ Condominio Los Litres\u00bb - COLEGIO DE ARQUITECTOS DE CHILE","isPartOf":{"@id":"https:\/\/colegioarquitectos.com\/noticias\/#website"},"primaryImageOfPage":{"@id":"https:\/\/colegioarquitectos.com\/noticias\/?p=27449#primaryimage"},"image":{"@id":"https:\/\/colegioarquitectos.com\/noticias\/?p=27449#primaryimage"},"thumbnailUrl":"https:\/\/colegioarquitectos.com\/noticias\/wp-content\/uploads\/2021\/07\/Nuevo-proyecto-4.jpg","datePublished":"2021-07-12T14:21:20+00:00","dateModified":"2021-07-13T14:21:40+00:00","breadcrumb":{"@id":"https:\/\/colegioarquitectos.com\/noticias\/?p=27449#breadcrumb"},"inLanguage":"es","potentialAction":[{"@type":"ReadAction","target":["https:\/\/colegioarquitectos.com\/noticias\/?p=27449"]}]},{"@type":"ImageObject","inLanguage":"es","@id":"https:\/\/colegioarquitectos.com\/noticias\/?p=27449#primaryimage","url":"https:\/\/colegioarquitectos.com\/noticias\/wp-content\/uploads\/2021\/07\/Nuevo-proyecto-4.jpg","contentUrl":"https:\/\/colegioarquitectos.com\/noticias\/wp-content\/uploads\/2021\/07\/Nuevo-proyecto-4.jpg","width":1380,"height":720},{"@type":"BreadcrumbList","@id":"https:\/\/colegioarquitectos.com\/noticias\/?p=27449#breadcrumb","itemListElement":[{"@type":"ListItem","position":1,"name":"Portada","item":"https:\/\/colegioarquitectos.com\/noticias"},{"@type":"ListItem","position":2,"name":"Ciclo \u00abMirar y pensar el paisaje\u00bb \u2014 Conferencia \u00abHabitando la tierra \/ Condominio Los Litres\u00bb"}]},{"@type":"WebSite","@id":"https:\/\/colegioarquitectos.com\/noticias\/#website","url":"https:\/\/colegioarquitectos.com\/noticias\/","name":"COLEGIO DE ARQUITECTOS DE CHILE","description":"","publisher":{"@id":"https:\/\/colegioarquitectos.com\/noticias\/#organization"},"potentialAction":[{"@type":"SearchAction","target":{"@type":"EntryPoint","urlTemplate":"https:\/\/colegioarquitectos.com\/noticias\/?s={search_term_string}"},"query-input":{"@type":"PropertyValueSpecification","valueRequired":true,"valueName":"search_term_string"}}],"inLanguage":"es"},{"@type":"Organization","@id":"https:\/\/colegioarquitectos.com\/noticias\/#organization","name":"COLEGIO DE ARQUITECTOS DE CHILE","url":"https:\/\/colegioarquitectos.com\/noticias\/","logo":{"@type":"ImageObject","inLanguage":"es","@id":"https:\/\/colegioarquitectos.com\/noticias\/#\/schema\/logo\/image\/","url":"https:\/\/colegioarquitectos.com\/noticias\/wp-content\/uploads\/2021\/05\/ENCABEZADO-LOGO-CA.jpg","contentUrl":"https:\/\/colegioarquitectos.com\/noticias\/wp-content\/uploads\/2021\/05\/ENCABEZADO-LOGO-CA.jpg","width":690,"height":350,"caption":"COLEGIO DE ARQUITECTOS DE CHILE"},"image":{"@id":"https:\/\/colegioarquitectos.com\/noticias\/#\/schema\/logo\/image\/"},"sameAs":["https:\/\/facebook.com\/Colegioarq\/","https:\/\/x.com\/colegioarq","https:\/\/instagram.com\/colegioarq","https:\/\/youtube.com\/@ColegiodeArquitectosdeChile"]},{"@type":"Person","@id":"https:\/\/colegioarquitectos.com\/noticias\/#\/schema\/person\/685cc0aad148303c5608f049af8285ad","name":"Colegio de Arquitectos de Chile","url":"https:\/\/colegioarquitectos.com\/noticias\/?author=4"}]}},"_links":{"self":[{"href":"https:\/\/colegioarquitectos.com\/noticias\/index.php?rest_route=\/wp\/v2\/posts\/27449","targetHints":{"allow":["GET"]}}],"collection":[{"href":"https:\/\/colegioarquitectos.com\/noticias\/index.php?rest_route=\/wp\/v2\/posts"}],"about":[{"href":"https:\/\/colegioarquitectos.com\/noticias\/index.php?rest_route=\/wp\/v2\/types\/post"}],"author":[{"embeddable":true,"href":"https:\/\/colegioarquitectos.com\/noticias\/index.php?rest_route=\/wp\/v2\/users\/4"}],"replies":[{"embeddable":true,"href":"https:\/\/colegioarquitectos.com\/noticias\/index.php?rest_route=%2Fwp%2Fv2%2Fcomments&post=27449"}],"version-history":[{"count":0,"href":"https:\/\/colegioarquitectos.com\/noticias\/index.php?rest_route=\/wp\/v2\/posts\/27449\/revisions"}],"wp:featuredmedia":[{"embeddable":true,"href":"https:\/\/colegioarquitectos.com\/noticias\/index.php?rest_route=\/wp\/v2\/media\/27450"}],"wp:attachment":[{"href":"https:\/\/colegioarquitectos.com\/noticias\/index.php?rest_route=%2Fwp%2Fv2%2Fmedia&parent=27449"}],"wp:term":[{"taxonomy":"category","embeddable":true,"href":"https:\/\/colegioarquitectos.com\/noticias\/index.php?rest_route=%2Fwp%2Fv2%2Fcategories&post=27449"},{"taxonomy":"post_tag","embeddable":true,"href":"https:\/\/colegioarquitectos.com\/noticias\/index.php?rest_route=%2Fwp%2Fv2%2Ftags&post=27449"}],"curies":[{"name":"wp","href":"https:\/\/api.w.org\/{rel}","templated":true}]}}