
{"id":27477,"date":"2021-09-27T13:17:30","date_gmt":"2021-09-27T17:17:30","guid":{"rendered":"https:\/\/colegioarquitectos.com\/?p=27477"},"modified":"2021-09-30T15:47:51","modified_gmt":"2021-09-30T19:47:51","slug":"ya-esta-abierta-la-convocatoria-para-el-iv-congreso-chileno-de-impermeabilizacion-2021","status":"publish","type":"post","link":"https:\/\/colegioarquitectos.com\/noticias\/?p=27477","title":{"rendered":"Participa del IV Congreso Chileno de Impermeabilizaci\u00f3n 2021"},"content":{"rendered":"<p>Especialistas, empresas, docentes e investigadores del \u00e1rea de la construcci\u00f3n, obras civiles, arquitectura e impermeabilizaci\u00f3n, est\u00e1n invitados a participar en el <strong>IV Congreso Chileno de Impermeabilizaci\u00f3n 2021<\/strong>, evento de car\u00e1cter gratuito a desarrollarse los d\u00edas <strong>6 y 7 de octubre<\/strong> organizado por la <strong>Universidad Central<\/strong> a trav\u00e9s de la <strong>Escuela de Ingenier\u00eda<\/strong>, espec\u00edficamente las carreras de <strong>Ingenier\u00eda Civil en Obras Civiles <\/strong>e<strong> Ingenier\u00eda en Construcci\u00f3n<\/strong> y la <strong>Asociaci\u00f3n Chilena de Impermeabilizadores (ASIMP A.G.)<\/strong>.<\/p>\n<p>Con el paso de los a\u00f1os, la actividad se ha convertido en un hito para las carreras organizadoras y se trata de un <strong>evento bienal que re\u00fane a profesionales, investigadores, docentes y estudiantes de distintas universidades o entidades del \u00e1rea de la ingenier\u00eda y la construcci\u00f3n<\/strong>, tanto a nivel nacional como internacional, para discutir tem\u00e1ticas de inter\u00e9s vinculadas a la impermeabilizaci\u00f3n y compartir <strong>nuevo conocimiento que promueva, desde el reconocimiento de la importancia de la especialidad de impermeabilizaci\u00f3n, soluciones a las reales necesidades del rubro<\/strong>.<\/p>\n<p>En ese sentido, las tem\u00e1ticas que se abordar\u00e1n en la versi\u00f3n 2021 del evento son las siguientes:<\/p>\n<p>&nbsp;<\/p>\n<h4>Tem\u00e1tica 1<\/h4>\n<hr \/>\n<p>Impermeabilizaci\u00f3n y construcci\u00f3n eficiente. Esta tem\u00e1tica recoge los aspectos de la impermeabilizaci\u00f3n vinculados con la industrializaci\u00f3n, la productividad en obra y la construcci\u00f3n 4.0 (rob\u00f3tica, IoT, etc.), entre otros temas asociados al logro de eficiencia.<\/p>\n<p>&nbsp;<\/p>\n<h4>Tem\u00e1tica 2<\/h4>\n<hr \/>\n<p>Impermeabilizaci\u00f3n y sustentabilidad. Esta tem\u00e1tica recoge los aspectos de la impermeabilizaci\u00f3n vinculados con el medio ambiente, la eficiencia energ\u00e9tica, la econom\u00eda circular y la gesti\u00f3n de RCD, entre otros temas an\u00e1logos.<\/p>\n<p>&nbsp;<\/p>\n<h4>Tem\u00e1tica 3<\/h4>\n<hr \/>\n<p>Impermeabilizaci\u00f3n y normativa. Esta tem\u00e1tica recoge los aspectos normativos asociados a la impermeabilizaci\u00f3n y la repercusi\u00f3n de estos en los procesos constructivos, en la calidad y en el manejo de conflictos legales.<\/p>\n<p>&nbsp;<\/p>\n<p>De acuerdo con lo expuesto en las bases del evento, en esta oportunidad, dada la contingencia sanitaria mundial asociada al COVID-19, la actividad se desarrollar\u00e1 bajo una modalidad mixta, es decir, las ponencias podr\u00e1n transmitirse online o presencial. En este \u00faltimo caso, s\u00f3lo si el contexto sanitario lo permite.<\/p>\n<p>&nbsp;<\/p>\n<h4>Bases<\/h4>\n<hr \/>\n<p>Para conocer el detalle de la convocatoria y pautas para la presentaci\u00f3n de trabajos, puedes descargar el documento con las bases del Congreso <strong><a href=\"https:\/\/www.ucentral.cl\/ucentral\/site\/docs\/20210127\/20210127090041\/bases_iv_congreso_chileno_de_impermeabilizacion_2021_v_3.pdf\">ac\u00e1<\/a><\/strong>.<\/p>\n<p>&nbsp;<\/p>\n<h4>Programa<\/h4>\n<hr \/>\n<p>Revisa el programa completo del\u00a0IV Congreso Chileno de Impermeabilizaci\u00f3n 2021 <strong><a href=\"https:\/\/colegioarquitectos.com\/noticias\/wp-content\/uploads\/2021\/09\/Programa-IV-Congreso-Chileno-de-Impermeabilizaci\u00f3n-v.3.pdf\">ac\u00e1<\/a><\/strong>.<\/p>\n<p>&nbsp;<\/p>\n<h4>Inscripciones<\/h4>\n<hr \/>\n<p>Puedes inscribirte <strong><a href=\"https:\/\/docs.google.com\/forms\/d\/e\/1FAIpQLSfC2bNStO3Fu_3z3hg3FQIU9vnYaqrVXHzfxkCY3FwrxrCLOw\/viewform\">ac\u00e1<\/a><\/strong>.<\/p>\n<p>&nbsp;<\/p>\n<h2>El proyecto social del IV Congreso Chileno de Impermeabilizaci\u00f3n 2021<\/h2>\n<hr \/>\n<p>En el marco de una nueva jornada de impermeabilizaci\u00f3n y el emblem\u00e1tico Congreso que se llevar\u00e1 a cabo el pr\u00f3ximo 6 y 7 de octubre, la nueva apuesta de trabajo colaborativo con el entorno tiene ya su protagonista y avanza a paso firme.<\/p>\n<p>La primera experiencia fue todo un \u00e9xito en la Escuela Lorenzo Eiting en Quinta Normal, tanto para los proveedores como instaladores, proyectistas, acad\u00e9micos, estudiantes; profesores y alumnos del establecimiento.<\/p>\n<p>Este 2021, el proyecto social est\u00e1 relacionado a una intervenci\u00f3n de Vinculaci\u00f3n con el Medio de la Universidad Central.\u00a0 El objetivo es integrar tres ejes disciplinares b\u00e1sicos para la vida de las personas: la salud, la arquitectura y el medio ambiente.<\/p>\n<p>La iniciativa busca trabajar especialmente en brindar bienestar y calidad de vida a las personas de la tercera edad cuya residencia permanente no ha sido pensada para dicha funci\u00f3n, no solamente como un lugar de vivienda, sino m\u00e1s bien como centros hospitalarios, donde aspectos relacionados con la Bioclim\u00e1tica est\u00e1n ausentes, tanto en la infraestructura como en la termorregulaci\u00f3n, siendo muy dif\u00edcil de calefaccionar en invierno y enfriar en verano.<\/p>\n<p>Es as\u00ed como este proyecto contempla trabajar en conjunto, haciendo un llamado de red de apoyo y colaboraci\u00f3n entre proveedores, instaladores y proyectistas de ASIMP A.G.<\/p>\n<p>Nuestro gremio convoca a participar activamente en la mejora de la habitabilidad de los espacios que residen, donde se convierten en colaboradores, actores activos y capaces del cambio, lo que disminuir\u00e1 las sensaciones de abandono, apuntando al trabajo en comunidad, fortalecimiento de lazos internos y externos.<\/p>\n<p>De esta forma, el Proyecto Intervenci\u00f3n en Fundaci\u00f3n Las Rosas mejorar\u00e1 de forma significativa la vida de estos adultos mayores de larga estad\u00eda, en condiciones de dependencia leve, moderada o f\u00edsica severa, por intermedio de la acci\u00f3n e intervenci\u00f3n social de una impermeabilizaci\u00f3n de las dependencias de las personas.<\/p>\n<p>&nbsp;<\/p>\n<ol>\n<li><strong>OBJETIVO<\/strong><\/li>\n<\/ol>\n<hr \/>\n<p>Mejorar la habitabilidad de un sector del Hogar de Ancianos N\u00b0 20 por medio de la impermeabilizaci\u00f3n de las oficinas y dormitorios de mujeres semi valentes del Hogar de ancianos de la Fundaci\u00f3n Las Rosas en la comuna de La Florida.<\/p>\n<p>&nbsp;<\/p>\n<ol start=\"2\">\n<li><strong>FUNDAMENTO<\/strong><\/li>\n<\/ol>\n<hr \/>\n<p>El aumento de la longevidad y, lamentablemente de acuerdo con SENAMA, est\u00e1 acompa\u00f1ado de un incremento en la prevalencia de un estado de morbilidad, en especial dado por enfermedades cr\u00f3nicas como discapacidades y problemas cognitivos, donde la memoria se ve resentida.<\/p>\n<p>La mayor prevalencia de incapacidad, como consecuencia de la enfermedad y la necesidad de mayor tiempo de recuperaci\u00f3n del estado de salud basal, justifica la necesidad de cuidados preventivos, pero tambi\u00e9n la habitabilidad, donde el estar confortable apoyan a los indicadores de salud.<\/p>\n<p>&nbsp;<\/p>\n<ol start=\"3\">\n<li><strong>DESARROLLO<\/strong><\/li>\n<\/ol>\n<hr \/>\n<p>La intervenci\u00f3n del proyecto de impermeabilizaci\u00f3n contempla las siguientes actividades:<\/p>\n<p>&nbsp;<\/p>\n<p><strong>Dise\u00f1o<\/strong><\/p>\n<ul>\n<li>Cubicaci\u00f3n del \u00e1rea a intervenir<\/li>\n<li>Proyecto de optimizaci\u00f3n de las materialidades a utilizar<\/li>\n<li>Elecci\u00f3n de la mejor opci\u00f3n de materialidad pensando en la precariedad de la infraestructura a intervenir<\/li>\n<li>Determinar la soluci\u00f3n de acci\u00f3n r\u00e1pida, debido a que los usuarios no tienen m\u00e1s opciones de estad\u00eda<\/li>\n<li>La materialidad no debe contener productos t\u00f3xicos que comprometan la salud de los adultos mayores<\/li>\n<li>Los productos deben ser armoniosos con el medio ambiente<\/li>\n<li>Generaci\u00f3n de planos y documentos t\u00e9cnicos (carpeta t\u00e9cnica)<\/li>\n<li>Obtenci\u00f3n de autorizaci\u00f3n por parte del propietario de la intervenci\u00f3n.<\/li>\n<\/ul>\n<p>&nbsp;<\/p>\n<p><strong>Socios comunitarios<\/strong><\/p>\n<ul>\n<li>Buscar socios comunitarios que aporte el material para la acci\u00f3n social<\/li>\n<li>Presentaci\u00f3n de la problem\u00e1tica.<\/li>\n<\/ul>\n<p>&nbsp;<\/p>\n<p><strong>Etapa de construcci\u00f3n<\/strong><\/p>\n<ul>\n<li>Necesidad de contar con un experto que capacite a los voluntarios<\/li>\n<li>N\u00b0 de Voluntarios que apoyar\u00e1n en el proyecto, estudiantes de las carreras de arquitectura, ingenier\u00eda y arquitectura del paisaje<\/li>\n<li>Voluntarios del Hogar.<\/li>\n<li>Pintar muros con pinturas no t\u00f3xicas y de colores claros (ojal\u00e1 blanco)<\/li>\n<\/ul>\n<p>&nbsp;<\/p>\n<p><strong>Finalizaci\u00f3n<\/strong><\/p>\n<ul>\n<li>Video que mostrar\u00e1 las acciones realizadas<\/li>\n<li>Presentaci\u00f3n del proyecto al Congreso de Impermeabilizaci\u00f3n 2021<\/li>\n<\/ul>\n<p><\/p>","protected":false},"excerpt":{"rendered":"<p>Especialistas, empresas, docentes e investigadores del \u00e1rea de la construcci\u00f3n, obras civiles, arquitectura e impermeabilizaci\u00f3n, est\u00e1n invitados a participar en el IV Congreso Chileno de Impermeabilizaci\u00f3n 2021, evento de car\u00e1cter gratuito a desarrollarse los d\u00edas 6 y 7 de octubre &hellip; <a class=\"more-link\" href=\"https:\/\/colegioarquitectos.com\/noticias\/?p=27477\">ver m\u00e1s<\/a><\/p>","protected":false},"author":4,"featured_media":27818,"comment_status":"closed","ping_status":"closed","sticky":false,"template":"","format":"standard","meta":{"footnotes":""},"categories":[19],"tags":[],"class_list":["post-27477","post","type-post","status-publish","format-standard","has-post-thumbnail","hentry","category-actividades"],"yoast_head":"<!-- This site is optimized with the Yoast SEO plugin v24.2 - https:\/\/yoast.com\/wordpress\/plugins\/seo\/ -->\n<title>Participa del IV Congreso Chileno de Impermeabilizaci\u00f3n 2021 - COLEGIO DE ARQUITECTOS DE CHILE<\/title>\n<meta name=\"robots\" content=\"index, follow, max-snippet:-1, max-image-preview:large, max-video-preview:-1\" \/>\n<link rel=\"canonical\" href=\"https:\/\/colegioarquitectos.com\/noticias\/?p=27477\" \/>\n<meta property=\"og:locale\" content=\"es_ES\" \/>\n<meta property=\"og:type\" content=\"article\" \/>\n<meta property=\"og:title\" content=\"Participa del IV Congreso Chileno de Impermeabilizaci\u00f3n 2021 - COLEGIO DE ARQUITECTOS DE CHILE\" \/>\n<meta property=\"og:description\" content=\"Especialistas, empresas, docentes e investigadores del \u00e1rea de la construcci\u00f3n, obras civiles, arquitectura e impermeabilizaci\u00f3n, est\u00e1n invitados a participar en el IV Congreso Chileno de Impermeabilizaci\u00f3n 2021, evento de car\u00e1cter gratuito a desarrollarse los d\u00edas 6 y 7 de octubre &hellip; ver m\u00e1s\" \/>\n<meta property=\"og:url\" content=\"https:\/\/colegioarquitectos.com\/noticias\/?p=27477\" \/>\n<meta property=\"og:site_name\" content=\"COLEGIO DE ARQUITECTOS DE CHILE\" \/>\n<meta property=\"article:publisher\" content=\"https:\/\/facebook.com\/Colegioarq\/\" \/>\n<meta property=\"article:published_time\" content=\"2021-09-27T17:17:30+00:00\" \/>\n<meta property=\"article:modified_time\" content=\"2021-09-30T19:47:51+00:00\" \/>\n<meta property=\"og:image\" content=\"https:\/\/colegioarquitectos.com\/noticias\/wp-content\/uploads\/2021\/07\/Nuevo-proyecto-4-1.jpg\" \/>\n\t<meta property=\"og:image:width\" content=\"1280\" \/>\n\t<meta property=\"og:image:height\" content=\"720\" \/>\n\t<meta property=\"og:image:type\" content=\"image\/jpeg\" \/>\n<meta name=\"author\" content=\"Colegio de Arquitectos de Chile\" \/>\n<meta name=\"twitter:card\" content=\"summary_large_image\" \/>\n<meta name=\"twitter:creator\" content=\"@colegioarq\" \/>\n<meta name=\"twitter:site\" content=\"@colegioarq\" \/>\n<meta name=\"twitter:label1\" content=\"Escrito por\" \/>\n\t<meta name=\"twitter:data1\" content=\"Colegio de Arquitectos de Chile\" \/>\n\t<meta name=\"twitter:label2\" content=\"Tiempo de lectura\" \/>\n\t<meta name=\"twitter:data2\" content=\"5 minutos\" \/>\n<script type=\"application\/ld+json\" class=\"yoast-schema-graph\">{\"@context\":\"https:\/\/schema.org\",\"@graph\":[{\"@type\":\"Article\",\"@id\":\"https:\/\/colegioarquitectos.com\/noticias\/?p=27477#article\",\"isPartOf\":{\"@id\":\"https:\/\/colegioarquitectos.com\/noticias\/?p=27477\"},\"author\":{\"name\":\"Colegio de Arquitectos de Chile\",\"@id\":\"https:\/\/colegioarquitectos.com\/noticias\/#\/schema\/person\/685cc0aad148303c5608f049af8285ad\"},\"headline\":\"Participa del IV Congreso Chileno de Impermeabilizaci\u00f3n 2021\",\"datePublished\":\"2021-09-27T17:17:30+00:00\",\"dateModified\":\"2021-09-30T19:47:51+00:00\",\"mainEntityOfPage\":{\"@id\":\"https:\/\/colegioarquitectos.com\/noticias\/?p=27477\"},\"wordCount\":1106,\"publisher\":{\"@id\":\"https:\/\/colegioarquitectos.com\/noticias\/#organization\"},\"image\":{\"@id\":\"https:\/\/colegioarquitectos.com\/noticias\/?p=27477#primaryimage\"},\"thumbnailUrl\":\"https:\/\/colegioarquitectos.com\/noticias\/wp-content\/uploads\/2021\/07\/Nuevo-proyecto-4-1.jpg\",\"articleSection\":[\"Actividades\"],\"inLanguage\":\"es\"},{\"@type\":\"WebPage\",\"@id\":\"https:\/\/colegioarquitectos.com\/noticias\/?p=27477\",\"url\":\"https:\/\/colegioarquitectos.com\/noticias\/?p=27477\",\"name\":\"Participa del IV Congreso Chileno de Impermeabilizaci\u00f3n 2021 - COLEGIO DE ARQUITECTOS DE CHILE\",\"isPartOf\":{\"@id\":\"https:\/\/colegioarquitectos.com\/noticias\/#website\"},\"primaryImageOfPage\":{\"@id\":\"https:\/\/colegioarquitectos.com\/noticias\/?p=27477#primaryimage\"},\"image\":{\"@id\":\"https:\/\/colegioarquitectos.com\/noticias\/?p=27477#primaryimage\"},\"thumbnailUrl\":\"https:\/\/colegioarquitectos.com\/noticias\/wp-content\/uploads\/2021\/07\/Nuevo-proyecto-4-1.jpg\",\"datePublished\":\"2021-09-27T17:17:30+00:00\",\"dateModified\":\"2021-09-30T19:47:51+00:00\",\"breadcrumb\":{\"@id\":\"https:\/\/colegioarquitectos.com\/noticias\/?p=27477#breadcrumb\"},\"inLanguage\":\"es\",\"potentialAction\":[{\"@type\":\"ReadAction\",\"target\":[\"https:\/\/colegioarquitectos.com\/noticias\/?p=27477\"]}]},{\"@type\":\"ImageObject\",\"inLanguage\":\"es\",\"@id\":\"https:\/\/colegioarquitectos.com\/noticias\/?p=27477#primaryimage\",\"url\":\"https:\/\/colegioarquitectos.com\/noticias\/wp-content\/uploads\/2021\/07\/Nuevo-proyecto-4-1.jpg\",\"contentUrl\":\"https:\/\/colegioarquitectos.com\/noticias\/wp-content\/uploads\/2021\/07\/Nuevo-proyecto-4-1.jpg\",\"width\":1280,\"height\":720},{\"@type\":\"BreadcrumbList\",\"@id\":\"https:\/\/colegioarquitectos.com\/noticias\/?p=27477#breadcrumb\",\"itemListElement\":[{\"@type\":\"ListItem\",\"position\":1,\"name\":\"Portada\",\"item\":\"https:\/\/colegioarquitectos.com\/noticias\"},{\"@type\":\"ListItem\",\"position\":2,\"name\":\"Participa del IV Congreso Chileno de Impermeabilizaci\u00f3n 2021\"}]},{\"@type\":\"WebSite\",\"@id\":\"https:\/\/colegioarquitectos.com\/noticias\/#website\",\"url\":\"https:\/\/colegioarquitectos.com\/noticias\/\",\"name\":\"COLEGIO DE ARQUITECTOS DE CHILE\",\"description\":\"\",\"publisher\":{\"@id\":\"https:\/\/colegioarquitectos.com\/noticias\/#organization\"},\"potentialAction\":[{\"@type\":\"SearchAction\",\"target\":{\"@type\":\"EntryPoint\",\"urlTemplate\":\"https:\/\/colegioarquitectos.com\/noticias\/?s={search_term_string}\"},\"query-input\":{\"@type\":\"PropertyValueSpecification\",\"valueRequired\":true,\"valueName\":\"search_term_string\"}}],\"inLanguage\":\"es\"},{\"@type\":\"Organization\",\"@id\":\"https:\/\/colegioarquitectos.com\/noticias\/#organization\",\"name\":\"COLEGIO DE ARQUITECTOS DE CHILE\",\"url\":\"https:\/\/colegioarquitectos.com\/noticias\/\",\"logo\":{\"@type\":\"ImageObject\",\"inLanguage\":\"es\",\"@id\":\"https:\/\/colegioarquitectos.com\/noticias\/#\/schema\/logo\/image\/\",\"url\":\"https:\/\/colegioarquitectos.com\/noticias\/wp-content\/uploads\/2021\/05\/ENCABEZADO-LOGO-CA.jpg\",\"contentUrl\":\"https:\/\/colegioarquitectos.com\/noticias\/wp-content\/uploads\/2021\/05\/ENCABEZADO-LOGO-CA.jpg\",\"width\":690,\"height\":350,\"caption\":\"COLEGIO DE ARQUITECTOS DE CHILE\"},\"image\":{\"@id\":\"https:\/\/colegioarquitectos.com\/noticias\/#\/schema\/logo\/image\/\"},\"sameAs\":[\"https:\/\/facebook.com\/Colegioarq\/\",\"https:\/\/x.com\/colegioarq\",\"https:\/\/instagram.com\/colegioarq\",\"https:\/\/youtube.com\/@ColegiodeArquitectosdeChile\"]},{\"@type\":\"Person\",\"@id\":\"https:\/\/colegioarquitectos.com\/noticias\/#\/schema\/person\/685cc0aad148303c5608f049af8285ad\",\"name\":\"Colegio de Arquitectos de Chile\",\"url\":\"https:\/\/colegioarquitectos.com\/noticias\/?author=4\"}]}<\/script>\n<!-- \/ Yoast SEO plugin. -->","yoast_head_json":{"title":"Participa del IV Congreso Chileno de Impermeabilizaci\u00f3n 2021 - COLEGIO DE ARQUITECTOS DE CHILE","robots":{"index":"index","follow":"follow","max-snippet":"max-snippet:-1","max-image-preview":"max-image-preview:large","max-video-preview":"max-video-preview:-1"},"canonical":"https:\/\/colegioarquitectos.com\/noticias\/?p=27477","og_locale":"es_ES","og_type":"article","og_title":"Participa del IV Congreso Chileno de Impermeabilizaci\u00f3n 2021 - COLEGIO DE ARQUITECTOS DE CHILE","og_description":"Especialistas, empresas, docentes e investigadores del \u00e1rea de la construcci\u00f3n, obras civiles, arquitectura e impermeabilizaci\u00f3n, est\u00e1n invitados a participar en el IV Congreso Chileno de Impermeabilizaci\u00f3n 2021, evento de car\u00e1cter gratuito a desarrollarse los d\u00edas 6 y 7 de octubre &hellip; ver m\u00e1s","og_url":"https:\/\/colegioarquitectos.com\/noticias\/?p=27477","og_site_name":"COLEGIO DE ARQUITECTOS DE CHILE","article_publisher":"https:\/\/facebook.com\/Colegioarq\/","article_published_time":"2021-09-27T17:17:30+00:00","article_modified_time":"2021-09-30T19:47:51+00:00","og_image":[{"width":1280,"height":720,"url":"https:\/\/colegioarquitectos.com\/noticias\/wp-content\/uploads\/2021\/07\/Nuevo-proyecto-4-1.jpg","type":"image\/jpeg"}],"author":"Colegio de Arquitectos de Chile","twitter_card":"summary_large_image","twitter_creator":"@colegioarq","twitter_site":"@colegioarq","twitter_misc":{"Escrito por":"Colegio de Arquitectos de Chile","Tiempo de lectura":"5 minutos"},"schema":{"@context":"https:\/\/schema.org","@graph":[{"@type":"Article","@id":"https:\/\/colegioarquitectos.com\/noticias\/?p=27477#article","isPartOf":{"@id":"https:\/\/colegioarquitectos.com\/noticias\/?p=27477"},"author":{"name":"Colegio de Arquitectos de Chile","@id":"https:\/\/colegioarquitectos.com\/noticias\/#\/schema\/person\/685cc0aad148303c5608f049af8285ad"},"headline":"Participa del IV Congreso Chileno de Impermeabilizaci\u00f3n 2021","datePublished":"2021-09-27T17:17:30+00:00","dateModified":"2021-09-30T19:47:51+00:00","mainEntityOfPage":{"@id":"https:\/\/colegioarquitectos.com\/noticias\/?p=27477"},"wordCount":1106,"publisher":{"@id":"https:\/\/colegioarquitectos.com\/noticias\/#organization"},"image":{"@id":"https:\/\/colegioarquitectos.com\/noticias\/?p=27477#primaryimage"},"thumbnailUrl":"https:\/\/colegioarquitectos.com\/noticias\/wp-content\/uploads\/2021\/07\/Nuevo-proyecto-4-1.jpg","articleSection":["Actividades"],"inLanguage":"es"},{"@type":"WebPage","@id":"https:\/\/colegioarquitectos.com\/noticias\/?p=27477","url":"https:\/\/colegioarquitectos.com\/noticias\/?p=27477","name":"Participa del IV Congreso Chileno de Impermeabilizaci\u00f3n 2021 - COLEGIO DE ARQUITECTOS DE CHILE","isPartOf":{"@id":"https:\/\/colegioarquitectos.com\/noticias\/#website"},"primaryImageOfPage":{"@id":"https:\/\/colegioarquitectos.com\/noticias\/?p=27477#primaryimage"},"image":{"@id":"https:\/\/colegioarquitectos.com\/noticias\/?p=27477#primaryimage"},"thumbnailUrl":"https:\/\/colegioarquitectos.com\/noticias\/wp-content\/uploads\/2021\/07\/Nuevo-proyecto-4-1.jpg","datePublished":"2021-09-27T17:17:30+00:00","dateModified":"2021-09-30T19:47:51+00:00","breadcrumb":{"@id":"https:\/\/colegioarquitectos.com\/noticias\/?p=27477#breadcrumb"},"inLanguage":"es","potentialAction":[{"@type":"ReadAction","target":["https:\/\/colegioarquitectos.com\/noticias\/?p=27477"]}]},{"@type":"ImageObject","inLanguage":"es","@id":"https:\/\/colegioarquitectos.com\/noticias\/?p=27477#primaryimage","url":"https:\/\/colegioarquitectos.com\/noticias\/wp-content\/uploads\/2021\/07\/Nuevo-proyecto-4-1.jpg","contentUrl":"https:\/\/colegioarquitectos.com\/noticias\/wp-content\/uploads\/2021\/07\/Nuevo-proyecto-4-1.jpg","width":1280,"height":720},{"@type":"BreadcrumbList","@id":"https:\/\/colegioarquitectos.com\/noticias\/?p=27477#breadcrumb","itemListElement":[{"@type":"ListItem","position":1,"name":"Portada","item":"https:\/\/colegioarquitectos.com\/noticias"},{"@type":"ListItem","position":2,"name":"Participa del IV Congreso Chileno de Impermeabilizaci\u00f3n 2021"}]},{"@type":"WebSite","@id":"https:\/\/colegioarquitectos.com\/noticias\/#website","url":"https:\/\/colegioarquitectos.com\/noticias\/","name":"COLEGIO DE ARQUITECTOS DE CHILE","description":"","publisher":{"@id":"https:\/\/colegioarquitectos.com\/noticias\/#organization"},"potentialAction":[{"@type":"SearchAction","target":{"@type":"EntryPoint","urlTemplate":"https:\/\/colegioarquitectos.com\/noticias\/?s={search_term_string}"},"query-input":{"@type":"PropertyValueSpecification","valueRequired":true,"valueName":"search_term_string"}}],"inLanguage":"es"},{"@type":"Organization","@id":"https:\/\/colegioarquitectos.com\/noticias\/#organization","name":"COLEGIO DE ARQUITECTOS DE CHILE","url":"https:\/\/colegioarquitectos.com\/noticias\/","logo":{"@type":"ImageObject","inLanguage":"es","@id":"https:\/\/colegioarquitectos.com\/noticias\/#\/schema\/logo\/image\/","url":"https:\/\/colegioarquitectos.com\/noticias\/wp-content\/uploads\/2021\/05\/ENCABEZADO-LOGO-CA.jpg","contentUrl":"https:\/\/colegioarquitectos.com\/noticias\/wp-content\/uploads\/2021\/05\/ENCABEZADO-LOGO-CA.jpg","width":690,"height":350,"caption":"COLEGIO DE ARQUITECTOS DE CHILE"},"image":{"@id":"https:\/\/colegioarquitectos.com\/noticias\/#\/schema\/logo\/image\/"},"sameAs":["https:\/\/facebook.com\/Colegioarq\/","https:\/\/x.com\/colegioarq","https:\/\/instagram.com\/colegioarq","https:\/\/youtube.com\/@ColegiodeArquitectosdeChile"]},{"@type":"Person","@id":"https:\/\/colegioarquitectos.com\/noticias\/#\/schema\/person\/685cc0aad148303c5608f049af8285ad","name":"Colegio de Arquitectos de Chile","url":"https:\/\/colegioarquitectos.com\/noticias\/?author=4"}]}},"_links":{"self":[{"href":"https:\/\/colegioarquitectos.com\/noticias\/index.php?rest_route=\/wp\/v2\/posts\/27477","targetHints":{"allow":["GET"]}}],"collection":[{"href":"https:\/\/colegioarquitectos.com\/noticias\/index.php?rest_route=\/wp\/v2\/posts"}],"about":[{"href":"https:\/\/colegioarquitectos.com\/noticias\/index.php?rest_route=\/wp\/v2\/types\/post"}],"author":[{"embeddable":true,"href":"https:\/\/colegioarquitectos.com\/noticias\/index.php?rest_route=\/wp\/v2\/users\/4"}],"replies":[{"embeddable":true,"href":"https:\/\/colegioarquitectos.com\/noticias\/index.php?rest_route=%2Fwp%2Fv2%2Fcomments&post=27477"}],"version-history":[{"count":0,"href":"https:\/\/colegioarquitectos.com\/noticias\/index.php?rest_route=\/wp\/v2\/posts\/27477\/revisions"}],"wp:featuredmedia":[{"embeddable":true,"href":"https:\/\/colegioarquitectos.com\/noticias\/index.php?rest_route=\/wp\/v2\/media\/27818"}],"wp:attachment":[{"href":"https:\/\/colegioarquitectos.com\/noticias\/index.php?rest_route=%2Fwp%2Fv2%2Fmedia&parent=27477"}],"wp:term":[{"taxonomy":"category","embeddable":true,"href":"https:\/\/colegioarquitectos.com\/noticias\/index.php?rest_route=%2Fwp%2Fv2%2Fcategories&post=27477"},{"taxonomy":"post_tag","embeddable":true,"href":"https:\/\/colegioarquitectos.com\/noticias\/index.php?rest_route=%2Fwp%2Fv2%2Ftags&post=27477"}],"curies":[{"name":"wp","href":"https:\/\/api.w.org\/{rel}","templated":true}]}}