
{"id":27540,"date":"2021-08-10T14:29:27","date_gmt":"2021-08-10T14:29:27","guid":{"rendered":"https:\/\/colegioarquitectos.com\/?p=27540"},"modified":"2021-08-20T08:52:10","modified_gmt":"2021-08-20T12:52:10","slug":"revisa-las-actividades-de-nuestras-delegaciones-zonales-durante-el-mes-de-la-arquitectura","status":"publish","type":"post","link":"https:\/\/colegioarquitectos.com\/noticias\/?p=27540","title":{"rendered":"Revisa las actividades de nuestras Delegaciones Zonales durante el Mes de la Arquitectura"},"content":{"rendered":"<p>El<strong> Colegio de Arquitectos de Chile<\/strong> cumple un nuevo a\u00f1o de vida y lo conmemorar\u00e1 con una serie de actividades gratuitas y totalmente online. El hito se iniciar\u00e1 el mi\u00e9rcoles <strong>4 de agosto<\/strong>, d\u00eda en que se cumplen <strong>79 a\u00f1os<\/strong> desde la promulgaci\u00f3n de la <strong>Ley 7.211<\/strong> que cre\u00f3 el Colegio de Arquitectos en 1942, y dar\u00e1 la partida al <strong>Mes de la Arquitectura<\/strong>.<\/p>\n<p>Las actividades que se realizar\u00e1n en conmemoraci\u00f3n de los 79 a\u00f1os de vida del Colegio de Arquitectos de Chile y el Mes de la Arquitectura se enmarcar\u00e1n bajo el lema <strong>\u00abLa arquitectura como agente de cambio\u00bb<\/strong>, como una oportunidad para conversar sobre estos temas y mostrar algunos ejemplos, tanto nacionales como internacionales, que han posibilitado estos cambios en la sociedad.<\/p>\n<p>En esa direcci\u00f3n, nuestras <strong>Delegaciones Zonales<\/strong> estar\u00e1n desarrollando variadas actividades a lo largo del pa\u00eds para conmemorar los 79 a\u00f1os de vida del Colegio de Arquitectos de Chile y el Mes de la Arquitectura, las que puedes revisar a continuaci\u00f3n.<\/p>\n<p>&nbsp;<\/p>\n<h4>Delegaci\u00f3n Zonal O\u2019Higgins<\/h4>\n<hr \/>\n<p><strong>La danza de las ballenas. M\u00fasica de Las Cuatro Estaciones de Vivaldi. Interpretada por la Orquesta Barroca Nuevo Mundo<\/strong><\/p>\n<p><img loading=\"lazy\" decoding=\"async\" class=\"aligncenter size-full wp-image-27542\" src=\"https:\/\/colegioarquitectos.com\/noticias\/wp-content\/uploads\/2021\/08\/unnamed.jpg\" alt=\"\" width=\"1280\" height=\"869\" srcset=\"https:\/\/colegioarquitectos.com\/noticias\/wp-content\/uploads\/2021\/08\/unnamed.jpg 1280w, https:\/\/colegioarquitectos.com\/noticias\/wp-content\/uploads\/2021\/08\/unnamed-300x204.jpg 300w, https:\/\/colegioarquitectos.com\/noticias\/wp-content\/uploads\/2021\/08\/unnamed-768x521.jpg 768w, https:\/\/colegioarquitectos.com\/noticias\/wp-content\/uploads\/2021\/08\/unnamed-1024x695.jpg 1024w\" sizes=\"auto, (max-width: 1280px) 100vw, 1280px\" \/><\/p>\n<p>\u00bfCu\u00e1ndo? <strong>Jueves 19 de agosto a las 19.00 horas<\/strong><\/p>\n<p>\u00bfD\u00f3nde?<\/p>\n<p><iframe loading=\"lazy\" title=\"YouTube video player\" src=\"https:\/\/www.youtube.com\/embed\/prYwAuI8E0g\" width=\"560\" height=\"315\" frameborder=\"0\" allowfullscreen=\"allowfullscreen\"><\/iframe><\/p>\n<p>&nbsp;<\/p>\n<p>La Danza de las Ballenas, concierto realizado en forma remota con\u00a0 m\u00fasica de Antonio Vivaldi, acompa\u00f1ando de incre\u00edbles im\u00e1genes y momentos grabados en las costas del pac\u00edfico durante el periodo de procreaci\u00f3n y de crianza de ballenas jorobadas. En esos momentos las cr\u00edas aprenden destrezas, silbidos, bailes y cantos. No s\u00f3lo con el fin de comunicar su estado de \u00e1nimo, sino tambi\u00e9n de organizar sonidos para hacer m\u00fasica.<\/p>\n<p>&nbsp;<\/p>\n<h4>Delegaci\u00f3n Zonal Concepci\u00f3n<\/h4>\n<hr \/>\n<p><strong>Conversatorio | Arquitectura + Covid: \u00bfHabitar en Ciudades m\u00e1s Humanas?<\/strong><\/p>\n<p><img loading=\"lazy\" decoding=\"async\" class=\"aligncenter size-full wp-image-27541\" src=\"https:\/\/colegioarquitectos.com\/noticias\/wp-content\/uploads\/2021\/08\/arqcovid.jpg\" alt=\"\" width=\"1980\" height=\"1627\" srcset=\"https:\/\/colegioarquitectos.com\/noticias\/wp-content\/uploads\/2021\/08\/arqcovid.jpg 1980w, https:\/\/colegioarquitectos.com\/noticias\/wp-content\/uploads\/2021\/08\/arqcovid-300x247.jpg 300w, https:\/\/colegioarquitectos.com\/noticias\/wp-content\/uploads\/2021\/08\/arqcovid-768x631.jpg 768w, https:\/\/colegioarquitectos.com\/noticias\/wp-content\/uploads\/2021\/08\/arqcovid-1024x841.jpg 1024w\" sizes=\"auto, (max-width: 1980px) 100vw, 1980px\" \/><\/p>\n<p>\u00bfCu\u00e1ndo? <strong>Mi\u00e9rcoles 4 de agosto a las 19.00 horas<\/strong><\/p>\n<p>\u00bfD\u00f3nde? <strong><a href=\"https:\/\/trienal.cl\/\">https:\/\/trienal.cl\/<\/a><\/strong><\/p>\n<p>&nbsp;<\/p>\n<p>El conversatorio tendr\u00e1 como eje reflexiones y planteamientos de distintas visiones acerca de los cambios e impactos que se vienen en las urbes, a ra\u00edz de la emergencia sanitaria y tambi\u00e9n de las nuevas tecnolog\u00edas que irrumpen en la actualidad.<\/p>\n<p>Participar\u00e1n en esta instancia, abierta a todo p\u00fablico, los arquitectos y acad\u00e9micos Caz\u00fa Zegers (PUCV),\u00a0 Francisca Astaburuaga (UDD), Emil Osorio (U. Austral), Juan Pablo Klempau (UdeC) y Pablo Altikes (UDD).<\/p>\n<p>&nbsp;<\/p>\n<h4>Delegaci\u00f3n Zonal Ays\u00e9n<\/h4>\n<hr \/>\n<p><strong>Premio regional de arquitectura \u00abNono Torres\u00bb<\/strong><\/p>\n<p><img loading=\"lazy\" decoding=\"async\" class=\"aligncenter size-full wp-image-27612\" src=\"https:\/\/colegioarquitectos.com\/noticias\/wp-content\/uploads\/2021\/08\/Nuevo-proyecto-3.jpg\" alt=\"\" width=\"1280\" height=\"720\" srcset=\"https:\/\/colegioarquitectos.com\/noticias\/wp-content\/uploads\/2021\/08\/Nuevo-proyecto-3.jpg 1280w, https:\/\/colegioarquitectos.com\/noticias\/wp-content\/uploads\/2021\/08\/Nuevo-proyecto-3-300x169.jpg 300w, https:\/\/colegioarquitectos.com\/noticias\/wp-content\/uploads\/2021\/08\/Nuevo-proyecto-3-768x432.jpg 768w, https:\/\/colegioarquitectos.com\/noticias\/wp-content\/uploads\/2021\/08\/Nuevo-proyecto-3-1024x576.jpg 1024w\" sizes=\"auto, (max-width: 1280px) 100vw, 1280px\" \/><\/p>\n<p>\u00bfCu\u00e1ndo?\u00a0<strong>Se cierran las postulaciones el\u00a0jueves 19 de agosto de 2021<\/strong><\/p>\n<p>\u00bfD\u00f3nde?\u00a0\u00a0<strong><a href=\"mailto:premio.nonotorres.aysen@gmail.com\">premio.nonotorres.aysen@gmail.com<\/a>\u00a0o\u00a0<a href=\"https:\/\/colegioarquitectos.com\/noticias\/?p=27610\">Premio \u00abNono Torres\u00bb<\/a><\/strong><\/p>\n<p>&nbsp;<\/p>\n<p>El\u00a0<strong>premio regional de arquitectura \u00abNono Torres\u00bb<\/strong>\u00a0fue creado en\u00a0<strong>2019<\/strong>\u00a0y es una iniciativa de la\u00a0<strong>Delegaci\u00f3n Zonal Ays\u00e9n<\/strong>\u00a0del\u00a0<strong>Colegio de Arquitectos de Chile<\/strong>, que busca poner en valor los diferentes aportes que los arquitectos y arquitectas realizan para el desarrollo de la Patagonia Aysenina<\/p>\n<p>El nombre del premio se plantea como un homenaje a\u00a0<strong>Jer\u00f3nimo Torres Campos (conocido por todos y todas como \u00abNono Torres\u00bb)<\/strong>,\u00a0<strong>el primer arquitecto que lleg\u00f3 a la Regi\u00f3n de Ays\u00e9n a trav\u00e9s de la Direcci\u00f3n de Arquitectura del Ministerio de Obras P\u00fablicas en 1953<\/strong>, y que durante toda su vida profesional dedic\u00f3 un amplio esfuerzo en la promoci\u00f3n de este territorio y la creaci\u00f3n de obras concretas para su desarrollo.<\/p>\n<p>&nbsp;<\/p>\n<p><b>VI Semana de la Arquitectura<\/b><\/p>\n<p><img loading=\"lazy\" decoding=\"async\" class=\"aligncenter size-full wp-image-27644\" src=\"https:\/\/colegioarquitectos.com\/noticias\/wp-content\/uploads\/2021\/08\/AficheVISemanArq_2021_1080ppi-1.jpg\" alt=\"\" width=\"1080\" height=\"1080\" srcset=\"https:\/\/colegioarquitectos.com\/noticias\/wp-content\/uploads\/2021\/08\/AficheVISemanArq_2021_1080ppi-1.jpg 1080w, https:\/\/colegioarquitectos.com\/noticias\/wp-content\/uploads\/2021\/08\/AficheVISemanArq_2021_1080ppi-1-180x180.jpg 180w, https:\/\/colegioarquitectos.com\/noticias\/wp-content\/uploads\/2021\/08\/AficheVISemanArq_2021_1080ppi-1-300x300.jpg 300w, https:\/\/colegioarquitectos.com\/noticias\/wp-content\/uploads\/2021\/08\/AficheVISemanArq_2021_1080ppi-1-768x768.jpg 768w, https:\/\/colegioarquitectos.com\/noticias\/wp-content\/uploads\/2021\/08\/AficheVISemanArq_2021_1080ppi-1-1024x1024.jpg 1024w\" sizes=\"auto, (max-width: 1080px) 100vw, 1080px\" \/><\/p>\n<p>\u00bfCu\u00e1ndo?\u00a0<strong>Desde el 23 al 27 de agosto<\/strong><\/p>\n<p>\u00bfD\u00f3nde?\u00a0 <a href=\"https:\/\/www.facebook.com\/delegacion.aysen\">FB Live | @delegacion.aysen<\/a><\/p>\n<p>&nbsp;<\/p>\n<h4>Delegaci\u00f3n Zonal Magallanes<\/h4>\n<hr \/>\n<p><strong>Conversatorio \u00abLa visi\u00f3n del h\u00e1bitat y el territorio del pueblo Selk\u2019nam: proyecciones de trazos ambientales\u00bb<\/strong><\/p>\n<p><a href=\"https:\/\/www.youtube.com\/channel\/UCQgCF1S1mn9DrXf84Qy0Cmg\/featured\"><img loading=\"lazy\" decoding=\"async\" class=\"aligncenter wp-image-27615 size-full\" src=\"https:\/\/colegioarquitectos.com\/noticias\/wp-content\/uploads\/2021\/08\/232798238_100256315700859_1383558932263454143_n.jpg\" alt=\"\" width=\"1369\" height=\"771\" srcset=\"https:\/\/colegioarquitectos.com\/noticias\/wp-content\/uploads\/2021\/08\/232798238_100256315700859_1383558932263454143_n.jpg 1369w, https:\/\/colegioarquitectos.com\/noticias\/wp-content\/uploads\/2021\/08\/232798238_100256315700859_1383558932263454143_n-300x169.jpg 300w, https:\/\/colegioarquitectos.com\/noticias\/wp-content\/uploads\/2021\/08\/232798238_100256315700859_1383558932263454143_n-768x433.jpg 768w, https:\/\/colegioarquitectos.com\/noticias\/wp-content\/uploads\/2021\/08\/232798238_100256315700859_1383558932263454143_n-1024x577.jpg 1024w\" sizes=\"auto, (max-width: 1369px) 100vw, 1369px\" \/><\/a><\/p>\n<p>&nbsp;<\/p>\n<p>\u00bfCu\u00e1ndo? <strong>Viernes 13 de agosto a las 19:00 horas (horario Magallanes. 18.00 horas en el resto del pa\u00eds)<\/strong><\/p>\n<p>\u00bfD\u00f3nde? <a href=\"https:\/\/www.youtube.com\/channel\/UCQgCF1S1mn9DrXf84Qy0Cmg\/featured\">YouTube Live<\/a> |\u00a0\u00a0<strong><a href=\"https:\/\/www.facebook.com\/profile.php?id=100071494710499\">Delegaci\u00f3n Zonal Magallanes<\/a><\/strong><\/p>\n<p>&nbsp;<\/p>\n<p>En esta ocasi\u00f3n, hemos querido poner en valor el maravilloso patrimonio intangible y material del Pueblo Selk\u2019nam a trav\u00e9s de sus representantes, quienes compartir\u00e1n su historia, su visi\u00f3n del habitar y el territorio, y los desaf\u00edos presentes y futuros en los que persiste su comunidad. Se trata una de las p\u00e1ginas m\u00e1s dolorosas que han vivido nuestros pueblos originarios, un pueblo pac\u00edfico dedicado a la caza del guanaco en Tierra del Fuego, en un violento choque cultural, donde el Estado superpuso el desarrollo de las grandes estancias ganaderas al pr\u00edstino y fr\u00e1gil h\u00e1bitat Selk\u00b4nam, que hab\u00eda llevado miles de a\u00f1os en un equilibrio \u00fanico y arm\u00f3nico con la naturaleza. Cazados hasta casi su total exterminio, despojados de su tierra a una Misi\u00f3n Cat\u00f3lica con una cultura ajena, en la Isla Dawson, masivamente muertos por pestes y enfermedades occidentales.<\/p>\n<p>Hace pocas semanas, luego de 100 a\u00f1os de un silencio interminable, donde los hijos y nietos de pioneros y aventuraros siguen cantando sus historias de esfuerzo y sacrificio, un arquitecto comparte los trazos de lugares desconocidos a trav\u00e9s de un bello libro de paisajes ancestrales. Esto motiva a los arquitectos de Magallanes el deseo de conocer la otra historia, una historia no tan lejana, iniciada a fines del siglo XIX y desarrollada de forma vertiginosa en las primeras d\u00e9cadas del siglo XX. Las voces de este pueblo vienen a contar ahora su verdad, contemplando desde la distancia la tierra desde donde partieron sus abuelos. Hoy este pueblo est\u00e1 de vuelta.<\/p>\n<p>&nbsp;<\/p>\n<p><strong>Charla \u00abLa importancia de la accesibilidad universal: una visi\u00f3n hol\u00edstica\u00bb<\/strong><\/p>\n<p>Expone: <strong>Cecilia Leiva, Presidenta del Comit\u00e9 de Coordinaci\u00f3n de Accesibilidad Universal.<\/strong><\/p>\n<p>\u00bfCu\u00e1ndo? Mi\u00e9rcoles<strong>\u00a018 de agosto a las 19:00 horas (horario Magallanes. 18.00 horas en el resto del pa\u00eds)<\/strong><\/p>\n<p>\u00bfD\u00f3nde? <a href=\"https:\/\/www.youtube.com\/channel\/UCQgCF1S1mn9DrXf84Qy0Cmg\/featured\">YouTube Live<\/a> |\u00a0\u00a0<strong><a href=\"https:\/\/www.facebook.com\/profile.php?id=100071494710499\">Delegaci\u00f3n Zonal Magallanes<\/a><\/strong><strong><\/strong><\/p>\n<p>&nbsp;<\/p>\n<p><strong>Charla \u00abSoluciones t\u00e9cnicas de accesibilidad universal para obras urbanas y habitacionales. Criterios de evaluaci\u00f3n seg\u00fan tipo de dificultad\u00bb<\/strong><\/p>\n<p>Expone: <strong>Kristine France, Especialista en Accesibilidad.<\/strong><\/p>\n<p>\u00bfCu\u00e1ndo? Jueves<strong>\u00a019 de agosto a las 19:00 horas (horario Magallanes. 18.00 horas en el resto del pa\u00eds)<\/strong><\/p>\n<p>\u00bfD\u00f3nde? <a href=\"https:\/\/www.youtube.com\/channel\/UCQgCF1S1mn9DrXf84Qy0Cmg\/featured\">YouTube Live<\/a> |\u00a0\u00a0<strong><a href=\"https:\/\/www.facebook.com\/profile.php?id=100071494710499\">Delegaci\u00f3n Zonal Magallanes<\/a><\/strong><\/p>\n<p>&nbsp;<\/p>\n<p><strong>Charla \u00abManual de accesibilidad universal para instalaciones deportivas\u00bb<\/strong><\/p>\n<p>Expone: <strong>Paulina Andr\u00e9s, Presidenta del Comit\u00e9 de Arquitectura Deportiva.<\/strong><\/p>\n<p>\u00bfCu\u00e1ndo? <strong>Viernes\u00a020 de agosto a las 19:00 horas (horario Magallanes. 18.00 horas en el resto del pa\u00eds)<\/strong><\/p>\n<p>\u00bfD\u00f3nde? <a href=\"https:\/\/www.youtube.com\/channel\/UCQgCF1S1mn9DrXf84Qy0Cmg\/featured\">YouTube Live<\/a> |\u00a0\u00a0<strong><a href=\"https:\/\/www.facebook.com\/profile.php?id=100071494710499\">Delegaci\u00f3n Zonal Magallanes<\/a><\/strong><\/p>\n<p>&nbsp;<\/p>\n<p><strong>Charla \u00abPlanes Reguladores en Magallanes: criterios y desaf\u00edos\u00bb<\/strong><\/p>\n<p>Expone: <strong>Pablo Jord\u00e1n, Consultora URBE Arquitectos, Dise\u00f1o y Gesti\u00f3n Urbana.<\/strong><\/p>\n<p>\u00bfCu\u00e1ndo? Jueves<strong>\u00a026 de agosto a las 19:00 horas (horario Magallanes. 18.00 horas en el resto del pa\u00eds)<\/strong><\/p>\n<p>\u00bfD\u00f3nde? <a href=\"https:\/\/www.youtube.com\/channel\/UCQgCF1S1mn9DrXf84Qy0Cmg\/featured\">YouTube Live<\/a> |\u00a0\u00a0<strong><a href=\"https:\/\/www.facebook.com\/profile.php?id=100071494710499\">Delegaci\u00f3n Zonal Magallanes<\/a><\/strong><\/p>\n<p>&nbsp;<\/p>\n<p><strong>Charla \u00abPresentaci\u00f3n del Consejo Nacional de Desarrollo Urbano\u00bb<\/strong><\/p>\n<p>Expone: <strong>Sergio Baeriswyl, Premio Nacional de Urbanismo 2014 y Presidente del Consejo Nacional de Desarrollo Urbano<\/strong><\/p>\n<p>\u00bfCu\u00e1ndo? Viernes<strong>\u00a027 de agosto a las 19:00 horas (horario Magallanes. 18.00 horas en el resto del pa\u00eds)<\/strong><\/p>\n<p>\u00bfD\u00f3nde? <a href=\"https:\/\/www.youtube.com\/channel\/UCQgCF1S1mn9DrXf84Qy0Cmg\/featured\">YouTube Live<\/a> |\u00a0\u00a0<strong><a href=\"https:\/\/www.facebook.com\/profile.php?id=100071494710499\">Delegaci\u00f3n Zonal Magallanes<\/a><\/strong><\/p>\n<p>&nbsp;<\/p>\n<p><\/p>","protected":false},"excerpt":{"rendered":"<p>El Colegio de Arquitectos de Chile cumple un nuevo a\u00f1o de vida y lo conmemorar\u00e1 con una serie de actividades gratuitas y totalmente online. El hito se iniciar\u00e1 el mi\u00e9rcoles 4 de agosto, d\u00eda en que se cumplen 79 a\u00f1os &hellip; <a class=\"more-link\" href=\"https:\/\/colegioarquitectos.com\/noticias\/?p=27540\">ver m\u00e1s<\/a><\/p>","protected":false},"author":4,"featured_media":27538,"comment_status":"closed","ping_status":"closed","sticky":false,"template":"","format":"standard","meta":{"footnotes":""},"categories":[10],"tags":[],"class_list":["post-27540","post","type-post","status-publish","format-standard","has-post-thumbnail","hentry","category-delegaciones-zonales"],"yoast_head":"<!-- This site is optimized with the Yoast SEO plugin v24.2 - https:\/\/yoast.com\/wordpress\/plugins\/seo\/ -->\n<title>Revisa las actividades de nuestras Delegaciones Zonales durante el Mes de la Arquitectura - COLEGIO DE ARQUITECTOS DE CHILE<\/title>\n<meta name=\"robots\" content=\"index, follow, max-snippet:-1, max-image-preview:large, max-video-preview:-1\" \/>\n<link rel=\"canonical\" href=\"https:\/\/colegioarquitectos.com\/noticias\/?p=27540\" \/>\n<meta property=\"og:locale\" content=\"es_ES\" \/>\n<meta property=\"og:type\" content=\"article\" \/>\n<meta property=\"og:title\" content=\"Revisa las actividades de nuestras Delegaciones Zonales durante el Mes de la Arquitectura - COLEGIO DE ARQUITECTOS DE CHILE\" \/>\n<meta property=\"og:description\" content=\"El Colegio de Arquitectos de Chile cumple un nuevo a\u00f1o de vida y lo conmemorar\u00e1 con una serie de actividades gratuitas y totalmente online. El hito se iniciar\u00e1 el mi\u00e9rcoles 4 de agosto, d\u00eda en que se cumplen 79 a\u00f1os &hellip; ver m\u00e1s\" \/>\n<meta property=\"og:url\" content=\"https:\/\/colegioarquitectos.com\/noticias\/?p=27540\" \/>\n<meta property=\"og:site_name\" content=\"COLEGIO DE ARQUITECTOS DE CHILE\" \/>\n<meta property=\"article:publisher\" content=\"https:\/\/facebook.com\/Colegioarq\/\" \/>\n<meta property=\"article:published_time\" content=\"2021-08-10T14:29:27+00:00\" \/>\n<meta property=\"article:modified_time\" content=\"2021-08-20T12:52:10+00:00\" \/>\n<meta property=\"og:image\" content=\"https:\/\/colegioarquitectos.com\/noticias\/wp-content\/uploads\/2021\/08\/WhatsApp-Image-2021-08-04-at-08.57.12.jpeg\" \/>\n\t<meta property=\"og:image:width\" content=\"1280\" \/>\n\t<meta property=\"og:image:height\" content=\"720\" \/>\n\t<meta property=\"og:image:type\" content=\"image\/jpeg\" \/>\n<meta name=\"author\" content=\"Colegio de Arquitectos de Chile\" \/>\n<meta name=\"twitter:card\" content=\"summary_large_image\" \/>\n<meta name=\"twitter:creator\" content=\"@colegioarq\" \/>\n<meta name=\"twitter:site\" content=\"@colegioarq\" \/>\n<meta name=\"twitter:label1\" content=\"Escrito por\" \/>\n\t<meta name=\"twitter:data1\" content=\"Colegio de Arquitectos de Chile\" \/>\n\t<meta name=\"twitter:label2\" content=\"Tiempo de lectura\" \/>\n\t<meta name=\"twitter:data2\" content=\"6 minutos\" \/>\n<script type=\"application\/ld+json\" class=\"yoast-schema-graph\">{\"@context\":\"https:\/\/schema.org\",\"@graph\":[{\"@type\":\"Article\",\"@id\":\"https:\/\/colegioarquitectos.com\/noticias\/?p=27540#article\",\"isPartOf\":{\"@id\":\"https:\/\/colegioarquitectos.com\/noticias\/?p=27540\"},\"author\":{\"name\":\"Colegio de Arquitectos de Chile\",\"@id\":\"https:\/\/colegioarquitectos.com\/noticias\/#\/schema\/person\/685cc0aad148303c5608f049af8285ad\"},\"headline\":\"Revisa las actividades de nuestras Delegaciones Zonales durante el Mes de la Arquitectura\",\"datePublished\":\"2021-08-10T14:29:27+00:00\",\"dateModified\":\"2021-08-20T12:52:10+00:00\",\"mainEntityOfPage\":{\"@id\":\"https:\/\/colegioarquitectos.com\/noticias\/?p=27540\"},\"wordCount\":1151,\"publisher\":{\"@id\":\"https:\/\/colegioarquitectos.com\/noticias\/#organization\"},\"image\":{\"@id\":\"https:\/\/colegioarquitectos.com\/noticias\/?p=27540#primaryimage\"},\"thumbnailUrl\":\"https:\/\/colegioarquitectos.com\/noticias\/wp-content\/uploads\/2021\/08\/WhatsApp-Image-2021-08-04-at-08.57.12.jpeg\",\"articleSection\":[\"Delegaciones\"],\"inLanguage\":\"es\"},{\"@type\":\"WebPage\",\"@id\":\"https:\/\/colegioarquitectos.com\/noticias\/?p=27540\",\"url\":\"https:\/\/colegioarquitectos.com\/noticias\/?p=27540\",\"name\":\"Revisa las actividades de nuestras Delegaciones Zonales durante el Mes de la Arquitectura - COLEGIO DE ARQUITECTOS DE CHILE\",\"isPartOf\":{\"@id\":\"https:\/\/colegioarquitectos.com\/noticias\/#website\"},\"primaryImageOfPage\":{\"@id\":\"https:\/\/colegioarquitectos.com\/noticias\/?p=27540#primaryimage\"},\"image\":{\"@id\":\"https:\/\/colegioarquitectos.com\/noticias\/?p=27540#primaryimage\"},\"thumbnailUrl\":\"https:\/\/colegioarquitectos.com\/noticias\/wp-content\/uploads\/2021\/08\/WhatsApp-Image-2021-08-04-at-08.57.12.jpeg\",\"datePublished\":\"2021-08-10T14:29:27+00:00\",\"dateModified\":\"2021-08-20T12:52:10+00:00\",\"breadcrumb\":{\"@id\":\"https:\/\/colegioarquitectos.com\/noticias\/?p=27540#breadcrumb\"},\"inLanguage\":\"es\",\"potentialAction\":[{\"@type\":\"ReadAction\",\"target\":[\"https:\/\/colegioarquitectos.com\/noticias\/?p=27540\"]}]},{\"@type\":\"ImageObject\",\"inLanguage\":\"es\",\"@id\":\"https:\/\/colegioarquitectos.com\/noticias\/?p=27540#primaryimage\",\"url\":\"https:\/\/colegioarquitectos.com\/noticias\/wp-content\/uploads\/2021\/08\/WhatsApp-Image-2021-08-04-at-08.57.12.jpeg\",\"contentUrl\":\"https:\/\/colegioarquitectos.com\/noticias\/wp-content\/uploads\/2021\/08\/WhatsApp-Image-2021-08-04-at-08.57.12.jpeg\",\"width\":1280,\"height\":720},{\"@type\":\"BreadcrumbList\",\"@id\":\"https:\/\/colegioarquitectos.com\/noticias\/?p=27540#breadcrumb\",\"itemListElement\":[{\"@type\":\"ListItem\",\"position\":1,\"name\":\"Portada\",\"item\":\"https:\/\/colegioarquitectos.com\/noticias\"},{\"@type\":\"ListItem\",\"position\":2,\"name\":\"Revisa las actividades de nuestras Delegaciones Zonales durante el Mes de la Arquitectura\"}]},{\"@type\":\"WebSite\",\"@id\":\"https:\/\/colegioarquitectos.com\/noticias\/#website\",\"url\":\"https:\/\/colegioarquitectos.com\/noticias\/\",\"name\":\"COLEGIO DE ARQUITECTOS DE CHILE\",\"description\":\"\",\"publisher\":{\"@id\":\"https:\/\/colegioarquitectos.com\/noticias\/#organization\"},\"potentialAction\":[{\"@type\":\"SearchAction\",\"target\":{\"@type\":\"EntryPoint\",\"urlTemplate\":\"https:\/\/colegioarquitectos.com\/noticias\/?s={search_term_string}\"},\"query-input\":{\"@type\":\"PropertyValueSpecification\",\"valueRequired\":true,\"valueName\":\"search_term_string\"}}],\"inLanguage\":\"es\"},{\"@type\":\"Organization\",\"@id\":\"https:\/\/colegioarquitectos.com\/noticias\/#organization\",\"name\":\"COLEGIO DE ARQUITECTOS DE CHILE\",\"url\":\"https:\/\/colegioarquitectos.com\/noticias\/\",\"logo\":{\"@type\":\"ImageObject\",\"inLanguage\":\"es\",\"@id\":\"https:\/\/colegioarquitectos.com\/noticias\/#\/schema\/logo\/image\/\",\"url\":\"https:\/\/colegioarquitectos.com\/noticias\/wp-content\/uploads\/2021\/05\/ENCABEZADO-LOGO-CA.jpg\",\"contentUrl\":\"https:\/\/colegioarquitectos.com\/noticias\/wp-content\/uploads\/2021\/05\/ENCABEZADO-LOGO-CA.jpg\",\"width\":690,\"height\":350,\"caption\":\"COLEGIO DE ARQUITECTOS DE CHILE\"},\"image\":{\"@id\":\"https:\/\/colegioarquitectos.com\/noticias\/#\/schema\/logo\/image\/\"},\"sameAs\":[\"https:\/\/facebook.com\/Colegioarq\/\",\"https:\/\/x.com\/colegioarq\",\"https:\/\/instagram.com\/colegioarq\",\"https:\/\/youtube.com\/@ColegiodeArquitectosdeChile\"]},{\"@type\":\"Person\",\"@id\":\"https:\/\/colegioarquitectos.com\/noticias\/#\/schema\/person\/685cc0aad148303c5608f049af8285ad\",\"name\":\"Colegio de Arquitectos de Chile\",\"url\":\"https:\/\/colegioarquitectos.com\/noticias\/?author=4\"}]}<\/script>\n<!-- \/ Yoast SEO plugin. -->","yoast_head_json":{"title":"Revisa las actividades de nuestras Delegaciones Zonales durante el Mes de la Arquitectura - COLEGIO DE ARQUITECTOS DE CHILE","robots":{"index":"index","follow":"follow","max-snippet":"max-snippet:-1","max-image-preview":"max-image-preview:large","max-video-preview":"max-video-preview:-1"},"canonical":"https:\/\/colegioarquitectos.com\/noticias\/?p=27540","og_locale":"es_ES","og_type":"article","og_title":"Revisa las actividades de nuestras Delegaciones Zonales durante el Mes de la Arquitectura - COLEGIO DE ARQUITECTOS DE CHILE","og_description":"El Colegio de Arquitectos de Chile cumple un nuevo a\u00f1o de vida y lo conmemorar\u00e1 con una serie de actividades gratuitas y totalmente online. El hito se iniciar\u00e1 el mi\u00e9rcoles 4 de agosto, d\u00eda en que se cumplen 79 a\u00f1os &hellip; ver m\u00e1s","og_url":"https:\/\/colegioarquitectos.com\/noticias\/?p=27540","og_site_name":"COLEGIO DE ARQUITECTOS DE CHILE","article_publisher":"https:\/\/facebook.com\/Colegioarq\/","article_published_time":"2021-08-10T14:29:27+00:00","article_modified_time":"2021-08-20T12:52:10+00:00","og_image":[{"width":1280,"height":720,"url":"https:\/\/colegioarquitectos.com\/noticias\/wp-content\/uploads\/2021\/08\/WhatsApp-Image-2021-08-04-at-08.57.12.jpeg","type":"image\/jpeg"}],"author":"Colegio de Arquitectos de Chile","twitter_card":"summary_large_image","twitter_creator":"@colegioarq","twitter_site":"@colegioarq","twitter_misc":{"Escrito por":"Colegio de Arquitectos de Chile","Tiempo de lectura":"6 minutos"},"schema":{"@context":"https:\/\/schema.org","@graph":[{"@type":"Article","@id":"https:\/\/colegioarquitectos.com\/noticias\/?p=27540#article","isPartOf":{"@id":"https:\/\/colegioarquitectos.com\/noticias\/?p=27540"},"author":{"name":"Colegio de Arquitectos de Chile","@id":"https:\/\/colegioarquitectos.com\/noticias\/#\/schema\/person\/685cc0aad148303c5608f049af8285ad"},"headline":"Revisa las actividades de nuestras Delegaciones Zonales durante el Mes de la Arquitectura","datePublished":"2021-08-10T14:29:27+00:00","dateModified":"2021-08-20T12:52:10+00:00","mainEntityOfPage":{"@id":"https:\/\/colegioarquitectos.com\/noticias\/?p=27540"},"wordCount":1151,"publisher":{"@id":"https:\/\/colegioarquitectos.com\/noticias\/#organization"},"image":{"@id":"https:\/\/colegioarquitectos.com\/noticias\/?p=27540#primaryimage"},"thumbnailUrl":"https:\/\/colegioarquitectos.com\/noticias\/wp-content\/uploads\/2021\/08\/WhatsApp-Image-2021-08-04-at-08.57.12.jpeg","articleSection":["Delegaciones"],"inLanguage":"es"},{"@type":"WebPage","@id":"https:\/\/colegioarquitectos.com\/noticias\/?p=27540","url":"https:\/\/colegioarquitectos.com\/noticias\/?p=27540","name":"Revisa las actividades de nuestras Delegaciones Zonales durante el Mes de la Arquitectura - COLEGIO DE ARQUITECTOS DE CHILE","isPartOf":{"@id":"https:\/\/colegioarquitectos.com\/noticias\/#website"},"primaryImageOfPage":{"@id":"https:\/\/colegioarquitectos.com\/noticias\/?p=27540#primaryimage"},"image":{"@id":"https:\/\/colegioarquitectos.com\/noticias\/?p=27540#primaryimage"},"thumbnailUrl":"https:\/\/colegioarquitectos.com\/noticias\/wp-content\/uploads\/2021\/08\/WhatsApp-Image-2021-08-04-at-08.57.12.jpeg","datePublished":"2021-08-10T14:29:27+00:00","dateModified":"2021-08-20T12:52:10+00:00","breadcrumb":{"@id":"https:\/\/colegioarquitectos.com\/noticias\/?p=27540#breadcrumb"},"inLanguage":"es","potentialAction":[{"@type":"ReadAction","target":["https:\/\/colegioarquitectos.com\/noticias\/?p=27540"]}]},{"@type":"ImageObject","inLanguage":"es","@id":"https:\/\/colegioarquitectos.com\/noticias\/?p=27540#primaryimage","url":"https:\/\/colegioarquitectos.com\/noticias\/wp-content\/uploads\/2021\/08\/WhatsApp-Image-2021-08-04-at-08.57.12.jpeg","contentUrl":"https:\/\/colegioarquitectos.com\/noticias\/wp-content\/uploads\/2021\/08\/WhatsApp-Image-2021-08-04-at-08.57.12.jpeg","width":1280,"height":720},{"@type":"BreadcrumbList","@id":"https:\/\/colegioarquitectos.com\/noticias\/?p=27540#breadcrumb","itemListElement":[{"@type":"ListItem","position":1,"name":"Portada","item":"https:\/\/colegioarquitectos.com\/noticias"},{"@type":"ListItem","position":2,"name":"Revisa las actividades de nuestras Delegaciones Zonales durante el Mes de la Arquitectura"}]},{"@type":"WebSite","@id":"https:\/\/colegioarquitectos.com\/noticias\/#website","url":"https:\/\/colegioarquitectos.com\/noticias\/","name":"COLEGIO DE ARQUITECTOS DE CHILE","description":"","publisher":{"@id":"https:\/\/colegioarquitectos.com\/noticias\/#organization"},"potentialAction":[{"@type":"SearchAction","target":{"@type":"EntryPoint","urlTemplate":"https:\/\/colegioarquitectos.com\/noticias\/?s={search_term_string}"},"query-input":{"@type":"PropertyValueSpecification","valueRequired":true,"valueName":"search_term_string"}}],"inLanguage":"es"},{"@type":"Organization","@id":"https:\/\/colegioarquitectos.com\/noticias\/#organization","name":"COLEGIO DE ARQUITECTOS DE CHILE","url":"https:\/\/colegioarquitectos.com\/noticias\/","logo":{"@type":"ImageObject","inLanguage":"es","@id":"https:\/\/colegioarquitectos.com\/noticias\/#\/schema\/logo\/image\/","url":"https:\/\/colegioarquitectos.com\/noticias\/wp-content\/uploads\/2021\/05\/ENCABEZADO-LOGO-CA.jpg","contentUrl":"https:\/\/colegioarquitectos.com\/noticias\/wp-content\/uploads\/2021\/05\/ENCABEZADO-LOGO-CA.jpg","width":690,"height":350,"caption":"COLEGIO DE ARQUITECTOS DE CHILE"},"image":{"@id":"https:\/\/colegioarquitectos.com\/noticias\/#\/schema\/logo\/image\/"},"sameAs":["https:\/\/facebook.com\/Colegioarq\/","https:\/\/x.com\/colegioarq","https:\/\/instagram.com\/colegioarq","https:\/\/youtube.com\/@ColegiodeArquitectosdeChile"]},{"@type":"Person","@id":"https:\/\/colegioarquitectos.com\/noticias\/#\/schema\/person\/685cc0aad148303c5608f049af8285ad","name":"Colegio de Arquitectos de Chile","url":"https:\/\/colegioarquitectos.com\/noticias\/?author=4"}]}},"_links":{"self":[{"href":"https:\/\/colegioarquitectos.com\/noticias\/index.php?rest_route=\/wp\/v2\/posts\/27540","targetHints":{"allow":["GET"]}}],"collection":[{"href":"https:\/\/colegioarquitectos.com\/noticias\/index.php?rest_route=\/wp\/v2\/posts"}],"about":[{"href":"https:\/\/colegioarquitectos.com\/noticias\/index.php?rest_route=\/wp\/v2\/types\/post"}],"author":[{"embeddable":true,"href":"https:\/\/colegioarquitectos.com\/noticias\/index.php?rest_route=\/wp\/v2\/users\/4"}],"replies":[{"embeddable":true,"href":"https:\/\/colegioarquitectos.com\/noticias\/index.php?rest_route=%2Fwp%2Fv2%2Fcomments&post=27540"}],"version-history":[{"count":0,"href":"https:\/\/colegioarquitectos.com\/noticias\/index.php?rest_route=\/wp\/v2\/posts\/27540\/revisions"}],"wp:featuredmedia":[{"embeddable":true,"href":"https:\/\/colegioarquitectos.com\/noticias\/index.php?rest_route=\/wp\/v2\/media\/27538"}],"wp:attachment":[{"href":"https:\/\/colegioarquitectos.com\/noticias\/index.php?rest_route=%2Fwp%2Fv2%2Fmedia&parent=27540"}],"wp:term":[{"taxonomy":"category","embeddable":true,"href":"https:\/\/colegioarquitectos.com\/noticias\/index.php?rest_route=%2Fwp%2Fv2%2Fcategories&post=27540"},{"taxonomy":"post_tag","embeddable":true,"href":"https:\/\/colegioarquitectos.com\/noticias\/index.php?rest_route=%2Fwp%2Fv2%2Ftags&post=27540"}],"curies":[{"name":"wp","href":"https:\/\/api.w.org\/{rel}","templated":true}]}}