
{"id":27573,"date":"2021-08-09T15:19:08","date_gmt":"2021-08-09T15:19:08","guid":{"rendered":"https:\/\/colegioarquitectos.com\/?p=27573"},"modified":"2021-08-12T19:30:48","modified_gmt":"2021-08-12T19:30:48","slug":"participa-del-webinar-schneider-electric-nuevo-reglamento-electrico","status":"publish","type":"post","link":"https:\/\/colegioarquitectos.com\/noticias\/?p=27573","title":{"rendered":"Participa del evento digital Schneider Electric \u00abNuevo Reglamento El\u00e9ctrico\u00bb"},"content":{"rendered":"<p>Schneider Electric te invita este jueves 12 de agosto a las 9:00 horas al evento digital \u00abNuevo Reglamento El\u00e9ctrico\u00bb.. Vivimos en un mundo cada vez m\u00e1s el\u00e9ctrico que nos conduce hacia un ambiente m\u00e1s sostenible, con menor consumo de combustibles f\u00f3siles, menor contaminaci\u00f3n y reducci\u00f3n de huella de carbono. <strong>Las innovaciones y avances tecnol\u00f3gicos han tomado en Chile un protagonismo cada vez m\u00e1s fuerte<\/strong>, convirti\u00e9ndolo en el pa\u00eds m\u00e1s electrificado de Sudam\u00e9rica y con proyecciones muy prometedoras para la regi\u00f3n en los a\u00f1os venideros.<\/p>\n<p>\u00danete a nuestro evento <strong>este\u00a0jueves 12 de agosto a las 9.00 horas<\/strong> y conoce las nuevas exigencias m\u00ednimas que deben ser consideradas en el dise\u00f1o, construcci\u00f3n, puesta en servicio, operaci\u00f3n y mantenimiento de toda instalaci\u00f3n de consumo de energ\u00eda el\u00e9ctrica.<\/p>\n<p><strong>El evento \u00abNuevo Reglamento El\u00e9ctrico\u00bb abordar\u00e1 el nuevo reglamento de seguridad de las instalaciones de consumo de energ\u00eda<\/strong>.<\/p>\n<p>Este nuevo reglamento establece las exigencias m\u00ednimas que deben ser consideradas en el dise\u00f1o,\u00a0construcci\u00f3n, puesta en servicio, operaci\u00f3n, reparaci\u00f3n y mantenimiento de toda instalaci\u00f3n de consumo de energ\u00eda el\u00e9ctrica hasta el punto de conexi\u00f3n del cliente final con la red de distribuci\u00f3n.<\/p>\n<p>Con la puesta en marcha de este nuevo reglamento el\u00e9ctrico se deja sin efecto la anterior<strong> Norma NCH 4\/2003<\/strong> que estuvo vigente por m\u00e1s de 18 a\u00f1os, este nuevo pliego da paso a la modernizaci\u00f3n de la normativa el\u00e9ctrica de consumo en Chile, mejorando los est\u00e1ndares de seguridad acorde a las regulaciones internacionales incorporando los nuevos desaf\u00edos que el pa\u00eds debe enfrentar en materia de seguridad, eficiencia energ\u00e9tica, energ\u00edas renovables y electrificaci\u00f3n de consumo, que es una tendencia a nivel global.<\/p>\n<p>El nuevo reglamento establece las exigencias m\u00ednimas que se deben considerar para garantizar un funcionamiento sea seguro para las personas y los edificios. El mismo tambi\u00e9n define las condiciones especiales que se deben considerar en instalaciones el\u00e9ctricas que est\u00e1n expuestas a ambientes cr\u00edticos, como a orilla del mar o ambientes con agentes qu\u00edmicos.<\/p>\n<h4>Inscripci\u00f3n<\/h4>\n<p>Puedes inscribirte <strong><a href=\"https:\/\/go.schneider-electric.com\/CL_202107_New-Electrical-Regulations_ER-LP.html?source=Webinar&amp;sDetail=New-Electrical-Regulations_CL\">ac\u00e1<\/a><\/strong>.<\/p>\n<hr \/>\n<p><iframe loading=\"lazy\" src=\"https:\/\/go.schneider-electric.com\/CL_202107_New-Electrical-Regulations_ER-LP.html?source=Webinar&amp;sDetail=New-Electrical-Regulations_CL\" width=\"900\" height=\"1350\"><\/iframe><\/p>\n<hr \/>\n<p>&nbsp;<\/p>\n<p><\/p>","protected":false},"excerpt":{"rendered":"<p>Schneider Electric te invita este jueves 12 de agosto a las 9:00 horas al evento digital \u00abNuevo Reglamento El\u00e9ctrico\u00bb.. Vivimos en un mundo cada vez m\u00e1s el\u00e9ctrico que nos conduce hacia un ambiente m\u00e1s sostenible, con menor consumo de combustibles &hellip; <a class=\"more-link\" href=\"https:\/\/colegioarquitectos.com\/noticias\/?p=27573\">ver m\u00e1s<\/a><\/p>","protected":false},"author":1,"featured_media":27574,"comment_status":"closed","ping_status":"closed","sticky":false,"template":"","format":"standard","meta":{"footnotes":""},"categories":[19,45],"tags":[87,86,85],"class_list":["post-27573","post","type-post","status-publish","format-standard","has-post-thumbnail","hentry","category-actividades","category-auspiciadores","tag-charla","tag-tecnologia","tag-webinar"],"yoast_head":"<!-- This site is optimized with the Yoast SEO plugin v24.2 - https:\/\/yoast.com\/wordpress\/plugins\/seo\/ -->\n<title>Participa del evento digital Schneider Electric &quot;Nuevo Reglamento El\u00e9ctrico&quot; - COLEGIO DE ARQUITECTOS DE CHILE<\/title>\n<meta name=\"robots\" content=\"index, follow, max-snippet:-1, max-image-preview:large, max-video-preview:-1\" \/>\n<link rel=\"canonical\" href=\"https:\/\/colegioarquitectos.com\/noticias\/?p=27573\" \/>\n<meta property=\"og:locale\" content=\"es_ES\" \/>\n<meta property=\"og:type\" content=\"article\" \/>\n<meta property=\"og:title\" content=\"Participa del evento digital Schneider Electric &quot;Nuevo Reglamento El\u00e9ctrico&quot; - COLEGIO DE ARQUITECTOS DE CHILE\" \/>\n<meta property=\"og:description\" content=\"Schneider Electric te invita este jueves 12 de agosto a las 9:00 horas al evento digital \u00abNuevo Reglamento El\u00e9ctrico\u00bb.. Vivimos en un mundo cada vez m\u00e1s el\u00e9ctrico que nos conduce hacia un ambiente m\u00e1s sostenible, con menor consumo de combustibles &hellip; ver m\u00e1s\" \/>\n<meta property=\"og:url\" content=\"https:\/\/colegioarquitectos.com\/noticias\/?p=27573\" \/>\n<meta property=\"og:site_name\" content=\"COLEGIO DE ARQUITECTOS DE CHILE\" \/>\n<meta property=\"article:publisher\" content=\"https:\/\/facebook.com\/Colegioarq\/\" \/>\n<meta property=\"article:published_time\" content=\"2021-08-09T15:19:08+00:00\" \/>\n<meta property=\"article:modified_time\" content=\"2021-08-12T19:30:48+00:00\" \/>\n<meta property=\"og:image\" content=\"https:\/\/colegioarquitectos.com\/noticias\/wp-content\/uploads\/2021\/08\/schneiderdestacadoweb.png\" \/>\n\t<meta property=\"og:image:width\" content=\"1380\" \/>\n\t<meta property=\"og:image:height\" content=\"720\" \/>\n\t<meta property=\"og:image:type\" content=\"image\/png\" \/>\n<meta name=\"author\" content=\"Gabriel Salgado S.\" \/>\n<meta name=\"twitter:card\" content=\"summary_large_image\" \/>\n<meta name=\"twitter:creator\" content=\"@colegioarq\" \/>\n<meta name=\"twitter:site\" content=\"@colegioarq\" \/>\n<meta name=\"twitter:label1\" content=\"Escrito por\" \/>\n\t<meta name=\"twitter:data1\" content=\"Gabriel Salgado S.\" \/>\n\t<meta name=\"twitter:label2\" content=\"Tiempo de lectura\" \/>\n\t<meta name=\"twitter:data2\" content=\"2 minutos\" \/>\n<script type=\"application\/ld+json\" class=\"yoast-schema-graph\">{\"@context\":\"https:\/\/schema.org\",\"@graph\":[{\"@type\":\"Article\",\"@id\":\"https:\/\/colegioarquitectos.com\/noticias\/?p=27573#article\",\"isPartOf\":{\"@id\":\"https:\/\/colegioarquitectos.com\/noticias\/?p=27573\"},\"author\":{\"name\":\"Gabriel Salgado S.\",\"@id\":\"https:\/\/colegioarquitectos.com\/noticias\/#\/schema\/person\/b6c7e912cd1283c089114093ed09741f\"},\"headline\":\"Participa del evento digital Schneider Electric \u00abNuevo Reglamento El\u00e9ctrico\u00bb\",\"datePublished\":\"2021-08-09T15:19:08+00:00\",\"dateModified\":\"2021-08-12T19:30:48+00:00\",\"mainEntityOfPage\":{\"@id\":\"https:\/\/colegioarquitectos.com\/noticias\/?p=27573\"},\"wordCount\":381,\"publisher\":{\"@id\":\"https:\/\/colegioarquitectos.com\/noticias\/#organization\"},\"image\":{\"@id\":\"https:\/\/colegioarquitectos.com\/noticias\/?p=27573#primaryimage\"},\"thumbnailUrl\":\"https:\/\/colegioarquitectos.com\/noticias\/wp-content\/uploads\/2021\/08\/schneiderdestacadoweb.png\",\"keywords\":[\"charla\",\"tecnolog\u00eda\",\"webinar\"],\"articleSection\":[\"Actividades\",\"Auspiciadores\"],\"inLanguage\":\"es\"},{\"@type\":\"WebPage\",\"@id\":\"https:\/\/colegioarquitectos.com\/noticias\/?p=27573\",\"url\":\"https:\/\/colegioarquitectos.com\/noticias\/?p=27573\",\"name\":\"Participa del evento digital Schneider Electric \\\"Nuevo Reglamento El\u00e9ctrico\\\" - COLEGIO DE ARQUITECTOS DE CHILE\",\"isPartOf\":{\"@id\":\"https:\/\/colegioarquitectos.com\/noticias\/#website\"},\"primaryImageOfPage\":{\"@id\":\"https:\/\/colegioarquitectos.com\/noticias\/?p=27573#primaryimage\"},\"image\":{\"@id\":\"https:\/\/colegioarquitectos.com\/noticias\/?p=27573#primaryimage\"},\"thumbnailUrl\":\"https:\/\/colegioarquitectos.com\/noticias\/wp-content\/uploads\/2021\/08\/schneiderdestacadoweb.png\",\"datePublished\":\"2021-08-09T15:19:08+00:00\",\"dateModified\":\"2021-08-12T19:30:48+00:00\",\"breadcrumb\":{\"@id\":\"https:\/\/colegioarquitectos.com\/noticias\/?p=27573#breadcrumb\"},\"inLanguage\":\"es\",\"potentialAction\":[{\"@type\":\"ReadAction\",\"target\":[\"https:\/\/colegioarquitectos.com\/noticias\/?p=27573\"]}]},{\"@type\":\"ImageObject\",\"inLanguage\":\"es\",\"@id\":\"https:\/\/colegioarquitectos.com\/noticias\/?p=27573#primaryimage\",\"url\":\"https:\/\/colegioarquitectos.com\/noticias\/wp-content\/uploads\/2021\/08\/schneiderdestacadoweb.png\",\"contentUrl\":\"https:\/\/colegioarquitectos.com\/noticias\/wp-content\/uploads\/2021\/08\/schneiderdestacadoweb.png\",\"width\":1380,\"height\":720},{\"@type\":\"BreadcrumbList\",\"@id\":\"https:\/\/colegioarquitectos.com\/noticias\/?p=27573#breadcrumb\",\"itemListElement\":[{\"@type\":\"ListItem\",\"position\":1,\"name\":\"Portada\",\"item\":\"https:\/\/colegioarquitectos.com\/noticias\"},{\"@type\":\"ListItem\",\"position\":2,\"name\":\"Participa del evento digital Schneider Electric \u00abNuevo Reglamento El\u00e9ctrico\u00bb\"}]},{\"@type\":\"WebSite\",\"@id\":\"https:\/\/colegioarquitectos.com\/noticias\/#website\",\"url\":\"https:\/\/colegioarquitectos.com\/noticias\/\",\"name\":\"COLEGIO DE ARQUITECTOS DE CHILE\",\"description\":\"\",\"publisher\":{\"@id\":\"https:\/\/colegioarquitectos.com\/noticias\/#organization\"},\"potentialAction\":[{\"@type\":\"SearchAction\",\"target\":{\"@type\":\"EntryPoint\",\"urlTemplate\":\"https:\/\/colegioarquitectos.com\/noticias\/?s={search_term_string}\"},\"query-input\":{\"@type\":\"PropertyValueSpecification\",\"valueRequired\":true,\"valueName\":\"search_term_string\"}}],\"inLanguage\":\"es\"},{\"@type\":\"Organization\",\"@id\":\"https:\/\/colegioarquitectos.com\/noticias\/#organization\",\"name\":\"COLEGIO DE ARQUITECTOS DE CHILE\",\"url\":\"https:\/\/colegioarquitectos.com\/noticias\/\",\"logo\":{\"@type\":\"ImageObject\",\"inLanguage\":\"es\",\"@id\":\"https:\/\/colegioarquitectos.com\/noticias\/#\/schema\/logo\/image\/\",\"url\":\"https:\/\/colegioarquitectos.com\/noticias\/wp-content\/uploads\/2021\/05\/ENCABEZADO-LOGO-CA.jpg\",\"contentUrl\":\"https:\/\/colegioarquitectos.com\/noticias\/wp-content\/uploads\/2021\/05\/ENCABEZADO-LOGO-CA.jpg\",\"width\":690,\"height\":350,\"caption\":\"COLEGIO DE ARQUITECTOS DE CHILE\"},\"image\":{\"@id\":\"https:\/\/colegioarquitectos.com\/noticias\/#\/schema\/logo\/image\/\"},\"sameAs\":[\"https:\/\/facebook.com\/Colegioarq\/\",\"https:\/\/x.com\/colegioarq\",\"https:\/\/instagram.com\/colegioarq\",\"https:\/\/youtube.com\/@ColegiodeArquitectosdeChile\"]},{\"@type\":\"Person\",\"@id\":\"https:\/\/colegioarquitectos.com\/noticias\/#\/schema\/person\/b6c7e912cd1283c089114093ed09741f\",\"name\":\"Gabriel Salgado S.\",\"url\":\"https:\/\/colegioarquitectos.com\/noticias\/?author=1\"}]}<\/script>\n<!-- \/ Yoast SEO plugin. -->","yoast_head_json":{"title":"Participa del evento digital Schneider Electric \"Nuevo Reglamento El\u00e9ctrico\" - COLEGIO DE ARQUITECTOS DE CHILE","robots":{"index":"index","follow":"follow","max-snippet":"max-snippet:-1","max-image-preview":"max-image-preview:large","max-video-preview":"max-video-preview:-1"},"canonical":"https:\/\/colegioarquitectos.com\/noticias\/?p=27573","og_locale":"es_ES","og_type":"article","og_title":"Participa del evento digital Schneider Electric \"Nuevo Reglamento El\u00e9ctrico\" - COLEGIO DE ARQUITECTOS DE CHILE","og_description":"Schneider Electric te invita este jueves 12 de agosto a las 9:00 horas al evento digital \u00abNuevo Reglamento El\u00e9ctrico\u00bb.. Vivimos en un mundo cada vez m\u00e1s el\u00e9ctrico que nos conduce hacia un ambiente m\u00e1s sostenible, con menor consumo de combustibles &hellip; ver m\u00e1s","og_url":"https:\/\/colegioarquitectos.com\/noticias\/?p=27573","og_site_name":"COLEGIO DE ARQUITECTOS DE CHILE","article_publisher":"https:\/\/facebook.com\/Colegioarq\/","article_published_time":"2021-08-09T15:19:08+00:00","article_modified_time":"2021-08-12T19:30:48+00:00","og_image":[{"width":1380,"height":720,"url":"https:\/\/colegioarquitectos.com\/noticias\/wp-content\/uploads\/2021\/08\/schneiderdestacadoweb.png","type":"image\/png"}],"author":"Gabriel Salgado S.","twitter_card":"summary_large_image","twitter_creator":"@colegioarq","twitter_site":"@colegioarq","twitter_misc":{"Escrito por":"Gabriel Salgado S.","Tiempo de lectura":"2 minutos"},"schema":{"@context":"https:\/\/schema.org","@graph":[{"@type":"Article","@id":"https:\/\/colegioarquitectos.com\/noticias\/?p=27573#article","isPartOf":{"@id":"https:\/\/colegioarquitectos.com\/noticias\/?p=27573"},"author":{"name":"Gabriel Salgado S.","@id":"https:\/\/colegioarquitectos.com\/noticias\/#\/schema\/person\/b6c7e912cd1283c089114093ed09741f"},"headline":"Participa del evento digital Schneider Electric \u00abNuevo Reglamento El\u00e9ctrico\u00bb","datePublished":"2021-08-09T15:19:08+00:00","dateModified":"2021-08-12T19:30:48+00:00","mainEntityOfPage":{"@id":"https:\/\/colegioarquitectos.com\/noticias\/?p=27573"},"wordCount":381,"publisher":{"@id":"https:\/\/colegioarquitectos.com\/noticias\/#organization"},"image":{"@id":"https:\/\/colegioarquitectos.com\/noticias\/?p=27573#primaryimage"},"thumbnailUrl":"https:\/\/colegioarquitectos.com\/noticias\/wp-content\/uploads\/2021\/08\/schneiderdestacadoweb.png","keywords":["charla","tecnolog\u00eda","webinar"],"articleSection":["Actividades","Auspiciadores"],"inLanguage":"es"},{"@type":"WebPage","@id":"https:\/\/colegioarquitectos.com\/noticias\/?p=27573","url":"https:\/\/colegioarquitectos.com\/noticias\/?p=27573","name":"Participa del evento digital Schneider Electric \"Nuevo Reglamento El\u00e9ctrico\" - COLEGIO DE ARQUITECTOS DE CHILE","isPartOf":{"@id":"https:\/\/colegioarquitectos.com\/noticias\/#website"},"primaryImageOfPage":{"@id":"https:\/\/colegioarquitectos.com\/noticias\/?p=27573#primaryimage"},"image":{"@id":"https:\/\/colegioarquitectos.com\/noticias\/?p=27573#primaryimage"},"thumbnailUrl":"https:\/\/colegioarquitectos.com\/noticias\/wp-content\/uploads\/2021\/08\/schneiderdestacadoweb.png","datePublished":"2021-08-09T15:19:08+00:00","dateModified":"2021-08-12T19:30:48+00:00","breadcrumb":{"@id":"https:\/\/colegioarquitectos.com\/noticias\/?p=27573#breadcrumb"},"inLanguage":"es","potentialAction":[{"@type":"ReadAction","target":["https:\/\/colegioarquitectos.com\/noticias\/?p=27573"]}]},{"@type":"ImageObject","inLanguage":"es","@id":"https:\/\/colegioarquitectos.com\/noticias\/?p=27573#primaryimage","url":"https:\/\/colegioarquitectos.com\/noticias\/wp-content\/uploads\/2021\/08\/schneiderdestacadoweb.png","contentUrl":"https:\/\/colegioarquitectos.com\/noticias\/wp-content\/uploads\/2021\/08\/schneiderdestacadoweb.png","width":1380,"height":720},{"@type":"BreadcrumbList","@id":"https:\/\/colegioarquitectos.com\/noticias\/?p=27573#breadcrumb","itemListElement":[{"@type":"ListItem","position":1,"name":"Portada","item":"https:\/\/colegioarquitectos.com\/noticias"},{"@type":"ListItem","position":2,"name":"Participa del evento digital Schneider Electric \u00abNuevo Reglamento El\u00e9ctrico\u00bb"}]},{"@type":"WebSite","@id":"https:\/\/colegioarquitectos.com\/noticias\/#website","url":"https:\/\/colegioarquitectos.com\/noticias\/","name":"COLEGIO DE ARQUITECTOS DE CHILE","description":"","publisher":{"@id":"https:\/\/colegioarquitectos.com\/noticias\/#organization"},"potentialAction":[{"@type":"SearchAction","target":{"@type":"EntryPoint","urlTemplate":"https:\/\/colegioarquitectos.com\/noticias\/?s={search_term_string}"},"query-input":{"@type":"PropertyValueSpecification","valueRequired":true,"valueName":"search_term_string"}}],"inLanguage":"es"},{"@type":"Organization","@id":"https:\/\/colegioarquitectos.com\/noticias\/#organization","name":"COLEGIO DE ARQUITECTOS DE CHILE","url":"https:\/\/colegioarquitectos.com\/noticias\/","logo":{"@type":"ImageObject","inLanguage":"es","@id":"https:\/\/colegioarquitectos.com\/noticias\/#\/schema\/logo\/image\/","url":"https:\/\/colegioarquitectos.com\/noticias\/wp-content\/uploads\/2021\/05\/ENCABEZADO-LOGO-CA.jpg","contentUrl":"https:\/\/colegioarquitectos.com\/noticias\/wp-content\/uploads\/2021\/05\/ENCABEZADO-LOGO-CA.jpg","width":690,"height":350,"caption":"COLEGIO DE ARQUITECTOS DE CHILE"},"image":{"@id":"https:\/\/colegioarquitectos.com\/noticias\/#\/schema\/logo\/image\/"},"sameAs":["https:\/\/facebook.com\/Colegioarq\/","https:\/\/x.com\/colegioarq","https:\/\/instagram.com\/colegioarq","https:\/\/youtube.com\/@ColegiodeArquitectosdeChile"]},{"@type":"Person","@id":"https:\/\/colegioarquitectos.com\/noticias\/#\/schema\/person\/b6c7e912cd1283c089114093ed09741f","name":"Gabriel Salgado S.","url":"https:\/\/colegioarquitectos.com\/noticias\/?author=1"}]}},"_links":{"self":[{"href":"https:\/\/colegioarquitectos.com\/noticias\/index.php?rest_route=\/wp\/v2\/posts\/27573","targetHints":{"allow":["GET"]}}],"collection":[{"href":"https:\/\/colegioarquitectos.com\/noticias\/index.php?rest_route=\/wp\/v2\/posts"}],"about":[{"href":"https:\/\/colegioarquitectos.com\/noticias\/index.php?rest_route=\/wp\/v2\/types\/post"}],"author":[{"embeddable":true,"href":"https:\/\/colegioarquitectos.com\/noticias\/index.php?rest_route=\/wp\/v2\/users\/1"}],"replies":[{"embeddable":true,"href":"https:\/\/colegioarquitectos.com\/noticias\/index.php?rest_route=%2Fwp%2Fv2%2Fcomments&post=27573"}],"version-history":[{"count":0,"href":"https:\/\/colegioarquitectos.com\/noticias\/index.php?rest_route=\/wp\/v2\/posts\/27573\/revisions"}],"wp:featuredmedia":[{"embeddable":true,"href":"https:\/\/colegioarquitectos.com\/noticias\/index.php?rest_route=\/wp\/v2\/media\/27574"}],"wp:attachment":[{"href":"https:\/\/colegioarquitectos.com\/noticias\/index.php?rest_route=%2Fwp%2Fv2%2Fmedia&parent=27573"}],"wp:term":[{"taxonomy":"category","embeddable":true,"href":"https:\/\/colegioarquitectos.com\/noticias\/index.php?rest_route=%2Fwp%2Fv2%2Fcategories&post=27573"},{"taxonomy":"post_tag","embeddable":true,"href":"https:\/\/colegioarquitectos.com\/noticias\/index.php?rest_route=%2Fwp%2Fv2%2Ftags&post=27573"}],"curies":[{"name":"wp","href":"https:\/\/api.w.org\/{rel}","templated":true}]}}