
{"id":27592,"date":"2021-08-11T12:34:54","date_gmt":"2021-08-11T12:34:54","guid":{"rendered":"https:\/\/colegioarquitectos.com\/?p=27592"},"modified":"2021-08-11T12:34:54","modified_gmt":"2021-08-11T12:34:54","slug":"colegio-de-arquitectos-de-chile-expone-en-el-taller-expansion-habitacional-en-zonas-rurales-causas-consecuencias-y-alternativas-de-la-comision-de-vivienda-y-urbanismo-del-senado","status":"publish","type":"post","link":"https:\/\/colegioarquitectos.com\/noticias\/?p=27592","title":{"rendered":"Colegio de Arquitectos de Chile expone en el \u00abTaller Expansi\u00f3n Habitacional en Zonas Rurales: Causas, Consecuencias y Alternativas\u00bb de la Comisi\u00f3n de Vivienda y Urbanismo del Senado"},"content":{"rendered":"<p>El pasado <strong>viernes 6 de agosto<\/strong>, el <strong>Colegio de Arquitectos de Chile<\/strong> fue invitado a exponer en el <strong>\u00abTaller Expansi\u00f3n Habitacional en Zonas Rurales: Causas, Consecuencias y Alternativas\u00bb<\/strong>, el cual fue organizado por la <strong>Comisi\u00f3n de Vivienda y Urbanismo<\/strong> del <strong>Senado<\/strong>.<\/p>\n<p>En representaci\u00f3n de nuestra asociaci\u00f3n gremial particip\u00f3 la Presidenta Nacional, <strong>Jadille Baza<\/strong>; el Vicepresidente de Asuntos Internos, <strong>Francisco Herrera<\/strong>; el Presidente de nuestro Comit\u00e9 de Desarrollo Urbano, <strong>Julio Alegr\u00eda<\/strong>; el Presidente del Comit\u00e9 de H\u00e1bitat y Vivienda, <strong>Marco Rodr\u00edguez<\/strong> y el arquitecto miembro de este \u00faltimo \u00f3rgano asesor, <strong>Daniel Sep\u00falveda<\/strong>.<\/p>\n<p>\u00abEntendemos que el proceso tan acelerado de parcelaci\u00f3n formal e informal que se constata en \u00e1reas rurales y a las cuales ha asistido nuestro pa\u00eds hace m\u00e1s menos 15 a\u00f1os, <strong>pone en riesgo el desarrollo urbano de nuestros asentamientos urbanos, as\u00ed como tambi\u00e9n el ordenamiento de nuestro territorio<\/strong>\u00bb, manifest\u00f3 la Presidenta Jadille Baza.<\/p>\n<p>\u00abEn esa l\u00ednea, ha puesto en jaque tambi\u00e9n nuestras matrices productivas; particularmente agropecuarias y energ\u00e9ticas. <strong>Importante tema para nuestro Colegio, porque en Chile, independientemente de los equipos interdisciplinarios y los procesos de participaci\u00f3n, son los arquitectos quienes ejercen de urbanistas y ordenadores del territorio;<\/strong> y por lo mismo, deber\u00edamos sentirnos parte de quienes hemos fallado en presionar a las autoridades quiz\u00e1s para implementar planes de desarrollo y ordenamiento efectivos. Por eso mismo, estaremos totalmente disponibles para aportar en este tema\u00bb, continu\u00f3 la Presidenta Nacional.<\/p>\n<p>\u00abAdem\u00e1s, si consideramos que en muchos casos las informalidades con respecto al territorio ocasionan serias situaciones de riesgo a las familias por la mala instalaci\u00f3n de viviendas y equipamiento, incluso con recursos del Estado, por una parte; y por otra, el uso en muchos casos de zonas protegidas: tenemos entonces una urgencia pa\u00eds\u00bb, cerr\u00f3.<\/p>\n<p>En el \u00abTaller Expansi\u00f3n Habitacional en Zonas Rurales: Causas, Consecuencias y Alternativas\u00bb de la Comisi\u00f3n de Vivienda y Urbanismo del Senado, tambi\u00e9n participaron representantes del <strong>Ministerio de Vivienda y Urbanismo<\/strong>, del <strong>Ministerio de Agricultura<\/strong>, de la <strong>Asociaci\u00f3n de Municipalidades de Chile<\/strong>, <strong>Asociaci\u00f3n de Municipios Rurales<\/strong>, <strong>Asociaci\u00f3n de Directores de Obras Municipales de Chile<\/strong>, del <strong>Instituto de Estudios Urbanos y Territoriales de la Pontificia Universidad Cat\u00f3lica de Chile<\/strong> y del <strong>Consejo Nacional de Desarrollo Urbano<\/strong>, entre otros.<\/p>\n<p>La sesi\u00f3n del \u00abTaller Expansi\u00f3n Habitacional en Zonas Rurales: Causas, Consecuencias y Alternativas\u00bb de la Comisi\u00f3n de Vivienda y Urbanismo del Senado, fue dirigido por su Presidente, el <strong>Senador Carlos Montes<\/strong> y cont\u00f3 con la asistencia de todos sus miembros.<\/p>\n<p>Puedes revisar la sesi\u00f3n completa del <strong>\u00abTaller Expansi\u00f3n Habitacional en Zonas Rurales: Causas, Consecuencias y Alternativas\u00bb<\/strong> de la <strong>Comisi\u00f3n de Vivienda y Urbanismo<\/strong> del <strong>Senado<\/strong>, celebrada este <strong>6 de agosto<\/strong>, a continuaci\u00f3n:<\/p>\n<p>&nbsp;<\/p>\n<h4><a href=\"https:\/\/tv.senado.cl\/tvsenado\/programas\/evento\/especiales\/especial-expansion-habitacional-en-zonas-rurales\/2021-08-06\/022452.html\">Comisi\u00f3n de Vivienda y Urbanismo del Senado de Chile \u2013 Viernes 6 de agosto<\/a><\/h4>\n<p><\/p>","protected":false},"excerpt":{"rendered":"<p>El pasado viernes 6 de agosto, el Colegio de Arquitectos de Chile fue invitado a exponer en el \u00abTaller Expansi\u00f3n Habitacional en Zonas Rurales: Causas, Consecuencias y Alternativas\u00bb, el cual fue organizado por la Comisi\u00f3n de Vivienda y Urbanismo del &hellip; <a class=\"more-link\" href=\"https:\/\/colegioarquitectos.com\/noticias\/?p=27592\">ver m\u00e1s<\/a><\/p>","protected":false},"author":4,"featured_media":27593,"comment_status":"closed","ping_status":"closed","sticky":false,"template":"","format":"standard","meta":{"footnotes":""},"categories":[8],"tags":[],"class_list":["post-27592","post","type-post","status-publish","format-standard","has-post-thumbnail","hentry","category-colegio-de-arquitectos"],"yoast_head":"<!-- This site is optimized with the Yoast SEO plugin v24.2 - https:\/\/yoast.com\/wordpress\/plugins\/seo\/ -->\n<title>Colegio de Arquitectos de Chile expone en el \u00abTaller Expansi\u00f3n Habitacional en Zonas Rurales: Causas, Consecuencias y Alternativas\u00bb de la Comisi\u00f3n de Vivienda y Urbanismo del Senado - COLEGIO DE ARQUITECTOS DE CHILE<\/title>\n<meta name=\"robots\" content=\"index, follow, max-snippet:-1, max-image-preview:large, max-video-preview:-1\" \/>\n<link rel=\"canonical\" href=\"https:\/\/colegioarquitectos.com\/noticias\/?p=27592\" \/>\n<meta property=\"og:locale\" content=\"es_ES\" \/>\n<meta property=\"og:type\" content=\"article\" \/>\n<meta property=\"og:title\" content=\"Colegio de Arquitectos de Chile expone en el \u00abTaller Expansi\u00f3n Habitacional en Zonas Rurales: Causas, Consecuencias y Alternativas\u00bb de la Comisi\u00f3n de Vivienda y Urbanismo del Senado - COLEGIO DE ARQUITECTOS DE CHILE\" \/>\n<meta property=\"og:description\" content=\"El pasado viernes 6 de agosto, el Colegio de Arquitectos de Chile fue invitado a exponer en el \u00abTaller Expansi\u00f3n Habitacional en Zonas Rurales: Causas, Consecuencias y Alternativas\u00bb, el cual fue organizado por la Comisi\u00f3n de Vivienda y Urbanismo del &hellip; ver m\u00e1s\" \/>\n<meta property=\"og:url\" content=\"https:\/\/colegioarquitectos.com\/noticias\/?p=27592\" \/>\n<meta property=\"og:site_name\" content=\"COLEGIO DE ARQUITECTOS DE CHILE\" \/>\n<meta property=\"article:publisher\" content=\"https:\/\/facebook.com\/Colegioarq\/\" \/>\n<meta property=\"article:published_time\" content=\"2021-08-11T12:34:54+00:00\" \/>\n<meta property=\"og:image\" content=\"https:\/\/colegioarquitectos.com\/noticias\/wp-content\/uploads\/2021\/08\/Nuevo-proyecto-9.jpg\" \/>\n\t<meta property=\"og:image:width\" content=\"1280\" \/>\n\t<meta property=\"og:image:height\" content=\"720\" \/>\n\t<meta property=\"og:image:type\" content=\"image\/jpeg\" \/>\n<meta name=\"author\" content=\"Colegio de Arquitectos de Chile\" \/>\n<meta name=\"twitter:card\" content=\"summary_large_image\" \/>\n<meta name=\"twitter:creator\" content=\"@colegioarq\" \/>\n<meta name=\"twitter:site\" content=\"@colegioarq\" \/>\n<meta name=\"twitter:label1\" content=\"Escrito por\" \/>\n\t<meta name=\"twitter:data1\" content=\"Colegio de Arquitectos de Chile\" \/>\n\t<meta name=\"twitter:label2\" content=\"Tiempo de lectura\" \/>\n\t<meta name=\"twitter:data2\" content=\"2 minutos\" \/>\n<script type=\"application\/ld+json\" class=\"yoast-schema-graph\">{\"@context\":\"https:\/\/schema.org\",\"@graph\":[{\"@type\":\"Article\",\"@id\":\"https:\/\/colegioarquitectos.com\/noticias\/?p=27592#article\",\"isPartOf\":{\"@id\":\"https:\/\/colegioarquitectos.com\/noticias\/?p=27592\"},\"author\":{\"name\":\"Colegio de Arquitectos de Chile\",\"@id\":\"https:\/\/colegioarquitectos.com\/noticias\/#\/schema\/person\/685cc0aad148303c5608f049af8285ad\"},\"headline\":\"Colegio de Arquitectos de Chile expone en el \u00abTaller Expansi\u00f3n Habitacional en Zonas Rurales: Causas, Consecuencias y Alternativas\u00bb de la Comisi\u00f3n de Vivienda y Urbanismo del Senado\",\"datePublished\":\"2021-08-11T12:34:54+00:00\",\"dateModified\":\"2021-08-11T12:34:54+00:00\",\"mainEntityOfPage\":{\"@id\":\"https:\/\/colegioarquitectos.com\/noticias\/?p=27592\"},\"wordCount\":506,\"publisher\":{\"@id\":\"https:\/\/colegioarquitectos.com\/noticias\/#organization\"},\"image\":{\"@id\":\"https:\/\/colegioarquitectos.com\/noticias\/?p=27592#primaryimage\"},\"thumbnailUrl\":\"https:\/\/colegioarquitectos.com\/noticias\/wp-content\/uploads\/2021\/08\/Nuevo-proyecto-9.jpg\",\"articleSection\":[\"Colegio\"],\"inLanguage\":\"es\"},{\"@type\":\"WebPage\",\"@id\":\"https:\/\/colegioarquitectos.com\/noticias\/?p=27592\",\"url\":\"https:\/\/colegioarquitectos.com\/noticias\/?p=27592\",\"name\":\"Colegio de Arquitectos de Chile expone en el \u00abTaller Expansi\u00f3n Habitacional en Zonas Rurales: Causas, Consecuencias y Alternativas\u00bb de la Comisi\u00f3n de Vivienda y Urbanismo del Senado - COLEGIO DE ARQUITECTOS DE CHILE\",\"isPartOf\":{\"@id\":\"https:\/\/colegioarquitectos.com\/noticias\/#website\"},\"primaryImageOfPage\":{\"@id\":\"https:\/\/colegioarquitectos.com\/noticias\/?p=27592#primaryimage\"},\"image\":{\"@id\":\"https:\/\/colegioarquitectos.com\/noticias\/?p=27592#primaryimage\"},\"thumbnailUrl\":\"https:\/\/colegioarquitectos.com\/noticias\/wp-content\/uploads\/2021\/08\/Nuevo-proyecto-9.jpg\",\"datePublished\":\"2021-08-11T12:34:54+00:00\",\"dateModified\":\"2021-08-11T12:34:54+00:00\",\"breadcrumb\":{\"@id\":\"https:\/\/colegioarquitectos.com\/noticias\/?p=27592#breadcrumb\"},\"inLanguage\":\"es\",\"potentialAction\":[{\"@type\":\"ReadAction\",\"target\":[\"https:\/\/colegioarquitectos.com\/noticias\/?p=27592\"]}]},{\"@type\":\"ImageObject\",\"inLanguage\":\"es\",\"@id\":\"https:\/\/colegioarquitectos.com\/noticias\/?p=27592#primaryimage\",\"url\":\"https:\/\/colegioarquitectos.com\/noticias\/wp-content\/uploads\/2021\/08\/Nuevo-proyecto-9.jpg\",\"contentUrl\":\"https:\/\/colegioarquitectos.com\/noticias\/wp-content\/uploads\/2021\/08\/Nuevo-proyecto-9.jpg\",\"width\":1280,\"height\":720},{\"@type\":\"BreadcrumbList\",\"@id\":\"https:\/\/colegioarquitectos.com\/noticias\/?p=27592#breadcrumb\",\"itemListElement\":[{\"@type\":\"ListItem\",\"position\":1,\"name\":\"Portada\",\"item\":\"https:\/\/colegioarquitectos.com\/noticias\"},{\"@type\":\"ListItem\",\"position\":2,\"name\":\"Colegio de Arquitectos de Chile expone en el \u00abTaller Expansi\u00f3n Habitacional en Zonas Rurales: Causas, Consecuencias y Alternativas\u00bb de la Comisi\u00f3n de Vivienda y Urbanismo del Senado\"}]},{\"@type\":\"WebSite\",\"@id\":\"https:\/\/colegioarquitectos.com\/noticias\/#website\",\"url\":\"https:\/\/colegioarquitectos.com\/noticias\/\",\"name\":\"COLEGIO DE ARQUITECTOS DE CHILE\",\"description\":\"\",\"publisher\":{\"@id\":\"https:\/\/colegioarquitectos.com\/noticias\/#organization\"},\"potentialAction\":[{\"@type\":\"SearchAction\",\"target\":{\"@type\":\"EntryPoint\",\"urlTemplate\":\"https:\/\/colegioarquitectos.com\/noticias\/?s={search_term_string}\"},\"query-input\":{\"@type\":\"PropertyValueSpecification\",\"valueRequired\":true,\"valueName\":\"search_term_string\"}}],\"inLanguage\":\"es\"},{\"@type\":\"Organization\",\"@id\":\"https:\/\/colegioarquitectos.com\/noticias\/#organization\",\"name\":\"COLEGIO DE ARQUITECTOS DE CHILE\",\"url\":\"https:\/\/colegioarquitectos.com\/noticias\/\",\"logo\":{\"@type\":\"ImageObject\",\"inLanguage\":\"es\",\"@id\":\"https:\/\/colegioarquitectos.com\/noticias\/#\/schema\/logo\/image\/\",\"url\":\"https:\/\/colegioarquitectos.com\/noticias\/wp-content\/uploads\/2021\/05\/ENCABEZADO-LOGO-CA.jpg\",\"contentUrl\":\"https:\/\/colegioarquitectos.com\/noticias\/wp-content\/uploads\/2021\/05\/ENCABEZADO-LOGO-CA.jpg\",\"width\":690,\"height\":350,\"caption\":\"COLEGIO DE ARQUITECTOS DE CHILE\"},\"image\":{\"@id\":\"https:\/\/colegioarquitectos.com\/noticias\/#\/schema\/logo\/image\/\"},\"sameAs\":[\"https:\/\/facebook.com\/Colegioarq\/\",\"https:\/\/x.com\/colegioarq\",\"https:\/\/instagram.com\/colegioarq\",\"https:\/\/youtube.com\/@ColegiodeArquitectosdeChile\"]},{\"@type\":\"Person\",\"@id\":\"https:\/\/colegioarquitectos.com\/noticias\/#\/schema\/person\/685cc0aad148303c5608f049af8285ad\",\"name\":\"Colegio de Arquitectos de Chile\",\"url\":\"https:\/\/colegioarquitectos.com\/noticias\/?author=4\"}]}<\/script>\n<!-- \/ Yoast SEO plugin. -->","yoast_head_json":{"title":"Colegio de Arquitectos de Chile expone en el \u00abTaller Expansi\u00f3n Habitacional en Zonas Rurales: Causas, Consecuencias y Alternativas\u00bb de la Comisi\u00f3n de Vivienda y Urbanismo del Senado - COLEGIO DE ARQUITECTOS DE CHILE","robots":{"index":"index","follow":"follow","max-snippet":"max-snippet:-1","max-image-preview":"max-image-preview:large","max-video-preview":"max-video-preview:-1"},"canonical":"https:\/\/colegioarquitectos.com\/noticias\/?p=27592","og_locale":"es_ES","og_type":"article","og_title":"Colegio de Arquitectos de Chile expone en el \u00abTaller Expansi\u00f3n Habitacional en Zonas Rurales: Causas, Consecuencias y Alternativas\u00bb de la Comisi\u00f3n de Vivienda y Urbanismo del Senado - COLEGIO DE ARQUITECTOS DE CHILE","og_description":"El pasado viernes 6 de agosto, el Colegio de Arquitectos de Chile fue invitado a exponer en el \u00abTaller Expansi\u00f3n Habitacional en Zonas Rurales: Causas, Consecuencias y Alternativas\u00bb, el cual fue organizado por la Comisi\u00f3n de Vivienda y Urbanismo del &hellip; ver m\u00e1s","og_url":"https:\/\/colegioarquitectos.com\/noticias\/?p=27592","og_site_name":"COLEGIO DE ARQUITECTOS DE CHILE","article_publisher":"https:\/\/facebook.com\/Colegioarq\/","article_published_time":"2021-08-11T12:34:54+00:00","og_image":[{"width":1280,"height":720,"url":"https:\/\/colegioarquitectos.com\/noticias\/wp-content\/uploads\/2021\/08\/Nuevo-proyecto-9.jpg","type":"image\/jpeg"}],"author":"Colegio de Arquitectos de Chile","twitter_card":"summary_large_image","twitter_creator":"@colegioarq","twitter_site":"@colegioarq","twitter_misc":{"Escrito por":"Colegio de Arquitectos de Chile","Tiempo de lectura":"2 minutos"},"schema":{"@context":"https:\/\/schema.org","@graph":[{"@type":"Article","@id":"https:\/\/colegioarquitectos.com\/noticias\/?p=27592#article","isPartOf":{"@id":"https:\/\/colegioarquitectos.com\/noticias\/?p=27592"},"author":{"name":"Colegio de Arquitectos de Chile","@id":"https:\/\/colegioarquitectos.com\/noticias\/#\/schema\/person\/685cc0aad148303c5608f049af8285ad"},"headline":"Colegio de Arquitectos de Chile expone en el \u00abTaller Expansi\u00f3n Habitacional en Zonas Rurales: Causas, Consecuencias y Alternativas\u00bb de la Comisi\u00f3n de Vivienda y Urbanismo del Senado","datePublished":"2021-08-11T12:34:54+00:00","dateModified":"2021-08-11T12:34:54+00:00","mainEntityOfPage":{"@id":"https:\/\/colegioarquitectos.com\/noticias\/?p=27592"},"wordCount":506,"publisher":{"@id":"https:\/\/colegioarquitectos.com\/noticias\/#organization"},"image":{"@id":"https:\/\/colegioarquitectos.com\/noticias\/?p=27592#primaryimage"},"thumbnailUrl":"https:\/\/colegioarquitectos.com\/noticias\/wp-content\/uploads\/2021\/08\/Nuevo-proyecto-9.jpg","articleSection":["Colegio"],"inLanguage":"es"},{"@type":"WebPage","@id":"https:\/\/colegioarquitectos.com\/noticias\/?p=27592","url":"https:\/\/colegioarquitectos.com\/noticias\/?p=27592","name":"Colegio de Arquitectos de Chile expone en el \u00abTaller Expansi\u00f3n Habitacional en Zonas Rurales: Causas, Consecuencias y Alternativas\u00bb de la Comisi\u00f3n de Vivienda y Urbanismo del Senado - COLEGIO DE ARQUITECTOS DE CHILE","isPartOf":{"@id":"https:\/\/colegioarquitectos.com\/noticias\/#website"},"primaryImageOfPage":{"@id":"https:\/\/colegioarquitectos.com\/noticias\/?p=27592#primaryimage"},"image":{"@id":"https:\/\/colegioarquitectos.com\/noticias\/?p=27592#primaryimage"},"thumbnailUrl":"https:\/\/colegioarquitectos.com\/noticias\/wp-content\/uploads\/2021\/08\/Nuevo-proyecto-9.jpg","datePublished":"2021-08-11T12:34:54+00:00","dateModified":"2021-08-11T12:34:54+00:00","breadcrumb":{"@id":"https:\/\/colegioarquitectos.com\/noticias\/?p=27592#breadcrumb"},"inLanguage":"es","potentialAction":[{"@type":"ReadAction","target":["https:\/\/colegioarquitectos.com\/noticias\/?p=27592"]}]},{"@type":"ImageObject","inLanguage":"es","@id":"https:\/\/colegioarquitectos.com\/noticias\/?p=27592#primaryimage","url":"https:\/\/colegioarquitectos.com\/noticias\/wp-content\/uploads\/2021\/08\/Nuevo-proyecto-9.jpg","contentUrl":"https:\/\/colegioarquitectos.com\/noticias\/wp-content\/uploads\/2021\/08\/Nuevo-proyecto-9.jpg","width":1280,"height":720},{"@type":"BreadcrumbList","@id":"https:\/\/colegioarquitectos.com\/noticias\/?p=27592#breadcrumb","itemListElement":[{"@type":"ListItem","position":1,"name":"Portada","item":"https:\/\/colegioarquitectos.com\/noticias"},{"@type":"ListItem","position":2,"name":"Colegio de Arquitectos de Chile expone en el \u00abTaller Expansi\u00f3n Habitacional en Zonas Rurales: Causas, Consecuencias y Alternativas\u00bb de la Comisi\u00f3n de Vivienda y Urbanismo del Senado"}]},{"@type":"WebSite","@id":"https:\/\/colegioarquitectos.com\/noticias\/#website","url":"https:\/\/colegioarquitectos.com\/noticias\/","name":"COLEGIO DE ARQUITECTOS DE CHILE","description":"","publisher":{"@id":"https:\/\/colegioarquitectos.com\/noticias\/#organization"},"potentialAction":[{"@type":"SearchAction","target":{"@type":"EntryPoint","urlTemplate":"https:\/\/colegioarquitectos.com\/noticias\/?s={search_term_string}"},"query-input":{"@type":"PropertyValueSpecification","valueRequired":true,"valueName":"search_term_string"}}],"inLanguage":"es"},{"@type":"Organization","@id":"https:\/\/colegioarquitectos.com\/noticias\/#organization","name":"COLEGIO DE ARQUITECTOS DE CHILE","url":"https:\/\/colegioarquitectos.com\/noticias\/","logo":{"@type":"ImageObject","inLanguage":"es","@id":"https:\/\/colegioarquitectos.com\/noticias\/#\/schema\/logo\/image\/","url":"https:\/\/colegioarquitectos.com\/noticias\/wp-content\/uploads\/2021\/05\/ENCABEZADO-LOGO-CA.jpg","contentUrl":"https:\/\/colegioarquitectos.com\/noticias\/wp-content\/uploads\/2021\/05\/ENCABEZADO-LOGO-CA.jpg","width":690,"height":350,"caption":"COLEGIO DE ARQUITECTOS DE CHILE"},"image":{"@id":"https:\/\/colegioarquitectos.com\/noticias\/#\/schema\/logo\/image\/"},"sameAs":["https:\/\/facebook.com\/Colegioarq\/","https:\/\/x.com\/colegioarq","https:\/\/instagram.com\/colegioarq","https:\/\/youtube.com\/@ColegiodeArquitectosdeChile"]},{"@type":"Person","@id":"https:\/\/colegioarquitectos.com\/noticias\/#\/schema\/person\/685cc0aad148303c5608f049af8285ad","name":"Colegio de Arquitectos de Chile","url":"https:\/\/colegioarquitectos.com\/noticias\/?author=4"}]}},"_links":{"self":[{"href":"https:\/\/colegioarquitectos.com\/noticias\/index.php?rest_route=\/wp\/v2\/posts\/27592","targetHints":{"allow":["GET"]}}],"collection":[{"href":"https:\/\/colegioarquitectos.com\/noticias\/index.php?rest_route=\/wp\/v2\/posts"}],"about":[{"href":"https:\/\/colegioarquitectos.com\/noticias\/index.php?rest_route=\/wp\/v2\/types\/post"}],"author":[{"embeddable":true,"href":"https:\/\/colegioarquitectos.com\/noticias\/index.php?rest_route=\/wp\/v2\/users\/4"}],"replies":[{"embeddable":true,"href":"https:\/\/colegioarquitectos.com\/noticias\/index.php?rest_route=%2Fwp%2Fv2%2Fcomments&post=27592"}],"version-history":[{"count":0,"href":"https:\/\/colegioarquitectos.com\/noticias\/index.php?rest_route=\/wp\/v2\/posts\/27592\/revisions"}],"wp:featuredmedia":[{"embeddable":true,"href":"https:\/\/colegioarquitectos.com\/noticias\/index.php?rest_route=\/wp\/v2\/media\/27593"}],"wp:attachment":[{"href":"https:\/\/colegioarquitectos.com\/noticias\/index.php?rest_route=%2Fwp%2Fv2%2Fmedia&parent=27592"}],"wp:term":[{"taxonomy":"category","embeddable":true,"href":"https:\/\/colegioarquitectos.com\/noticias\/index.php?rest_route=%2Fwp%2Fv2%2Fcategories&post=27592"},{"taxonomy":"post_tag","embeddable":true,"href":"https:\/\/colegioarquitectos.com\/noticias\/index.php?rest_route=%2Fwp%2Fv2%2Ftags&post=27592"}],"curies":[{"name":"wp","href":"https:\/\/api.w.org\/{rel}","templated":true}]}}