
{"id":27601,"date":"2021-08-12T14:20:32","date_gmt":"2021-08-12T14:20:32","guid":{"rendered":"https:\/\/colegioarquitectos.com\/?p=27601"},"modified":"2021-08-19T14:45:27","modified_gmt":"2021-08-19T18:45:27","slug":"giancarlo-mazzanti-y-marta-moreira-seran-parte-del-conversatorio-la-arquitectura-como-agente-de-cambio-desde-los-proyectos-publicos-internacionales","status":"publish","type":"post","link":"https:\/\/colegioarquitectos.com\/noticias\/?p=27601","title":{"rendered":"Giancarlo Mazzanti y Marta Moreira ser\u00e1n parte del conversatorio \u00abLa arquitectura como agente de cambio desde los proyectos p\u00fablicos internacionales\u00bb"},"content":{"rendered":"<p>El <strong>Colegio de Arquitectos de Chile<\/strong> cumple un nuevo a\u00f1o de vida y lo conmemorar\u00e1 con una serie de actividades <strong>gratuitas y totalmente online<\/strong>. El hito se inici\u00f3 el pasado <strong>mi\u00e9rcoles 4 de agosto<\/strong>, d\u00eda en que se cumplieron <strong>79 a\u00f1os<\/strong> desde la promulgaci\u00f3n de la <strong>Ley 7.211<\/strong> que cre\u00f3 el Colegio de Arquitectos en <strong>1942<\/strong>, y dio la partida al<strong> Mes de la Arquitectura<\/strong>.<\/p>\n<p><strong>Las actividades que se realizar\u00e1n en conmemoraci\u00f3n de los 79 a\u00f1os de vida del Colegio de Arquitectos de Chile y el Mes de la Arquitectura se enmarcar\u00e1n bajo el lema \u00abLa arquitectura como agente de cambio\u00bb<\/strong>, como una oportunidad para conversar sobre estos temas y mostrar algunos ejemplos, tanto nacionales como internacionales, que han posibilitado estos cambios en la sociedad.<\/p>\n<p><strong>Nos interesa destacar el rol p\u00fablico, o pol\u00edtico, de la arquitectura, valorando la posibilidad que tiene de funcionar como agente de cambio en nuestras ciudades<\/strong>. Y no es que la arquitectura por si sola tenga siempre el poder de cambiar la sociedad, pero al menos puede reflejar los matices de una sociedad cuyos valores est\u00e1n en constante cambio.<\/p>\n<p>En esa direcci\u00f3n, y para continuar la conmemoraci\u00f3n del Mes de la Arquitectura en Chile, el pr\u00f3ximo <strong>mi\u00e9rcoles 18 de agosto<\/strong> a las <strong>13:00 horas<\/strong> se llevar\u00e1 a cabo el conversatorio <em><strong>La arquitectura como agente de cambio desde los proyectos p\u00fablicos internacionales<\/strong><\/em>.<\/p>\n<p>En la instancia, participar\u00e1n el arquitecto colombiano <strong>Giancarlo Mazzanti (El Equipo Mazzanti)<\/strong>; y la arquitecta brasile\u00f1a <strong>Marta Moreira (MMBB arquitectos + Paulo Mendes da Rocha)<\/strong>, quien presentar\u00e1 la obra <strong>SESC 24 MAIO<\/strong>.<\/p>\n<p>El conversatorio ser\u00e1 moderado por el Premio Nacional de Urbanismo de Chile 2014, <strong>Sergio Baeriswyl<\/strong>; y presentado por nuestra Directora de Actividades, <strong>Loreto Lyon<\/strong>, y la Presidenta Nacional, <strong>Jadille Baza<\/strong>.<\/p>\n<p>Puedes seguir el conversatorio <em><strong>La arquitectura como agente de cambio desde los proyectos p\u00fablicos internacionales<\/strong><\/em> este <strong>mi\u00e9rcoles 18 de agosto<\/strong> desde las <strong>13.00 horas<\/strong> a trav\u00e9s de <strong>FB Live<\/strong> en <a href=\"http:\/\/www.facebook.com\/colegioarq\"><strong>www.facebook.com\/colegioarq<\/strong><\/a> y en <strong>YouTube Live<\/strong>.<\/p>\n<p><iframe loading=\"lazy\" title=\"YouTube video player\" src=\"https:\/\/www.youtube.com\/embed\/edsxaF9IGmY\" width=\"560\" height=\"315\" frameborder=\"0\" allowfullscreen=\"allowfullscreen\"><\/iframe><\/p>\n<p><iframe loading=\"lazy\" style=\"border: none; overflow: hidden;\" src=\"https:\/\/www.facebook.com\/plugins\/post.php?href=https%3A%2F%2Fwww.facebook.com%2FColegioarq%2Fposts%2F4501005646596809&amp;show_text=true&amp;width=500\" width=\"500\" height=\"634\" frameborder=\"0\" scrolling=\"no\" allowfullscreen=\"allowfullscreen\"><\/iframe><\/p>\n<p>&nbsp;<\/p>\n<h4><strong>Giancarlo Mazzanti (1963)<\/strong><\/h4>\n<hr \/>\n<p>Arquitecto colombiano con estudios de postgrado en dise\u00f1o industrial y arquitectura en Florencia, Italia. Profesor invitado en universidades colombianas y de prestigio mundial como Harvard, Columbia y Princeton. Primer arquitecto colombiano en tener sus obras en la colecci\u00f3n permanente del Museo de Arte Moderno de Nueva York (MoMa) y en el Centre Pompidou, en Par\u00eds. Ha sido distinguido con diferentes premios nacionales e internacionales. Fundador de El Equipo Mazzanti, seleccionado por la revista estadounidense Fast Company como una de las 10 compa\u00f1\u00edas m\u00e1s innovadoras del mundo.<\/p>\n<p>&nbsp;<\/p>\n<h4><strong>Marta Moreira (1962)<\/strong><\/h4>\n<hr \/>\n<p>Arquitecta brasile\u00f1a de la Escuela de Arquitectura y Urbanismo de la Universidad de S\u00e3o Paulo &#8211; FAUUSP en 1987. Es socia fundadora de MMBB Arquitectos desde 1991. Actualmente es miembro desde el a\u00f1o 2008 del Comit\u00e9 Ejecutivo de la Escola da Cidade en Sao Paulo y profesora del Departamento de Dise\u00f1o de dicha escuela desde el 2001. Ha colaborado en distintos proyectos con el ganador del Premio Pritzker Paulo Mendes Da Rocha desde 1995, y su trabajo ha ganado reconocimiento siendo publicado en varios pa\u00edses del mundo.<\/p>\n<p>&nbsp;<\/p>\n<h4><strong>Sergio Baeriswyl (1960)<\/strong><\/h4>\n<hr \/>\n<p>Arquitecto de la Pontificia Universidad Cat\u00f3lica de Valpara\u00edso y Doctor en Urbanismo en la Universidad de Karlsruhe, Alemania. En 2014 fue distinguido con el Premio Nacional de Urbanismo de Chile, que fue entregado por el Presidente de la Rep\u00fablica en reconocimiento a su labor como urbanista y especialmente por su aporte al proceso de reconstrucci\u00f3n urbana del borde costero de la regi\u00f3n del Biob\u00edo, posterior al terremoto del 27 de febrero de 2010. Actualmente es profesor asociado e investigador de la Universidad del Biob\u00edo, Coordinador General del Observatorio Metropolitano del Gran Concepci\u00f3n y Presidente del Consejo Nacional de Desarrollo Urbano (CNDU).<\/p>\n<p>&nbsp;<\/p>\n<p>&nbsp;<\/p>\n<hr \/>\n<p>Puedes encontrar toda la informaci\u00f3n sobre el\u00a0<strong>Mes de la Arquitectura<\/strong>\u00a0y las actividades de conmemoraci\u00f3n de los\u00a0<strong>79 a\u00f1os<\/strong>\u00a0del Colegio de Arquitectos de Chile en\u00a0<a href=\"https:\/\/colegioarquitectos.com\/noticias\/\"><strong>wwww.colegioarquitectos.com<\/strong><\/a>\u00a0y en nuestras redes sociales:\u00a0<strong>@colegioarq<\/strong>\u00a0(<a href=\"https:\/\/www.instagram.com\/colegioarq\/\">Instagram<\/a>,\u00a0<a href=\"https:\/\/twitter.com\/colegioarq\">Twitter<\/a>\u00a0y\u00a0<a href=\"https:\/\/www.facebook.com\/Colegioarq\/\">Facebook<\/a>).<\/p>\n<p>Las actividades conmemorativas de los 79 a\u00f1os del Colegio de Arquitectos de Chile cuentan con el apoyo de <strong>Las Condes Design<\/strong>, <strong>Volc\u00e1n<\/strong>, <strong>Sto. Chile<\/strong>, <strong>MIRA Arquitectura<\/strong> y <strong>Cintac INSTAPANEL<\/strong>.<\/p>\n<p><\/p>","protected":false},"excerpt":{"rendered":"<p>El Colegio de Arquitectos de Chile cumple un nuevo a\u00f1o de vida y lo conmemorar\u00e1 con una serie de actividades gratuitas y totalmente online. El hito se inici\u00f3 el pasado mi\u00e9rcoles 4 de agosto, d\u00eda en que se cumplieron 79 &hellip; <a class=\"more-link\" href=\"https:\/\/colegioarquitectos.com\/noticias\/?p=27601\">ver m\u00e1s<\/a><\/p>","protected":false},"author":4,"featured_media":27602,"comment_status":"closed","ping_status":"closed","sticky":false,"template":"","format":"standard","meta":{"footnotes":""},"categories":[8],"tags":[],"class_list":["post-27601","post","type-post","status-publish","format-standard","has-post-thumbnail","hentry","category-colegio-de-arquitectos"],"yoast_head":"<!-- This site is optimized with the Yoast SEO plugin v24.2 - https:\/\/yoast.com\/wordpress\/plugins\/seo\/ -->\n<title>Giancarlo Mazzanti y Marta Moreira ser\u00e1n parte del conversatorio \u00abLa arquitectura como agente de cambio desde los proyectos p\u00fablicos internacionales\u00bb - COLEGIO DE ARQUITECTOS DE CHILE<\/title>\n<meta name=\"robots\" content=\"index, follow, max-snippet:-1, max-image-preview:large, max-video-preview:-1\" \/>\n<link rel=\"canonical\" href=\"https:\/\/colegioarquitectos.com\/noticias\/?p=27601\" \/>\n<meta property=\"og:locale\" content=\"es_ES\" \/>\n<meta property=\"og:type\" content=\"article\" \/>\n<meta property=\"og:title\" content=\"Giancarlo Mazzanti y Marta Moreira ser\u00e1n parte del conversatorio \u00abLa arquitectura como agente de cambio desde los proyectos p\u00fablicos internacionales\u00bb - COLEGIO DE ARQUITECTOS DE CHILE\" \/>\n<meta property=\"og:description\" content=\"El Colegio de Arquitectos de Chile cumple un nuevo a\u00f1o de vida y lo conmemorar\u00e1 con una serie de actividades gratuitas y totalmente online. El hito se inici\u00f3 el pasado mi\u00e9rcoles 4 de agosto, d\u00eda en que se cumplieron 79 &hellip; ver m\u00e1s\" \/>\n<meta property=\"og:url\" content=\"https:\/\/colegioarquitectos.com\/noticias\/?p=27601\" \/>\n<meta property=\"og:site_name\" content=\"COLEGIO DE ARQUITECTOS DE CHILE\" \/>\n<meta property=\"article:publisher\" content=\"https:\/\/facebook.com\/Colegioarq\/\" \/>\n<meta property=\"article:published_time\" content=\"2021-08-12T14:20:32+00:00\" \/>\n<meta property=\"article:modified_time\" content=\"2021-08-19T18:45:27+00:00\" \/>\n<meta property=\"og:image\" content=\"https:\/\/colegioarquitectos.com\/noticias\/wp-content\/uploads\/2021\/08\/ANIVERSARIOE18DWEB.png\" \/>\n\t<meta property=\"og:image:width\" content=\"1280\" \/>\n\t<meta property=\"og:image:height\" content=\"720\" \/>\n\t<meta property=\"og:image:type\" content=\"image\/png\" \/>\n<meta name=\"author\" content=\"Colegio de Arquitectos de Chile\" \/>\n<meta name=\"twitter:card\" content=\"summary_large_image\" \/>\n<meta name=\"twitter:creator\" content=\"@colegioarq\" \/>\n<meta name=\"twitter:site\" content=\"@colegioarq\" \/>\n<meta name=\"twitter:label1\" content=\"Escrito por\" \/>\n\t<meta name=\"twitter:data1\" content=\"Colegio de Arquitectos de Chile\" \/>\n\t<meta name=\"twitter:label2\" content=\"Tiempo de lectura\" \/>\n\t<meta name=\"twitter:data2\" content=\"4 minutos\" \/>\n<script type=\"application\/ld+json\" class=\"yoast-schema-graph\">{\"@context\":\"https:\/\/schema.org\",\"@graph\":[{\"@type\":\"Article\",\"@id\":\"https:\/\/colegioarquitectos.com\/noticias\/?p=27601#article\",\"isPartOf\":{\"@id\":\"https:\/\/colegioarquitectos.com\/noticias\/?p=27601\"},\"author\":{\"name\":\"Colegio de Arquitectos de Chile\",\"@id\":\"https:\/\/colegioarquitectos.com\/noticias\/#\/schema\/person\/685cc0aad148303c5608f049af8285ad\"},\"headline\":\"Giancarlo Mazzanti y Marta Moreira ser\u00e1n parte del conversatorio \u00abLa arquitectura como agente de cambio desde los proyectos p\u00fablicos internacionales\u00bb\",\"datePublished\":\"2021-08-12T14:20:32+00:00\",\"dateModified\":\"2021-08-19T18:45:27+00:00\",\"mainEntityOfPage\":{\"@id\":\"https:\/\/colegioarquitectos.com\/noticias\/?p=27601\"},\"wordCount\":723,\"publisher\":{\"@id\":\"https:\/\/colegioarquitectos.com\/noticias\/#organization\"},\"image\":{\"@id\":\"https:\/\/colegioarquitectos.com\/noticias\/?p=27601#primaryimage\"},\"thumbnailUrl\":\"https:\/\/colegioarquitectos.com\/noticias\/wp-content\/uploads\/2021\/08\/ANIVERSARIOE18DWEB.png\",\"articleSection\":[\"Colegio\"],\"inLanguage\":\"es\"},{\"@type\":\"WebPage\",\"@id\":\"https:\/\/colegioarquitectos.com\/noticias\/?p=27601\",\"url\":\"https:\/\/colegioarquitectos.com\/noticias\/?p=27601\",\"name\":\"Giancarlo Mazzanti y Marta Moreira ser\u00e1n parte del conversatorio \u00abLa arquitectura como agente de cambio desde los proyectos p\u00fablicos internacionales\u00bb - COLEGIO DE ARQUITECTOS DE CHILE\",\"isPartOf\":{\"@id\":\"https:\/\/colegioarquitectos.com\/noticias\/#website\"},\"primaryImageOfPage\":{\"@id\":\"https:\/\/colegioarquitectos.com\/noticias\/?p=27601#primaryimage\"},\"image\":{\"@id\":\"https:\/\/colegioarquitectos.com\/noticias\/?p=27601#primaryimage\"},\"thumbnailUrl\":\"https:\/\/colegioarquitectos.com\/noticias\/wp-content\/uploads\/2021\/08\/ANIVERSARIOE18DWEB.png\",\"datePublished\":\"2021-08-12T14:20:32+00:00\",\"dateModified\":\"2021-08-19T18:45:27+00:00\",\"breadcrumb\":{\"@id\":\"https:\/\/colegioarquitectos.com\/noticias\/?p=27601#breadcrumb\"},\"inLanguage\":\"es\",\"potentialAction\":[{\"@type\":\"ReadAction\",\"target\":[\"https:\/\/colegioarquitectos.com\/noticias\/?p=27601\"]}]},{\"@type\":\"ImageObject\",\"inLanguage\":\"es\",\"@id\":\"https:\/\/colegioarquitectos.com\/noticias\/?p=27601#primaryimage\",\"url\":\"https:\/\/colegioarquitectos.com\/noticias\/wp-content\/uploads\/2021\/08\/ANIVERSARIOE18DWEB.png\",\"contentUrl\":\"https:\/\/colegioarquitectos.com\/noticias\/wp-content\/uploads\/2021\/08\/ANIVERSARIOE18DWEB.png\",\"width\":1280,\"height\":720},{\"@type\":\"BreadcrumbList\",\"@id\":\"https:\/\/colegioarquitectos.com\/noticias\/?p=27601#breadcrumb\",\"itemListElement\":[{\"@type\":\"ListItem\",\"position\":1,\"name\":\"Portada\",\"item\":\"https:\/\/colegioarquitectos.com\/noticias\"},{\"@type\":\"ListItem\",\"position\":2,\"name\":\"Giancarlo Mazzanti y Marta Moreira ser\u00e1n parte del conversatorio \u00abLa arquitectura como agente de cambio desde los proyectos p\u00fablicos internacionales\u00bb\"}]},{\"@type\":\"WebSite\",\"@id\":\"https:\/\/colegioarquitectos.com\/noticias\/#website\",\"url\":\"https:\/\/colegioarquitectos.com\/noticias\/\",\"name\":\"COLEGIO DE ARQUITECTOS DE CHILE\",\"description\":\"\",\"publisher\":{\"@id\":\"https:\/\/colegioarquitectos.com\/noticias\/#organization\"},\"potentialAction\":[{\"@type\":\"SearchAction\",\"target\":{\"@type\":\"EntryPoint\",\"urlTemplate\":\"https:\/\/colegioarquitectos.com\/noticias\/?s={search_term_string}\"},\"query-input\":{\"@type\":\"PropertyValueSpecification\",\"valueRequired\":true,\"valueName\":\"search_term_string\"}}],\"inLanguage\":\"es\"},{\"@type\":\"Organization\",\"@id\":\"https:\/\/colegioarquitectos.com\/noticias\/#organization\",\"name\":\"COLEGIO DE ARQUITECTOS DE CHILE\",\"url\":\"https:\/\/colegioarquitectos.com\/noticias\/\",\"logo\":{\"@type\":\"ImageObject\",\"inLanguage\":\"es\",\"@id\":\"https:\/\/colegioarquitectos.com\/noticias\/#\/schema\/logo\/image\/\",\"url\":\"https:\/\/colegioarquitectos.com\/noticias\/wp-content\/uploads\/2021\/05\/ENCABEZADO-LOGO-CA.jpg\",\"contentUrl\":\"https:\/\/colegioarquitectos.com\/noticias\/wp-content\/uploads\/2021\/05\/ENCABEZADO-LOGO-CA.jpg\",\"width\":690,\"height\":350,\"caption\":\"COLEGIO DE ARQUITECTOS DE CHILE\"},\"image\":{\"@id\":\"https:\/\/colegioarquitectos.com\/noticias\/#\/schema\/logo\/image\/\"},\"sameAs\":[\"https:\/\/facebook.com\/Colegioarq\/\",\"https:\/\/x.com\/colegioarq\",\"https:\/\/instagram.com\/colegioarq\",\"https:\/\/youtube.com\/@ColegiodeArquitectosdeChile\"]},{\"@type\":\"Person\",\"@id\":\"https:\/\/colegioarquitectos.com\/noticias\/#\/schema\/person\/685cc0aad148303c5608f049af8285ad\",\"name\":\"Colegio de Arquitectos de Chile\",\"url\":\"https:\/\/colegioarquitectos.com\/noticias\/?author=4\"}]}<\/script>\n<!-- \/ Yoast SEO plugin. -->","yoast_head_json":{"title":"Giancarlo Mazzanti y Marta Moreira ser\u00e1n parte del conversatorio \u00abLa arquitectura como agente de cambio desde los proyectos p\u00fablicos internacionales\u00bb - COLEGIO DE ARQUITECTOS DE CHILE","robots":{"index":"index","follow":"follow","max-snippet":"max-snippet:-1","max-image-preview":"max-image-preview:large","max-video-preview":"max-video-preview:-1"},"canonical":"https:\/\/colegioarquitectos.com\/noticias\/?p=27601","og_locale":"es_ES","og_type":"article","og_title":"Giancarlo Mazzanti y Marta Moreira ser\u00e1n parte del conversatorio \u00abLa arquitectura como agente de cambio desde los proyectos p\u00fablicos internacionales\u00bb - COLEGIO DE ARQUITECTOS DE CHILE","og_description":"El Colegio de Arquitectos de Chile cumple un nuevo a\u00f1o de vida y lo conmemorar\u00e1 con una serie de actividades gratuitas y totalmente online. El hito se inici\u00f3 el pasado mi\u00e9rcoles 4 de agosto, d\u00eda en que se cumplieron 79 &hellip; ver m\u00e1s","og_url":"https:\/\/colegioarquitectos.com\/noticias\/?p=27601","og_site_name":"COLEGIO DE ARQUITECTOS DE CHILE","article_publisher":"https:\/\/facebook.com\/Colegioarq\/","article_published_time":"2021-08-12T14:20:32+00:00","article_modified_time":"2021-08-19T18:45:27+00:00","og_image":[{"width":1280,"height":720,"url":"https:\/\/colegioarquitectos.com\/noticias\/wp-content\/uploads\/2021\/08\/ANIVERSARIOE18DWEB.png","type":"image\/png"}],"author":"Colegio de Arquitectos de Chile","twitter_card":"summary_large_image","twitter_creator":"@colegioarq","twitter_site":"@colegioarq","twitter_misc":{"Escrito por":"Colegio de Arquitectos de Chile","Tiempo de lectura":"4 minutos"},"schema":{"@context":"https:\/\/schema.org","@graph":[{"@type":"Article","@id":"https:\/\/colegioarquitectos.com\/noticias\/?p=27601#article","isPartOf":{"@id":"https:\/\/colegioarquitectos.com\/noticias\/?p=27601"},"author":{"name":"Colegio de Arquitectos de Chile","@id":"https:\/\/colegioarquitectos.com\/noticias\/#\/schema\/person\/685cc0aad148303c5608f049af8285ad"},"headline":"Giancarlo Mazzanti y Marta Moreira ser\u00e1n parte del conversatorio \u00abLa arquitectura como agente de cambio desde los proyectos p\u00fablicos internacionales\u00bb","datePublished":"2021-08-12T14:20:32+00:00","dateModified":"2021-08-19T18:45:27+00:00","mainEntityOfPage":{"@id":"https:\/\/colegioarquitectos.com\/noticias\/?p=27601"},"wordCount":723,"publisher":{"@id":"https:\/\/colegioarquitectos.com\/noticias\/#organization"},"image":{"@id":"https:\/\/colegioarquitectos.com\/noticias\/?p=27601#primaryimage"},"thumbnailUrl":"https:\/\/colegioarquitectos.com\/noticias\/wp-content\/uploads\/2021\/08\/ANIVERSARIOE18DWEB.png","articleSection":["Colegio"],"inLanguage":"es"},{"@type":"WebPage","@id":"https:\/\/colegioarquitectos.com\/noticias\/?p=27601","url":"https:\/\/colegioarquitectos.com\/noticias\/?p=27601","name":"Giancarlo Mazzanti y Marta Moreira ser\u00e1n parte del conversatorio \u00abLa arquitectura como agente de cambio desde los proyectos p\u00fablicos internacionales\u00bb - COLEGIO DE ARQUITECTOS DE CHILE","isPartOf":{"@id":"https:\/\/colegioarquitectos.com\/noticias\/#website"},"primaryImageOfPage":{"@id":"https:\/\/colegioarquitectos.com\/noticias\/?p=27601#primaryimage"},"image":{"@id":"https:\/\/colegioarquitectos.com\/noticias\/?p=27601#primaryimage"},"thumbnailUrl":"https:\/\/colegioarquitectos.com\/noticias\/wp-content\/uploads\/2021\/08\/ANIVERSARIOE18DWEB.png","datePublished":"2021-08-12T14:20:32+00:00","dateModified":"2021-08-19T18:45:27+00:00","breadcrumb":{"@id":"https:\/\/colegioarquitectos.com\/noticias\/?p=27601#breadcrumb"},"inLanguage":"es","potentialAction":[{"@type":"ReadAction","target":["https:\/\/colegioarquitectos.com\/noticias\/?p=27601"]}]},{"@type":"ImageObject","inLanguage":"es","@id":"https:\/\/colegioarquitectos.com\/noticias\/?p=27601#primaryimage","url":"https:\/\/colegioarquitectos.com\/noticias\/wp-content\/uploads\/2021\/08\/ANIVERSARIOE18DWEB.png","contentUrl":"https:\/\/colegioarquitectos.com\/noticias\/wp-content\/uploads\/2021\/08\/ANIVERSARIOE18DWEB.png","width":1280,"height":720},{"@type":"BreadcrumbList","@id":"https:\/\/colegioarquitectos.com\/noticias\/?p=27601#breadcrumb","itemListElement":[{"@type":"ListItem","position":1,"name":"Portada","item":"https:\/\/colegioarquitectos.com\/noticias"},{"@type":"ListItem","position":2,"name":"Giancarlo Mazzanti y Marta Moreira ser\u00e1n parte del conversatorio \u00abLa arquitectura como agente de cambio desde los proyectos p\u00fablicos internacionales\u00bb"}]},{"@type":"WebSite","@id":"https:\/\/colegioarquitectos.com\/noticias\/#website","url":"https:\/\/colegioarquitectos.com\/noticias\/","name":"COLEGIO DE ARQUITECTOS DE CHILE","description":"","publisher":{"@id":"https:\/\/colegioarquitectos.com\/noticias\/#organization"},"potentialAction":[{"@type":"SearchAction","target":{"@type":"EntryPoint","urlTemplate":"https:\/\/colegioarquitectos.com\/noticias\/?s={search_term_string}"},"query-input":{"@type":"PropertyValueSpecification","valueRequired":true,"valueName":"search_term_string"}}],"inLanguage":"es"},{"@type":"Organization","@id":"https:\/\/colegioarquitectos.com\/noticias\/#organization","name":"COLEGIO DE ARQUITECTOS DE CHILE","url":"https:\/\/colegioarquitectos.com\/noticias\/","logo":{"@type":"ImageObject","inLanguage":"es","@id":"https:\/\/colegioarquitectos.com\/noticias\/#\/schema\/logo\/image\/","url":"https:\/\/colegioarquitectos.com\/noticias\/wp-content\/uploads\/2021\/05\/ENCABEZADO-LOGO-CA.jpg","contentUrl":"https:\/\/colegioarquitectos.com\/noticias\/wp-content\/uploads\/2021\/05\/ENCABEZADO-LOGO-CA.jpg","width":690,"height":350,"caption":"COLEGIO DE ARQUITECTOS DE CHILE"},"image":{"@id":"https:\/\/colegioarquitectos.com\/noticias\/#\/schema\/logo\/image\/"},"sameAs":["https:\/\/facebook.com\/Colegioarq\/","https:\/\/x.com\/colegioarq","https:\/\/instagram.com\/colegioarq","https:\/\/youtube.com\/@ColegiodeArquitectosdeChile"]},{"@type":"Person","@id":"https:\/\/colegioarquitectos.com\/noticias\/#\/schema\/person\/685cc0aad148303c5608f049af8285ad","name":"Colegio de Arquitectos de Chile","url":"https:\/\/colegioarquitectos.com\/noticias\/?author=4"}]}},"_links":{"self":[{"href":"https:\/\/colegioarquitectos.com\/noticias\/index.php?rest_route=\/wp\/v2\/posts\/27601","targetHints":{"allow":["GET"]}}],"collection":[{"href":"https:\/\/colegioarquitectos.com\/noticias\/index.php?rest_route=\/wp\/v2\/posts"}],"about":[{"href":"https:\/\/colegioarquitectos.com\/noticias\/index.php?rest_route=\/wp\/v2\/types\/post"}],"author":[{"embeddable":true,"href":"https:\/\/colegioarquitectos.com\/noticias\/index.php?rest_route=\/wp\/v2\/users\/4"}],"replies":[{"embeddable":true,"href":"https:\/\/colegioarquitectos.com\/noticias\/index.php?rest_route=%2Fwp%2Fv2%2Fcomments&post=27601"}],"version-history":[{"count":0,"href":"https:\/\/colegioarquitectos.com\/noticias\/index.php?rest_route=\/wp\/v2\/posts\/27601\/revisions"}],"wp:featuredmedia":[{"embeddable":true,"href":"https:\/\/colegioarquitectos.com\/noticias\/index.php?rest_route=\/wp\/v2\/media\/27602"}],"wp:attachment":[{"href":"https:\/\/colegioarquitectos.com\/noticias\/index.php?rest_route=%2Fwp%2Fv2%2Fmedia&parent=27601"}],"wp:term":[{"taxonomy":"category","embeddable":true,"href":"https:\/\/colegioarquitectos.com\/noticias\/index.php?rest_route=%2Fwp%2Fv2%2Fcategories&post=27601"},{"taxonomy":"post_tag","embeddable":true,"href":"https:\/\/colegioarquitectos.com\/noticias\/index.php?rest_route=%2Fwp%2Fv2%2Ftags&post=27601"}],"curies":[{"name":"wp","href":"https:\/\/api.w.org\/{rel}","templated":true}]}}