
{"id":27663,"date":"2021-08-26T11:45:09","date_gmt":"2021-08-26T15:45:09","guid":{"rendered":"https:\/\/colegioarquitectos.com\/?p=27663"},"modified":"2021-08-26T11:48:21","modified_gmt":"2021-08-26T15:48:21","slug":"delegacion-zonal-magallanes-celebra-la-ultima-semana-del-mes-de-la-arquitectura-en-magallanes-2021","status":"publish","type":"post","link":"https:\/\/colegioarquitectos.com\/noticias\/?p=27663","title":{"rendered":"Delegaci\u00f3n Zonal Magallanes celebra la \u00faltima semana del \u00abMes de la arquitectura en Magallanes 2021\u00bb"},"content":{"rendered":"<p>Con una iniciativa in\u00e9dita en la regi\u00f3n, la <strong>Delegaci\u00f3n Zonal Magallanes<\/strong> ha querido celebrar el d\u00eda de la arquitectura convocando al <strong>\u00abMes de la arquitectura en Magallanes 2021\u00bb<\/strong>, con una serie de charlas, conversatorios y concursos que se han extendido a la comunidad local, y que han permitido visibilizar el quehacer de los arquitectos y arquitectas residentes en las provincias de<strong> \u00daltima Esperanza<\/strong>, <strong>Magallanes<\/strong>, <strong>Tierra del Fuego<\/strong> y <strong>Provincia de la Ant\u00e1rtica Chilena<\/strong>.<\/p>\n<p>La primera semana convoc\u00f3 el tema <strong>\u00abVivienda y sustentabilidad\u00bb<\/strong>, incluyendo charlas del presidente de la Delegaci\u00f3n Zonal, <strong>C\u00e9sar Alvial Chand\u00eda<\/strong>, y de la investigadora del Centro de Estudio de los Recursos Energ\u00e9ticos CERE \u2013 UMAG, donde se alert\u00f3 respecto a los altos niveles de contaminaci\u00f3n atmosf\u00e9rica persistentes en las provincias con acceso a gas natural, acentuada por las deficientes caracter\u00edsticas t\u00e9rmicas de las viviendas locales, plante\u00e1ndose la posibilidad de generar normas y reglamentos t\u00e9rmicos desde Magallanes, y presentando la Gu\u00eda T\u00e9cnica de Soluciones Constructivas Eficientes para Viviendas elaborada por el CERE \u2013 UMAG.<\/p>\n<p>La segunda semana se bas\u00f3 en el tema <strong>\u00abPatrimonio y Diversidad Cultural\u00bb<\/strong>, con intervenciones de la Encargada de la Oficina T\u00e9cnica Regional del Consejo de Monumentos Nacionales, <strong>Javiera Gaona<\/strong>, quien expuso \u00abPatrimonio Monumental y participaci\u00f3n: \u00bfqu\u00e9 protegemos en Magallanes?\u00bb, planteando los desaf\u00edos referidos a la protecci\u00f3n del patrimonio tangible e intangible. Cerr\u00f3 este ciclo la Directora de la Corporaci\u00f3n Selknam \u2013 Chile y Comunidad Selk\u00b4nam \u00abCovadonga Ona\u00bb,\u00a0 <strong>Hema\u00b4ny Molina<\/strong>, quien expuso \u00abLa visi\u00f3n del h\u00e1bitat y el territorio del pueblo Selk\u2019nam\u00bb,\u00a0 comparti\u00e9ndonos los grandes desaf\u00edos de su pueblo, casi exterminado a inicios del siglo XX e invisibilizados hasta nuestros d\u00edas, lo que le ha llevado a solicitar el reconocimiento oficial por parte del Estado de Chile, abri\u00e9ndose un interesante conversatorio con nuestra Presidenta Nacional, <strong>Jadille Baza<\/strong>, el Vicepresidente de Asuntos Nacionales, <strong>Fernando Miranda<\/strong>, y socios invitados.<\/p>\n<p>La tercera semana vers\u00f3 en el tema <strong>\u00abDise\u00f1o y Ciudad Inclusiva\u00bb<\/strong>, y cont\u00f3 con tres presentaciones del Comit\u00e9 de Accesibilidad Universal del Colegio de Arquitectos de Chile A.G. La primera charla fue una introducci\u00f3n al tema por parte de la presidenta del Comit\u00e9, <strong>Cecilia Leiva<\/strong>, la segunda consisti\u00f3 en la presentaci\u00f3n de la arquitecta <strong>Kristine France<\/strong>, quien expuso el manual \u00abSoluciones t\u00e9cnicas de accesibilidad universal para obras urbanas y habitacionales\u00bb, y la tercera charla y conversatorio tuvo como t\u00edtulo \u00abAccesibilidad universal para espacios deportivos y recreativos\u00bb, y estuvo a cargo de la arquitecta <strong>Paulina Andr\u00e9s<\/strong>.<\/p>\n<p>La presente y \u00faltima semana se titula <strong>\u00abCiudad y Territorio\u00bb<\/strong>, e incluye la participaci\u00f3n del arquitecto <strong>Pablo Jord\u00e1n<\/strong> de la consultora URBE, quien relatar\u00e1 sus experiencias y desaf\u00edos relacionados a la elaboraci\u00f3n de diversos planes reguladores comunales en la regi\u00f3n, el d\u00eda jueves 26 de agosto a las 19:00 hrs, mientras que el viernes 27 de agosto ser\u00e1 el turno del arquitecto magall\u00e1nico y premio nacional de urbanismo 2014, <strong>Sergio Baeriswyl<\/strong>, quien compartir\u00e1 la charla y conversatorio \u00abDesaf\u00edo: mejores herramientas para la construcci\u00f3n de mejores ciudades\u00bb, donde incluir\u00e1 una presentaci\u00f3n del Consejo Nacional de Desarrollo Urbano, en su calidad de presidente.<\/p>\n<p>El mismo <strong>viernes 27 de agosto<\/strong>, esta vez en el <strong>Centro Cultural Municipal de Punta Arenas<\/strong>, se efectuar\u00e1 el cierre oficial de las actividades con la premiaci\u00f3n de las mejores obras recibidas en <strong>los concursos \u00abCroquis Urbano\u00bb, \u00abFotograf\u00eda Urbana\u00bb, \u00abMi Barrio en 300 palabras\u00bb y \u00abMejor Obra de Arquitectura\u00bb<\/strong>.<\/p>\n<p>Las charlas se encuentran disponibles en el canal de YouTube de la Delegaci\u00f3n: \u00ab<a href=\"https:\/\/www.youtube.com\/watch?v=MCq70MzamnA\">DZ MAGALLANES CA<\/a>\u00bb, as\u00ed como en la p\u00e1gina de Facebook <a href=\"https:\/\/web.facebook.com\/profile.php?id=100071494710499\">@Delegacion.Zonal.Magallanes<\/a>.<\/p>\n<p>&nbsp;<\/p>\n<p><img loading=\"lazy\" decoding=\"async\" class=\"aligncenter size-full wp-image-27664\" src=\"https:\/\/colegioarquitectos.com\/noticias\/wp-content\/uploads\/2021\/08\/WhatsApp-Image-2021-08-25-at-15.53.20.jpeg\" alt=\"\" width=\"720\" height=\"765\" srcset=\"https:\/\/colegioarquitectos.com\/noticias\/wp-content\/uploads\/2021\/08\/WhatsApp-Image-2021-08-25-at-15.53.20.jpeg 720w, https:\/\/colegioarquitectos.com\/noticias\/wp-content\/uploads\/2021\/08\/WhatsApp-Image-2021-08-25-at-15.53.20-282x300.jpeg 282w\" sizes=\"auto, (max-width: 720px) 100vw, 720px\" \/><\/p>\n<p><\/p>","protected":false},"excerpt":{"rendered":"<p>Con una iniciativa in\u00e9dita en la regi\u00f3n, la Delegaci\u00f3n Zonal Magallanes ha querido celebrar el d\u00eda de la arquitectura convocando al \u00abMes de la arquitectura en Magallanes 2021\u00bb, con una serie de charlas, conversatorios y concursos que se han extendido &hellip; <a class=\"more-link\" href=\"https:\/\/colegioarquitectos.com\/noticias\/?p=27663\">ver m\u00e1s<\/a><\/p>","protected":false},"author":4,"featured_media":27665,"comment_status":"closed","ping_status":"closed","sticky":false,"template":"","format":"standard","meta":{"footnotes":""},"categories":[10],"tags":[],"class_list":["post-27663","post","type-post","status-publish","format-standard","has-post-thumbnail","hentry","category-delegaciones-zonales"],"yoast_head":"<!-- This site is optimized with the Yoast SEO plugin v24.2 - https:\/\/yoast.com\/wordpress\/plugins\/seo\/ -->\n<title>Delegaci\u00f3n Zonal Magallanes celebra la \u00faltima semana del \u00abMes de la arquitectura en Magallanes 2021\u00bb - COLEGIO DE ARQUITECTOS DE CHILE<\/title>\n<meta name=\"robots\" content=\"index, follow, max-snippet:-1, max-image-preview:large, max-video-preview:-1\" \/>\n<link rel=\"canonical\" href=\"https:\/\/colegioarquitectos.com\/noticias\/?p=27663\" \/>\n<meta property=\"og:locale\" content=\"es_ES\" \/>\n<meta property=\"og:type\" content=\"article\" \/>\n<meta property=\"og:title\" content=\"Delegaci\u00f3n Zonal Magallanes celebra la \u00faltima semana del \u00abMes de la arquitectura en Magallanes 2021\u00bb - COLEGIO DE ARQUITECTOS DE CHILE\" \/>\n<meta property=\"og:description\" content=\"Con una iniciativa in\u00e9dita en la regi\u00f3n, la Delegaci\u00f3n Zonal Magallanes ha querido celebrar el d\u00eda de la arquitectura convocando al \u00abMes de la arquitectura en Magallanes 2021\u00bb, con una serie de charlas, conversatorios y concursos que se han extendido &hellip; ver m\u00e1s\" \/>\n<meta property=\"og:url\" content=\"https:\/\/colegioarquitectos.com\/noticias\/?p=27663\" \/>\n<meta property=\"og:site_name\" content=\"COLEGIO DE ARQUITECTOS DE CHILE\" \/>\n<meta property=\"article:publisher\" content=\"https:\/\/facebook.com\/Colegioarq\/\" \/>\n<meta property=\"article:published_time\" content=\"2021-08-26T15:45:09+00:00\" \/>\n<meta property=\"article:modified_time\" content=\"2021-08-26T15:48:21+00:00\" \/>\n<meta property=\"og:image\" content=\"https:\/\/colegioarquitectos.com\/noticias\/wp-content\/uploads\/2021\/08\/Nuevo-proyecto-3-1.jpg\" \/>\n\t<meta property=\"og:image:width\" content=\"1280\" \/>\n\t<meta property=\"og:image:height\" content=\"720\" \/>\n\t<meta property=\"og:image:type\" content=\"image\/jpeg\" \/>\n<meta name=\"author\" content=\"Colegio de Arquitectos de Chile\" \/>\n<meta name=\"twitter:card\" content=\"summary_large_image\" \/>\n<meta name=\"twitter:creator\" content=\"@colegioarq\" \/>\n<meta name=\"twitter:site\" content=\"@colegioarq\" \/>\n<meta name=\"twitter:label1\" content=\"Escrito por\" \/>\n\t<meta name=\"twitter:data1\" content=\"Colegio de Arquitectos de Chile\" \/>\n\t<meta name=\"twitter:label2\" content=\"Tiempo de lectura\" \/>\n\t<meta name=\"twitter:data2\" content=\"3 minutos\" \/>\n<script type=\"application\/ld+json\" class=\"yoast-schema-graph\">{\"@context\":\"https:\/\/schema.org\",\"@graph\":[{\"@type\":\"Article\",\"@id\":\"https:\/\/colegioarquitectos.com\/noticias\/?p=27663#article\",\"isPartOf\":{\"@id\":\"https:\/\/colegioarquitectos.com\/noticias\/?p=27663\"},\"author\":{\"name\":\"Colegio de Arquitectos de Chile\",\"@id\":\"https:\/\/colegioarquitectos.com\/noticias\/#\/schema\/person\/685cc0aad148303c5608f049af8285ad\"},\"headline\":\"Delegaci\u00f3n Zonal Magallanes celebra la \u00faltima semana del \u00abMes de la arquitectura en Magallanes 2021\u00bb\",\"datePublished\":\"2021-08-26T15:45:09+00:00\",\"dateModified\":\"2021-08-26T15:48:21+00:00\",\"mainEntityOfPage\":{\"@id\":\"https:\/\/colegioarquitectos.com\/noticias\/?p=27663\"},\"wordCount\":631,\"publisher\":{\"@id\":\"https:\/\/colegioarquitectos.com\/noticias\/#organization\"},\"image\":{\"@id\":\"https:\/\/colegioarquitectos.com\/noticias\/?p=27663#primaryimage\"},\"thumbnailUrl\":\"https:\/\/colegioarquitectos.com\/noticias\/wp-content\/uploads\/2021\/08\/Nuevo-proyecto-3-1.jpg\",\"articleSection\":[\"Delegaciones\"],\"inLanguage\":\"es\"},{\"@type\":\"WebPage\",\"@id\":\"https:\/\/colegioarquitectos.com\/noticias\/?p=27663\",\"url\":\"https:\/\/colegioarquitectos.com\/noticias\/?p=27663\",\"name\":\"Delegaci\u00f3n Zonal Magallanes celebra la \u00faltima semana del \u00abMes de la arquitectura en Magallanes 2021\u00bb - COLEGIO DE ARQUITECTOS DE CHILE\",\"isPartOf\":{\"@id\":\"https:\/\/colegioarquitectos.com\/noticias\/#website\"},\"primaryImageOfPage\":{\"@id\":\"https:\/\/colegioarquitectos.com\/noticias\/?p=27663#primaryimage\"},\"image\":{\"@id\":\"https:\/\/colegioarquitectos.com\/noticias\/?p=27663#primaryimage\"},\"thumbnailUrl\":\"https:\/\/colegioarquitectos.com\/noticias\/wp-content\/uploads\/2021\/08\/Nuevo-proyecto-3-1.jpg\",\"datePublished\":\"2021-08-26T15:45:09+00:00\",\"dateModified\":\"2021-08-26T15:48:21+00:00\",\"breadcrumb\":{\"@id\":\"https:\/\/colegioarquitectos.com\/noticias\/?p=27663#breadcrumb\"},\"inLanguage\":\"es\",\"potentialAction\":[{\"@type\":\"ReadAction\",\"target\":[\"https:\/\/colegioarquitectos.com\/noticias\/?p=27663\"]}]},{\"@type\":\"ImageObject\",\"inLanguage\":\"es\",\"@id\":\"https:\/\/colegioarquitectos.com\/noticias\/?p=27663#primaryimage\",\"url\":\"https:\/\/colegioarquitectos.com\/noticias\/wp-content\/uploads\/2021\/08\/Nuevo-proyecto-3-1.jpg\",\"contentUrl\":\"https:\/\/colegioarquitectos.com\/noticias\/wp-content\/uploads\/2021\/08\/Nuevo-proyecto-3-1.jpg\",\"width\":1280,\"height\":720},{\"@type\":\"BreadcrumbList\",\"@id\":\"https:\/\/colegioarquitectos.com\/noticias\/?p=27663#breadcrumb\",\"itemListElement\":[{\"@type\":\"ListItem\",\"position\":1,\"name\":\"Portada\",\"item\":\"https:\/\/colegioarquitectos.com\/noticias\"},{\"@type\":\"ListItem\",\"position\":2,\"name\":\"Delegaci\u00f3n Zonal Magallanes celebra la \u00faltima semana del \u00abMes de la arquitectura en Magallanes 2021\u00bb\"}]},{\"@type\":\"WebSite\",\"@id\":\"https:\/\/colegioarquitectos.com\/noticias\/#website\",\"url\":\"https:\/\/colegioarquitectos.com\/noticias\/\",\"name\":\"COLEGIO DE ARQUITECTOS DE CHILE\",\"description\":\"\",\"publisher\":{\"@id\":\"https:\/\/colegioarquitectos.com\/noticias\/#organization\"},\"potentialAction\":[{\"@type\":\"SearchAction\",\"target\":{\"@type\":\"EntryPoint\",\"urlTemplate\":\"https:\/\/colegioarquitectos.com\/noticias\/?s={search_term_string}\"},\"query-input\":{\"@type\":\"PropertyValueSpecification\",\"valueRequired\":true,\"valueName\":\"search_term_string\"}}],\"inLanguage\":\"es\"},{\"@type\":\"Organization\",\"@id\":\"https:\/\/colegioarquitectos.com\/noticias\/#organization\",\"name\":\"COLEGIO DE ARQUITECTOS DE CHILE\",\"url\":\"https:\/\/colegioarquitectos.com\/noticias\/\",\"logo\":{\"@type\":\"ImageObject\",\"inLanguage\":\"es\",\"@id\":\"https:\/\/colegioarquitectos.com\/noticias\/#\/schema\/logo\/image\/\",\"url\":\"https:\/\/colegioarquitectos.com\/noticias\/wp-content\/uploads\/2021\/05\/ENCABEZADO-LOGO-CA.jpg\",\"contentUrl\":\"https:\/\/colegioarquitectos.com\/noticias\/wp-content\/uploads\/2021\/05\/ENCABEZADO-LOGO-CA.jpg\",\"width\":690,\"height\":350,\"caption\":\"COLEGIO DE ARQUITECTOS DE CHILE\"},\"image\":{\"@id\":\"https:\/\/colegioarquitectos.com\/noticias\/#\/schema\/logo\/image\/\"},\"sameAs\":[\"https:\/\/facebook.com\/Colegioarq\/\",\"https:\/\/x.com\/colegioarq\",\"https:\/\/instagram.com\/colegioarq\",\"https:\/\/youtube.com\/@ColegiodeArquitectosdeChile\"]},{\"@type\":\"Person\",\"@id\":\"https:\/\/colegioarquitectos.com\/noticias\/#\/schema\/person\/685cc0aad148303c5608f049af8285ad\",\"name\":\"Colegio de Arquitectos de Chile\",\"url\":\"https:\/\/colegioarquitectos.com\/noticias\/?author=4\"}]}<\/script>\n<!-- \/ Yoast SEO plugin. -->","yoast_head_json":{"title":"Delegaci\u00f3n Zonal Magallanes celebra la \u00faltima semana del \u00abMes de la arquitectura en Magallanes 2021\u00bb - COLEGIO DE ARQUITECTOS DE CHILE","robots":{"index":"index","follow":"follow","max-snippet":"max-snippet:-1","max-image-preview":"max-image-preview:large","max-video-preview":"max-video-preview:-1"},"canonical":"https:\/\/colegioarquitectos.com\/noticias\/?p=27663","og_locale":"es_ES","og_type":"article","og_title":"Delegaci\u00f3n Zonal Magallanes celebra la \u00faltima semana del \u00abMes de la arquitectura en Magallanes 2021\u00bb - COLEGIO DE ARQUITECTOS DE CHILE","og_description":"Con una iniciativa in\u00e9dita en la regi\u00f3n, la Delegaci\u00f3n Zonal Magallanes ha querido celebrar el d\u00eda de la arquitectura convocando al \u00abMes de la arquitectura en Magallanes 2021\u00bb, con una serie de charlas, conversatorios y concursos que se han extendido &hellip; ver m\u00e1s","og_url":"https:\/\/colegioarquitectos.com\/noticias\/?p=27663","og_site_name":"COLEGIO DE ARQUITECTOS DE CHILE","article_publisher":"https:\/\/facebook.com\/Colegioarq\/","article_published_time":"2021-08-26T15:45:09+00:00","article_modified_time":"2021-08-26T15:48:21+00:00","og_image":[{"width":1280,"height":720,"url":"https:\/\/colegioarquitectos.com\/noticias\/wp-content\/uploads\/2021\/08\/Nuevo-proyecto-3-1.jpg","type":"image\/jpeg"}],"author":"Colegio de Arquitectos de Chile","twitter_card":"summary_large_image","twitter_creator":"@colegioarq","twitter_site":"@colegioarq","twitter_misc":{"Escrito por":"Colegio de Arquitectos de Chile","Tiempo de lectura":"3 minutos"},"schema":{"@context":"https:\/\/schema.org","@graph":[{"@type":"Article","@id":"https:\/\/colegioarquitectos.com\/noticias\/?p=27663#article","isPartOf":{"@id":"https:\/\/colegioarquitectos.com\/noticias\/?p=27663"},"author":{"name":"Colegio de Arquitectos de Chile","@id":"https:\/\/colegioarquitectos.com\/noticias\/#\/schema\/person\/685cc0aad148303c5608f049af8285ad"},"headline":"Delegaci\u00f3n Zonal Magallanes celebra la \u00faltima semana del \u00abMes de la arquitectura en Magallanes 2021\u00bb","datePublished":"2021-08-26T15:45:09+00:00","dateModified":"2021-08-26T15:48:21+00:00","mainEntityOfPage":{"@id":"https:\/\/colegioarquitectos.com\/noticias\/?p=27663"},"wordCount":631,"publisher":{"@id":"https:\/\/colegioarquitectos.com\/noticias\/#organization"},"image":{"@id":"https:\/\/colegioarquitectos.com\/noticias\/?p=27663#primaryimage"},"thumbnailUrl":"https:\/\/colegioarquitectos.com\/noticias\/wp-content\/uploads\/2021\/08\/Nuevo-proyecto-3-1.jpg","articleSection":["Delegaciones"],"inLanguage":"es"},{"@type":"WebPage","@id":"https:\/\/colegioarquitectos.com\/noticias\/?p=27663","url":"https:\/\/colegioarquitectos.com\/noticias\/?p=27663","name":"Delegaci\u00f3n Zonal Magallanes celebra la \u00faltima semana del \u00abMes de la arquitectura en Magallanes 2021\u00bb - COLEGIO DE ARQUITECTOS DE CHILE","isPartOf":{"@id":"https:\/\/colegioarquitectos.com\/noticias\/#website"},"primaryImageOfPage":{"@id":"https:\/\/colegioarquitectos.com\/noticias\/?p=27663#primaryimage"},"image":{"@id":"https:\/\/colegioarquitectos.com\/noticias\/?p=27663#primaryimage"},"thumbnailUrl":"https:\/\/colegioarquitectos.com\/noticias\/wp-content\/uploads\/2021\/08\/Nuevo-proyecto-3-1.jpg","datePublished":"2021-08-26T15:45:09+00:00","dateModified":"2021-08-26T15:48:21+00:00","breadcrumb":{"@id":"https:\/\/colegioarquitectos.com\/noticias\/?p=27663#breadcrumb"},"inLanguage":"es","potentialAction":[{"@type":"ReadAction","target":["https:\/\/colegioarquitectos.com\/noticias\/?p=27663"]}]},{"@type":"ImageObject","inLanguage":"es","@id":"https:\/\/colegioarquitectos.com\/noticias\/?p=27663#primaryimage","url":"https:\/\/colegioarquitectos.com\/noticias\/wp-content\/uploads\/2021\/08\/Nuevo-proyecto-3-1.jpg","contentUrl":"https:\/\/colegioarquitectos.com\/noticias\/wp-content\/uploads\/2021\/08\/Nuevo-proyecto-3-1.jpg","width":1280,"height":720},{"@type":"BreadcrumbList","@id":"https:\/\/colegioarquitectos.com\/noticias\/?p=27663#breadcrumb","itemListElement":[{"@type":"ListItem","position":1,"name":"Portada","item":"https:\/\/colegioarquitectos.com\/noticias"},{"@type":"ListItem","position":2,"name":"Delegaci\u00f3n Zonal Magallanes celebra la \u00faltima semana del \u00abMes de la arquitectura en Magallanes 2021\u00bb"}]},{"@type":"WebSite","@id":"https:\/\/colegioarquitectos.com\/noticias\/#website","url":"https:\/\/colegioarquitectos.com\/noticias\/","name":"COLEGIO DE ARQUITECTOS DE CHILE","description":"","publisher":{"@id":"https:\/\/colegioarquitectos.com\/noticias\/#organization"},"potentialAction":[{"@type":"SearchAction","target":{"@type":"EntryPoint","urlTemplate":"https:\/\/colegioarquitectos.com\/noticias\/?s={search_term_string}"},"query-input":{"@type":"PropertyValueSpecification","valueRequired":true,"valueName":"search_term_string"}}],"inLanguage":"es"},{"@type":"Organization","@id":"https:\/\/colegioarquitectos.com\/noticias\/#organization","name":"COLEGIO DE ARQUITECTOS DE CHILE","url":"https:\/\/colegioarquitectos.com\/noticias\/","logo":{"@type":"ImageObject","inLanguage":"es","@id":"https:\/\/colegioarquitectos.com\/noticias\/#\/schema\/logo\/image\/","url":"https:\/\/colegioarquitectos.com\/noticias\/wp-content\/uploads\/2021\/05\/ENCABEZADO-LOGO-CA.jpg","contentUrl":"https:\/\/colegioarquitectos.com\/noticias\/wp-content\/uploads\/2021\/05\/ENCABEZADO-LOGO-CA.jpg","width":690,"height":350,"caption":"COLEGIO DE ARQUITECTOS DE CHILE"},"image":{"@id":"https:\/\/colegioarquitectos.com\/noticias\/#\/schema\/logo\/image\/"},"sameAs":["https:\/\/facebook.com\/Colegioarq\/","https:\/\/x.com\/colegioarq","https:\/\/instagram.com\/colegioarq","https:\/\/youtube.com\/@ColegiodeArquitectosdeChile"]},{"@type":"Person","@id":"https:\/\/colegioarquitectos.com\/noticias\/#\/schema\/person\/685cc0aad148303c5608f049af8285ad","name":"Colegio de Arquitectos de Chile","url":"https:\/\/colegioarquitectos.com\/noticias\/?author=4"}]}},"_links":{"self":[{"href":"https:\/\/colegioarquitectos.com\/noticias\/index.php?rest_route=\/wp\/v2\/posts\/27663","targetHints":{"allow":["GET"]}}],"collection":[{"href":"https:\/\/colegioarquitectos.com\/noticias\/index.php?rest_route=\/wp\/v2\/posts"}],"about":[{"href":"https:\/\/colegioarquitectos.com\/noticias\/index.php?rest_route=\/wp\/v2\/types\/post"}],"author":[{"embeddable":true,"href":"https:\/\/colegioarquitectos.com\/noticias\/index.php?rest_route=\/wp\/v2\/users\/4"}],"replies":[{"embeddable":true,"href":"https:\/\/colegioarquitectos.com\/noticias\/index.php?rest_route=%2Fwp%2Fv2%2Fcomments&post=27663"}],"version-history":[{"count":0,"href":"https:\/\/colegioarquitectos.com\/noticias\/index.php?rest_route=\/wp\/v2\/posts\/27663\/revisions"}],"wp:featuredmedia":[{"embeddable":true,"href":"https:\/\/colegioarquitectos.com\/noticias\/index.php?rest_route=\/wp\/v2\/media\/27665"}],"wp:attachment":[{"href":"https:\/\/colegioarquitectos.com\/noticias\/index.php?rest_route=%2Fwp%2Fv2%2Fmedia&parent=27663"}],"wp:term":[{"taxonomy":"category","embeddable":true,"href":"https:\/\/colegioarquitectos.com\/noticias\/index.php?rest_route=%2Fwp%2Fv2%2Fcategories&post=27663"},{"taxonomy":"post_tag","embeddable":true,"href":"https:\/\/colegioarquitectos.com\/noticias\/index.php?rest_route=%2Fwp%2Fv2%2Ftags&post=27663"}],"curies":[{"name":"wp","href":"https:\/\/api.w.org\/{rel}","templated":true}]}}