
{"id":27667,"date":"2021-08-27T16:39:56","date_gmt":"2021-08-27T20:39:56","guid":{"rendered":"https:\/\/colegioarquitectos.com\/?p=27667"},"modified":"2021-08-27T16:49:47","modified_gmt":"2021-08-27T20:49:47","slug":"conoce-a-los-ganadores-y-ganadoras-de-los-premios-y-distinciones-ca-2021","status":"publish","type":"post","link":"https:\/\/colegioarquitectos.com\/noticias\/?p=27667","title":{"rendered":"Conoce a los ganadores y ganadoras de los Premios y Distinciones CA 2021"},"content":{"rendered":"<p>El pr\u00f3ximo <strong>martes 31 de agosto<\/strong> a las <strong>13.00 horas<\/strong> a trav\u00e9s de <a href=\"https:\/\/www.facebook.com\/Colegioarq\"><strong>FB Live<\/strong><\/a> y <a href=\"https:\/\/www.youtube.com\/ColegiodeArquitectosdeChile\"><strong>YouTube Live<\/strong><\/a> se realizar\u00e1 la<strong> ceremonia de los Premios y Distinciones CA<\/strong>, en el marco del cierre de la celebraci\u00f3n de los <strong>79 a\u00f1os<\/strong> del <strong>Colegio de Arquitectos de Chile<\/strong> y el <strong>Mes de la Arquitectura<\/strong>, en donde reconoceremos a nuestras colegiadas y colegiados destacados que son un ejemplo en distintas \u00e1reas de la arquitectura.<\/p>\n<p>Los <strong>Premios y Distinciones CA<\/strong> son uno de los principales reconocimientos a los arquitectos y arquitectas del pa\u00eds, y <strong>destacan a doce colegiados o colegiadas por su excelencia, trabajo y aporte a la arquitectura<\/strong>. Por otra parte, y a juicio del Directorio Nacional, <strong>son referentes para los arquitectos y arquitectas de todo el pa\u00eds.<\/strong><\/p>\n<p>A\u00f1o a a\u00f1o colegiados y colegiadas, Comit\u00e9s, Delegaciones Zonales y facultades de arquitectura, se suman y presentan candidatas o candidatos que consideran merecedores de ser reconocidos por el Colegio de Arquitectos de Chile.<\/p>\n<p>A continuaci\u00f3n, los ganadores y ganadoras de las categor\u00edas de los Premios y Distinciones CA 2021:<\/p>\n<p>&nbsp;<\/p>\n<h3>Premios CA<\/h3>\n<p>&nbsp;<\/p>\n<h4>Premio Sergio Larra\u00edn Garc\u00eda-Moreno<\/h4>\n<hr \/>\n<p>Al arquitecto o arquitecta que se haya distinguido en el campo acad\u00e9mico o de investigaci\u00f3n.<\/p>\n<p>&nbsp;<\/p>\n<h4 style=\"text-align: center;\">Cecilia Wolff Cecchi<\/h4>\n<p>La doctora arquitecta Cecilia Wolff es profesora asociada del Departamento de Arquitectura de la Facultad de Arquitectura y Urbanismo de la Universidad de Chile y ejerce la docencia de arquitectura desde 1999. Se destacan tres aspectos que la hacen merecedora de la distinci\u00f3n.<\/p>\n<p>Su actividad acad\u00e9mica ha sido desarrollada sobre la base de una carrera profesional de m\u00e1s de 20 a\u00f1os en distintos \u00e1mbitos como rehabilitaci\u00f3n patrimonial, edificaci\u00f3n institucional, arquitectura comercial. Ello le ha permitido el ejercicio acad\u00e9mico de toda \u00edndole, especialmente responsable del curso de Taller donde la experiencia profesional es esencial, imparte Talleres I y II, de T\u00edtulo, cursos de postgrado y otros.<\/p>\n<p>Ha integrado Investigaci\u00f3n, Creaci\u00f3n y Docencia, en el \u00e1mbito de la percepci\u00f3n espacial y tecnolog\u00eda en iluminaci\u00f3n natural aplicada en el patrimonio arquitect\u00f3nico, contribuyendo a la especializaci\u00f3n de acad\u00e9micos y profesionales. Desarroll\u00f3 el dispositivo de iluminaci\u00f3n natural ATRAPALUZ, obteniendo patente internacional. Esto lo plasma en proyectos y en la gu\u00eda de m\u00e1s de 30 Seminarios de Investigaci\u00f3n, Tesis y Proyectos para obtener el T\u00edtulo de Arquitecto y de Mag\u00edster.<\/p>\n<p>Ha realizado un destacado trabajo de Creaci\u00f3n Art\u00edstica, participando desde 2016 como coordinadora de Arquitectura para la Direcci\u00f3n de Creaci\u00f3n Art\u00edstica de la Vicerrector\u00eda de Inv. y Des., generando obra creativa para el Foro de las Artes y fondos concursables con m\u00e1s de 12 proyectos de investigaci\u00f3n. Ha realizado propuestas para el reciente Grupo VER (Virtual Environment Research) que impulsa investigaci\u00f3n, creaci\u00f3n, docencia y extensi\u00f3n en realidad virtual, colaborando interdisciplinariamente con acad\u00e9micos de la U. de Chile y otras facultades del mundo.<\/p>\n<p>La profesora Wolff representa tambi\u00e9n a las arquitectas que han vivido las desigualdades y discriminaciones que enfrentan las mujeres de este pa\u00eds, lo ha hecho desde la docencia, la investigaci\u00f3n, la creaci\u00f3n de sus proyectos y escritos. Los estudiantes se han formado en ese ambiente creativo, enriquecido y vital, generado por esta docente que ha abordado estas tem\u00e1ticas con originalidad y compromiso y lleno de pasi\u00f3n de su tarea formadora e investigativa.<\/p>\n<p>&nbsp;<\/p>\n<p>&nbsp;<\/p>\n<h4>Premio Ferm\u00edn Vivaceta Rupio<\/h4>\n<hr \/>\n<p>Al arquitecto o arquitecta que se haya destacado por su labor profesional en el \u00e1mbito de la tecnolog\u00eda aplicada a la arquitectura.<\/p>\n<p>&nbsp;<\/p>\n<h4 style=\"text-align: center;\">Marcelo Huenchu\u00f1ir Bustos<\/h4>\n<p>Graduado arquitecto con la distinci\u00f3n m\u00e1xima en la Universidad de Chile y diplomado Doctor Ingeniero en la Universidad de Hannover (Alemania), destaca por la labor realizada en el \u00e1mbito de la sustentabilidad y eficiencia energ\u00e9tica. Esta primera inquietud profesional tan importante hoy d\u00eda en el desarrollo de la disciplina, despert\u00f3 en \u00e9l tempranamente convirti\u00e9ndolo en uno de los precursores al desarrollo del \u00e1rea en nuestro pa\u00eds. Posteriormente en su vida profesional esta inquietud se manifiesta en la acreditaci\u00f3n como Passive House Designer (2011) en el Passivhaus Institut, Darmstadt, Alemania. En su inter\u00e9s en cooperar en la transferencia de estos conocimientos t\u00e9cnicos es acreditado como calificador energ\u00e9tico de viviendas por el Ministerio de Vivienda y Urbanismo en Chile (2013).<\/p>\n<p>En 2015 trabaja como Secretario T\u00e9cnico para la mesa de calibraci\u00f3n de la nueva normativa t\u00e9rmica NTM11 partes 2 y 3, \u00abcomportamiento higrot\u00e9rmico\u00bb y \u00abcalidad del aire interior\u00bb. En 2016 trabaja como Secretario T\u00e9cnico para la actualizaci\u00f3n del Sistema de Calificaci\u00f3n Energ\u00e9tica de Vivienda Nueva (CEV) y existente (CEVE). En ambos casos el mandante fue el MINVU. Entre 2002 y 2003 presta servicios en el Instituto de la Construcci\u00f3n como Secretario T\u00e9cnico para la \u00abElaboraci\u00f3n de la 2\u00aa Etapa de la Reglamentaci\u00f3n T\u00e9rmica en Chile\u00bb \u00a0(Reglamentaci\u00f3n para el comportamiento t\u00e9rmico de muros, pisos y ventanas), cuyo mandante fue el MINVU.<\/p>\n<p>Desde 1992 trabaja en diversas oficinas de arquitectura: Asahi-Schneider-Lebner y A.Senerman, Moreno y Arqtos, Asoc., Marsino Arqto, aportando siempre su visi\u00f3n tecnol\u00f3gica de sostenibilidad y eficiencia energ\u00e9tica aplicada a la arquitectura. Ha asesorado la certificaci\u00f3n energ\u00e9tica de conjuntos habitacionales, equipamiento educacional y hospitalario, as\u00ed como viviendas unifamiliares en diversos territorios y climas. Desde los noventa ha desarrollado importantes obras de arquitectura en su propia empresa ARQUIAMBIENTE Ltda.<\/p>\n<p>Destaca su labor docente en pre y postgrado en universidades p\u00fablicas y privadas como la Universidad de Chile, Universidad Cat\u00f3lica de Chile, Universidad Central de Chile y Universidad Mayor. Ha ejercido docencia on-line internacional en el concepto de Passivhaus.<\/p>\n<p>Sobresale su consistente y extensa labor de investigaci\u00f3n en el \u00e1mbito universitario, la cual ha producido importantes publicaciones a nivel nacional e internacional. Entre 2005 y 2008 particip\u00f3 activamente en la red iberoamericana \u00abUso de energ\u00edas renovables y dise\u00f1o bioclim\u00e1tico en viviendas y edificios de inter\u00e9s social\u00bb, del programa CYTED (Ciencia y Tecnolog\u00eda para el Desarrollo), Espa\u00f1a.<\/p>\n<p>Su extraordinaria labor la ha reconocido la C\u00e1mara Chileno Alemana de Comercio (2020), otorg\u00e1ndole el reconocimiento al mejor profesor en Diplomado Energy Manager De. Por otra parte, la Corporaci\u00f3n de Desarrollo Tecnol\u00f3gico de la C\u00e1mara Chilena de la Construcci\u00f3n (2015) le otorg\u00f3 el reconocimiento al M\u00e9rito Acad\u00e9mico por construcci\u00f3n sustentable.<\/p>\n<p>&nbsp;<\/p>\n<h4 style=\"text-align: center;\">Guillermo Parada Salgado<\/h4>\n<p>Su trabajo incorpora de un modo entusiasta y exitoso las nuevas tecnolog\u00edas en la arquitectura, integrando el dise\u00f1o computacional y la fabricaci\u00f3n digital en obras de arquitectura, objetos de dise\u00f1o y obras de arte p\u00fablico.<\/p>\n<p>Su formaci\u00f3n acad\u00e9mica combina la visi\u00f3n innovadora de UNIACC, por su acercamiento al dise\u00f1o digital, y la recibida en el Magister en Arquitectura de la Pontificia Universidad Cat\u00f3lica de Chile, que perfilan su inter\u00e9s en la experimentaci\u00f3n material, el dise\u00f1o param\u00e9trico y la fabricaci\u00f3n digital.<\/p>\n<p>Con esta base crea su estudio de arquitectura, arte y dise\u00f1o, llamado gt2P, el a\u00f1o 2009. Dos hechos marcan su inicio: la adjudicaci\u00f3n de Fondos de Innovaci\u00f3n de Corfo con su proyecto \u00abmuebles de vanguardia\u00bb aplicando nuevas tecnolog\u00edas de dise\u00f1o y fabricaci\u00f3n digital; y el primer premio en el concurso de arte p\u00fablico con la obra \u00abVibraci\u00f3n Parronal\u00bb instalada en el Cesfam n\u00b01 de Rancagua, proyecto dise\u00f1ado y fabricado digitalmente.<\/p>\n<p>Ambos hechos definen las claves del trabajo de Guillermo Parada, quien \u00abintegra y aplica\u00bb nuevas tecnolog\u00edas a diferentes escalas (arte, dise\u00f1o y arquitectura), valorando la cultural local y el espacio p\u00fablico.<\/p>\n<p>Su trabajo de dise\u00f1o ha sido exhibido en los 5 continentes y es representado por la galer\u00eda Friedman Benda en Nueva York. Destaca el proyecto \u00abRemolten\u00bb, que consiste en la refundici\u00f3n de lava volc\u00e1nica para la producci\u00f3n de objetos art\u00edsticos y utilitarios. Los resultados han sido exhibidos internacionalmente y algunas piezas adquiridas por destacadas instituciones, entre ellas, el Metropolitan Museum of Art (The Met) en Nueva York, La National Gallery of Victoria (NGV) en Melbourne, el Denver Art Museum en Denver Colorado, El London Design Museum y el Museo Cooper Hewitt en Nueva York.<\/p>\n<p>Sus trabajos de arquitectura presentan 2 dimensiones. La colaborativa junto a otros estudios, en el dise\u00f1o param\u00e9trico y fabricaci\u00f3n digital de elementos arquitect\u00f3nicos, por ejemplo fachadas, revestimientos interiores o barandas. Y los encargos propios, destacando el reciente primer lugar del \u00abConcurso Parque Las Salinas\u00bb, asociado a Archiplan, que se basa en un esquema param\u00e9trico para organizar la vegetaci\u00f3n que permita la remediaci\u00f3n ecol\u00f3gica del terreno.<\/p>\n<p>Su vocaci\u00f3n por el Arte P\u00fablico, queda demostrada en 3 proyectos para la Comisi\u00f3n Nemesio Ant\u00fanez del MOP, la banca \u00absuple\u00bb ubicada en el Design Museum en Londres, y la obra recientemente inaugurada \u00abConscious Actions\u00bb en el Design District de Miami, que propone un mecanismo an\u00e1logo-param\u00e9trico que se activa al jugar y\u00a0 trasforma una superficie de forma sinusoidal, que al interactuar con el espacio p\u00fablico da cuenta de las consecuencias nuestras acciones.<\/p>\n<p>Estas obras dan testimonio del trabajo innovador, de la incorporaci\u00f3n de nuevas tecnolog\u00edas a la Arquitectura en Chile, y le permiten dise\u00f1ar desde Chile, fabricando e instalando en todo el mundo.<\/p>\n<p>&nbsp;<\/p>\n<p>&nbsp;<\/p>\n<h4>Premio Alfredo Johnson<\/h4>\n<hr \/>\n<p>Al arquitecto o arquitecta que se haya distinguido por su labor como funcionario p\u00fablico, Fiscal o Municipal.<\/p>\n<p>&nbsp;<\/p>\n<h4 style=\"text-align: center;\">Eliseo Huencho<\/h4>\n<p>Es funcionario de la Direcci\u00f3n de Arquitectura del Ministerio de Obras P\u00fablicas (MOP) desde 2000 a la fecha, donde se ha desempe\u00f1ado en distintas funciones en el Nivel Central (2000); la Direcci\u00f3n Regional de La Araucan\u00eda (2001-2007); la Direcci\u00f3n Regional Metropolitana (2007-2011), como Director Regional; la Divisi\u00f3n de Edificaci\u00f3n P\u00fablica (2011-2018), siendo su jefe entre 2014 y 2018, y actualmente como profesional del Departamento de Procedimientos de la Secretar\u00eda T\u00e9cnica de la Direcci\u00f3n Nacional.<\/p>\n<p>Uno de sus principales aportes en el Ministerio de Obras P\u00fablicas es su liderazgo en la inclusi\u00f3n de la perspectiva ind\u00edgena en la edificaci\u00f3n p\u00fablica, formando parte clave de la formulaci\u00f3n del proyecto Gu\u00edas de Dise\u00f1o Arquitect\u00f3nico Mapuche y Aymara, cuya \u00faltima versi\u00f3n actualizada fue publicada en diciembre de 2016, participado directamente o en colaboraci\u00f3n con equipos en el desarrollo de distintos proyectos de arquitectura de este tipo desarrollados por la Direcci\u00f3n de Arquitectura y en la estrategia de aplicaci\u00f3n de este instrumento de orientaciones para hacer que los edificios p\u00fablicos emplazados en territorios de pueblos originarios o destinados en su beneficio incluyan la cultura propia.<\/p>\n<p>Entre 2001 y 2007 particip\u00f3, junto al equipo de la Direcci\u00f3n Regional, en una decena de proyectos que buscaron incluir en el dise\u00f1o la cosmovisi\u00f3n mapuche, siendo la primera experiencia m\u00e1s o menos sistem\u00e1tica de este tipo en edificaci\u00f3n p\u00fablica, entre los que destaca la Construcci\u00f3n Aldea Intercultural Trawupey\u00fcm, Curarrehue (2002-2004)<\/p>\n<p>Sus aportes no se limitan al \u00e1mbito ind\u00edgena, sino en general a la edificaci\u00f3n p\u00fablica y el patrimonio, destacando su gesti\u00f3n como Director Regional en obras como la Restauraci\u00f3n del ex Congreso Nacional en Santiago, sector C\u00e1mara de Diputados (2008);\u00a0 Construcci\u00f3n del Estadio Bicentenario de La Florida (2009); Restauraci\u00f3n Catedral Metropolitana de Santiago (2010); Construcci\u00f3n del Museo de La Memoria y Los Derechos Humanos (2010); Remodelaci\u00f3n, construcci\u00f3n y habilitaci\u00f3n del Centro Cultural Gabriela Mistral (2010); la Restauraci\u00f3n y remodelaci\u00f3n del Edificio del Tribunal Calificador de Elecciones (2011); Construcci\u00f3n Plaza de Abastos y P\u00e9rgolas de las Flores, Independencia\/Recoleta (2011).<\/p>\n<p>Desde 2019 fundador del Coloquio de Nueva Arquitectura Ind\u00edgena en Las Am\u00e9ricas, inaugurado en Buenos Aires, Argentina. Desarroll\u00f3 actividad docente en la Universidad de Chile y la Universidad Aut\u00f3noma del Sur. Ha realizado diversas conferencias en materia de arquitectura y pueblos ind\u00edgenas. Integr\u00f3 la Comisi\u00f3n Verdad Hist\u00f3rica y Nuevo Trato, subcomisi\u00f3n Desarrollo Econ\u00f3mico y Social, en representaci\u00f3n del MOP (2002 \u2013 2003). Fue Director de la Primera Bienal de Arte y Cultura Ind\u00edgena de Chile (2005-2006) para Mideplan-Conadi-BID. Estuvo a cargo de la Unidad de Cultura de la Corporaci\u00f3n Nacional de Desarrollo Ind\u00edgena (2007) y fue Consejero de CONADI, designado por la Presidenta de la Rep\u00fablica, Michelle Bachelet (2009).<\/p>\n<p>&nbsp;<\/p>\n<p>&nbsp;<\/p>\n<h4>Premio Manuel Moreno Guerrero<\/h4>\n<hr \/>\n<p>Al arquitecto o arquitecta que se haya destacado en su labor profesional en el \u00e1mbito de la valoraci\u00f3n del patrimonio arquitect\u00f3nico nacional.<\/p>\n<p>&nbsp;<\/p>\n<h4 style=\"text-align: center;\">Felipe Ravinet De la Fuente<\/h4>\n<p>Arquitecto de la Universidad de Chile (1976). Diplomado en Conservaci\u00f3n y Restauraci\u00f3n Patrimonial de la Pontificia Universidad Cat\u00f3lica de Chile (2004). Actualemente se desempe\u00f1a como Director Ejecutivo de la Fundaci\u00f3n Sewell y Director del Museo de la Gran Miner\u00eda del Cobre.<\/p>\n<p>En 1998 luego de que el Campamento Sewell fuera declarado Monumento Nacional (Zona T\u00edpica y Pintoresca), Felipe Ravinet asumi\u00f3 como Jefe del Proyecto \u00abPuesta en Valor del Campamento Sewell\u00bb, con tal prop\u00f3sito en 1999 dirigi\u00f3 la elaboraci\u00f3n del Plan Estrat\u00e9gico para la Conservaci\u00f3n y Gesti\u00f3n. Este instrumento defini\u00f3 un modelo de gesti\u00f3n y por otra parte, incentiv\u00f3 la puesta en valor de sus activos patrimoniales, para de esta forma convertir al sitio en motor para el desarrollo Patrimonial -Tur\u00edstico de la Regi\u00f3n de O\u00b4Higgins.<\/p>\n<p>El Plan de Manejo defini\u00f3 acertadamente seis l\u00edneas de acci\u00f3n, las que consideraron: Conservaci\u00f3n Patrimonial, Sostenibilidad Financiera, Difusi\u00f3n Patrimonial, la implementaci\u00f3n del Museo de la Gran Miner\u00eda del Cobre, creaci\u00f3n de una Fundaci\u00f3n sin fines de lucro como ente gestor y administrador del bien y la postulaci\u00f3n del Campamento Sewell, con miras a su declaratoria como Sitio del Patrimonio Mundial de la UNESCO.<\/p>\n<p>A mediados de 2004, las cinco primeras l\u00edneas de acci\u00f3n estaban exitosamente implementadas y se trabaja en la restauraci\u00f3n de los primeros edificios. Sewell era visitado por miles de turistas, se hab\u00edan definido los objetivos y organizaci\u00f3n de la Fundaci\u00f3n Sewell, se hab\u00eda implementado la primera etapa del Museo de la Gran Miner\u00eda y\u00a0 Felipe Ravinet trabajaba afanosamente en el inmenso desaf\u00edo que significaba la preparaci\u00f3n del expediente para la postulaci\u00f3n del bien ante la UNESCO. En 2006 el Campamento Sewell fue exitosamente declarado Sitio del Patrimonio Mundial, proceso del cual Felipe Ravinet fue coordinador y coautor del Expediente de Postulaci\u00f3n y del Plan de Manejo para la Conservaci\u00f3n del Sitio<\/p>\n<p>Luego de que el Campamento Sewell fuera declarado SPM, Felipe Ravinet asumi\u00f3 la Direcci\u00f3n Ejecutiva de la reci\u00e9n creada Fundaci\u00f3n Sewell, cargo que desempe\u00f1a hasta la fecha.<\/p>\n<p>Ha sido responsable del dise\u00f1o, coordinaci\u00f3n y administraci\u00f3n de las obras, para la restauraci\u00f3n de 21 edificios y las \u00e1reas exteriores ellos, lo que alcanzan una superficie total de 35.850 m2 y 11.000 m2., respectivamente, estas obras han implicado una inversi\u00f3n total de $ 5.700 000.000 (US$ 7.500.000).<\/p>\n<p>Felipe Ravinet es el creador, muse\u00f3logo y Director del Museo de la Gran Miner\u00eda del Cobre de Chile, la primera etapa del Museo se inaugur\u00f3 en diciembre del 2002, y demand\u00f3 18 meses de trabajo en labores de investigaci\u00f3n, dise\u00f1o, selecci\u00f3n, construcci\u00f3n y montaje, con una inversi\u00f3n de US$ 420.000.<\/p>\n<p>&nbsp;<\/p>\n<h4 style=\"text-align: center;\">Mireya Danilo Brzovic<\/h4>\n<p>Mireya Danilo Brzovic es arquitecta de la Universidad de Chile (1982). Tempranamente destac\u00f3 por su personalidad y vocaci\u00f3n social, liderando por varios a\u00f1os el naciente Comit\u00e9 de Arquitectos J\u00f3venes de nuestro Colegio de Arquitectos, donde demostr\u00f3 capacidad de trabajo colectivo, junto a sus colegas.<\/p>\n<p>Luego de ejercer en sus primeros a\u00f1os como profesional de manera particular y algunos a\u00f1os en la Direcci\u00f3n de Arquitectura del MOP, en 2000 asume el cargo de Jefa del Departamento de Patrimonio de la DA MOP. En este rol, inicia uno de los programas estatales m\u00e1s exitosos en materia patrimonial: se transforma en la encargada de formular e implementar el Programa Puesta en Valor del Patrimonio del BID, llevando a cabo una gran cantidad de proyectos y obras en todo el pa\u00eds, algunos de gran escala y complejidad, contribuyendo a la generaci\u00f3n e instalaci\u00f3n de capacidades profesionales y t\u00e9cnicas en el \u00e1mbito de la conservaci\u00f3n y restauraci\u00f3n patrimonial en Chile, subiendo significativamente el est\u00e1ndar de la especialidad.<\/p>\n<p>En 2012 asume un nuevo desaf\u00edo profesional, esta vez como Jefa de la Subdirecci\u00f3n de Patrimonio de la Ilustre Municipalidad de Santiago. En esta funci\u00f3n, destaca por ejercer un rol de gran cercan\u00eda con las comunidades de los barrios patrimoniales, sacando a relucir otras sensibilidades con el patrimonio, vinculadas a la gesti\u00f3n de los gobiernos locales, sobretodo despertando el inter\u00e9s de cruzar pol\u00edticas p\u00fablicas patrimoniales con las habitacionales. Posteriormente, se incorpor\u00f3 al equipo de trabajo de la empresa espa\u00f1ola Kalam, reconocida por la ejecuci\u00f3n de obras patrimoniales de gran relevancia en nuestro pa\u00eds.<\/p>\n<p>Se destaca por cierto su rol como consejera del Consejo de Monumentos Nacionales, en un primer periodo representando a la Direcci\u00f3n de Arquitectura MOP entre 2004 y 2010; y en calidad de experta en restauraci\u00f3n entre 2014 y 2016.<\/p>\n<p>En cada espacio donde Mireya ha desempe\u00f1ado la profesi\u00f3n, ha demostrado una riqueza humana poco frecuente. Su vasto conocimiento, capacidad de planificaci\u00f3n y liderazgo la combina con una humildad y autenticidad que constituyen valores escasos en nuestra sociedad. En cada equipo humano que ha trabajo, ha dejado huella y legado, siendo solidaria con sus conocimientos y experiencia, con un claro convencimiento que el crecimiento colectivo es m\u00e1s que la suma de las partes.<\/p>\n<p>&nbsp;<\/p>\n<h4>Premio Promoci\u00f3n Joven<\/h4>\n<hr \/>\n<p>Al arquitecto o arquitecta colegiada menor de 35 a\u00f1os, cumplidos en el a\u00f1o de la premiaci\u00f3n, cuya labor constituya un ejemplo para los arquitectos de su generaci\u00f3n.<\/p>\n<p>&nbsp;<\/p>\n<h4 style=\"text-align: center;\">Domingo Arancibia<\/h4>\n<p>Domingo Arancibia es arquitecto de la Universidad de Chile (2013). Desde que egresa toma la decisi\u00f3n de trabajar fuera de Santiago, espec\u00edficamente\u00a0 en Chimbarongo, Pelequ\u00e9n y Pomaire. Su trabajo ha demostrado el compromiso con recuperar, fortalecer y revalorizar el oficio artesanal a trav\u00e9s de proyectos territoriales y la creaci\u00f3n de m\u00faltiples iniciativas que logren mejorar la calidad de vida de artesanos y artesanas.<\/p>\n<p>Con la idea de generar una estructura permanente de apoyo y potenciar las relegadas econom\u00edas locales semi rurales, decide formar la Fundaci\u00f3n Ruta Pa\u00eds, creando una serie de rutas tur\u00edsticas basadas en el rescate de las artesan\u00edas locales y la revalorizaci\u00f3n del patrimonio inmaterial. A trav\u00e9s de las Rutas del Mimbre, la Greda y la Piedra promueve el equilibrio entre\u00a0 producci\u00f3n y territorio.<\/p>\n<p>A su actividad como gestor y director de la fundaci\u00f3n Ruta Pa\u00eds se suma la de su propio estudio, Arquitectura Normal, en donde explora el uso de materiales no convencionales como el cochayuyo, el aire, el mimbre y la greda aplic\u00e1ndolos en diversas obras y proyectos tales como la Ciudad Temporal del Mimbre, Artefacto Productivo Metamorforsis, ExpoMimbre,\u00a0 La Luz del Cochayuyo, Pabell\u00f3n de los 170 a\u00f1os de la Arquitectura en Chile, Centro de Convenciones para las Olimpiadas de Tokyo, Museo del Mimbre, Pabell\u00f3n para la O.N.U en Chile, Plazas Anticovid, entre otros.<\/p>\n<p>Desde 2015 se desempe\u00f1a como profesor invitado por la Facultad de Arquitectura de la Universidad de Chile, donde ha sido profesor responsable de taller y gu\u00eda de los proyectos de titulaci\u00f3n.<\/p>\n<p>Actualmente se encuentra realizando la nueva Escuela de Alfarer\u00eda de Pomaire y un Parque para Chimbarongo en conjunto con Bijoy Jain de Studio Mumbai, adem\u00e1s de coordinar las diferentes obras p\u00fablicas de los arquitectos invitados desarrolladas en conjunto con artesanos y artesanas locales que son parte de las Rutas Artesanales de Chile. Recientemente finaliz\u00f3 el trabajo colaborativo\u00a0 Meli Newen, realizado en conjunto con m\u00e1s de 200 artesanas tejedoras del pueblo Mapuche de la regi\u00f3n de la Araucan\u00eda y del Biob\u00edo.<\/p>\n<p>Ha obtenido m\u00faltiples reconocimientos como Primer lugar Plan Maestro FAU (2011), Gran Premio al mejor proyecto de t\u00edtulo nacional (2014), Premio Expo Mil\u00e1n (2015), Finalista del mejor T\u00edtulo de mundo Archiprix (2015), Primer lugar en el programa YAP Constructo (2017), Menci\u00f3n Especial Cerro Cal\u00e1n (2020), entre otros.<\/p>\n<p>Sus trabajos han sido expuestos en el Museo de Arte Contempor\u00e1neo, el Centro Cultural la Moneda, el COAM de Madrid, el\u00a0 MoMA de Nueva York, el Museo del Desierto de Atacama,\u00a0 el Centro Cultural Estaci\u00f3n Mapocho y en diferentes Bienales tales como las de Chile, Oslo y Venecia. Sus escritos e investigaciones se han publicado en revistas especializadas tales como: De Arquitectura (2014), revista ARQ (2016 &#8211; 2021), World Architecture (2015) y en el Design by Research \/ Exploraci\u00f3n Constructiva en Chimbarongo (2017).<\/p>\n<p>&nbsp;<\/p>\n<h4 style=\"text-align: center;\">Javiera Salinas Solari<\/h4>\n<p>Javiera Salinas Solari, es arquitecta de la Pontificia Universidad Cat\u00f3lica de Valpara\u00edso y Magister en Pedagog\u00edas Universitarias. Su vida profesional la ha desarrollado principalmente a cargo de su propio estudio de arquitectura fundado el a\u00f1o 2010, en la ciudad de Iquique,\u00a0 en el que ha desarrollado diversos proyectos en el \u00e1mbito tanto p\u00fablico como privado, principalmente en la zona norte del pa\u00eds.<\/p>\n<p>Se ha desempe\u00f1ado c\u00f3mo docente universitaria a cargo de talleres de Iniciaci\u00f3n de primeros a\u00f1os de la carrera de arquitectura, adem\u00e1s de participar como profesora invitada en el Taller de Intercambio de la Universidad Polit\u00e9cnica de Hidalgo de M\u00e9xico.<\/p>\n<p>Entre 2017 y 2020 ocup\u00f3 el cargo de Presidenta\u00a0 de la Delegaci\u00f3n Zonal Tarapac\u00e1 del Colegio de Arquitectos;\u00a0 y entre 2016 y 2017, el cargo de tesorera.<\/p>\n<p>En 2021 participa en la fundaci\u00f3n del Comit\u00e9 de G\u00e9nero del Colegio de Arquitectos de Chile, donde actualmente ocupa el cargo de Vicepresidenta. Junto con esto, es integrante del Comit\u00e9 de Acci\u00f3n Gremial y del Comit\u00e9 de Arquitectos J\u00f3venes.<\/p>\n<p>Es una activa dirigenta gremial, destaca de su actividad en el \u00faltimo tiempo la colaboraci\u00f3n en la reactivaci\u00f3n de las Delegaciones Zonales de Arica y Parinacota, y Antofagasta, la organizaci\u00f3n del primer encuentro Macro Zonal Norte de las Delegaciones del CA en este territorio y, la creaci\u00f3n y organizaci\u00f3n de la actividad denominada \u00abPreg\u00fantale a un Arquitecto\u00bb, actividad que buscaba acercar al gremio a la sociedad civil y la creaci\u00f3n del Premio \u00abPatricio Advis\u00bb entregado por la DZ Tarapac\u00e1, ya en dos ocasiones.<\/p>\n<p>Javiera Salinas se alza, desde un liderazgo femenino, como un referente para las nuevas generaciones de arquitectas y arquitectos, acerca a los m\u00e1s j\u00f3venes al trabajo gremial y al inter\u00e9s social de la arquitectura sin dejar de lado el desarrollo propio del oficio.<\/p>\n<p>&nbsp;<\/p>\n<h4>Premio Arquitectura Regional<\/h4>\n<hr \/>\n<p>Al arquitecto, arquitecta o equipo de arquitectos que vive (n) y se desempe\u00f1a (n) en regiones (fuera la Regi\u00f3n Metropolitana) y que a trav\u00e9s de su trabajo ha hecho importantes contribuciones desde su condici\u00f3n profesional a las ciudades, el territorio y la comunidad.<\/p>\n<p>&nbsp;<\/p>\n<h4 style=\"text-align: center;\">Eric Ungerer Massera<\/h4>\n<p>Arquitecto de la Universidad Cat\u00f3lica de Valpara\u00edso (1980)<\/p>\n<p>Entre sus obras m\u00e1s relevantes se cuentan:<\/p>\n<p>1982-87 Habit\u00e1culo en la cima de los cerros de Machali, coronado por un acto po\u00e9tico de la Escuela de Arquitectura UCV que da abertura al Mar Interior de Am\u00e9rica. Supervivencia.<\/p>\n<p>Luego, la obra tiene un car\u00e1cter m\u00e1s fundacional, va a alg\u00fan extremo y ah\u00ed se construye:<\/p>\n<p>1987-92 San Dami\u00e1n: Participamos en los comienzos de los barrios de Rancagua, eran bordes de ciudad, son las se\u00f1ales para que esa tierra nueva cobre valor, \u00abporque, la mano cubre la se\u00f1a la verdadera se\u00f1a miente como el d\u00eda para salvar de otros usos la noche regalada\u00bb.<\/p>\n<p>1991-97 La Anunciaci\u00f3n del Oc\u00e9ano Pacifico: Nos encontramos de lleno con Pichilemu, se convoca a los poetas, a las autoridades y a la ciudad a convertirse en la Ciudad del Pacifico. Dise\u00f1amos en conjunto con la municipalidad y Serem\u00eda de Vivienda, un plan maestro para ella, y as\u00ed, con ese entusiasmo, construimos el primer edificio en Pichilemu, Vientos del Sur.<\/p>\n<p>1996-2021 Santa Sof\u00eda, muy lejos a\u00fan de Rancagua: \u00abY cuando en alg\u00fan lugar de la tierra la muerte recobra el sentido, entonces ya los hombres pueden vivir en \u00e9l. Esa es la paz de que hablo\u00bb. Condominio Los V\u00ednculos del Quillay, 87 casas hechas a mano, \u00abla oferta\u00bb es entregar un gran vac\u00edo, cada casa es un radier afinado, paramentos de 18 metros y de altura central. Constru\u00edamos y dise\u00f1\u00e1bamos al mismo tiempo, el ojo se vuelve experto y aparecen los finos detalles, los pasillos y los entremedios, la luz que vuela.<\/p>\n<p>Los clientes y el banco observaban y las casas se deben hacer al ritmo y requerimiento de ellos, sin fabricarlas en serie, sino con el estar ah\u00ed, con la materia y con lo inmaterial y as\u00ed los lugares se nombran: La avenida principal de Las Herencias, de lo que hoy es un parque.<\/p>\n<p>1998-2013 Vista al Valle: Era construir miles de ventanas, cientos de balcones, miles de asomos hacia el valle del Cachapoal, en la precordillerana, organizando el territorio, las calles, las redes, los pozos profundos, los flujos de cajas, con el \u00fanico sentido de construir el ojo que mira al valle, con todas las muecas, con las ciudades del pasado, con los pasamanos en las escaleras, en fin, aprendiendo a habitar los bordes del Mar Interior de Am\u00e9rica, iluminado por la palabra po\u00e9tica \u00abEs menester abrir el camino- y lo que en esto se podr\u00eda decir es un mare magno e oculto porque, aunque se ve lo m\u00e1s bello se ignora los nombres\u00bb.<\/p>\n<p>2014-21 La reconstrucci\u00f3n de la oficina de Arquitectura, y se retomaron los cimientos y muros de las edificaciones inconclusas para levantar el bulevar Santa Sof\u00eda.<\/p>\n<p>2021 Altas Tierras: Perfectamente aleda\u00f1o y a la misma altura del habit\u00e1culo de 1982, esa coincidencia obliga a reflexionar, la arquitectura como el veh\u00edculo del viaje, otra vez a los cerros.<\/p>\n<p>&nbsp;<\/p>\n<h5>** El \u00abPremio Alberto Risopatr\u00f3n\u00bb y el \u00abPremio Eliana Caraball\u00bb fueron declarados desiertos.<\/h5>\n<p>&nbsp;<\/p>\n<h3>Distinciones CA<\/h3>\n<p>&nbsp;<\/p>\n<h4>Distinci\u00f3n Juan Parrochia Beguin<\/h4>\n<hr \/>\n<p>Al arquitecto o arquitecta que se haya distinguido por su labor en el campo de la Planificaci\u00f3n, Dise\u00f1o Urbano o Gesti\u00f3n Urbana.<\/p>\n<p>&nbsp;<\/p>\n<h4 style=\"text-align: center;\">Mar\u00eda Isabel Carmona V\u00e1squez<\/h4>\n<p>Profesora de Urbanismo en la Facultad de Arquitectura de la Universidad Tecnol\u00f3gica de Delft en el Departamento de Planificaci\u00f3n Espacial. Arquitecta de la Universidad de Chile (sede Valpara\u00edso). Luego de trabajar en el Ministerio de Vivienda y Urbanismo como Jefa de la Oficina de Campamentos, miembro del directorio de la Empresa Estatal KPD de paneles de vivienda pesados y de la Fabrica CIMSA paneles de vivienda livianos, es exilada a Holanda, donde a partir de 1974 se integra a la Universidad Tecnol\u00f3gica de Eindhoven y luego a la Universidad Tecnol\u00f3gica de Delft, desarrollando su carrera profesional principalmente en la investigaci\u00f3n de desarrollo y dise\u00f1o urbano.<\/p>\n<p>Destaca en su carrera acad\u00e9mica la creaci\u00f3n del Taller de Investigaci\u00f3n y Ense\u00f1anza del Desarrollo Urbano y Vivienda en pa\u00edses del Tercer Mundo, y luego la creaci\u00f3n del Taller de Globalizaci\u00f3n, Forma Urbana y Gobernabilidad que recibe financiamiento hasta hoy, por m\u00e1s de 20 a\u00f1os, de la Uni\u00f3n Europea.<\/p>\n<p>Colabor\u00f3 en la formaci\u00f3n de la red ALFA-IBIS, hoy con 25 universidades trabajando en an\u00e1lisis y propuestas urbanas. Junto con la coordinaci\u00f3n de este gran proyecto, particip\u00f3 en numerosas asesor\u00edas y proyectos en la Uni\u00f3n Europea, la Agencia de Desarrollo Holandesa, ONG\u2019s gestoras de proyectos y, empresas de construcci\u00f3n privada, en temas de gesti\u00f3n urbana, saneamiento de barrios marginales, reconstrucci\u00f3n, reordenamiento y renovaci\u00f3n urbana.<\/p>\n<p>Su tesis de doctorado titulada \u00abEquilibrio entre crecimiento, pobreza y medio ambiente. Sistema de Apoyo a las Decisiones (Decision Support System) para el saneamiento integral de \u00e1reas marginales\u00bb, es un referente en la planificaci\u00f3n participativa, el dise\u00f1o tecnol\u00f3gico de infraestructura, la planificaci\u00f3n estrat\u00e9gica y la gesti\u00f3n. En este campo fue enviada a diferentes pa\u00edses en Latinoam\u00e9rica, Asia y \u00c1frica (Colombia, Uruguay, Per\u00fa, Kenia, Zambia, Egipto, Tailandia, Honduras, Nicaragua, Costa Rica, Sud\u00e1frica, Tanzania, Bolivia, Argentina, entre otros) a prestar asesor\u00edas, formular y evaluar proyectos de desarrollo urbano, saneamiento y vivienda.<\/p>\n<p>Ha sido integrante de H\u00e1bitat UN en la Comisi\u00f3n de Selecci\u00f3n de Mejores Pr\u00e1cticas, en la Comisi\u00f3n de Desastres y Gesti\u00f3n Urbana, y fue miembro del Comit\u00e9 asesor en el cupo Europeo. Tambi\u00e9n integra el Observatorio Urbano de la red IBIS y el Observatorio Urbano Global, con sede en Nairobi.<\/p>\n<p>Particip\u00f3 por varios a\u00f1os en la formulaci\u00f3n y construcci\u00f3n de proyectos de Vivienda de crecimiento progresivo en el Municipio de Twsane ex-Pretoria. Ha publicado, editado o participado en m\u00e1s de 20 publicaciones indexadas alrededor del mundo.<\/p>\n<p>&nbsp;<\/p>\n<h4>Distinci\u00f3n Dora Riedel Seinecke<\/h4>\n<hr \/>\n<p>Al arquitecto, arquitecta o equipo que se haya destacado en el a\u00f1o precedente por su labor innovadora, abriendo nuevos caminos en la profesi\u00f3n.<\/p>\n<p>&nbsp;<\/p>\n<h4 style=\"text-align: center;\">Caz\u00fa Zegers<\/h4>\n<p>Caz\u00fa Zegers Arquitectura cumple 30 a\u00f1os de libre oficio en arquitectura innovando en soluciones sustentables y sostenibles con el medio ambiente por su investigaci\u00f3n hacia la madera como material del siglo XXI. Adem\u00e1s, su trayectoria ha demostrado una constante innovaci\u00f3n en la arquitectura territorial, desarrollando una especialidad en etnoarquitectura.<\/p>\n<p>Esta disciplina ha llevado a Caz\u00fa Zegers a destacar en su pa\u00eds y en la regi\u00f3n latinoamericana para abordar problem\u00e1ticas y propuestas de arquitectura para comunidades ind\u00edgenas. Organizaciones mundiales han acudida a ella para implementar normativas dentro de la etnoarquitectura y etnoingenier\u00eda, a su vez de propuestas y proyectos en Chile, Bolivia, Colombia, entre otros. La etnoarquitectura es una especialidad que valora el conocimiento tradicional ind\u00edgena como una fuente de inspiraci\u00f3n para la realizaci\u00f3n de pr\u00e1cticas constructivas y de dise\u00f1o sustentables con su entorno natural y cultural. Incluye una metodolog\u00eda participativa para abordar proyectos de infraestructura y sus procesos de implementaci\u00f3n a las particularidades culturales de los pueblos ind\u00edgenas u otros grupos \u00e9tnicos.<\/p>\n<p>Caz\u00fa Zegers destaca hoy como l\u00edder mundial en proponer innovaci\u00f3n en la comprensi\u00f3n del habitar el territorio, con un lenguaje propiamente latinoamericano. Ha sido la precursora en generar metodolog\u00edas arquitect\u00f3nicas que hoy se ense\u00f1an en todas las escuelas de arquitectura. Desde un \u00abgesto\u00bb o el \u00abacto po\u00e9tico\u00bb ha logrado crear figuras para luego dar formas arquitect\u00f3nicas integrando la consciencia de habitar espacios sin buscar imponerse, sino que entrar en di\u00e1logo con el entorno de manera sustentable y participativa.<\/p>\n<p>&nbsp;<\/p>\n<h4>Distinci\u00f3n de Honor Colegio de Arquitectos<\/h4>\n<hr \/>\n<p>Se otorga a qui\u00e9n, no siendo arquitecto o arquitecta, se haya distinguido por su labor pr\u00f3xima al ejercicio profesional de los arquitectos.<\/p>\n<p>&nbsp;<\/p>\n<h4 style=\"text-align: center;\">Susana Simonetti De Groote<\/h4>\n<p>La historiadora Susana Simonetti de Groote entr\u00f3 al Consejo Monumentos Nacionales (CMN) en 1996 junto con la antrop\u00f3loga Mar\u00eda Eugenia Espi\u00f1eira, ambas unos pocos meses despu\u00e9s de la arque\u00f3loga Mar\u00eda Elena N\u00f6el, per\u00edodo en que la se\u00f1ora Marta Cruz-Coke ostentaba el cargo de Directora de la ex Dibam y Vicepresidenta Ejecutiva del CMN. Las tres profesionales fueron en ese tiempo, el primer equipo humano y motor que trabajaron en complemento al grupo inicial del CMN,\u00a0 junto con \u00c1ngel Cabeza, en ese entonces Secretario Ejecutivo.<\/p>\n<p>El primer trabajo que realiz\u00f3 Susana Simonetti en el Consejo Monumentos Nacionales, fue hacer un an\u00e1lisis comparado de la legislaci\u00f3n internacional sobre patrimonio cultural, en conjunto con otros colegas, lo que deriv\u00f3 en uno de los primeros cuadernos que publicar\u00eda el CMN en esa \u00e9poca, marcando desde temprano su compromiso con el quehacer patrimonial en Chile.<\/p>\n<p>Otro de los temas donde particip\u00f3 y se destac\u00f3, ha sido en la protecci\u00f3n y gesti\u00f3n de los Sitios de Patrimonio Mundial, contando al d\u00eda de hoy con un manejo y conocimiento admirable sobre los procesos que se han llevado a cabo con cada uno de ellos.<\/p>\n<p>El trabajo de Susana Simonetti ha sido fundamental en la protecci\u00f3n del patrimonio de nuestro pa\u00eds, siendo la continuadora y la cabeza de la institucionalidad patrimonial de Chile, en m\u00faltiples oportunidades asumiendo el rol de Secretaria del Consejo Monumentos Nacionales. En sus a\u00f1os de servicio ha marcado fuertemente a cada uno de las y los funcionarios que han trabajado en la Secretar\u00eda T\u00e9cnica, como arquitectos, historiadores, antrop\u00f3logos y personal administrativo, a quien ha prestado apoyo y orientaci\u00f3n que no s\u00f3lo ha ayudado a que la gesti\u00f3n del CMN sea la mejor posible, sino que tambi\u00e9n ha trascendido a una relaci\u00f3n humana cercana con los equipos.<\/p>\n<p>Sin dudas, Susana Simonetti ha sido un aporte a la arquitectura, desde un trabajo silencioso y poco estridente que dignifica la vocaci\u00f3n de servicio p\u00fablico, la que muchas veces sostiene la gesti\u00f3n y continuidad de las instituciones p\u00fablicas.<\/p>\n<p>&nbsp;<\/p>\n<h5>** El \u00abPremio Joaqu\u00edn Toesca\u00bb fue declarado desierto.<\/h5>\n<p>&nbsp;<\/p>\n<p>&nbsp;<\/p>\n<hr \/>\n<p>Puedes encontrar toda la informaci\u00f3n sobre el\u00a0<strong>Mes de la Arquitectura<\/strong>\u00a0y las actividades de conmemoraci\u00f3n de los\u00a0<strong>79 a\u00f1os<\/strong>\u00a0del Colegio de Arquitectos de Chile en\u00a0<a href=\"https:\/\/colegioarquitectos.com\/noticias\/\"><strong>wwww.colegioarquitectos.com<\/strong><\/a>\u00a0y en nuestras redes sociales:\u00a0<strong>@colegioarq<\/strong>\u00a0(<a href=\"https:\/\/www.instagram.com\/colegioarq\/\">Instagram<\/a>,\u00a0<a href=\"https:\/\/twitter.com\/colegioarq\">Twitter<\/a>\u00a0y\u00a0<a href=\"https:\/\/www.facebook.com\/Colegioarq\/\">Facebook<\/a>) y <strong>@ColegiodeArquitectosdeChile<\/strong> (<a href=\"https:\/\/www.youtube.com\/ColegiodeArquitectosdeChile\">YouTube<\/a>).<\/p>\n<p>Las actividades conmemorativas de los 79 a\u00f1os del Colegio de Arquitectos de Chile cuentan con el apoyo de\u00a0<strong>Las Condes Design<\/strong>,\u00a0<strong>Volc\u00e1n<\/strong>,\u00a0<strong>Sto. Chile<\/strong>,\u00a0<strong>MIRA Arquitectura<\/strong>\u00a0y\u00a0<strong>Cintac INSTAPANEL<\/strong>.<\/p>\n<p>&nbsp;<\/p>\n<p><\/p>","protected":false},"excerpt":{"rendered":"<p>El pr\u00f3ximo martes 31 de agosto a las 13.00 horas a trav\u00e9s de FB Live y YouTube Live se realizar\u00e1 la ceremonia de los Premios y Distinciones CA, en el marco del cierre de la celebraci\u00f3n de los 79 a\u00f1os &hellip; <a class=\"more-link\" href=\"https:\/\/colegioarquitectos.com\/noticias\/?p=27667\">ver m\u00e1s<\/a><\/p>","protected":false},"author":4,"featured_media":27673,"comment_status":"closed","ping_status":"closed","sticky":false,"template":"","format":"standard","meta":{"footnotes":""},"categories":[8],"tags":[],"class_list":["post-27667","post","type-post","status-publish","format-standard","has-post-thumbnail","hentry","category-colegio-de-arquitectos"],"yoast_head":"<!-- This site is optimized with the Yoast SEO plugin v24.2 - https:\/\/yoast.com\/wordpress\/plugins\/seo\/ -->\n<title>Conoce a los ganadores y ganadoras de los Premios y Distinciones CA 2021 - COLEGIO DE ARQUITECTOS DE CHILE<\/title>\n<meta name=\"robots\" content=\"index, follow, max-snippet:-1, max-image-preview:large, max-video-preview:-1\" \/>\n<link rel=\"canonical\" href=\"https:\/\/colegioarquitectos.com\/noticias\/?p=27667\" \/>\n<meta property=\"og:locale\" content=\"es_ES\" \/>\n<meta property=\"og:type\" content=\"article\" \/>\n<meta property=\"og:title\" content=\"Conoce a los ganadores y ganadoras de los Premios y Distinciones CA 2021 - COLEGIO DE ARQUITECTOS DE CHILE\" \/>\n<meta property=\"og:description\" content=\"El pr\u00f3ximo martes 31 de agosto a las 13.00 horas a trav\u00e9s de FB Live y YouTube Live se realizar\u00e1 la ceremonia de los Premios y Distinciones CA, en el marco del cierre de la celebraci\u00f3n de los 79 a\u00f1os &hellip; ver m\u00e1s\" \/>\n<meta property=\"og:url\" content=\"https:\/\/colegioarquitectos.com\/noticias\/?p=27667\" \/>\n<meta property=\"og:site_name\" content=\"COLEGIO DE ARQUITECTOS DE CHILE\" \/>\n<meta property=\"article:publisher\" content=\"https:\/\/facebook.com\/Colegioarq\/\" \/>\n<meta property=\"article:published_time\" content=\"2021-08-27T20:39:56+00:00\" \/>\n<meta property=\"article:modified_time\" content=\"2021-08-27T20:49:47+00:00\" \/>\n<meta property=\"og:image\" content=\"https:\/\/colegioarquitectos.com\/noticias\/wp-content\/uploads\/2021\/08\/PREMIOS-31-destacado.jpg\" \/>\n\t<meta property=\"og:image:width\" content=\"1280\" \/>\n\t<meta property=\"og:image:height\" content=\"720\" \/>\n\t<meta property=\"og:image:type\" content=\"image\/jpeg\" \/>\n<meta name=\"author\" content=\"Colegio de Arquitectos de Chile\" \/>\n<meta name=\"twitter:card\" content=\"summary_large_image\" \/>\n<meta name=\"twitter:creator\" content=\"@colegioarq\" \/>\n<meta name=\"twitter:site\" content=\"@colegioarq\" \/>\n<meta name=\"twitter:label1\" content=\"Escrito por\" \/>\n\t<meta name=\"twitter:data1\" content=\"Colegio de Arquitectos de Chile\" \/>\n\t<meta name=\"twitter:label2\" content=\"Tiempo de lectura\" \/>\n\t<meta name=\"twitter:data2\" content=\"28 minutos\" \/>\n<script type=\"application\/ld+json\" class=\"yoast-schema-graph\">{\"@context\":\"https:\/\/schema.org\",\"@graph\":[{\"@type\":\"Article\",\"@id\":\"https:\/\/colegioarquitectos.com\/noticias\/?p=27667#article\",\"isPartOf\":{\"@id\":\"https:\/\/colegioarquitectos.com\/noticias\/?p=27667\"},\"author\":{\"name\":\"Colegio de Arquitectos de Chile\",\"@id\":\"https:\/\/colegioarquitectos.com\/noticias\/#\/schema\/person\/685cc0aad148303c5608f049af8285ad\"},\"headline\":\"Conoce a los ganadores y ganadoras de los Premios y Distinciones CA 2021\",\"datePublished\":\"2021-08-27T20:39:56+00:00\",\"dateModified\":\"2021-08-27T20:49:47+00:00\",\"mainEntityOfPage\":{\"@id\":\"https:\/\/colegioarquitectos.com\/noticias\/?p=27667\"},\"wordCount\":5666,\"publisher\":{\"@id\":\"https:\/\/colegioarquitectos.com\/noticias\/#organization\"},\"image\":{\"@id\":\"https:\/\/colegioarquitectos.com\/noticias\/?p=27667#primaryimage\"},\"thumbnailUrl\":\"https:\/\/colegioarquitectos.com\/noticias\/wp-content\/uploads\/2021\/08\/PREMIOS-31-destacado.jpg\",\"articleSection\":[\"Colegio\"],\"inLanguage\":\"es\"},{\"@type\":\"WebPage\",\"@id\":\"https:\/\/colegioarquitectos.com\/noticias\/?p=27667\",\"url\":\"https:\/\/colegioarquitectos.com\/noticias\/?p=27667\",\"name\":\"Conoce a los ganadores y ganadoras de los Premios y Distinciones CA 2021 - COLEGIO DE ARQUITECTOS DE CHILE\",\"isPartOf\":{\"@id\":\"https:\/\/colegioarquitectos.com\/noticias\/#website\"},\"primaryImageOfPage\":{\"@id\":\"https:\/\/colegioarquitectos.com\/noticias\/?p=27667#primaryimage\"},\"image\":{\"@id\":\"https:\/\/colegioarquitectos.com\/noticias\/?p=27667#primaryimage\"},\"thumbnailUrl\":\"https:\/\/colegioarquitectos.com\/noticias\/wp-content\/uploads\/2021\/08\/PREMIOS-31-destacado.jpg\",\"datePublished\":\"2021-08-27T20:39:56+00:00\",\"dateModified\":\"2021-08-27T20:49:47+00:00\",\"breadcrumb\":{\"@id\":\"https:\/\/colegioarquitectos.com\/noticias\/?p=27667#breadcrumb\"},\"inLanguage\":\"es\",\"potentialAction\":[{\"@type\":\"ReadAction\",\"target\":[\"https:\/\/colegioarquitectos.com\/noticias\/?p=27667\"]}]},{\"@type\":\"ImageObject\",\"inLanguage\":\"es\",\"@id\":\"https:\/\/colegioarquitectos.com\/noticias\/?p=27667#primaryimage\",\"url\":\"https:\/\/colegioarquitectos.com\/noticias\/wp-content\/uploads\/2021\/08\/PREMIOS-31-destacado.jpg\",\"contentUrl\":\"https:\/\/colegioarquitectos.com\/noticias\/wp-content\/uploads\/2021\/08\/PREMIOS-31-destacado.jpg\",\"width\":1280,\"height\":720},{\"@type\":\"BreadcrumbList\",\"@id\":\"https:\/\/colegioarquitectos.com\/noticias\/?p=27667#breadcrumb\",\"itemListElement\":[{\"@type\":\"ListItem\",\"position\":1,\"name\":\"Portada\",\"item\":\"https:\/\/colegioarquitectos.com\/noticias\"},{\"@type\":\"ListItem\",\"position\":2,\"name\":\"Conoce a los ganadores y ganadoras de los Premios y Distinciones CA 2021\"}]},{\"@type\":\"WebSite\",\"@id\":\"https:\/\/colegioarquitectos.com\/noticias\/#website\",\"url\":\"https:\/\/colegioarquitectos.com\/noticias\/\",\"name\":\"COLEGIO DE ARQUITECTOS DE CHILE\",\"description\":\"\",\"publisher\":{\"@id\":\"https:\/\/colegioarquitectos.com\/noticias\/#organization\"},\"potentialAction\":[{\"@type\":\"SearchAction\",\"target\":{\"@type\":\"EntryPoint\",\"urlTemplate\":\"https:\/\/colegioarquitectos.com\/noticias\/?s={search_term_string}\"},\"query-input\":{\"@type\":\"PropertyValueSpecification\",\"valueRequired\":true,\"valueName\":\"search_term_string\"}}],\"inLanguage\":\"es\"},{\"@type\":\"Organization\",\"@id\":\"https:\/\/colegioarquitectos.com\/noticias\/#organization\",\"name\":\"COLEGIO DE ARQUITECTOS DE CHILE\",\"url\":\"https:\/\/colegioarquitectos.com\/noticias\/\",\"logo\":{\"@type\":\"ImageObject\",\"inLanguage\":\"es\",\"@id\":\"https:\/\/colegioarquitectos.com\/noticias\/#\/schema\/logo\/image\/\",\"url\":\"https:\/\/colegioarquitectos.com\/noticias\/wp-content\/uploads\/2021\/05\/ENCABEZADO-LOGO-CA.jpg\",\"contentUrl\":\"https:\/\/colegioarquitectos.com\/noticias\/wp-content\/uploads\/2021\/05\/ENCABEZADO-LOGO-CA.jpg\",\"width\":690,\"height\":350,\"caption\":\"COLEGIO DE ARQUITECTOS DE CHILE\"},\"image\":{\"@id\":\"https:\/\/colegioarquitectos.com\/noticias\/#\/schema\/logo\/image\/\"},\"sameAs\":[\"https:\/\/facebook.com\/Colegioarq\/\",\"https:\/\/x.com\/colegioarq\",\"https:\/\/instagram.com\/colegioarq\",\"https:\/\/youtube.com\/@ColegiodeArquitectosdeChile\"]},{\"@type\":\"Person\",\"@id\":\"https:\/\/colegioarquitectos.com\/noticias\/#\/schema\/person\/685cc0aad148303c5608f049af8285ad\",\"name\":\"Colegio de Arquitectos de Chile\",\"url\":\"https:\/\/colegioarquitectos.com\/noticias\/?author=4\"}]}<\/script>\n<!-- \/ Yoast SEO plugin. -->","yoast_head_json":{"title":"Conoce a los ganadores y ganadoras de los Premios y Distinciones CA 2021 - COLEGIO DE ARQUITECTOS DE CHILE","robots":{"index":"index","follow":"follow","max-snippet":"max-snippet:-1","max-image-preview":"max-image-preview:large","max-video-preview":"max-video-preview:-1"},"canonical":"https:\/\/colegioarquitectos.com\/noticias\/?p=27667","og_locale":"es_ES","og_type":"article","og_title":"Conoce a los ganadores y ganadoras de los Premios y Distinciones CA 2021 - COLEGIO DE ARQUITECTOS DE CHILE","og_description":"El pr\u00f3ximo martes 31 de agosto a las 13.00 horas a trav\u00e9s de FB Live y YouTube Live se realizar\u00e1 la ceremonia de los Premios y Distinciones CA, en el marco del cierre de la celebraci\u00f3n de los 79 a\u00f1os &hellip; ver m\u00e1s","og_url":"https:\/\/colegioarquitectos.com\/noticias\/?p=27667","og_site_name":"COLEGIO DE ARQUITECTOS DE CHILE","article_publisher":"https:\/\/facebook.com\/Colegioarq\/","article_published_time":"2021-08-27T20:39:56+00:00","article_modified_time":"2021-08-27T20:49:47+00:00","og_image":[{"width":1280,"height":720,"url":"https:\/\/colegioarquitectos.com\/noticias\/wp-content\/uploads\/2021\/08\/PREMIOS-31-destacado.jpg","type":"image\/jpeg"}],"author":"Colegio de Arquitectos de Chile","twitter_card":"summary_large_image","twitter_creator":"@colegioarq","twitter_site":"@colegioarq","twitter_misc":{"Escrito por":"Colegio de Arquitectos de Chile","Tiempo de lectura":"28 minutos"},"schema":{"@context":"https:\/\/schema.org","@graph":[{"@type":"Article","@id":"https:\/\/colegioarquitectos.com\/noticias\/?p=27667#article","isPartOf":{"@id":"https:\/\/colegioarquitectos.com\/noticias\/?p=27667"},"author":{"name":"Colegio de Arquitectos de Chile","@id":"https:\/\/colegioarquitectos.com\/noticias\/#\/schema\/person\/685cc0aad148303c5608f049af8285ad"},"headline":"Conoce a los ganadores y ganadoras de los Premios y Distinciones CA 2021","datePublished":"2021-08-27T20:39:56+00:00","dateModified":"2021-08-27T20:49:47+00:00","mainEntityOfPage":{"@id":"https:\/\/colegioarquitectos.com\/noticias\/?p=27667"},"wordCount":5666,"publisher":{"@id":"https:\/\/colegioarquitectos.com\/noticias\/#organization"},"image":{"@id":"https:\/\/colegioarquitectos.com\/noticias\/?p=27667#primaryimage"},"thumbnailUrl":"https:\/\/colegioarquitectos.com\/noticias\/wp-content\/uploads\/2021\/08\/PREMIOS-31-destacado.jpg","articleSection":["Colegio"],"inLanguage":"es"},{"@type":"WebPage","@id":"https:\/\/colegioarquitectos.com\/noticias\/?p=27667","url":"https:\/\/colegioarquitectos.com\/noticias\/?p=27667","name":"Conoce a los ganadores y ganadoras de los Premios y Distinciones CA 2021 - COLEGIO DE ARQUITECTOS DE CHILE","isPartOf":{"@id":"https:\/\/colegioarquitectos.com\/noticias\/#website"},"primaryImageOfPage":{"@id":"https:\/\/colegioarquitectos.com\/noticias\/?p=27667#primaryimage"},"image":{"@id":"https:\/\/colegioarquitectos.com\/noticias\/?p=27667#primaryimage"},"thumbnailUrl":"https:\/\/colegioarquitectos.com\/noticias\/wp-content\/uploads\/2021\/08\/PREMIOS-31-destacado.jpg","datePublished":"2021-08-27T20:39:56+00:00","dateModified":"2021-08-27T20:49:47+00:00","breadcrumb":{"@id":"https:\/\/colegioarquitectos.com\/noticias\/?p=27667#breadcrumb"},"inLanguage":"es","potentialAction":[{"@type":"ReadAction","target":["https:\/\/colegioarquitectos.com\/noticias\/?p=27667"]}]},{"@type":"ImageObject","inLanguage":"es","@id":"https:\/\/colegioarquitectos.com\/noticias\/?p=27667#primaryimage","url":"https:\/\/colegioarquitectos.com\/noticias\/wp-content\/uploads\/2021\/08\/PREMIOS-31-destacado.jpg","contentUrl":"https:\/\/colegioarquitectos.com\/noticias\/wp-content\/uploads\/2021\/08\/PREMIOS-31-destacado.jpg","width":1280,"height":720},{"@type":"BreadcrumbList","@id":"https:\/\/colegioarquitectos.com\/noticias\/?p=27667#breadcrumb","itemListElement":[{"@type":"ListItem","position":1,"name":"Portada","item":"https:\/\/colegioarquitectos.com\/noticias"},{"@type":"ListItem","position":2,"name":"Conoce a los ganadores y ganadoras de los Premios y Distinciones CA 2021"}]},{"@type":"WebSite","@id":"https:\/\/colegioarquitectos.com\/noticias\/#website","url":"https:\/\/colegioarquitectos.com\/noticias\/","name":"COLEGIO DE ARQUITECTOS DE CHILE","description":"","publisher":{"@id":"https:\/\/colegioarquitectos.com\/noticias\/#organization"},"potentialAction":[{"@type":"SearchAction","target":{"@type":"EntryPoint","urlTemplate":"https:\/\/colegioarquitectos.com\/noticias\/?s={search_term_string}"},"query-input":{"@type":"PropertyValueSpecification","valueRequired":true,"valueName":"search_term_string"}}],"inLanguage":"es"},{"@type":"Organization","@id":"https:\/\/colegioarquitectos.com\/noticias\/#organization","name":"COLEGIO DE ARQUITECTOS DE CHILE","url":"https:\/\/colegioarquitectos.com\/noticias\/","logo":{"@type":"ImageObject","inLanguage":"es","@id":"https:\/\/colegioarquitectos.com\/noticias\/#\/schema\/logo\/image\/","url":"https:\/\/colegioarquitectos.com\/noticias\/wp-content\/uploads\/2021\/05\/ENCABEZADO-LOGO-CA.jpg","contentUrl":"https:\/\/colegioarquitectos.com\/noticias\/wp-content\/uploads\/2021\/05\/ENCABEZADO-LOGO-CA.jpg","width":690,"height":350,"caption":"COLEGIO DE ARQUITECTOS DE CHILE"},"image":{"@id":"https:\/\/colegioarquitectos.com\/noticias\/#\/schema\/logo\/image\/"},"sameAs":["https:\/\/facebook.com\/Colegioarq\/","https:\/\/x.com\/colegioarq","https:\/\/instagram.com\/colegioarq","https:\/\/youtube.com\/@ColegiodeArquitectosdeChile"]},{"@type":"Person","@id":"https:\/\/colegioarquitectos.com\/noticias\/#\/schema\/person\/685cc0aad148303c5608f049af8285ad","name":"Colegio de Arquitectos de Chile","url":"https:\/\/colegioarquitectos.com\/noticias\/?author=4"}]}},"_links":{"self":[{"href":"https:\/\/colegioarquitectos.com\/noticias\/index.php?rest_route=\/wp\/v2\/posts\/27667","targetHints":{"allow":["GET"]}}],"collection":[{"href":"https:\/\/colegioarquitectos.com\/noticias\/index.php?rest_route=\/wp\/v2\/posts"}],"about":[{"href":"https:\/\/colegioarquitectos.com\/noticias\/index.php?rest_route=\/wp\/v2\/types\/post"}],"author":[{"embeddable":true,"href":"https:\/\/colegioarquitectos.com\/noticias\/index.php?rest_route=\/wp\/v2\/users\/4"}],"replies":[{"embeddable":true,"href":"https:\/\/colegioarquitectos.com\/noticias\/index.php?rest_route=%2Fwp%2Fv2%2Fcomments&post=27667"}],"version-history":[{"count":0,"href":"https:\/\/colegioarquitectos.com\/noticias\/index.php?rest_route=\/wp\/v2\/posts\/27667\/revisions"}],"wp:featuredmedia":[{"embeddable":true,"href":"https:\/\/colegioarquitectos.com\/noticias\/index.php?rest_route=\/wp\/v2\/media\/27673"}],"wp:attachment":[{"href":"https:\/\/colegioarquitectos.com\/noticias\/index.php?rest_route=%2Fwp%2Fv2%2Fmedia&parent=27667"}],"wp:term":[{"taxonomy":"category","embeddable":true,"href":"https:\/\/colegioarquitectos.com\/noticias\/index.php?rest_route=%2Fwp%2Fv2%2Fcategories&post=27667"},{"taxonomy":"post_tag","embeddable":true,"href":"https:\/\/colegioarquitectos.com\/noticias\/index.php?rest_route=%2Fwp%2Fv2%2Ftags&post=27667"}],"curies":[{"name":"wp","href":"https:\/\/api.w.org\/{rel}","templated":true}]}}