
{"id":27782,"date":"2021-09-29T07:58:36","date_gmt":"2021-09-29T11:58:36","guid":{"rendered":"https:\/\/colegioarquitectos.com\/?p=27782"},"modified":"2021-09-30T18:26:26","modified_gmt":"2021-09-30T22:26:26","slug":"pabellon-en-expo-dubai-oportunidad-perdida-una-carta-al-director-de-la-tercera-por-jadille-baza-y-juan-lund","status":"publish","type":"post","link":"https:\/\/colegioarquitectos.com\/noticias\/?p=27782","title":{"rendered":"\u00abPabell\u00f3n en Expo Dub\u00e1i: Oportunidad perdida\u00bb, una carta al Director de La Tercera por Jadille Baza y Juan Lund"},"content":{"rendered":"<p>Se\u00f1or Director:<\/p>\n<p>Nuestro pa\u00eds ha tenido una larga tradici\u00f3n en las exposiciones universales, participando con notables pabellones desde 1875 en la Quinta Normal, hasta 2010 y 2015 en Shanghai y Mil\u00e1n, respectivamente. Para la Expo Dub\u00e1i 2020, un equipo de arquitectos organiz\u00f3 en tiempo r\u00e9cord un concurso p\u00fablico que fue ganado por Smiljan Radic, Cecilia Puga y Paula Velasco con un magn\u00edfico proyecto, dise\u00f1ado reutilizando la estructura de lamelas de un centenario galp\u00f3n de madera del sur de Chile.<\/p>\n<p>La organizaci\u00f3n del concurso signific\u00f3 un trabajo ad-honorem de 11 arquitectos en el Jurado y de los 24 equipos que participaron. La madera sanitizada se transport\u00f3 a Dub\u00e1i y los arquitectos ganadores realizaron el proyecto que ya estaba en proceso de inicio de obras por una constructora en Dub\u00e1i. El Gobierno, dada la situaci\u00f3n de pandemia, decidi\u00f3 bajarse de la Expo por motivos de prioridades comprensibles. Lo que sin embargo no se entiende es por qu\u00e9 si Chile no iba a la Expo, se acept\u00f3 participar con un edificio que no representa nuestra arquitectura como hab\u00eda sido tradicional.<\/p>\n<p>El Colegio de Arquitectos de Chile lamenta que hayamos perdido la oportunidad de ser representados por un proyecto que mostrara nuestra imagen pa\u00eds con lo que sabemos hacer, cual es nuestra arquitectura como un patrimonio nacional reconocido internacionalmente.<\/p>\n<p>&nbsp;<\/p>\n<p>&nbsp;<\/p>\n<p><strong>Jadille Baza<\/strong><\/p>\n<p>Presidenta Nacional<\/p>\n<p>&nbsp;<\/p>\n<p><strong>Juan Lund<\/strong><\/p>\n<p>Presidente<\/p>\n<p>Comit\u00e9 de Arquitectura Institucional y Concursos<\/p>\n<p>&nbsp;<\/p>\n<p><strong>Colegio de Arquitectos de Chile<\/strong><\/p>\n<p>&nbsp;<\/p>\n<p><img loading=\"lazy\" decoding=\"async\" class=\"aligncenter size-full wp-image-27822\" src=\"https:\/\/colegioarquitectos.com\/noticias\/wp-content\/uploads\/2021\/09\/1-Pabell\u00f3n-en-Expo-Dub\u00e1i.-Oportunidad-perdida-LT.jpg\" alt=\"\" width=\"641\" height=\"845\" srcset=\"https:\/\/colegioarquitectos.com\/noticias\/wp-content\/uploads\/2021\/09\/1-Pabell\u00f3n-en-Expo-Dub\u00e1i.-Oportunidad-perdida-LT.jpg 641w, https:\/\/colegioarquitectos.com\/noticias\/wp-content\/uploads\/2021\/09\/1-Pabell\u00f3n-en-Expo-Dub\u00e1i.-Oportunidad-perdida-LT-228x300.jpg 228w\" sizes=\"auto, (max-width: 641px) 100vw, 641px\" \/><\/p>\n<p>&nbsp;<\/p>\n<p><\/p>","protected":false},"excerpt":{"rendered":"<p>Se\u00f1or Director: Nuestro pa\u00eds ha tenido una larga tradici\u00f3n en las exposiciones universales, participando con notables pabellones desde 1875 en la Quinta Normal, hasta 2010 y 2015 en Shanghai y Mil\u00e1n, respectivamente. Para la Expo Dub\u00e1i 2020, un equipo de &hellip; <a class=\"more-link\" href=\"https:\/\/colegioarquitectos.com\/noticias\/?p=27782\">ver m\u00e1s<\/a><\/p>","protected":false},"author":4,"featured_media":27808,"comment_status":"closed","ping_status":"closed","sticky":false,"template":"","format":"standard","meta":{"footnotes":""},"categories":[8,81],"tags":[],"class_list":["post-27782","post","type-post","status-publish","format-standard","has-post-thumbnail","hentry","category-colegio-de-arquitectos","category-sala-de-prensa"],"yoast_head":"<!-- This site is optimized with the Yoast SEO plugin v24.2 - https:\/\/yoast.com\/wordpress\/plugins\/seo\/ -->\n<title>\u00abPabell\u00f3n en Expo Dub\u00e1i: Oportunidad perdida\u00bb, una carta al Director de La Tercera por Jadille Baza y Juan Lund - COLEGIO DE ARQUITECTOS DE CHILE<\/title>\n<meta name=\"robots\" content=\"index, follow, max-snippet:-1, max-image-preview:large, max-video-preview:-1\" \/>\n<link rel=\"canonical\" href=\"https:\/\/colegioarquitectos.com\/noticias\/?p=27782\" \/>\n<meta property=\"og:locale\" content=\"es_ES\" \/>\n<meta property=\"og:type\" content=\"article\" \/>\n<meta property=\"og:title\" content=\"\u00abPabell\u00f3n en Expo Dub\u00e1i: Oportunidad perdida\u00bb, una carta al Director de La Tercera por Jadille Baza y Juan Lund - COLEGIO DE ARQUITECTOS DE CHILE\" \/>\n<meta property=\"og:description\" content=\"Se\u00f1or Director: Nuestro pa\u00eds ha tenido una larga tradici\u00f3n en las exposiciones universales, participando con notables pabellones desde 1875 en la Quinta Normal, hasta 2010 y 2015 en Shanghai y Mil\u00e1n, respectivamente. Para la Expo Dub\u00e1i 2020, un equipo de &hellip; ver m\u00e1s\" \/>\n<meta property=\"og:url\" content=\"https:\/\/colegioarquitectos.com\/noticias\/?p=27782\" \/>\n<meta property=\"og:site_name\" content=\"COLEGIO DE ARQUITECTOS DE CHILE\" \/>\n<meta property=\"article:publisher\" content=\"https:\/\/facebook.com\/Colegioarq\/\" \/>\n<meta property=\"article:published_time\" content=\"2021-09-29T11:58:36+00:00\" \/>\n<meta property=\"article:modified_time\" content=\"2021-09-30T22:26:26+00:00\" \/>\n<meta property=\"og:image\" content=\"https:\/\/colegioarquitectos.com\/noticias\/wp-content\/uploads\/2021\/09\/Nuevo-proyecto-5.jpg\" \/>\n\t<meta property=\"og:image:width\" content=\"1280\" \/>\n\t<meta property=\"og:image:height\" content=\"720\" \/>\n\t<meta property=\"og:image:type\" content=\"image\/jpeg\" \/>\n<meta name=\"author\" content=\"Colegio de Arquitectos de Chile\" \/>\n<meta name=\"twitter:card\" content=\"summary_large_image\" \/>\n<meta name=\"twitter:creator\" content=\"@colegioarq\" \/>\n<meta name=\"twitter:site\" content=\"@colegioarq\" \/>\n<meta name=\"twitter:label1\" content=\"Escrito por\" \/>\n\t<meta name=\"twitter:data1\" content=\"Colegio de Arquitectos de Chile\" \/>\n\t<meta name=\"twitter:label2\" content=\"Tiempo de lectura\" \/>\n\t<meta name=\"twitter:data2\" content=\"1 minuto\" \/>\n<script type=\"application\/ld+json\" class=\"yoast-schema-graph\">{\"@context\":\"https:\/\/schema.org\",\"@graph\":[{\"@type\":\"Article\",\"@id\":\"https:\/\/colegioarquitectos.com\/noticias\/?p=27782#article\",\"isPartOf\":{\"@id\":\"https:\/\/colegioarquitectos.com\/noticias\/?p=27782\"},\"author\":{\"name\":\"Colegio de Arquitectos de Chile\",\"@id\":\"https:\/\/colegioarquitectos.com\/noticias\/#\/schema\/person\/685cc0aad148303c5608f049af8285ad\"},\"headline\":\"\u00abPabell\u00f3n en Expo Dub\u00e1i: Oportunidad perdida\u00bb, una carta al Director de La Tercera por Jadille Baza y Juan Lund\",\"datePublished\":\"2021-09-29T11:58:36+00:00\",\"dateModified\":\"2021-09-30T22:26:26+00:00\",\"mainEntityOfPage\":{\"@id\":\"https:\/\/colegioarquitectos.com\/noticias\/?p=27782\"},\"wordCount\":270,\"publisher\":{\"@id\":\"https:\/\/colegioarquitectos.com\/noticias\/#organization\"},\"image\":{\"@id\":\"https:\/\/colegioarquitectos.com\/noticias\/?p=27782#primaryimage\"},\"thumbnailUrl\":\"https:\/\/colegioarquitectos.com\/noticias\/wp-content\/uploads\/2021\/09\/Nuevo-proyecto-5.jpg\",\"articleSection\":[\"Colegio\",\"Sala de Prensa\"],\"inLanguage\":\"es\"},{\"@type\":\"WebPage\",\"@id\":\"https:\/\/colegioarquitectos.com\/noticias\/?p=27782\",\"url\":\"https:\/\/colegioarquitectos.com\/noticias\/?p=27782\",\"name\":\"\u00abPabell\u00f3n en Expo Dub\u00e1i: Oportunidad perdida\u00bb, una carta al Director de La Tercera por Jadille Baza y Juan Lund - COLEGIO DE ARQUITECTOS DE CHILE\",\"isPartOf\":{\"@id\":\"https:\/\/colegioarquitectos.com\/noticias\/#website\"},\"primaryImageOfPage\":{\"@id\":\"https:\/\/colegioarquitectos.com\/noticias\/?p=27782#primaryimage\"},\"image\":{\"@id\":\"https:\/\/colegioarquitectos.com\/noticias\/?p=27782#primaryimage\"},\"thumbnailUrl\":\"https:\/\/colegioarquitectos.com\/noticias\/wp-content\/uploads\/2021\/09\/Nuevo-proyecto-5.jpg\",\"datePublished\":\"2021-09-29T11:58:36+00:00\",\"dateModified\":\"2021-09-30T22:26:26+00:00\",\"breadcrumb\":{\"@id\":\"https:\/\/colegioarquitectos.com\/noticias\/?p=27782#breadcrumb\"},\"inLanguage\":\"es\",\"potentialAction\":[{\"@type\":\"ReadAction\",\"target\":[\"https:\/\/colegioarquitectos.com\/noticias\/?p=27782\"]}]},{\"@type\":\"ImageObject\",\"inLanguage\":\"es\",\"@id\":\"https:\/\/colegioarquitectos.com\/noticias\/?p=27782#primaryimage\",\"url\":\"https:\/\/colegioarquitectos.com\/noticias\/wp-content\/uploads\/2021\/09\/Nuevo-proyecto-5.jpg\",\"contentUrl\":\"https:\/\/colegioarquitectos.com\/noticias\/wp-content\/uploads\/2021\/09\/Nuevo-proyecto-5.jpg\",\"width\":1280,\"height\":720},{\"@type\":\"BreadcrumbList\",\"@id\":\"https:\/\/colegioarquitectos.com\/noticias\/?p=27782#breadcrumb\",\"itemListElement\":[{\"@type\":\"ListItem\",\"position\":1,\"name\":\"Portada\",\"item\":\"https:\/\/colegioarquitectos.com\/noticias\"},{\"@type\":\"ListItem\",\"position\":2,\"name\":\"\u00abPabell\u00f3n en Expo Dub\u00e1i: Oportunidad perdida\u00bb, una carta al Director de La Tercera por Jadille Baza y Juan Lund\"}]},{\"@type\":\"WebSite\",\"@id\":\"https:\/\/colegioarquitectos.com\/noticias\/#website\",\"url\":\"https:\/\/colegioarquitectos.com\/noticias\/\",\"name\":\"COLEGIO DE ARQUITECTOS DE CHILE\",\"description\":\"\",\"publisher\":{\"@id\":\"https:\/\/colegioarquitectos.com\/noticias\/#organization\"},\"potentialAction\":[{\"@type\":\"SearchAction\",\"target\":{\"@type\":\"EntryPoint\",\"urlTemplate\":\"https:\/\/colegioarquitectos.com\/noticias\/?s={search_term_string}\"},\"query-input\":{\"@type\":\"PropertyValueSpecification\",\"valueRequired\":true,\"valueName\":\"search_term_string\"}}],\"inLanguage\":\"es\"},{\"@type\":\"Organization\",\"@id\":\"https:\/\/colegioarquitectos.com\/noticias\/#organization\",\"name\":\"COLEGIO DE ARQUITECTOS DE CHILE\",\"url\":\"https:\/\/colegioarquitectos.com\/noticias\/\",\"logo\":{\"@type\":\"ImageObject\",\"inLanguage\":\"es\",\"@id\":\"https:\/\/colegioarquitectos.com\/noticias\/#\/schema\/logo\/image\/\",\"url\":\"https:\/\/colegioarquitectos.com\/noticias\/wp-content\/uploads\/2021\/05\/ENCABEZADO-LOGO-CA.jpg\",\"contentUrl\":\"https:\/\/colegioarquitectos.com\/noticias\/wp-content\/uploads\/2021\/05\/ENCABEZADO-LOGO-CA.jpg\",\"width\":690,\"height\":350,\"caption\":\"COLEGIO DE ARQUITECTOS DE CHILE\"},\"image\":{\"@id\":\"https:\/\/colegioarquitectos.com\/noticias\/#\/schema\/logo\/image\/\"},\"sameAs\":[\"https:\/\/facebook.com\/Colegioarq\/\",\"https:\/\/x.com\/colegioarq\",\"https:\/\/instagram.com\/colegioarq\",\"https:\/\/youtube.com\/@ColegiodeArquitectosdeChile\"]},{\"@type\":\"Person\",\"@id\":\"https:\/\/colegioarquitectos.com\/noticias\/#\/schema\/person\/685cc0aad148303c5608f049af8285ad\",\"name\":\"Colegio de Arquitectos de Chile\",\"url\":\"https:\/\/colegioarquitectos.com\/noticias\/?author=4\"}]}<\/script>\n<!-- \/ Yoast SEO plugin. -->","yoast_head_json":{"title":"\u00abPabell\u00f3n en Expo Dub\u00e1i: Oportunidad perdida\u00bb, una carta al Director de La Tercera por Jadille Baza y Juan Lund - COLEGIO DE ARQUITECTOS DE CHILE","robots":{"index":"index","follow":"follow","max-snippet":"max-snippet:-1","max-image-preview":"max-image-preview:large","max-video-preview":"max-video-preview:-1"},"canonical":"https:\/\/colegioarquitectos.com\/noticias\/?p=27782","og_locale":"es_ES","og_type":"article","og_title":"\u00abPabell\u00f3n en Expo Dub\u00e1i: Oportunidad perdida\u00bb, una carta al Director de La Tercera por Jadille Baza y Juan Lund - COLEGIO DE ARQUITECTOS DE CHILE","og_description":"Se\u00f1or Director: Nuestro pa\u00eds ha tenido una larga tradici\u00f3n en las exposiciones universales, participando con notables pabellones desde 1875 en la Quinta Normal, hasta 2010 y 2015 en Shanghai y Mil\u00e1n, respectivamente. Para la Expo Dub\u00e1i 2020, un equipo de &hellip; ver m\u00e1s","og_url":"https:\/\/colegioarquitectos.com\/noticias\/?p=27782","og_site_name":"COLEGIO DE ARQUITECTOS DE CHILE","article_publisher":"https:\/\/facebook.com\/Colegioarq\/","article_published_time":"2021-09-29T11:58:36+00:00","article_modified_time":"2021-09-30T22:26:26+00:00","og_image":[{"width":1280,"height":720,"url":"https:\/\/colegioarquitectos.com\/noticias\/wp-content\/uploads\/2021\/09\/Nuevo-proyecto-5.jpg","type":"image\/jpeg"}],"author":"Colegio de Arquitectos de Chile","twitter_card":"summary_large_image","twitter_creator":"@colegioarq","twitter_site":"@colegioarq","twitter_misc":{"Escrito por":"Colegio de Arquitectos de Chile","Tiempo de lectura":"1 minuto"},"schema":{"@context":"https:\/\/schema.org","@graph":[{"@type":"Article","@id":"https:\/\/colegioarquitectos.com\/noticias\/?p=27782#article","isPartOf":{"@id":"https:\/\/colegioarquitectos.com\/noticias\/?p=27782"},"author":{"name":"Colegio de Arquitectos de Chile","@id":"https:\/\/colegioarquitectos.com\/noticias\/#\/schema\/person\/685cc0aad148303c5608f049af8285ad"},"headline":"\u00abPabell\u00f3n en Expo Dub\u00e1i: Oportunidad perdida\u00bb, una carta al Director de La Tercera por Jadille Baza y Juan Lund","datePublished":"2021-09-29T11:58:36+00:00","dateModified":"2021-09-30T22:26:26+00:00","mainEntityOfPage":{"@id":"https:\/\/colegioarquitectos.com\/noticias\/?p=27782"},"wordCount":270,"publisher":{"@id":"https:\/\/colegioarquitectos.com\/noticias\/#organization"},"image":{"@id":"https:\/\/colegioarquitectos.com\/noticias\/?p=27782#primaryimage"},"thumbnailUrl":"https:\/\/colegioarquitectos.com\/noticias\/wp-content\/uploads\/2021\/09\/Nuevo-proyecto-5.jpg","articleSection":["Colegio","Sala de Prensa"],"inLanguage":"es"},{"@type":"WebPage","@id":"https:\/\/colegioarquitectos.com\/noticias\/?p=27782","url":"https:\/\/colegioarquitectos.com\/noticias\/?p=27782","name":"\u00abPabell\u00f3n en Expo Dub\u00e1i: Oportunidad perdida\u00bb, una carta al Director de La Tercera por Jadille Baza y Juan Lund - COLEGIO DE ARQUITECTOS DE CHILE","isPartOf":{"@id":"https:\/\/colegioarquitectos.com\/noticias\/#website"},"primaryImageOfPage":{"@id":"https:\/\/colegioarquitectos.com\/noticias\/?p=27782#primaryimage"},"image":{"@id":"https:\/\/colegioarquitectos.com\/noticias\/?p=27782#primaryimage"},"thumbnailUrl":"https:\/\/colegioarquitectos.com\/noticias\/wp-content\/uploads\/2021\/09\/Nuevo-proyecto-5.jpg","datePublished":"2021-09-29T11:58:36+00:00","dateModified":"2021-09-30T22:26:26+00:00","breadcrumb":{"@id":"https:\/\/colegioarquitectos.com\/noticias\/?p=27782#breadcrumb"},"inLanguage":"es","potentialAction":[{"@type":"ReadAction","target":["https:\/\/colegioarquitectos.com\/noticias\/?p=27782"]}]},{"@type":"ImageObject","inLanguage":"es","@id":"https:\/\/colegioarquitectos.com\/noticias\/?p=27782#primaryimage","url":"https:\/\/colegioarquitectos.com\/noticias\/wp-content\/uploads\/2021\/09\/Nuevo-proyecto-5.jpg","contentUrl":"https:\/\/colegioarquitectos.com\/noticias\/wp-content\/uploads\/2021\/09\/Nuevo-proyecto-5.jpg","width":1280,"height":720},{"@type":"BreadcrumbList","@id":"https:\/\/colegioarquitectos.com\/noticias\/?p=27782#breadcrumb","itemListElement":[{"@type":"ListItem","position":1,"name":"Portada","item":"https:\/\/colegioarquitectos.com\/noticias"},{"@type":"ListItem","position":2,"name":"\u00abPabell\u00f3n en Expo Dub\u00e1i: Oportunidad perdida\u00bb, una carta al Director de La Tercera por Jadille Baza y Juan Lund"}]},{"@type":"WebSite","@id":"https:\/\/colegioarquitectos.com\/noticias\/#website","url":"https:\/\/colegioarquitectos.com\/noticias\/","name":"COLEGIO DE ARQUITECTOS DE CHILE","description":"","publisher":{"@id":"https:\/\/colegioarquitectos.com\/noticias\/#organization"},"potentialAction":[{"@type":"SearchAction","target":{"@type":"EntryPoint","urlTemplate":"https:\/\/colegioarquitectos.com\/noticias\/?s={search_term_string}"},"query-input":{"@type":"PropertyValueSpecification","valueRequired":true,"valueName":"search_term_string"}}],"inLanguage":"es"},{"@type":"Organization","@id":"https:\/\/colegioarquitectos.com\/noticias\/#organization","name":"COLEGIO DE ARQUITECTOS DE CHILE","url":"https:\/\/colegioarquitectos.com\/noticias\/","logo":{"@type":"ImageObject","inLanguage":"es","@id":"https:\/\/colegioarquitectos.com\/noticias\/#\/schema\/logo\/image\/","url":"https:\/\/colegioarquitectos.com\/noticias\/wp-content\/uploads\/2021\/05\/ENCABEZADO-LOGO-CA.jpg","contentUrl":"https:\/\/colegioarquitectos.com\/noticias\/wp-content\/uploads\/2021\/05\/ENCABEZADO-LOGO-CA.jpg","width":690,"height":350,"caption":"COLEGIO DE ARQUITECTOS DE CHILE"},"image":{"@id":"https:\/\/colegioarquitectos.com\/noticias\/#\/schema\/logo\/image\/"},"sameAs":["https:\/\/facebook.com\/Colegioarq\/","https:\/\/x.com\/colegioarq","https:\/\/instagram.com\/colegioarq","https:\/\/youtube.com\/@ColegiodeArquitectosdeChile"]},{"@type":"Person","@id":"https:\/\/colegioarquitectos.com\/noticias\/#\/schema\/person\/685cc0aad148303c5608f049af8285ad","name":"Colegio de Arquitectos de Chile","url":"https:\/\/colegioarquitectos.com\/noticias\/?author=4"}]}},"_links":{"self":[{"href":"https:\/\/colegioarquitectos.com\/noticias\/index.php?rest_route=\/wp\/v2\/posts\/27782","targetHints":{"allow":["GET"]}}],"collection":[{"href":"https:\/\/colegioarquitectos.com\/noticias\/index.php?rest_route=\/wp\/v2\/posts"}],"about":[{"href":"https:\/\/colegioarquitectos.com\/noticias\/index.php?rest_route=\/wp\/v2\/types\/post"}],"author":[{"embeddable":true,"href":"https:\/\/colegioarquitectos.com\/noticias\/index.php?rest_route=\/wp\/v2\/users\/4"}],"replies":[{"embeddable":true,"href":"https:\/\/colegioarquitectos.com\/noticias\/index.php?rest_route=%2Fwp%2Fv2%2Fcomments&post=27782"}],"version-history":[{"count":0,"href":"https:\/\/colegioarquitectos.com\/noticias\/index.php?rest_route=\/wp\/v2\/posts\/27782\/revisions"}],"wp:featuredmedia":[{"embeddable":true,"href":"https:\/\/colegioarquitectos.com\/noticias\/index.php?rest_route=\/wp\/v2\/media\/27808"}],"wp:attachment":[{"href":"https:\/\/colegioarquitectos.com\/noticias\/index.php?rest_route=%2Fwp%2Fv2%2Fmedia&parent=27782"}],"wp:term":[{"taxonomy":"category","embeddable":true,"href":"https:\/\/colegioarquitectos.com\/noticias\/index.php?rest_route=%2Fwp%2Fv2%2Fcategories&post=27782"},{"taxonomy":"post_tag","embeddable":true,"href":"https:\/\/colegioarquitectos.com\/noticias\/index.php?rest_route=%2Fwp%2Fv2%2Ftags&post=27782"}],"curies":[{"name":"wp","href":"https:\/\/api.w.org\/{rel}","templated":true}]}}