
{"id":27785,"date":"2021-09-24T09:48:55","date_gmt":"2021-09-24T13:48:55","guid":{"rendered":"https:\/\/colegioarquitectos.com\/?p=27785"},"modified":"2021-09-24T09:52:20","modified_gmt":"2021-09-24T13:52:20","slug":"inscribete-en-el-tercer-curso-passivhaus-designer-ilaph","status":"publish","type":"post","link":"https:\/\/colegioarquitectos.com\/noticias\/?p=27785","title":{"rendered":"Inscr\u00edbete en el tercer Curso Passivhaus Designer ILAPH"},"content":{"rendered":"<p>El <strong>Instituto Latinoamericano Passivhaus ILAPH<\/strong>\u00a0invita a todos los profesionales ligados a la construcci\u00f3n a sumarse al <strong>tercer Curso Passivhaus Designer<\/strong> para Latinoam\u00e9rica a desarrollarse <strong>entre septiembre y noviembre de 2021<\/strong>, organizado en conjunto por <strong>Arquiambiente<\/strong> y <strong>Energiehaus<\/strong>.<\/p>\n<p>El curso Passivhaus Designer <strong>est\u00e1 destinado a profesionales y t\u00e9cnicos que quieran especializarse en el dise\u00f1o, evaluaci\u00f3n y planificaci\u00f3n de edificios de consumo energ\u00e9tico cercano a cero con el est\u00e1ndar Passivhaus<\/strong>. El est\u00e1ndar Passivhaus es un m\u00e9todo de dise\u00f1o y construcci\u00f3n que nos permite alcanzar un alto confort t\u00e9rmico, ac\u00fastico, gran calidad del aire interior y un ahorro energ\u00e9tico de m\u00e1s de un 90% en la edificaci\u00f3n, mejorando la calidad de vida de los usuarios y contribuyendo a la sustentabilidad a trav\u00e9s de nuestro rubro.<\/p>\n<p>En esta ocasi\u00f3n ofrecemos una serie de promociones para socios de ILAPH, <strong>colegiados y colegiadas del Colegio de Arquitectos de Chile<\/strong> y Chile GBC de hasta un <strong>25% de descuento<\/strong>. Pero adem\u00e1s, queremos impulsar a los j\u00f3venes profesionales y t\u00e9cnicos SUB30 a sumarse al cambio en Latinoam\u00e9rica y ser un aporte a la sustentabilidad en sus pa\u00edses,<strong> por lo que ofrecemos becas de hasta un 40% de descuento y as\u00ed fomentar a\u00fan m\u00e1s la eficiencia energ\u00e9tica en la construcci\u00f3n de la mano del est\u00e1ndar Passivhaus en LATAM.<\/strong><\/p>\n<p>Este curso se desarrollar\u00e1 de manera 100% Online con <strong>m\u00f3dulos pregrabados durante el mes de septiembre a modo de introducci\u00f3n, Clases Online con relatores internacionales durante el mes de octubre y la primera semana de noviembre<\/strong>, y posteriormente se podr\u00e1 optar a la realizaci\u00f3n del examen para obtener la <strong>Certificaci\u00f3n de Passivhaus Designer<\/strong> otorgada por el Instituto Passiivhaus de Alemania. Los relatores de este curso son profesionales de distintos pa\u00edses con una amplia experiencia en el dise\u00f1o y construcci\u00f3n de edificios Passivhaus, quienes se encuentran comprometidos a promover la eficiencia energ\u00e9tica en la construcci\u00f3n.<\/p>\n<p>&nbsp;<\/p>\n<h4>Relatores<\/h4>\n<hr \/>\n<p><strong>Marcelo Huenchu\u00f1ir<\/strong><\/p>\n<p>Arquitecto Universidad de Chile, Doktor Ingenieur, Universit\u00e4t Hannover, Alemania. Acreditado Passivhaus Designer el 2011 por el Passivhaus Institut de Alemania, siendo el 1er arquitecto latinoamericano en obtener tal acreditaci\u00f3n. Socio Fundador de Arquiambiente, la cual desarroll\u00f3 el 1er edificio certificado Passivhaus en Chile y Latinoam\u00e9rica<\/p>\n<p>&nbsp;<\/p>\n<p><strong>Micheel Wassouf<\/strong><\/p>\n<p>Arquitecto licenciado por la Universidad de Karlsruhe\/Alemania en 1995, con m\u00e1s de 20 a\u00f1os de experiencia en el dise\u00f1o de edificios de bajo consumo energ\u00e9tico.\u00a0 Es CEO de la Consultora Energiehaus y socio fundador de la asociaci\u00f3n oficial Espa\u00f1ola Passivhaus<\/p>\n<p>&nbsp;<\/p>\n<p><strong>Mart\u00edn Amado<\/strong><\/p>\n<p>Arquitecto t\u00e9cnico graduado por la Universidad de A Coru\u00f1a, Espa\u00f1a, e Ingeniero Civil licenciado por la VIA University College, Dinamarca. Dise\u00f1ador Passivhaus certificado por el Passivhaus Institut desde 2014 y actualmente certificador de edificios Passivhaus. En Energiehaus Arquitectos SL trabaja en el desarrollo de proyectos bajo el est\u00e1ndar Passivhaus de edificios tanto residenciales como del sector terciario.<\/p>\n<p>&nbsp;<\/p>\n<h4>Inscripciones<\/h4>\n<hr \/>\n<p>Puedes solicitar el programa e inscripci\u00f3n escribiendo a <strong><a href=\"mailto:formacion@arquiambiente.cl\">formacion@arquiambiente.cl<\/a><\/strong><\/p>\n<p><\/p>","protected":false},"excerpt":{"rendered":"<p>El Instituto Latinoamericano Passivhaus ILAPH\u00a0invita a todos los profesionales ligados a la construcci\u00f3n a sumarse al tercer Curso Passivhaus Designer para Latinoam\u00e9rica a desarrollarse entre septiembre y noviembre de 2021, organizado en conjunto por Arquiambiente y Energiehaus. El curso Passivhaus &hellip; <a class=\"more-link\" href=\"https:\/\/colegioarquitectos.com\/noticias\/?p=27785\">ver m\u00e1s<\/a><\/p>","protected":false},"author":4,"featured_media":27787,"comment_status":"closed","ping_status":"closed","sticky":false,"template":"","format":"standard","meta":{"footnotes":""},"categories":[22,3],"tags":[],"class_list":["post-27785","post","type-post","status-publish","format-standard","has-post-thumbnail","hentry","category-cursos","category-noticias"],"yoast_head":"<!-- This site is optimized with the Yoast SEO plugin v24.2 - https:\/\/yoast.com\/wordpress\/plugins\/seo\/ -->\n<title>Inscr\u00edbete en el tercer Curso Passivhaus Designer ILAPH - COLEGIO DE ARQUITECTOS DE CHILE<\/title>\n<meta name=\"robots\" content=\"index, follow, max-snippet:-1, max-image-preview:large, max-video-preview:-1\" \/>\n<link rel=\"canonical\" href=\"https:\/\/colegioarquitectos.com\/noticias\/?p=27785\" \/>\n<meta property=\"og:locale\" content=\"es_ES\" \/>\n<meta property=\"og:type\" content=\"article\" \/>\n<meta property=\"og:title\" content=\"Inscr\u00edbete en el tercer Curso Passivhaus Designer ILAPH - COLEGIO DE ARQUITECTOS DE CHILE\" \/>\n<meta property=\"og:description\" content=\"El Instituto Latinoamericano Passivhaus ILAPH\u00a0invita a todos los profesionales ligados a la construcci\u00f3n a sumarse al tercer Curso Passivhaus Designer para Latinoam\u00e9rica a desarrollarse entre septiembre y noviembre de 2021, organizado en conjunto por Arquiambiente y Energiehaus. El curso Passivhaus &hellip; ver m\u00e1s\" \/>\n<meta property=\"og:url\" content=\"https:\/\/colegioarquitectos.com\/noticias\/?p=27785\" \/>\n<meta property=\"og:site_name\" content=\"COLEGIO DE ARQUITECTOS DE CHILE\" \/>\n<meta property=\"article:publisher\" content=\"https:\/\/facebook.com\/Colegioarq\/\" \/>\n<meta property=\"article:published_time\" content=\"2021-09-24T13:48:55+00:00\" \/>\n<meta property=\"article:modified_time\" content=\"2021-09-24T13:52:20+00:00\" \/>\n<meta property=\"og:image\" content=\"https:\/\/colegioarquitectos.com\/noticias\/wp-content\/uploads\/2021\/09\/Nuevo-proyecto-2-2.jpg\" \/>\n\t<meta property=\"og:image:width\" content=\"1280\" \/>\n\t<meta property=\"og:image:height\" content=\"720\" \/>\n\t<meta property=\"og:image:type\" content=\"image\/jpeg\" \/>\n<meta name=\"author\" content=\"Colegio de Arquitectos de Chile\" \/>\n<meta name=\"twitter:card\" content=\"summary_large_image\" \/>\n<meta name=\"twitter:creator\" content=\"@colegioarq\" \/>\n<meta name=\"twitter:site\" content=\"@colegioarq\" \/>\n<meta name=\"twitter:label1\" content=\"Escrito por\" \/>\n\t<meta name=\"twitter:data1\" content=\"Colegio de Arquitectos de Chile\" \/>\n\t<meta name=\"twitter:label2\" content=\"Tiempo de lectura\" \/>\n\t<meta name=\"twitter:data2\" content=\"3 minutos\" \/>\n<script type=\"application\/ld+json\" class=\"yoast-schema-graph\">{\"@context\":\"https:\/\/schema.org\",\"@graph\":[{\"@type\":\"Article\",\"@id\":\"https:\/\/colegioarquitectos.com\/noticias\/?p=27785#article\",\"isPartOf\":{\"@id\":\"https:\/\/colegioarquitectos.com\/noticias\/?p=27785\"},\"author\":{\"name\":\"Colegio de Arquitectos de Chile\",\"@id\":\"https:\/\/colegioarquitectos.com\/noticias\/#\/schema\/person\/685cc0aad148303c5608f049af8285ad\"},\"headline\":\"Inscr\u00edbete en el tercer Curso Passivhaus Designer ILAPH\",\"datePublished\":\"2021-09-24T13:48:55+00:00\",\"dateModified\":\"2021-09-24T13:52:20+00:00\",\"mainEntityOfPage\":{\"@id\":\"https:\/\/colegioarquitectos.com\/noticias\/?p=27785\"},\"wordCount\":525,\"publisher\":{\"@id\":\"https:\/\/colegioarquitectos.com\/noticias\/#organization\"},\"image\":{\"@id\":\"https:\/\/colegioarquitectos.com\/noticias\/?p=27785#primaryimage\"},\"thumbnailUrl\":\"https:\/\/colegioarquitectos.com\/noticias\/wp-content\/uploads\/2021\/09\/Nuevo-proyecto-2-2.jpg\",\"articleSection\":[\"Cursos\",\"Noticias\"],\"inLanguage\":\"es\"},{\"@type\":\"WebPage\",\"@id\":\"https:\/\/colegioarquitectos.com\/noticias\/?p=27785\",\"url\":\"https:\/\/colegioarquitectos.com\/noticias\/?p=27785\",\"name\":\"Inscr\u00edbete en el tercer Curso Passivhaus Designer ILAPH - COLEGIO DE ARQUITECTOS DE CHILE\",\"isPartOf\":{\"@id\":\"https:\/\/colegioarquitectos.com\/noticias\/#website\"},\"primaryImageOfPage\":{\"@id\":\"https:\/\/colegioarquitectos.com\/noticias\/?p=27785#primaryimage\"},\"image\":{\"@id\":\"https:\/\/colegioarquitectos.com\/noticias\/?p=27785#primaryimage\"},\"thumbnailUrl\":\"https:\/\/colegioarquitectos.com\/noticias\/wp-content\/uploads\/2021\/09\/Nuevo-proyecto-2-2.jpg\",\"datePublished\":\"2021-09-24T13:48:55+00:00\",\"dateModified\":\"2021-09-24T13:52:20+00:00\",\"breadcrumb\":{\"@id\":\"https:\/\/colegioarquitectos.com\/noticias\/?p=27785#breadcrumb\"},\"inLanguage\":\"es\",\"potentialAction\":[{\"@type\":\"ReadAction\",\"target\":[\"https:\/\/colegioarquitectos.com\/noticias\/?p=27785\"]}]},{\"@type\":\"ImageObject\",\"inLanguage\":\"es\",\"@id\":\"https:\/\/colegioarquitectos.com\/noticias\/?p=27785#primaryimage\",\"url\":\"https:\/\/colegioarquitectos.com\/noticias\/wp-content\/uploads\/2021\/09\/Nuevo-proyecto-2-2.jpg\",\"contentUrl\":\"https:\/\/colegioarquitectos.com\/noticias\/wp-content\/uploads\/2021\/09\/Nuevo-proyecto-2-2.jpg\",\"width\":1280,\"height\":720},{\"@type\":\"BreadcrumbList\",\"@id\":\"https:\/\/colegioarquitectos.com\/noticias\/?p=27785#breadcrumb\",\"itemListElement\":[{\"@type\":\"ListItem\",\"position\":1,\"name\":\"Portada\",\"item\":\"https:\/\/colegioarquitectos.com\/noticias\"},{\"@type\":\"ListItem\",\"position\":2,\"name\":\"Inscr\u00edbete en el tercer Curso Passivhaus Designer ILAPH\"}]},{\"@type\":\"WebSite\",\"@id\":\"https:\/\/colegioarquitectos.com\/noticias\/#website\",\"url\":\"https:\/\/colegioarquitectos.com\/noticias\/\",\"name\":\"COLEGIO DE ARQUITECTOS DE CHILE\",\"description\":\"\",\"publisher\":{\"@id\":\"https:\/\/colegioarquitectos.com\/noticias\/#organization\"},\"potentialAction\":[{\"@type\":\"SearchAction\",\"target\":{\"@type\":\"EntryPoint\",\"urlTemplate\":\"https:\/\/colegioarquitectos.com\/noticias\/?s={search_term_string}\"},\"query-input\":{\"@type\":\"PropertyValueSpecification\",\"valueRequired\":true,\"valueName\":\"search_term_string\"}}],\"inLanguage\":\"es\"},{\"@type\":\"Organization\",\"@id\":\"https:\/\/colegioarquitectos.com\/noticias\/#organization\",\"name\":\"COLEGIO DE ARQUITECTOS DE CHILE\",\"url\":\"https:\/\/colegioarquitectos.com\/noticias\/\",\"logo\":{\"@type\":\"ImageObject\",\"inLanguage\":\"es\",\"@id\":\"https:\/\/colegioarquitectos.com\/noticias\/#\/schema\/logo\/image\/\",\"url\":\"https:\/\/colegioarquitectos.com\/noticias\/wp-content\/uploads\/2021\/05\/ENCABEZADO-LOGO-CA.jpg\",\"contentUrl\":\"https:\/\/colegioarquitectos.com\/noticias\/wp-content\/uploads\/2021\/05\/ENCABEZADO-LOGO-CA.jpg\",\"width\":690,\"height\":350,\"caption\":\"COLEGIO DE ARQUITECTOS DE CHILE\"},\"image\":{\"@id\":\"https:\/\/colegioarquitectos.com\/noticias\/#\/schema\/logo\/image\/\"},\"sameAs\":[\"https:\/\/facebook.com\/Colegioarq\/\",\"https:\/\/x.com\/colegioarq\",\"https:\/\/instagram.com\/colegioarq\",\"https:\/\/youtube.com\/@ColegiodeArquitectosdeChile\"]},{\"@type\":\"Person\",\"@id\":\"https:\/\/colegioarquitectos.com\/noticias\/#\/schema\/person\/685cc0aad148303c5608f049af8285ad\",\"name\":\"Colegio de Arquitectos de Chile\",\"url\":\"https:\/\/colegioarquitectos.com\/noticias\/?author=4\"}]}<\/script>\n<!-- \/ Yoast SEO plugin. -->","yoast_head_json":{"title":"Inscr\u00edbete en el tercer Curso Passivhaus Designer ILAPH - COLEGIO DE ARQUITECTOS DE CHILE","robots":{"index":"index","follow":"follow","max-snippet":"max-snippet:-1","max-image-preview":"max-image-preview:large","max-video-preview":"max-video-preview:-1"},"canonical":"https:\/\/colegioarquitectos.com\/noticias\/?p=27785","og_locale":"es_ES","og_type":"article","og_title":"Inscr\u00edbete en el tercer Curso Passivhaus Designer ILAPH - COLEGIO DE ARQUITECTOS DE CHILE","og_description":"El Instituto Latinoamericano Passivhaus ILAPH\u00a0invita a todos los profesionales ligados a la construcci\u00f3n a sumarse al tercer Curso Passivhaus Designer para Latinoam\u00e9rica a desarrollarse entre septiembre y noviembre de 2021, organizado en conjunto por Arquiambiente y Energiehaus. El curso Passivhaus &hellip; ver m\u00e1s","og_url":"https:\/\/colegioarquitectos.com\/noticias\/?p=27785","og_site_name":"COLEGIO DE ARQUITECTOS DE CHILE","article_publisher":"https:\/\/facebook.com\/Colegioarq\/","article_published_time":"2021-09-24T13:48:55+00:00","article_modified_time":"2021-09-24T13:52:20+00:00","og_image":[{"width":1280,"height":720,"url":"https:\/\/colegioarquitectos.com\/noticias\/wp-content\/uploads\/2021\/09\/Nuevo-proyecto-2-2.jpg","type":"image\/jpeg"}],"author":"Colegio de Arquitectos de Chile","twitter_card":"summary_large_image","twitter_creator":"@colegioarq","twitter_site":"@colegioarq","twitter_misc":{"Escrito por":"Colegio de Arquitectos de Chile","Tiempo de lectura":"3 minutos"},"schema":{"@context":"https:\/\/schema.org","@graph":[{"@type":"Article","@id":"https:\/\/colegioarquitectos.com\/noticias\/?p=27785#article","isPartOf":{"@id":"https:\/\/colegioarquitectos.com\/noticias\/?p=27785"},"author":{"name":"Colegio de Arquitectos de Chile","@id":"https:\/\/colegioarquitectos.com\/noticias\/#\/schema\/person\/685cc0aad148303c5608f049af8285ad"},"headline":"Inscr\u00edbete en el tercer Curso Passivhaus Designer ILAPH","datePublished":"2021-09-24T13:48:55+00:00","dateModified":"2021-09-24T13:52:20+00:00","mainEntityOfPage":{"@id":"https:\/\/colegioarquitectos.com\/noticias\/?p=27785"},"wordCount":525,"publisher":{"@id":"https:\/\/colegioarquitectos.com\/noticias\/#organization"},"image":{"@id":"https:\/\/colegioarquitectos.com\/noticias\/?p=27785#primaryimage"},"thumbnailUrl":"https:\/\/colegioarquitectos.com\/noticias\/wp-content\/uploads\/2021\/09\/Nuevo-proyecto-2-2.jpg","articleSection":["Cursos","Noticias"],"inLanguage":"es"},{"@type":"WebPage","@id":"https:\/\/colegioarquitectos.com\/noticias\/?p=27785","url":"https:\/\/colegioarquitectos.com\/noticias\/?p=27785","name":"Inscr\u00edbete en el tercer Curso Passivhaus Designer ILAPH - COLEGIO DE ARQUITECTOS DE CHILE","isPartOf":{"@id":"https:\/\/colegioarquitectos.com\/noticias\/#website"},"primaryImageOfPage":{"@id":"https:\/\/colegioarquitectos.com\/noticias\/?p=27785#primaryimage"},"image":{"@id":"https:\/\/colegioarquitectos.com\/noticias\/?p=27785#primaryimage"},"thumbnailUrl":"https:\/\/colegioarquitectos.com\/noticias\/wp-content\/uploads\/2021\/09\/Nuevo-proyecto-2-2.jpg","datePublished":"2021-09-24T13:48:55+00:00","dateModified":"2021-09-24T13:52:20+00:00","breadcrumb":{"@id":"https:\/\/colegioarquitectos.com\/noticias\/?p=27785#breadcrumb"},"inLanguage":"es","potentialAction":[{"@type":"ReadAction","target":["https:\/\/colegioarquitectos.com\/noticias\/?p=27785"]}]},{"@type":"ImageObject","inLanguage":"es","@id":"https:\/\/colegioarquitectos.com\/noticias\/?p=27785#primaryimage","url":"https:\/\/colegioarquitectos.com\/noticias\/wp-content\/uploads\/2021\/09\/Nuevo-proyecto-2-2.jpg","contentUrl":"https:\/\/colegioarquitectos.com\/noticias\/wp-content\/uploads\/2021\/09\/Nuevo-proyecto-2-2.jpg","width":1280,"height":720},{"@type":"BreadcrumbList","@id":"https:\/\/colegioarquitectos.com\/noticias\/?p=27785#breadcrumb","itemListElement":[{"@type":"ListItem","position":1,"name":"Portada","item":"https:\/\/colegioarquitectos.com\/noticias"},{"@type":"ListItem","position":2,"name":"Inscr\u00edbete en el tercer Curso Passivhaus Designer ILAPH"}]},{"@type":"WebSite","@id":"https:\/\/colegioarquitectos.com\/noticias\/#website","url":"https:\/\/colegioarquitectos.com\/noticias\/","name":"COLEGIO DE ARQUITECTOS DE CHILE","description":"","publisher":{"@id":"https:\/\/colegioarquitectos.com\/noticias\/#organization"},"potentialAction":[{"@type":"SearchAction","target":{"@type":"EntryPoint","urlTemplate":"https:\/\/colegioarquitectos.com\/noticias\/?s={search_term_string}"},"query-input":{"@type":"PropertyValueSpecification","valueRequired":true,"valueName":"search_term_string"}}],"inLanguage":"es"},{"@type":"Organization","@id":"https:\/\/colegioarquitectos.com\/noticias\/#organization","name":"COLEGIO DE ARQUITECTOS DE CHILE","url":"https:\/\/colegioarquitectos.com\/noticias\/","logo":{"@type":"ImageObject","inLanguage":"es","@id":"https:\/\/colegioarquitectos.com\/noticias\/#\/schema\/logo\/image\/","url":"https:\/\/colegioarquitectos.com\/noticias\/wp-content\/uploads\/2021\/05\/ENCABEZADO-LOGO-CA.jpg","contentUrl":"https:\/\/colegioarquitectos.com\/noticias\/wp-content\/uploads\/2021\/05\/ENCABEZADO-LOGO-CA.jpg","width":690,"height":350,"caption":"COLEGIO DE ARQUITECTOS DE CHILE"},"image":{"@id":"https:\/\/colegioarquitectos.com\/noticias\/#\/schema\/logo\/image\/"},"sameAs":["https:\/\/facebook.com\/Colegioarq\/","https:\/\/x.com\/colegioarq","https:\/\/instagram.com\/colegioarq","https:\/\/youtube.com\/@ColegiodeArquitectosdeChile"]},{"@type":"Person","@id":"https:\/\/colegioarquitectos.com\/noticias\/#\/schema\/person\/685cc0aad148303c5608f049af8285ad","name":"Colegio de Arquitectos de Chile","url":"https:\/\/colegioarquitectos.com\/noticias\/?author=4"}]}},"_links":{"self":[{"href":"https:\/\/colegioarquitectos.com\/noticias\/index.php?rest_route=\/wp\/v2\/posts\/27785","targetHints":{"allow":["GET"]}}],"collection":[{"href":"https:\/\/colegioarquitectos.com\/noticias\/index.php?rest_route=\/wp\/v2\/posts"}],"about":[{"href":"https:\/\/colegioarquitectos.com\/noticias\/index.php?rest_route=\/wp\/v2\/types\/post"}],"author":[{"embeddable":true,"href":"https:\/\/colegioarquitectos.com\/noticias\/index.php?rest_route=\/wp\/v2\/users\/4"}],"replies":[{"embeddable":true,"href":"https:\/\/colegioarquitectos.com\/noticias\/index.php?rest_route=%2Fwp%2Fv2%2Fcomments&post=27785"}],"version-history":[{"count":0,"href":"https:\/\/colegioarquitectos.com\/noticias\/index.php?rest_route=\/wp\/v2\/posts\/27785\/revisions"}],"wp:featuredmedia":[{"embeddable":true,"href":"https:\/\/colegioarquitectos.com\/noticias\/index.php?rest_route=\/wp\/v2\/media\/27787"}],"wp:attachment":[{"href":"https:\/\/colegioarquitectos.com\/noticias\/index.php?rest_route=%2Fwp%2Fv2%2Fmedia&parent=27785"}],"wp:term":[{"taxonomy":"category","embeddable":true,"href":"https:\/\/colegioarquitectos.com\/noticias\/index.php?rest_route=%2Fwp%2Fv2%2Fcategories&post=27785"},{"taxonomy":"post_tag","embeddable":true,"href":"https:\/\/colegioarquitectos.com\/noticias\/index.php?rest_route=%2Fwp%2Fv2%2Ftags&post=27785"}],"curies":[{"name":"wp","href":"https:\/\/api.w.org\/{rel}","templated":true}]}}