
{"id":28,"date":"2011-12-25T15:43:55","date_gmt":"2011-12-25T15:43:55","guid":{"rendered":"http:\/\/colegioarquitectos.com\/noticias\/?p=28"},"modified":"2011-12-28T15:44:08","modified_gmt":"2011-12-28T15:44:08","slug":"lanzamiento-nueva-revista-ca-ciudad-y-arquitectura-colegio-de-arquitectos-de-chile","status":"publish","type":"post","link":"https:\/\/colegioarquitectos.com\/noticias\/?p=28","title":{"rendered":"Lanzamiento nueva Revista CA \/ Ciudad y Arquitectura Colegio de Arquitectos de Chile"},"content":{"rendered":"<p align=\"left\"><strong>Lanzamiento nueva Revista CA \/ Ciudad y Arquitectura <\/strong><strong>Colegio de Arquitectos de Chile <\/strong><\/p>\n<p><strong>\u00a0<\/strong><strong> <img loading=\"lazy\" decoding=\"async\" class=\"wp-image-31\" src=\"http:\/\/www.colegioarquitectos.com\/CAALDIA\/ca6.jpg\" alt=\"\" width=\"390\" height=\"451\" \/><\/strong><\/p>\n<p><strong>La principal y m\u00e1s antigua publicaci\u00f3n de Arquitectura nacional realiz\u00f3 un lanzamiento especial para su edici\u00f3n N\u00ba 147, presentando al nuevo equipo editor y las principales innovaciones del nuevo formato. <\/strong><\/p>\n<p><strong> <\/strong>\u201cEmpieza una nueva era para nuestra revista\u201d, manifest\u00f3 el Presidente Nacional del Colegio de Arquitectos de Chile, Luis Eduardo Bresciani P., al presentar al nuevo equipo editor de la Revista CA \/ Ciudad y Arquitectura, presidido por el Arquitecto Hugo Mondrag\u00f3n, de vasta y reconocida trayectoria acad\u00e9mica.<\/p>\n<p>Este jueves 09 de junio se llev\u00f3 a cabo el lanzamiento especial del N\u00ba 147, dedicado a la Arquitectura del Paisaje, presentando los importantes cambios en contenido y formato gr\u00e1fico que tendr\u00e1 desde ahora la Revista CA , la Revista del Colegio de Arquitectos de Chile.<\/p>\n<p>La Revista CA es la publicaci\u00f3n de arquitectura m\u00e1s antigua del pa\u00eds, comenzando en enero de 1968. A lo largo de estas cuatro d\u00e9cadas, se ha situado como una de las publicaciones m\u00e1s le\u00eddas, constituy\u00e9ndose en el banco de informaci\u00f3n arquitect\u00f3nica m\u00e1s completo a nivel nacional.<\/p>\n<p>Precisamente ahora, con el cambio de equipo editor, se quiere generar una renovaci\u00f3n fundamental en la Revista , presentando a fondo las tem\u00e1ticas de la profesi\u00f3n y trabajos de los arquitectos con una gr\u00e1fica moderna, acercando a\u00fan m\u00e1s la revista a la Orden y sus colegiados.<\/p>\n<p>Haciendo un recuento de lo que ha sido esta importante Revista para la historia de la Arquitectura chilena, su Editor Hugo Mondrag\u00f3n present\u00f3 tambi\u00e9n las nuevas tem\u00e1ticas que van a enmarcar la publicaci\u00f3n durante este a\u00f1o, detallando que los pr\u00f3ximos n\u00fameros estar\u00e1n dedicados a la Profesi\u00f3n de Arquitecto, Arquitectura P\u00fablica y Arquitectura en Madera.<\/p>\n<p>&nbsp;<\/p>\n<p><strong><img loading=\"lazy\" decoding=\"async\" src=\"http:\/\/www.colegioarquitectos.com\/CAALDIA\/ca1.jpg\" alt=\"\" width=\"400\" height=\"300\" \/><\/strong><\/p>\n<p><img loading=\"lazy\" decoding=\"async\" src=\"http:\/\/www.colegioarquitectos.com\/CAALDIA\/ca3.jpg\" alt=\"\" width=\"400\" height=\"300\" \/><\/p>\n<p>&nbsp;<\/p>\n<p><\/p>","protected":false},"excerpt":{"rendered":"<p>Lanzamiento nueva Revista CA \/ Ciudad y Arquitectura Colegio de Arquitectos de Chile \u00a0 La principal y m\u00e1s antigua publicaci\u00f3n de Arquitectura nacional realiz\u00f3 un lanzamiento especial para su edici\u00f3n N\u00ba 147, presentando al nuevo equipo editor y las principales &hellip; <a class=\"more-link\" href=\"https:\/\/colegioarquitectos.com\/noticias\/?p=28\">ver m\u00e1s<\/a><\/p>","protected":false},"author":1,"featured_media":0,"comment_status":"open","ping_status":"open","sticky":false,"template":"","format":"standard","meta":{"footnotes":""},"categories":[3,6],"tags":[],"class_list":["post-28","post","type-post","status-publish","format-standard","hentry","category-noticias","category-revistaca"],"yoast_head":"<!-- This site is optimized with the Yoast SEO plugin v24.2 - https:\/\/yoast.com\/wordpress\/plugins\/seo\/ -->\n<title>Lanzamiento nueva Revista CA \/ Ciudad y Arquitectura Colegio de Arquitectos de Chile  - COLEGIO DE ARQUITECTOS DE CHILE<\/title>\n<meta name=\"robots\" content=\"index, follow, max-snippet:-1, max-image-preview:large, max-video-preview:-1\" \/>\n<link rel=\"canonical\" href=\"https:\/\/colegioarquitectos.com\/noticias\/?p=28\" \/>\n<meta property=\"og:locale\" content=\"es_ES\" \/>\n<meta property=\"og:type\" content=\"article\" \/>\n<meta property=\"og:title\" content=\"Lanzamiento nueva Revista CA \/ Ciudad y Arquitectura Colegio de Arquitectos de Chile  - COLEGIO DE ARQUITECTOS DE CHILE\" \/>\n<meta property=\"og:description\" content=\"Lanzamiento nueva Revista CA \/ Ciudad y Arquitectura Colegio de Arquitectos de Chile \u00a0 La principal y m\u00e1s antigua publicaci\u00f3n de Arquitectura nacional realiz\u00f3 un lanzamiento especial para su edici\u00f3n N\u00ba 147, presentando al nuevo equipo editor y las principales &hellip; ver m\u00e1s\" \/>\n<meta property=\"og:url\" content=\"https:\/\/colegioarquitectos.com\/noticias\/?p=28\" \/>\n<meta property=\"og:site_name\" content=\"COLEGIO DE ARQUITECTOS DE CHILE\" \/>\n<meta property=\"article:publisher\" content=\"https:\/\/facebook.com\/Colegioarq\/\" \/>\n<meta property=\"article:published_time\" content=\"2011-12-25T15:43:55+00:00\" \/>\n<meta property=\"article:modified_time\" content=\"2011-12-28T15:44:08+00:00\" \/>\n<meta property=\"og:image\" content=\"http:\/\/www.colegioarquitectos.com\/CAALDIA\/ca6.jpg\" \/>\n<meta name=\"author\" content=\"Gabriel Salgado S.\" \/>\n<meta name=\"twitter:card\" content=\"summary_large_image\" \/>\n<meta name=\"twitter:creator\" content=\"@colegioarq\" \/>\n<meta name=\"twitter:site\" content=\"@colegioarq\" \/>\n<meta name=\"twitter:label1\" content=\"Escrito por\" \/>\n\t<meta name=\"twitter:data1\" content=\"Gabriel Salgado S.\" \/>\n\t<meta name=\"twitter:label2\" content=\"Tiempo de lectura\" \/>\n\t<meta name=\"twitter:data2\" content=\"2 minutos\" \/>\n<script type=\"application\/ld+json\" class=\"yoast-schema-graph\">{\"@context\":\"https:\/\/schema.org\",\"@graph\":[{\"@type\":\"Article\",\"@id\":\"https:\/\/colegioarquitectos.com\/noticias\/?p=28#article\",\"isPartOf\":{\"@id\":\"https:\/\/colegioarquitectos.com\/noticias\/?p=28\"},\"author\":{\"name\":\"Gabriel Salgado S.\",\"@id\":\"https:\/\/colegioarquitectos.com\/noticias\/#\/schema\/person\/b6c7e912cd1283c089114093ed09741f\"},\"headline\":\"Lanzamiento nueva Revista CA \/ Ciudad y Arquitectura Colegio de Arquitectos de Chile\",\"datePublished\":\"2011-12-25T15:43:55+00:00\",\"dateModified\":\"2011-12-28T15:44:08+00:00\",\"mainEntityOfPage\":{\"@id\":\"https:\/\/colegioarquitectos.com\/noticias\/?p=28\"},\"wordCount\":320,\"commentCount\":5,\"publisher\":{\"@id\":\"https:\/\/colegioarquitectos.com\/noticias\/#organization\"},\"image\":{\"@id\":\"https:\/\/colegioarquitectos.com\/noticias\/?p=28#primaryimage\"},\"thumbnailUrl\":\"http:\/\/www.colegioarquitectos.com\/CAALDIA\/ca6.jpg\",\"articleSection\":[\"Noticias\",\"Revista CA\"],\"inLanguage\":\"es\",\"potentialAction\":[{\"@type\":\"CommentAction\",\"name\":\"Comment\",\"target\":[\"https:\/\/colegioarquitectos.com\/noticias\/?p=28#respond\"]}]},{\"@type\":\"WebPage\",\"@id\":\"https:\/\/colegioarquitectos.com\/noticias\/?p=28\",\"url\":\"https:\/\/colegioarquitectos.com\/noticias\/?p=28\",\"name\":\"Lanzamiento nueva Revista CA \/ Ciudad y Arquitectura Colegio de Arquitectos de Chile - COLEGIO DE ARQUITECTOS DE CHILE\",\"isPartOf\":{\"@id\":\"https:\/\/colegioarquitectos.com\/noticias\/#website\"},\"primaryImageOfPage\":{\"@id\":\"https:\/\/colegioarquitectos.com\/noticias\/?p=28#primaryimage\"},\"image\":{\"@id\":\"https:\/\/colegioarquitectos.com\/noticias\/?p=28#primaryimage\"},\"thumbnailUrl\":\"http:\/\/www.colegioarquitectos.com\/CAALDIA\/ca6.jpg\",\"datePublished\":\"2011-12-25T15:43:55+00:00\",\"dateModified\":\"2011-12-28T15:44:08+00:00\",\"breadcrumb\":{\"@id\":\"https:\/\/colegioarquitectos.com\/noticias\/?p=28#breadcrumb\"},\"inLanguage\":\"es\",\"potentialAction\":[{\"@type\":\"ReadAction\",\"target\":[\"https:\/\/colegioarquitectos.com\/noticias\/?p=28\"]}]},{\"@type\":\"ImageObject\",\"inLanguage\":\"es\",\"@id\":\"https:\/\/colegioarquitectos.com\/noticias\/?p=28#primaryimage\",\"url\":\"http:\/\/www.colegioarquitectos.com\/CAALDIA\/ca6.jpg\",\"contentUrl\":\"http:\/\/www.colegioarquitectos.com\/CAALDIA\/ca6.jpg\"},{\"@type\":\"BreadcrumbList\",\"@id\":\"https:\/\/colegioarquitectos.com\/noticias\/?p=28#breadcrumb\",\"itemListElement\":[{\"@type\":\"ListItem\",\"position\":1,\"name\":\"Portada\",\"item\":\"https:\/\/colegioarquitectos.com\/noticias\"},{\"@type\":\"ListItem\",\"position\":2,\"name\":\"Lanzamiento nueva Revista CA \/ Ciudad y Arquitectura Colegio de Arquitectos de Chile\"}]},{\"@type\":\"WebSite\",\"@id\":\"https:\/\/colegioarquitectos.com\/noticias\/#website\",\"url\":\"https:\/\/colegioarquitectos.com\/noticias\/\",\"name\":\"COLEGIO DE ARQUITECTOS DE CHILE\",\"description\":\"\",\"publisher\":{\"@id\":\"https:\/\/colegioarquitectos.com\/noticias\/#organization\"},\"potentialAction\":[{\"@type\":\"SearchAction\",\"target\":{\"@type\":\"EntryPoint\",\"urlTemplate\":\"https:\/\/colegioarquitectos.com\/noticias\/?s={search_term_string}\"},\"query-input\":{\"@type\":\"PropertyValueSpecification\",\"valueRequired\":true,\"valueName\":\"search_term_string\"}}],\"inLanguage\":\"es\"},{\"@type\":\"Organization\",\"@id\":\"https:\/\/colegioarquitectos.com\/noticias\/#organization\",\"name\":\"COLEGIO DE ARQUITECTOS DE CHILE\",\"url\":\"https:\/\/colegioarquitectos.com\/noticias\/\",\"logo\":{\"@type\":\"ImageObject\",\"inLanguage\":\"es\",\"@id\":\"https:\/\/colegioarquitectos.com\/noticias\/#\/schema\/logo\/image\/\",\"url\":\"https:\/\/colegioarquitectos.com\/noticias\/wp-content\/uploads\/2021\/05\/ENCABEZADO-LOGO-CA.jpg\",\"contentUrl\":\"https:\/\/colegioarquitectos.com\/noticias\/wp-content\/uploads\/2021\/05\/ENCABEZADO-LOGO-CA.jpg\",\"width\":690,\"height\":350,\"caption\":\"COLEGIO DE ARQUITECTOS DE CHILE\"},\"image\":{\"@id\":\"https:\/\/colegioarquitectos.com\/noticias\/#\/schema\/logo\/image\/\"},\"sameAs\":[\"https:\/\/facebook.com\/Colegioarq\/\",\"https:\/\/x.com\/colegioarq\",\"https:\/\/instagram.com\/colegioarq\",\"https:\/\/youtube.com\/@ColegiodeArquitectosdeChile\"]},{\"@type\":\"Person\",\"@id\":\"https:\/\/colegioarquitectos.com\/noticias\/#\/schema\/person\/b6c7e912cd1283c089114093ed09741f\",\"name\":\"Gabriel Salgado S.\",\"url\":\"https:\/\/colegioarquitectos.com\/noticias\/?author=1\"}]}<\/script>\n<!-- \/ Yoast SEO plugin. -->","yoast_head_json":{"title":"Lanzamiento nueva Revista CA \/ Ciudad y Arquitectura Colegio de Arquitectos de Chile  - COLEGIO DE ARQUITECTOS DE CHILE","robots":{"index":"index","follow":"follow","max-snippet":"max-snippet:-1","max-image-preview":"max-image-preview:large","max-video-preview":"max-video-preview:-1"},"canonical":"https:\/\/colegioarquitectos.com\/noticias\/?p=28","og_locale":"es_ES","og_type":"article","og_title":"Lanzamiento nueva Revista CA \/ Ciudad y Arquitectura Colegio de Arquitectos de Chile  - COLEGIO DE ARQUITECTOS DE CHILE","og_description":"Lanzamiento nueva Revista CA \/ Ciudad y Arquitectura Colegio de Arquitectos de Chile \u00a0 La principal y m\u00e1s antigua publicaci\u00f3n de Arquitectura nacional realiz\u00f3 un lanzamiento especial para su edici\u00f3n N\u00ba 147, presentando al nuevo equipo editor y las principales &hellip; ver m\u00e1s","og_url":"https:\/\/colegioarquitectos.com\/noticias\/?p=28","og_site_name":"COLEGIO DE ARQUITECTOS DE CHILE","article_publisher":"https:\/\/facebook.com\/Colegioarq\/","article_published_time":"2011-12-25T15:43:55+00:00","article_modified_time":"2011-12-28T15:44:08+00:00","og_image":[{"url":"http:\/\/www.colegioarquitectos.com\/CAALDIA\/ca6.jpg","type":"","width":"","height":""}],"author":"Gabriel Salgado S.","twitter_card":"summary_large_image","twitter_creator":"@colegioarq","twitter_site":"@colegioarq","twitter_misc":{"Escrito por":"Gabriel Salgado S.","Tiempo de lectura":"2 minutos"},"schema":{"@context":"https:\/\/schema.org","@graph":[{"@type":"Article","@id":"https:\/\/colegioarquitectos.com\/noticias\/?p=28#article","isPartOf":{"@id":"https:\/\/colegioarquitectos.com\/noticias\/?p=28"},"author":{"name":"Gabriel Salgado S.","@id":"https:\/\/colegioarquitectos.com\/noticias\/#\/schema\/person\/b6c7e912cd1283c089114093ed09741f"},"headline":"Lanzamiento nueva Revista CA \/ Ciudad y Arquitectura Colegio de Arquitectos de Chile","datePublished":"2011-12-25T15:43:55+00:00","dateModified":"2011-12-28T15:44:08+00:00","mainEntityOfPage":{"@id":"https:\/\/colegioarquitectos.com\/noticias\/?p=28"},"wordCount":320,"commentCount":5,"publisher":{"@id":"https:\/\/colegioarquitectos.com\/noticias\/#organization"},"image":{"@id":"https:\/\/colegioarquitectos.com\/noticias\/?p=28#primaryimage"},"thumbnailUrl":"http:\/\/www.colegioarquitectos.com\/CAALDIA\/ca6.jpg","articleSection":["Noticias","Revista CA"],"inLanguage":"es","potentialAction":[{"@type":"CommentAction","name":"Comment","target":["https:\/\/colegioarquitectos.com\/noticias\/?p=28#respond"]}]},{"@type":"WebPage","@id":"https:\/\/colegioarquitectos.com\/noticias\/?p=28","url":"https:\/\/colegioarquitectos.com\/noticias\/?p=28","name":"Lanzamiento nueva Revista CA \/ Ciudad y Arquitectura Colegio de Arquitectos de Chile - COLEGIO DE ARQUITECTOS DE CHILE","isPartOf":{"@id":"https:\/\/colegioarquitectos.com\/noticias\/#website"},"primaryImageOfPage":{"@id":"https:\/\/colegioarquitectos.com\/noticias\/?p=28#primaryimage"},"image":{"@id":"https:\/\/colegioarquitectos.com\/noticias\/?p=28#primaryimage"},"thumbnailUrl":"http:\/\/www.colegioarquitectos.com\/CAALDIA\/ca6.jpg","datePublished":"2011-12-25T15:43:55+00:00","dateModified":"2011-12-28T15:44:08+00:00","breadcrumb":{"@id":"https:\/\/colegioarquitectos.com\/noticias\/?p=28#breadcrumb"},"inLanguage":"es","potentialAction":[{"@type":"ReadAction","target":["https:\/\/colegioarquitectos.com\/noticias\/?p=28"]}]},{"@type":"ImageObject","inLanguage":"es","@id":"https:\/\/colegioarquitectos.com\/noticias\/?p=28#primaryimage","url":"http:\/\/www.colegioarquitectos.com\/CAALDIA\/ca6.jpg","contentUrl":"http:\/\/www.colegioarquitectos.com\/CAALDIA\/ca6.jpg"},{"@type":"BreadcrumbList","@id":"https:\/\/colegioarquitectos.com\/noticias\/?p=28#breadcrumb","itemListElement":[{"@type":"ListItem","position":1,"name":"Portada","item":"https:\/\/colegioarquitectos.com\/noticias"},{"@type":"ListItem","position":2,"name":"Lanzamiento nueva Revista CA \/ Ciudad y Arquitectura Colegio de Arquitectos de Chile"}]},{"@type":"WebSite","@id":"https:\/\/colegioarquitectos.com\/noticias\/#website","url":"https:\/\/colegioarquitectos.com\/noticias\/","name":"COLEGIO DE ARQUITECTOS DE CHILE","description":"","publisher":{"@id":"https:\/\/colegioarquitectos.com\/noticias\/#organization"},"potentialAction":[{"@type":"SearchAction","target":{"@type":"EntryPoint","urlTemplate":"https:\/\/colegioarquitectos.com\/noticias\/?s={search_term_string}"},"query-input":{"@type":"PropertyValueSpecification","valueRequired":true,"valueName":"search_term_string"}}],"inLanguage":"es"},{"@type":"Organization","@id":"https:\/\/colegioarquitectos.com\/noticias\/#organization","name":"COLEGIO DE ARQUITECTOS DE CHILE","url":"https:\/\/colegioarquitectos.com\/noticias\/","logo":{"@type":"ImageObject","inLanguage":"es","@id":"https:\/\/colegioarquitectos.com\/noticias\/#\/schema\/logo\/image\/","url":"https:\/\/colegioarquitectos.com\/noticias\/wp-content\/uploads\/2021\/05\/ENCABEZADO-LOGO-CA.jpg","contentUrl":"https:\/\/colegioarquitectos.com\/noticias\/wp-content\/uploads\/2021\/05\/ENCABEZADO-LOGO-CA.jpg","width":690,"height":350,"caption":"COLEGIO DE ARQUITECTOS DE CHILE"},"image":{"@id":"https:\/\/colegioarquitectos.com\/noticias\/#\/schema\/logo\/image\/"},"sameAs":["https:\/\/facebook.com\/Colegioarq\/","https:\/\/x.com\/colegioarq","https:\/\/instagram.com\/colegioarq","https:\/\/youtube.com\/@ColegiodeArquitectosdeChile"]},{"@type":"Person","@id":"https:\/\/colegioarquitectos.com\/noticias\/#\/schema\/person\/b6c7e912cd1283c089114093ed09741f","name":"Gabriel Salgado S.","url":"https:\/\/colegioarquitectos.com\/noticias\/?author=1"}]}},"_links":{"self":[{"href":"https:\/\/colegioarquitectos.com\/noticias\/index.php?rest_route=\/wp\/v2\/posts\/28","targetHints":{"allow":["GET"]}}],"collection":[{"href":"https:\/\/colegioarquitectos.com\/noticias\/index.php?rest_route=\/wp\/v2\/posts"}],"about":[{"href":"https:\/\/colegioarquitectos.com\/noticias\/index.php?rest_route=\/wp\/v2\/types\/post"}],"author":[{"embeddable":true,"href":"https:\/\/colegioarquitectos.com\/noticias\/index.php?rest_route=\/wp\/v2\/users\/1"}],"replies":[{"embeddable":true,"href":"https:\/\/colegioarquitectos.com\/noticias\/index.php?rest_route=%2Fwp%2Fv2%2Fcomments&post=28"}],"version-history":[{"count":0,"href":"https:\/\/colegioarquitectos.com\/noticias\/index.php?rest_route=\/wp\/v2\/posts\/28\/revisions"}],"wp:attachment":[{"href":"https:\/\/colegioarquitectos.com\/noticias\/index.php?rest_route=%2Fwp%2Fv2%2Fmedia&parent=28"}],"wp:term":[{"taxonomy":"category","embeddable":true,"href":"https:\/\/colegioarquitectos.com\/noticias\/index.php?rest_route=%2Fwp%2Fv2%2Fcategories&post=28"},{"taxonomy":"post_tag","embeddable":true,"href":"https:\/\/colegioarquitectos.com\/noticias\/index.php?rest_route=%2Fwp%2Fv2%2Ftags&post=28"}],"curies":[{"name":"wp","href":"https:\/\/api.w.org\/{rel}","templated":true}]}}