
{"id":28068,"date":"2021-11-17T07:55:53","date_gmt":"2021-11-17T11:55:53","guid":{"rendered":"https:\/\/colegioarquitectos.com\/?p=28068"},"modified":"2021-11-17T07:55:53","modified_gmt":"2021-11-17T11:55:53","slug":"delegacion-zonal-llanquihue-participa-de-la-inauguracion-de-la-placa-de-reconocimiento-del-premio-pau-en-el-proyecto-reconstruccion-de-3-casas-patrimoniales-de-puerto-varas","status":"publish","type":"post","link":"https:\/\/colegioarquitectos.com\/noticias\/?p=28068","title":{"rendered":"Delegaci\u00f3n Zonal Llanquihue participa de la inauguraci\u00f3n de la placa de reconocimiento del Premio PAU en el proyecto \u00abReconstrucci\u00f3n de 3 casas patrimoniales de Puerto Varas\u00bb"},"content":{"rendered":"<p>Nuestra <strong>Delegaci\u00f3n Zonal Llanquihue<\/strong>, representada por su presidente <strong>Sebasti\u00e1n Bruna<\/strong>, fue parte de la inauguraci\u00f3n de la placa de reconocimiento del <strong>Premio Aporte Urbano (PAU)<\/strong> en el proyecto <strong>\u00abReconstrucci\u00f3n de 3 casas patrimoniales de Puerto Varas\u00bb<\/strong>.<\/p>\n<p>La ceremonia se realiz\u00f3 el pasado viernes 12 de noviembre, tuvo lugar en una de las casas reconstruidas, y <strong>cont\u00f3 con la participaci\u00f3n de autoridades regionales como los SEREMI del Ministerio de Vivienda y Urbanismo y Ministerio de Econom\u00eda, Fomento y Turismo; representantes de la C\u00e1mara Chilena de la Construcci\u00f3n (CChC); y representantes de organizaciones civiles<\/strong>.<\/p>\n<p>En la instancia, se reconoci\u00f3 el valor del proyecto desarrollado por los colegiados <strong>Heike H\u00f6pfner<\/strong> y <strong>Pablo Moraga<\/strong>, quienes fueron reconocidos en <strong>2019<\/strong> en la categor\u00eda de <strong>Mejor Proyecto de Intervenci\u00f3n Patrimonial<\/strong>.<\/p>\n<p>Conocidas como <strong>Casa Kinzel<\/strong>, <strong>Casa Wiehoff<\/strong> y <strong>Casa Kaschel<\/strong>, fueron construidas entre 1890 y 1930 en uno de los dos ejes hist\u00f3ricos de Puerto Varas, y <strong>hoy representan el legado arquitect\u00f3nico del proceso de colonizaci\u00f3n alemana de la Cuenca del Lago Llanquihue iniciado a mediados del siglo XIX<\/strong>. Ante la necesidad de reconstruir estas casonas como parte de un proyecto inmobiliario mayor \u2013asumido por la empresa Patagonland\u2013 se gener\u00f3 la oportunidad de repensar el sentido de estos inmuebles en el din\u00e1mico contexto urbano actual y la reconversi\u00f3n de los programas que albergaban originalmente.<\/p>\n<p><strong>El desaf\u00edo consisti\u00f3 en conservar la atm\u00f3sfera que caracteriz\u00f3 estas casonas por m\u00e1s de 100 a\u00f1os, d\u00e1ndole vigencia en un contexto patrimonial en proceso de valorizaci\u00f3n y densificaci\u00f3n<\/strong>. El proyecto se desarroll\u00f3 proponiendo un paseo al interior de la cuadra, pudiendo ser recorridos como parte de un circuito de tiendas, cafeter\u00edas y peque\u00f1as plazas en primer nivel y oficinas en el segundo, ofreciendo un nuevo espacio a la ciudad y permitiendo al usuario habitar lugares que antes le eran negados.<\/p>\n<p>En la reconstrucci\u00f3n se reutiliz\u00f3 material original de las casonas, como ventanas, pie derechos y soleras visibles, puertas, escaleras, y revestimientos como pavimentos z\u00f3calos interiores y sus ornamentos, molduras, tinglados exteriores, tejuelas y otros elementos como contra ventaciones, jabalcones y los emblem\u00e1ticos balcones de fierro de la Casa Kaschel. <strong>Las estructuras de piso, muros y cubiertas se ejecutaron \u00edntegramente en maderas nativas, y debieron adaptarse a los nuevos est\u00e1ndares de calidad, seguridad y confort que los nuevos usos requer\u00edan<\/strong>.<\/p>\n<p>&nbsp;<\/p>\n\n\t\t<style type=\"text\/css\">\n\t\t\t#gallery-1 {\n\t\t\t\tmargin: auto;\n\t\t\t}\n\t\t\t#gallery-1 .gallery-item {\n\t\t\t\tfloat: left;\n\t\t\t\tmargin-top: 10px;\n\t\t\t\ttext-align: center;\n\t\t\t\twidth: 33%;\n\t\t\t}\n\t\t\t#gallery-1 img {\n\t\t\t\tborder: 2px solid #cfcfcf;\n\t\t\t}\n\t\t\t#gallery-1 .gallery-caption {\n\t\t\t\tmargin-left: 0;\n\t\t\t}\n\t\t\t\/* see gallery_shortcode() in wp-includes\/media.php *\/\n\t\t<\/style>\n\t\t<div id='gallery-1' class='gallery galleryid-28068 gallery-columns-3 gallery-size-thumbnail'><dl class='gallery-item'>\n\t\t\t<dt class='gallery-icon landscape'>\n\t\t\t\t<a href='https:\/\/colegioarquitectos.com\/noticias\/?attachment_id=28070'><img loading=\"lazy\" decoding=\"async\" width=\"180\" height=\"180\" src=\"https:\/\/colegioarquitectos.com\/noticias\/wp-content\/uploads\/2021\/11\/unnamed-1-180x180.jpg\" class=\"attachment-thumbnail size-thumbnail\" alt=\"\" \/><\/a>\n\t\t\t<\/dt><\/dl><dl class='gallery-item'>\n\t\t\t<dt class='gallery-icon landscape'>\n\t\t\t\t<a href='https:\/\/colegioarquitectos.com\/noticias\/?attachment_id=28071'><img loading=\"lazy\" decoding=\"async\" width=\"180\" height=\"180\" src=\"https:\/\/colegioarquitectos.com\/noticias\/wp-content\/uploads\/2021\/11\/unnamed-2-180x180.jpg\" class=\"attachment-thumbnail size-thumbnail\" alt=\"\" \/><\/a>\n\t\t\t<\/dt><\/dl><dl class='gallery-item'>\n\t\t\t<dt class='gallery-icon portrait'>\n\t\t\t\t<a href='https:\/\/colegioarquitectos.com\/noticias\/?attachment_id=28072'><img loading=\"lazy\" decoding=\"async\" width=\"180\" height=\"180\" src=\"https:\/\/colegioarquitectos.com\/noticias\/wp-content\/uploads\/2021\/11\/unnamed-3-180x180.jpg\" class=\"attachment-thumbnail size-thumbnail\" alt=\"\" \/><\/a>\n\t\t\t<\/dt><\/dl><br style=\"clear: both\" \/><dl class='gallery-item'>\n\t\t\t<dt class='gallery-icon landscape'>\n\t\t\t\t<a href='https:\/\/colegioarquitectos.com\/noticias\/?attachment_id=28073'><img loading=\"lazy\" decoding=\"async\" width=\"180\" height=\"180\" src=\"https:\/\/colegioarquitectos.com\/noticias\/wp-content\/uploads\/2021\/11\/unnamed-4-180x180.jpg\" class=\"attachment-thumbnail size-thumbnail\" alt=\"\" \/><\/a>\n\t\t\t<\/dt><\/dl><dl class='gallery-item'>\n\t\t\t<dt class='gallery-icon portrait'>\n\t\t\t\t<a href='https:\/\/colegioarquitectos.com\/noticias\/?attachment_id=28074'><img loading=\"lazy\" decoding=\"async\" width=\"180\" height=\"180\" src=\"https:\/\/colegioarquitectos.com\/noticias\/wp-content\/uploads\/2021\/11\/unnamed-180x180.jpg\" class=\"attachment-thumbnail size-thumbnail\" alt=\"\" \/><\/a>\n\t\t\t<\/dt><\/dl>\n\t\t\t<br style='clear: both' \/>\n\t\t<\/div>\n\n<p><\/p>","protected":false},"excerpt":{"rendered":"<p>Nuestra Delegaci\u00f3n Zonal Llanquihue, representada por su presidente Sebasti\u00e1n Bruna, fue parte de la inauguraci\u00f3n de la placa de reconocimiento del Premio Aporte Urbano (PAU) en el proyecto \u00abReconstrucci\u00f3n de 3 casas patrimoniales de Puerto Varas\u00bb. La ceremonia se realiz\u00f3 &hellip; <a class=\"more-link\" href=\"https:\/\/colegioarquitectos.com\/noticias\/?p=28068\">ver m\u00e1s<\/a><\/p>","protected":false},"author":4,"featured_media":28069,"comment_status":"closed","ping_status":"closed","sticky":false,"template":"","format":"standard","meta":{"footnotes":""},"categories":[10],"tags":[],"class_list":["post-28068","post","type-post","status-publish","format-standard","has-post-thumbnail","hentry","category-delegaciones-zonales"],"yoast_head":"<!-- This site is optimized with the Yoast SEO plugin v24.2 - https:\/\/yoast.com\/wordpress\/plugins\/seo\/ -->\n<title>Delegaci\u00f3n Zonal Llanquihue participa de la inauguraci\u00f3n de la placa de reconocimiento del Premio PAU en el proyecto \u00abReconstrucci\u00f3n de 3 casas patrimoniales de Puerto Varas\u00bb - COLEGIO DE ARQUITECTOS DE CHILE<\/title>\n<meta name=\"robots\" content=\"index, follow, max-snippet:-1, max-image-preview:large, max-video-preview:-1\" \/>\n<link rel=\"canonical\" href=\"https:\/\/colegioarquitectos.com\/noticias\/?p=28068\" \/>\n<meta property=\"og:locale\" content=\"es_ES\" \/>\n<meta property=\"og:type\" content=\"article\" \/>\n<meta property=\"og:title\" content=\"Delegaci\u00f3n Zonal Llanquihue participa de la inauguraci\u00f3n de la placa de reconocimiento del Premio PAU en el proyecto \u00abReconstrucci\u00f3n de 3 casas patrimoniales de Puerto Varas\u00bb - COLEGIO DE ARQUITECTOS DE CHILE\" \/>\n<meta property=\"og:description\" content=\"Nuestra Delegaci\u00f3n Zonal Llanquihue, representada por su presidente Sebasti\u00e1n Bruna, fue parte de la inauguraci\u00f3n de la placa de reconocimiento del Premio Aporte Urbano (PAU) en el proyecto \u00abReconstrucci\u00f3n de 3 casas patrimoniales de Puerto Varas\u00bb. La ceremonia se realiz\u00f3 &hellip; ver m\u00e1s\" \/>\n<meta property=\"og:url\" content=\"https:\/\/colegioarquitectos.com\/noticias\/?p=28068\" \/>\n<meta property=\"og:site_name\" content=\"COLEGIO DE ARQUITECTOS DE CHILE\" \/>\n<meta property=\"article:publisher\" content=\"https:\/\/facebook.com\/Colegioarq\/\" \/>\n<meta property=\"article:published_time\" content=\"2021-11-17T11:55:53+00:00\" \/>\n<meta property=\"og:image\" content=\"https:\/\/colegioarquitectos.com\/noticias\/wp-content\/uploads\/2021\/11\/Nuevo-proyecto-8.jpg\" \/>\n\t<meta property=\"og:image:width\" content=\"1280\" \/>\n\t<meta property=\"og:image:height\" content=\"720\" \/>\n\t<meta property=\"og:image:type\" content=\"image\/jpeg\" \/>\n<meta name=\"author\" content=\"Colegio de Arquitectos de Chile\" \/>\n<meta name=\"twitter:card\" content=\"summary_large_image\" \/>\n<meta name=\"twitter:creator\" content=\"@colegioarq\" \/>\n<meta name=\"twitter:site\" content=\"@colegioarq\" \/>\n<meta name=\"twitter:label1\" content=\"Escrito por\" \/>\n\t<meta name=\"twitter:data1\" content=\"Colegio de Arquitectos de Chile\" \/>\n\t<meta name=\"twitter:label2\" content=\"Tiempo de lectura\" \/>\n\t<meta name=\"twitter:data2\" content=\"2 minutos\" \/>\n<script type=\"application\/ld+json\" class=\"yoast-schema-graph\">{\"@context\":\"https:\/\/schema.org\",\"@graph\":[{\"@type\":\"Article\",\"@id\":\"https:\/\/colegioarquitectos.com\/noticias\/?p=28068#article\",\"isPartOf\":{\"@id\":\"https:\/\/colegioarquitectos.com\/noticias\/?p=28068\"},\"author\":{\"name\":\"Colegio de Arquitectos de Chile\",\"@id\":\"https:\/\/colegioarquitectos.com\/noticias\/#\/schema\/person\/685cc0aad148303c5608f049af8285ad\"},\"headline\":\"Delegaci\u00f3n Zonal Llanquihue participa de la inauguraci\u00f3n de la placa de reconocimiento del Premio PAU en el proyecto \u00abReconstrucci\u00f3n de 3 casas patrimoniales de Puerto Varas\u00bb\",\"datePublished\":\"2021-11-17T11:55:53+00:00\",\"dateModified\":\"2021-11-17T11:55:53+00:00\",\"mainEntityOfPage\":{\"@id\":\"https:\/\/colegioarquitectos.com\/noticias\/?p=28068\"},\"wordCount\":431,\"publisher\":{\"@id\":\"https:\/\/colegioarquitectos.com\/noticias\/#organization\"},\"image\":{\"@id\":\"https:\/\/colegioarquitectos.com\/noticias\/?p=28068#primaryimage\"},\"thumbnailUrl\":\"https:\/\/colegioarquitectos.com\/noticias\/wp-content\/uploads\/2021\/11\/Nuevo-proyecto-8.jpg\",\"articleSection\":[\"Delegaciones\"],\"inLanguage\":\"es\"},{\"@type\":\"WebPage\",\"@id\":\"https:\/\/colegioarquitectos.com\/noticias\/?p=28068\",\"url\":\"https:\/\/colegioarquitectos.com\/noticias\/?p=28068\",\"name\":\"Delegaci\u00f3n Zonal Llanquihue participa de la inauguraci\u00f3n de la placa de reconocimiento del Premio PAU en el proyecto \u00abReconstrucci\u00f3n de 3 casas patrimoniales de Puerto Varas\u00bb - COLEGIO DE ARQUITECTOS DE CHILE\",\"isPartOf\":{\"@id\":\"https:\/\/colegioarquitectos.com\/noticias\/#website\"},\"primaryImageOfPage\":{\"@id\":\"https:\/\/colegioarquitectos.com\/noticias\/?p=28068#primaryimage\"},\"image\":{\"@id\":\"https:\/\/colegioarquitectos.com\/noticias\/?p=28068#primaryimage\"},\"thumbnailUrl\":\"https:\/\/colegioarquitectos.com\/noticias\/wp-content\/uploads\/2021\/11\/Nuevo-proyecto-8.jpg\",\"datePublished\":\"2021-11-17T11:55:53+00:00\",\"dateModified\":\"2021-11-17T11:55:53+00:00\",\"breadcrumb\":{\"@id\":\"https:\/\/colegioarquitectos.com\/noticias\/?p=28068#breadcrumb\"},\"inLanguage\":\"es\",\"potentialAction\":[{\"@type\":\"ReadAction\",\"target\":[\"https:\/\/colegioarquitectos.com\/noticias\/?p=28068\"]}]},{\"@type\":\"ImageObject\",\"inLanguage\":\"es\",\"@id\":\"https:\/\/colegioarquitectos.com\/noticias\/?p=28068#primaryimage\",\"url\":\"https:\/\/colegioarquitectos.com\/noticias\/wp-content\/uploads\/2021\/11\/Nuevo-proyecto-8.jpg\",\"contentUrl\":\"https:\/\/colegioarquitectos.com\/noticias\/wp-content\/uploads\/2021\/11\/Nuevo-proyecto-8.jpg\",\"width\":1280,\"height\":720},{\"@type\":\"BreadcrumbList\",\"@id\":\"https:\/\/colegioarquitectos.com\/noticias\/?p=28068#breadcrumb\",\"itemListElement\":[{\"@type\":\"ListItem\",\"position\":1,\"name\":\"Portada\",\"item\":\"https:\/\/colegioarquitectos.com\/noticias\"},{\"@type\":\"ListItem\",\"position\":2,\"name\":\"Delegaci\u00f3n Zonal Llanquihue participa de la inauguraci\u00f3n de la placa de reconocimiento del Premio PAU en el proyecto \u00abReconstrucci\u00f3n de 3 casas patrimoniales de Puerto Varas\u00bb\"}]},{\"@type\":\"WebSite\",\"@id\":\"https:\/\/colegioarquitectos.com\/noticias\/#website\",\"url\":\"https:\/\/colegioarquitectos.com\/noticias\/\",\"name\":\"COLEGIO DE ARQUITECTOS DE CHILE\",\"description\":\"\",\"publisher\":{\"@id\":\"https:\/\/colegioarquitectos.com\/noticias\/#organization\"},\"potentialAction\":[{\"@type\":\"SearchAction\",\"target\":{\"@type\":\"EntryPoint\",\"urlTemplate\":\"https:\/\/colegioarquitectos.com\/noticias\/?s={search_term_string}\"},\"query-input\":{\"@type\":\"PropertyValueSpecification\",\"valueRequired\":true,\"valueName\":\"search_term_string\"}}],\"inLanguage\":\"es\"},{\"@type\":\"Organization\",\"@id\":\"https:\/\/colegioarquitectos.com\/noticias\/#organization\",\"name\":\"COLEGIO DE ARQUITECTOS DE CHILE\",\"url\":\"https:\/\/colegioarquitectos.com\/noticias\/\",\"logo\":{\"@type\":\"ImageObject\",\"inLanguage\":\"es\",\"@id\":\"https:\/\/colegioarquitectos.com\/noticias\/#\/schema\/logo\/image\/\",\"url\":\"https:\/\/colegioarquitectos.com\/noticias\/wp-content\/uploads\/2021\/05\/ENCABEZADO-LOGO-CA.jpg\",\"contentUrl\":\"https:\/\/colegioarquitectos.com\/noticias\/wp-content\/uploads\/2021\/05\/ENCABEZADO-LOGO-CA.jpg\",\"width\":690,\"height\":350,\"caption\":\"COLEGIO DE ARQUITECTOS DE CHILE\"},\"image\":{\"@id\":\"https:\/\/colegioarquitectos.com\/noticias\/#\/schema\/logo\/image\/\"},\"sameAs\":[\"https:\/\/facebook.com\/Colegioarq\/\",\"https:\/\/x.com\/colegioarq\",\"https:\/\/instagram.com\/colegioarq\",\"https:\/\/youtube.com\/@ColegiodeArquitectosdeChile\"]},{\"@type\":\"Person\",\"@id\":\"https:\/\/colegioarquitectos.com\/noticias\/#\/schema\/person\/685cc0aad148303c5608f049af8285ad\",\"name\":\"Colegio de Arquitectos de Chile\",\"url\":\"https:\/\/colegioarquitectos.com\/noticias\/?author=4\"}]}<\/script>\n<!-- \/ Yoast SEO plugin. -->","yoast_head_json":{"title":"Delegaci\u00f3n Zonal Llanquihue participa de la inauguraci\u00f3n de la placa de reconocimiento del Premio PAU en el proyecto \u00abReconstrucci\u00f3n de 3 casas patrimoniales de Puerto Varas\u00bb - COLEGIO DE ARQUITECTOS DE CHILE","robots":{"index":"index","follow":"follow","max-snippet":"max-snippet:-1","max-image-preview":"max-image-preview:large","max-video-preview":"max-video-preview:-1"},"canonical":"https:\/\/colegioarquitectos.com\/noticias\/?p=28068","og_locale":"es_ES","og_type":"article","og_title":"Delegaci\u00f3n Zonal Llanquihue participa de la inauguraci\u00f3n de la placa de reconocimiento del Premio PAU en el proyecto \u00abReconstrucci\u00f3n de 3 casas patrimoniales de Puerto Varas\u00bb - COLEGIO DE ARQUITECTOS DE CHILE","og_description":"Nuestra Delegaci\u00f3n Zonal Llanquihue, representada por su presidente Sebasti\u00e1n Bruna, fue parte de la inauguraci\u00f3n de la placa de reconocimiento del Premio Aporte Urbano (PAU) en el proyecto \u00abReconstrucci\u00f3n de 3 casas patrimoniales de Puerto Varas\u00bb. La ceremonia se realiz\u00f3 &hellip; ver m\u00e1s","og_url":"https:\/\/colegioarquitectos.com\/noticias\/?p=28068","og_site_name":"COLEGIO DE ARQUITECTOS DE CHILE","article_publisher":"https:\/\/facebook.com\/Colegioarq\/","article_published_time":"2021-11-17T11:55:53+00:00","og_image":[{"width":1280,"height":720,"url":"https:\/\/colegioarquitectos.com\/noticias\/wp-content\/uploads\/2021\/11\/Nuevo-proyecto-8.jpg","type":"image\/jpeg"}],"author":"Colegio de Arquitectos de Chile","twitter_card":"summary_large_image","twitter_creator":"@colegioarq","twitter_site":"@colegioarq","twitter_misc":{"Escrito por":"Colegio de Arquitectos de Chile","Tiempo de lectura":"2 minutos"},"schema":{"@context":"https:\/\/schema.org","@graph":[{"@type":"Article","@id":"https:\/\/colegioarquitectos.com\/noticias\/?p=28068#article","isPartOf":{"@id":"https:\/\/colegioarquitectos.com\/noticias\/?p=28068"},"author":{"name":"Colegio de Arquitectos de Chile","@id":"https:\/\/colegioarquitectos.com\/noticias\/#\/schema\/person\/685cc0aad148303c5608f049af8285ad"},"headline":"Delegaci\u00f3n Zonal Llanquihue participa de la inauguraci\u00f3n de la placa de reconocimiento del Premio PAU en el proyecto \u00abReconstrucci\u00f3n de 3 casas patrimoniales de Puerto Varas\u00bb","datePublished":"2021-11-17T11:55:53+00:00","dateModified":"2021-11-17T11:55:53+00:00","mainEntityOfPage":{"@id":"https:\/\/colegioarquitectos.com\/noticias\/?p=28068"},"wordCount":431,"publisher":{"@id":"https:\/\/colegioarquitectos.com\/noticias\/#organization"},"image":{"@id":"https:\/\/colegioarquitectos.com\/noticias\/?p=28068#primaryimage"},"thumbnailUrl":"https:\/\/colegioarquitectos.com\/noticias\/wp-content\/uploads\/2021\/11\/Nuevo-proyecto-8.jpg","articleSection":["Delegaciones"],"inLanguage":"es"},{"@type":"WebPage","@id":"https:\/\/colegioarquitectos.com\/noticias\/?p=28068","url":"https:\/\/colegioarquitectos.com\/noticias\/?p=28068","name":"Delegaci\u00f3n Zonal Llanquihue participa de la inauguraci\u00f3n de la placa de reconocimiento del Premio PAU en el proyecto \u00abReconstrucci\u00f3n de 3 casas patrimoniales de Puerto Varas\u00bb - COLEGIO DE ARQUITECTOS DE CHILE","isPartOf":{"@id":"https:\/\/colegioarquitectos.com\/noticias\/#website"},"primaryImageOfPage":{"@id":"https:\/\/colegioarquitectos.com\/noticias\/?p=28068#primaryimage"},"image":{"@id":"https:\/\/colegioarquitectos.com\/noticias\/?p=28068#primaryimage"},"thumbnailUrl":"https:\/\/colegioarquitectos.com\/noticias\/wp-content\/uploads\/2021\/11\/Nuevo-proyecto-8.jpg","datePublished":"2021-11-17T11:55:53+00:00","dateModified":"2021-11-17T11:55:53+00:00","breadcrumb":{"@id":"https:\/\/colegioarquitectos.com\/noticias\/?p=28068#breadcrumb"},"inLanguage":"es","potentialAction":[{"@type":"ReadAction","target":["https:\/\/colegioarquitectos.com\/noticias\/?p=28068"]}]},{"@type":"ImageObject","inLanguage":"es","@id":"https:\/\/colegioarquitectos.com\/noticias\/?p=28068#primaryimage","url":"https:\/\/colegioarquitectos.com\/noticias\/wp-content\/uploads\/2021\/11\/Nuevo-proyecto-8.jpg","contentUrl":"https:\/\/colegioarquitectos.com\/noticias\/wp-content\/uploads\/2021\/11\/Nuevo-proyecto-8.jpg","width":1280,"height":720},{"@type":"BreadcrumbList","@id":"https:\/\/colegioarquitectos.com\/noticias\/?p=28068#breadcrumb","itemListElement":[{"@type":"ListItem","position":1,"name":"Portada","item":"https:\/\/colegioarquitectos.com\/noticias"},{"@type":"ListItem","position":2,"name":"Delegaci\u00f3n Zonal Llanquihue participa de la inauguraci\u00f3n de la placa de reconocimiento del Premio PAU en el proyecto \u00abReconstrucci\u00f3n de 3 casas patrimoniales de Puerto Varas\u00bb"}]},{"@type":"WebSite","@id":"https:\/\/colegioarquitectos.com\/noticias\/#website","url":"https:\/\/colegioarquitectos.com\/noticias\/","name":"COLEGIO DE ARQUITECTOS DE CHILE","description":"","publisher":{"@id":"https:\/\/colegioarquitectos.com\/noticias\/#organization"},"potentialAction":[{"@type":"SearchAction","target":{"@type":"EntryPoint","urlTemplate":"https:\/\/colegioarquitectos.com\/noticias\/?s={search_term_string}"},"query-input":{"@type":"PropertyValueSpecification","valueRequired":true,"valueName":"search_term_string"}}],"inLanguage":"es"},{"@type":"Organization","@id":"https:\/\/colegioarquitectos.com\/noticias\/#organization","name":"COLEGIO DE ARQUITECTOS DE CHILE","url":"https:\/\/colegioarquitectos.com\/noticias\/","logo":{"@type":"ImageObject","inLanguage":"es","@id":"https:\/\/colegioarquitectos.com\/noticias\/#\/schema\/logo\/image\/","url":"https:\/\/colegioarquitectos.com\/noticias\/wp-content\/uploads\/2021\/05\/ENCABEZADO-LOGO-CA.jpg","contentUrl":"https:\/\/colegioarquitectos.com\/noticias\/wp-content\/uploads\/2021\/05\/ENCABEZADO-LOGO-CA.jpg","width":690,"height":350,"caption":"COLEGIO DE ARQUITECTOS DE CHILE"},"image":{"@id":"https:\/\/colegioarquitectos.com\/noticias\/#\/schema\/logo\/image\/"},"sameAs":["https:\/\/facebook.com\/Colegioarq\/","https:\/\/x.com\/colegioarq","https:\/\/instagram.com\/colegioarq","https:\/\/youtube.com\/@ColegiodeArquitectosdeChile"]},{"@type":"Person","@id":"https:\/\/colegioarquitectos.com\/noticias\/#\/schema\/person\/685cc0aad148303c5608f049af8285ad","name":"Colegio de Arquitectos de Chile","url":"https:\/\/colegioarquitectos.com\/noticias\/?author=4"}]}},"_links":{"self":[{"href":"https:\/\/colegioarquitectos.com\/noticias\/index.php?rest_route=\/wp\/v2\/posts\/28068","targetHints":{"allow":["GET"]}}],"collection":[{"href":"https:\/\/colegioarquitectos.com\/noticias\/index.php?rest_route=\/wp\/v2\/posts"}],"about":[{"href":"https:\/\/colegioarquitectos.com\/noticias\/index.php?rest_route=\/wp\/v2\/types\/post"}],"author":[{"embeddable":true,"href":"https:\/\/colegioarquitectos.com\/noticias\/index.php?rest_route=\/wp\/v2\/users\/4"}],"replies":[{"embeddable":true,"href":"https:\/\/colegioarquitectos.com\/noticias\/index.php?rest_route=%2Fwp%2Fv2%2Fcomments&post=28068"}],"version-history":[{"count":0,"href":"https:\/\/colegioarquitectos.com\/noticias\/index.php?rest_route=\/wp\/v2\/posts\/28068\/revisions"}],"wp:featuredmedia":[{"embeddable":true,"href":"https:\/\/colegioarquitectos.com\/noticias\/index.php?rest_route=\/wp\/v2\/media\/28069"}],"wp:attachment":[{"href":"https:\/\/colegioarquitectos.com\/noticias\/index.php?rest_route=%2Fwp%2Fv2%2Fmedia&parent=28068"}],"wp:term":[{"taxonomy":"category","embeddable":true,"href":"https:\/\/colegioarquitectos.com\/noticias\/index.php?rest_route=%2Fwp%2Fv2%2Fcategories&post=28068"},{"taxonomy":"post_tag","embeddable":true,"href":"https:\/\/colegioarquitectos.com\/noticias\/index.php?rest_route=%2Fwp%2Fv2%2Ftags&post=28068"}],"curies":[{"name":"wp","href":"https:\/\/api.w.org\/{rel}","templated":true}]}}