
{"id":28107,"date":"2021-12-01T10:44:42","date_gmt":"2021-12-01T14:44:42","guid":{"rendered":"https:\/\/colegioarquitectos.com\/?p=28107"},"modified":"2021-12-01T10:50:10","modified_gmt":"2021-12-01T14:50:10","slug":"propuesta-que-releva-a-valdivia-como-ciudad-humedal-se-adjudico-concurso-de-diseno-para-biblioteca-regional-archivo-y-deposito-de-colecciones-de-los-rios","status":"publish","type":"post","link":"https:\/\/colegioarquitectos.com\/noticias\/?p=28107","title":{"rendered":"Propuesta que releva a Valdivia como ciudad humedal se adjudic\u00f3 concurso de dise\u00f1o para Biblioteca Regional, Archivo y dep\u00f3sito de Colecciones de Los R\u00edos"},"content":{"rendered":"<p>Bajo el concepto de <strong>Valdivia ciudad humedal<\/strong> y respetando su naturaleza fluvial, la propuesta de <strong>Max N\u00fa\u00f1ez Arquitectos<\/strong> se adjudic\u00f3 el dise\u00f1o de la futura <strong>Biblioteca Regional, Archivo y Dep\u00f3sito Externo de Colecciones de Los R\u00edos<\/strong>, tras el cierre del concurso convocado por el <strong>Ministerio de las Culturas, las Artes y el Patrimonio<\/strong> a trav\u00e9s del <strong>Servicio Nacional del Patrimonio Cultural<\/strong>. La propuesta apunta a dotar a la regi\u00f3n de una infraestructura p\u00fablica cultural, en una superficie aproximada de 8.311 mt2, en pleno barrio Estaci\u00f3n y con conexi\u00f3n hacia la costanera y la plazuela Berl\u00edn en calle Picarte.<\/p>\n<p>\u00abLa nueva Biblioteca, Archivo y Dep\u00f3sito de Colecciones de la Regi\u00f3n de Los R\u00edos no solo ser\u00e1 un espacio para albergar libros y documentos, sino que un gran centro para la cultura, el patrimonio y el pensamiento en un territorio culturalmente muy activo. La propuesta de dise\u00f1o arquitect\u00f3nico de Max N\u00fa\u00f1ez y asociados es realmente un regalo para la comunidad que podr\u00e1 acceder a esta importante obra, pensada en las cualidades y caracter\u00edsticas de la ciudad. Con este proyecto seguimos consolidando el plan nacional de infraestructura patrimonial que nos ha permitido implementar nuevos y mejores inmuebles para el desarrollo cultural a lo largo de todo Chile\u00bb, se\u00f1al\u00f3 la ministra de las Culturas, las Artes y el Patrimonio,<strong> Consuelo Vald\u00e9s<\/strong>.<\/p>\n<p>Para el subsecretario de Patrimonio Cultural, <strong>Emilio De la Cerda<\/strong>, miembro del jurado, \u00abestos edificios construyen ciudad, por tanto, hay una preocupaci\u00f3n enorme de decir c\u00f3mo el edificio no se cierra sobre s\u00ed mismo, sino que le entrega a la ciudad ciertas condiciones espaciales y usos, que la vitalizan incluso cuando el edificio est\u00e1 cerrado\u00bb. \u00abEstamos seguros que este proyecto va a ser un orgullo para Chile y la regi\u00f3n, del cual se va a apropiar la ciudadan\u00eda, un proyecto contempor\u00e1neo que va a sumar valor y que ayuda a consolidar un \u00e1rea cultural y urbana de muy buena forma\u00bb, agreg\u00f3.<\/p>\n<p>En el plano local, la seremi de las Culturas <strong>Gabriela Avenda\u00f1o<\/strong>, tambi\u00e9n participante del jurado, destac\u00f3 la importancia que tiene la construcci\u00f3n de una infraestructura cultural patrimonial de este tipo en la regi\u00f3n, sobre todo por el sector donde se emplazar\u00e1. \u00abQueremos poner en valor lo que corresponde al barrio estaci\u00f3n de Valdivia y contar con un lugar que re\u00fana a la biblioteca, archivo y dep\u00f3sito, que sea una infraestructura abierta a la regi\u00f3n, que hoy d\u00eda no tenemos y que necesitamos\u00bb, enfatiz\u00f3.<\/p>\n<p>Desde el Servicio Nacional del Patrimonio Cultural, su directora regional (s), <strong>Florencia Aninat<\/strong>, destac\u00f3 el camino recorrido para llegar a la etapa actual. \u00abComo Direcci\u00f3n Regional estamos contentos y esperanzados que el proyecto elegido despu\u00e9s de este largo recorrido, tanto en gestiones locales, nacionales, t\u00e9cnicas, pol\u00edticas, finalmente d\u00e9 a luz un proyecto que la ciudadan\u00eda acoja y agradezca como espacio de encuentro y de puesta en valor de nuestro patrimonio\u00bb, sostuvo quien tambi\u00e9n actu\u00f3 como parte del jurado.<\/p>\n<p>&nbsp;<\/p>\n<h4>Ciudad humedal<\/h4>\n<hr \/>\n<p>El equipo ganador est\u00e1 compuesto por los arquitectos <strong>Max N\u00fa\u00f1ez Bancalari<\/strong> y <strong>Stefano Rolla<\/strong>, el ingeniero calculista <strong>Enzo Valladares Pagliotti<\/strong> y las arquitectas paisajistas <strong>Paula Livingstone Ureta<\/strong> y <strong>Javiera Jadue Zahri<\/strong>.<\/p>\n<p>\u00abSobre esta superficie p\u00fablica acuosa el edificio para el BADe de Los R\u00edos se levanta suspendido sobre grandes columnas, entreg\u00e1ndole a la plaza amplias zonas cubiertas, conformando un paseo protegido de las constantes lluvias de la zona, permitiendo su uso durante todo el a\u00f1o y conectando de manera fluida mediante escaleras y rampas p\u00fablicas la Av. Ram\u00f3n Picarte y la Av. Arturo Prat, sin generar espaldas hacia ninguno de sus frentes\u00bb, se lee en la propuesta ganadora.<\/p>\n<p>La intervenci\u00f3n se <strong>plantea liberar lo m\u00e1s posible el sitio en el nivel de la costanera, disminuyendo al m\u00ednimo la huella del edificio en su primer piso, apostando por transformarlo en una plaza humedal<\/strong>, con potencial para convertirse en un espacio p\u00fablico y lugar de encuentro.<\/p>\n<p>\u00abNos ha convocado entregarle a Valdivia un edificio singular que contribuya a su identidad como ciudad y que seguramente va a ser reconocido dentro del imaginario urbano de sus ciudadanos. M\u00e1s que un edificio, una biblioteca, se est\u00e1 entregando una infraestructura relevante que contribuye a elevar la calidad de vida de sus ciudadanos, no solamente desde el uso program\u00e1tico, sino que adem\u00e1s desde el espacio p\u00fablico que aporta a la comunidad\u00bb, dijo el arquitecto <strong>Albert Tidy<\/strong>, integrante del jurado en representaci\u00f3n de los participantes.<\/p>\n<p>El proyecto tambi\u00e9n incorpora una propuesta de paisajismo de \u00e1reas h\u00famedas y secas, donde especies propias de los humedales de la zona, como el <strong>voqui, totora y vatro, y \u00e1rboles y arbustos nativos como el array\u00e1n, hualle y maqui, son los protagonistas<\/strong>. La b\u00fasqueda de la conjunci\u00f3n entre la naturaleza, la cultura, el agua y la ciudad es la m\u00e1xima.<\/p>\n<p>La estructura del conjunto se propone en tres edificios distintos, pero interdependientes: <strong>Torre, Nave y Z\u00f3calo<\/strong>. En el centro del proyecto, m\u00e1s herm\u00e9tico por su vocaci\u00f3n de resguardo, se encuentra la Torre, donde se ubicar\u00edan los Dep\u00f3sitos y Archivos; mientras que la Nave concentrar\u00eda la Biblioteca, cuya estructura elevada tendr\u00eda el objetivo de privilegiar las vistas y proteger el edificio ante eventuales cat\u00e1strofes. Por otro lado, se destacan las fundaciones limpias del edificio, traducidas en apoyos puntuales necesarios para enfrentar un terreno acuoso como es la ribera del r\u00edo Calle-Calle, lo que tambi\u00e9n permite entregar a la ciudad una marquesina que ser\u00e1 capaz de albergar ferias y otras actividades culturales.<\/p>\n<p>El jurado del concurso estuvo compuesto por el subsecretario de Patrimonio Cultural, <strong>Emilio De la Cerda<\/strong>; la seremi de las Culturas, las Artes y el Patrimonio, <strong>Gabriela Avenda\u00f1o<\/strong>; la subdirectora del Sistema Nacional de Bibliotecas P\u00fablicas, <strong>Paula Larra\u00edn<\/strong>; la subdirectora del Sistema Nacional de Archivos, <strong>Emma de Ram\u00f3n<\/strong>; el subdirector Nacional de Museos, <strong>Alan Trampe<\/strong>; el jefe de gabinete del director nacional del Servicio Nacional del Patrimonio Cultural,<strong> Nicol\u00e1s Fern\u00e1ndez<\/strong>; la directora regional del Servicio Nacional del Patrimonio Cultural, <strong>Florencia Aninat<\/strong>; el subdirector nacional de la Direcci\u00f3n de Arquitectura del Ministerio de Obras P\u00fablicas, <strong>Mart\u00edn Urrutia<\/strong> y el director regional de Arquitectura del MOP, <strong>Adolfo Quiroz<\/strong>.<\/p>\n<p>Asimismo, conformaron el jurado como representante del Colegio de Arquitectos, <strong>Agust\u00edn Infante<\/strong>; de la Asociaci\u00f3n de Oficinas de Arquitectos, <strong>Jos\u00e9 Domingo Pe\u00f1afiel<\/strong>; de la Universidad Austral de Chile y como experta local, <strong>Tirza Barr\u00eda<\/strong> y como representante de los y las concursantes, el arquitecto <strong>Albert Tidy<\/strong>.<\/p>\n<p>La direcci\u00f3n del concurso estuvo a cargo de <strong>Gonzalo Valderrama<\/strong> y <strong>Suilan Hau<\/strong>, de la Unidad de Proyectos de Inversi\u00f3n del Servicio Nacional de Patrimonio Cultural.<\/p>\n<p>&nbsp;<\/p>\n<h4>Otros premios<\/h4>\n<hr \/>\n<p>Durante casi una semana el jurado sesion\u00f3 en Valdivia para elegir la propuesta ganadora, instancia donde adem\u00e1s decidi\u00f3 hacer entrega del segundo lugar a los arquitectos M<strong>artin y Jonathan Holmes Harvey<\/strong> y el tercero a la uni\u00f3n temporal de proveedores compuesto por<strong> Ignacio Javier Gonz\u00e1lez Candia, Felipe Westermeier, Crist\u00f3bal Riffo y Rodrigo Fern\u00e1ndez<\/strong>. La \u00fanica menci\u00f3n honrosa fue para el proyecto del equipo compuesto por los arquitectos <strong>Javier Andr\u00e9s Moya Ortiz, Pablo Rojas Bottner y Miguel Acu\u00f1a<\/strong>.<\/p>\n<p>El proyecto ganador recibir\u00e1 un premio de <strong>23 millones de pesos<\/strong>, mientras que el segundo y tercer lugar se adjudicar\u00e1n <strong>4 millones y medio y 3 millones de pesos<\/strong>, respectivamente, a lo que se suma una menci\u00f3n honrosa de <strong>1 mill\u00f3n y medio de pesos<\/strong>.<\/p>\n<p>El equipo autor de la propuesta ganadora tendr\u00e1 la continuidad del desarrollo de la consultor\u00eda de dise\u00f1o del proyecto de arquitectura y especialidades, para lo cual el Ministerio de las Culturas dispone de <strong>$522.670.000<\/strong>. <strong>Esta etapa involucrar\u00e1 un trabajo conjunto entre el Servicio Nacional del Patrimonio Cultural y su Unidad de Proyectos de Inversi\u00f3n como unidad t\u00e9cnica y la Direcci\u00f3n de Arquitectura del Ministerio de Obras P\u00fablicas como asesor t\u00e9cnico<\/strong>.<\/p>\n<p>Un total de <strong>39 propuestas<\/strong> provenientes de Santiago, Valdivia, Concepci\u00f3n, Valpara\u00edso, Talca e Iquique recibi\u00f3 la convocatoria para el dise\u00f1o del edificio dependiente del Servicio Nacional del Patrimonio Cultural.<\/p>\n<p><strong>Todas las propuestas participantes pueden conocerse en la exposici\u00f3n que permanecer\u00e1 abierta hasta el 10 de diciembre en el campus Los Canelos, de la Direcci\u00f3n de Vinculaci\u00f3n con el Medio UACh, en calle Yungay. El horario de visita es de lunes a viernes de 9 a 13 y de 15 a 19 horas. Se requiere pase de movilidad<\/strong>.<\/p>\n<p>&nbsp;<\/p>\n<p><img loading=\"lazy\" decoding=\"async\" class=\"aligncenter size-full wp-image-28108\" src=\"https:\/\/colegioarquitectos.com\/noticias\/wp-content\/uploads\/2021\/12\/EXTERIOR-02_0.jpg\" alt=\"\" width=\"1024\" height=\"576\" srcset=\"https:\/\/colegioarquitectos.com\/noticias\/wp-content\/uploads\/2021\/12\/EXTERIOR-02_0.jpg 1024w, https:\/\/colegioarquitectos.com\/noticias\/wp-content\/uploads\/2021\/12\/EXTERIOR-02_0-300x169.jpg 300w, https:\/\/colegioarquitectos.com\/noticias\/wp-content\/uploads\/2021\/12\/EXTERIOR-02_0-768x432.jpg 768w\" sizes=\"auto, (max-width: 1024px) 100vw, 1024px\" \/><\/p>\n<p><img loading=\"lazy\" decoding=\"async\" class=\"aligncenter size-full wp-image-28109\" src=\"https:\/\/colegioarquitectos.com\/noticias\/wp-content\/uploads\/2021\/12\/INTERIOR-02.jpg\" alt=\"\" width=\"1024\" height=\"576\" srcset=\"https:\/\/colegioarquitectos.com\/noticias\/wp-content\/uploads\/2021\/12\/INTERIOR-02.jpg 1024w, https:\/\/colegioarquitectos.com\/noticias\/wp-content\/uploads\/2021\/12\/INTERIOR-02-300x169.jpg 300w, https:\/\/colegioarquitectos.com\/noticias\/wp-content\/uploads\/2021\/12\/INTERIOR-02-768x432.jpg 768w\" sizes=\"auto, (max-width: 1024px) 100vw, 1024px\" \/><\/p>\n<p><\/p>","protected":false},"excerpt":{"rendered":"<p>Bajo el concepto de Valdivia ciudad humedal y respetando su naturaleza fluvial, la propuesta de Max N\u00fa\u00f1ez Arquitectos se adjudic\u00f3 el dise\u00f1o de la futura Biblioteca Regional, Archivo y Dep\u00f3sito Externo de Colecciones de Los R\u00edos, tras el cierre del &hellip; <a class=\"more-link\" href=\"https:\/\/colegioarquitectos.com\/noticias\/?p=28107\">ver m\u00e1s<\/a><\/p>","protected":false},"author":4,"featured_media":28111,"comment_status":"closed","ping_status":"closed","sticky":false,"template":"","format":"standard","meta":{"footnotes":""},"categories":[3],"tags":[],"class_list":["post-28107","post","type-post","status-publish","format-standard","has-post-thumbnail","hentry","category-noticias"],"yoast_head":"<!-- This site is optimized with the Yoast SEO plugin v24.2 - https:\/\/yoast.com\/wordpress\/plugins\/seo\/ -->\n<title>Propuesta que releva a Valdivia como ciudad humedal se adjudic\u00f3 concurso de dise\u00f1o para Biblioteca Regional, Archivo y dep\u00f3sito de Colecciones de Los R\u00edos - COLEGIO DE ARQUITECTOS DE CHILE<\/title>\n<meta name=\"robots\" content=\"index, follow, max-snippet:-1, max-image-preview:large, max-video-preview:-1\" \/>\n<link rel=\"canonical\" href=\"https:\/\/colegioarquitectos.com\/noticias\/?p=28107\" \/>\n<meta property=\"og:locale\" content=\"es_ES\" \/>\n<meta property=\"og:type\" content=\"article\" \/>\n<meta property=\"og:title\" content=\"Propuesta que releva a Valdivia como ciudad humedal se adjudic\u00f3 concurso de dise\u00f1o para Biblioteca Regional, Archivo y dep\u00f3sito de Colecciones de Los R\u00edos - COLEGIO DE ARQUITECTOS DE CHILE\" \/>\n<meta property=\"og:description\" content=\"Bajo el concepto de Valdivia ciudad humedal y respetando su naturaleza fluvial, la propuesta de Max N\u00fa\u00f1ez Arquitectos se adjudic\u00f3 el dise\u00f1o de la futura Biblioteca Regional, Archivo y Dep\u00f3sito Externo de Colecciones de Los R\u00edos, tras el cierre del &hellip; ver m\u00e1s\" \/>\n<meta property=\"og:url\" content=\"https:\/\/colegioarquitectos.com\/noticias\/?p=28107\" \/>\n<meta property=\"og:site_name\" content=\"COLEGIO DE ARQUITECTOS DE CHILE\" \/>\n<meta property=\"article:publisher\" content=\"https:\/\/facebook.com\/Colegioarq\/\" \/>\n<meta property=\"article:published_time\" content=\"2021-12-01T14:44:42+00:00\" \/>\n<meta property=\"article:modified_time\" content=\"2021-12-01T14:50:10+00:00\" \/>\n<meta property=\"og:image\" content=\"https:\/\/colegioarquitectos.com\/noticias\/wp-content\/uploads\/2021\/12\/Nuevo-proyecto-18.jpg\" \/>\n\t<meta property=\"og:image:width\" content=\"1280\" \/>\n\t<meta property=\"og:image:height\" content=\"720\" \/>\n\t<meta property=\"og:image:type\" content=\"image\/jpeg\" \/>\n<meta name=\"author\" content=\"Colegio de Arquitectos de Chile\" \/>\n<meta name=\"twitter:card\" content=\"summary_large_image\" \/>\n<meta name=\"twitter:creator\" content=\"@colegioarq\" \/>\n<meta name=\"twitter:site\" content=\"@colegioarq\" \/>\n<meta name=\"twitter:label1\" content=\"Escrito por\" \/>\n\t<meta name=\"twitter:data1\" content=\"Colegio de Arquitectos de Chile\" \/>\n\t<meta name=\"twitter:label2\" content=\"Tiempo de lectura\" \/>\n\t<meta name=\"twitter:data2\" content=\"7 minutos\" \/>\n<script type=\"application\/ld+json\" class=\"yoast-schema-graph\">{\"@context\":\"https:\/\/schema.org\",\"@graph\":[{\"@type\":\"Article\",\"@id\":\"https:\/\/colegioarquitectos.com\/noticias\/?p=28107#article\",\"isPartOf\":{\"@id\":\"https:\/\/colegioarquitectos.com\/noticias\/?p=28107\"},\"author\":{\"name\":\"Colegio de Arquitectos de Chile\",\"@id\":\"https:\/\/colegioarquitectos.com\/noticias\/#\/schema\/person\/685cc0aad148303c5608f049af8285ad\"},\"headline\":\"Propuesta que releva a Valdivia como ciudad humedal se adjudic\u00f3 concurso de dise\u00f1o para Biblioteca Regional, Archivo y dep\u00f3sito de Colecciones de Los R\u00edos\",\"datePublished\":\"2021-12-01T14:44:42+00:00\",\"dateModified\":\"2021-12-01T14:50:10+00:00\",\"mainEntityOfPage\":{\"@id\":\"https:\/\/colegioarquitectos.com\/noticias\/?p=28107\"},\"wordCount\":1477,\"publisher\":{\"@id\":\"https:\/\/colegioarquitectos.com\/noticias\/#organization\"},\"image\":{\"@id\":\"https:\/\/colegioarquitectos.com\/noticias\/?p=28107#primaryimage\"},\"thumbnailUrl\":\"https:\/\/colegioarquitectos.com\/noticias\/wp-content\/uploads\/2021\/12\/Nuevo-proyecto-18.jpg\",\"articleSection\":[\"Noticias\"],\"inLanguage\":\"es\"},{\"@type\":\"WebPage\",\"@id\":\"https:\/\/colegioarquitectos.com\/noticias\/?p=28107\",\"url\":\"https:\/\/colegioarquitectos.com\/noticias\/?p=28107\",\"name\":\"Propuesta que releva a Valdivia como ciudad humedal se adjudic\u00f3 concurso de dise\u00f1o para Biblioteca Regional, Archivo y dep\u00f3sito de Colecciones de Los R\u00edos - COLEGIO DE ARQUITECTOS DE CHILE\",\"isPartOf\":{\"@id\":\"https:\/\/colegioarquitectos.com\/noticias\/#website\"},\"primaryImageOfPage\":{\"@id\":\"https:\/\/colegioarquitectos.com\/noticias\/?p=28107#primaryimage\"},\"image\":{\"@id\":\"https:\/\/colegioarquitectos.com\/noticias\/?p=28107#primaryimage\"},\"thumbnailUrl\":\"https:\/\/colegioarquitectos.com\/noticias\/wp-content\/uploads\/2021\/12\/Nuevo-proyecto-18.jpg\",\"datePublished\":\"2021-12-01T14:44:42+00:00\",\"dateModified\":\"2021-12-01T14:50:10+00:00\",\"breadcrumb\":{\"@id\":\"https:\/\/colegioarquitectos.com\/noticias\/?p=28107#breadcrumb\"},\"inLanguage\":\"es\",\"potentialAction\":[{\"@type\":\"ReadAction\",\"target\":[\"https:\/\/colegioarquitectos.com\/noticias\/?p=28107\"]}]},{\"@type\":\"ImageObject\",\"inLanguage\":\"es\",\"@id\":\"https:\/\/colegioarquitectos.com\/noticias\/?p=28107#primaryimage\",\"url\":\"https:\/\/colegioarquitectos.com\/noticias\/wp-content\/uploads\/2021\/12\/Nuevo-proyecto-18.jpg\",\"contentUrl\":\"https:\/\/colegioarquitectos.com\/noticias\/wp-content\/uploads\/2021\/12\/Nuevo-proyecto-18.jpg\",\"width\":1280,\"height\":720},{\"@type\":\"BreadcrumbList\",\"@id\":\"https:\/\/colegioarquitectos.com\/noticias\/?p=28107#breadcrumb\",\"itemListElement\":[{\"@type\":\"ListItem\",\"position\":1,\"name\":\"Portada\",\"item\":\"https:\/\/colegioarquitectos.com\/noticias\"},{\"@type\":\"ListItem\",\"position\":2,\"name\":\"Propuesta que releva a Valdivia como ciudad humedal se adjudic\u00f3 concurso de dise\u00f1o para Biblioteca Regional, Archivo y dep\u00f3sito de Colecciones de Los R\u00edos\"}]},{\"@type\":\"WebSite\",\"@id\":\"https:\/\/colegioarquitectos.com\/noticias\/#website\",\"url\":\"https:\/\/colegioarquitectos.com\/noticias\/\",\"name\":\"COLEGIO DE ARQUITECTOS DE CHILE\",\"description\":\"\",\"publisher\":{\"@id\":\"https:\/\/colegioarquitectos.com\/noticias\/#organization\"},\"potentialAction\":[{\"@type\":\"SearchAction\",\"target\":{\"@type\":\"EntryPoint\",\"urlTemplate\":\"https:\/\/colegioarquitectos.com\/noticias\/?s={search_term_string}\"},\"query-input\":{\"@type\":\"PropertyValueSpecification\",\"valueRequired\":true,\"valueName\":\"search_term_string\"}}],\"inLanguage\":\"es\"},{\"@type\":\"Organization\",\"@id\":\"https:\/\/colegioarquitectos.com\/noticias\/#organization\",\"name\":\"COLEGIO DE ARQUITECTOS DE CHILE\",\"url\":\"https:\/\/colegioarquitectos.com\/noticias\/\",\"logo\":{\"@type\":\"ImageObject\",\"inLanguage\":\"es\",\"@id\":\"https:\/\/colegioarquitectos.com\/noticias\/#\/schema\/logo\/image\/\",\"url\":\"https:\/\/colegioarquitectos.com\/noticias\/wp-content\/uploads\/2021\/05\/ENCABEZADO-LOGO-CA.jpg\",\"contentUrl\":\"https:\/\/colegioarquitectos.com\/noticias\/wp-content\/uploads\/2021\/05\/ENCABEZADO-LOGO-CA.jpg\",\"width\":690,\"height\":350,\"caption\":\"COLEGIO DE ARQUITECTOS DE CHILE\"},\"image\":{\"@id\":\"https:\/\/colegioarquitectos.com\/noticias\/#\/schema\/logo\/image\/\"},\"sameAs\":[\"https:\/\/facebook.com\/Colegioarq\/\",\"https:\/\/x.com\/colegioarq\",\"https:\/\/instagram.com\/colegioarq\",\"https:\/\/youtube.com\/@ColegiodeArquitectosdeChile\"]},{\"@type\":\"Person\",\"@id\":\"https:\/\/colegioarquitectos.com\/noticias\/#\/schema\/person\/685cc0aad148303c5608f049af8285ad\",\"name\":\"Colegio de Arquitectos de Chile\",\"url\":\"https:\/\/colegioarquitectos.com\/noticias\/?author=4\"}]}<\/script>\n<!-- \/ Yoast SEO plugin. -->","yoast_head_json":{"title":"Propuesta que releva a Valdivia como ciudad humedal se adjudic\u00f3 concurso de dise\u00f1o para Biblioteca Regional, Archivo y dep\u00f3sito de Colecciones de Los R\u00edos - COLEGIO DE ARQUITECTOS DE CHILE","robots":{"index":"index","follow":"follow","max-snippet":"max-snippet:-1","max-image-preview":"max-image-preview:large","max-video-preview":"max-video-preview:-1"},"canonical":"https:\/\/colegioarquitectos.com\/noticias\/?p=28107","og_locale":"es_ES","og_type":"article","og_title":"Propuesta que releva a Valdivia como ciudad humedal se adjudic\u00f3 concurso de dise\u00f1o para Biblioteca Regional, Archivo y dep\u00f3sito de Colecciones de Los R\u00edos - COLEGIO DE ARQUITECTOS DE CHILE","og_description":"Bajo el concepto de Valdivia ciudad humedal y respetando su naturaleza fluvial, la propuesta de Max N\u00fa\u00f1ez Arquitectos se adjudic\u00f3 el dise\u00f1o de la futura Biblioteca Regional, Archivo y Dep\u00f3sito Externo de Colecciones de Los R\u00edos, tras el cierre del &hellip; ver m\u00e1s","og_url":"https:\/\/colegioarquitectos.com\/noticias\/?p=28107","og_site_name":"COLEGIO DE ARQUITECTOS DE CHILE","article_publisher":"https:\/\/facebook.com\/Colegioarq\/","article_published_time":"2021-12-01T14:44:42+00:00","article_modified_time":"2021-12-01T14:50:10+00:00","og_image":[{"width":1280,"height":720,"url":"https:\/\/colegioarquitectos.com\/noticias\/wp-content\/uploads\/2021\/12\/Nuevo-proyecto-18.jpg","type":"image\/jpeg"}],"author":"Colegio de Arquitectos de Chile","twitter_card":"summary_large_image","twitter_creator":"@colegioarq","twitter_site":"@colegioarq","twitter_misc":{"Escrito por":"Colegio de Arquitectos de Chile","Tiempo de lectura":"7 minutos"},"schema":{"@context":"https:\/\/schema.org","@graph":[{"@type":"Article","@id":"https:\/\/colegioarquitectos.com\/noticias\/?p=28107#article","isPartOf":{"@id":"https:\/\/colegioarquitectos.com\/noticias\/?p=28107"},"author":{"name":"Colegio de Arquitectos de Chile","@id":"https:\/\/colegioarquitectos.com\/noticias\/#\/schema\/person\/685cc0aad148303c5608f049af8285ad"},"headline":"Propuesta que releva a Valdivia como ciudad humedal se adjudic\u00f3 concurso de dise\u00f1o para Biblioteca Regional, Archivo y dep\u00f3sito de Colecciones de Los R\u00edos","datePublished":"2021-12-01T14:44:42+00:00","dateModified":"2021-12-01T14:50:10+00:00","mainEntityOfPage":{"@id":"https:\/\/colegioarquitectos.com\/noticias\/?p=28107"},"wordCount":1477,"publisher":{"@id":"https:\/\/colegioarquitectos.com\/noticias\/#organization"},"image":{"@id":"https:\/\/colegioarquitectos.com\/noticias\/?p=28107#primaryimage"},"thumbnailUrl":"https:\/\/colegioarquitectos.com\/noticias\/wp-content\/uploads\/2021\/12\/Nuevo-proyecto-18.jpg","articleSection":["Noticias"],"inLanguage":"es"},{"@type":"WebPage","@id":"https:\/\/colegioarquitectos.com\/noticias\/?p=28107","url":"https:\/\/colegioarquitectos.com\/noticias\/?p=28107","name":"Propuesta que releva a Valdivia como ciudad humedal se adjudic\u00f3 concurso de dise\u00f1o para Biblioteca Regional, Archivo y dep\u00f3sito de Colecciones de Los R\u00edos - COLEGIO DE ARQUITECTOS DE CHILE","isPartOf":{"@id":"https:\/\/colegioarquitectos.com\/noticias\/#website"},"primaryImageOfPage":{"@id":"https:\/\/colegioarquitectos.com\/noticias\/?p=28107#primaryimage"},"image":{"@id":"https:\/\/colegioarquitectos.com\/noticias\/?p=28107#primaryimage"},"thumbnailUrl":"https:\/\/colegioarquitectos.com\/noticias\/wp-content\/uploads\/2021\/12\/Nuevo-proyecto-18.jpg","datePublished":"2021-12-01T14:44:42+00:00","dateModified":"2021-12-01T14:50:10+00:00","breadcrumb":{"@id":"https:\/\/colegioarquitectos.com\/noticias\/?p=28107#breadcrumb"},"inLanguage":"es","potentialAction":[{"@type":"ReadAction","target":["https:\/\/colegioarquitectos.com\/noticias\/?p=28107"]}]},{"@type":"ImageObject","inLanguage":"es","@id":"https:\/\/colegioarquitectos.com\/noticias\/?p=28107#primaryimage","url":"https:\/\/colegioarquitectos.com\/noticias\/wp-content\/uploads\/2021\/12\/Nuevo-proyecto-18.jpg","contentUrl":"https:\/\/colegioarquitectos.com\/noticias\/wp-content\/uploads\/2021\/12\/Nuevo-proyecto-18.jpg","width":1280,"height":720},{"@type":"BreadcrumbList","@id":"https:\/\/colegioarquitectos.com\/noticias\/?p=28107#breadcrumb","itemListElement":[{"@type":"ListItem","position":1,"name":"Portada","item":"https:\/\/colegioarquitectos.com\/noticias"},{"@type":"ListItem","position":2,"name":"Propuesta que releva a Valdivia como ciudad humedal se adjudic\u00f3 concurso de dise\u00f1o para Biblioteca Regional, Archivo y dep\u00f3sito de Colecciones de Los R\u00edos"}]},{"@type":"WebSite","@id":"https:\/\/colegioarquitectos.com\/noticias\/#website","url":"https:\/\/colegioarquitectos.com\/noticias\/","name":"COLEGIO DE ARQUITECTOS DE CHILE","description":"","publisher":{"@id":"https:\/\/colegioarquitectos.com\/noticias\/#organization"},"potentialAction":[{"@type":"SearchAction","target":{"@type":"EntryPoint","urlTemplate":"https:\/\/colegioarquitectos.com\/noticias\/?s={search_term_string}"},"query-input":{"@type":"PropertyValueSpecification","valueRequired":true,"valueName":"search_term_string"}}],"inLanguage":"es"},{"@type":"Organization","@id":"https:\/\/colegioarquitectos.com\/noticias\/#organization","name":"COLEGIO DE ARQUITECTOS DE CHILE","url":"https:\/\/colegioarquitectos.com\/noticias\/","logo":{"@type":"ImageObject","inLanguage":"es","@id":"https:\/\/colegioarquitectos.com\/noticias\/#\/schema\/logo\/image\/","url":"https:\/\/colegioarquitectos.com\/noticias\/wp-content\/uploads\/2021\/05\/ENCABEZADO-LOGO-CA.jpg","contentUrl":"https:\/\/colegioarquitectos.com\/noticias\/wp-content\/uploads\/2021\/05\/ENCABEZADO-LOGO-CA.jpg","width":690,"height":350,"caption":"COLEGIO DE ARQUITECTOS DE CHILE"},"image":{"@id":"https:\/\/colegioarquitectos.com\/noticias\/#\/schema\/logo\/image\/"},"sameAs":["https:\/\/facebook.com\/Colegioarq\/","https:\/\/x.com\/colegioarq","https:\/\/instagram.com\/colegioarq","https:\/\/youtube.com\/@ColegiodeArquitectosdeChile"]},{"@type":"Person","@id":"https:\/\/colegioarquitectos.com\/noticias\/#\/schema\/person\/685cc0aad148303c5608f049af8285ad","name":"Colegio de Arquitectos de Chile","url":"https:\/\/colegioarquitectos.com\/noticias\/?author=4"}]}},"_links":{"self":[{"href":"https:\/\/colegioarquitectos.com\/noticias\/index.php?rest_route=\/wp\/v2\/posts\/28107","targetHints":{"allow":["GET"]}}],"collection":[{"href":"https:\/\/colegioarquitectos.com\/noticias\/index.php?rest_route=\/wp\/v2\/posts"}],"about":[{"href":"https:\/\/colegioarquitectos.com\/noticias\/index.php?rest_route=\/wp\/v2\/types\/post"}],"author":[{"embeddable":true,"href":"https:\/\/colegioarquitectos.com\/noticias\/index.php?rest_route=\/wp\/v2\/users\/4"}],"replies":[{"embeddable":true,"href":"https:\/\/colegioarquitectos.com\/noticias\/index.php?rest_route=%2Fwp%2Fv2%2Fcomments&post=28107"}],"version-history":[{"count":0,"href":"https:\/\/colegioarquitectos.com\/noticias\/index.php?rest_route=\/wp\/v2\/posts\/28107\/revisions"}],"wp:featuredmedia":[{"embeddable":true,"href":"https:\/\/colegioarquitectos.com\/noticias\/index.php?rest_route=\/wp\/v2\/media\/28111"}],"wp:attachment":[{"href":"https:\/\/colegioarquitectos.com\/noticias\/index.php?rest_route=%2Fwp%2Fv2%2Fmedia&parent=28107"}],"wp:term":[{"taxonomy":"category","embeddable":true,"href":"https:\/\/colegioarquitectos.com\/noticias\/index.php?rest_route=%2Fwp%2Fv2%2Fcategories&post=28107"},{"taxonomy":"post_tag","embeddable":true,"href":"https:\/\/colegioarquitectos.com\/noticias\/index.php?rest_route=%2Fwp%2Fv2%2Ftags&post=28107"}],"curies":[{"name":"wp","href":"https:\/\/api.w.org\/{rel}","templated":true}]}}