
{"id":28185,"date":"2021-12-28T16:45:21","date_gmt":"2021-12-28T20:45:21","guid":{"rendered":"https:\/\/colegioarquitectos.com\/?p=28185"},"modified":"2021-12-30T15:08:19","modified_gmt":"2021-12-30T19:08:19","slug":"colegio-de-arquitectos-de-chile-y-el-ministerio-de-las-culturas-las-artes-y-el-patrimonio-anuncian-los-resultados-del-concurso-de-ideas-para-las-muestras-de-la-xxii-bienal-de-arquitectura-y-urbanismo","status":"publish","type":"post","link":"https:\/\/colegioarquitectos.com\/noticias\/?p=28185","title":{"rendered":"Colegio de Arquitectos de Chile y el Ministerio de las Culturas, las Artes y el Patrimonio anuncian los resultados del concurso de ideas para las muestras de la XXII Bienal de Arquitectura y Urbanismo de Chile 2022"},"content":{"rendered":"<p>La <strong>Bienal de Arquitectura y Urbanismo de Chile<\/strong> ha sido realizada por el <strong>Colegio de Arquitectos de Chile (CA)<\/strong> desde <strong>1977<\/strong>, realizando hasta la fecha veintiuna ediciones, y en esta nueva edici\u00f3n se realizar\u00e1 por primera vez en conjunto con el <strong>Ministerio de las Culturas, las Artes y el Patrimonio<\/strong>; <strong>protegiendo y manteniendo la Bienal como parte del patrimonio del CA<\/strong>.<\/p>\n<p>El <strong>Colegio de Arquitectos de Chile<\/strong> y el <strong>Ministerio de las Culturas, las Artes y el Patrimonio<\/strong>, a trav\u00e9s de su <strong>\u00c1rea de Arquitectura<\/strong>, anuncian los resultados del concurso de ideas para para las muestras de la <strong>XXII Bienal de Arquitectura y Urbanismo de Chile<\/strong>. El llamado de esta nueva edici\u00f3n de la bienal chilena propone \u00abreflexionar e imaginar el potencial de la arquitectura y el urbanismo para plantear preguntas sobre nuestras formas de vida en tiempos de cambio y transformaci\u00f3n. Relevando especialmente la importancia de la creatividad e imaginaci\u00f3n en la pr\u00e1ctica y el proyecto en los \u00e1mbitos de la arquitectura y urbanismo \u2014entendidos en su dimensi\u00f3n cultural\u2014 buscamos abrir nuevos espacios de reflexi\u00f3n sobre las transformaciones culturales, sociales y tecnol\u00f3gicas en una suerte de cambio de era que se viene, y las lecciones aprendidas de la crisis social y sanitaria\u00bb.<\/p>\n<div id=\"attachment_28187\" style=\"width: 2446px\" class=\"wp-caption aligncenter\"><img loading=\"lazy\" decoding=\"async\" aria-describedby=\"caption-attachment-28187\" class=\"size-full wp-image-28187\" src=\"https:\/\/colegioarquitectos.com\/noticias\/wp-content\/uploads\/2021\/12\/IMG_4848.jpg\" alt=\"\" width=\"2436\" height=\"1125\" srcset=\"https:\/\/colegioarquitectos.com\/noticias\/wp-content\/uploads\/2021\/12\/IMG_4848.jpg 2436w, https:\/\/colegioarquitectos.com\/noticias\/wp-content\/uploads\/2021\/12\/IMG_4848-300x139.jpg 300w, https:\/\/colegioarquitectos.com\/noticias\/wp-content\/uploads\/2021\/12\/IMG_4848-768x355.jpg 768w, https:\/\/colegioarquitectos.com\/noticias\/wp-content\/uploads\/2021\/12\/IMG_4848-1024x473.jpg 1024w\" sizes=\"auto, (max-width: 2436px) 100vw, 2436px\" \/><p id=\"caption-attachment-28187\" class=\"wp-caption-text\">Integrantes del jurado y del equipo organizador del concurso de ideas para la XXII Bienal de Arquitectura y Urbanismo de Chile.<br \/>Loreto Lyon, directora de Actividades del Colegio de Arquitectos de Chile, Enrique Walker, Alejandra Celed\u00f3n, Mario Marchant, Jadille Baza, presidenta nacional del Colegio de Arquitectos de Chile, Juan Pablo Urrutia, Jeannette Plaut, Smiljan Radic y Crist\u00f3bal Molina, coordinador del \u00c1rea de Arquitectura del Ministerio de las Culturas, las Artes y el Patrimonio.<\/p><\/div>\n<p>El jurado compuesto por <strong>Jadille Baza<\/strong>, <strong>Alejandra Celed\u00f3n<\/strong>, <strong>Loreto Lyon<\/strong>,\u00a0<strong>Mario Marchant<\/strong>, <strong>Crist\u00f3bal Molina<\/strong>,\u00a0<strong>Jeannette Plaut<\/strong>, <strong>Smiljan Radic<\/strong>, <strong>Juan Pablo Urrutia<\/strong> y <strong>Enrique Walker<\/strong> determin\u00f3 la selecci\u00f3n de dos propuestas de exposiciones, realizadas respectivamente por <strong>Jean Araya Gladinier<\/strong>, y por <strong>Gonzalo Mu\u00f1oz Guerrero<\/strong>, junto a<strong> Low Estudio<\/strong>.<\/p>\n<p>A juicio del jurado, la primera muestra seleccionada titulada <strong>\u00abBienal\u00bb<\/strong>, cuyo responsable es <strong>Jean Araya Gladinier<\/strong>, desarrolla a partir de un objeto cotidiano, simple y m\u00faltiple las posibilidades de reagrupaci\u00f3n que estos permiten en un espacio libre. <strong>La propuesta celebra la posibilidad de volver a reunirse y promueve instancias de conversaci\u00f3n en tiempos de cambio y transformaci\u00f3n en concordancia con el llamado de la bienal<\/strong>.<\/p>\n<p>El jurado adem\u00e1s premi\u00f3 la muestra titulada <strong>\u00abM\u00e1s ac\u00e1 del espejo\u00bb<\/strong>, cuyo responsable es <strong>Gonzalo Mu\u00f1oz Guerrero<\/strong>\u00a0junto a<strong> Low Estudio<\/strong>, por explorar distintas maneras de mirar y exhibir la arquitectura en tiempos de incertidumbre. <strong>La propuesta retoma discusiones disciplinares sobre la perspectiva y de c\u00f3mo los artefactos se ven para encontrar nuevas formas de mirar y proyectar el futuro<\/strong>.<\/p>\n<p>Por \u00faltimo, el jurado determin\u00f3 entregar tres menciones honrosas, correspondientes a las entregas de <strong>Miguel Acu\u00f1a San Juan<\/strong>, <strong>Diego Miranda Montero<\/strong> y <strong>Pablo Altikes Pinilla<\/strong>.<\/p>\n<p>&nbsp;<\/p>\n<p><\/p>","protected":false},"excerpt":{"rendered":"<p>La Bienal de Arquitectura y Urbanismo de Chile ha sido realizada por el Colegio de Arquitectos de Chile (CA) desde 1977, realizando hasta la fecha veintiuna ediciones, y en esta nueva edici\u00f3n se realizar\u00e1 por primera vez en conjunto con &hellip; <a class=\"more-link\" href=\"https:\/\/colegioarquitectos.com\/noticias\/?p=28185\">ver m\u00e1s<\/a><\/p>","protected":false},"author":4,"featured_media":28127,"comment_status":"closed","ping_status":"closed","sticky":false,"template":"","format":"standard","meta":{"footnotes":""},"categories":[59],"tags":[],"class_list":["post-28185","post","type-post","status-publish","format-standard","has-post-thumbnail","hentry","category-bienal"],"yoast_head":"<!-- This site is optimized with the Yoast SEO plugin v24.2 - https:\/\/yoast.com\/wordpress\/plugins\/seo\/ -->\n<title>Colegio de Arquitectos de Chile y el Ministerio de las Culturas, las Artes y el Patrimonio anuncian los resultados del concurso de ideas para las muestras de la XXII Bienal de Arquitectura y Urbanismo de Chile 2022 - COLEGIO DE ARQUITECTOS DE CHILE<\/title>\n<meta name=\"robots\" content=\"index, follow, max-snippet:-1, max-image-preview:large, max-video-preview:-1\" \/>\n<link rel=\"canonical\" href=\"https:\/\/colegioarquitectos.com\/noticias\/?p=28185\" \/>\n<meta property=\"og:locale\" content=\"es_ES\" \/>\n<meta property=\"og:type\" content=\"article\" \/>\n<meta property=\"og:title\" content=\"Colegio de Arquitectos de Chile y el Ministerio de las Culturas, las Artes y el Patrimonio anuncian los resultados del concurso de ideas para las muestras de la XXII Bienal de Arquitectura y Urbanismo de Chile 2022 - COLEGIO DE ARQUITECTOS DE CHILE\" \/>\n<meta property=\"og:description\" content=\"La Bienal de Arquitectura y Urbanismo de Chile ha sido realizada por el Colegio de Arquitectos de Chile (CA) desde 1977, realizando hasta la fecha veintiuna ediciones, y en esta nueva edici\u00f3n se realizar\u00e1 por primera vez en conjunto con &hellip; ver m\u00e1s\" \/>\n<meta property=\"og:url\" content=\"https:\/\/colegioarquitectos.com\/noticias\/?p=28185\" \/>\n<meta property=\"og:site_name\" content=\"COLEGIO DE ARQUITECTOS DE CHILE\" \/>\n<meta property=\"article:publisher\" content=\"https:\/\/facebook.com\/Colegioarq\/\" \/>\n<meta property=\"article:published_time\" content=\"2021-12-28T20:45:21+00:00\" \/>\n<meta property=\"article:modified_time\" content=\"2021-12-30T19:08:19+00:00\" \/>\n<meta property=\"og:image\" content=\"https:\/\/colegioarquitectos.com\/noticias\/wp-content\/uploads\/2021\/12\/bienal-convenio-destacado-web-1.png\" \/>\n\t<meta property=\"og:image:width\" content=\"1280\" \/>\n\t<meta property=\"og:image:height\" content=\"720\" \/>\n\t<meta property=\"og:image:type\" content=\"image\/png\" \/>\n<meta name=\"author\" content=\"Colegio de Arquitectos de Chile\" \/>\n<meta name=\"twitter:card\" content=\"summary_large_image\" \/>\n<meta name=\"twitter:creator\" content=\"@colegioarq\" \/>\n<meta name=\"twitter:site\" content=\"@colegioarq\" \/>\n<meta name=\"twitter:label1\" content=\"Escrito por\" \/>\n\t<meta name=\"twitter:data1\" content=\"Colegio de Arquitectos de Chile\" \/>\n\t<meta name=\"twitter:label2\" content=\"Tiempo de lectura\" \/>\n\t<meta name=\"twitter:data2\" content=\"3 minutos\" \/>\n<script type=\"application\/ld+json\" class=\"yoast-schema-graph\">{\"@context\":\"https:\/\/schema.org\",\"@graph\":[{\"@type\":\"Article\",\"@id\":\"https:\/\/colegioarquitectos.com\/noticias\/?p=28185#article\",\"isPartOf\":{\"@id\":\"https:\/\/colegioarquitectos.com\/noticias\/?p=28185\"},\"author\":{\"name\":\"Colegio de Arquitectos de Chile\",\"@id\":\"https:\/\/colegioarquitectos.com\/noticias\/#\/schema\/person\/685cc0aad148303c5608f049af8285ad\"},\"headline\":\"Colegio de Arquitectos de Chile y el Ministerio de las Culturas, las Artes y el Patrimonio anuncian los resultados del concurso de ideas para las muestras de la XXII Bienal de Arquitectura y Urbanismo de Chile 2022\",\"datePublished\":\"2021-12-28T20:45:21+00:00\",\"dateModified\":\"2021-12-30T19:08:19+00:00\",\"mainEntityOfPage\":{\"@id\":\"https:\/\/colegioarquitectos.com\/noticias\/?p=28185\"},\"wordCount\":540,\"publisher\":{\"@id\":\"https:\/\/colegioarquitectos.com\/noticias\/#organization\"},\"image\":{\"@id\":\"https:\/\/colegioarquitectos.com\/noticias\/?p=28185#primaryimage\"},\"thumbnailUrl\":\"https:\/\/colegioarquitectos.com\/noticias\/wp-content\/uploads\/2021\/12\/bienal-convenio-destacado-web-1.png\",\"articleSection\":[\"Bienal\"],\"inLanguage\":\"es\"},{\"@type\":\"WebPage\",\"@id\":\"https:\/\/colegioarquitectos.com\/noticias\/?p=28185\",\"url\":\"https:\/\/colegioarquitectos.com\/noticias\/?p=28185\",\"name\":\"Colegio de Arquitectos de Chile y el Ministerio de las Culturas, las Artes y el Patrimonio anuncian los resultados del concurso de ideas para las muestras de la XXII Bienal de Arquitectura y Urbanismo de Chile 2022 - COLEGIO DE ARQUITECTOS DE CHILE\",\"isPartOf\":{\"@id\":\"https:\/\/colegioarquitectos.com\/noticias\/#website\"},\"primaryImageOfPage\":{\"@id\":\"https:\/\/colegioarquitectos.com\/noticias\/?p=28185#primaryimage\"},\"image\":{\"@id\":\"https:\/\/colegioarquitectos.com\/noticias\/?p=28185#primaryimage\"},\"thumbnailUrl\":\"https:\/\/colegioarquitectos.com\/noticias\/wp-content\/uploads\/2021\/12\/bienal-convenio-destacado-web-1.png\",\"datePublished\":\"2021-12-28T20:45:21+00:00\",\"dateModified\":\"2021-12-30T19:08:19+00:00\",\"breadcrumb\":{\"@id\":\"https:\/\/colegioarquitectos.com\/noticias\/?p=28185#breadcrumb\"},\"inLanguage\":\"es\",\"potentialAction\":[{\"@type\":\"ReadAction\",\"target\":[\"https:\/\/colegioarquitectos.com\/noticias\/?p=28185\"]}]},{\"@type\":\"ImageObject\",\"inLanguage\":\"es\",\"@id\":\"https:\/\/colegioarquitectos.com\/noticias\/?p=28185#primaryimage\",\"url\":\"https:\/\/colegioarquitectos.com\/noticias\/wp-content\/uploads\/2021\/12\/bienal-convenio-destacado-web-1.png\",\"contentUrl\":\"https:\/\/colegioarquitectos.com\/noticias\/wp-content\/uploads\/2021\/12\/bienal-convenio-destacado-web-1.png\",\"width\":1280,\"height\":720},{\"@type\":\"BreadcrumbList\",\"@id\":\"https:\/\/colegioarquitectos.com\/noticias\/?p=28185#breadcrumb\",\"itemListElement\":[{\"@type\":\"ListItem\",\"position\":1,\"name\":\"Portada\",\"item\":\"https:\/\/colegioarquitectos.com\/noticias\"},{\"@type\":\"ListItem\",\"position\":2,\"name\":\"Colegio de Arquitectos de Chile y el Ministerio de las Culturas, las Artes y el Patrimonio anuncian los resultados del concurso de ideas para las muestras de la XXII Bienal de Arquitectura y Urbanismo de Chile 2022\"}]},{\"@type\":\"WebSite\",\"@id\":\"https:\/\/colegioarquitectos.com\/noticias\/#website\",\"url\":\"https:\/\/colegioarquitectos.com\/noticias\/\",\"name\":\"COLEGIO DE ARQUITECTOS DE CHILE\",\"description\":\"\",\"publisher\":{\"@id\":\"https:\/\/colegioarquitectos.com\/noticias\/#organization\"},\"potentialAction\":[{\"@type\":\"SearchAction\",\"target\":{\"@type\":\"EntryPoint\",\"urlTemplate\":\"https:\/\/colegioarquitectos.com\/noticias\/?s={search_term_string}\"},\"query-input\":{\"@type\":\"PropertyValueSpecification\",\"valueRequired\":true,\"valueName\":\"search_term_string\"}}],\"inLanguage\":\"es\"},{\"@type\":\"Organization\",\"@id\":\"https:\/\/colegioarquitectos.com\/noticias\/#organization\",\"name\":\"COLEGIO DE ARQUITECTOS DE CHILE\",\"url\":\"https:\/\/colegioarquitectos.com\/noticias\/\",\"logo\":{\"@type\":\"ImageObject\",\"inLanguage\":\"es\",\"@id\":\"https:\/\/colegioarquitectos.com\/noticias\/#\/schema\/logo\/image\/\",\"url\":\"https:\/\/colegioarquitectos.com\/noticias\/wp-content\/uploads\/2021\/05\/ENCABEZADO-LOGO-CA.jpg\",\"contentUrl\":\"https:\/\/colegioarquitectos.com\/noticias\/wp-content\/uploads\/2021\/05\/ENCABEZADO-LOGO-CA.jpg\",\"width\":690,\"height\":350,\"caption\":\"COLEGIO DE ARQUITECTOS DE CHILE\"},\"image\":{\"@id\":\"https:\/\/colegioarquitectos.com\/noticias\/#\/schema\/logo\/image\/\"},\"sameAs\":[\"https:\/\/facebook.com\/Colegioarq\/\",\"https:\/\/x.com\/colegioarq\",\"https:\/\/instagram.com\/colegioarq\",\"https:\/\/youtube.com\/@ColegiodeArquitectosdeChile\"]},{\"@type\":\"Person\",\"@id\":\"https:\/\/colegioarquitectos.com\/noticias\/#\/schema\/person\/685cc0aad148303c5608f049af8285ad\",\"name\":\"Colegio de Arquitectos de Chile\",\"url\":\"https:\/\/colegioarquitectos.com\/noticias\/?author=4\"}]}<\/script>\n<!-- \/ Yoast SEO plugin. -->","yoast_head_json":{"title":"Colegio de Arquitectos de Chile y el Ministerio de las Culturas, las Artes y el Patrimonio anuncian los resultados del concurso de ideas para las muestras de la XXII Bienal de Arquitectura y Urbanismo de Chile 2022 - COLEGIO DE ARQUITECTOS DE CHILE","robots":{"index":"index","follow":"follow","max-snippet":"max-snippet:-1","max-image-preview":"max-image-preview:large","max-video-preview":"max-video-preview:-1"},"canonical":"https:\/\/colegioarquitectos.com\/noticias\/?p=28185","og_locale":"es_ES","og_type":"article","og_title":"Colegio de Arquitectos de Chile y el Ministerio de las Culturas, las Artes y el Patrimonio anuncian los resultados del concurso de ideas para las muestras de la XXII Bienal de Arquitectura y Urbanismo de Chile 2022 - COLEGIO DE ARQUITECTOS DE CHILE","og_description":"La Bienal de Arquitectura y Urbanismo de Chile ha sido realizada por el Colegio de Arquitectos de Chile (CA) desde 1977, realizando hasta la fecha veintiuna ediciones, y en esta nueva edici\u00f3n se realizar\u00e1 por primera vez en conjunto con &hellip; ver m\u00e1s","og_url":"https:\/\/colegioarquitectos.com\/noticias\/?p=28185","og_site_name":"COLEGIO DE ARQUITECTOS DE CHILE","article_publisher":"https:\/\/facebook.com\/Colegioarq\/","article_published_time":"2021-12-28T20:45:21+00:00","article_modified_time":"2021-12-30T19:08:19+00:00","og_image":[{"width":1280,"height":720,"url":"https:\/\/colegioarquitectos.com\/noticias\/wp-content\/uploads\/2021\/12\/bienal-convenio-destacado-web-1.png","type":"image\/png"}],"author":"Colegio de Arquitectos de Chile","twitter_card":"summary_large_image","twitter_creator":"@colegioarq","twitter_site":"@colegioarq","twitter_misc":{"Escrito por":"Colegio de Arquitectos de Chile","Tiempo de lectura":"3 minutos"},"schema":{"@context":"https:\/\/schema.org","@graph":[{"@type":"Article","@id":"https:\/\/colegioarquitectos.com\/noticias\/?p=28185#article","isPartOf":{"@id":"https:\/\/colegioarquitectos.com\/noticias\/?p=28185"},"author":{"name":"Colegio de Arquitectos de Chile","@id":"https:\/\/colegioarquitectos.com\/noticias\/#\/schema\/person\/685cc0aad148303c5608f049af8285ad"},"headline":"Colegio de Arquitectos de Chile y el Ministerio de las Culturas, las Artes y el Patrimonio anuncian los resultados del concurso de ideas para las muestras de la XXII Bienal de Arquitectura y Urbanismo de Chile 2022","datePublished":"2021-12-28T20:45:21+00:00","dateModified":"2021-12-30T19:08:19+00:00","mainEntityOfPage":{"@id":"https:\/\/colegioarquitectos.com\/noticias\/?p=28185"},"wordCount":540,"publisher":{"@id":"https:\/\/colegioarquitectos.com\/noticias\/#organization"},"image":{"@id":"https:\/\/colegioarquitectos.com\/noticias\/?p=28185#primaryimage"},"thumbnailUrl":"https:\/\/colegioarquitectos.com\/noticias\/wp-content\/uploads\/2021\/12\/bienal-convenio-destacado-web-1.png","articleSection":["Bienal"],"inLanguage":"es"},{"@type":"WebPage","@id":"https:\/\/colegioarquitectos.com\/noticias\/?p=28185","url":"https:\/\/colegioarquitectos.com\/noticias\/?p=28185","name":"Colegio de Arquitectos de Chile y el Ministerio de las Culturas, las Artes y el Patrimonio anuncian los resultados del concurso de ideas para las muestras de la XXII Bienal de Arquitectura y Urbanismo de Chile 2022 - COLEGIO DE ARQUITECTOS DE CHILE","isPartOf":{"@id":"https:\/\/colegioarquitectos.com\/noticias\/#website"},"primaryImageOfPage":{"@id":"https:\/\/colegioarquitectos.com\/noticias\/?p=28185#primaryimage"},"image":{"@id":"https:\/\/colegioarquitectos.com\/noticias\/?p=28185#primaryimage"},"thumbnailUrl":"https:\/\/colegioarquitectos.com\/noticias\/wp-content\/uploads\/2021\/12\/bienal-convenio-destacado-web-1.png","datePublished":"2021-12-28T20:45:21+00:00","dateModified":"2021-12-30T19:08:19+00:00","breadcrumb":{"@id":"https:\/\/colegioarquitectos.com\/noticias\/?p=28185#breadcrumb"},"inLanguage":"es","potentialAction":[{"@type":"ReadAction","target":["https:\/\/colegioarquitectos.com\/noticias\/?p=28185"]}]},{"@type":"ImageObject","inLanguage":"es","@id":"https:\/\/colegioarquitectos.com\/noticias\/?p=28185#primaryimage","url":"https:\/\/colegioarquitectos.com\/noticias\/wp-content\/uploads\/2021\/12\/bienal-convenio-destacado-web-1.png","contentUrl":"https:\/\/colegioarquitectos.com\/noticias\/wp-content\/uploads\/2021\/12\/bienal-convenio-destacado-web-1.png","width":1280,"height":720},{"@type":"BreadcrumbList","@id":"https:\/\/colegioarquitectos.com\/noticias\/?p=28185#breadcrumb","itemListElement":[{"@type":"ListItem","position":1,"name":"Portada","item":"https:\/\/colegioarquitectos.com\/noticias"},{"@type":"ListItem","position":2,"name":"Colegio de Arquitectos de Chile y el Ministerio de las Culturas, las Artes y el Patrimonio anuncian los resultados del concurso de ideas para las muestras de la XXII Bienal de Arquitectura y Urbanismo de Chile 2022"}]},{"@type":"WebSite","@id":"https:\/\/colegioarquitectos.com\/noticias\/#website","url":"https:\/\/colegioarquitectos.com\/noticias\/","name":"COLEGIO DE ARQUITECTOS DE CHILE","description":"","publisher":{"@id":"https:\/\/colegioarquitectos.com\/noticias\/#organization"},"potentialAction":[{"@type":"SearchAction","target":{"@type":"EntryPoint","urlTemplate":"https:\/\/colegioarquitectos.com\/noticias\/?s={search_term_string}"},"query-input":{"@type":"PropertyValueSpecification","valueRequired":true,"valueName":"search_term_string"}}],"inLanguage":"es"},{"@type":"Organization","@id":"https:\/\/colegioarquitectos.com\/noticias\/#organization","name":"COLEGIO DE ARQUITECTOS DE CHILE","url":"https:\/\/colegioarquitectos.com\/noticias\/","logo":{"@type":"ImageObject","inLanguage":"es","@id":"https:\/\/colegioarquitectos.com\/noticias\/#\/schema\/logo\/image\/","url":"https:\/\/colegioarquitectos.com\/noticias\/wp-content\/uploads\/2021\/05\/ENCABEZADO-LOGO-CA.jpg","contentUrl":"https:\/\/colegioarquitectos.com\/noticias\/wp-content\/uploads\/2021\/05\/ENCABEZADO-LOGO-CA.jpg","width":690,"height":350,"caption":"COLEGIO DE ARQUITECTOS DE CHILE"},"image":{"@id":"https:\/\/colegioarquitectos.com\/noticias\/#\/schema\/logo\/image\/"},"sameAs":["https:\/\/facebook.com\/Colegioarq\/","https:\/\/x.com\/colegioarq","https:\/\/instagram.com\/colegioarq","https:\/\/youtube.com\/@ColegiodeArquitectosdeChile"]},{"@type":"Person","@id":"https:\/\/colegioarquitectos.com\/noticias\/#\/schema\/person\/685cc0aad148303c5608f049af8285ad","name":"Colegio de Arquitectos de Chile","url":"https:\/\/colegioarquitectos.com\/noticias\/?author=4"}]}},"_links":{"self":[{"href":"https:\/\/colegioarquitectos.com\/noticias\/index.php?rest_route=\/wp\/v2\/posts\/28185","targetHints":{"allow":["GET"]}}],"collection":[{"href":"https:\/\/colegioarquitectos.com\/noticias\/index.php?rest_route=\/wp\/v2\/posts"}],"about":[{"href":"https:\/\/colegioarquitectos.com\/noticias\/index.php?rest_route=\/wp\/v2\/types\/post"}],"author":[{"embeddable":true,"href":"https:\/\/colegioarquitectos.com\/noticias\/index.php?rest_route=\/wp\/v2\/users\/4"}],"replies":[{"embeddable":true,"href":"https:\/\/colegioarquitectos.com\/noticias\/index.php?rest_route=%2Fwp%2Fv2%2Fcomments&post=28185"}],"version-history":[{"count":0,"href":"https:\/\/colegioarquitectos.com\/noticias\/index.php?rest_route=\/wp\/v2\/posts\/28185\/revisions"}],"wp:featuredmedia":[{"embeddable":true,"href":"https:\/\/colegioarquitectos.com\/noticias\/index.php?rest_route=\/wp\/v2\/media\/28127"}],"wp:attachment":[{"href":"https:\/\/colegioarquitectos.com\/noticias\/index.php?rest_route=%2Fwp%2Fv2%2Fmedia&parent=28185"}],"wp:term":[{"taxonomy":"category","embeddable":true,"href":"https:\/\/colegioarquitectos.com\/noticias\/index.php?rest_route=%2Fwp%2Fv2%2Fcategories&post=28185"},{"taxonomy":"post_tag","embeddable":true,"href":"https:\/\/colegioarquitectos.com\/noticias\/index.php?rest_route=%2Fwp%2Fv2%2Ftags&post=28185"}],"curies":[{"name":"wp","href":"https:\/\/api.w.org\/{rel}","templated":true}]}}