
{"id":28309,"date":"2022-03-08T09:24:07","date_gmt":"2022-03-08T13:24:07","guid":{"rendered":"https:\/\/colegioarquitectos.com\/?p=28309"},"modified":"2022-03-08T09:24:07","modified_gmt":"2022-03-08T13:24:07","slug":"declaracion-publica-dia-internacional-de-la-mujer-comite-de-derechos-humanos-y-ciudadanos","status":"publish","type":"post","link":"https:\/\/colegioarquitectos.com\/noticias\/?p=28309","title":{"rendered":"[Declaraci\u00f3n p\u00fablica] D\u00eda Internacional de la Mujer &#8211; Comit\u00e9 de Derechos Humanos y Ciudadanos"},"content":{"rendered":"<p>El D\u00eda Internacional de la Mujer fue institucionalizado el 8 de marzo de 1975 por la ONU, para conmemorar la lucha de las mujeres por su participaci\u00f3n dentro de la sociedad y por su desarrollo \u00edntegro como persona. Ya en 1910 Clara Zetkin hab\u00eda propuesto esta fecha en la II Conferencia Internacional de Mujeres Socialistas en Copenhague, con el objetivo de promover la igualdad de derechos, incluyendo el sufragio para las mujeres. Propuesta que tuvo el respaldo un\u00e1nime de m\u00e1s de cien mujeres procedentes de 17 pa\u00edses, entre las cuales se encontraba Rosa Luxemburgo, reconocida por ser una de las pioneras en estas reivindicaciones.<\/p>\n<p>Este 8 de marzo, la conmemoraci\u00f3n del d\u00eda de la mujer est\u00e1 llena de esperanzas, porque la Convenci\u00f3n Constitucional ha aprobado la perspectiva de g\u00e9nero como criterio de interpretaci\u00f3n de las leyes, cuya incorporaci\u00f3n se fundamenta en los principios de igualdad y no discriminaci\u00f3n y en el derecho al acceso a la justicia que tiene toda persona.<\/p>\n<p>En este d\u00eda el Comit\u00e9 de Derechos Humanos y Ciudadanos del Colegio de Arquitectos de Chile A. G. saluda a la Presidenta Nacional de nuestro gremio arquitecta Jadille Baza Apud y nos enorgullece que nos represente como su m\u00e1xima autoridad, siendo la cuarta presidenta desde 1944, cargo que antes de ella s\u00f3lo ocuparon las arquitectas Eliana Caraball Mart\u00ednez en el per\u00edodo 1986-1988, Isabel Tuca Garc\u00eda entre 2000 y 2002 y Pilar Urrejola Dittborn entre 2015 y 2017. Hacemos extensivo este saludo a la Secretaria General del Directorio Nacional Lorena Estai Hidalgo y a la Directora de Actividades Loreto Lyon Nu\u00f1o.<\/p>\n<p>Nos parece relevante destacar el rol que cumplen las arquitectas dentro del gremio, tanto en las directivas de Delegaciones Zonales y Comit\u00e9s del Colegio de Arquitectos, como tambi\u00e9n en el Tribunal de \u00c9tica Nacional y Tribunal de Apelaciones Nacional. Saludamos especialmente a nuestras colegas del Comit\u00e9 de G\u00e9nero, quienes hoy celebran su primer aniversario, cumpliendo un rol fundamental al estar en sinton\u00eda con las demandas ciudadanas en el actual contexto nacional, como es el patrocinio al proyecto denominado \u201cNi una menos\u201d Homenaje a Mujeres V\u00edctimas de Femicidio Plaza \u00d1u\u00f1oa.<\/p>\n<p>Saludamos a nuestras colegas arquitectas, a las profesionales de otras \u00e1reas, a todas las trabajadoras, a las ministras y subsecretarias de un nuevo Gobierno que se declara feminista y que inicia su per\u00edodo el pr\u00f3ximo 11 de marzo. A las mujeres constituyentes, a las mujeres alcaldesas que hoy lanzan la Red de Municipios Feministas, a familiares de presas pol\u00edticas muertas por falta de atenci\u00f3n m\u00e9dica, a familiares de tantas mujeres que sufrieron femicidio y que nunca deben ser olvidadas, a las mujeres de edad avanzada cuyo deterioro f\u00edsico y\/o cognitivo las hace invisibles en una sociedad incapaz de reconocer que muchas de ellas han sido referentes importantes para las nuevas generaciones, a las mujeres lesbianas, a mujeres de organizaciones feministas disidentes, a las mujeres dirigentes sociales, a las campesinas, a las mujeres mapuche y de pueblos ind\u00edgenas, a las j\u00f3venes y ni\u00f1as que han estado presentes activamente en todas las demandas ciudadanas develadas por el estallido social y la pandemia.<\/p>\n<p>En este 8M queremos recordar a todas y tantas mujeres que han demostrado su liderazgo en la permanente lucha por sus derechos y por la dignidad de todas las personas, mujeres que han demostrado su capacidad, tenacidad, fuerza y asertividad ante la inequidad, abuso y discriminaci\u00f3n a nivel nacional e internacional. Es por ello que hoy m\u00e1s que nunca debemos continuar avanzando en la lucha por nuestros derechos, por espacios seguros, por viviendas adecuadas a nuestras necesidades, por una educaci\u00f3n feminista, siendo fundamental el rol que las mujeres est\u00e1n jugando como constituyentes.<\/p>\n<p>Rendimos especial homenaje a <strong>Ida Vera Almarza<\/strong>, arquitecta de la Universidad de Chile nacida en 1943 y detenida desaparecida en 1974 a la edad de 31 a\u00f1os. Ida se destacaba en la danza y en lo profesional, como investigadora y colaboradora en interesantes e innovadores proyectos habitacionales. Para ella la vivienda social era de importancia central en su labor como arquitecta.<\/p>\n<p>Y en la tarea de visibilizar a mujeres arquitectas y urbanistas, que han jugado un rol importante en su desempe\u00f1o profesional y\/o gremial, siendo muchas veces injustamente olvidadas; recordamos hoy a <strong>Ana Mar\u00eda Barrenechea Gr\u00fcnenwald<\/strong> (1928-2017), titulada en 1954 en la Universidad de Chile, con Estudios de Post-grado en FLACSO y t\u00edtulo de Soci\u00f3loga en 1959. Fundadora del Comit\u00e9 de Derechos Humanos y Ciudadanos, junto a un grupo de colegas, comit\u00e9 que presidi\u00f3 entre 1986 y 2004. Fue una destacada docente e investigadora en la U. Chile y durante su exilio, en la Escuela de Arquitectura de la KUNSTAKADEMIET Copenhague, Dinamarca (1976 \u2013 1984). Ana Mar\u00eda recibi\u00f3 el Premio Alberto Risopatr\u00f3n el a\u00f1o 2011, otorgado por el CA por su valiosa labor gremial. El comit\u00e9 de DDHH y Ciudadanos est\u00e1 promoviendo que se instaure en su honor, el <strong>Premio DDHH Ana Mar\u00eda Barrenechea Gr\u00fcnenwald<\/strong> para reconocer a colegas que hayan contribuido en el \u00e1mbito de los DDHH.<\/p>\n<p>Recordamos tambi\u00e9n a <strong>Dora Riedel Seinecke<\/strong> (1906-1982), primera arquitecta titulada en la U. Chile y una de las primeras en Sudam\u00e9rica en 1930. En su honor el Colegio de Arquitectos de Chile, cre\u00f3 en 2017 el Premio Dora Riedel, que destaca proyectos innovadores de la arquitectura chilena. <strong>Mar\u00eda \u00c1ngela Schweitzer Lopetegui<\/strong> (1923- 2002), titulada en la U. Chile en 1952, destacada docente e investigadora en Valdivia, en la U. de Chile sede Valpara\u00edso y en distintas escuelas de arquitectura en Inglaterra, Alemania y Espa\u00f1a. Fue la primera Directora de la Escuela de Arquitectura de la Universidad del Norte en Antofagasta. Recibi\u00f3 el Premio Ferm\u00edn Vivaceta Rupio en 1994, otorgado por el CA. <strong>Johanna Kathe Zeppelin Schilling <\/strong>(1918-2006), arquitecta urbanista, con destacada participaci\u00f3n en el Ministerio de Obras P\u00fablicas por obras de reconstrucci\u00f3n en ciudades del sur de Chile afectadas por el terremoto de 1960. Investigadora, autora y coautora de documentos de planeamiento y dise\u00f1o. Activa integrante del Comit\u00e9 de Desarrollo Urbano del Colegio de Arquitectos de Chile, recibi\u00f3 el Premio Alberto Risopatr\u00f3n el a\u00f1o 2005, otorgado por el CA.<strong> Luz Sobrino Sanz <\/strong>(1913-1998), titulada en la U. Chile en 1938, destac\u00f3 por su labor en la reconstrucci\u00f3n de Concepci\u00f3n tras el terremoto de 1939, con la construcci\u00f3n de viviendas de clase media y obrera, obras de arquitectura relevantes en el desarrollo urbano de la ciudad. Cofundadora del Colegio de Arquitectos sede Concepci\u00f3n. Ferviente activista por los derechos humanos y el voto femenino. En 1990 recibi\u00f3 un homenaje p\u00f3stumo con un monumento en su honor realizado en conjunto por el CA con la Municipalidad de Concepci\u00f3n y el 2018 la DZ Concepci\u00f3n del CA le otorg\u00f3 el Premio a la Trayectoria.<\/p>\n<p>Destacamos adem\u00e1s el trabajo silencioso y de gran aporte realizado por muchas colegas arquitectas en el servicio p\u00fablico.<\/p>\n<p>&nbsp;<\/p>\n<p>&nbsp;<\/p>\n<p style=\"text-align: right;\"><strong>Santiago, 8 de marzo de 2022 <\/strong><\/p>\n<p style=\"text-align: right;\"><strong>Comit\u00e9 de Derechos Humanos y Ciudadanos &#8211; Colegio de Arquitectos de Chile<\/strong><\/p>\n<p>&nbsp;<\/p>\n<p><strong><span lang=\"PT-BR\"><a href=\"https:\/\/colegioarquitectos.com\/noticias\/wp-content\/uploads\/2022\/03\/2022-D\u00cdA-DE-LA-MUJER-DECLARACI\u00d3N-COMITE-DDHH-8-marzo-2022.pdf\"><img loading=\"lazy\" decoding=\"async\" class=\"alignnone\" src=\"http:\/\/www.colegioarquitectos.com\/imgs\/descargas_linea_punto\/pdfcolor.jpg\" alt=\"\" width=\"21\" height=\"21\" border=\"0\" \/><\/a><a href=\"https:\/\/colegioarquitectos.com\/noticias\/wp-content\/uploads\/2022\/03\/2022-D\u00cdA-DE-LA-MUJER-DECLARACI\u00d3N-COMITE-DDHH-8-marzo-2022.pdf\">\u00a0[Declaraci\u00f3n p\u00fablica] D\u00eda Internacional de la Mujer &#8211; Comit\u00e9 de Derechos Humanos y Ciudadanos<\/a><\/span><\/strong><\/p>\n<p>&nbsp;<\/p>\n<p><\/p>","protected":false},"excerpt":{"rendered":"<p>El D\u00eda Internacional de la Mujer fue institucionalizado el 8 de marzo de 1975 por la ONU, para conmemorar la lucha de las mujeres por su participaci\u00f3n dentro de la sociedad y por su desarrollo \u00edntegro como persona. Ya en &hellip; <a class=\"more-link\" href=\"https:\/\/colegioarquitectos.com\/noticias\/?p=28309\">ver m\u00e1s<\/a><\/p>","protected":false},"author":4,"featured_media":27860,"comment_status":"closed","ping_status":"closed","sticky":false,"template":"","format":"standard","meta":{"footnotes":""},"categories":[9,82],"tags":[],"class_list":["post-28309","post","type-post","status-publish","format-standard","has-post-thumbnail","hentry","category-comites","category-declaraciones-publicas"],"yoast_head":"<!-- This site is optimized with the Yoast SEO plugin v24.2 - https:\/\/yoast.com\/wordpress\/plugins\/seo\/ -->\n<title>[Declaraci\u00f3n p\u00fablica] D\u00eda Internacional de la Mujer - Comit\u00e9 de Derechos Humanos y Ciudadanos - COLEGIO DE ARQUITECTOS DE CHILE<\/title>\n<meta name=\"robots\" content=\"index, follow, max-snippet:-1, max-image-preview:large, max-video-preview:-1\" \/>\n<link rel=\"canonical\" href=\"https:\/\/colegioarquitectos.com\/noticias\/?p=28309\" \/>\n<meta property=\"og:locale\" content=\"es_ES\" \/>\n<meta property=\"og:type\" content=\"article\" \/>\n<meta property=\"og:title\" content=\"[Declaraci\u00f3n p\u00fablica] D\u00eda Internacional de la Mujer - Comit\u00e9 de Derechos Humanos y Ciudadanos - COLEGIO DE ARQUITECTOS DE CHILE\" \/>\n<meta property=\"og:description\" content=\"El D\u00eda Internacional de la Mujer fue institucionalizado el 8 de marzo de 1975 por la ONU, para conmemorar la lucha de las mujeres por su participaci\u00f3n dentro de la sociedad y por su desarrollo \u00edntegro como persona. Ya en &hellip; ver m\u00e1s\" \/>\n<meta property=\"og:url\" content=\"https:\/\/colegioarquitectos.com\/noticias\/?p=28309\" \/>\n<meta property=\"og:site_name\" content=\"COLEGIO DE ARQUITECTOS DE CHILE\" \/>\n<meta property=\"article:publisher\" content=\"https:\/\/facebook.com\/Colegioarq\/\" \/>\n<meta property=\"article:published_time\" content=\"2022-03-08T13:24:07+00:00\" \/>\n<meta property=\"og:image\" content=\"https:\/\/colegioarquitectos.com\/noticias\/wp-content\/uploads\/2021\/10\/Nuevo-proyecto-1.jpg\" \/>\n\t<meta property=\"og:image:width\" content=\"1280\" \/>\n\t<meta property=\"og:image:height\" content=\"720\" \/>\n\t<meta property=\"og:image:type\" content=\"image\/jpeg\" \/>\n<meta name=\"author\" content=\"Colegio de Arquitectos de Chile\" \/>\n<meta name=\"twitter:card\" content=\"summary_large_image\" \/>\n<meta name=\"twitter:creator\" content=\"@colegioarq\" \/>\n<meta name=\"twitter:site\" content=\"@colegioarq\" \/>\n<meta name=\"twitter:label1\" content=\"Escrito por\" \/>\n\t<meta name=\"twitter:data1\" content=\"Colegio de Arquitectos de Chile\" \/>\n\t<meta name=\"twitter:label2\" content=\"Tiempo de lectura\" \/>\n\t<meta name=\"twitter:data2\" content=\"6 minutos\" \/>\n<script type=\"application\/ld+json\" class=\"yoast-schema-graph\">{\"@context\":\"https:\/\/schema.org\",\"@graph\":[{\"@type\":\"Article\",\"@id\":\"https:\/\/colegioarquitectos.com\/noticias\/?p=28309#article\",\"isPartOf\":{\"@id\":\"https:\/\/colegioarquitectos.com\/noticias\/?p=28309\"},\"author\":{\"name\":\"Colegio de Arquitectos de Chile\",\"@id\":\"https:\/\/colegioarquitectos.com\/noticias\/#\/schema\/person\/685cc0aad148303c5608f049af8285ad\"},\"headline\":\"[Declaraci\u00f3n p\u00fablica] D\u00eda Internacional de la Mujer &#8211; Comit\u00e9 de Derechos Humanos y Ciudadanos\",\"datePublished\":\"2022-03-08T13:24:07+00:00\",\"dateModified\":\"2022-03-08T13:24:07+00:00\",\"mainEntityOfPage\":{\"@id\":\"https:\/\/colegioarquitectos.com\/noticias\/?p=28309\"},\"wordCount\":1212,\"publisher\":{\"@id\":\"https:\/\/colegioarquitectos.com\/noticias\/#organization\"},\"image\":{\"@id\":\"https:\/\/colegioarquitectos.com\/noticias\/?p=28309#primaryimage\"},\"thumbnailUrl\":\"https:\/\/colegioarquitectos.com\/noticias\/wp-content\/uploads\/2021\/10\/Nuevo-proyecto-1.jpg\",\"articleSection\":[\"Comit\u00e9s\",\"Declaraciones p\u00fablicas\"],\"inLanguage\":\"es\"},{\"@type\":\"WebPage\",\"@id\":\"https:\/\/colegioarquitectos.com\/noticias\/?p=28309\",\"url\":\"https:\/\/colegioarquitectos.com\/noticias\/?p=28309\",\"name\":\"[Declaraci\u00f3n p\u00fablica] D\u00eda Internacional de la Mujer - Comit\u00e9 de Derechos Humanos y Ciudadanos - COLEGIO DE ARQUITECTOS DE CHILE\",\"isPartOf\":{\"@id\":\"https:\/\/colegioarquitectos.com\/noticias\/#website\"},\"primaryImageOfPage\":{\"@id\":\"https:\/\/colegioarquitectos.com\/noticias\/?p=28309#primaryimage\"},\"image\":{\"@id\":\"https:\/\/colegioarquitectos.com\/noticias\/?p=28309#primaryimage\"},\"thumbnailUrl\":\"https:\/\/colegioarquitectos.com\/noticias\/wp-content\/uploads\/2021\/10\/Nuevo-proyecto-1.jpg\",\"datePublished\":\"2022-03-08T13:24:07+00:00\",\"dateModified\":\"2022-03-08T13:24:07+00:00\",\"breadcrumb\":{\"@id\":\"https:\/\/colegioarquitectos.com\/noticias\/?p=28309#breadcrumb\"},\"inLanguage\":\"es\",\"potentialAction\":[{\"@type\":\"ReadAction\",\"target\":[\"https:\/\/colegioarquitectos.com\/noticias\/?p=28309\"]}]},{\"@type\":\"ImageObject\",\"inLanguage\":\"es\",\"@id\":\"https:\/\/colegioarquitectos.com\/noticias\/?p=28309#primaryimage\",\"url\":\"https:\/\/colegioarquitectos.com\/noticias\/wp-content\/uploads\/2021\/10\/Nuevo-proyecto-1.jpg\",\"contentUrl\":\"https:\/\/colegioarquitectos.com\/noticias\/wp-content\/uploads\/2021\/10\/Nuevo-proyecto-1.jpg\",\"width\":1280,\"height\":720},{\"@type\":\"BreadcrumbList\",\"@id\":\"https:\/\/colegioarquitectos.com\/noticias\/?p=28309#breadcrumb\",\"itemListElement\":[{\"@type\":\"ListItem\",\"position\":1,\"name\":\"Portada\",\"item\":\"https:\/\/colegioarquitectos.com\/noticias\"},{\"@type\":\"ListItem\",\"position\":2,\"name\":\"[Declaraci\u00f3n p\u00fablica] D\u00eda Internacional de la Mujer &#8211; Comit\u00e9 de Derechos Humanos y Ciudadanos\"}]},{\"@type\":\"WebSite\",\"@id\":\"https:\/\/colegioarquitectos.com\/noticias\/#website\",\"url\":\"https:\/\/colegioarquitectos.com\/noticias\/\",\"name\":\"COLEGIO DE ARQUITECTOS DE CHILE\",\"description\":\"\",\"publisher\":{\"@id\":\"https:\/\/colegioarquitectos.com\/noticias\/#organization\"},\"potentialAction\":[{\"@type\":\"SearchAction\",\"target\":{\"@type\":\"EntryPoint\",\"urlTemplate\":\"https:\/\/colegioarquitectos.com\/noticias\/?s={search_term_string}\"},\"query-input\":{\"@type\":\"PropertyValueSpecification\",\"valueRequired\":true,\"valueName\":\"search_term_string\"}}],\"inLanguage\":\"es\"},{\"@type\":\"Organization\",\"@id\":\"https:\/\/colegioarquitectos.com\/noticias\/#organization\",\"name\":\"COLEGIO DE ARQUITECTOS DE CHILE\",\"url\":\"https:\/\/colegioarquitectos.com\/noticias\/\",\"logo\":{\"@type\":\"ImageObject\",\"inLanguage\":\"es\",\"@id\":\"https:\/\/colegioarquitectos.com\/noticias\/#\/schema\/logo\/image\/\",\"url\":\"https:\/\/colegioarquitectos.com\/noticias\/wp-content\/uploads\/2021\/05\/ENCABEZADO-LOGO-CA.jpg\",\"contentUrl\":\"https:\/\/colegioarquitectos.com\/noticias\/wp-content\/uploads\/2021\/05\/ENCABEZADO-LOGO-CA.jpg\",\"width\":690,\"height\":350,\"caption\":\"COLEGIO DE ARQUITECTOS DE CHILE\"},\"image\":{\"@id\":\"https:\/\/colegioarquitectos.com\/noticias\/#\/schema\/logo\/image\/\"},\"sameAs\":[\"https:\/\/facebook.com\/Colegioarq\/\",\"https:\/\/x.com\/colegioarq\",\"https:\/\/instagram.com\/colegioarq\",\"https:\/\/youtube.com\/@ColegiodeArquitectosdeChile\"]},{\"@type\":\"Person\",\"@id\":\"https:\/\/colegioarquitectos.com\/noticias\/#\/schema\/person\/685cc0aad148303c5608f049af8285ad\",\"name\":\"Colegio de Arquitectos de Chile\",\"url\":\"https:\/\/colegioarquitectos.com\/noticias\/?author=4\"}]}<\/script>\n<!-- \/ Yoast SEO plugin. -->","yoast_head_json":{"title":"[Declaraci\u00f3n p\u00fablica] D\u00eda Internacional de la Mujer - Comit\u00e9 de Derechos Humanos y Ciudadanos - COLEGIO DE ARQUITECTOS DE CHILE","robots":{"index":"index","follow":"follow","max-snippet":"max-snippet:-1","max-image-preview":"max-image-preview:large","max-video-preview":"max-video-preview:-1"},"canonical":"https:\/\/colegioarquitectos.com\/noticias\/?p=28309","og_locale":"es_ES","og_type":"article","og_title":"[Declaraci\u00f3n p\u00fablica] D\u00eda Internacional de la Mujer - Comit\u00e9 de Derechos Humanos y Ciudadanos - COLEGIO DE ARQUITECTOS DE CHILE","og_description":"El D\u00eda Internacional de la Mujer fue institucionalizado el 8 de marzo de 1975 por la ONU, para conmemorar la lucha de las mujeres por su participaci\u00f3n dentro de la sociedad y por su desarrollo \u00edntegro como persona. Ya en &hellip; ver m\u00e1s","og_url":"https:\/\/colegioarquitectos.com\/noticias\/?p=28309","og_site_name":"COLEGIO DE ARQUITECTOS DE CHILE","article_publisher":"https:\/\/facebook.com\/Colegioarq\/","article_published_time":"2022-03-08T13:24:07+00:00","og_image":[{"width":1280,"height":720,"url":"https:\/\/colegioarquitectos.com\/noticias\/wp-content\/uploads\/2021\/10\/Nuevo-proyecto-1.jpg","type":"image\/jpeg"}],"author":"Colegio de Arquitectos de Chile","twitter_card":"summary_large_image","twitter_creator":"@colegioarq","twitter_site":"@colegioarq","twitter_misc":{"Escrito por":"Colegio de Arquitectos de Chile","Tiempo de lectura":"6 minutos"},"schema":{"@context":"https:\/\/schema.org","@graph":[{"@type":"Article","@id":"https:\/\/colegioarquitectos.com\/noticias\/?p=28309#article","isPartOf":{"@id":"https:\/\/colegioarquitectos.com\/noticias\/?p=28309"},"author":{"name":"Colegio de Arquitectos de Chile","@id":"https:\/\/colegioarquitectos.com\/noticias\/#\/schema\/person\/685cc0aad148303c5608f049af8285ad"},"headline":"[Declaraci\u00f3n p\u00fablica] D\u00eda Internacional de la Mujer &#8211; Comit\u00e9 de Derechos Humanos y Ciudadanos","datePublished":"2022-03-08T13:24:07+00:00","dateModified":"2022-03-08T13:24:07+00:00","mainEntityOfPage":{"@id":"https:\/\/colegioarquitectos.com\/noticias\/?p=28309"},"wordCount":1212,"publisher":{"@id":"https:\/\/colegioarquitectos.com\/noticias\/#organization"},"image":{"@id":"https:\/\/colegioarquitectos.com\/noticias\/?p=28309#primaryimage"},"thumbnailUrl":"https:\/\/colegioarquitectos.com\/noticias\/wp-content\/uploads\/2021\/10\/Nuevo-proyecto-1.jpg","articleSection":["Comit\u00e9s","Declaraciones p\u00fablicas"],"inLanguage":"es"},{"@type":"WebPage","@id":"https:\/\/colegioarquitectos.com\/noticias\/?p=28309","url":"https:\/\/colegioarquitectos.com\/noticias\/?p=28309","name":"[Declaraci\u00f3n p\u00fablica] D\u00eda Internacional de la Mujer - Comit\u00e9 de Derechos Humanos y Ciudadanos - COLEGIO DE ARQUITECTOS DE CHILE","isPartOf":{"@id":"https:\/\/colegioarquitectos.com\/noticias\/#website"},"primaryImageOfPage":{"@id":"https:\/\/colegioarquitectos.com\/noticias\/?p=28309#primaryimage"},"image":{"@id":"https:\/\/colegioarquitectos.com\/noticias\/?p=28309#primaryimage"},"thumbnailUrl":"https:\/\/colegioarquitectos.com\/noticias\/wp-content\/uploads\/2021\/10\/Nuevo-proyecto-1.jpg","datePublished":"2022-03-08T13:24:07+00:00","dateModified":"2022-03-08T13:24:07+00:00","breadcrumb":{"@id":"https:\/\/colegioarquitectos.com\/noticias\/?p=28309#breadcrumb"},"inLanguage":"es","potentialAction":[{"@type":"ReadAction","target":["https:\/\/colegioarquitectos.com\/noticias\/?p=28309"]}]},{"@type":"ImageObject","inLanguage":"es","@id":"https:\/\/colegioarquitectos.com\/noticias\/?p=28309#primaryimage","url":"https:\/\/colegioarquitectos.com\/noticias\/wp-content\/uploads\/2021\/10\/Nuevo-proyecto-1.jpg","contentUrl":"https:\/\/colegioarquitectos.com\/noticias\/wp-content\/uploads\/2021\/10\/Nuevo-proyecto-1.jpg","width":1280,"height":720},{"@type":"BreadcrumbList","@id":"https:\/\/colegioarquitectos.com\/noticias\/?p=28309#breadcrumb","itemListElement":[{"@type":"ListItem","position":1,"name":"Portada","item":"https:\/\/colegioarquitectos.com\/noticias"},{"@type":"ListItem","position":2,"name":"[Declaraci\u00f3n p\u00fablica] D\u00eda Internacional de la Mujer &#8211; Comit\u00e9 de Derechos Humanos y Ciudadanos"}]},{"@type":"WebSite","@id":"https:\/\/colegioarquitectos.com\/noticias\/#website","url":"https:\/\/colegioarquitectos.com\/noticias\/","name":"COLEGIO DE ARQUITECTOS DE CHILE","description":"","publisher":{"@id":"https:\/\/colegioarquitectos.com\/noticias\/#organization"},"potentialAction":[{"@type":"SearchAction","target":{"@type":"EntryPoint","urlTemplate":"https:\/\/colegioarquitectos.com\/noticias\/?s={search_term_string}"},"query-input":{"@type":"PropertyValueSpecification","valueRequired":true,"valueName":"search_term_string"}}],"inLanguage":"es"},{"@type":"Organization","@id":"https:\/\/colegioarquitectos.com\/noticias\/#organization","name":"COLEGIO DE ARQUITECTOS DE CHILE","url":"https:\/\/colegioarquitectos.com\/noticias\/","logo":{"@type":"ImageObject","inLanguage":"es","@id":"https:\/\/colegioarquitectos.com\/noticias\/#\/schema\/logo\/image\/","url":"https:\/\/colegioarquitectos.com\/noticias\/wp-content\/uploads\/2021\/05\/ENCABEZADO-LOGO-CA.jpg","contentUrl":"https:\/\/colegioarquitectos.com\/noticias\/wp-content\/uploads\/2021\/05\/ENCABEZADO-LOGO-CA.jpg","width":690,"height":350,"caption":"COLEGIO DE ARQUITECTOS DE CHILE"},"image":{"@id":"https:\/\/colegioarquitectos.com\/noticias\/#\/schema\/logo\/image\/"},"sameAs":["https:\/\/facebook.com\/Colegioarq\/","https:\/\/x.com\/colegioarq","https:\/\/instagram.com\/colegioarq","https:\/\/youtube.com\/@ColegiodeArquitectosdeChile"]},{"@type":"Person","@id":"https:\/\/colegioarquitectos.com\/noticias\/#\/schema\/person\/685cc0aad148303c5608f049af8285ad","name":"Colegio de Arquitectos de Chile","url":"https:\/\/colegioarquitectos.com\/noticias\/?author=4"}]}},"_links":{"self":[{"href":"https:\/\/colegioarquitectos.com\/noticias\/index.php?rest_route=\/wp\/v2\/posts\/28309","targetHints":{"allow":["GET"]}}],"collection":[{"href":"https:\/\/colegioarquitectos.com\/noticias\/index.php?rest_route=\/wp\/v2\/posts"}],"about":[{"href":"https:\/\/colegioarquitectos.com\/noticias\/index.php?rest_route=\/wp\/v2\/types\/post"}],"author":[{"embeddable":true,"href":"https:\/\/colegioarquitectos.com\/noticias\/index.php?rest_route=\/wp\/v2\/users\/4"}],"replies":[{"embeddable":true,"href":"https:\/\/colegioarquitectos.com\/noticias\/index.php?rest_route=%2Fwp%2Fv2%2Fcomments&post=28309"}],"version-history":[{"count":0,"href":"https:\/\/colegioarquitectos.com\/noticias\/index.php?rest_route=\/wp\/v2\/posts\/28309\/revisions"}],"wp:featuredmedia":[{"embeddable":true,"href":"https:\/\/colegioarquitectos.com\/noticias\/index.php?rest_route=\/wp\/v2\/media\/27860"}],"wp:attachment":[{"href":"https:\/\/colegioarquitectos.com\/noticias\/index.php?rest_route=%2Fwp%2Fv2%2Fmedia&parent=28309"}],"wp:term":[{"taxonomy":"category","embeddable":true,"href":"https:\/\/colegioarquitectos.com\/noticias\/index.php?rest_route=%2Fwp%2Fv2%2Fcategories&post=28309"},{"taxonomy":"post_tag","embeddable":true,"href":"https:\/\/colegioarquitectos.com\/noticias\/index.php?rest_route=%2Fwp%2Fv2%2Ftags&post=28309"}],"curies":[{"name":"wp","href":"https:\/\/api.w.org\/{rel}","templated":true}]}}