
{"id":2845,"date":"2012-10-10T15:30:06","date_gmt":"2012-10-10T15:30:06","guid":{"rendered":"http:\/\/colegioarquitectos.com\/noticias\/?p=2845"},"modified":"2012-10-19T16:31:00","modified_gmt":"2012-10-19T16:31:00","slug":"seleccion-de-publicaciones-xviii-bienal-de-arquitectura-y-territorio-2012","status":"publish","type":"post","link":"https:\/\/colegioarquitectos.com\/noticias\/?p=2845","title":{"rendered":"Jurado presenta listado de Publicaciones Seleccionadas &#8211; XVIII Bienal de Arquitectura y Territorio 2012"},"content":{"rendered":"<p>&nbsp;<\/p>\n<p style=\"text-align: justify;\">En esta versi\u00f3n n\u00famero XVIII de la Bienal de Chile denominada \u201cCiudades para Ciudadanos\u201d, se realiz\u00f3 un nuevo llamado a Editoriales Universitarias, Editoriales Privadas, Publicaciones Independientes, Tesis de Mag\u00edster y Tesis Doctorales de arquitectos chilenos y extranjeros residentes.<\/p>\n<p style=\"text-align: justify;\">La participaci\u00f3n a nivel nacional fue un gran \u00e9xito present\u00e1ndose un total de 61 publicaciones de todas partes del pa\u00eds y de los m\u00e1s variados temas relacionados con nuestra disciplina, abarcando los campos de patrimonio, difusi\u00f3n, investigaci\u00f3n, monograf\u00edas y el estado actual de la arquitectura.<\/p>\n<p style=\"text-align: justify;\">Nos encontramos como pa\u00eds en un per\u00edodo hist\u00f3rico de gran producci\u00f3n de conocimiento, lo que se refleja en las publicaciones que se presentaron. Lo anterior permite reflexionar sobre el estado actual de la arquitectura y el pensamiento sobre ella.<\/p>\n<p style=\"text-align: justify;\">De todas las publicaciones presentadas, el jurado compuesto por Sebasti\u00e1n Gray, Hugo Mondrag\u00f3n, Pablo Talhouk y Pablo Altikes, consideraron necesario mostrar toda la masa cr\u00edtica de trabajos enviados a esta Bienal y dentro de la muestra distinguir los trabajos m\u00e1s destacados, junto con rendir un homenaje a Euclides Guzm\u00e1n por au aporte a la formaci\u00f3n de varias generaciones de arquitectos a lo largo de nuestra historia en materia del \u201csaber construir\u201d.<\/p>\n<p style=\"text-align: justify;\"><strong>Pablo Altikes Pinilla<\/strong><\/p>\n<p style=\"text-align: justify;\"><strong>Director Secci\u00f3n Publicaciones<\/strong><\/p>\n<p style=\"text-align: justify;\"><strong>XVIII Bienal de Arquitectura y Territorio 2012<\/strong><\/p>\n<p style=\"text-align: justify;\"><strong>\u00a0<\/strong><\/p>\n<p style=\"text-align: justify;\"><strong>\u00a0<\/strong><\/p>\n<p style=\"text-align: justify;\"><strong>A continuaci\u00f3n listado de publicaciones distinguidas:<\/strong><\/p>\n<p style=\"text-align: justify;\"><strong>\u00a0<\/strong><\/p>\n<p style=\"text-align: justify;\"><strong>PUBLICACIONES DISTINGUIDAS<\/strong><\/p>\n<p style=\"text-align: justify;\"><strong>1 Smith Solar &amp; Smith M\u00fcller Arquitectos.<\/strong> Mario P\u00e9rez de Arce Antoncich<\/p>\n<p style=\"text-align: justify;\"><strong>2 Porvenir (1880-1950): Arquitectura y urbanismo pionero de Tierra del Fuego.<\/strong> Mirko Covcevich P\u00e9rez<\/p>\n<p style=\"text-align: justify;\"><strong>3 Blanca Monta\u00f1a. Arquitectura Reciente en Chile.<\/strong> Miquel Adria (editor), Tomas Andreu y Claudia Pertuz\u00e9 (Direcci\u00f3n General)<\/p>\n<p style=\"text-align: justify;\"><strong>4 CONCEPCI\u00d3N: barrios que construyeron la ciudad moderna.<\/strong> Leonel P\u00e9rez B., Pablo Fuentes H.<\/p>\n<p style=\"text-align: justify;\"><strong>5 CEPAL: 1962-1966.<\/strong> Jeannette Plaut, Marcelo Sarovic<\/p>\n<p style=\"text-align: justify;\"><strong>6 META: Diez Pabellones para Chile\/Ten Pavilions from Chile.<\/strong> Pezo von Ellrichhausen<\/p>\n<p style=\"text-align: justify;\"><strong>7 Objetos para transformar el mundo. Trayectorias del arte concreto-invenci\u00f3n. Argentina y Chile, 1940-1970.<\/strong> Alejandro Crispiani<\/p>\n<p style=\"text-align: justify;\"><strong>8 Proyecto de Restauraci\u00f3n de la Bas\u00edlica del Sant\u00edsimo Sacramento.<\/strong> Jaime Mignone Rettig (Director Proyecto)<\/p>\n<p style=\"text-align: justify;\"><strong>9 Apuntes de Viaje II.<\/strong> Jorge Iglesis G.<\/p>\n<p style=\"text-align: justify;\"><strong>10 Revista Trace (1-2) (3-4) (5).<\/strong> Jeannette Plaut, Marcelo Sarovic (Editores)<\/p>\n<p style=\"text-align: justify;\"><strong>11 ARQUITECTURAS DEL SUR N\u00ba 38, 39, 40.<\/strong> Hern\u00e1n Ascui Fern\u00e1ndez (Editor)<\/p>\n<p style=\"text-align: justify;\"><strong>12 Desde la Avenida Norte Sur a la Autopista.<\/strong> Danilo Lagos Serrano; Director Tesis Fernando P\u00e9rez Oyarz\u00fan<\/p>\n<p style=\"text-align: justify;\"><strong>HOMENAJE A DON EUCLIDES GUZMAN.<\/strong><\/p>\n<p style=\"text-align: justify;\"><strong>PUBLICACION DISTINGUIDA.<\/strong><\/p>\n<p style=\"text-align: justify;\"><strong>Curso de Edificaci\u00f3n Tomo l &#8211; ll- lll m\u00e1s Manual de Jefe de Obra.<\/strong><\/p>\n<p style=\"text-align: justify;\"><strong>Autor: Euclides Guzm\u00e1n.<\/strong><\/p>\n<p><\/p>","protected":false},"excerpt":{"rendered":"<p>&nbsp; En esta versi\u00f3n n\u00famero XVIII de la Bienal de Chile denominada \u201cCiudades para Ciudadanos\u201d, se realiz\u00f3 un nuevo llamado a Editoriales Universitarias, Editoriales Privadas, Publicaciones Independientes, Tesis de Mag\u00edster y Tesis Doctorales de arquitectos chilenos y extranjeros residentes. La &hellip; <a class=\"more-link\" href=\"https:\/\/colegioarquitectos.com\/noticias\/?p=2845\">ver m\u00e1s<\/a><\/p>","protected":false},"author":1,"featured_media":0,"comment_status":"open","ping_status":"open","sticky":false,"template":"","format":"standard","meta":{"footnotes":""},"categories":[8,12],"tags":[],"class_list":["post-2845","post","type-post","status-publish","format-standard","hentry","category-colegio-de-arquitectos","category-xviii-bienal-de-arquitectura-2012"],"yoast_head":"<!-- This site is optimized with the Yoast SEO plugin v24.2 - https:\/\/yoast.com\/wordpress\/plugins\/seo\/ -->\n<title>Jurado presenta listado de Publicaciones Seleccionadas - XVIII Bienal de Arquitectura y Territorio 2012 - COLEGIO DE ARQUITECTOS DE CHILE<\/title>\n<meta name=\"robots\" content=\"index, follow, max-snippet:-1, max-image-preview:large, max-video-preview:-1\" \/>\n<link rel=\"canonical\" href=\"https:\/\/colegioarquitectos.com\/noticias\/?p=2845\" \/>\n<meta property=\"og:locale\" content=\"es_ES\" \/>\n<meta property=\"og:type\" content=\"article\" \/>\n<meta property=\"og:title\" content=\"Jurado presenta listado de Publicaciones Seleccionadas - XVIII Bienal de Arquitectura y Territorio 2012 - COLEGIO DE ARQUITECTOS DE CHILE\" \/>\n<meta property=\"og:description\" content=\"&nbsp; En esta versi\u00f3n n\u00famero XVIII de la Bienal de Chile denominada \u201cCiudades para Ciudadanos\u201d, se realiz\u00f3 un nuevo llamado a Editoriales Universitarias, Editoriales Privadas, Publicaciones Independientes, Tesis de Mag\u00edster y Tesis Doctorales de arquitectos chilenos y extranjeros residentes. La &hellip; ver m\u00e1s\" \/>\n<meta property=\"og:url\" content=\"https:\/\/colegioarquitectos.com\/noticias\/?p=2845\" \/>\n<meta property=\"og:site_name\" content=\"COLEGIO DE ARQUITECTOS DE CHILE\" \/>\n<meta property=\"article:publisher\" content=\"https:\/\/facebook.com\/Colegioarq\/\" \/>\n<meta property=\"article:published_time\" content=\"2012-10-10T15:30:06+00:00\" \/>\n<meta property=\"article:modified_time\" content=\"2012-10-19T16:31:00+00:00\" \/>\n<meta name=\"author\" content=\"Gabriel Salgado S.\" \/>\n<meta name=\"twitter:card\" content=\"summary_large_image\" \/>\n<meta name=\"twitter:creator\" content=\"@colegioarq\" \/>\n<meta name=\"twitter:site\" content=\"@colegioarq\" \/>\n<meta name=\"twitter:label1\" content=\"Escrito por\" \/>\n\t<meta name=\"twitter:data1\" content=\"Gabriel Salgado S.\" \/>\n\t<meta name=\"twitter:label2\" content=\"Tiempo de lectura\" \/>\n\t<meta name=\"twitter:data2\" content=\"2 minutos\" \/>\n<script type=\"application\/ld+json\" class=\"yoast-schema-graph\">{\"@context\":\"https:\/\/schema.org\",\"@graph\":[{\"@type\":\"Article\",\"@id\":\"https:\/\/colegioarquitectos.com\/noticias\/?p=2845#article\",\"isPartOf\":{\"@id\":\"https:\/\/colegioarquitectos.com\/noticias\/?p=2845\"},\"author\":{\"name\":\"Gabriel Salgado S.\",\"@id\":\"https:\/\/colegioarquitectos.com\/noticias\/#\/schema\/person\/b6c7e912cd1283c089114093ed09741f\"},\"headline\":\"Jurado presenta listado de Publicaciones Seleccionadas &#8211; XVIII Bienal de Arquitectura y Territorio 2012\",\"datePublished\":\"2012-10-10T15:30:06+00:00\",\"dateModified\":\"2012-10-19T16:31:00+00:00\",\"mainEntityOfPage\":{\"@id\":\"https:\/\/colegioarquitectos.com\/noticias\/?p=2845\"},\"wordCount\":430,\"commentCount\":0,\"publisher\":{\"@id\":\"https:\/\/colegioarquitectos.com\/noticias\/#organization\"},\"articleSection\":[\"Colegio\",\"XVIII Bienal de Arquitectura 2012\"],\"inLanguage\":\"es\",\"potentialAction\":[{\"@type\":\"CommentAction\",\"name\":\"Comment\",\"target\":[\"https:\/\/colegioarquitectos.com\/noticias\/?p=2845#respond\"]}]},{\"@type\":\"WebPage\",\"@id\":\"https:\/\/colegioarquitectos.com\/noticias\/?p=2845\",\"url\":\"https:\/\/colegioarquitectos.com\/noticias\/?p=2845\",\"name\":\"Jurado presenta listado de Publicaciones Seleccionadas - XVIII Bienal de Arquitectura y Territorio 2012 - COLEGIO DE ARQUITECTOS DE CHILE\",\"isPartOf\":{\"@id\":\"https:\/\/colegioarquitectos.com\/noticias\/#website\"},\"datePublished\":\"2012-10-10T15:30:06+00:00\",\"dateModified\":\"2012-10-19T16:31:00+00:00\",\"breadcrumb\":{\"@id\":\"https:\/\/colegioarquitectos.com\/noticias\/?p=2845#breadcrumb\"},\"inLanguage\":\"es\",\"potentialAction\":[{\"@type\":\"ReadAction\",\"target\":[\"https:\/\/colegioarquitectos.com\/noticias\/?p=2845\"]}]},{\"@type\":\"BreadcrumbList\",\"@id\":\"https:\/\/colegioarquitectos.com\/noticias\/?p=2845#breadcrumb\",\"itemListElement\":[{\"@type\":\"ListItem\",\"position\":1,\"name\":\"Portada\",\"item\":\"https:\/\/colegioarquitectos.com\/noticias\"},{\"@type\":\"ListItem\",\"position\":2,\"name\":\"Jurado presenta listado de Publicaciones Seleccionadas &#8211; XVIII Bienal de Arquitectura y Territorio 2012\"}]},{\"@type\":\"WebSite\",\"@id\":\"https:\/\/colegioarquitectos.com\/noticias\/#website\",\"url\":\"https:\/\/colegioarquitectos.com\/noticias\/\",\"name\":\"COLEGIO DE ARQUITECTOS DE CHILE\",\"description\":\"\",\"publisher\":{\"@id\":\"https:\/\/colegioarquitectos.com\/noticias\/#organization\"},\"potentialAction\":[{\"@type\":\"SearchAction\",\"target\":{\"@type\":\"EntryPoint\",\"urlTemplate\":\"https:\/\/colegioarquitectos.com\/noticias\/?s={search_term_string}\"},\"query-input\":{\"@type\":\"PropertyValueSpecification\",\"valueRequired\":true,\"valueName\":\"search_term_string\"}}],\"inLanguage\":\"es\"},{\"@type\":\"Organization\",\"@id\":\"https:\/\/colegioarquitectos.com\/noticias\/#organization\",\"name\":\"COLEGIO DE ARQUITECTOS DE CHILE\",\"url\":\"https:\/\/colegioarquitectos.com\/noticias\/\",\"logo\":{\"@type\":\"ImageObject\",\"inLanguage\":\"es\",\"@id\":\"https:\/\/colegioarquitectos.com\/noticias\/#\/schema\/logo\/image\/\",\"url\":\"https:\/\/colegioarquitectos.com\/noticias\/wp-content\/uploads\/2021\/05\/ENCABEZADO-LOGO-CA.jpg\",\"contentUrl\":\"https:\/\/colegioarquitectos.com\/noticias\/wp-content\/uploads\/2021\/05\/ENCABEZADO-LOGO-CA.jpg\",\"width\":690,\"height\":350,\"caption\":\"COLEGIO DE ARQUITECTOS DE CHILE\"},\"image\":{\"@id\":\"https:\/\/colegioarquitectos.com\/noticias\/#\/schema\/logo\/image\/\"},\"sameAs\":[\"https:\/\/facebook.com\/Colegioarq\/\",\"https:\/\/x.com\/colegioarq\",\"https:\/\/instagram.com\/colegioarq\",\"https:\/\/youtube.com\/@ColegiodeArquitectosdeChile\"]},{\"@type\":\"Person\",\"@id\":\"https:\/\/colegioarquitectos.com\/noticias\/#\/schema\/person\/b6c7e912cd1283c089114093ed09741f\",\"name\":\"Gabriel Salgado S.\",\"url\":\"https:\/\/colegioarquitectos.com\/noticias\/?author=1\"}]}<\/script>\n<!-- \/ Yoast SEO plugin. -->","yoast_head_json":{"title":"Jurado presenta listado de Publicaciones Seleccionadas - XVIII Bienal de Arquitectura y Territorio 2012 - COLEGIO DE ARQUITECTOS DE CHILE","robots":{"index":"index","follow":"follow","max-snippet":"max-snippet:-1","max-image-preview":"max-image-preview:large","max-video-preview":"max-video-preview:-1"},"canonical":"https:\/\/colegioarquitectos.com\/noticias\/?p=2845","og_locale":"es_ES","og_type":"article","og_title":"Jurado presenta listado de Publicaciones Seleccionadas - XVIII Bienal de Arquitectura y Territorio 2012 - COLEGIO DE ARQUITECTOS DE CHILE","og_description":"&nbsp; En esta versi\u00f3n n\u00famero XVIII de la Bienal de Chile denominada \u201cCiudades para Ciudadanos\u201d, se realiz\u00f3 un nuevo llamado a Editoriales Universitarias, Editoriales Privadas, Publicaciones Independientes, Tesis de Mag\u00edster y Tesis Doctorales de arquitectos chilenos y extranjeros residentes. La &hellip; ver m\u00e1s","og_url":"https:\/\/colegioarquitectos.com\/noticias\/?p=2845","og_site_name":"COLEGIO DE ARQUITECTOS DE CHILE","article_publisher":"https:\/\/facebook.com\/Colegioarq\/","article_published_time":"2012-10-10T15:30:06+00:00","article_modified_time":"2012-10-19T16:31:00+00:00","author":"Gabriel Salgado S.","twitter_card":"summary_large_image","twitter_creator":"@colegioarq","twitter_site":"@colegioarq","twitter_misc":{"Escrito por":"Gabriel Salgado S.","Tiempo de lectura":"2 minutos"},"schema":{"@context":"https:\/\/schema.org","@graph":[{"@type":"Article","@id":"https:\/\/colegioarquitectos.com\/noticias\/?p=2845#article","isPartOf":{"@id":"https:\/\/colegioarquitectos.com\/noticias\/?p=2845"},"author":{"name":"Gabriel Salgado S.","@id":"https:\/\/colegioarquitectos.com\/noticias\/#\/schema\/person\/b6c7e912cd1283c089114093ed09741f"},"headline":"Jurado presenta listado de Publicaciones Seleccionadas &#8211; XVIII Bienal de Arquitectura y Territorio 2012","datePublished":"2012-10-10T15:30:06+00:00","dateModified":"2012-10-19T16:31:00+00:00","mainEntityOfPage":{"@id":"https:\/\/colegioarquitectos.com\/noticias\/?p=2845"},"wordCount":430,"commentCount":0,"publisher":{"@id":"https:\/\/colegioarquitectos.com\/noticias\/#organization"},"articleSection":["Colegio","XVIII Bienal de Arquitectura 2012"],"inLanguage":"es","potentialAction":[{"@type":"CommentAction","name":"Comment","target":["https:\/\/colegioarquitectos.com\/noticias\/?p=2845#respond"]}]},{"@type":"WebPage","@id":"https:\/\/colegioarquitectos.com\/noticias\/?p=2845","url":"https:\/\/colegioarquitectos.com\/noticias\/?p=2845","name":"Jurado presenta listado de Publicaciones Seleccionadas - XVIII Bienal de Arquitectura y Territorio 2012 - COLEGIO DE ARQUITECTOS DE CHILE","isPartOf":{"@id":"https:\/\/colegioarquitectos.com\/noticias\/#website"},"datePublished":"2012-10-10T15:30:06+00:00","dateModified":"2012-10-19T16:31:00+00:00","breadcrumb":{"@id":"https:\/\/colegioarquitectos.com\/noticias\/?p=2845#breadcrumb"},"inLanguage":"es","potentialAction":[{"@type":"ReadAction","target":["https:\/\/colegioarquitectos.com\/noticias\/?p=2845"]}]},{"@type":"BreadcrumbList","@id":"https:\/\/colegioarquitectos.com\/noticias\/?p=2845#breadcrumb","itemListElement":[{"@type":"ListItem","position":1,"name":"Portada","item":"https:\/\/colegioarquitectos.com\/noticias"},{"@type":"ListItem","position":2,"name":"Jurado presenta listado de Publicaciones Seleccionadas &#8211; XVIII Bienal de Arquitectura y Territorio 2012"}]},{"@type":"WebSite","@id":"https:\/\/colegioarquitectos.com\/noticias\/#website","url":"https:\/\/colegioarquitectos.com\/noticias\/","name":"COLEGIO DE ARQUITECTOS DE CHILE","description":"","publisher":{"@id":"https:\/\/colegioarquitectos.com\/noticias\/#organization"},"potentialAction":[{"@type":"SearchAction","target":{"@type":"EntryPoint","urlTemplate":"https:\/\/colegioarquitectos.com\/noticias\/?s={search_term_string}"},"query-input":{"@type":"PropertyValueSpecification","valueRequired":true,"valueName":"search_term_string"}}],"inLanguage":"es"},{"@type":"Organization","@id":"https:\/\/colegioarquitectos.com\/noticias\/#organization","name":"COLEGIO DE ARQUITECTOS DE CHILE","url":"https:\/\/colegioarquitectos.com\/noticias\/","logo":{"@type":"ImageObject","inLanguage":"es","@id":"https:\/\/colegioarquitectos.com\/noticias\/#\/schema\/logo\/image\/","url":"https:\/\/colegioarquitectos.com\/noticias\/wp-content\/uploads\/2021\/05\/ENCABEZADO-LOGO-CA.jpg","contentUrl":"https:\/\/colegioarquitectos.com\/noticias\/wp-content\/uploads\/2021\/05\/ENCABEZADO-LOGO-CA.jpg","width":690,"height":350,"caption":"COLEGIO DE ARQUITECTOS DE CHILE"},"image":{"@id":"https:\/\/colegioarquitectos.com\/noticias\/#\/schema\/logo\/image\/"},"sameAs":["https:\/\/facebook.com\/Colegioarq\/","https:\/\/x.com\/colegioarq","https:\/\/instagram.com\/colegioarq","https:\/\/youtube.com\/@ColegiodeArquitectosdeChile"]},{"@type":"Person","@id":"https:\/\/colegioarquitectos.com\/noticias\/#\/schema\/person\/b6c7e912cd1283c089114093ed09741f","name":"Gabriel Salgado S.","url":"https:\/\/colegioarquitectos.com\/noticias\/?author=1"}]}},"_links":{"self":[{"href":"https:\/\/colegioarquitectos.com\/noticias\/index.php?rest_route=\/wp\/v2\/posts\/2845","targetHints":{"allow":["GET"]}}],"collection":[{"href":"https:\/\/colegioarquitectos.com\/noticias\/index.php?rest_route=\/wp\/v2\/posts"}],"about":[{"href":"https:\/\/colegioarquitectos.com\/noticias\/index.php?rest_route=\/wp\/v2\/types\/post"}],"author":[{"embeddable":true,"href":"https:\/\/colegioarquitectos.com\/noticias\/index.php?rest_route=\/wp\/v2\/users\/1"}],"replies":[{"embeddable":true,"href":"https:\/\/colegioarquitectos.com\/noticias\/index.php?rest_route=%2Fwp%2Fv2%2Fcomments&post=2845"}],"version-history":[{"count":0,"href":"https:\/\/colegioarquitectos.com\/noticias\/index.php?rest_route=\/wp\/v2\/posts\/2845\/revisions"}],"wp:attachment":[{"href":"https:\/\/colegioarquitectos.com\/noticias\/index.php?rest_route=%2Fwp%2Fv2%2Fmedia&parent=2845"}],"wp:term":[{"taxonomy":"category","embeddable":true,"href":"https:\/\/colegioarquitectos.com\/noticias\/index.php?rest_route=%2Fwp%2Fv2%2Fcategories&post=2845"},{"taxonomy":"post_tag","embeddable":true,"href":"https:\/\/colegioarquitectos.com\/noticias\/index.php?rest_route=%2Fwp%2Fv2%2Ftags&post=2845"}],"curies":[{"name":"wp","href":"https:\/\/api.w.org\/{rel}","templated":true}]}}